{"id":57466,"date":"2020-11-30T20:29:14","date_gmt":"2020-11-30T23:29:14","guid":{"rendered":"https:\/\/noticiasmercedinas.com\/site\/?p=57466"},"modified":"2020-11-30T20:29:14","modified_gmt":"2020-11-30T23:29:14","slug":"palacios-asume-como-consejero-espero-cumplir-con-las-expectativas","status":"publish","type":"post","link":"https:\/\/noticiasmercedinas.com\/site\/2020\/11\/30\/palacios-asume-como-consejero-espero-cumplir-con-las-expectativas\/","title":{"rendered":"Palacios asume como consejero: \u00abEspero cumplir con las expectativas\u00bb"},"content":{"rendered":"<p><img loading=\"lazy\" decoding=\"async\" class=\"alignnone size-full wp-image-57467\" src=\"https:\/\/noticiasmercedinas.com\/site\/wp-content\/uploads\/2020\/11\/93679850_10219513521502934_4152086747812986880_n.jpg\" alt=\"\" width=\"640\" height=\"378\" srcset=\"https:\/\/noticiasmercedinas.com\/site\/wp-content\/uploads\/2020\/11\/93679850_10219513521502934_4152086747812986880_n.jpg 640w, https:\/\/noticiasmercedinas.com\/site\/wp-content\/uploads\/2020\/11\/93679850_10219513521502934_4152086747812986880_n-300x177.jpg 300w\" sizes=\"auto, (max-width: 640px) 100vw, 640px\" \/><\/p>\n<p>Este martes habr\u00e1 una sesi\u00f3n especial en el Consejo Escolar en la que asumir\u00e1 <strong>Ricardo Daniel Palacios <\/strong>como consejero, dado que <strong>Florencia Comalini<\/strong> pasar\u00e1 a ocupar otra responsabilidad en Educaci\u00f3n, volviendo al Programa de Educaci\u00f3n Barrial PROEBA, y el selvista que la segu\u00eda en la lista electa subir\u00e1. De esta manera la agrupaci\u00f3n \u201c17 de Octubre\u201d vuelve a tener representantes en todos los estamentos pol\u00edticos, con Palacios en el Consejo Escolar, <strong>Andrea Bozzini<\/strong> en el Legislativo comunal y <strong>Carlos Selva<\/strong> en la C\u00e1mara de Diputados de la Naci\u00f3n.<\/p>\n<p>\u201cSe dio al dar un paso al costado Comalini, ya que renunci\u00f3. A las 9.30 ser\u00e1 la sesi\u00f3n especial, yo estoy citado a las 9 porque debo hablar con el presidente del Consejo Escolar. Mi certificado ya fue enviado a La Plata como primer suplente\u201d, dijo el propio Palacios, quien naci\u00f3 el 23 de septiembre de 1966 y tiene 54 a\u00f1os de vida y buena experiencia en la gesti\u00f3n, ya que fue coordinador de Deportes entre 2009 y 2015, bajo la gesti\u00f3n de Carlos Selva durante seis a\u00f1os y medio. Tiene dos grandes pasiones que son el b\u00e1squet como entrenador y el periodismo deportivo.<\/p>\n<p>En cuanto a sus expectativas, Palacios asegur\u00f3 que tiene \u201cmucha alegr\u00eda\u201d por esta responsabilidad que le llega \u201cen un a\u00f1o complejo\u201d: \u201cCreo que puedo aportar un granito de arena. Yo lo estaba esperando, ahora debo salir a trabajar y dar la mano que necesita la escuela p\u00fablica en el proyecto del Frente de Todos\u201d, indic\u00f3.<\/p>\n<blockquote><p>Palacios asegur\u00f3 que tiene \u201cmucha alegr\u00eda\u201d por esta responsabilidad que le llega \u201cen un a\u00f1o complejo\u201d: \u201cCreo que puedo aportar un granito de arena. Yo lo estaba esperando, ahora debo salir a trabajar y dar la mano que necesita la escuela p\u00fablica en el proyecto del Frente de Todos\u201d, indic\u00f3.<\/p><\/blockquote>\n<p>Al pedirle su opini\u00f3n sobre la labor del Consejo Escolar, expres\u00f3: \u201cAl trabajo que hacen lo estoy siguiendo. Es muy bueno. Yo estoy en contacto y veo que est\u00e1n muy bien en su labor todos los consejeros que est\u00e1n en funciones, aportando cada uno lo suyo, no solo en el centro sino tambi\u00e9n en las escuelas y jardines de la periferia. La reciente visita del ministro fue un importante respaldo y hay mucho por hacer, espero cumplir con las expectativas que se tienen\u201d.<\/p>\n<p>En tanto, sobre la importancia que tiene este paso para la agrupaci\u00f3n pol\u00edtica que lo impuls\u00f3 en el Frente de Todos, Palacios destac\u00f3: \u201cHabl\u00e9 con Carlos Selva, \u00e9l se sinti\u00f3 muy contento y me dio todo el apoyo, al igual que toda la gente de la agrupaci\u00f3n 17 de Octubre que me acompa\u00f1a. Tambi\u00e9n estuve en contacto con ex consejeros como <strong>Magui Oliva<\/strong> que se pusieron a disposici\u00f3n. Realmente me siento muy respaldado\u201d.<\/p>\n<p>Por su parte, Josi Pisano, presidente del Consejo Escolar, confirm\u00f3 que este martes por la ma\u00f1ana se har\u00e1 la sesi\u00f3n donde se incorporar\u00e1 a Palacios. \u201cLe tengo mucho aprecio. Yo creo que tiene ganas de trabajar y nos hace falta eso\u201d, dijo. \u201cPor lo que hablamos va a estar a la altura\u201d, opin\u00f3 Pisano.<\/p>\n<p>El Consejo Escolar de Mercedes quedar\u00e1 conformado entonces por <strong>Jos\u00e9 Luis Pisano<\/strong>,<strong> Daniel Ivaldis<\/strong>, <strong>Agust\u00edn Bavastro<\/strong>,<strong> Ricardo Palacios<\/strong>,<strong> Soledad Alfredo <\/strong>y <strong>Gustavo Freites<\/strong>.<\/p>\n<figure id=\"attachment_57468\" aria-describedby=\"caption-attachment-57468\" style=\"width: 640px\" class=\"wp-caption alignnone\"><img loading=\"lazy\" decoding=\"async\" class=\"wp-image-57468 size-large\" src=\"https:\/\/noticiasmercedinas.com\/site\/wp-content\/uploads\/2020\/11\/20190808_0953362404790651009983402-1362x766-1-1024x576.jpg\" alt=\"\" width=\"640\" height=\"360\" srcset=\"https:\/\/noticiasmercedinas.com\/site\/wp-content\/uploads\/2020\/11\/20190808_0953362404790651009983402-1362x766-1-1024x576.jpg 1024w, https:\/\/noticiasmercedinas.com\/site\/wp-content\/uploads\/2020\/11\/20190808_0953362404790651009983402-1362x766-1-300x169.jpg 300w, https:\/\/noticiasmercedinas.com\/site\/wp-content\/uploads\/2020\/11\/20190808_0953362404790651009983402-1362x766-1-768x432.jpg 768w, https:\/\/noticiasmercedinas.com\/site\/wp-content\/uploads\/2020\/11\/20190808_0953362404790651009983402-1362x766-1-640x360.jpg 640w, https:\/\/noticiasmercedinas.com\/site\/wp-content\/uploads\/2020\/11\/20190808_0953362404790651009983402-1362x766-1-1280x720.jpg 1280w, https:\/\/noticiasmercedinas.com\/site\/wp-content\/uploads\/2020\/11\/20190808_0953362404790651009983402-1362x766-1-681x383.jpg 681w, https:\/\/noticiasmercedinas.com\/site\/wp-content\/uploads\/2020\/11\/20190808_0953362404790651009983402-1362x766-1.jpg 1362w\" sizes=\"auto, (max-width: 640px) 100vw, 640px\" \/><figcaption id=\"caption-attachment-57468\" class=\"wp-caption-text\">Todos en funciones. Palacios, Selva y Bozzini fueron candidatos de la 17 de Octubre<\/figcaption><\/figure>\n","protected":false},"excerpt":{"rendered":"<p>\u25a0 Florencia Comalini vuelve al PROEBA y Ricardo Palacios sube al ser suplente en la lista del Frente de Todos. Este martes por la ma\u00f1ana se har\u00e1 la sesi\u00f3n donde se incorporar\u00e1 el selvista<\/p>\n","protected":false},"author":2,"featured_media":57467,"comment_status":"open","ping_status":"open","sticky":false,"template":"","format":"standard","meta":{"footnotes":""},"categories":[16],"tags":[6087,7595,318,267,5431,5299,7594,268,5423,7596],"class_list":["post-57466","post","type-post","status-publish","format-standard","has-post-thumbnail","hentry","category-politica","tag-agrupacion-17-de-octubre","tag-agustin-bavastro","tag-carlos-selva","tag-consejo-escolar","tag-daniel-ivaldis","tag-frente-de-todos","tag-gustavo-freites","tag-jose-luis-pisano","tag-ricardo-palacios","tag-soledad-alfredo"],"yoast_head":"<!-- This site is optimized with the Yoast SEO plugin v27.5 - https:\/\/yoast.com\/product\/yoast-seo-wordpress\/ -->\n<title>Palacios asume como consejero: &quot;Espero cumplir con las expectativas&quot;<\/title>\n<meta name=\"robots\" content=\"index, follow, max-snippet:-1, max-image-preview:large, max-video-preview:-1\" \/>\n<link rel=\"canonical\" href=\"https:\/\/noticiasmercedinas.com\/site\/2020\/11\/30\/palacios-asume-como-consejero-espero-cumplir-con-las-expectativas\/\" \/>\n<meta property=\"og:locale\" content=\"es_ES\" \/>\n<meta property=\"og:type\" content=\"article\" \/>\n<meta property=\"og:title\" content=\"Palacios asume como consejero: &quot;Espero cumplir con las expectativas&quot;\" \/>\n<meta property=\"og:description\" content=\"\u25a0 Florencia Comalini vuelve al PROEBA y Ricardo Palacios sube al ser suplente en la lista del Frente de Todos. Este martes por la ma\u00f1ana se har\u00e1 la sesi\u00f3n donde se incorporar\u00e1 el selvista\" \/>\n<meta property=\"og:url\" content=\"https:\/\/noticiasmercedinas.com\/site\/2020\/11\/30\/palacios-asume-como-consejero-espero-cumplir-con-las-expectativas\/\" \/>\n<meta property=\"og:site_name\" content=\"NOTICIASMERCEDINAS.COM\" \/>\n<meta property=\"article:publisher\" content=\"https:\/\/www.facebook.com\/noticiasmercedinas\/\" \/>\n<meta property=\"article:author\" content=\"https:\/\/www.facebook.com\/cristian.falabella\" \/>\n<meta property=\"article:published_time\" content=\"2020-11-30T23:29:14+00:00\" \/>\n<meta property=\"og:image\" content=\"https:\/\/noticiasmercedinas.com\/site\/wp-content\/uploads\/2020\/11\/93679850_10219513521502934_4152086747812986880_n.jpg\" \/>\n\t<meta property=\"og:image:width\" content=\"640\" \/>\n\t<meta property=\"og:image:height\" content=\"378\" \/>\n\t<meta property=\"og:image:type\" content=\"image\/jpeg\" \/>\n<meta name=\"author\" content=\"Cristian Falabella NOTICIASMERCEDINAS.COM\" \/>\n<meta name=\"twitter:card\" content=\"summary_large_image\" \/>\n<meta name=\"twitter:creator\" content=\"@https:\/\/twitter.com\/NOTMERCEDINAS\" \/>\n<meta name=\"twitter:site\" content=\"@notmercedinas\" \/>\n<meta name=\"twitter:label1\" content=\"Escrito por\" \/>\n\t<meta name=\"twitter:data1\" content=\"Cristian Falabella NOTICIASMERCEDINAS.COM\" \/>\n\t<meta name=\"twitter:label2\" content=\"Tiempo de lectura\" \/>\n\t<meta name=\"twitter:data2\" content=\"3 minutos\" \/>\n<script type=\"application\/ld+json\" class=\"yoast-schema-graph\">{\"@context\":\"https:\\\/\\\/schema.org\",\"@graph\":[{\"@type\":\"Article\",\"@id\":\"https:\\\/\\\/noticiasmercedinas.com\\\/site\\\/2020\\\/11\\\/30\\\/palacios-asume-como-consejero-espero-cumplir-con-las-expectativas\\\/#article\",\"isPartOf\":{\"@id\":\"https:\\\/\\\/noticiasmercedinas.com\\\/site\\\/2020\\\/11\\\/30\\\/palacios-asume-como-consejero-espero-cumplir-con-las-expectativas\\\/\"},\"author\":{\"name\":\"Cristian Falabella NOTICIASMERCEDINAS.COM\",\"@id\":\"https:\\\/\\\/noticiasmercedinas.com\\\/site\\\/#\\\/schema\\\/person\\\/d481a9696a5feaec13a60e2bbd991a6a\"},\"headline\":\"Palacios asume como consejero: \u00abEspero cumplir con las expectativas\u00bb\",\"datePublished\":\"2020-11-30T23:29:14+00:00\",\"mainEntityOfPage\":{\"@id\":\"https:\\\/\\\/noticiasmercedinas.com\\\/site\\\/2020\\\/11\\\/30\\\/palacios-asume-como-consejero-espero-cumplir-con-las-expectativas\\\/\"},\"wordCount\":583,\"commentCount\":0,\"publisher\":{\"@id\":\"https:\\\/\\\/noticiasmercedinas.com\\\/site\\\/#organization\"},\"image\":{\"@id\":\"https:\\\/\\\/noticiasmercedinas.com\\\/site\\\/2020\\\/11\\\/30\\\/palacios-asume-como-consejero-espero-cumplir-con-las-expectativas\\\/#primaryimage\"},\"thumbnailUrl\":\"https:\\\/\\\/noticiasmercedinas.com\\\/site\\\/wp-content\\\/uploads\\\/2020\\\/11\\\/93679850_10219513521502934_4152086747812986880_n.jpg\",\"keywords\":[\"agrupacion 17 de octubre\",\"Agust\u00edn Bavastro\",\"carlos selva\",\"consejo escolar\",\"Daniel Ivaldis\",\"Frente de Todos\",\"Gustavo Freites\",\"jose luis pisano\",\"Ricardo Palacios\",\"Soledad Alfredo\"],\"articleSection\":[\"Politica\"],\"inLanguage\":\"es\",\"potentialAction\":[{\"@type\":\"CommentAction\",\"name\":\"Comment\",\"target\":[\"https:\\\/\\\/noticiasmercedinas.com\\\/site\\\/2020\\\/11\\\/30\\\/palacios-asume-como-consejero-espero-cumplir-con-las-expectativas\\\/#respond\"]}]},{\"@type\":\"WebPage\",\"@id\":\"https:\\\/\\\/noticiasmercedinas.com\\\/site\\\/2020\\\/11\\\/30\\\/palacios-asume-como-consejero-espero-cumplir-con-las-expectativas\\\/\",\"url\":\"https:\\\/\\\/noticiasmercedinas.com\\\/site\\\/2020\\\/11\\\/30\\\/palacios-asume-como-consejero-espero-cumplir-con-las-expectativas\\\/\",\"name\":\"Palacios asume como consejero: \\\"Espero cumplir con las expectativas\\\"\",\"isPartOf\":{\"@id\":\"https:\\\/\\\/noticiasmercedinas.com\\\/site\\\/#website\"},\"primaryImageOfPage\":{\"@id\":\"https:\\\/\\\/noticiasmercedinas.com\\\/site\\\/2020\\\/11\\\/30\\\/palacios-asume-como-consejero-espero-cumplir-con-las-expectativas\\\/#primaryimage\"},\"image\":{\"@id\":\"https:\\\/\\\/noticiasmercedinas.com\\\/site\\\/2020\\\/11\\\/30\\\/palacios-asume-como-consejero-espero-cumplir-con-las-expectativas\\\/#primaryimage\"},\"thumbnailUrl\":\"https:\\\/\\\/noticiasmercedinas.com\\\/site\\\/wp-content\\\/uploads\\\/2020\\\/11\\\/93679850_10219513521502934_4152086747812986880_n.jpg\",\"datePublished\":\"2020-11-30T23:29:14+00:00\",\"breadcrumb\":{\"@id\":\"https:\\\/\\\/noticiasmercedinas.com\\\/site\\\/2020\\\/11\\\/30\\\/palacios-asume-como-consejero-espero-cumplir-con-las-expectativas\\\/#breadcrumb\"},\"inLanguage\":\"es\",\"potentialAction\":[{\"@type\":\"ReadAction\",\"target\":[\"https:\\\/\\\/noticiasmercedinas.com\\\/site\\\/2020\\\/11\\\/30\\\/palacios-asume-como-consejero-espero-cumplir-con-las-expectativas\\\/\"]}]},{\"@type\":\"ImageObject\",\"inLanguage\":\"es\",\"@id\":\"https:\\\/\\\/noticiasmercedinas.com\\\/site\\\/2020\\\/11\\\/30\\\/palacios-asume-como-consejero-espero-cumplir-con-las-expectativas\\\/#primaryimage\",\"url\":\"https:\\\/\\\/noticiasmercedinas.com\\\/site\\\/wp-content\\\/uploads\\\/2020\\\/11\\\/93679850_10219513521502934_4152086747812986880_n.jpg\",\"contentUrl\":\"https:\\\/\\\/noticiasmercedinas.com\\\/site\\\/wp-content\\\/uploads\\\/2020\\\/11\\\/93679850_10219513521502934_4152086747812986880_n.jpg\",\"width\":640,\"height\":378},{\"@type\":\"BreadcrumbList\",\"@id\":\"https:\\\/\\\/noticiasmercedinas.com\\\/site\\\/2020\\\/11\\\/30\\\/palacios-asume-como-consejero-espero-cumplir-con-las-expectativas\\\/#breadcrumb\",\"itemListElement\":[{\"@type\":\"ListItem\",\"position\":1,\"name\":\"Portada\",\"item\":\"https:\\\/\\\/noticiasmercedinas.com\\\/site\\\/\"},{\"@type\":\"ListItem\",\"position\":2,\"name\":\"Palacios asume como consejero: \u00abEspero cumplir con las expectativas\u00bb\"}]},{\"@type\":\"WebSite\",\"@id\":\"https:\\\/\\\/noticiasmercedinas.com\\\/site\\\/#website\",\"url\":\"https:\\\/\\\/noticiasmercedinas.com\\\/site\\\/\",\"name\":\"NOTICIASMERCEDINAS.COM\",\"description\":\"Mercedes, Buenos Aires, Argentina\",\"publisher\":{\"@id\":\"https:\\\/\\\/noticiasmercedinas.com\\\/site\\\/#organization\"},\"potentialAction\":[{\"@type\":\"SearchAction\",\"target\":{\"@type\":\"EntryPoint\",\"urlTemplate\":\"https:\\\/\\\/noticiasmercedinas.com\\\/site\\\/?s={search_term_string}\"},\"query-input\":{\"@type\":\"PropertyValueSpecification\",\"valueRequired\":true,\"valueName\":\"search_term_string\"}}],\"inLanguage\":\"es\"},{\"@type\":\"Organization\",\"@id\":\"https:\\\/\\\/noticiasmercedinas.com\\\/site\\\/#organization\",\"name\":\"NOTICIASMERCEDINAS.COM\",\"url\":\"https:\\\/\\\/noticiasmercedinas.com\\\/site\\\/\",\"logo\":{\"@type\":\"ImageObject\",\"inLanguage\":\"es\",\"@id\":\"https:\\\/\\\/noticiasmercedinas.com\\\/site\\\/#\\\/schema\\\/logo\\\/image\\\/\",\"url\":\"https:\\\/\\\/noticiasmercedinas.com\\\/site\\\/wp-content\\\/uploads\\\/2020\\\/06\\\/LOGO-512.jpg\",\"contentUrl\":\"https:\\\/\\\/noticiasmercedinas.com\\\/site\\\/wp-content\\\/uploads\\\/2020\\\/06\\\/LOGO-512.jpg\",\"width\":512,\"height\":512,\"caption\":\"NOTICIASMERCEDINAS.COM\"},\"image\":{\"@id\":\"https:\\\/\\\/noticiasmercedinas.com\\\/site\\\/#\\\/schema\\\/logo\\\/image\\\/\"},\"sameAs\":[\"https:\\\/\\\/www.facebook.com\\\/noticiasmercedinas\\\/\",\"https:\\\/\\\/x.com\\\/notmercedinas\",\"https:\\\/\\\/www.instagram.com\\\/noticiasmercedinas\\\/\"]},{\"@type\":\"Person\",\"@id\":\"https:\\\/\\\/noticiasmercedinas.com\\\/site\\\/#\\\/schema\\\/person\\\/d481a9696a5feaec13a60e2bbd991a6a\",\"name\":\"Cristian Falabella NOTICIASMERCEDINAS.COM\",\"image\":{\"@type\":\"ImageObject\",\"inLanguage\":\"es\",\"@id\":\"https:\\\/\\\/secure.gravatar.com\\\/avatar\\\/0dbbfc45970cc46bcd0e57766228574ff3511d6eed045b182f536f0f478c1f06?s=96&d=mm&r=g\",\"url\":\"https:\\\/\\\/secure.gravatar.com\\\/avatar\\\/0dbbfc45970cc46bcd0e57766228574ff3511d6eed045b182f536f0f478c1f06?s=96&d=mm&r=g\",\"contentUrl\":\"https:\\\/\\\/secure.gravatar.com\\\/avatar\\\/0dbbfc45970cc46bcd0e57766228574ff3511d6eed045b182f536f0f478c1f06?s=96&d=mm&r=g\",\"caption\":\"Cristian Falabella NOTICIASMERCEDINAS.COM\"},\"description\":\"Periodista, editor de Noticias Mercedinas. Pas\u00f3 por varias redacciones y emprendimientos de prensa, en distintos formatos y \u00e9pocas. Se especializ\u00f3 --y sigue haci\u00e9ndolo-- en comunicaci\u00f3n en la web y en junio de 2006 fund\u00f3 este diario digital.\",\"sameAs\":[\"https:\\\/\\\/noticiasmercedinas.com\",\"https:\\\/\\\/www.facebook.com\\\/cristian.falabella\",\"https:\\\/\\\/www.instagram.com\\\/noticiasmercedinas\\\/\",\"https:\\\/\\\/x.com\\\/https:\\\/\\\/twitter.com\\\/NOTMERCEDINAS\"],\"url\":\"https:\\\/\\\/noticiasmercedinas.com\\\/site\\\/author\\\/as000384\\\/\"}]}<\/script>\n<!-- \/ Yoast SEO plugin. -->","yoast_head_json":{"title":"Palacios asume como consejero: \"Espero cumplir con las expectativas\"","robots":{"index":"index","follow":"follow","max-snippet":"max-snippet:-1","max-image-preview":"max-image-preview:large","max-video-preview":"max-video-preview:-1"},"canonical":"https:\/\/noticiasmercedinas.com\/site\/2020\/11\/30\/palacios-asume-como-consejero-espero-cumplir-con-las-expectativas\/","og_locale":"es_ES","og_type":"article","og_title":"Palacios asume como consejero: \"Espero cumplir con las expectativas\"","og_description":"\u25a0 Florencia Comalini vuelve al PROEBA y Ricardo Palacios sube al ser suplente en la lista del Frente de Todos. Este martes por la ma\u00f1ana se har\u00e1 la sesi\u00f3n donde se incorporar\u00e1 el selvista","og_url":"https:\/\/noticiasmercedinas.com\/site\/2020\/11\/30\/palacios-asume-como-consejero-espero-cumplir-con-las-expectativas\/","og_site_name":"NOTICIASMERCEDINAS.COM","article_publisher":"https:\/\/www.facebook.com\/noticiasmercedinas\/","article_author":"https:\/\/www.facebook.com\/cristian.falabella","article_published_time":"2020-11-30T23:29:14+00:00","og_image":[{"width":640,"height":378,"url":"https:\/\/noticiasmercedinas.com\/site\/wp-content\/uploads\/2020\/11\/93679850_10219513521502934_4152086747812986880_n.jpg","type":"image\/jpeg"}],"author":"Cristian Falabella NOTICIASMERCEDINAS.COM","twitter_card":"summary_large_image","twitter_creator":"@https:\/\/twitter.com\/NOTMERCEDINAS","twitter_site":"@notmercedinas","twitter_misc":{"Escrito por":"Cristian Falabella NOTICIASMERCEDINAS.COM","Tiempo de lectura":"3 minutos"},"schema":{"@context":"https:\/\/schema.org","@graph":[{"@type":"Article","@id":"https:\/\/noticiasmercedinas.com\/site\/2020\/11\/30\/palacios-asume-como-consejero-espero-cumplir-con-las-expectativas\/#article","isPartOf":{"@id":"https:\/\/noticiasmercedinas.com\/site\/2020\/11\/30\/palacios-asume-como-consejero-espero-cumplir-con-las-expectativas\/"},"author":{"name":"Cristian Falabella NOTICIASMERCEDINAS.COM","@id":"https:\/\/noticiasmercedinas.com\/site\/#\/schema\/person\/d481a9696a5feaec13a60e2bbd991a6a"},"headline":"Palacios asume como consejero: \u00abEspero cumplir con las expectativas\u00bb","datePublished":"2020-11-30T23:29:14+00:00","mainEntityOfPage":{"@id":"https:\/\/noticiasmercedinas.com\/site\/2020\/11\/30\/palacios-asume-como-consejero-espero-cumplir-con-las-expectativas\/"},"wordCount":583,"commentCount":0,"publisher":{"@id":"https:\/\/noticiasmercedinas.com\/site\/#organization"},"image":{"@id":"https:\/\/noticiasmercedinas.com\/site\/2020\/11\/30\/palacios-asume-como-consejero-espero-cumplir-con-las-expectativas\/#primaryimage"},"thumbnailUrl":"https:\/\/noticiasmercedinas.com\/site\/wp-content\/uploads\/2020\/11\/93679850_10219513521502934_4152086747812986880_n.jpg","keywords":["agrupacion 17 de octubre","Agust\u00edn Bavastro","carlos selva","consejo escolar","Daniel Ivaldis","Frente de Todos","Gustavo Freites","jose luis pisano","Ricardo Palacios","Soledad Alfredo"],"articleSection":["Politica"],"inLanguage":"es","potentialAction":[{"@type":"CommentAction","name":"Comment","target":["https:\/\/noticiasmercedinas.com\/site\/2020\/11\/30\/palacios-asume-como-consejero-espero-cumplir-con-las-expectativas\/#respond"]}]},{"@type":"WebPage","@id":"https:\/\/noticiasmercedinas.com\/site\/2020\/11\/30\/palacios-asume-como-consejero-espero-cumplir-con-las-expectativas\/","url":"https:\/\/noticiasmercedinas.com\/site\/2020\/11\/30\/palacios-asume-como-consejero-espero-cumplir-con-las-expectativas\/","name":"Palacios asume como consejero: \"Espero cumplir con las expectativas\"","isPartOf":{"@id":"https:\/\/noticiasmercedinas.com\/site\/#website"},"primaryImageOfPage":{"@id":"https:\/\/noticiasmercedinas.com\/site\/2020\/11\/30\/palacios-asume-como-consejero-espero-cumplir-con-las-expectativas\/#primaryimage"},"image":{"@id":"https:\/\/noticiasmercedinas.com\/site\/2020\/11\/30\/palacios-asume-como-consejero-espero-cumplir-con-las-expectativas\/#primaryimage"},"thumbnailUrl":"https:\/\/noticiasmercedinas.com\/site\/wp-content\/uploads\/2020\/11\/93679850_10219513521502934_4152086747812986880_n.jpg","datePublished":"2020-11-30T23:29:14+00:00","breadcrumb":{"@id":"https:\/\/noticiasmercedinas.com\/site\/2020\/11\/30\/palacios-asume-como-consejero-espero-cumplir-con-las-expectativas\/#breadcrumb"},"inLanguage":"es","potentialAction":[{"@type":"ReadAction","target":["https:\/\/noticiasmercedinas.com\/site\/2020\/11\/30\/palacios-asume-como-consejero-espero-cumplir-con-las-expectativas\/"]}]},{"@type":"ImageObject","inLanguage":"es","@id":"https:\/\/noticiasmercedinas.com\/site\/2020\/11\/30\/palacios-asume-como-consejero-espero-cumplir-con-las-expectativas\/#primaryimage","url":"https:\/\/noticiasmercedinas.com\/site\/wp-content\/uploads\/2020\/11\/93679850_10219513521502934_4152086747812986880_n.jpg","contentUrl":"https:\/\/noticiasmercedinas.com\/site\/wp-content\/uploads\/2020\/11\/93679850_10219513521502934_4152086747812986880_n.jpg","width":640,"height":378},{"@type":"BreadcrumbList","@id":"https:\/\/noticiasmercedinas.com\/site\/2020\/11\/30\/palacios-asume-como-consejero-espero-cumplir-con-las-expectativas\/#breadcrumb","itemListElement":[{"@type":"ListItem","position":1,"name":"Portada","item":"https:\/\/noticiasmercedinas.com\/site\/"},{"@type":"ListItem","position":2,"name":"Palacios asume como consejero: \u00abEspero cumplir con las expectativas\u00bb"}]},{"@type":"WebSite","@id":"https:\/\/noticiasmercedinas.com\/site\/#website","url":"https:\/\/noticiasmercedinas.com\/site\/","name":"NOTICIASMERCEDINAS.COM","description":"Mercedes, Buenos Aires, Argentina","publisher":{"@id":"https:\/\/noticiasmercedinas.com\/site\/#organization"},"potentialAction":[{"@type":"SearchAction","target":{"@type":"EntryPoint","urlTemplate":"https:\/\/noticiasmercedinas.com\/site\/?s={search_term_string}"},"query-input":{"@type":"PropertyValueSpecification","valueRequired":true,"valueName":"search_term_string"}}],"inLanguage":"es"},{"@type":"Organization","@id":"https:\/\/noticiasmercedinas.com\/site\/#organization","name":"NOTICIASMERCEDINAS.COM","url":"https:\/\/noticiasmercedinas.com\/site\/","logo":{"@type":"ImageObject","inLanguage":"es","@id":"https:\/\/noticiasmercedinas.com\/site\/#\/schema\/logo\/image\/","url":"https:\/\/noticiasmercedinas.com\/site\/wp-content\/uploads\/2020\/06\/LOGO-512.jpg","contentUrl":"https:\/\/noticiasmercedinas.com\/site\/wp-content\/uploads\/2020\/06\/LOGO-512.jpg","width":512,"height":512,"caption":"NOTICIASMERCEDINAS.COM"},"image":{"@id":"https:\/\/noticiasmercedinas.com\/site\/#\/schema\/logo\/image\/"},"sameAs":["https:\/\/www.facebook.com\/noticiasmercedinas\/","https:\/\/x.com\/notmercedinas","https:\/\/www.instagram.com\/noticiasmercedinas\/"]},{"@type":"Person","@id":"https:\/\/noticiasmercedinas.com\/site\/#\/schema\/person\/d481a9696a5feaec13a60e2bbd991a6a","name":"Cristian Falabella NOTICIASMERCEDINAS.COM","image":{"@type":"ImageObject","inLanguage":"es","@id":"https:\/\/secure.gravatar.com\/avatar\/0dbbfc45970cc46bcd0e57766228574ff3511d6eed045b182f536f0f478c1f06?s=96&d=mm&r=g","url":"https:\/\/secure.gravatar.com\/avatar\/0dbbfc45970cc46bcd0e57766228574ff3511d6eed045b182f536f0f478c1f06?s=96&d=mm&r=g","contentUrl":"https:\/\/secure.gravatar.com\/avatar\/0dbbfc45970cc46bcd0e57766228574ff3511d6eed045b182f536f0f478c1f06?s=96&d=mm&r=g","caption":"Cristian Falabella NOTICIASMERCEDINAS.COM"},"description":"Periodista, editor de Noticias Mercedinas. Pas\u00f3 por varias redacciones y emprendimientos de prensa, en distintos formatos y \u00e9pocas. Se especializ\u00f3 --y sigue haci\u00e9ndolo-- en comunicaci\u00f3n en la web y en junio de 2006 fund\u00f3 este diario digital.","sameAs":["https:\/\/noticiasmercedinas.com","https:\/\/www.facebook.com\/cristian.falabella","https:\/\/www.instagram.com\/noticiasmercedinas\/","https:\/\/x.com\/https:\/\/twitter.com\/NOTMERCEDINAS"],"url":"https:\/\/noticiasmercedinas.com\/site\/author\/as000384\/"}]}},"amp_enabled":true,"_links":{"self":[{"href":"https:\/\/noticiasmercedinas.com\/site\/wp-json\/wp\/v2\/posts\/57466","targetHints":{"allow":["GET"]}}],"collection":[{"href":"https:\/\/noticiasmercedinas.com\/site\/wp-json\/wp\/v2\/posts"}],"about":[{"href":"https:\/\/noticiasmercedinas.com\/site\/wp-json\/wp\/v2\/types\/post"}],"author":[{"embeddable":true,"href":"https:\/\/noticiasmercedinas.com\/site\/wp-json\/wp\/v2\/users\/2"}],"replies":[{"embeddable":true,"href":"https:\/\/noticiasmercedinas.com\/site\/wp-json\/wp\/v2\/comments?post=57466"}],"version-history":[{"count":1,"href":"https:\/\/noticiasmercedinas.com\/site\/wp-json\/wp\/v2\/posts\/57466\/revisions"}],"predecessor-version":[{"id":57469,"href":"https:\/\/noticiasmercedinas.com\/site\/wp-json\/wp\/v2\/posts\/57466\/revisions\/57469"}],"wp:featuredmedia":[{"embeddable":true,"href":"https:\/\/noticiasmercedinas.com\/site\/wp-json\/wp\/v2\/media\/57467"}],"wp:attachment":[{"href":"https:\/\/noticiasmercedinas.com\/site\/wp-json\/wp\/v2\/media?parent=57466"}],"wp:term":[{"taxonomy":"category","embeddable":true,"href":"https:\/\/noticiasmercedinas.com\/site\/wp-json\/wp\/v2\/categories?post=57466"},{"taxonomy":"post_tag","embeddable":true,"href":"https:\/\/noticiasmercedinas.com\/site\/wp-json\/wp\/v2\/tags?post=57466"}],"curies":[{"name":"wp","href":"https:\/\/api.w.org\/{rel}","templated":true}]}}