{"id":57728,"date":"2020-12-04T20:41:36","date_gmt":"2020-12-04T23:41:36","guid":{"rendered":"https:\/\/noticiasmercedinas.com\/site\/?p=57728"},"modified":"2020-12-04T20:41:36","modified_gmt":"2020-12-04T23:41:36","slug":"virginia-altube-y-un-fin-de-semana-para-disfrutarla-en-su-ciudad","status":"publish","type":"post","link":"https:\/\/noticiasmercedinas.com\/site\/2020\/12\/04\/virginia-altube-y-un-fin-de-semana-para-disfrutarla-en-su-ciudad\/","title":{"rendered":"Virginia Altube y un fin de semana para disfrutarla en su ciudad"},"content":{"rendered":"<p><img loading=\"lazy\" decoding=\"async\" class=\"alignnone size-full wp-image-57729\" src=\"https:\/\/noticiasmercedinas.com\/site\/wp-content\/uploads\/2020\/12\/1540845076612-1807439920.png\" alt=\"\" width=\"960\" height=\"635\" srcset=\"https:\/\/noticiasmercedinas.com\/site\/wp-content\/uploads\/2020\/12\/1540845076612-1807439920.png 960w, https:\/\/noticiasmercedinas.com\/site\/wp-content\/uploads\/2020\/12\/1540845076612-1807439920-300x198.png 300w, https:\/\/noticiasmercedinas.com\/site\/wp-content\/uploads\/2020\/12\/1540845076612-1807439920-768x508.png 768w, https:\/\/noticiasmercedinas.com\/site\/wp-content\/uploads\/2020\/12\/1540845076612-1807439920-640x423.png 640w, https:\/\/noticiasmercedinas.com\/site\/wp-content\/uploads\/2020\/12\/1540845076612-1807439920-681x450.png 681w\" sizes=\"auto, (max-width: 960px) 100vw, 960px\" \/><\/p>\n<p>La cantante <strong>Virginia Altube<\/strong> est\u00e1 radicada en Capilla del Monte desde hace unos meses pero este fin de semana se la podr\u00e1 ver en Mercedes. Est\u00e1 de visita en la ciudad desde el 23 de noviembre y se quedar\u00e1 hasta el 16 de diciembre: \u201cJusto vine cuando empezaron a abrir un poco los espect\u00e1culos al aire libre y tengo la posibilidad de presentarme. Estoy analizando algunos proyectos para el a\u00f1o que viene, sigo muy conectada con la ciudad y sus m\u00fasicos y con ganas\u201d, dijo.<\/p>\n<p>All\u00e1, en Capilla, Altube est\u00e1 preparando su repertorio con Nahuel Romani a la espera de que se abra la temporada, y estuvo adem\u00e1s grabando algunos temas de autores cordobeses con este guitarrista.<\/p>\n<p>En Mercedes, este s\u00e1bado por la ma\u00f1ana ser\u00e1 parte de un evento para el aniversario de la Feria Sustentable, en La Trocha.<\/p>\n<p>Es que el Mercado Sustentable cumple 2 a\u00f1os y lo celebra con m\u00fasica y alimentos agroecol\u00f3gicos, de manera protocolizada, y habr\u00e1 presentaciones de Sienvolando, Lorena Mayol, Marilina Erramuspe, y Virginia Altube realizar\u00e1 presentaci\u00f3n, as\u00ed como tambi\u00e9n lo har\u00e1 Marcelo \u201cTano\u201d Giorgione, con apertura desde las 10 horas y un cronograma que ser\u00e1 hasta las 15 horas, en calle 40 y 21)<\/p>\n<p>A la noche, en tanto, Altube est\u00e1 convocada para el ciclo que hace el Centro de Egresados del Colegio Nacional. Este s\u00e1bado estar\u00e1 junto a Gabriela Battistini y Jorge Mehaudy. Virginia Altube har\u00e1 m\u00fasica con el ensamble de percusi\u00f3n, en un video que fue grabado en La Dumer hace m\u00e1s de un a\u00f1o, cuando present\u00f3 su disco.<\/p>\n<p>Y luego, el domingo, Virginia Altube estar\u00e1 en la Cervecer\u00eda 6600 junto a Sienvolando, en el aniversario de ese emprendimiento de colectora de Ruta 5<\/p>\n<p>Aunque tiene m\u00e1s para dar, antes de fin de a\u00f1o. \u201cEstamos terminando un video con Jo Marcel sobre un tema sure\u00f1o. Se trata de una canci\u00f3n que ser\u00e1 sorpresa, filmada en Capilla del Monte y en el sur. Estamos tratando de presentarlo en diciembre en YouTube\u201d, anunci\u00f3.<\/p>\n","protected":false},"excerpt":{"rendered":"<p>\u25a0 La cantante se radic\u00f3 en Capilla del Monte. Pero est\u00e1 en Mercedes y este s\u00e1bado se la podr\u00e1 ver en La Trocha y el domingo en la Cervecer\u00eda 6600. En breve presentar\u00e1 un nuevo v\u00eddeo junto a Jo Marcel.<\/p>\n","protected":false},"author":2,"featured_media":57729,"comment_status":"open","ping_status":"open","sticky":false,"template":"","format":"standard","meta":{"footnotes":""},"categories":[4],"tags":[1561,7113,10851,164],"class_list":["post-57728","post","type-post","status-publish","format-standard","has-post-thumbnail","hentry","category-cultura","tag-la-dumer","tag-microcerveceria-6600","tag-sienvolando","tag-virginia-altube"],"yoast_head":"<!-- This site is optimized with the Yoast SEO plugin v27.5 - https:\/\/yoast.com\/product\/yoast-seo-wordpress\/ -->\n<title>Virginia Altube y un fin de semana para disfrutarla en su ciudad<\/title>\n<meta name=\"robots\" content=\"index, follow, max-snippet:-1, max-image-preview:large, max-video-preview:-1\" \/>\n<link rel=\"canonical\" href=\"https:\/\/noticiasmercedinas.com\/site\/2020\/12\/04\/virginia-altube-y-un-fin-de-semana-para-disfrutarla-en-su-ciudad\/\" \/>\n<meta property=\"og:locale\" content=\"es_ES\" \/>\n<meta property=\"og:type\" content=\"article\" \/>\n<meta property=\"og:title\" content=\"Virginia Altube y un fin de semana para disfrutarla en su ciudad\" \/>\n<meta property=\"og:description\" content=\"\u25a0 La cantante se radic\u00f3 en Capilla del Monte. Pero est\u00e1 en Mercedes y este s\u00e1bado se la podr\u00e1 ver en La Trocha y el domingo en la Cervecer\u00eda 6600. En breve presentar\u00e1 un nuevo v\u00eddeo junto a Jo Marcel.\" \/>\n<meta property=\"og:url\" content=\"https:\/\/noticiasmercedinas.com\/site\/2020\/12\/04\/virginia-altube-y-un-fin-de-semana-para-disfrutarla-en-su-ciudad\/\" \/>\n<meta property=\"og:site_name\" content=\"NOTICIASMERCEDINAS.COM\" \/>\n<meta property=\"article:publisher\" content=\"https:\/\/www.facebook.com\/noticiasmercedinas\/\" \/>\n<meta property=\"article:author\" content=\"https:\/\/www.facebook.com\/cristian.falabella\" \/>\n<meta property=\"article:published_time\" content=\"2020-12-04T23:41:36+00:00\" \/>\n<meta property=\"og:image\" content=\"https:\/\/noticiasmercedinas.com\/site\/wp-content\/uploads\/2020\/12\/1540845076612-1807439920.png\" \/>\n\t<meta property=\"og:image:width\" content=\"960\" \/>\n\t<meta property=\"og:image:height\" content=\"635\" \/>\n\t<meta property=\"og:image:type\" content=\"image\/png\" \/>\n<meta name=\"author\" content=\"Cristian Falabella NOTICIASMERCEDINAS.COM\" \/>\n<meta name=\"twitter:card\" content=\"summary_large_image\" \/>\n<meta name=\"twitter:creator\" content=\"@https:\/\/twitter.com\/NOTMERCEDINAS\" \/>\n<meta name=\"twitter:site\" content=\"@notmercedinas\" \/>\n<meta name=\"twitter:label1\" content=\"Escrito por\" \/>\n\t<meta name=\"twitter:data1\" content=\"Cristian Falabella NOTICIASMERCEDINAS.COM\" \/>\n\t<meta name=\"twitter:label2\" content=\"Tiempo de lectura\" \/>\n\t<meta name=\"twitter:data2\" content=\"2 minutos\" \/>\n<script type=\"application\/ld+json\" class=\"yoast-schema-graph\">{\"@context\":\"https:\\\/\\\/schema.org\",\"@graph\":[{\"@type\":\"Article\",\"@id\":\"https:\\\/\\\/noticiasmercedinas.com\\\/site\\\/2020\\\/12\\\/04\\\/virginia-altube-y-un-fin-de-semana-para-disfrutarla-en-su-ciudad\\\/#article\",\"isPartOf\":{\"@id\":\"https:\\\/\\\/noticiasmercedinas.com\\\/site\\\/2020\\\/12\\\/04\\\/virginia-altube-y-un-fin-de-semana-para-disfrutarla-en-su-ciudad\\\/\"},\"author\":{\"name\":\"Cristian Falabella NOTICIASMERCEDINAS.COM\",\"@id\":\"https:\\\/\\\/noticiasmercedinas.com\\\/site\\\/#\\\/schema\\\/person\\\/d481a9696a5feaec13a60e2bbd991a6a\"},\"headline\":\"Virginia Altube y un fin de semana para disfrutarla en su ciudad\",\"datePublished\":\"2020-12-04T23:41:36+00:00\",\"mainEntityOfPage\":{\"@id\":\"https:\\\/\\\/noticiasmercedinas.com\\\/site\\\/2020\\\/12\\\/04\\\/virginia-altube-y-un-fin-de-semana-para-disfrutarla-en-su-ciudad\\\/\"},\"wordCount\":353,\"commentCount\":0,\"publisher\":{\"@id\":\"https:\\\/\\\/noticiasmercedinas.com\\\/site\\\/#organization\"},\"image\":{\"@id\":\"https:\\\/\\\/noticiasmercedinas.com\\\/site\\\/2020\\\/12\\\/04\\\/virginia-altube-y-un-fin-de-semana-para-disfrutarla-en-su-ciudad\\\/#primaryimage\"},\"thumbnailUrl\":\"https:\\\/\\\/noticiasmercedinas.com\\\/site\\\/wp-content\\\/uploads\\\/2020\\\/12\\\/1540845076612-1807439920.png\",\"keywords\":[\"la dumer\",\"Microcervecer\u00eda 6600\",\"Sienvolando\",\"virginia altube\"],\"articleSection\":[\"Cultura\"],\"inLanguage\":\"es\",\"potentialAction\":[{\"@type\":\"CommentAction\",\"name\":\"Comment\",\"target\":[\"https:\\\/\\\/noticiasmercedinas.com\\\/site\\\/2020\\\/12\\\/04\\\/virginia-altube-y-un-fin-de-semana-para-disfrutarla-en-su-ciudad\\\/#respond\"]}]},{\"@type\":\"WebPage\",\"@id\":\"https:\\\/\\\/noticiasmercedinas.com\\\/site\\\/2020\\\/12\\\/04\\\/virginia-altube-y-un-fin-de-semana-para-disfrutarla-en-su-ciudad\\\/\",\"url\":\"https:\\\/\\\/noticiasmercedinas.com\\\/site\\\/2020\\\/12\\\/04\\\/virginia-altube-y-un-fin-de-semana-para-disfrutarla-en-su-ciudad\\\/\",\"name\":\"Virginia Altube y un fin de semana para disfrutarla en su ciudad\",\"isPartOf\":{\"@id\":\"https:\\\/\\\/noticiasmercedinas.com\\\/site\\\/#website\"},\"primaryImageOfPage\":{\"@id\":\"https:\\\/\\\/noticiasmercedinas.com\\\/site\\\/2020\\\/12\\\/04\\\/virginia-altube-y-un-fin-de-semana-para-disfrutarla-en-su-ciudad\\\/#primaryimage\"},\"image\":{\"@id\":\"https:\\\/\\\/noticiasmercedinas.com\\\/site\\\/2020\\\/12\\\/04\\\/virginia-altube-y-un-fin-de-semana-para-disfrutarla-en-su-ciudad\\\/#primaryimage\"},\"thumbnailUrl\":\"https:\\\/\\\/noticiasmercedinas.com\\\/site\\\/wp-content\\\/uploads\\\/2020\\\/12\\\/1540845076612-1807439920.png\",\"datePublished\":\"2020-12-04T23:41:36+00:00\",\"breadcrumb\":{\"@id\":\"https:\\\/\\\/noticiasmercedinas.com\\\/site\\\/2020\\\/12\\\/04\\\/virginia-altube-y-un-fin-de-semana-para-disfrutarla-en-su-ciudad\\\/#breadcrumb\"},\"inLanguage\":\"es\",\"potentialAction\":[{\"@type\":\"ReadAction\",\"target\":[\"https:\\\/\\\/noticiasmercedinas.com\\\/site\\\/2020\\\/12\\\/04\\\/virginia-altube-y-un-fin-de-semana-para-disfrutarla-en-su-ciudad\\\/\"]}]},{\"@type\":\"ImageObject\",\"inLanguage\":\"es\",\"@id\":\"https:\\\/\\\/noticiasmercedinas.com\\\/site\\\/2020\\\/12\\\/04\\\/virginia-altube-y-un-fin-de-semana-para-disfrutarla-en-su-ciudad\\\/#primaryimage\",\"url\":\"https:\\\/\\\/noticiasmercedinas.com\\\/site\\\/wp-content\\\/uploads\\\/2020\\\/12\\\/1540845076612-1807439920.png\",\"contentUrl\":\"https:\\\/\\\/noticiasmercedinas.com\\\/site\\\/wp-content\\\/uploads\\\/2020\\\/12\\\/1540845076612-1807439920.png\",\"width\":960,\"height\":635},{\"@type\":\"BreadcrumbList\",\"@id\":\"https:\\\/\\\/noticiasmercedinas.com\\\/site\\\/2020\\\/12\\\/04\\\/virginia-altube-y-un-fin-de-semana-para-disfrutarla-en-su-ciudad\\\/#breadcrumb\",\"itemListElement\":[{\"@type\":\"ListItem\",\"position\":1,\"name\":\"Portada\",\"item\":\"https:\\\/\\\/noticiasmercedinas.com\\\/site\\\/\"},{\"@type\":\"ListItem\",\"position\":2,\"name\":\"Virginia Altube y un fin de semana para disfrutarla en su ciudad\"}]},{\"@type\":\"WebSite\",\"@id\":\"https:\\\/\\\/noticiasmercedinas.com\\\/site\\\/#website\",\"url\":\"https:\\\/\\\/noticiasmercedinas.com\\\/site\\\/\",\"name\":\"NOTICIASMERCEDINAS.COM\",\"description\":\"Mercedes, Buenos Aires, Argentina\",\"publisher\":{\"@id\":\"https:\\\/\\\/noticiasmercedinas.com\\\/site\\\/#organization\"},\"potentialAction\":[{\"@type\":\"SearchAction\",\"target\":{\"@type\":\"EntryPoint\",\"urlTemplate\":\"https:\\\/\\\/noticiasmercedinas.com\\\/site\\\/?s={search_term_string}\"},\"query-input\":{\"@type\":\"PropertyValueSpecification\",\"valueRequired\":true,\"valueName\":\"search_term_string\"}}],\"inLanguage\":\"es\"},{\"@type\":\"Organization\",\"@id\":\"https:\\\/\\\/noticiasmercedinas.com\\\/site\\\/#organization\",\"name\":\"NOTICIASMERCEDINAS.COM\",\"url\":\"https:\\\/\\\/noticiasmercedinas.com\\\/site\\\/\",\"logo\":{\"@type\":\"ImageObject\",\"inLanguage\":\"es\",\"@id\":\"https:\\\/\\\/noticiasmercedinas.com\\\/site\\\/#\\\/schema\\\/logo\\\/image\\\/\",\"url\":\"https:\\\/\\\/noticiasmercedinas.com\\\/site\\\/wp-content\\\/uploads\\\/2020\\\/06\\\/LOGO-512.jpg\",\"contentUrl\":\"https:\\\/\\\/noticiasmercedinas.com\\\/site\\\/wp-content\\\/uploads\\\/2020\\\/06\\\/LOGO-512.jpg\",\"width\":512,\"height\":512,\"caption\":\"NOTICIASMERCEDINAS.COM\"},\"image\":{\"@id\":\"https:\\\/\\\/noticiasmercedinas.com\\\/site\\\/#\\\/schema\\\/logo\\\/image\\\/\"},\"sameAs\":[\"https:\\\/\\\/www.facebook.com\\\/noticiasmercedinas\\\/\",\"https:\\\/\\\/x.com\\\/notmercedinas\",\"https:\\\/\\\/www.instagram.com\\\/noticiasmercedinas\\\/\"]},{\"@type\":\"Person\",\"@id\":\"https:\\\/\\\/noticiasmercedinas.com\\\/site\\\/#\\\/schema\\\/person\\\/d481a9696a5feaec13a60e2bbd991a6a\",\"name\":\"Cristian Falabella NOTICIASMERCEDINAS.COM\",\"image\":{\"@type\":\"ImageObject\",\"inLanguage\":\"es\",\"@id\":\"https:\\\/\\\/secure.gravatar.com\\\/avatar\\\/0dbbfc45970cc46bcd0e57766228574ff3511d6eed045b182f536f0f478c1f06?s=96&d=mm&r=g\",\"url\":\"https:\\\/\\\/secure.gravatar.com\\\/avatar\\\/0dbbfc45970cc46bcd0e57766228574ff3511d6eed045b182f536f0f478c1f06?s=96&d=mm&r=g\",\"contentUrl\":\"https:\\\/\\\/secure.gravatar.com\\\/avatar\\\/0dbbfc45970cc46bcd0e57766228574ff3511d6eed045b182f536f0f478c1f06?s=96&d=mm&r=g\",\"caption\":\"Cristian Falabella NOTICIASMERCEDINAS.COM\"},\"description\":\"Periodista, editor de Noticias Mercedinas. Pas\u00f3 por varias redacciones y emprendimientos de prensa, en distintos formatos y \u00e9pocas. Se especializ\u00f3 --y sigue haci\u00e9ndolo-- en comunicaci\u00f3n en la web y en junio de 2006 fund\u00f3 este diario digital.\",\"sameAs\":[\"https:\\\/\\\/noticiasmercedinas.com\",\"https:\\\/\\\/www.facebook.com\\\/cristian.falabella\",\"https:\\\/\\\/www.instagram.com\\\/noticiasmercedinas\\\/\",\"https:\\\/\\\/x.com\\\/https:\\\/\\\/twitter.com\\\/NOTMERCEDINAS\"],\"url\":\"https:\\\/\\\/noticiasmercedinas.com\\\/site\\\/author\\\/as000384\\\/\"}]}<\/script>\n<!-- \/ Yoast SEO plugin. -->","yoast_head_json":{"title":"Virginia Altube y un fin de semana para disfrutarla en su ciudad","robots":{"index":"index","follow":"follow","max-snippet":"max-snippet:-1","max-image-preview":"max-image-preview:large","max-video-preview":"max-video-preview:-1"},"canonical":"https:\/\/noticiasmercedinas.com\/site\/2020\/12\/04\/virginia-altube-y-un-fin-de-semana-para-disfrutarla-en-su-ciudad\/","og_locale":"es_ES","og_type":"article","og_title":"Virginia Altube y un fin de semana para disfrutarla en su ciudad","og_description":"\u25a0 La cantante se radic\u00f3 en Capilla del Monte. Pero est\u00e1 en Mercedes y este s\u00e1bado se la podr\u00e1 ver en La Trocha y el domingo en la Cervecer\u00eda 6600. En breve presentar\u00e1 un nuevo v\u00eddeo junto a Jo Marcel.","og_url":"https:\/\/noticiasmercedinas.com\/site\/2020\/12\/04\/virginia-altube-y-un-fin-de-semana-para-disfrutarla-en-su-ciudad\/","og_site_name":"NOTICIASMERCEDINAS.COM","article_publisher":"https:\/\/www.facebook.com\/noticiasmercedinas\/","article_author":"https:\/\/www.facebook.com\/cristian.falabella","article_published_time":"2020-12-04T23:41:36+00:00","og_image":[{"width":960,"height":635,"url":"https:\/\/noticiasmercedinas.com\/site\/wp-content\/uploads\/2020\/12\/1540845076612-1807439920.png","type":"image\/png"}],"author":"Cristian Falabella NOTICIASMERCEDINAS.COM","twitter_card":"summary_large_image","twitter_creator":"@https:\/\/twitter.com\/NOTMERCEDINAS","twitter_site":"@notmercedinas","twitter_misc":{"Escrito por":"Cristian Falabella NOTICIASMERCEDINAS.COM","Tiempo de lectura":"2 minutos"},"schema":{"@context":"https:\/\/schema.org","@graph":[{"@type":"Article","@id":"https:\/\/noticiasmercedinas.com\/site\/2020\/12\/04\/virginia-altube-y-un-fin-de-semana-para-disfrutarla-en-su-ciudad\/#article","isPartOf":{"@id":"https:\/\/noticiasmercedinas.com\/site\/2020\/12\/04\/virginia-altube-y-un-fin-de-semana-para-disfrutarla-en-su-ciudad\/"},"author":{"name":"Cristian Falabella NOTICIASMERCEDINAS.COM","@id":"https:\/\/noticiasmercedinas.com\/site\/#\/schema\/person\/d481a9696a5feaec13a60e2bbd991a6a"},"headline":"Virginia Altube y un fin de semana para disfrutarla en su ciudad","datePublished":"2020-12-04T23:41:36+00:00","mainEntityOfPage":{"@id":"https:\/\/noticiasmercedinas.com\/site\/2020\/12\/04\/virginia-altube-y-un-fin-de-semana-para-disfrutarla-en-su-ciudad\/"},"wordCount":353,"commentCount":0,"publisher":{"@id":"https:\/\/noticiasmercedinas.com\/site\/#organization"},"image":{"@id":"https:\/\/noticiasmercedinas.com\/site\/2020\/12\/04\/virginia-altube-y-un-fin-de-semana-para-disfrutarla-en-su-ciudad\/#primaryimage"},"thumbnailUrl":"https:\/\/noticiasmercedinas.com\/site\/wp-content\/uploads\/2020\/12\/1540845076612-1807439920.png","keywords":["la dumer","Microcervecer\u00eda 6600","Sienvolando","virginia altube"],"articleSection":["Cultura"],"inLanguage":"es","potentialAction":[{"@type":"CommentAction","name":"Comment","target":["https:\/\/noticiasmercedinas.com\/site\/2020\/12\/04\/virginia-altube-y-un-fin-de-semana-para-disfrutarla-en-su-ciudad\/#respond"]}]},{"@type":"WebPage","@id":"https:\/\/noticiasmercedinas.com\/site\/2020\/12\/04\/virginia-altube-y-un-fin-de-semana-para-disfrutarla-en-su-ciudad\/","url":"https:\/\/noticiasmercedinas.com\/site\/2020\/12\/04\/virginia-altube-y-un-fin-de-semana-para-disfrutarla-en-su-ciudad\/","name":"Virginia Altube y un fin de semana para disfrutarla en su ciudad","isPartOf":{"@id":"https:\/\/noticiasmercedinas.com\/site\/#website"},"primaryImageOfPage":{"@id":"https:\/\/noticiasmercedinas.com\/site\/2020\/12\/04\/virginia-altube-y-un-fin-de-semana-para-disfrutarla-en-su-ciudad\/#primaryimage"},"image":{"@id":"https:\/\/noticiasmercedinas.com\/site\/2020\/12\/04\/virginia-altube-y-un-fin-de-semana-para-disfrutarla-en-su-ciudad\/#primaryimage"},"thumbnailUrl":"https:\/\/noticiasmercedinas.com\/site\/wp-content\/uploads\/2020\/12\/1540845076612-1807439920.png","datePublished":"2020-12-04T23:41:36+00:00","breadcrumb":{"@id":"https:\/\/noticiasmercedinas.com\/site\/2020\/12\/04\/virginia-altube-y-un-fin-de-semana-para-disfrutarla-en-su-ciudad\/#breadcrumb"},"inLanguage":"es","potentialAction":[{"@type":"ReadAction","target":["https:\/\/noticiasmercedinas.com\/site\/2020\/12\/04\/virginia-altube-y-un-fin-de-semana-para-disfrutarla-en-su-ciudad\/"]}]},{"@type":"ImageObject","inLanguage":"es","@id":"https:\/\/noticiasmercedinas.com\/site\/2020\/12\/04\/virginia-altube-y-un-fin-de-semana-para-disfrutarla-en-su-ciudad\/#primaryimage","url":"https:\/\/noticiasmercedinas.com\/site\/wp-content\/uploads\/2020\/12\/1540845076612-1807439920.png","contentUrl":"https:\/\/noticiasmercedinas.com\/site\/wp-content\/uploads\/2020\/12\/1540845076612-1807439920.png","width":960,"height":635},{"@type":"BreadcrumbList","@id":"https:\/\/noticiasmercedinas.com\/site\/2020\/12\/04\/virginia-altube-y-un-fin-de-semana-para-disfrutarla-en-su-ciudad\/#breadcrumb","itemListElement":[{"@type":"ListItem","position":1,"name":"Portada","item":"https:\/\/noticiasmercedinas.com\/site\/"},{"@type":"ListItem","position":2,"name":"Virginia Altube y un fin de semana para disfrutarla en su ciudad"}]},{"@type":"WebSite","@id":"https:\/\/noticiasmercedinas.com\/site\/#website","url":"https:\/\/noticiasmercedinas.com\/site\/","name":"NOTICIASMERCEDINAS.COM","description":"Mercedes, Buenos Aires, Argentina","publisher":{"@id":"https:\/\/noticiasmercedinas.com\/site\/#organization"},"potentialAction":[{"@type":"SearchAction","target":{"@type":"EntryPoint","urlTemplate":"https:\/\/noticiasmercedinas.com\/site\/?s={search_term_string}"},"query-input":{"@type":"PropertyValueSpecification","valueRequired":true,"valueName":"search_term_string"}}],"inLanguage":"es"},{"@type":"Organization","@id":"https:\/\/noticiasmercedinas.com\/site\/#organization","name":"NOTICIASMERCEDINAS.COM","url":"https:\/\/noticiasmercedinas.com\/site\/","logo":{"@type":"ImageObject","inLanguage":"es","@id":"https:\/\/noticiasmercedinas.com\/site\/#\/schema\/logo\/image\/","url":"https:\/\/noticiasmercedinas.com\/site\/wp-content\/uploads\/2020\/06\/LOGO-512.jpg","contentUrl":"https:\/\/noticiasmercedinas.com\/site\/wp-content\/uploads\/2020\/06\/LOGO-512.jpg","width":512,"height":512,"caption":"NOTICIASMERCEDINAS.COM"},"image":{"@id":"https:\/\/noticiasmercedinas.com\/site\/#\/schema\/logo\/image\/"},"sameAs":["https:\/\/www.facebook.com\/noticiasmercedinas\/","https:\/\/x.com\/notmercedinas","https:\/\/www.instagram.com\/noticiasmercedinas\/"]},{"@type":"Person","@id":"https:\/\/noticiasmercedinas.com\/site\/#\/schema\/person\/d481a9696a5feaec13a60e2bbd991a6a","name":"Cristian Falabella NOTICIASMERCEDINAS.COM","image":{"@type":"ImageObject","inLanguage":"es","@id":"https:\/\/secure.gravatar.com\/avatar\/0dbbfc45970cc46bcd0e57766228574ff3511d6eed045b182f536f0f478c1f06?s=96&d=mm&r=g","url":"https:\/\/secure.gravatar.com\/avatar\/0dbbfc45970cc46bcd0e57766228574ff3511d6eed045b182f536f0f478c1f06?s=96&d=mm&r=g","contentUrl":"https:\/\/secure.gravatar.com\/avatar\/0dbbfc45970cc46bcd0e57766228574ff3511d6eed045b182f536f0f478c1f06?s=96&d=mm&r=g","caption":"Cristian Falabella NOTICIASMERCEDINAS.COM"},"description":"Periodista, editor de Noticias Mercedinas. Pas\u00f3 por varias redacciones y emprendimientos de prensa, en distintos formatos y \u00e9pocas. Se especializ\u00f3 --y sigue haci\u00e9ndolo-- en comunicaci\u00f3n en la web y en junio de 2006 fund\u00f3 este diario digital.","sameAs":["https:\/\/noticiasmercedinas.com","https:\/\/www.facebook.com\/cristian.falabella","https:\/\/www.instagram.com\/noticiasmercedinas\/","https:\/\/x.com\/https:\/\/twitter.com\/NOTMERCEDINAS"],"url":"https:\/\/noticiasmercedinas.com\/site\/author\/as000384\/"}]}},"amp_enabled":true,"_links":{"self":[{"href":"https:\/\/noticiasmercedinas.com\/site\/wp-json\/wp\/v2\/posts\/57728","targetHints":{"allow":["GET"]}}],"collection":[{"href":"https:\/\/noticiasmercedinas.com\/site\/wp-json\/wp\/v2\/posts"}],"about":[{"href":"https:\/\/noticiasmercedinas.com\/site\/wp-json\/wp\/v2\/types\/post"}],"author":[{"embeddable":true,"href":"https:\/\/noticiasmercedinas.com\/site\/wp-json\/wp\/v2\/users\/2"}],"replies":[{"embeddable":true,"href":"https:\/\/noticiasmercedinas.com\/site\/wp-json\/wp\/v2\/comments?post=57728"}],"version-history":[{"count":1,"href":"https:\/\/noticiasmercedinas.com\/site\/wp-json\/wp\/v2\/posts\/57728\/revisions"}],"predecessor-version":[{"id":57730,"href":"https:\/\/noticiasmercedinas.com\/site\/wp-json\/wp\/v2\/posts\/57728\/revisions\/57730"}],"wp:featuredmedia":[{"embeddable":true,"href":"https:\/\/noticiasmercedinas.com\/site\/wp-json\/wp\/v2\/media\/57729"}],"wp:attachment":[{"href":"https:\/\/noticiasmercedinas.com\/site\/wp-json\/wp\/v2\/media?parent=57728"}],"wp:term":[{"taxonomy":"category","embeddable":true,"href":"https:\/\/noticiasmercedinas.com\/site\/wp-json\/wp\/v2\/categories?post=57728"},{"taxonomy":"post_tag","embeddable":true,"href":"https:\/\/noticiasmercedinas.com\/site\/wp-json\/wp\/v2\/tags?post=57728"}],"curies":[{"name":"wp","href":"https:\/\/api.w.org\/{rel}","templated":true}]}}