{"id":57966,"date":"2020-12-09T09:12:46","date_gmt":"2020-12-09T12:12:46","guid":{"rendered":"https:\/\/noticiasmercedinas.com\/site\/?p=57966"},"modified":"2020-12-09T14:21:42","modified_gmt":"2020-12-09T17:21:42","slug":"roman-gorocito-gana-en-san-pedro","status":"publish","type":"post","link":"https:\/\/noticiasmercedinas.com\/site\/2020\/12\/09\/roman-gorocito-gana-en-san-pedro\/","title":{"rendered":"Rom\u00e1n Gorocito gana en San Pedro"},"content":{"rendered":"<figure id=\"attachment_57967\" aria-describedby=\"caption-attachment-57967\" style=\"width: 640px\" class=\"wp-caption alignnone\"><img loading=\"lazy\" decoding=\"async\" class=\"wp-image-57967 size-full\" src=\"https:\/\/noticiasmercedinas.com\/site\/wp-content\/uploads\/2020\/12\/sanpedro.jpg\" alt=\"\" width=\"640\" height=\"320\" srcset=\"https:\/\/noticiasmercedinas.com\/site\/wp-content\/uploads\/2020\/12\/sanpedro.jpg 640w, https:\/\/noticiasmercedinas.com\/site\/wp-content\/uploads\/2020\/12\/sanpedro-300x150.jpg 300w\" sizes=\"auto, (max-width: 640px) 100vw, 640px\" \/><figcaption id=\"caption-attachment-57967\" class=\"wp-caption-text\">Gorocito en el 1 y Videla quinto. (Foto Ciclismo y Nada M\u00e1s)<\/figcaption><\/figure>\n<p>Durante la tarde del martes 8, aprovechando el feriado, en el panor\u00e1mico de San Pedro con la organizaci\u00f3n de Pro Ciclismo volvi\u00f3 a tener competencias con una muy buena respuesta de pedaleros donde rondaron los 300.<\/p>\n<p>Los mercedinos tomaron parte en el inicio del programa de carreras, la categor\u00eda Pe\u00f1a tuvo como ganador a Rom\u00e1n Gorocito en el marco de un sprint masivo que adem\u00e1s lo tuvo a Leonardo Videla con un quinto lugar.<\/p>\n<p>Otros de los ganadores de ayer, en Master D Ricardo Iriberri (Campana) y M\u00e1ster E Miguel Manzo (Loma Hermosa). En la categor\u00eda Inactivos Menores se impuso Santiago Gru\u00f1ieiro (San Nicol\u00e1s) y en Master B 2 y C Fabi\u00e1n Lscouli\u00e9 (San Nicol\u00e1s).<\/p>\n<p>Para el cierre de la tarde qued\u00f3 la categor\u00eda m\u00e1s competitiva con varios nombres de la Elite, fue triunfo del gilense Juan Bold\u00fa.<\/p>\n<p><strong>Pe\u00f1a<\/strong><br \/>\n1\u00b0 Rom\u00e1n Gorocito (Mercedes).<br \/>\n2\u00b0 Jorge Hepp (San Pedro).<br \/>\n3\u00b0 Jes\u00fas Leguizam\u00f3n (Salto).<br \/>\n4\u00b0 Daniel Chipolini (San Pedro).<br \/>\n5\u00b0 Leonardo Videla (Mercedes).<br \/>\n6\u00b0 Diego G\u00f3mez (Z\u00e1rate).<br \/>\n7\u00b0 Fabi\u00e1n Boaglio (San Pedro).<br \/>\n8\u00b0 Cristian Rothen (Baradero).<br \/>\n9\u00b0 Juan Knulst (Baradero).<br \/>\n10\u00b0 Guillermo Muraca (San Pedro).<\/p>\n<p><strong>Elite II &#8211; M\u00e1ster A &#8211; B 1 e Invitados<br \/>\n<\/strong>1\u00b0 Juan Bold\u00fa (San Andr\u00e9s de Giles).<br \/>\n2\u00b0 Justin Joachim (La Luisa).<br \/>\n3\u00b0 Juan Rodr\u00edguez (Capit\u00e1n Sarmiento).<br \/>\n4\u00b0 Francisco Chipolini (San Pedro).<br \/>\n5\u00b0 Juan Cruz Gariboldi (Chivilcoy).<br \/>\n6\u00b0 Emanuel Grosso (San Nicol\u00e1s).<br \/>\n7\u00b0 Carlos Gonz\u00e1lez (San Andr\u00e9s de Giles).<br \/>\n8\u00b0 Jerem\u00edas Mu\u00f1oz (San Andr\u00e9 de Giles).<br \/>\n9\u00b0 Mariano Manzo (San Pedro).<br \/>\n10\u00b0\u00a0 Juan Paz (San Pedro).<\/p>\n<p><iframe loading=\"lazy\" title=\"CAtegor\u00eda Pe\u00f1a en San Pedro\" width=\"640\" height=\"360\" src=\"https:\/\/www.youtube.com\/embed\/8OPGgd76tyc?feature=oembed\" frameborder=\"0\" allow=\"accelerometer; autoplay; clipboard-write; encrypted-media; gyroscope; picture-in-picture; web-share\" referrerpolicy=\"strict-origin-when-cross-origin\" allowfullscreen><\/iframe><\/p>\n<p>&nbsp;<\/p>\n","protected":false},"excerpt":{"rendered":"<p>\u25a0 En una competencia celebrada en circuito sobresali\u00f3 en la definici\u00f3n al sprint. En la misma categor\u00eda fue quinto Leonardo Videla. En el final se impuso el gilense Juan Bold\u00fa.<\/p>\n","protected":false},"author":6,"featured_media":57967,"comment_status":"open","ping_status":"open","sticky":false,"template":"","format":"standard","meta":{"footnotes":""},"categories":[5],"tags":[2750,10927,5546,1786],"class_list":["post-57966","post","type-post","status-publish","format-standard","has-post-thumbnail","hentry","category-deportes","tag-cciclismo","tag-leonardo-videla","tag-roman-gorocito","tag-san-pedro"],"yoast_head":"<!-- This site is optimized with the Yoast SEO plugin v27.5 - https:\/\/yoast.com\/product\/yoast-seo-wordpress\/ -->\n<title>Rom\u00e1n Gorocito gana en San Pedro<\/title>\n<meta name=\"robots\" content=\"index, follow, max-snippet:-1, max-image-preview:large, max-video-preview:-1\" \/>\n<link rel=\"canonical\" href=\"https:\/\/noticiasmercedinas.com\/site\/2020\/12\/09\/roman-gorocito-gana-en-san-pedro\/\" \/>\n<meta property=\"og:locale\" content=\"es_ES\" \/>\n<meta property=\"og:type\" content=\"article\" \/>\n<meta property=\"og:title\" content=\"Rom\u00e1n Gorocito gana en San Pedro\" \/>\n<meta property=\"og:description\" content=\"\u25a0 En una competencia celebrada en circuito sobresali\u00f3 en la definici\u00f3n al sprint. En la misma categor\u00eda fue quinto Leonardo Videla. En el final se impuso el gilense Juan Bold\u00fa.\" \/>\n<meta property=\"og:url\" content=\"https:\/\/noticiasmercedinas.com\/site\/2020\/12\/09\/roman-gorocito-gana-en-san-pedro\/\" \/>\n<meta property=\"og:site_name\" content=\"NOTICIASMERCEDINAS.COM\" \/>\n<meta property=\"article:publisher\" content=\"https:\/\/www.facebook.com\/noticiasmercedinas\/\" \/>\n<meta property=\"article:published_time\" content=\"2020-12-09T12:12:46+00:00\" \/>\n<meta property=\"article:modified_time\" content=\"2020-12-09T17:21:42+00:00\" \/>\n<meta property=\"og:image\" content=\"https:\/\/noticiasmercedinas.com\/site\/wp-content\/uploads\/2020\/12\/sanpedro.jpg\" \/>\n\t<meta property=\"og:image:width\" content=\"640\" \/>\n\t<meta property=\"og:image:height\" content=\"320\" \/>\n\t<meta property=\"og:image:type\" content=\"image\/jpeg\" \/>\n<meta name=\"author\" content=\"Juan Dagnino NOTICIASMERCEDINAS.COM\" \/>\n<meta name=\"twitter:card\" content=\"summary_large_image\" \/>\n<meta name=\"twitter:creator\" content=\"@notmercedinas\" \/>\n<meta name=\"twitter:site\" content=\"@notmercedinas\" \/>\n<meta name=\"twitter:label1\" content=\"Escrito por\" \/>\n\t<meta name=\"twitter:data1\" content=\"Juan Dagnino NOTICIASMERCEDINAS.COM\" \/>\n\t<meta name=\"twitter:label2\" content=\"Tiempo de lectura\" \/>\n\t<meta name=\"twitter:data2\" content=\"1 minuto\" \/>\n<script type=\"application\/ld+json\" class=\"yoast-schema-graph\">{\"@context\":\"https:\\\/\\\/schema.org\",\"@graph\":[{\"@type\":\"Article\",\"@id\":\"https:\\\/\\\/noticiasmercedinas.com\\\/site\\\/2020\\\/12\\\/09\\\/roman-gorocito-gana-en-san-pedro\\\/#article\",\"isPartOf\":{\"@id\":\"https:\\\/\\\/noticiasmercedinas.com\\\/site\\\/2020\\\/12\\\/09\\\/roman-gorocito-gana-en-san-pedro\\\/\"},\"author\":{\"name\":\"Juan Dagnino NOTICIASMERCEDINAS.COM\",\"@id\":\"https:\\\/\\\/noticiasmercedinas.com\\\/site\\\/#\\\/schema\\\/person\\\/8f2f09d666ef40986eba4a5e6f2a06f9\"},\"headline\":\"Rom\u00e1n Gorocito gana en San Pedro\",\"datePublished\":\"2020-12-09T12:12:46+00:00\",\"dateModified\":\"2020-12-09T17:21:42+00:00\",\"mainEntityOfPage\":{\"@id\":\"https:\\\/\\\/noticiasmercedinas.com\\\/site\\\/2020\\\/12\\\/09\\\/roman-gorocito-gana-en-san-pedro\\\/\"},\"wordCount\":287,\"commentCount\":0,\"publisher\":{\"@id\":\"https:\\\/\\\/noticiasmercedinas.com\\\/site\\\/#organization\"},\"image\":{\"@id\":\"https:\\\/\\\/noticiasmercedinas.com\\\/site\\\/2020\\\/12\\\/09\\\/roman-gorocito-gana-en-san-pedro\\\/#primaryimage\"},\"thumbnailUrl\":\"https:\\\/\\\/noticiasmercedinas.com\\\/site\\\/wp-content\\\/uploads\\\/2020\\\/12\\\/sanpedro.jpg\",\"keywords\":[\"cciclismo\",\"leonardo videla\",\"Rom\u00e1n Gorocito\",\"san pedro\"],\"articleSection\":[\"Deportes\"],\"inLanguage\":\"es\",\"potentialAction\":[{\"@type\":\"CommentAction\",\"name\":\"Comment\",\"target\":[\"https:\\\/\\\/noticiasmercedinas.com\\\/site\\\/2020\\\/12\\\/09\\\/roman-gorocito-gana-en-san-pedro\\\/#respond\"]}]},{\"@type\":\"WebPage\",\"@id\":\"https:\\\/\\\/noticiasmercedinas.com\\\/site\\\/2020\\\/12\\\/09\\\/roman-gorocito-gana-en-san-pedro\\\/\",\"url\":\"https:\\\/\\\/noticiasmercedinas.com\\\/site\\\/2020\\\/12\\\/09\\\/roman-gorocito-gana-en-san-pedro\\\/\",\"name\":\"Rom\u00e1n Gorocito gana en San Pedro\",\"isPartOf\":{\"@id\":\"https:\\\/\\\/noticiasmercedinas.com\\\/site\\\/#website\"},\"primaryImageOfPage\":{\"@id\":\"https:\\\/\\\/noticiasmercedinas.com\\\/site\\\/2020\\\/12\\\/09\\\/roman-gorocito-gana-en-san-pedro\\\/#primaryimage\"},\"image\":{\"@id\":\"https:\\\/\\\/noticiasmercedinas.com\\\/site\\\/2020\\\/12\\\/09\\\/roman-gorocito-gana-en-san-pedro\\\/#primaryimage\"},\"thumbnailUrl\":\"https:\\\/\\\/noticiasmercedinas.com\\\/site\\\/wp-content\\\/uploads\\\/2020\\\/12\\\/sanpedro.jpg\",\"datePublished\":\"2020-12-09T12:12:46+00:00\",\"dateModified\":\"2020-12-09T17:21:42+00:00\",\"breadcrumb\":{\"@id\":\"https:\\\/\\\/noticiasmercedinas.com\\\/site\\\/2020\\\/12\\\/09\\\/roman-gorocito-gana-en-san-pedro\\\/#breadcrumb\"},\"inLanguage\":\"es\",\"potentialAction\":[{\"@type\":\"ReadAction\",\"target\":[\"https:\\\/\\\/noticiasmercedinas.com\\\/site\\\/2020\\\/12\\\/09\\\/roman-gorocito-gana-en-san-pedro\\\/\"]}]},{\"@type\":\"ImageObject\",\"inLanguage\":\"es\",\"@id\":\"https:\\\/\\\/noticiasmercedinas.com\\\/site\\\/2020\\\/12\\\/09\\\/roman-gorocito-gana-en-san-pedro\\\/#primaryimage\",\"url\":\"https:\\\/\\\/noticiasmercedinas.com\\\/site\\\/wp-content\\\/uploads\\\/2020\\\/12\\\/sanpedro.jpg\",\"contentUrl\":\"https:\\\/\\\/noticiasmercedinas.com\\\/site\\\/wp-content\\\/uploads\\\/2020\\\/12\\\/sanpedro.jpg\",\"width\":640,\"height\":320},{\"@type\":\"BreadcrumbList\",\"@id\":\"https:\\\/\\\/noticiasmercedinas.com\\\/site\\\/2020\\\/12\\\/09\\\/roman-gorocito-gana-en-san-pedro\\\/#breadcrumb\",\"itemListElement\":[{\"@type\":\"ListItem\",\"position\":1,\"name\":\"Portada\",\"item\":\"https:\\\/\\\/noticiasmercedinas.com\\\/site\\\/\"},{\"@type\":\"ListItem\",\"position\":2,\"name\":\"Rom\u00e1n Gorocito gana en San Pedro\"}]},{\"@type\":\"WebSite\",\"@id\":\"https:\\\/\\\/noticiasmercedinas.com\\\/site\\\/#website\",\"url\":\"https:\\\/\\\/noticiasmercedinas.com\\\/site\\\/\",\"name\":\"NOTICIASMERCEDINAS.COM\",\"description\":\"Mercedes, Buenos Aires, Argentina\",\"publisher\":{\"@id\":\"https:\\\/\\\/noticiasmercedinas.com\\\/site\\\/#organization\"},\"potentialAction\":[{\"@type\":\"SearchAction\",\"target\":{\"@type\":\"EntryPoint\",\"urlTemplate\":\"https:\\\/\\\/noticiasmercedinas.com\\\/site\\\/?s={search_term_string}\"},\"query-input\":{\"@type\":\"PropertyValueSpecification\",\"valueRequired\":true,\"valueName\":\"search_term_string\"}}],\"inLanguage\":\"es\"},{\"@type\":\"Organization\",\"@id\":\"https:\\\/\\\/noticiasmercedinas.com\\\/site\\\/#organization\",\"name\":\"NOTICIASMERCEDINAS.COM\",\"url\":\"https:\\\/\\\/noticiasmercedinas.com\\\/site\\\/\",\"logo\":{\"@type\":\"ImageObject\",\"inLanguage\":\"es\",\"@id\":\"https:\\\/\\\/noticiasmercedinas.com\\\/site\\\/#\\\/schema\\\/logo\\\/image\\\/\",\"url\":\"https:\\\/\\\/noticiasmercedinas.com\\\/site\\\/wp-content\\\/uploads\\\/2020\\\/06\\\/LOGO-512.jpg\",\"contentUrl\":\"https:\\\/\\\/noticiasmercedinas.com\\\/site\\\/wp-content\\\/uploads\\\/2020\\\/06\\\/LOGO-512.jpg\",\"width\":512,\"height\":512,\"caption\":\"NOTICIASMERCEDINAS.COM\"},\"image\":{\"@id\":\"https:\\\/\\\/noticiasmercedinas.com\\\/site\\\/#\\\/schema\\\/logo\\\/image\\\/\"},\"sameAs\":[\"https:\\\/\\\/www.facebook.com\\\/noticiasmercedinas\\\/\",\"https:\\\/\\\/x.com\\\/notmercedinas\",\"https:\\\/\\\/www.instagram.com\\\/noticiasmercedinas\\\/\"]},{\"@type\":\"Person\",\"@id\":\"https:\\\/\\\/noticiasmercedinas.com\\\/site\\\/#\\\/schema\\\/person\\\/8f2f09d666ef40986eba4a5e6f2a06f9\",\"name\":\"Juan Dagnino NOTICIASMERCEDINAS.COM\",\"image\":{\"@type\":\"ImageObject\",\"inLanguage\":\"es\",\"@id\":\"https:\\\/\\\/secure.gravatar.com\\\/avatar\\\/fc7059a769f5a3cae65fadb228a3e4accf3a64b4b2305020d0a27e6d5333c91b?s=96&d=mm&r=g\",\"url\":\"https:\\\/\\\/secure.gravatar.com\\\/avatar\\\/fc7059a769f5a3cae65fadb228a3e4accf3a64b4b2305020d0a27e6d5333c91b?s=96&d=mm&r=g\",\"contentUrl\":\"https:\\\/\\\/secure.gravatar.com\\\/avatar\\\/fc7059a769f5a3cae65fadb228a3e4accf3a64b4b2305020d0a27e6d5333c91b?s=96&d=mm&r=g\",\"caption\":\"Juan Dagnino NOTICIASMERCEDINAS.COM\"},\"url\":\"https:\\\/\\\/noticiasmercedinas.com\\\/site\\\/author\\\/juandagnino\\\/\"}]}<\/script>\n<!-- \/ Yoast SEO plugin. -->","yoast_head_json":{"title":"Rom\u00e1n Gorocito gana en San Pedro","robots":{"index":"index","follow":"follow","max-snippet":"max-snippet:-1","max-image-preview":"max-image-preview:large","max-video-preview":"max-video-preview:-1"},"canonical":"https:\/\/noticiasmercedinas.com\/site\/2020\/12\/09\/roman-gorocito-gana-en-san-pedro\/","og_locale":"es_ES","og_type":"article","og_title":"Rom\u00e1n Gorocito gana en San Pedro","og_description":"\u25a0 En una competencia celebrada en circuito sobresali\u00f3 en la definici\u00f3n al sprint. En la misma categor\u00eda fue quinto Leonardo Videla. En el final se impuso el gilense Juan Bold\u00fa.","og_url":"https:\/\/noticiasmercedinas.com\/site\/2020\/12\/09\/roman-gorocito-gana-en-san-pedro\/","og_site_name":"NOTICIASMERCEDINAS.COM","article_publisher":"https:\/\/www.facebook.com\/noticiasmercedinas\/","article_published_time":"2020-12-09T12:12:46+00:00","article_modified_time":"2020-12-09T17:21:42+00:00","og_image":[{"width":640,"height":320,"url":"https:\/\/noticiasmercedinas.com\/site\/wp-content\/uploads\/2020\/12\/sanpedro.jpg","type":"image\/jpeg"}],"author":"Juan Dagnino NOTICIASMERCEDINAS.COM","twitter_card":"summary_large_image","twitter_creator":"@notmercedinas","twitter_site":"@notmercedinas","twitter_misc":{"Escrito por":"Juan Dagnino NOTICIASMERCEDINAS.COM","Tiempo de lectura":"1 minuto"},"schema":{"@context":"https:\/\/schema.org","@graph":[{"@type":"Article","@id":"https:\/\/noticiasmercedinas.com\/site\/2020\/12\/09\/roman-gorocito-gana-en-san-pedro\/#article","isPartOf":{"@id":"https:\/\/noticiasmercedinas.com\/site\/2020\/12\/09\/roman-gorocito-gana-en-san-pedro\/"},"author":{"name":"Juan Dagnino NOTICIASMERCEDINAS.COM","@id":"https:\/\/noticiasmercedinas.com\/site\/#\/schema\/person\/8f2f09d666ef40986eba4a5e6f2a06f9"},"headline":"Rom\u00e1n Gorocito gana en San Pedro","datePublished":"2020-12-09T12:12:46+00:00","dateModified":"2020-12-09T17:21:42+00:00","mainEntityOfPage":{"@id":"https:\/\/noticiasmercedinas.com\/site\/2020\/12\/09\/roman-gorocito-gana-en-san-pedro\/"},"wordCount":287,"commentCount":0,"publisher":{"@id":"https:\/\/noticiasmercedinas.com\/site\/#organization"},"image":{"@id":"https:\/\/noticiasmercedinas.com\/site\/2020\/12\/09\/roman-gorocito-gana-en-san-pedro\/#primaryimage"},"thumbnailUrl":"https:\/\/noticiasmercedinas.com\/site\/wp-content\/uploads\/2020\/12\/sanpedro.jpg","keywords":["cciclismo","leonardo videla","Rom\u00e1n Gorocito","san pedro"],"articleSection":["Deportes"],"inLanguage":"es","potentialAction":[{"@type":"CommentAction","name":"Comment","target":["https:\/\/noticiasmercedinas.com\/site\/2020\/12\/09\/roman-gorocito-gana-en-san-pedro\/#respond"]}]},{"@type":"WebPage","@id":"https:\/\/noticiasmercedinas.com\/site\/2020\/12\/09\/roman-gorocito-gana-en-san-pedro\/","url":"https:\/\/noticiasmercedinas.com\/site\/2020\/12\/09\/roman-gorocito-gana-en-san-pedro\/","name":"Rom\u00e1n Gorocito gana en San Pedro","isPartOf":{"@id":"https:\/\/noticiasmercedinas.com\/site\/#website"},"primaryImageOfPage":{"@id":"https:\/\/noticiasmercedinas.com\/site\/2020\/12\/09\/roman-gorocito-gana-en-san-pedro\/#primaryimage"},"image":{"@id":"https:\/\/noticiasmercedinas.com\/site\/2020\/12\/09\/roman-gorocito-gana-en-san-pedro\/#primaryimage"},"thumbnailUrl":"https:\/\/noticiasmercedinas.com\/site\/wp-content\/uploads\/2020\/12\/sanpedro.jpg","datePublished":"2020-12-09T12:12:46+00:00","dateModified":"2020-12-09T17:21:42+00:00","breadcrumb":{"@id":"https:\/\/noticiasmercedinas.com\/site\/2020\/12\/09\/roman-gorocito-gana-en-san-pedro\/#breadcrumb"},"inLanguage":"es","potentialAction":[{"@type":"ReadAction","target":["https:\/\/noticiasmercedinas.com\/site\/2020\/12\/09\/roman-gorocito-gana-en-san-pedro\/"]}]},{"@type":"ImageObject","inLanguage":"es","@id":"https:\/\/noticiasmercedinas.com\/site\/2020\/12\/09\/roman-gorocito-gana-en-san-pedro\/#primaryimage","url":"https:\/\/noticiasmercedinas.com\/site\/wp-content\/uploads\/2020\/12\/sanpedro.jpg","contentUrl":"https:\/\/noticiasmercedinas.com\/site\/wp-content\/uploads\/2020\/12\/sanpedro.jpg","width":640,"height":320},{"@type":"BreadcrumbList","@id":"https:\/\/noticiasmercedinas.com\/site\/2020\/12\/09\/roman-gorocito-gana-en-san-pedro\/#breadcrumb","itemListElement":[{"@type":"ListItem","position":1,"name":"Portada","item":"https:\/\/noticiasmercedinas.com\/site\/"},{"@type":"ListItem","position":2,"name":"Rom\u00e1n Gorocito gana en San Pedro"}]},{"@type":"WebSite","@id":"https:\/\/noticiasmercedinas.com\/site\/#website","url":"https:\/\/noticiasmercedinas.com\/site\/","name":"NOTICIASMERCEDINAS.COM","description":"Mercedes, Buenos Aires, Argentina","publisher":{"@id":"https:\/\/noticiasmercedinas.com\/site\/#organization"},"potentialAction":[{"@type":"SearchAction","target":{"@type":"EntryPoint","urlTemplate":"https:\/\/noticiasmercedinas.com\/site\/?s={search_term_string}"},"query-input":{"@type":"PropertyValueSpecification","valueRequired":true,"valueName":"search_term_string"}}],"inLanguage":"es"},{"@type":"Organization","@id":"https:\/\/noticiasmercedinas.com\/site\/#organization","name":"NOTICIASMERCEDINAS.COM","url":"https:\/\/noticiasmercedinas.com\/site\/","logo":{"@type":"ImageObject","inLanguage":"es","@id":"https:\/\/noticiasmercedinas.com\/site\/#\/schema\/logo\/image\/","url":"https:\/\/noticiasmercedinas.com\/site\/wp-content\/uploads\/2020\/06\/LOGO-512.jpg","contentUrl":"https:\/\/noticiasmercedinas.com\/site\/wp-content\/uploads\/2020\/06\/LOGO-512.jpg","width":512,"height":512,"caption":"NOTICIASMERCEDINAS.COM"},"image":{"@id":"https:\/\/noticiasmercedinas.com\/site\/#\/schema\/logo\/image\/"},"sameAs":["https:\/\/www.facebook.com\/noticiasmercedinas\/","https:\/\/x.com\/notmercedinas","https:\/\/www.instagram.com\/noticiasmercedinas\/"]},{"@type":"Person","@id":"https:\/\/noticiasmercedinas.com\/site\/#\/schema\/person\/8f2f09d666ef40986eba4a5e6f2a06f9","name":"Juan Dagnino NOTICIASMERCEDINAS.COM","image":{"@type":"ImageObject","inLanguage":"es","@id":"https:\/\/secure.gravatar.com\/avatar\/fc7059a769f5a3cae65fadb228a3e4accf3a64b4b2305020d0a27e6d5333c91b?s=96&d=mm&r=g","url":"https:\/\/secure.gravatar.com\/avatar\/fc7059a769f5a3cae65fadb228a3e4accf3a64b4b2305020d0a27e6d5333c91b?s=96&d=mm&r=g","contentUrl":"https:\/\/secure.gravatar.com\/avatar\/fc7059a769f5a3cae65fadb228a3e4accf3a64b4b2305020d0a27e6d5333c91b?s=96&d=mm&r=g","caption":"Juan Dagnino NOTICIASMERCEDINAS.COM"},"url":"https:\/\/noticiasmercedinas.com\/site\/author\/juandagnino\/"}]}},"amp_enabled":true,"_links":{"self":[{"href":"https:\/\/noticiasmercedinas.com\/site\/wp-json\/wp\/v2\/posts\/57966","targetHints":{"allow":["GET"]}}],"collection":[{"href":"https:\/\/noticiasmercedinas.com\/site\/wp-json\/wp\/v2\/posts"}],"about":[{"href":"https:\/\/noticiasmercedinas.com\/site\/wp-json\/wp\/v2\/types\/post"}],"author":[{"embeddable":true,"href":"https:\/\/noticiasmercedinas.com\/site\/wp-json\/wp\/v2\/users\/6"}],"replies":[{"embeddable":true,"href":"https:\/\/noticiasmercedinas.com\/site\/wp-json\/wp\/v2\/comments?post=57966"}],"version-history":[{"count":3,"href":"https:\/\/noticiasmercedinas.com\/site\/wp-json\/wp\/v2\/posts\/57966\/revisions"}],"predecessor-version":[{"id":58004,"href":"https:\/\/noticiasmercedinas.com\/site\/wp-json\/wp\/v2\/posts\/57966\/revisions\/58004"}],"wp:featuredmedia":[{"embeddable":true,"href":"https:\/\/noticiasmercedinas.com\/site\/wp-json\/wp\/v2\/media\/57967"}],"wp:attachment":[{"href":"https:\/\/noticiasmercedinas.com\/site\/wp-json\/wp\/v2\/media?parent=57966"}],"wp:term":[{"taxonomy":"category","embeddable":true,"href":"https:\/\/noticiasmercedinas.com\/site\/wp-json\/wp\/v2\/categories?post=57966"},{"taxonomy":"post_tag","embeddable":true,"href":"https:\/\/noticiasmercedinas.com\/site\/wp-json\/wp\/v2\/tags?post=57966"}],"curies":[{"name":"wp","href":"https:\/\/api.w.org\/{rel}","templated":true}]}}