{"id":58102,"date":"2020-12-11T09:54:07","date_gmt":"2020-12-11T12:54:07","guid":{"rendered":"https:\/\/noticiasmercedinas.com\/site\/?p=58102"},"modified":"2020-12-11T09:54:07","modified_gmt":"2020-12-11T12:54:07","slug":"celebran-desde-cicop-la-implementacion-de-licencias-covid-19","status":"publish","type":"post","link":"https:\/\/noticiasmercedinas.com\/site\/2020\/12\/11\/celebran-desde-cicop-la-implementacion-de-licencias-covid-19\/","title":{"rendered":"Celebran desde CICOP la implementaci\u00f3n de licencias Covid-19"},"content":{"rendered":"<p><img loading=\"lazy\" decoding=\"async\" class=\"alignnone wp-image-58104\" src=\"https:\/\/noticiasmercedinas.com\/site\/wp-content\/uploads\/2020\/12\/cdras.jpeg\" alt=\"\" width=\"640\" height=\"360\" srcset=\"https:\/\/noticiasmercedinas.com\/site\/wp-content\/uploads\/2020\/12\/cdras.jpeg 620w, https:\/\/noticiasmercedinas.com\/site\/wp-content\/uploads\/2020\/12\/cdras-300x169.jpeg 300w\" sizes=\"auto, (max-width: 640px) 100vw, 640px\" \/><\/p>\n<p>Desde la CICOP Mercedes, el doctor Hern\u00e1n Rivero celebr\u00f3 el anuncio de las licencias excepcionales por Covid-19 para todos los trabajadores de la salud. \u201cEs una licencia otorgada tras el en\u00e9rgico reclamo de los gremios de trabajadores de la salud, como ATE, CICOP y FESPROSA\u201d, remarc\u00f3 Rivero.<\/p>\n<p>\u201cA este pedido lo venimos haciendo con un reclamo insistente y en\u00e9rgico desde los gremios. Celebramos que finalmente sali\u00f3\u201d, destac\u00f3 el profesional.<\/p>\n<p>En la resoluci\u00f3n provincial, fechada el 9 de diciembre, se plantea la posibilidad de otorgar al personal dependiente del Ministerio de Salud, cualquiera sea el r\u00e9gimen estatutario al que pertenezca, as\u00ed como a quienes se desempe\u00f1an bajo el sistema de Residencias Profesionales y Becarios en la citada Cartera, y que se encuentren alcanzados por la suspensi\u00f3n temporal de las licencias y permisos en los t\u00e9rminos de la Resoluci\u00f3n N\u00b0 412\/2020 del Ministerio de Salud, un \u201cDescanso Excepcional COVID-19\u201d consistente en la dispensa de prestar labores, tanto presenciales como de car\u00e1cter remoto, por el t\u00e9rmino m\u00e1ximo de 12 d\u00edas corridos, el cual podr\u00e1 fraccionarse hasta en 2 per\u00edodos, sin afectar la percepci\u00f3n de las remuneraciones normales, ni los adicionales que por Ley o Convenio le correspondiere percibir.<\/p>\n<p>Adem\u00e1s se autoriza a quienes ejerzan las funciones directivas en las distintas dependencias del Ministerio de Salud de la Provincia de Buenos Aires, a otorgar el \u201cDescanso Excepcional COVID-19\u201d. Y se determina que quienes ejerzan las funciones directivas en las distintas dependencias del Ministerio de Salud de la Provincia de Buenos Aires, podr\u00e1n disponer el otorgamiento del \u201cDescanso Excepcional COVID-19\u201d en tanto se encuentre garantizada la capacidad de asistencia sanitaria del sistema de salud, sin afectar el normal desarrollo del cumplimiento de las funciones encomendadas a tales fines, en la lucha contra de la Pandemia declarada por la Organizaci\u00f3n Mundial de la Salud (OMS) en relaci\u00f3n con el coronavirus COVID19.<\/p>\n<p>El \u201cDescanso Excepcional COVID-19\u201d podr\u00e1 ser interrumpido de manera inmediata por razones de servicio en cualquier estadio, por la autoridad que haya dispuesto su otorgamiento, pudi\u00e9ndose hacer uso del remanente de d\u00edas, una vez finalizada la causal de interrupci\u00f3n del descanso.<\/p>\n<p>Estas medidas se encontrar\u00e1n vigentes durante el estado de emergencia sanitaria en el \u00e1mbito de la Provincia de Buenos Aires establecida en el Decreto N\u00b0 132\/2020, ratificado por la Ley N\u00b0 15.174 (promulgada por Decreto N\u00ba 432\/2020, B.O. N\u00ba 28779 de fecha 28\/05\/20), prorrogado por el Decreto N\u00b0 771\/2020.<\/p>\n","protected":false},"excerpt":{"rendered":"<p>\u25a0 Profesionales de la salud destacan que fue producto del insistente reclamo. El descanso excepcional para trabajadores de la salud podr\u00e1 ser por el t\u00e9rmino m\u00e1ximo de 12 d\u00edas corridos.<\/p>\n","protected":false},"author":16,"featured_media":58104,"comment_status":"open","ping_status":"open","sticky":false,"template":"","format":"standard","meta":{"footnotes":""},"categories":[10],"tags":[125,56,8392,3746,71],"class_list":["post-58102","post","type-post","status-publish","format-standard","has-post-thumbnail","hentry","category-especiales","tag-ate","tag-cicop","tag-coronavirus","tag-fesprosa","tag-salud"],"yoast_head":"<!-- This site is optimized with the Yoast SEO plugin v27.5 - https:\/\/yoast.com\/product\/yoast-seo-wordpress\/ -->\n<title>Celebran desde CICOP la implementaci\u00f3n de licencias Covid-19<\/title>\n<meta name=\"robots\" content=\"index, follow, max-snippet:-1, max-image-preview:large, max-video-preview:-1\" \/>\n<link rel=\"canonical\" href=\"https:\/\/noticiasmercedinas.com\/site\/2020\/12\/11\/celebran-desde-cicop-la-implementacion-de-licencias-covid-19\/\" \/>\n<meta property=\"og:locale\" content=\"es_ES\" \/>\n<meta property=\"og:type\" content=\"article\" \/>\n<meta property=\"og:title\" content=\"Celebran desde CICOP la implementaci\u00f3n de licencias Covid-19\" \/>\n<meta property=\"og:description\" content=\"\u25a0 Profesionales de la salud destacan que fue producto del insistente reclamo. El descanso excepcional para trabajadores de la salud podr\u00e1 ser por el t\u00e9rmino m\u00e1ximo de 12 d\u00edas corridos.\" \/>\n<meta property=\"og:url\" content=\"https:\/\/noticiasmercedinas.com\/site\/2020\/12\/11\/celebran-desde-cicop-la-implementacion-de-licencias-covid-19\/\" \/>\n<meta property=\"og:site_name\" content=\"NOTICIASMERCEDINAS.COM\" \/>\n<meta property=\"article:publisher\" content=\"https:\/\/www.facebook.com\/noticiasmercedinas\/\" \/>\n<meta property=\"article:published_time\" content=\"2020-12-11T12:54:07+00:00\" \/>\n<meta property=\"og:image\" content=\"https:\/\/noticiasmercedinas.com\/site\/wp-content\/uploads\/2020\/12\/cdras.jpeg\" \/>\n\t<meta property=\"og:image:width\" content=\"620\" \/>\n\t<meta property=\"og:image:height\" content=\"349\" \/>\n\t<meta property=\"og:image:type\" content=\"image\/jpeg\" \/>\n<meta name=\"author\" content=\"NOTICIASMERCEDINAS.COM\" \/>\n<meta name=\"twitter:card\" content=\"summary_large_image\" \/>\n<meta name=\"twitter:creator\" content=\"@notmercedinas\" \/>\n<meta name=\"twitter:site\" content=\"@notmercedinas\" \/>\n<meta name=\"twitter:label1\" content=\"Escrito por\" \/>\n\t<meta name=\"twitter:data1\" content=\"NOTICIASMERCEDINAS.COM\" \/>\n\t<meta name=\"twitter:label2\" content=\"Tiempo de lectura\" \/>\n\t<meta name=\"twitter:data2\" content=\"2 minutos\" \/>\n<script type=\"application\/ld+json\" class=\"yoast-schema-graph\">{\"@context\":\"https:\\\/\\\/schema.org\",\"@graph\":[{\"@type\":\"Article\",\"@id\":\"https:\\\/\\\/noticiasmercedinas.com\\\/site\\\/2020\\\/12\\\/11\\\/celebran-desde-cicop-la-implementacion-de-licencias-covid-19\\\/#article\",\"isPartOf\":{\"@id\":\"https:\\\/\\\/noticiasmercedinas.com\\\/site\\\/2020\\\/12\\\/11\\\/celebran-desde-cicop-la-implementacion-de-licencias-covid-19\\\/\"},\"author\":{\"name\":\"NOTICIASMERCEDINAS.COM\",\"@id\":\"https:\\\/\\\/noticiasmercedinas.com\\\/site\\\/#\\\/schema\\\/person\\\/84b59c099c28ff2e8b77d4ceec5d8063\"},\"headline\":\"Celebran desde CICOP la implementaci\u00f3n de licencias Covid-19\",\"datePublished\":\"2020-12-11T12:54:07+00:00\",\"mainEntityOfPage\":{\"@id\":\"https:\\\/\\\/noticiasmercedinas.com\\\/site\\\/2020\\\/12\\\/11\\\/celebran-desde-cicop-la-implementacion-de-licencias-covid-19\\\/\"},\"wordCount\":418,\"commentCount\":0,\"publisher\":{\"@id\":\"https:\\\/\\\/noticiasmercedinas.com\\\/site\\\/#organization\"},\"image\":{\"@id\":\"https:\\\/\\\/noticiasmercedinas.com\\\/site\\\/2020\\\/12\\\/11\\\/celebran-desde-cicop-la-implementacion-de-licencias-covid-19\\\/#primaryimage\"},\"thumbnailUrl\":\"https:\\\/\\\/noticiasmercedinas.com\\\/site\\\/wp-content\\\/uploads\\\/2020\\\/12\\\/cdras.jpeg\",\"keywords\":[\"ate\",\"Cicop\",\"coronavirus\",\"fesprosa\",\"salud\"],\"articleSection\":[\"Covid-19\"],\"inLanguage\":\"es\",\"potentialAction\":[{\"@type\":\"CommentAction\",\"name\":\"Comment\",\"target\":[\"https:\\\/\\\/noticiasmercedinas.com\\\/site\\\/2020\\\/12\\\/11\\\/celebran-desde-cicop-la-implementacion-de-licencias-covid-19\\\/#respond\"]}]},{\"@type\":\"WebPage\",\"@id\":\"https:\\\/\\\/noticiasmercedinas.com\\\/site\\\/2020\\\/12\\\/11\\\/celebran-desde-cicop-la-implementacion-de-licencias-covid-19\\\/\",\"url\":\"https:\\\/\\\/noticiasmercedinas.com\\\/site\\\/2020\\\/12\\\/11\\\/celebran-desde-cicop-la-implementacion-de-licencias-covid-19\\\/\",\"name\":\"Celebran desde CICOP la implementaci\u00f3n de licencias Covid-19\",\"isPartOf\":{\"@id\":\"https:\\\/\\\/noticiasmercedinas.com\\\/site\\\/#website\"},\"primaryImageOfPage\":{\"@id\":\"https:\\\/\\\/noticiasmercedinas.com\\\/site\\\/2020\\\/12\\\/11\\\/celebran-desde-cicop-la-implementacion-de-licencias-covid-19\\\/#primaryimage\"},\"image\":{\"@id\":\"https:\\\/\\\/noticiasmercedinas.com\\\/site\\\/2020\\\/12\\\/11\\\/celebran-desde-cicop-la-implementacion-de-licencias-covid-19\\\/#primaryimage\"},\"thumbnailUrl\":\"https:\\\/\\\/noticiasmercedinas.com\\\/site\\\/wp-content\\\/uploads\\\/2020\\\/12\\\/cdras.jpeg\",\"datePublished\":\"2020-12-11T12:54:07+00:00\",\"breadcrumb\":{\"@id\":\"https:\\\/\\\/noticiasmercedinas.com\\\/site\\\/2020\\\/12\\\/11\\\/celebran-desde-cicop-la-implementacion-de-licencias-covid-19\\\/#breadcrumb\"},\"inLanguage\":\"es\",\"potentialAction\":[{\"@type\":\"ReadAction\",\"target\":[\"https:\\\/\\\/noticiasmercedinas.com\\\/site\\\/2020\\\/12\\\/11\\\/celebran-desde-cicop-la-implementacion-de-licencias-covid-19\\\/\"]}]},{\"@type\":\"ImageObject\",\"inLanguage\":\"es\",\"@id\":\"https:\\\/\\\/noticiasmercedinas.com\\\/site\\\/2020\\\/12\\\/11\\\/celebran-desde-cicop-la-implementacion-de-licencias-covid-19\\\/#primaryimage\",\"url\":\"https:\\\/\\\/noticiasmercedinas.com\\\/site\\\/wp-content\\\/uploads\\\/2020\\\/12\\\/cdras.jpeg\",\"contentUrl\":\"https:\\\/\\\/noticiasmercedinas.com\\\/site\\\/wp-content\\\/uploads\\\/2020\\\/12\\\/cdras.jpeg\",\"width\":620,\"height\":349},{\"@type\":\"BreadcrumbList\",\"@id\":\"https:\\\/\\\/noticiasmercedinas.com\\\/site\\\/2020\\\/12\\\/11\\\/celebran-desde-cicop-la-implementacion-de-licencias-covid-19\\\/#breadcrumb\",\"itemListElement\":[{\"@type\":\"ListItem\",\"position\":1,\"name\":\"Portada\",\"item\":\"https:\\\/\\\/noticiasmercedinas.com\\\/site\\\/\"},{\"@type\":\"ListItem\",\"position\":2,\"name\":\"Celebran desde CICOP la implementaci\u00f3n de licencias Covid-19\"}]},{\"@type\":\"WebSite\",\"@id\":\"https:\\\/\\\/noticiasmercedinas.com\\\/site\\\/#website\",\"url\":\"https:\\\/\\\/noticiasmercedinas.com\\\/site\\\/\",\"name\":\"NOTICIASMERCEDINAS.COM\",\"description\":\"Mercedes, Buenos Aires, Argentina\",\"publisher\":{\"@id\":\"https:\\\/\\\/noticiasmercedinas.com\\\/site\\\/#organization\"},\"potentialAction\":[{\"@type\":\"SearchAction\",\"target\":{\"@type\":\"EntryPoint\",\"urlTemplate\":\"https:\\\/\\\/noticiasmercedinas.com\\\/site\\\/?s={search_term_string}\"},\"query-input\":{\"@type\":\"PropertyValueSpecification\",\"valueRequired\":true,\"valueName\":\"search_term_string\"}}],\"inLanguage\":\"es\"},{\"@type\":\"Organization\",\"@id\":\"https:\\\/\\\/noticiasmercedinas.com\\\/site\\\/#organization\",\"name\":\"NOTICIASMERCEDINAS.COM\",\"url\":\"https:\\\/\\\/noticiasmercedinas.com\\\/site\\\/\",\"logo\":{\"@type\":\"ImageObject\",\"inLanguage\":\"es\",\"@id\":\"https:\\\/\\\/noticiasmercedinas.com\\\/site\\\/#\\\/schema\\\/logo\\\/image\\\/\",\"url\":\"https:\\\/\\\/noticiasmercedinas.com\\\/site\\\/wp-content\\\/uploads\\\/2020\\\/06\\\/LOGO-512.jpg\",\"contentUrl\":\"https:\\\/\\\/noticiasmercedinas.com\\\/site\\\/wp-content\\\/uploads\\\/2020\\\/06\\\/LOGO-512.jpg\",\"width\":512,\"height\":512,\"caption\":\"NOTICIASMERCEDINAS.COM\"},\"image\":{\"@id\":\"https:\\\/\\\/noticiasmercedinas.com\\\/site\\\/#\\\/schema\\\/logo\\\/image\\\/\"},\"sameAs\":[\"https:\\\/\\\/www.facebook.com\\\/noticiasmercedinas\\\/\",\"https:\\\/\\\/x.com\\\/notmercedinas\",\"https:\\\/\\\/www.instagram.com\\\/noticiasmercedinas\\\/\"]},{\"@type\":\"Person\",\"@id\":\"https:\\\/\\\/noticiasmercedinas.com\\\/site\\\/#\\\/schema\\\/person\\\/84b59c099c28ff2e8b77d4ceec5d8063\",\"name\":\"NOTICIASMERCEDINAS.COM\",\"image\":{\"@type\":\"ImageObject\",\"inLanguage\":\"es\",\"@id\":\"https:\\\/\\\/secure.gravatar.com\\\/avatar\\\/4dfbf16b4d17945bfb6341b2d19043457132fcf478a5ee04f42e959fd8f5df0a?s=96&d=mm&r=g\",\"url\":\"https:\\\/\\\/secure.gravatar.com\\\/avatar\\\/4dfbf16b4d17945bfb6341b2d19043457132fcf478a5ee04f42e959fd8f5df0a?s=96&d=mm&r=g\",\"contentUrl\":\"https:\\\/\\\/secure.gravatar.com\\\/avatar\\\/4dfbf16b4d17945bfb6341b2d19043457132fcf478a5ee04f42e959fd8f5df0a?s=96&d=mm&r=g\",\"caption\":\"NOTICIASMERCEDINAS.COM\"},\"url\":\"https:\\\/\\\/noticiasmercedinas.com\\\/site\\\/author\\\/anonimo\\\/\"}]}<\/script>\n<!-- \/ Yoast SEO plugin. -->","yoast_head_json":{"title":"Celebran desde CICOP la implementaci\u00f3n de licencias Covid-19","robots":{"index":"index","follow":"follow","max-snippet":"max-snippet:-1","max-image-preview":"max-image-preview:large","max-video-preview":"max-video-preview:-1"},"canonical":"https:\/\/noticiasmercedinas.com\/site\/2020\/12\/11\/celebran-desde-cicop-la-implementacion-de-licencias-covid-19\/","og_locale":"es_ES","og_type":"article","og_title":"Celebran desde CICOP la implementaci\u00f3n de licencias Covid-19","og_description":"\u25a0 Profesionales de la salud destacan que fue producto del insistente reclamo. El descanso excepcional para trabajadores de la salud podr\u00e1 ser por el t\u00e9rmino m\u00e1ximo de 12 d\u00edas corridos.","og_url":"https:\/\/noticiasmercedinas.com\/site\/2020\/12\/11\/celebran-desde-cicop-la-implementacion-de-licencias-covid-19\/","og_site_name":"NOTICIASMERCEDINAS.COM","article_publisher":"https:\/\/www.facebook.com\/noticiasmercedinas\/","article_published_time":"2020-12-11T12:54:07+00:00","og_image":[{"width":620,"height":349,"url":"https:\/\/noticiasmercedinas.com\/site\/wp-content\/uploads\/2020\/12\/cdras.jpeg","type":"image\/jpeg"}],"author":"NOTICIASMERCEDINAS.COM","twitter_card":"summary_large_image","twitter_creator":"@notmercedinas","twitter_site":"@notmercedinas","twitter_misc":{"Escrito por":"NOTICIASMERCEDINAS.COM","Tiempo de lectura":"2 minutos"},"schema":{"@context":"https:\/\/schema.org","@graph":[{"@type":"Article","@id":"https:\/\/noticiasmercedinas.com\/site\/2020\/12\/11\/celebran-desde-cicop-la-implementacion-de-licencias-covid-19\/#article","isPartOf":{"@id":"https:\/\/noticiasmercedinas.com\/site\/2020\/12\/11\/celebran-desde-cicop-la-implementacion-de-licencias-covid-19\/"},"author":{"name":"NOTICIASMERCEDINAS.COM","@id":"https:\/\/noticiasmercedinas.com\/site\/#\/schema\/person\/84b59c099c28ff2e8b77d4ceec5d8063"},"headline":"Celebran desde CICOP la implementaci\u00f3n de licencias Covid-19","datePublished":"2020-12-11T12:54:07+00:00","mainEntityOfPage":{"@id":"https:\/\/noticiasmercedinas.com\/site\/2020\/12\/11\/celebran-desde-cicop-la-implementacion-de-licencias-covid-19\/"},"wordCount":418,"commentCount":0,"publisher":{"@id":"https:\/\/noticiasmercedinas.com\/site\/#organization"},"image":{"@id":"https:\/\/noticiasmercedinas.com\/site\/2020\/12\/11\/celebran-desde-cicop-la-implementacion-de-licencias-covid-19\/#primaryimage"},"thumbnailUrl":"https:\/\/noticiasmercedinas.com\/site\/wp-content\/uploads\/2020\/12\/cdras.jpeg","keywords":["ate","Cicop","coronavirus","fesprosa","salud"],"articleSection":["Covid-19"],"inLanguage":"es","potentialAction":[{"@type":"CommentAction","name":"Comment","target":["https:\/\/noticiasmercedinas.com\/site\/2020\/12\/11\/celebran-desde-cicop-la-implementacion-de-licencias-covid-19\/#respond"]}]},{"@type":"WebPage","@id":"https:\/\/noticiasmercedinas.com\/site\/2020\/12\/11\/celebran-desde-cicop-la-implementacion-de-licencias-covid-19\/","url":"https:\/\/noticiasmercedinas.com\/site\/2020\/12\/11\/celebran-desde-cicop-la-implementacion-de-licencias-covid-19\/","name":"Celebran desde CICOP la implementaci\u00f3n de licencias Covid-19","isPartOf":{"@id":"https:\/\/noticiasmercedinas.com\/site\/#website"},"primaryImageOfPage":{"@id":"https:\/\/noticiasmercedinas.com\/site\/2020\/12\/11\/celebran-desde-cicop-la-implementacion-de-licencias-covid-19\/#primaryimage"},"image":{"@id":"https:\/\/noticiasmercedinas.com\/site\/2020\/12\/11\/celebran-desde-cicop-la-implementacion-de-licencias-covid-19\/#primaryimage"},"thumbnailUrl":"https:\/\/noticiasmercedinas.com\/site\/wp-content\/uploads\/2020\/12\/cdras.jpeg","datePublished":"2020-12-11T12:54:07+00:00","breadcrumb":{"@id":"https:\/\/noticiasmercedinas.com\/site\/2020\/12\/11\/celebran-desde-cicop-la-implementacion-de-licencias-covid-19\/#breadcrumb"},"inLanguage":"es","potentialAction":[{"@type":"ReadAction","target":["https:\/\/noticiasmercedinas.com\/site\/2020\/12\/11\/celebran-desde-cicop-la-implementacion-de-licencias-covid-19\/"]}]},{"@type":"ImageObject","inLanguage":"es","@id":"https:\/\/noticiasmercedinas.com\/site\/2020\/12\/11\/celebran-desde-cicop-la-implementacion-de-licencias-covid-19\/#primaryimage","url":"https:\/\/noticiasmercedinas.com\/site\/wp-content\/uploads\/2020\/12\/cdras.jpeg","contentUrl":"https:\/\/noticiasmercedinas.com\/site\/wp-content\/uploads\/2020\/12\/cdras.jpeg","width":620,"height":349},{"@type":"BreadcrumbList","@id":"https:\/\/noticiasmercedinas.com\/site\/2020\/12\/11\/celebran-desde-cicop-la-implementacion-de-licencias-covid-19\/#breadcrumb","itemListElement":[{"@type":"ListItem","position":1,"name":"Portada","item":"https:\/\/noticiasmercedinas.com\/site\/"},{"@type":"ListItem","position":2,"name":"Celebran desde CICOP la implementaci\u00f3n de licencias Covid-19"}]},{"@type":"WebSite","@id":"https:\/\/noticiasmercedinas.com\/site\/#website","url":"https:\/\/noticiasmercedinas.com\/site\/","name":"NOTICIASMERCEDINAS.COM","description":"Mercedes, Buenos Aires, Argentina","publisher":{"@id":"https:\/\/noticiasmercedinas.com\/site\/#organization"},"potentialAction":[{"@type":"SearchAction","target":{"@type":"EntryPoint","urlTemplate":"https:\/\/noticiasmercedinas.com\/site\/?s={search_term_string}"},"query-input":{"@type":"PropertyValueSpecification","valueRequired":true,"valueName":"search_term_string"}}],"inLanguage":"es"},{"@type":"Organization","@id":"https:\/\/noticiasmercedinas.com\/site\/#organization","name":"NOTICIASMERCEDINAS.COM","url":"https:\/\/noticiasmercedinas.com\/site\/","logo":{"@type":"ImageObject","inLanguage":"es","@id":"https:\/\/noticiasmercedinas.com\/site\/#\/schema\/logo\/image\/","url":"https:\/\/noticiasmercedinas.com\/site\/wp-content\/uploads\/2020\/06\/LOGO-512.jpg","contentUrl":"https:\/\/noticiasmercedinas.com\/site\/wp-content\/uploads\/2020\/06\/LOGO-512.jpg","width":512,"height":512,"caption":"NOTICIASMERCEDINAS.COM"},"image":{"@id":"https:\/\/noticiasmercedinas.com\/site\/#\/schema\/logo\/image\/"},"sameAs":["https:\/\/www.facebook.com\/noticiasmercedinas\/","https:\/\/x.com\/notmercedinas","https:\/\/www.instagram.com\/noticiasmercedinas\/"]},{"@type":"Person","@id":"https:\/\/noticiasmercedinas.com\/site\/#\/schema\/person\/84b59c099c28ff2e8b77d4ceec5d8063","name":"NOTICIASMERCEDINAS.COM","image":{"@type":"ImageObject","inLanguage":"es","@id":"https:\/\/secure.gravatar.com\/avatar\/4dfbf16b4d17945bfb6341b2d19043457132fcf478a5ee04f42e959fd8f5df0a?s=96&d=mm&r=g","url":"https:\/\/secure.gravatar.com\/avatar\/4dfbf16b4d17945bfb6341b2d19043457132fcf478a5ee04f42e959fd8f5df0a?s=96&d=mm&r=g","contentUrl":"https:\/\/secure.gravatar.com\/avatar\/4dfbf16b4d17945bfb6341b2d19043457132fcf478a5ee04f42e959fd8f5df0a?s=96&d=mm&r=g","caption":"NOTICIASMERCEDINAS.COM"},"url":"https:\/\/noticiasmercedinas.com\/site\/author\/anonimo\/"}]}},"amp_enabled":true,"_links":{"self":[{"href":"https:\/\/noticiasmercedinas.com\/site\/wp-json\/wp\/v2\/posts\/58102","targetHints":{"allow":["GET"]}}],"collection":[{"href":"https:\/\/noticiasmercedinas.com\/site\/wp-json\/wp\/v2\/posts"}],"about":[{"href":"https:\/\/noticiasmercedinas.com\/site\/wp-json\/wp\/v2\/types\/post"}],"author":[{"embeddable":true,"href":"https:\/\/noticiasmercedinas.com\/site\/wp-json\/wp\/v2\/users\/16"}],"replies":[{"embeddable":true,"href":"https:\/\/noticiasmercedinas.com\/site\/wp-json\/wp\/v2\/comments?post=58102"}],"version-history":[{"count":1,"href":"https:\/\/noticiasmercedinas.com\/site\/wp-json\/wp\/v2\/posts\/58102\/revisions"}],"predecessor-version":[{"id":58105,"href":"https:\/\/noticiasmercedinas.com\/site\/wp-json\/wp\/v2\/posts\/58102\/revisions\/58105"}],"wp:featuredmedia":[{"embeddable":true,"href":"https:\/\/noticiasmercedinas.com\/site\/wp-json\/wp\/v2\/media\/58104"}],"wp:attachment":[{"href":"https:\/\/noticiasmercedinas.com\/site\/wp-json\/wp\/v2\/media?parent=58102"}],"wp:term":[{"taxonomy":"category","embeddable":true,"href":"https:\/\/noticiasmercedinas.com\/site\/wp-json\/wp\/v2\/categories?post=58102"},{"taxonomy":"post_tag","embeddable":true,"href":"https:\/\/noticiasmercedinas.com\/site\/wp-json\/wp\/v2\/tags?post=58102"}],"curies":[{"name":"wp","href":"https:\/\/api.w.org\/{rel}","templated":true}]}}