{"id":58129,"date":"2020-12-11T14:31:27","date_gmt":"2020-12-11T17:31:27","guid":{"rendered":"https:\/\/noticiasmercedinas.com\/site\/?p=58129"},"modified":"2020-12-11T14:31:27","modified_gmt":"2020-12-11T17:31:27","slug":"provincia-seguros-sancor-seguros-y-experta-seguros-se-unen-para-presentar-vacacionar-seguro","status":"publish","type":"post","link":"https:\/\/noticiasmercedinas.com\/site\/2020\/12\/11\/provincia-seguros-sancor-seguros-y-experta-seguros-se-unen-para-presentar-vacacionar-seguro\/","title":{"rendered":"Provincia Seguros, Sancor Seguros y Experta Seguros se unen para presentar \u00abVacacionAR Seguro\u00bb"},"content":{"rendered":"<p><img loading=\"lazy\" decoding=\"async\" class=\"alignnone size-full wp-image-58130\" src=\"https:\/\/noticiasmercedinas.com\/site\/wp-content\/uploads\/2020\/12\/VacacionAR-Seguro.jpg\" alt=\"\" width=\"900\" height=\"506\" srcset=\"https:\/\/noticiasmercedinas.com\/site\/wp-content\/uploads\/2020\/12\/VacacionAR-Seguro.jpg 900w, https:\/\/noticiasmercedinas.com\/site\/wp-content\/uploads\/2020\/12\/VacacionAR-Seguro-300x169.jpg 300w, https:\/\/noticiasmercedinas.com\/site\/wp-content\/uploads\/2020\/12\/VacacionAR-Seguro-768x432.jpg 768w, https:\/\/noticiasmercedinas.com\/site\/wp-content\/uploads\/2020\/12\/VacacionAR-Seguro-640x360.jpg 640w, https:\/\/noticiasmercedinas.com\/site\/wp-content\/uploads\/2020\/12\/VacacionAR-Seguro-681x383.jpg 681w\" sizes=\"auto, (max-width: 900px) 100vw, 900px\" \/><\/p>\n<p>Provincia Seguros, Sancor Seguros y Experta Seguros se aliaron para lanzar \u201cVacacionAR Seguro\u201d, un producto dise\u00f1ado especialmente para cubrir los riesgos derivados de la pandemia por Covid-19 durante la temporada de verano.<\/p>\n<p>Esta cobertura cuenta con la solidez y la solvencia de tres aseguradoras l\u00edderes del pa\u00eds, reunidas con un doble prop\u00f3sito, seg\u00fan destac\u00f3 Fernando Zack, presidente de Provincia Seguros: \u201cEl objetivo de esta alianza es brindar tranquilidad a quienes programen un viaje placentero durante la temporada de verano y promover el turismo seguro en todo el territorio nacional\u201d. Y agreg\u00f3: \u201cCon este lanzamiento, Provincia Seguros reafirma su compromiso de trabajo al servicio del impulso productivo y la reactivaci\u00f3n econ\u00f3mica de los destinos tur\u00edsticos locales\u201d.<\/p>\n<p>Por su parte, Alejandro Sim\u00f3n, CEO del Grupo Sancor Seguros, coment\u00f3: \u201cNuestra prioridad es estar siempre cerca de nuestros asegurados de la mano de nuestra amplia red de Productores Asesores a nivel nacional, ofreci\u00e9ndoles un servicio de primer nivel y coberturas adaptadas a sus necesidades y requerimientos. A trav\u00e9s de este nuevo producto, brindamos el acompa\u00f1amiento ideal para quienes quieren disfrutar de sus vacaciones sin las preocupaciones derivadas del contexto actual\u201d.<\/p>\n<p>Roy Humphreys, CEO de Experta Seguros, asegur\u00f3: \u201cComo empresa de capitales 100% nacionales y con una clara vocaci\u00f3n de cuidado y prevenci\u00f3n, nos sumamos a este proyecto para seguir contribuyendo con el desarrollo del pa\u00eds, a trav\u00e9s de la reactivaci\u00f3n del turismo, y con el firme compromiso en el cuidado de las personas\u201d<\/p>\n<p>El seguro puede ser contratado de forma individual o por grupo familiar a trav\u00e9s de la red de Productoras y Productores Asesores de las compa\u00f1\u00edas participantes o a trav\u00e9s del sitio <a href=\"http:\/\/www.vacacionarseguro.com.ar\" target=\"_blank\" rel=\"noopener\"><strong><span style=\"color: #000080;\">www.vacacionarseguro.com.ar<\/span><\/strong><\/a>. Incluye diferentes asistencias que se activan en forma previa o durante el per\u00edodo vacacional programado: en caso de cancelaci\u00f3n por diagn\u00f3stico positivo de Coronavirus, dentro de los 15 d\u00edas previos, cubre los gastos de alojamiento, excursiones o alquiler de autos; y durante las vacaciones los gastos por extensi\u00f3n de estad\u00eda, gastos m\u00e9dicos o farmac\u00e9uticos (en exceso o defecto de las obras sociales), traslados sanitarios y traslado de acompa\u00f1ante en caso de una persona familiar internada.<\/p>\n<p>Adem\u00e1s de la adhesi\u00f3n al seguro, para disfrutar de vacaciones sin riesgos, es importante respetar los protocolos establecidos por los organismos competentes nacionales y provinciales, as\u00ed como tambi\u00e9n continuar con las medidas de prevenci\u00f3n y las recomendaciones de higiene que permiten combatir el virus.<\/p>\n<p>Para m\u00e1s informaci\u00f3n, comunicarse con su Productora o Productor Asesor de Seguros, al centro de atenci\u00f3n telef\u00f3nica, que funciona todos los d\u00edas durante las 24 horas para solicitar asistencia en caso de contagio y de lunes a viernes de 8 a 20 horas para consultas comerciales y condiciones de contrataci\u00f3n: 0800-333-3260 o ingresar a <a href=\"http:\/\/www.vacacionarseguro.com.ar\" target=\"_blank\" rel=\"noopener\"><span style=\"color: #000080;\"><strong>www.vacacionarseguro.com.ar<\/strong><\/span><\/a><\/p>\n<p><img loading=\"lazy\" decoding=\"async\" class=\"alignnone size-large wp-image-58131\" src=\"https:\/\/noticiasmercedinas.com\/site\/wp-content\/uploads\/2020\/12\/Post-6-1-1024x1024.jpg\" alt=\"\" width=\"640\" height=\"640\" srcset=\"https:\/\/noticiasmercedinas.com\/site\/wp-content\/uploads\/2020\/12\/Post-6-1-1024x1024.jpg 1024w, https:\/\/noticiasmercedinas.com\/site\/wp-content\/uploads\/2020\/12\/Post-6-1-300x300.jpg 300w, https:\/\/noticiasmercedinas.com\/site\/wp-content\/uploads\/2020\/12\/Post-6-1-150x150.jpg 150w, https:\/\/noticiasmercedinas.com\/site\/wp-content\/uploads\/2020\/12\/Post-6-1-768x768.jpg 768w, https:\/\/noticiasmercedinas.com\/site\/wp-content\/uploads\/2020\/12\/Post-6-1-640x640.jpg 640w, https:\/\/noticiasmercedinas.com\/site\/wp-content\/uploads\/2020\/12\/Post-6-1-681x681.jpg 681w, https:\/\/noticiasmercedinas.com\/site\/wp-content\/uploads\/2020\/12\/Post-6-1.jpg 1080w\" sizes=\"auto, (max-width: 640px) 100vw, 640px\" \/><\/p>\n","protected":false},"excerpt":{"rendered":"<p>Provincia Seguros, Sancor Seguros y Experta Seguros se aliaron para lanzar \u201cVacacionAR Seguro\u201d, un producto dise\u00f1ado especialmente para cubrir los riesgos derivados de la pandemia por Covid-19 durante la temporada de verano. Esta cobertura cuenta con la solidez y la solvencia de tres aseguradoras l\u00edderes del pa\u00eds, reunidas con un doble prop\u00f3sito, seg\u00fan destac\u00f3 Fernando [&hellip;]<\/p>\n","protected":false},"author":16,"featured_media":58130,"comment_status":"open","ping_status":"open","sticky":false,"template":"","format":"standard","meta":{"footnotes":""},"categories":[74],"tags":[10959,10417,10958,6401,2749],"class_list":["post-58129","post","type-post","status-publish","format-standard","has-post-thumbnail","hentry","category-emprendimientos","tag-experta-seguros","tag-provincia-seguros","tag-sancor-seguros","tag-seguro","tag-vacaciones"],"yoast_head":"<!-- This site is optimized with the Yoast SEO plugin v27.5 - https:\/\/yoast.com\/product\/yoast-seo-wordpress\/ -->\n<title>Provincia Seguros, Sancor Seguros y Experta Seguros se unen para presentar &quot;VacacionAR Seguro&quot;<\/title>\n<meta name=\"robots\" content=\"index, follow, max-snippet:-1, max-image-preview:large, max-video-preview:-1\" \/>\n<link rel=\"canonical\" href=\"https:\/\/noticiasmercedinas.com\/site\/2020\/12\/11\/provincia-seguros-sancor-seguros-y-experta-seguros-se-unen-para-presentar-vacacionar-seguro\/\" \/>\n<meta property=\"og:locale\" content=\"es_ES\" \/>\n<meta property=\"og:type\" content=\"article\" \/>\n<meta property=\"og:title\" content=\"Provincia Seguros, Sancor Seguros y Experta Seguros se unen para presentar &quot;VacacionAR Seguro&quot;\" \/>\n<meta property=\"og:description\" content=\"Provincia Seguros, Sancor Seguros y Experta Seguros se aliaron para lanzar \u201cVacacionAR Seguro\u201d, un producto dise\u00f1ado especialmente para cubrir los riesgos derivados de la pandemia por Covid-19 durante la temporada de verano. Esta cobertura cuenta con la solidez y la solvencia de tres aseguradoras l\u00edderes del pa\u00eds, reunidas con un doble prop\u00f3sito, seg\u00fan destac\u00f3 Fernando [&hellip;]\" \/>\n<meta property=\"og:url\" content=\"https:\/\/noticiasmercedinas.com\/site\/2020\/12\/11\/provincia-seguros-sancor-seguros-y-experta-seguros-se-unen-para-presentar-vacacionar-seguro\/\" \/>\n<meta property=\"og:site_name\" content=\"NOTICIASMERCEDINAS.COM\" \/>\n<meta property=\"article:publisher\" content=\"https:\/\/www.facebook.com\/noticiasmercedinas\/\" \/>\n<meta property=\"article:published_time\" content=\"2020-12-11T17:31:27+00:00\" \/>\n<meta property=\"og:image\" content=\"https:\/\/noticiasmercedinas.com\/site\/wp-content\/uploads\/2020\/12\/VacacionAR-Seguro.jpg\" \/>\n\t<meta property=\"og:image:width\" content=\"900\" \/>\n\t<meta property=\"og:image:height\" content=\"506\" \/>\n\t<meta property=\"og:image:type\" content=\"image\/jpeg\" \/>\n<meta name=\"author\" content=\"NOTICIASMERCEDINAS.COM\" \/>\n<meta name=\"twitter:card\" content=\"summary_large_image\" \/>\n<meta name=\"twitter:creator\" content=\"@notmercedinas\" \/>\n<meta name=\"twitter:site\" content=\"@notmercedinas\" \/>\n<meta name=\"twitter:label1\" content=\"Escrito por\" \/>\n\t<meta name=\"twitter:data1\" content=\"NOTICIASMERCEDINAS.COM\" \/>\n\t<meta name=\"twitter:label2\" content=\"Tiempo de lectura\" \/>\n\t<meta name=\"twitter:data2\" content=\"2 minutos\" \/>\n<script type=\"application\/ld+json\" class=\"yoast-schema-graph\">{\"@context\":\"https:\\\/\\\/schema.org\",\"@graph\":[{\"@type\":\"Article\",\"@id\":\"https:\\\/\\\/noticiasmercedinas.com\\\/site\\\/2020\\\/12\\\/11\\\/provincia-seguros-sancor-seguros-y-experta-seguros-se-unen-para-presentar-vacacionar-seguro\\\/#article\",\"isPartOf\":{\"@id\":\"https:\\\/\\\/noticiasmercedinas.com\\\/site\\\/2020\\\/12\\\/11\\\/provincia-seguros-sancor-seguros-y-experta-seguros-se-unen-para-presentar-vacacionar-seguro\\\/\"},\"author\":{\"name\":\"NOTICIASMERCEDINAS.COM\",\"@id\":\"https:\\\/\\\/noticiasmercedinas.com\\\/site\\\/#\\\/schema\\\/person\\\/84b59c099c28ff2e8b77d4ceec5d8063\"},\"headline\":\"Provincia Seguros, Sancor Seguros y Experta Seguros se unen para presentar \u00abVacacionAR Seguro\u00bb\",\"datePublished\":\"2020-12-11T17:31:27+00:00\",\"mainEntityOfPage\":{\"@id\":\"https:\\\/\\\/noticiasmercedinas.com\\\/site\\\/2020\\\/12\\\/11\\\/provincia-seguros-sancor-seguros-y-experta-seguros-se-unen-para-presentar-vacacionar-seguro\\\/\"},\"wordCount\":499,\"commentCount\":0,\"publisher\":{\"@id\":\"https:\\\/\\\/noticiasmercedinas.com\\\/site\\\/#organization\"},\"image\":{\"@id\":\"https:\\\/\\\/noticiasmercedinas.com\\\/site\\\/2020\\\/12\\\/11\\\/provincia-seguros-sancor-seguros-y-experta-seguros-se-unen-para-presentar-vacacionar-seguro\\\/#primaryimage\"},\"thumbnailUrl\":\"https:\\\/\\\/noticiasmercedinas.com\\\/site\\\/wp-content\\\/uploads\\\/2020\\\/12\\\/VacacionAR-Seguro.jpg\",\"keywords\":[\"experta seguros\",\"provincia seguros\",\"sancor seguros\",\"seguro\",\"vacaciones\"],\"articleSection\":[\"Emprendimientos\"],\"inLanguage\":\"es\",\"potentialAction\":[{\"@type\":\"CommentAction\",\"name\":\"Comment\",\"target\":[\"https:\\\/\\\/noticiasmercedinas.com\\\/site\\\/2020\\\/12\\\/11\\\/provincia-seguros-sancor-seguros-y-experta-seguros-se-unen-para-presentar-vacacionar-seguro\\\/#respond\"]}]},{\"@type\":\"WebPage\",\"@id\":\"https:\\\/\\\/noticiasmercedinas.com\\\/site\\\/2020\\\/12\\\/11\\\/provincia-seguros-sancor-seguros-y-experta-seguros-se-unen-para-presentar-vacacionar-seguro\\\/\",\"url\":\"https:\\\/\\\/noticiasmercedinas.com\\\/site\\\/2020\\\/12\\\/11\\\/provincia-seguros-sancor-seguros-y-experta-seguros-se-unen-para-presentar-vacacionar-seguro\\\/\",\"name\":\"Provincia Seguros, Sancor Seguros y Experta Seguros se unen para presentar \\\"VacacionAR Seguro\\\"\",\"isPartOf\":{\"@id\":\"https:\\\/\\\/noticiasmercedinas.com\\\/site\\\/#website\"},\"primaryImageOfPage\":{\"@id\":\"https:\\\/\\\/noticiasmercedinas.com\\\/site\\\/2020\\\/12\\\/11\\\/provincia-seguros-sancor-seguros-y-experta-seguros-se-unen-para-presentar-vacacionar-seguro\\\/#primaryimage\"},\"image\":{\"@id\":\"https:\\\/\\\/noticiasmercedinas.com\\\/site\\\/2020\\\/12\\\/11\\\/provincia-seguros-sancor-seguros-y-experta-seguros-se-unen-para-presentar-vacacionar-seguro\\\/#primaryimage\"},\"thumbnailUrl\":\"https:\\\/\\\/noticiasmercedinas.com\\\/site\\\/wp-content\\\/uploads\\\/2020\\\/12\\\/VacacionAR-Seguro.jpg\",\"datePublished\":\"2020-12-11T17:31:27+00:00\",\"breadcrumb\":{\"@id\":\"https:\\\/\\\/noticiasmercedinas.com\\\/site\\\/2020\\\/12\\\/11\\\/provincia-seguros-sancor-seguros-y-experta-seguros-se-unen-para-presentar-vacacionar-seguro\\\/#breadcrumb\"},\"inLanguage\":\"es\",\"potentialAction\":[{\"@type\":\"ReadAction\",\"target\":[\"https:\\\/\\\/noticiasmercedinas.com\\\/site\\\/2020\\\/12\\\/11\\\/provincia-seguros-sancor-seguros-y-experta-seguros-se-unen-para-presentar-vacacionar-seguro\\\/\"]}]},{\"@type\":\"ImageObject\",\"inLanguage\":\"es\",\"@id\":\"https:\\\/\\\/noticiasmercedinas.com\\\/site\\\/2020\\\/12\\\/11\\\/provincia-seguros-sancor-seguros-y-experta-seguros-se-unen-para-presentar-vacacionar-seguro\\\/#primaryimage\",\"url\":\"https:\\\/\\\/noticiasmercedinas.com\\\/site\\\/wp-content\\\/uploads\\\/2020\\\/12\\\/VacacionAR-Seguro.jpg\",\"contentUrl\":\"https:\\\/\\\/noticiasmercedinas.com\\\/site\\\/wp-content\\\/uploads\\\/2020\\\/12\\\/VacacionAR-Seguro.jpg\",\"width\":900,\"height\":506},{\"@type\":\"BreadcrumbList\",\"@id\":\"https:\\\/\\\/noticiasmercedinas.com\\\/site\\\/2020\\\/12\\\/11\\\/provincia-seguros-sancor-seguros-y-experta-seguros-se-unen-para-presentar-vacacionar-seguro\\\/#breadcrumb\",\"itemListElement\":[{\"@type\":\"ListItem\",\"position\":1,\"name\":\"Portada\",\"item\":\"https:\\\/\\\/noticiasmercedinas.com\\\/site\\\/\"},{\"@type\":\"ListItem\",\"position\":2,\"name\":\"Provincia Seguros, Sancor Seguros y Experta Seguros se unen para presentar \u00abVacacionAR Seguro\u00bb\"}]},{\"@type\":\"WebSite\",\"@id\":\"https:\\\/\\\/noticiasmercedinas.com\\\/site\\\/#website\",\"url\":\"https:\\\/\\\/noticiasmercedinas.com\\\/site\\\/\",\"name\":\"NOTICIASMERCEDINAS.COM\",\"description\":\"Mercedes, Buenos Aires, Argentina\",\"publisher\":{\"@id\":\"https:\\\/\\\/noticiasmercedinas.com\\\/site\\\/#organization\"},\"potentialAction\":[{\"@type\":\"SearchAction\",\"target\":{\"@type\":\"EntryPoint\",\"urlTemplate\":\"https:\\\/\\\/noticiasmercedinas.com\\\/site\\\/?s={search_term_string}\"},\"query-input\":{\"@type\":\"PropertyValueSpecification\",\"valueRequired\":true,\"valueName\":\"search_term_string\"}}],\"inLanguage\":\"es\"},{\"@type\":\"Organization\",\"@id\":\"https:\\\/\\\/noticiasmercedinas.com\\\/site\\\/#organization\",\"name\":\"NOTICIASMERCEDINAS.COM\",\"url\":\"https:\\\/\\\/noticiasmercedinas.com\\\/site\\\/\",\"logo\":{\"@type\":\"ImageObject\",\"inLanguage\":\"es\",\"@id\":\"https:\\\/\\\/noticiasmercedinas.com\\\/site\\\/#\\\/schema\\\/logo\\\/image\\\/\",\"url\":\"https:\\\/\\\/noticiasmercedinas.com\\\/site\\\/wp-content\\\/uploads\\\/2020\\\/06\\\/LOGO-512.jpg\",\"contentUrl\":\"https:\\\/\\\/noticiasmercedinas.com\\\/site\\\/wp-content\\\/uploads\\\/2020\\\/06\\\/LOGO-512.jpg\",\"width\":512,\"height\":512,\"caption\":\"NOTICIASMERCEDINAS.COM\"},\"image\":{\"@id\":\"https:\\\/\\\/noticiasmercedinas.com\\\/site\\\/#\\\/schema\\\/logo\\\/image\\\/\"},\"sameAs\":[\"https:\\\/\\\/www.facebook.com\\\/noticiasmercedinas\\\/\",\"https:\\\/\\\/x.com\\\/notmercedinas\",\"https:\\\/\\\/www.instagram.com\\\/noticiasmercedinas\\\/\"]},{\"@type\":\"Person\",\"@id\":\"https:\\\/\\\/noticiasmercedinas.com\\\/site\\\/#\\\/schema\\\/person\\\/84b59c099c28ff2e8b77d4ceec5d8063\",\"name\":\"NOTICIASMERCEDINAS.COM\",\"image\":{\"@type\":\"ImageObject\",\"inLanguage\":\"es\",\"@id\":\"https:\\\/\\\/secure.gravatar.com\\\/avatar\\\/4dfbf16b4d17945bfb6341b2d19043457132fcf478a5ee04f42e959fd8f5df0a?s=96&d=mm&r=g\",\"url\":\"https:\\\/\\\/secure.gravatar.com\\\/avatar\\\/4dfbf16b4d17945bfb6341b2d19043457132fcf478a5ee04f42e959fd8f5df0a?s=96&d=mm&r=g\",\"contentUrl\":\"https:\\\/\\\/secure.gravatar.com\\\/avatar\\\/4dfbf16b4d17945bfb6341b2d19043457132fcf478a5ee04f42e959fd8f5df0a?s=96&d=mm&r=g\",\"caption\":\"NOTICIASMERCEDINAS.COM\"},\"url\":\"https:\\\/\\\/noticiasmercedinas.com\\\/site\\\/author\\\/anonimo\\\/\"}]}<\/script>\n<!-- \/ Yoast SEO plugin. -->","yoast_head_json":{"title":"Provincia Seguros, Sancor Seguros y Experta Seguros se unen para presentar \"VacacionAR Seguro\"","robots":{"index":"index","follow":"follow","max-snippet":"max-snippet:-1","max-image-preview":"max-image-preview:large","max-video-preview":"max-video-preview:-1"},"canonical":"https:\/\/noticiasmercedinas.com\/site\/2020\/12\/11\/provincia-seguros-sancor-seguros-y-experta-seguros-se-unen-para-presentar-vacacionar-seguro\/","og_locale":"es_ES","og_type":"article","og_title":"Provincia Seguros, Sancor Seguros y Experta Seguros se unen para presentar \"VacacionAR Seguro\"","og_description":"Provincia Seguros, Sancor Seguros y Experta Seguros se aliaron para lanzar \u201cVacacionAR Seguro\u201d, un producto dise\u00f1ado especialmente para cubrir los riesgos derivados de la pandemia por Covid-19 durante la temporada de verano. Esta cobertura cuenta con la solidez y la solvencia de tres aseguradoras l\u00edderes del pa\u00eds, reunidas con un doble prop\u00f3sito, seg\u00fan destac\u00f3 Fernando [&hellip;]","og_url":"https:\/\/noticiasmercedinas.com\/site\/2020\/12\/11\/provincia-seguros-sancor-seguros-y-experta-seguros-se-unen-para-presentar-vacacionar-seguro\/","og_site_name":"NOTICIASMERCEDINAS.COM","article_publisher":"https:\/\/www.facebook.com\/noticiasmercedinas\/","article_published_time":"2020-12-11T17:31:27+00:00","og_image":[{"width":900,"height":506,"url":"https:\/\/noticiasmercedinas.com\/site\/wp-content\/uploads\/2020\/12\/VacacionAR-Seguro.jpg","type":"image\/jpeg"}],"author":"NOTICIASMERCEDINAS.COM","twitter_card":"summary_large_image","twitter_creator":"@notmercedinas","twitter_site":"@notmercedinas","twitter_misc":{"Escrito por":"NOTICIASMERCEDINAS.COM","Tiempo de lectura":"2 minutos"},"schema":{"@context":"https:\/\/schema.org","@graph":[{"@type":"Article","@id":"https:\/\/noticiasmercedinas.com\/site\/2020\/12\/11\/provincia-seguros-sancor-seguros-y-experta-seguros-se-unen-para-presentar-vacacionar-seguro\/#article","isPartOf":{"@id":"https:\/\/noticiasmercedinas.com\/site\/2020\/12\/11\/provincia-seguros-sancor-seguros-y-experta-seguros-se-unen-para-presentar-vacacionar-seguro\/"},"author":{"name":"NOTICIASMERCEDINAS.COM","@id":"https:\/\/noticiasmercedinas.com\/site\/#\/schema\/person\/84b59c099c28ff2e8b77d4ceec5d8063"},"headline":"Provincia Seguros, Sancor Seguros y Experta Seguros se unen para presentar \u00abVacacionAR Seguro\u00bb","datePublished":"2020-12-11T17:31:27+00:00","mainEntityOfPage":{"@id":"https:\/\/noticiasmercedinas.com\/site\/2020\/12\/11\/provincia-seguros-sancor-seguros-y-experta-seguros-se-unen-para-presentar-vacacionar-seguro\/"},"wordCount":499,"commentCount":0,"publisher":{"@id":"https:\/\/noticiasmercedinas.com\/site\/#organization"},"image":{"@id":"https:\/\/noticiasmercedinas.com\/site\/2020\/12\/11\/provincia-seguros-sancor-seguros-y-experta-seguros-se-unen-para-presentar-vacacionar-seguro\/#primaryimage"},"thumbnailUrl":"https:\/\/noticiasmercedinas.com\/site\/wp-content\/uploads\/2020\/12\/VacacionAR-Seguro.jpg","keywords":["experta seguros","provincia seguros","sancor seguros","seguro","vacaciones"],"articleSection":["Emprendimientos"],"inLanguage":"es","potentialAction":[{"@type":"CommentAction","name":"Comment","target":["https:\/\/noticiasmercedinas.com\/site\/2020\/12\/11\/provincia-seguros-sancor-seguros-y-experta-seguros-se-unen-para-presentar-vacacionar-seguro\/#respond"]}]},{"@type":"WebPage","@id":"https:\/\/noticiasmercedinas.com\/site\/2020\/12\/11\/provincia-seguros-sancor-seguros-y-experta-seguros-se-unen-para-presentar-vacacionar-seguro\/","url":"https:\/\/noticiasmercedinas.com\/site\/2020\/12\/11\/provincia-seguros-sancor-seguros-y-experta-seguros-se-unen-para-presentar-vacacionar-seguro\/","name":"Provincia Seguros, Sancor Seguros y Experta Seguros se unen para presentar \"VacacionAR Seguro\"","isPartOf":{"@id":"https:\/\/noticiasmercedinas.com\/site\/#website"},"primaryImageOfPage":{"@id":"https:\/\/noticiasmercedinas.com\/site\/2020\/12\/11\/provincia-seguros-sancor-seguros-y-experta-seguros-se-unen-para-presentar-vacacionar-seguro\/#primaryimage"},"image":{"@id":"https:\/\/noticiasmercedinas.com\/site\/2020\/12\/11\/provincia-seguros-sancor-seguros-y-experta-seguros-se-unen-para-presentar-vacacionar-seguro\/#primaryimage"},"thumbnailUrl":"https:\/\/noticiasmercedinas.com\/site\/wp-content\/uploads\/2020\/12\/VacacionAR-Seguro.jpg","datePublished":"2020-12-11T17:31:27+00:00","breadcrumb":{"@id":"https:\/\/noticiasmercedinas.com\/site\/2020\/12\/11\/provincia-seguros-sancor-seguros-y-experta-seguros-se-unen-para-presentar-vacacionar-seguro\/#breadcrumb"},"inLanguage":"es","potentialAction":[{"@type":"ReadAction","target":["https:\/\/noticiasmercedinas.com\/site\/2020\/12\/11\/provincia-seguros-sancor-seguros-y-experta-seguros-se-unen-para-presentar-vacacionar-seguro\/"]}]},{"@type":"ImageObject","inLanguage":"es","@id":"https:\/\/noticiasmercedinas.com\/site\/2020\/12\/11\/provincia-seguros-sancor-seguros-y-experta-seguros-se-unen-para-presentar-vacacionar-seguro\/#primaryimage","url":"https:\/\/noticiasmercedinas.com\/site\/wp-content\/uploads\/2020\/12\/VacacionAR-Seguro.jpg","contentUrl":"https:\/\/noticiasmercedinas.com\/site\/wp-content\/uploads\/2020\/12\/VacacionAR-Seguro.jpg","width":900,"height":506},{"@type":"BreadcrumbList","@id":"https:\/\/noticiasmercedinas.com\/site\/2020\/12\/11\/provincia-seguros-sancor-seguros-y-experta-seguros-se-unen-para-presentar-vacacionar-seguro\/#breadcrumb","itemListElement":[{"@type":"ListItem","position":1,"name":"Portada","item":"https:\/\/noticiasmercedinas.com\/site\/"},{"@type":"ListItem","position":2,"name":"Provincia Seguros, Sancor Seguros y Experta Seguros se unen para presentar \u00abVacacionAR Seguro\u00bb"}]},{"@type":"WebSite","@id":"https:\/\/noticiasmercedinas.com\/site\/#website","url":"https:\/\/noticiasmercedinas.com\/site\/","name":"NOTICIASMERCEDINAS.COM","description":"Mercedes, Buenos Aires, Argentina","publisher":{"@id":"https:\/\/noticiasmercedinas.com\/site\/#organization"},"potentialAction":[{"@type":"SearchAction","target":{"@type":"EntryPoint","urlTemplate":"https:\/\/noticiasmercedinas.com\/site\/?s={search_term_string}"},"query-input":{"@type":"PropertyValueSpecification","valueRequired":true,"valueName":"search_term_string"}}],"inLanguage":"es"},{"@type":"Organization","@id":"https:\/\/noticiasmercedinas.com\/site\/#organization","name":"NOTICIASMERCEDINAS.COM","url":"https:\/\/noticiasmercedinas.com\/site\/","logo":{"@type":"ImageObject","inLanguage":"es","@id":"https:\/\/noticiasmercedinas.com\/site\/#\/schema\/logo\/image\/","url":"https:\/\/noticiasmercedinas.com\/site\/wp-content\/uploads\/2020\/06\/LOGO-512.jpg","contentUrl":"https:\/\/noticiasmercedinas.com\/site\/wp-content\/uploads\/2020\/06\/LOGO-512.jpg","width":512,"height":512,"caption":"NOTICIASMERCEDINAS.COM"},"image":{"@id":"https:\/\/noticiasmercedinas.com\/site\/#\/schema\/logo\/image\/"},"sameAs":["https:\/\/www.facebook.com\/noticiasmercedinas\/","https:\/\/x.com\/notmercedinas","https:\/\/www.instagram.com\/noticiasmercedinas\/"]},{"@type":"Person","@id":"https:\/\/noticiasmercedinas.com\/site\/#\/schema\/person\/84b59c099c28ff2e8b77d4ceec5d8063","name":"NOTICIASMERCEDINAS.COM","image":{"@type":"ImageObject","inLanguage":"es","@id":"https:\/\/secure.gravatar.com\/avatar\/4dfbf16b4d17945bfb6341b2d19043457132fcf478a5ee04f42e959fd8f5df0a?s=96&d=mm&r=g","url":"https:\/\/secure.gravatar.com\/avatar\/4dfbf16b4d17945bfb6341b2d19043457132fcf478a5ee04f42e959fd8f5df0a?s=96&d=mm&r=g","contentUrl":"https:\/\/secure.gravatar.com\/avatar\/4dfbf16b4d17945bfb6341b2d19043457132fcf478a5ee04f42e959fd8f5df0a?s=96&d=mm&r=g","caption":"NOTICIASMERCEDINAS.COM"},"url":"https:\/\/noticiasmercedinas.com\/site\/author\/anonimo\/"}]}},"amp_enabled":true,"_links":{"self":[{"href":"https:\/\/noticiasmercedinas.com\/site\/wp-json\/wp\/v2\/posts\/58129","targetHints":{"allow":["GET"]}}],"collection":[{"href":"https:\/\/noticiasmercedinas.com\/site\/wp-json\/wp\/v2\/posts"}],"about":[{"href":"https:\/\/noticiasmercedinas.com\/site\/wp-json\/wp\/v2\/types\/post"}],"author":[{"embeddable":true,"href":"https:\/\/noticiasmercedinas.com\/site\/wp-json\/wp\/v2\/users\/16"}],"replies":[{"embeddable":true,"href":"https:\/\/noticiasmercedinas.com\/site\/wp-json\/wp\/v2\/comments?post=58129"}],"version-history":[{"count":1,"href":"https:\/\/noticiasmercedinas.com\/site\/wp-json\/wp\/v2\/posts\/58129\/revisions"}],"predecessor-version":[{"id":58132,"href":"https:\/\/noticiasmercedinas.com\/site\/wp-json\/wp\/v2\/posts\/58129\/revisions\/58132"}],"wp:featuredmedia":[{"embeddable":true,"href":"https:\/\/noticiasmercedinas.com\/site\/wp-json\/wp\/v2\/media\/58130"}],"wp:attachment":[{"href":"https:\/\/noticiasmercedinas.com\/site\/wp-json\/wp\/v2\/media?parent=58129"}],"wp:term":[{"taxonomy":"category","embeddable":true,"href":"https:\/\/noticiasmercedinas.com\/site\/wp-json\/wp\/v2\/categories?post=58129"},{"taxonomy":"post_tag","embeddable":true,"href":"https:\/\/noticiasmercedinas.com\/site\/wp-json\/wp\/v2\/tags?post=58129"}],"curies":[{"name":"wp","href":"https:\/\/api.w.org\/{rel}","templated":true}]}}