{"id":58189,"date":"2020-12-13T11:35:42","date_gmt":"2020-12-13T14:35:42","guid":{"rendered":"https:\/\/noticiasmercedinas.com\/site\/?p=58189"},"modified":"2020-12-13T11:35:42","modified_gmt":"2020-12-13T14:35:42","slug":"cursos-de-buceo-de-la-mano-de-la-escuela-atr-buceo-y-cumelen","status":"publish","type":"post","link":"https:\/\/noticiasmercedinas.com\/site\/2020\/12\/13\/cursos-de-buceo-de-la-mano-de-la-escuela-atr-buceo-y-cumelen\/","title":{"rendered":"Cursos de buceo de la mano de la Escuela ATR Buceo y Cumel\u00e9n"},"content":{"rendered":"<p><img loading=\"lazy\" decoding=\"async\" class=\"alignnone size-large wp-image-58190\" src=\"https:\/\/noticiasmercedinas.com\/site\/wp-content\/uploads\/2020\/12\/buceo001-1024x819.jpg\" alt=\"\" width=\"640\" height=\"512\" srcset=\"https:\/\/noticiasmercedinas.com\/site\/wp-content\/uploads\/2020\/12\/buceo001-1024x819.jpg 1024w, https:\/\/noticiasmercedinas.com\/site\/wp-content\/uploads\/2020\/12\/buceo001-300x240.jpg 300w, https:\/\/noticiasmercedinas.com\/site\/wp-content\/uploads\/2020\/12\/buceo001-768x614.jpg 768w, https:\/\/noticiasmercedinas.com\/site\/wp-content\/uploads\/2020\/12\/buceo001-640x512.jpg 640w, https:\/\/noticiasmercedinas.com\/site\/wp-content\/uploads\/2020\/12\/buceo001-681x545.jpg 681w, https:\/\/noticiasmercedinas.com\/site\/wp-content\/uploads\/2020\/12\/buceo001.jpg 1280w\" sizes=\"auto, (max-width: 640px) 100vw, 640px\" \/><\/p>\n<p><strong>PADI<\/strong> y <strong>ATR Buceo<\/strong> llegan a Mercedes de la mano de <strong>Cumel\u00e9n<\/strong> para cumplir el sue\u00f1o de muchos.<\/p>\n<p>Para las pr\u00e1cticas estar\u00e1n en la pileta de calles 28 n\u00b01124 y ser\u00e1 posible combinar horarios para teor\u00edas, pr\u00e1cticas y otras actividades.<\/p>\n<p>PADI es una organizaci\u00f3n l\u00edder mundial de entrenamiento de buceo. Con m\u00e1s de 6500 centros de buceo PADI y m\u00e1s de 135,000 profesionales que han emitido mas de 25 millones de certificaciones en todo el mundo. Y ATR Buceo es uno de los 10 DIVE CENTER PADI de la Provincia de Buenos Aires, por lo que tienen venta de equipos, cumplen con certificaciones, hacen reparaci\u00f3n de equipos, organizan y dirigen excursiones de buceo.<\/p>\n<p>ATR Buceo son <strong>German Halupa<\/strong> instructor PADI N\u00b0 439141 y <strong>Alejandro Seppaquercia<\/strong> instructor PADI N\u00b0 439140. Instruyen desde principiantes hasta profesionales.<\/p>\n<p>\u201cComenzamos con el buceo como una diversi\u00f3n y muy r\u00e1pidamente se torn\u00f3 una pasi\u00f3n, ah\u00ed fue cuando decidimos transmitir lo bello, divertido y emocionante del mundo subacu\u00e1tico\u201d, cuentan e invitan a los mercedinos a sumarse a los cursos de buceo.<\/p>\n<p><strong>ATR Buceo:<\/strong><\/p>\n<p><strong>Tel\u00e9fonos: 2323-455634 \/ 2323-604587<\/strong><\/p>\n<p><strong>Facebook: <span style=\"color: #000080;\"><a style=\"color: #000080;\" href=\"http:\/\/www.facebook.com\/atrbuceo\">www.facebook.com\/atrbuceo<\/a><\/span><\/strong><\/p>\n<p><strong>Instagram: <span style=\"color: #000080;\"><a style=\"color: #000080;\" href=\"http:\/\/www.instagram.com\/atrbuceo\/\">www.instagram.com\/atrbuceo<\/a><\/span><\/strong><\/p>\n<p><strong>Web:<span style=\"color: #000080;\"> <a style=\"color: #000080;\" href=\"http:\/\/www.atrbuceo.com\">www.atrbuceo.com<\/a><\/span><\/strong><\/p>\n<p><img loading=\"lazy\" decoding=\"async\" class=\"alignnone size-large wp-image-58191\" src=\"https:\/\/noticiasmercedinas.com\/site\/wp-content\/uploads\/2020\/12\/0f7b4ac7-f205-4013-ab98-f8ba53057f96-1024x768.jpg\" alt=\"\" width=\"640\" height=\"480\" srcset=\"https:\/\/noticiasmercedinas.com\/site\/wp-content\/uploads\/2020\/12\/0f7b4ac7-f205-4013-ab98-f8ba53057f96-1024x768.jpg 1024w, https:\/\/noticiasmercedinas.com\/site\/wp-content\/uploads\/2020\/12\/0f7b4ac7-f205-4013-ab98-f8ba53057f96-300x225.jpg 300w, https:\/\/noticiasmercedinas.com\/site\/wp-content\/uploads\/2020\/12\/0f7b4ac7-f205-4013-ab98-f8ba53057f96-768x576.jpg 768w, https:\/\/noticiasmercedinas.com\/site\/wp-content\/uploads\/2020\/12\/0f7b4ac7-f205-4013-ab98-f8ba53057f96-1536x1152.jpg 1536w, https:\/\/noticiasmercedinas.com\/site\/wp-content\/uploads\/2020\/12\/0f7b4ac7-f205-4013-ab98-f8ba53057f96-80x60.jpg 80w, https:\/\/noticiasmercedinas.com\/site\/wp-content\/uploads\/2020\/12\/0f7b4ac7-f205-4013-ab98-f8ba53057f96-160x120.jpg 160w, https:\/\/noticiasmercedinas.com\/site\/wp-content\/uploads\/2020\/12\/0f7b4ac7-f205-4013-ab98-f8ba53057f96-100x75.jpg 100w, https:\/\/noticiasmercedinas.com\/site\/wp-content\/uploads\/2020\/12\/0f7b4ac7-f205-4013-ab98-f8ba53057f96-200x150.jpg 200w, https:\/\/noticiasmercedinas.com\/site\/wp-content\/uploads\/2020\/12\/0f7b4ac7-f205-4013-ab98-f8ba53057f96-180x135.jpg 180w, https:\/\/noticiasmercedinas.com\/site\/wp-content\/uploads\/2020\/12\/0f7b4ac7-f205-4013-ab98-f8ba53057f96-360x270.jpg 360w, https:\/\/noticiasmercedinas.com\/site\/wp-content\/uploads\/2020\/12\/0f7b4ac7-f205-4013-ab98-f8ba53057f96-238x178.jpg 238w, https:\/\/noticiasmercedinas.com\/site\/wp-content\/uploads\/2020\/12\/0f7b4ac7-f205-4013-ab98-f8ba53057f96-476x356.jpg 476w, https:\/\/noticiasmercedinas.com\/site\/wp-content\/uploads\/2020\/12\/0f7b4ac7-f205-4013-ab98-f8ba53057f96-640x480.jpg 640w, https:\/\/noticiasmercedinas.com\/site\/wp-content\/uploads\/2020\/12\/0f7b4ac7-f205-4013-ab98-f8ba53057f96-1280x960.jpg 1280w, https:\/\/noticiasmercedinas.com\/site\/wp-content\/uploads\/2020\/12\/0f7b4ac7-f205-4013-ab98-f8ba53057f96-681x511.jpg 681w, https:\/\/noticiasmercedinas.com\/site\/wp-content\/uploads\/2020\/12\/0f7b4ac7-f205-4013-ab98-f8ba53057f96-1362x1022.jpg 1362w, https:\/\/noticiasmercedinas.com\/site\/wp-content\/uploads\/2020\/12\/0f7b4ac7-f205-4013-ab98-f8ba53057f96.jpg 1600w\" sizes=\"auto, (max-width: 640px) 100vw, 640px\" \/><\/p>\n","protected":false},"excerpt":{"rendered":"<p>\u25a0 Las inscripciones est\u00e1n abiertas. Con instructores para todos los niveles, desde principiantes hasta profesionales, ahora es posible aprender y practicar buceo en Mercedes.<\/p>\n","protected":false},"author":16,"featured_media":58190,"comment_status":"open","ping_status":"open","sticky":false,"template":"","format":"standard","meta":{"footnotes":""},"categories":[74],"tags":[10976,10973,10972,271,10975,40,23,10974],"class_list":["post-58189","post","type-post","status-publish","format-standard","has-post-thumbnail","hentry","category-emprendimientos","tag-alejandro-seppaquercia","tag-atr-buceo","tag-buceo","tag-cumelen","tag-german-halupa","tag-lujan","tag-mercedes","tag-padi"],"yoast_head":"<!-- This site is optimized with the Yoast SEO plugin v27.4 - https:\/\/yoast.com\/product\/yoast-seo-wordpress\/ -->\n<title>Cursos de buceo de la mano de la Escuela ATR Buceo y Cumel\u00e9n<\/title>\n<meta name=\"robots\" content=\"index, follow, max-snippet:-1, max-image-preview:large, max-video-preview:-1\" \/>\n<link rel=\"canonical\" href=\"https:\/\/noticiasmercedinas.com\/site\/2020\/12\/13\/cursos-de-buceo-de-la-mano-de-la-escuela-atr-buceo-y-cumelen\/\" \/>\n<meta property=\"og:locale\" content=\"es_ES\" \/>\n<meta property=\"og:type\" content=\"article\" \/>\n<meta property=\"og:title\" content=\"Cursos de buceo de la mano de la Escuela ATR Buceo y Cumel\u00e9n\" \/>\n<meta property=\"og:description\" content=\"\u25a0 Las inscripciones est\u00e1n abiertas. Con instructores para todos los niveles, desde principiantes hasta profesionales, ahora es posible aprender y practicar buceo en Mercedes.\" \/>\n<meta property=\"og:url\" content=\"https:\/\/noticiasmercedinas.com\/site\/2020\/12\/13\/cursos-de-buceo-de-la-mano-de-la-escuela-atr-buceo-y-cumelen\/\" \/>\n<meta property=\"og:site_name\" content=\"NOTICIASMERCEDINAS.COM\" \/>\n<meta property=\"article:publisher\" content=\"https:\/\/www.facebook.com\/noticiasmercedinas\/\" \/>\n<meta property=\"article:published_time\" content=\"2020-12-13T14:35:42+00:00\" \/>\n<meta property=\"og:image\" content=\"https:\/\/noticiasmercedinas.com\/site\/wp-content\/uploads\/2020\/12\/buceo001.jpg\" \/>\n\t<meta property=\"og:image:width\" content=\"1280\" \/>\n\t<meta property=\"og:image:height\" content=\"1024\" \/>\n\t<meta property=\"og:image:type\" content=\"image\/jpeg\" \/>\n<meta name=\"author\" content=\"NOTICIASMERCEDINAS.COM\" \/>\n<meta name=\"twitter:card\" content=\"summary_large_image\" \/>\n<meta name=\"twitter:creator\" content=\"@notmercedinas\" \/>\n<meta name=\"twitter:site\" content=\"@notmercedinas\" \/>\n<meta name=\"twitter:label1\" content=\"Escrito por\" \/>\n\t<meta name=\"twitter:data1\" content=\"NOTICIASMERCEDINAS.COM\" \/>\n\t<meta name=\"twitter:label2\" content=\"Tiempo de lectura\" \/>\n\t<meta name=\"twitter:data2\" content=\"1 minuto\" \/>\n<script type=\"application\/ld+json\" class=\"yoast-schema-graph\">{\"@context\":\"https:\\\/\\\/schema.org\",\"@graph\":[{\"@type\":\"Article\",\"@id\":\"https:\\\/\\\/noticiasmercedinas.com\\\/site\\\/2020\\\/12\\\/13\\\/cursos-de-buceo-de-la-mano-de-la-escuela-atr-buceo-y-cumelen\\\/#article\",\"isPartOf\":{\"@id\":\"https:\\\/\\\/noticiasmercedinas.com\\\/site\\\/2020\\\/12\\\/13\\\/cursos-de-buceo-de-la-mano-de-la-escuela-atr-buceo-y-cumelen\\\/\"},\"author\":{\"name\":\"NOTICIASMERCEDINAS.COM\",\"@id\":\"https:\\\/\\\/noticiasmercedinas.com\\\/site\\\/#\\\/schema\\\/person\\\/84b59c099c28ff2e8b77d4ceec5d8063\"},\"headline\":\"Cursos de buceo de la mano de la Escuela ATR Buceo y Cumel\u00e9n\",\"datePublished\":\"2020-12-13T14:35:42+00:00\",\"mainEntityOfPage\":{\"@id\":\"https:\\\/\\\/noticiasmercedinas.com\\\/site\\\/2020\\\/12\\\/13\\\/cursos-de-buceo-de-la-mano-de-la-escuela-atr-buceo-y-cumelen\\\/\"},\"wordCount\":216,\"commentCount\":0,\"publisher\":{\"@id\":\"https:\\\/\\\/noticiasmercedinas.com\\\/site\\\/#organization\"},\"image\":{\"@id\":\"https:\\\/\\\/noticiasmercedinas.com\\\/site\\\/2020\\\/12\\\/13\\\/cursos-de-buceo-de-la-mano-de-la-escuela-atr-buceo-y-cumelen\\\/#primaryimage\"},\"thumbnailUrl\":\"https:\\\/\\\/noticiasmercedinas.com\\\/site\\\/wp-content\\\/uploads\\\/2020\\\/12\\\/buceo001.jpg\",\"keywords\":[\"Alejandro Seppaquercia\",\"atr buceo\",\"buceo\",\"cumelen\",\"German Halupa\",\"lujan\",\"mercedes\",\"padi\"],\"articleSection\":[\"Emprendimientos\"],\"inLanguage\":\"es\",\"potentialAction\":[{\"@type\":\"CommentAction\",\"name\":\"Comment\",\"target\":[\"https:\\\/\\\/noticiasmercedinas.com\\\/site\\\/2020\\\/12\\\/13\\\/cursos-de-buceo-de-la-mano-de-la-escuela-atr-buceo-y-cumelen\\\/#respond\"]}]},{\"@type\":\"WebPage\",\"@id\":\"https:\\\/\\\/noticiasmercedinas.com\\\/site\\\/2020\\\/12\\\/13\\\/cursos-de-buceo-de-la-mano-de-la-escuela-atr-buceo-y-cumelen\\\/\",\"url\":\"https:\\\/\\\/noticiasmercedinas.com\\\/site\\\/2020\\\/12\\\/13\\\/cursos-de-buceo-de-la-mano-de-la-escuela-atr-buceo-y-cumelen\\\/\",\"name\":\"Cursos de buceo de la mano de la Escuela ATR Buceo y Cumel\u00e9n\",\"isPartOf\":{\"@id\":\"https:\\\/\\\/noticiasmercedinas.com\\\/site\\\/#website\"},\"primaryImageOfPage\":{\"@id\":\"https:\\\/\\\/noticiasmercedinas.com\\\/site\\\/2020\\\/12\\\/13\\\/cursos-de-buceo-de-la-mano-de-la-escuela-atr-buceo-y-cumelen\\\/#primaryimage\"},\"image\":{\"@id\":\"https:\\\/\\\/noticiasmercedinas.com\\\/site\\\/2020\\\/12\\\/13\\\/cursos-de-buceo-de-la-mano-de-la-escuela-atr-buceo-y-cumelen\\\/#primaryimage\"},\"thumbnailUrl\":\"https:\\\/\\\/noticiasmercedinas.com\\\/site\\\/wp-content\\\/uploads\\\/2020\\\/12\\\/buceo001.jpg\",\"datePublished\":\"2020-12-13T14:35:42+00:00\",\"breadcrumb\":{\"@id\":\"https:\\\/\\\/noticiasmercedinas.com\\\/site\\\/2020\\\/12\\\/13\\\/cursos-de-buceo-de-la-mano-de-la-escuela-atr-buceo-y-cumelen\\\/#breadcrumb\"},\"inLanguage\":\"es\",\"potentialAction\":[{\"@type\":\"ReadAction\",\"target\":[\"https:\\\/\\\/noticiasmercedinas.com\\\/site\\\/2020\\\/12\\\/13\\\/cursos-de-buceo-de-la-mano-de-la-escuela-atr-buceo-y-cumelen\\\/\"]}]},{\"@type\":\"ImageObject\",\"inLanguage\":\"es\",\"@id\":\"https:\\\/\\\/noticiasmercedinas.com\\\/site\\\/2020\\\/12\\\/13\\\/cursos-de-buceo-de-la-mano-de-la-escuela-atr-buceo-y-cumelen\\\/#primaryimage\",\"url\":\"https:\\\/\\\/noticiasmercedinas.com\\\/site\\\/wp-content\\\/uploads\\\/2020\\\/12\\\/buceo001.jpg\",\"contentUrl\":\"https:\\\/\\\/noticiasmercedinas.com\\\/site\\\/wp-content\\\/uploads\\\/2020\\\/12\\\/buceo001.jpg\",\"width\":1280,\"height\":1024},{\"@type\":\"BreadcrumbList\",\"@id\":\"https:\\\/\\\/noticiasmercedinas.com\\\/site\\\/2020\\\/12\\\/13\\\/cursos-de-buceo-de-la-mano-de-la-escuela-atr-buceo-y-cumelen\\\/#breadcrumb\",\"itemListElement\":[{\"@type\":\"ListItem\",\"position\":1,\"name\":\"Portada\",\"item\":\"https:\\\/\\\/noticiasmercedinas.com\\\/site\\\/\"},{\"@type\":\"ListItem\",\"position\":2,\"name\":\"Cursos de buceo de la mano de la Escuela ATR Buceo y Cumel\u00e9n\"}]},{\"@type\":\"WebSite\",\"@id\":\"https:\\\/\\\/noticiasmercedinas.com\\\/site\\\/#website\",\"url\":\"https:\\\/\\\/noticiasmercedinas.com\\\/site\\\/\",\"name\":\"NOTICIASMERCEDINAS.COM\",\"description\":\"Mercedes, Buenos Aires, Argentina\",\"publisher\":{\"@id\":\"https:\\\/\\\/noticiasmercedinas.com\\\/site\\\/#organization\"},\"potentialAction\":[{\"@type\":\"SearchAction\",\"target\":{\"@type\":\"EntryPoint\",\"urlTemplate\":\"https:\\\/\\\/noticiasmercedinas.com\\\/site\\\/?s={search_term_string}\"},\"query-input\":{\"@type\":\"PropertyValueSpecification\",\"valueRequired\":true,\"valueName\":\"search_term_string\"}}],\"inLanguage\":\"es\"},{\"@type\":\"Organization\",\"@id\":\"https:\\\/\\\/noticiasmercedinas.com\\\/site\\\/#organization\",\"name\":\"NOTICIASMERCEDINAS.COM\",\"url\":\"https:\\\/\\\/noticiasmercedinas.com\\\/site\\\/\",\"logo\":{\"@type\":\"ImageObject\",\"inLanguage\":\"es\",\"@id\":\"https:\\\/\\\/noticiasmercedinas.com\\\/site\\\/#\\\/schema\\\/logo\\\/image\\\/\",\"url\":\"https:\\\/\\\/noticiasmercedinas.com\\\/site\\\/wp-content\\\/uploads\\\/2020\\\/06\\\/LOGO-512.jpg\",\"contentUrl\":\"https:\\\/\\\/noticiasmercedinas.com\\\/site\\\/wp-content\\\/uploads\\\/2020\\\/06\\\/LOGO-512.jpg\",\"width\":512,\"height\":512,\"caption\":\"NOTICIASMERCEDINAS.COM\"},\"image\":{\"@id\":\"https:\\\/\\\/noticiasmercedinas.com\\\/site\\\/#\\\/schema\\\/logo\\\/image\\\/\"},\"sameAs\":[\"https:\\\/\\\/www.facebook.com\\\/noticiasmercedinas\\\/\",\"https:\\\/\\\/x.com\\\/notmercedinas\",\"https:\\\/\\\/www.instagram.com\\\/noticiasmercedinas\\\/\"]},{\"@type\":\"Person\",\"@id\":\"https:\\\/\\\/noticiasmercedinas.com\\\/site\\\/#\\\/schema\\\/person\\\/84b59c099c28ff2e8b77d4ceec5d8063\",\"name\":\"NOTICIASMERCEDINAS.COM\",\"image\":{\"@type\":\"ImageObject\",\"inLanguage\":\"es\",\"@id\":\"https:\\\/\\\/secure.gravatar.com\\\/avatar\\\/4dfbf16b4d17945bfb6341b2d19043457132fcf478a5ee04f42e959fd8f5df0a?s=96&d=mm&r=g\",\"url\":\"https:\\\/\\\/secure.gravatar.com\\\/avatar\\\/4dfbf16b4d17945bfb6341b2d19043457132fcf478a5ee04f42e959fd8f5df0a?s=96&d=mm&r=g\",\"contentUrl\":\"https:\\\/\\\/secure.gravatar.com\\\/avatar\\\/4dfbf16b4d17945bfb6341b2d19043457132fcf478a5ee04f42e959fd8f5df0a?s=96&d=mm&r=g\",\"caption\":\"NOTICIASMERCEDINAS.COM\"},\"url\":\"https:\\\/\\\/noticiasmercedinas.com\\\/site\\\/author\\\/anonimo\\\/\"}]}<\/script>\n<!-- \/ Yoast SEO plugin. -->","yoast_head_json":{"title":"Cursos de buceo de la mano de la Escuela ATR Buceo y Cumel\u00e9n","robots":{"index":"index","follow":"follow","max-snippet":"max-snippet:-1","max-image-preview":"max-image-preview:large","max-video-preview":"max-video-preview:-1"},"canonical":"https:\/\/noticiasmercedinas.com\/site\/2020\/12\/13\/cursos-de-buceo-de-la-mano-de-la-escuela-atr-buceo-y-cumelen\/","og_locale":"es_ES","og_type":"article","og_title":"Cursos de buceo de la mano de la Escuela ATR Buceo y Cumel\u00e9n","og_description":"\u25a0 Las inscripciones est\u00e1n abiertas. Con instructores para todos los niveles, desde principiantes hasta profesionales, ahora es posible aprender y practicar buceo en Mercedes.","og_url":"https:\/\/noticiasmercedinas.com\/site\/2020\/12\/13\/cursos-de-buceo-de-la-mano-de-la-escuela-atr-buceo-y-cumelen\/","og_site_name":"NOTICIASMERCEDINAS.COM","article_publisher":"https:\/\/www.facebook.com\/noticiasmercedinas\/","article_published_time":"2020-12-13T14:35:42+00:00","og_image":[{"width":1280,"height":1024,"url":"https:\/\/noticiasmercedinas.com\/site\/wp-content\/uploads\/2020\/12\/buceo001.jpg","type":"image\/jpeg"}],"author":"NOTICIASMERCEDINAS.COM","twitter_card":"summary_large_image","twitter_creator":"@notmercedinas","twitter_site":"@notmercedinas","twitter_misc":{"Escrito por":"NOTICIASMERCEDINAS.COM","Tiempo de lectura":"1 minuto"},"schema":{"@context":"https:\/\/schema.org","@graph":[{"@type":"Article","@id":"https:\/\/noticiasmercedinas.com\/site\/2020\/12\/13\/cursos-de-buceo-de-la-mano-de-la-escuela-atr-buceo-y-cumelen\/#article","isPartOf":{"@id":"https:\/\/noticiasmercedinas.com\/site\/2020\/12\/13\/cursos-de-buceo-de-la-mano-de-la-escuela-atr-buceo-y-cumelen\/"},"author":{"name":"NOTICIASMERCEDINAS.COM","@id":"https:\/\/noticiasmercedinas.com\/site\/#\/schema\/person\/84b59c099c28ff2e8b77d4ceec5d8063"},"headline":"Cursos de buceo de la mano de la Escuela ATR Buceo y Cumel\u00e9n","datePublished":"2020-12-13T14:35:42+00:00","mainEntityOfPage":{"@id":"https:\/\/noticiasmercedinas.com\/site\/2020\/12\/13\/cursos-de-buceo-de-la-mano-de-la-escuela-atr-buceo-y-cumelen\/"},"wordCount":216,"commentCount":0,"publisher":{"@id":"https:\/\/noticiasmercedinas.com\/site\/#organization"},"image":{"@id":"https:\/\/noticiasmercedinas.com\/site\/2020\/12\/13\/cursos-de-buceo-de-la-mano-de-la-escuela-atr-buceo-y-cumelen\/#primaryimage"},"thumbnailUrl":"https:\/\/noticiasmercedinas.com\/site\/wp-content\/uploads\/2020\/12\/buceo001.jpg","keywords":["Alejandro Seppaquercia","atr buceo","buceo","cumelen","German Halupa","lujan","mercedes","padi"],"articleSection":["Emprendimientos"],"inLanguage":"es","potentialAction":[{"@type":"CommentAction","name":"Comment","target":["https:\/\/noticiasmercedinas.com\/site\/2020\/12\/13\/cursos-de-buceo-de-la-mano-de-la-escuela-atr-buceo-y-cumelen\/#respond"]}]},{"@type":"WebPage","@id":"https:\/\/noticiasmercedinas.com\/site\/2020\/12\/13\/cursos-de-buceo-de-la-mano-de-la-escuela-atr-buceo-y-cumelen\/","url":"https:\/\/noticiasmercedinas.com\/site\/2020\/12\/13\/cursos-de-buceo-de-la-mano-de-la-escuela-atr-buceo-y-cumelen\/","name":"Cursos de buceo de la mano de la Escuela ATR Buceo y Cumel\u00e9n","isPartOf":{"@id":"https:\/\/noticiasmercedinas.com\/site\/#website"},"primaryImageOfPage":{"@id":"https:\/\/noticiasmercedinas.com\/site\/2020\/12\/13\/cursos-de-buceo-de-la-mano-de-la-escuela-atr-buceo-y-cumelen\/#primaryimage"},"image":{"@id":"https:\/\/noticiasmercedinas.com\/site\/2020\/12\/13\/cursos-de-buceo-de-la-mano-de-la-escuela-atr-buceo-y-cumelen\/#primaryimage"},"thumbnailUrl":"https:\/\/noticiasmercedinas.com\/site\/wp-content\/uploads\/2020\/12\/buceo001.jpg","datePublished":"2020-12-13T14:35:42+00:00","breadcrumb":{"@id":"https:\/\/noticiasmercedinas.com\/site\/2020\/12\/13\/cursos-de-buceo-de-la-mano-de-la-escuela-atr-buceo-y-cumelen\/#breadcrumb"},"inLanguage":"es","potentialAction":[{"@type":"ReadAction","target":["https:\/\/noticiasmercedinas.com\/site\/2020\/12\/13\/cursos-de-buceo-de-la-mano-de-la-escuela-atr-buceo-y-cumelen\/"]}]},{"@type":"ImageObject","inLanguage":"es","@id":"https:\/\/noticiasmercedinas.com\/site\/2020\/12\/13\/cursos-de-buceo-de-la-mano-de-la-escuela-atr-buceo-y-cumelen\/#primaryimage","url":"https:\/\/noticiasmercedinas.com\/site\/wp-content\/uploads\/2020\/12\/buceo001.jpg","contentUrl":"https:\/\/noticiasmercedinas.com\/site\/wp-content\/uploads\/2020\/12\/buceo001.jpg","width":1280,"height":1024},{"@type":"BreadcrumbList","@id":"https:\/\/noticiasmercedinas.com\/site\/2020\/12\/13\/cursos-de-buceo-de-la-mano-de-la-escuela-atr-buceo-y-cumelen\/#breadcrumb","itemListElement":[{"@type":"ListItem","position":1,"name":"Portada","item":"https:\/\/noticiasmercedinas.com\/site\/"},{"@type":"ListItem","position":2,"name":"Cursos de buceo de la mano de la Escuela ATR Buceo y Cumel\u00e9n"}]},{"@type":"WebSite","@id":"https:\/\/noticiasmercedinas.com\/site\/#website","url":"https:\/\/noticiasmercedinas.com\/site\/","name":"NOTICIASMERCEDINAS.COM","description":"Mercedes, Buenos Aires, Argentina","publisher":{"@id":"https:\/\/noticiasmercedinas.com\/site\/#organization"},"potentialAction":[{"@type":"SearchAction","target":{"@type":"EntryPoint","urlTemplate":"https:\/\/noticiasmercedinas.com\/site\/?s={search_term_string}"},"query-input":{"@type":"PropertyValueSpecification","valueRequired":true,"valueName":"search_term_string"}}],"inLanguage":"es"},{"@type":"Organization","@id":"https:\/\/noticiasmercedinas.com\/site\/#organization","name":"NOTICIASMERCEDINAS.COM","url":"https:\/\/noticiasmercedinas.com\/site\/","logo":{"@type":"ImageObject","inLanguage":"es","@id":"https:\/\/noticiasmercedinas.com\/site\/#\/schema\/logo\/image\/","url":"https:\/\/noticiasmercedinas.com\/site\/wp-content\/uploads\/2020\/06\/LOGO-512.jpg","contentUrl":"https:\/\/noticiasmercedinas.com\/site\/wp-content\/uploads\/2020\/06\/LOGO-512.jpg","width":512,"height":512,"caption":"NOTICIASMERCEDINAS.COM"},"image":{"@id":"https:\/\/noticiasmercedinas.com\/site\/#\/schema\/logo\/image\/"},"sameAs":["https:\/\/www.facebook.com\/noticiasmercedinas\/","https:\/\/x.com\/notmercedinas","https:\/\/www.instagram.com\/noticiasmercedinas\/"]},{"@type":"Person","@id":"https:\/\/noticiasmercedinas.com\/site\/#\/schema\/person\/84b59c099c28ff2e8b77d4ceec5d8063","name":"NOTICIASMERCEDINAS.COM","image":{"@type":"ImageObject","inLanguage":"es","@id":"https:\/\/secure.gravatar.com\/avatar\/4dfbf16b4d17945bfb6341b2d19043457132fcf478a5ee04f42e959fd8f5df0a?s=96&d=mm&r=g","url":"https:\/\/secure.gravatar.com\/avatar\/4dfbf16b4d17945bfb6341b2d19043457132fcf478a5ee04f42e959fd8f5df0a?s=96&d=mm&r=g","contentUrl":"https:\/\/secure.gravatar.com\/avatar\/4dfbf16b4d17945bfb6341b2d19043457132fcf478a5ee04f42e959fd8f5df0a?s=96&d=mm&r=g","caption":"NOTICIASMERCEDINAS.COM"},"url":"https:\/\/noticiasmercedinas.com\/site\/author\/anonimo\/"}]}},"amp_enabled":true,"_links":{"self":[{"href":"https:\/\/noticiasmercedinas.com\/site\/wp-json\/wp\/v2\/posts\/58189","targetHints":{"allow":["GET"]}}],"collection":[{"href":"https:\/\/noticiasmercedinas.com\/site\/wp-json\/wp\/v2\/posts"}],"about":[{"href":"https:\/\/noticiasmercedinas.com\/site\/wp-json\/wp\/v2\/types\/post"}],"author":[{"embeddable":true,"href":"https:\/\/noticiasmercedinas.com\/site\/wp-json\/wp\/v2\/users\/16"}],"replies":[{"embeddable":true,"href":"https:\/\/noticiasmercedinas.com\/site\/wp-json\/wp\/v2\/comments?post=58189"}],"version-history":[{"count":1,"href":"https:\/\/noticiasmercedinas.com\/site\/wp-json\/wp\/v2\/posts\/58189\/revisions"}],"predecessor-version":[{"id":58192,"href":"https:\/\/noticiasmercedinas.com\/site\/wp-json\/wp\/v2\/posts\/58189\/revisions\/58192"}],"wp:featuredmedia":[{"embeddable":true,"href":"https:\/\/noticiasmercedinas.com\/site\/wp-json\/wp\/v2\/media\/58190"}],"wp:attachment":[{"href":"https:\/\/noticiasmercedinas.com\/site\/wp-json\/wp\/v2\/media?parent=58189"}],"wp:term":[{"taxonomy":"category","embeddable":true,"href":"https:\/\/noticiasmercedinas.com\/site\/wp-json\/wp\/v2\/categories?post=58189"},{"taxonomy":"post_tag","embeddable":true,"href":"https:\/\/noticiasmercedinas.com\/site\/wp-json\/wp\/v2\/tags?post=58189"}],"curies":[{"name":"wp","href":"https:\/\/api.w.org\/{rel}","templated":true}]}}