{"id":58265,"date":"2020-12-13T20:28:56","date_gmt":"2020-12-13T23:28:56","guid":{"rendered":"https:\/\/noticiasmercedinas.com\/site\/?p=58265"},"modified":"2020-12-13T20:41:17","modified_gmt":"2020-12-13T23:41:17","slug":"con-descuentos-y-promociones-comercios-realizaron-la-fiesta-navidena","status":"publish","type":"post","link":"https:\/\/noticiasmercedinas.com\/site\/2020\/12\/13\/con-descuentos-y-promociones-comercios-realizaron-la-fiesta-navidena\/","title":{"rendered":"Comercios realizaron la fiesta navide\u00f1a, con descuentos y promociones"},"content":{"rendered":"<div id='gallery-1' class='gallery galleryid-58265 gallery-columns-3 gallery-size-thumbnail'><figure class='gallery-item'>\n\t\t\t<div class='gallery-icon landscape'>\n\t\t\t\t<a href='https:\/\/noticiasmercedinas.com\/site\/2020\/12\/13\/con-descuentos-y-promociones-comercios-realizaron-la-fiesta-navidena\/fiesta-del-comercio-1\/'><img loading=\"lazy\" decoding=\"async\" width=\"150\" height=\"150\" src=\"https:\/\/noticiasmercedinas.com\/site\/wp-content\/uploads\/2020\/12\/fiesta-del-comercio-1-150x150.jpg\" class=\"attachment-thumbnail size-thumbnail\" alt=\"\" \/><\/a>\n\t\t\t<\/div><\/figure><figure class='gallery-item'>\n\t\t\t<div class='gallery-icon landscape'>\n\t\t\t\t<a href='https:\/\/noticiasmercedinas.com\/site\/2020\/12\/13\/con-descuentos-y-promociones-comercios-realizaron-la-fiesta-navidena\/fiesta-del-comercio-2\/'><img loading=\"lazy\" decoding=\"async\" width=\"150\" height=\"150\" src=\"https:\/\/noticiasmercedinas.com\/site\/wp-content\/uploads\/2020\/12\/fiesta-del-comercio-2-150x150.jpg\" class=\"attachment-thumbnail size-thumbnail\" alt=\"\" \/><\/a>\n\t\t\t<\/div><\/figure><figure class='gallery-item'>\n\t\t\t<div class='gallery-icon landscape'>\n\t\t\t\t<a href='https:\/\/noticiasmercedinas.com\/site\/2020\/12\/13\/con-descuentos-y-promociones-comercios-realizaron-la-fiesta-navidena\/fiesta-del-comercio-1-2\/'><img loading=\"lazy\" decoding=\"async\" width=\"150\" height=\"150\" src=\"https:\/\/noticiasmercedinas.com\/site\/wp-content\/uploads\/2020\/12\/fiesta-del-comercio-1-150x150.jpeg\" class=\"attachment-thumbnail size-thumbnail\" alt=\"\" \/><\/a>\n\t\t\t<\/div><\/figure><figure class='gallery-item'>\n\t\t\t<div class='gallery-icon landscape'>\n\t\t\t\t<a href='https:\/\/noticiasmercedinas.com\/site\/2020\/12\/13\/con-descuentos-y-promociones-comercios-realizaron-la-fiesta-navidena\/fiesta-del-comercio-3\/'><img loading=\"lazy\" decoding=\"async\" width=\"150\" height=\"150\" src=\"https:\/\/noticiasmercedinas.com\/site\/wp-content\/uploads\/2020\/12\/fiesta-del-comercio-3-150x150.jpeg\" class=\"attachment-thumbnail size-thumbnail\" alt=\"\" \/><\/a>\n\t\t\t<\/div><\/figure><figure class='gallery-item'>\n\t\t\t<div class='gallery-icon landscape'>\n\t\t\t\t<a href='https:\/\/noticiasmercedinas.com\/site\/2020\/12\/13\/con-descuentos-y-promociones-comercios-realizaron-la-fiesta-navidena\/fiesta-del-comercio-2-2\/'><img loading=\"lazy\" decoding=\"async\" width=\"150\" height=\"150\" src=\"https:\/\/noticiasmercedinas.com\/site\/wp-content\/uploads\/2020\/12\/fiesta-del-comercio-2-150x150.jpeg\" class=\"attachment-thumbnail size-thumbnail\" alt=\"\" \/><\/a>\n\t\t\t<\/div><\/figure>\n\t\t<\/div>\n\n<p>El viernes y el s\u00e1bado pasado se llev\u00f3 adelante la Fiesta Navide\u00f1a del Comercio Mercedino. Hubo ofertas de parte de los negocios que adem\u00e1s entregaron bonos obsequios para el sorteo de \u00f3rdenes de compras por 100 mil pesos. Este sorteo ser\u00e1 el mi\u00e9rcoles 16 a trav\u00e9s de las redes de la CEM.<\/p>\n<p>Los d\u00edas 11 y 12, los comercios mercedinos nucleados en la C\u00e1mara Econ\u00f3mica Mercedina, llevaron adelante la Fiesta Navide\u00f1a con el objetivo de celebrar un a\u00f1o duro para la comunidad en su conjunto y ofrecerle a sus clientes la oportunidad de anticipar sus compras de fin de a\u00f1o con descuentos y ofertas.<\/p>\n<p>El viernes comenz\u00f3 la Fiesta con los comercios ofreciendo sus promociones a los clientes, propuestas que se fueron anticipando en las redes de cada uno de los negocios participantes. Sin embargo, la mayor\u00eda de los vecinos se dieron cita el s\u00e1bado. Tanto a la ma\u00f1ana como a la tarde, los clientes aprovecharon la peatonal de calle 25, entre 16 y 30 y en la calle 27, entre 22 y 18 para pasear en familia y hacer compras.<\/p>\n<p>Los foodtrucks y confiter\u00edas con sillas y mesas en las calles hicieron m\u00e1s ameno el paseo y las compras, mientras varios clientes hac\u00edan cola en las puertas de los comercios a la espera del turno para ingresar compliendo con los protocolos.<\/p>\n<p>En el marco de la fiesta, tanto esos dos d\u00edas, como los d\u00edas previos, m\u00e1s de cien comercios entregaron bonos obsequios a sus clientes. Los bonos que fueron depositados en las diferentes urnas, se mezclar\u00e1n en la urna general para que el mi\u00e9rcoles 16 de diciembre, al mediod\u00eda, se realice el sorteo por las \u00f3rdenes de la compra que la C\u00e1mara Econ\u00f3mica Mercedina regalar\u00e1. Son 100 mil pesos distribuidos en \u00f3rdenes de de 30.000, 10.000 y 5.000 pesos. El sorteo se transmitir\u00e1 v\u00eda streaming en las redes sociales de la CEM.<\/p>\n","protected":false},"excerpt":{"rendered":"<p>El viernes y el s\u00e1bado pasado se llev\u00f3 adelante la Fiesta Navide\u00f1a del Comercio Mercedino. Hubo ofertas de parte de los negocios que adem\u00e1s entregaron bonos obsequios para el sorteo de \u00f3rdenes de compras por 100 mil pesos. Este sorteo ser\u00e1 el mi\u00e9rcoles 16 a trav\u00e9s de las redes de la CEM. Los d\u00edas 11 [&hellip;]<\/p>\n","protected":false},"author":16,"featured_media":58268,"comment_status":"open","ping_status":"open","sticky":false,"template":"","format":"standard","meta":{"footnotes":""},"categories":[74],"tags":[9615,377,2737],"class_list":["post-58265","post","type-post","status-publish","format-standard","has-post-thumbnail","hentry","category-emprendimientos","tag-camara-economica-mercedinas","tag-cem","tag-fiesta-del-comercio"],"yoast_head":"<!-- This site is optimized with the Yoast SEO plugin v27.5 - https:\/\/yoast.com\/product\/yoast-seo-wordpress\/ -->\n<title>Comercios realizaron la fiesta navide\u00f1a, con descuentos y promociones<\/title>\n<meta name=\"robots\" content=\"index, follow, max-snippet:-1, max-image-preview:large, max-video-preview:-1\" \/>\n<link rel=\"canonical\" href=\"https:\/\/noticiasmercedinas.com\/site\/2020\/12\/13\/con-descuentos-y-promociones-comercios-realizaron-la-fiesta-navidena\/\" \/>\n<meta property=\"og:locale\" content=\"es_ES\" \/>\n<meta property=\"og:type\" content=\"article\" \/>\n<meta property=\"og:title\" content=\"Comercios realizaron la fiesta navide\u00f1a, con descuentos y promociones\" \/>\n<meta property=\"og:description\" content=\"El viernes y el s\u00e1bado pasado se llev\u00f3 adelante la Fiesta Navide\u00f1a del Comercio Mercedino. Hubo ofertas de parte de los negocios que adem\u00e1s entregaron bonos obsequios para el sorteo de \u00f3rdenes de compras por 100 mil pesos. Este sorteo ser\u00e1 el mi\u00e9rcoles 16 a trav\u00e9s de las redes de la CEM. Los d\u00edas 11 [&hellip;]\" \/>\n<meta property=\"og:url\" content=\"https:\/\/noticiasmercedinas.com\/site\/2020\/12\/13\/con-descuentos-y-promociones-comercios-realizaron-la-fiesta-navidena\/\" \/>\n<meta property=\"og:site_name\" content=\"NOTICIASMERCEDINAS.COM\" \/>\n<meta property=\"article:publisher\" content=\"https:\/\/www.facebook.com\/noticiasmercedinas\/\" \/>\n<meta property=\"article:published_time\" content=\"2020-12-13T23:28:56+00:00\" \/>\n<meta property=\"article:modified_time\" content=\"2020-12-13T23:41:17+00:00\" \/>\n<meta property=\"og:image\" content=\"https:\/\/noticiasmercedinas.com\/site\/wp-content\/uploads\/2020\/12\/fiesta-del-comercio-1.jpeg\" \/>\n\t<meta property=\"og:image:width\" content=\"1040\" \/>\n\t<meta property=\"og:image:height\" content=\"780\" \/>\n\t<meta property=\"og:image:type\" content=\"image\/jpeg\" \/>\n<meta name=\"author\" content=\"NOTICIASMERCEDINAS.COM\" \/>\n<meta name=\"twitter:card\" content=\"summary_large_image\" \/>\n<meta name=\"twitter:creator\" content=\"@notmercedinas\" \/>\n<meta name=\"twitter:site\" content=\"@notmercedinas\" \/>\n<meta name=\"twitter:label1\" content=\"Escrito por\" \/>\n\t<meta name=\"twitter:data1\" content=\"NOTICIASMERCEDINAS.COM\" \/>\n\t<meta name=\"twitter:label2\" content=\"Tiempo de lectura\" \/>\n\t<meta name=\"twitter:data2\" content=\"2 minutos\" \/>\n<script type=\"application\/ld+json\" class=\"yoast-schema-graph\">{\"@context\":\"https:\\\/\\\/schema.org\",\"@graph\":[{\"@type\":\"Article\",\"@id\":\"https:\\\/\\\/noticiasmercedinas.com\\\/site\\\/2020\\\/12\\\/13\\\/con-descuentos-y-promociones-comercios-realizaron-la-fiesta-navidena\\\/#article\",\"isPartOf\":{\"@id\":\"https:\\\/\\\/noticiasmercedinas.com\\\/site\\\/2020\\\/12\\\/13\\\/con-descuentos-y-promociones-comercios-realizaron-la-fiesta-navidena\\\/\"},\"author\":{\"name\":\"NOTICIASMERCEDINAS.COM\",\"@id\":\"https:\\\/\\\/noticiasmercedinas.com\\\/site\\\/#\\\/schema\\\/person\\\/84b59c099c28ff2e8b77d4ceec5d8063\"},\"headline\":\"Comercios realizaron la fiesta navide\u00f1a, con descuentos y promociones\",\"datePublished\":\"2020-12-13T23:28:56+00:00\",\"dateModified\":\"2020-12-13T23:41:17+00:00\",\"mainEntityOfPage\":{\"@id\":\"https:\\\/\\\/noticiasmercedinas.com\\\/site\\\/2020\\\/12\\\/13\\\/con-descuentos-y-promociones-comercios-realizaron-la-fiesta-navidena\\\/\"},\"wordCount\":338,\"commentCount\":0,\"publisher\":{\"@id\":\"https:\\\/\\\/noticiasmercedinas.com\\\/site\\\/#organization\"},\"image\":{\"@id\":\"https:\\\/\\\/noticiasmercedinas.com\\\/site\\\/2020\\\/12\\\/13\\\/con-descuentos-y-promociones-comercios-realizaron-la-fiesta-navidena\\\/#primaryimage\"},\"thumbnailUrl\":\"https:\\\/\\\/noticiasmercedinas.com\\\/site\\\/wp-content\\\/uploads\\\/2020\\\/12\\\/fiesta-del-comercio-1.jpeg\",\"keywords\":[\"C\u00e1mara Econ\u00f3mica Mercedinas\",\"cem\",\"fiesta del comercio\"],\"articleSection\":[\"Emprendimientos\"],\"inLanguage\":\"es\",\"potentialAction\":[{\"@type\":\"CommentAction\",\"name\":\"Comment\",\"target\":[\"https:\\\/\\\/noticiasmercedinas.com\\\/site\\\/2020\\\/12\\\/13\\\/con-descuentos-y-promociones-comercios-realizaron-la-fiesta-navidena\\\/#respond\"]}]},{\"@type\":\"WebPage\",\"@id\":\"https:\\\/\\\/noticiasmercedinas.com\\\/site\\\/2020\\\/12\\\/13\\\/con-descuentos-y-promociones-comercios-realizaron-la-fiesta-navidena\\\/\",\"url\":\"https:\\\/\\\/noticiasmercedinas.com\\\/site\\\/2020\\\/12\\\/13\\\/con-descuentos-y-promociones-comercios-realizaron-la-fiesta-navidena\\\/\",\"name\":\"Comercios realizaron la fiesta navide\u00f1a, con descuentos y promociones\",\"isPartOf\":{\"@id\":\"https:\\\/\\\/noticiasmercedinas.com\\\/site\\\/#website\"},\"primaryImageOfPage\":{\"@id\":\"https:\\\/\\\/noticiasmercedinas.com\\\/site\\\/2020\\\/12\\\/13\\\/con-descuentos-y-promociones-comercios-realizaron-la-fiesta-navidena\\\/#primaryimage\"},\"image\":{\"@id\":\"https:\\\/\\\/noticiasmercedinas.com\\\/site\\\/2020\\\/12\\\/13\\\/con-descuentos-y-promociones-comercios-realizaron-la-fiesta-navidena\\\/#primaryimage\"},\"thumbnailUrl\":\"https:\\\/\\\/noticiasmercedinas.com\\\/site\\\/wp-content\\\/uploads\\\/2020\\\/12\\\/fiesta-del-comercio-1.jpeg\",\"datePublished\":\"2020-12-13T23:28:56+00:00\",\"dateModified\":\"2020-12-13T23:41:17+00:00\",\"breadcrumb\":{\"@id\":\"https:\\\/\\\/noticiasmercedinas.com\\\/site\\\/2020\\\/12\\\/13\\\/con-descuentos-y-promociones-comercios-realizaron-la-fiesta-navidena\\\/#breadcrumb\"},\"inLanguage\":\"es\",\"potentialAction\":[{\"@type\":\"ReadAction\",\"target\":[\"https:\\\/\\\/noticiasmercedinas.com\\\/site\\\/2020\\\/12\\\/13\\\/con-descuentos-y-promociones-comercios-realizaron-la-fiesta-navidena\\\/\"]}]},{\"@type\":\"ImageObject\",\"inLanguage\":\"es\",\"@id\":\"https:\\\/\\\/noticiasmercedinas.com\\\/site\\\/2020\\\/12\\\/13\\\/con-descuentos-y-promociones-comercios-realizaron-la-fiesta-navidena\\\/#primaryimage\",\"url\":\"https:\\\/\\\/noticiasmercedinas.com\\\/site\\\/wp-content\\\/uploads\\\/2020\\\/12\\\/fiesta-del-comercio-1.jpeg\",\"contentUrl\":\"https:\\\/\\\/noticiasmercedinas.com\\\/site\\\/wp-content\\\/uploads\\\/2020\\\/12\\\/fiesta-del-comercio-1.jpeg\",\"width\":1040,\"height\":780},{\"@type\":\"BreadcrumbList\",\"@id\":\"https:\\\/\\\/noticiasmercedinas.com\\\/site\\\/2020\\\/12\\\/13\\\/con-descuentos-y-promociones-comercios-realizaron-la-fiesta-navidena\\\/#breadcrumb\",\"itemListElement\":[{\"@type\":\"ListItem\",\"position\":1,\"name\":\"Portada\",\"item\":\"https:\\\/\\\/noticiasmercedinas.com\\\/site\\\/\"},{\"@type\":\"ListItem\",\"position\":2,\"name\":\"Comercios realizaron la fiesta navide\u00f1a, con descuentos y promociones\"}]},{\"@type\":\"WebSite\",\"@id\":\"https:\\\/\\\/noticiasmercedinas.com\\\/site\\\/#website\",\"url\":\"https:\\\/\\\/noticiasmercedinas.com\\\/site\\\/\",\"name\":\"NOTICIASMERCEDINAS.COM\",\"description\":\"Mercedes, Buenos Aires, Argentina\",\"publisher\":{\"@id\":\"https:\\\/\\\/noticiasmercedinas.com\\\/site\\\/#organization\"},\"potentialAction\":[{\"@type\":\"SearchAction\",\"target\":{\"@type\":\"EntryPoint\",\"urlTemplate\":\"https:\\\/\\\/noticiasmercedinas.com\\\/site\\\/?s={search_term_string}\"},\"query-input\":{\"@type\":\"PropertyValueSpecification\",\"valueRequired\":true,\"valueName\":\"search_term_string\"}}],\"inLanguage\":\"es\"},{\"@type\":\"Organization\",\"@id\":\"https:\\\/\\\/noticiasmercedinas.com\\\/site\\\/#organization\",\"name\":\"NOTICIASMERCEDINAS.COM\",\"url\":\"https:\\\/\\\/noticiasmercedinas.com\\\/site\\\/\",\"logo\":{\"@type\":\"ImageObject\",\"inLanguage\":\"es\",\"@id\":\"https:\\\/\\\/noticiasmercedinas.com\\\/site\\\/#\\\/schema\\\/logo\\\/image\\\/\",\"url\":\"https:\\\/\\\/noticiasmercedinas.com\\\/site\\\/wp-content\\\/uploads\\\/2020\\\/06\\\/LOGO-512.jpg\",\"contentUrl\":\"https:\\\/\\\/noticiasmercedinas.com\\\/site\\\/wp-content\\\/uploads\\\/2020\\\/06\\\/LOGO-512.jpg\",\"width\":512,\"height\":512,\"caption\":\"NOTICIASMERCEDINAS.COM\"},\"image\":{\"@id\":\"https:\\\/\\\/noticiasmercedinas.com\\\/site\\\/#\\\/schema\\\/logo\\\/image\\\/\"},\"sameAs\":[\"https:\\\/\\\/www.facebook.com\\\/noticiasmercedinas\\\/\",\"https:\\\/\\\/x.com\\\/notmercedinas\",\"https:\\\/\\\/www.instagram.com\\\/noticiasmercedinas\\\/\"]},{\"@type\":\"Person\",\"@id\":\"https:\\\/\\\/noticiasmercedinas.com\\\/site\\\/#\\\/schema\\\/person\\\/84b59c099c28ff2e8b77d4ceec5d8063\",\"name\":\"NOTICIASMERCEDINAS.COM\",\"image\":{\"@type\":\"ImageObject\",\"inLanguage\":\"es\",\"@id\":\"https:\\\/\\\/secure.gravatar.com\\\/avatar\\\/4dfbf16b4d17945bfb6341b2d19043457132fcf478a5ee04f42e959fd8f5df0a?s=96&d=mm&r=g\",\"url\":\"https:\\\/\\\/secure.gravatar.com\\\/avatar\\\/4dfbf16b4d17945bfb6341b2d19043457132fcf478a5ee04f42e959fd8f5df0a?s=96&d=mm&r=g\",\"contentUrl\":\"https:\\\/\\\/secure.gravatar.com\\\/avatar\\\/4dfbf16b4d17945bfb6341b2d19043457132fcf478a5ee04f42e959fd8f5df0a?s=96&d=mm&r=g\",\"caption\":\"NOTICIASMERCEDINAS.COM\"},\"url\":\"https:\\\/\\\/noticiasmercedinas.com\\\/site\\\/author\\\/anonimo\\\/\"}]}<\/script>\n<!-- \/ Yoast SEO plugin. -->","yoast_head_json":{"title":"Comercios realizaron la fiesta navide\u00f1a, con descuentos y promociones","robots":{"index":"index","follow":"follow","max-snippet":"max-snippet:-1","max-image-preview":"max-image-preview:large","max-video-preview":"max-video-preview:-1"},"canonical":"https:\/\/noticiasmercedinas.com\/site\/2020\/12\/13\/con-descuentos-y-promociones-comercios-realizaron-la-fiesta-navidena\/","og_locale":"es_ES","og_type":"article","og_title":"Comercios realizaron la fiesta navide\u00f1a, con descuentos y promociones","og_description":"El viernes y el s\u00e1bado pasado se llev\u00f3 adelante la Fiesta Navide\u00f1a del Comercio Mercedino. Hubo ofertas de parte de los negocios que adem\u00e1s entregaron bonos obsequios para el sorteo de \u00f3rdenes de compras por 100 mil pesos. Este sorteo ser\u00e1 el mi\u00e9rcoles 16 a trav\u00e9s de las redes de la CEM. Los d\u00edas 11 [&hellip;]","og_url":"https:\/\/noticiasmercedinas.com\/site\/2020\/12\/13\/con-descuentos-y-promociones-comercios-realizaron-la-fiesta-navidena\/","og_site_name":"NOTICIASMERCEDINAS.COM","article_publisher":"https:\/\/www.facebook.com\/noticiasmercedinas\/","article_published_time":"2020-12-13T23:28:56+00:00","article_modified_time":"2020-12-13T23:41:17+00:00","og_image":[{"width":1040,"height":780,"url":"https:\/\/noticiasmercedinas.com\/site\/wp-content\/uploads\/2020\/12\/fiesta-del-comercio-1.jpeg","type":"image\/jpeg"}],"author":"NOTICIASMERCEDINAS.COM","twitter_card":"summary_large_image","twitter_creator":"@notmercedinas","twitter_site":"@notmercedinas","twitter_misc":{"Escrito por":"NOTICIASMERCEDINAS.COM","Tiempo de lectura":"2 minutos"},"schema":{"@context":"https:\/\/schema.org","@graph":[{"@type":"Article","@id":"https:\/\/noticiasmercedinas.com\/site\/2020\/12\/13\/con-descuentos-y-promociones-comercios-realizaron-la-fiesta-navidena\/#article","isPartOf":{"@id":"https:\/\/noticiasmercedinas.com\/site\/2020\/12\/13\/con-descuentos-y-promociones-comercios-realizaron-la-fiesta-navidena\/"},"author":{"name":"NOTICIASMERCEDINAS.COM","@id":"https:\/\/noticiasmercedinas.com\/site\/#\/schema\/person\/84b59c099c28ff2e8b77d4ceec5d8063"},"headline":"Comercios realizaron la fiesta navide\u00f1a, con descuentos y promociones","datePublished":"2020-12-13T23:28:56+00:00","dateModified":"2020-12-13T23:41:17+00:00","mainEntityOfPage":{"@id":"https:\/\/noticiasmercedinas.com\/site\/2020\/12\/13\/con-descuentos-y-promociones-comercios-realizaron-la-fiesta-navidena\/"},"wordCount":338,"commentCount":0,"publisher":{"@id":"https:\/\/noticiasmercedinas.com\/site\/#organization"},"image":{"@id":"https:\/\/noticiasmercedinas.com\/site\/2020\/12\/13\/con-descuentos-y-promociones-comercios-realizaron-la-fiesta-navidena\/#primaryimage"},"thumbnailUrl":"https:\/\/noticiasmercedinas.com\/site\/wp-content\/uploads\/2020\/12\/fiesta-del-comercio-1.jpeg","keywords":["C\u00e1mara Econ\u00f3mica Mercedinas","cem","fiesta del comercio"],"articleSection":["Emprendimientos"],"inLanguage":"es","potentialAction":[{"@type":"CommentAction","name":"Comment","target":["https:\/\/noticiasmercedinas.com\/site\/2020\/12\/13\/con-descuentos-y-promociones-comercios-realizaron-la-fiesta-navidena\/#respond"]}]},{"@type":"WebPage","@id":"https:\/\/noticiasmercedinas.com\/site\/2020\/12\/13\/con-descuentos-y-promociones-comercios-realizaron-la-fiesta-navidena\/","url":"https:\/\/noticiasmercedinas.com\/site\/2020\/12\/13\/con-descuentos-y-promociones-comercios-realizaron-la-fiesta-navidena\/","name":"Comercios realizaron la fiesta navide\u00f1a, con descuentos y promociones","isPartOf":{"@id":"https:\/\/noticiasmercedinas.com\/site\/#website"},"primaryImageOfPage":{"@id":"https:\/\/noticiasmercedinas.com\/site\/2020\/12\/13\/con-descuentos-y-promociones-comercios-realizaron-la-fiesta-navidena\/#primaryimage"},"image":{"@id":"https:\/\/noticiasmercedinas.com\/site\/2020\/12\/13\/con-descuentos-y-promociones-comercios-realizaron-la-fiesta-navidena\/#primaryimage"},"thumbnailUrl":"https:\/\/noticiasmercedinas.com\/site\/wp-content\/uploads\/2020\/12\/fiesta-del-comercio-1.jpeg","datePublished":"2020-12-13T23:28:56+00:00","dateModified":"2020-12-13T23:41:17+00:00","breadcrumb":{"@id":"https:\/\/noticiasmercedinas.com\/site\/2020\/12\/13\/con-descuentos-y-promociones-comercios-realizaron-la-fiesta-navidena\/#breadcrumb"},"inLanguage":"es","potentialAction":[{"@type":"ReadAction","target":["https:\/\/noticiasmercedinas.com\/site\/2020\/12\/13\/con-descuentos-y-promociones-comercios-realizaron-la-fiesta-navidena\/"]}]},{"@type":"ImageObject","inLanguage":"es","@id":"https:\/\/noticiasmercedinas.com\/site\/2020\/12\/13\/con-descuentos-y-promociones-comercios-realizaron-la-fiesta-navidena\/#primaryimage","url":"https:\/\/noticiasmercedinas.com\/site\/wp-content\/uploads\/2020\/12\/fiesta-del-comercio-1.jpeg","contentUrl":"https:\/\/noticiasmercedinas.com\/site\/wp-content\/uploads\/2020\/12\/fiesta-del-comercio-1.jpeg","width":1040,"height":780},{"@type":"BreadcrumbList","@id":"https:\/\/noticiasmercedinas.com\/site\/2020\/12\/13\/con-descuentos-y-promociones-comercios-realizaron-la-fiesta-navidena\/#breadcrumb","itemListElement":[{"@type":"ListItem","position":1,"name":"Portada","item":"https:\/\/noticiasmercedinas.com\/site\/"},{"@type":"ListItem","position":2,"name":"Comercios realizaron la fiesta navide\u00f1a, con descuentos y promociones"}]},{"@type":"WebSite","@id":"https:\/\/noticiasmercedinas.com\/site\/#website","url":"https:\/\/noticiasmercedinas.com\/site\/","name":"NOTICIASMERCEDINAS.COM","description":"Mercedes, Buenos Aires, Argentina","publisher":{"@id":"https:\/\/noticiasmercedinas.com\/site\/#organization"},"potentialAction":[{"@type":"SearchAction","target":{"@type":"EntryPoint","urlTemplate":"https:\/\/noticiasmercedinas.com\/site\/?s={search_term_string}"},"query-input":{"@type":"PropertyValueSpecification","valueRequired":true,"valueName":"search_term_string"}}],"inLanguage":"es"},{"@type":"Organization","@id":"https:\/\/noticiasmercedinas.com\/site\/#organization","name":"NOTICIASMERCEDINAS.COM","url":"https:\/\/noticiasmercedinas.com\/site\/","logo":{"@type":"ImageObject","inLanguage":"es","@id":"https:\/\/noticiasmercedinas.com\/site\/#\/schema\/logo\/image\/","url":"https:\/\/noticiasmercedinas.com\/site\/wp-content\/uploads\/2020\/06\/LOGO-512.jpg","contentUrl":"https:\/\/noticiasmercedinas.com\/site\/wp-content\/uploads\/2020\/06\/LOGO-512.jpg","width":512,"height":512,"caption":"NOTICIASMERCEDINAS.COM"},"image":{"@id":"https:\/\/noticiasmercedinas.com\/site\/#\/schema\/logo\/image\/"},"sameAs":["https:\/\/www.facebook.com\/noticiasmercedinas\/","https:\/\/x.com\/notmercedinas","https:\/\/www.instagram.com\/noticiasmercedinas\/"]},{"@type":"Person","@id":"https:\/\/noticiasmercedinas.com\/site\/#\/schema\/person\/84b59c099c28ff2e8b77d4ceec5d8063","name":"NOTICIASMERCEDINAS.COM","image":{"@type":"ImageObject","inLanguage":"es","@id":"https:\/\/secure.gravatar.com\/avatar\/4dfbf16b4d17945bfb6341b2d19043457132fcf478a5ee04f42e959fd8f5df0a?s=96&d=mm&r=g","url":"https:\/\/secure.gravatar.com\/avatar\/4dfbf16b4d17945bfb6341b2d19043457132fcf478a5ee04f42e959fd8f5df0a?s=96&d=mm&r=g","contentUrl":"https:\/\/secure.gravatar.com\/avatar\/4dfbf16b4d17945bfb6341b2d19043457132fcf478a5ee04f42e959fd8f5df0a?s=96&d=mm&r=g","caption":"NOTICIASMERCEDINAS.COM"},"url":"https:\/\/noticiasmercedinas.com\/site\/author\/anonimo\/"}]}},"amp_enabled":true,"_links":{"self":[{"href":"https:\/\/noticiasmercedinas.com\/site\/wp-json\/wp\/v2\/posts\/58265","targetHints":{"allow":["GET"]}}],"collection":[{"href":"https:\/\/noticiasmercedinas.com\/site\/wp-json\/wp\/v2\/posts"}],"about":[{"href":"https:\/\/noticiasmercedinas.com\/site\/wp-json\/wp\/v2\/types\/post"}],"author":[{"embeddable":true,"href":"https:\/\/noticiasmercedinas.com\/site\/wp-json\/wp\/v2\/users\/16"}],"replies":[{"embeddable":true,"href":"https:\/\/noticiasmercedinas.com\/site\/wp-json\/wp\/v2\/comments?post=58265"}],"version-history":[{"count":2,"href":"https:\/\/noticiasmercedinas.com\/site\/wp-json\/wp\/v2\/posts\/58265\/revisions"}],"predecessor-version":[{"id":58272,"href":"https:\/\/noticiasmercedinas.com\/site\/wp-json\/wp\/v2\/posts\/58265\/revisions\/58272"}],"wp:featuredmedia":[{"embeddable":true,"href":"https:\/\/noticiasmercedinas.com\/site\/wp-json\/wp\/v2\/media\/58268"}],"wp:attachment":[{"href":"https:\/\/noticiasmercedinas.com\/site\/wp-json\/wp\/v2\/media?parent=58265"}],"wp:term":[{"taxonomy":"category","embeddable":true,"href":"https:\/\/noticiasmercedinas.com\/site\/wp-json\/wp\/v2\/categories?post=58265"},{"taxonomy":"post_tag","embeddable":true,"href":"https:\/\/noticiasmercedinas.com\/site\/wp-json\/wp\/v2\/tags?post=58265"}],"curies":[{"name":"wp","href":"https:\/\/api.w.org\/{rel}","templated":true}]}}