{"id":58438,"date":"2020-12-16T14:24:56","date_gmt":"2020-12-16T17:24:56","guid":{"rendered":"https:\/\/noticiasmercedinas.com\/site\/?p=58438"},"modified":"2020-12-16T20:25:46","modified_gmt":"2020-12-16T23:25:46","slug":"mercedes-llora-la-muerte-de-un-grande-santiago-suarez","status":"publish","type":"post","link":"https:\/\/noticiasmercedinas.com\/site\/2020\/12\/16\/mercedes-llora-la-muerte-de-un-grande-santiago-suarez\/","title":{"rendered":"Mercedes llora la muerte de un grande: Santiago Su\u00e1rez"},"content":{"rendered":"<p><img loading=\"lazy\" decoding=\"async\" class=\"alignnone wp-image-58442\" src=\"https:\/\/noticiasmercedinas.com\/site\/wp-content\/uploads\/2020\/12\/santiago-suarez.jpg\" alt=\"\" width=\"640\" height=\"641\" srcset=\"https:\/\/noticiasmercedinas.com\/site\/wp-content\/uploads\/2020\/12\/santiago-suarez.jpg 637w, https:\/\/noticiasmercedinas.com\/site\/wp-content\/uploads\/2020\/12\/santiago-suarez-300x300.jpg 300w, https:\/\/noticiasmercedinas.com\/site\/wp-content\/uploads\/2020\/12\/santiago-suarez-150x150.jpg 150w\" sizes=\"auto, (max-width: 640px) 100vw, 640px\" \/><\/p>\n<p>V\u00edctima de un c\u00e1ncer fulminante, este 16 de diciembre se fue de este mundo <strong>Santiago Su\u00e1rez<\/strong>, m\u00fasico mercedino integrante del Quinteto Tiempo y gestor de la escena musical de los \u00faltimos a\u00f1os, maestro del folclore muy reconocido por los artistas de la ciudad. Su voz y su personalidad quedar\u00e1n por siempre en el recuerdo, la memoria y la m\u00fasica popular latinoamericana, argentina y de estos pagos.<\/p>\n<p>Santiago Su\u00e1rez era m\u00e9dico y hab\u00eda nacido el 8 de septiembre de 1949. Como cantante de m\u00fasica folkl\u00f3rica de Argentina, su registro de tenor y primera voz del Quinteto Tiempo son una marca a fuego en su trayectoria que lo llev\u00f3 por muchos escenarios.<\/p>\n<p>Su\u00e1rez hab\u00eda ingresado en 1971 al Quinteto Vocal Tiempo, un grupo de La Plata fundado en 1966, en reemplazo de Alfredo S\u00e1enz, quedando integrado desde ese momento por el propio Su\u00e1rez, junto a Alejandro J\u00e1uregui, Eduardo Molina, Rodolfo Larumbe y Ariel Gravano, con la direcci\u00f3n de Carlos Groisman. Esta formaci\u00f3n se mantendr\u00eda estable y sin cambios en adelante, circunstancia inusual entre los grupos musicales. En 1972 adoptaron el nombre Quinteto Tiempo y grabaron su primer \u00e1lbum \u201cEl r\u00edo est\u00e1 llamando\u201d, tomando para t\u00edtulo una canci\u00f3n de Julio Lacarra sobre la insurrecci\u00f3n popular conocida como el Cordobazo. A partir de 1975 y sobre todo con la dictadura instalada en 1976 el grupo sufri\u00f3 amenazas y censura, lo que le impidi\u00f3 difundir su trabajo en Argentina. Con esas restricciones grabaron entre 1975 y 1982 cinco \u00e1lbumes y participaron en festivales internacionales y trabajos en conjunto con otros importantes artistas latinoamericanos.<\/p>\n<p><img loading=\"lazy\" decoding=\"async\" class=\"alignnone size-full wp-image-58441\" src=\"https:\/\/noticiasmercedinas.com\/site\/wp-content\/uploads\/2020\/12\/131894576_3718113894909615_4611480916432093503_n.jpg\" alt=\"\" width=\"960\" height=\"640\" srcset=\"https:\/\/noticiasmercedinas.com\/site\/wp-content\/uploads\/2020\/12\/131894576_3718113894909615_4611480916432093503_n.jpg 960w, https:\/\/noticiasmercedinas.com\/site\/wp-content\/uploads\/2020\/12\/131894576_3718113894909615_4611480916432093503_n-300x200.jpg 300w, https:\/\/noticiasmercedinas.com\/site\/wp-content\/uploads\/2020\/12\/131894576_3718113894909615_4611480916432093503_n-768x512.jpg 768w, https:\/\/noticiasmercedinas.com\/site\/wp-content\/uploads\/2020\/12\/131894576_3718113894909615_4611480916432093503_n-640x427.jpg 640w, https:\/\/noticiasmercedinas.com\/site\/wp-content\/uploads\/2020\/12\/131894576_3718113894909615_4611480916432093503_n-681x454.jpg 681w\" sizes=\"auto, (max-width: 960px) 100vw, 960px\" \/><\/p>\n<p>En 1984, con la recuperaci\u00f3n de la democracia en Argentina, volvieron a poder lanzar un \u00e1lbum en su pa\u00eds, su s\u00e9ptimo trabajo propio, titulado simplemente \u201cQuinteto Tiempo\u201d. Desde entonces se destac\u00f3 su obra de difusi\u00f3n de la nueva canci\u00f3n latinoamericana (\u201cVamos a andar\u201d) y Quinteto \u201cTiempo canta a Armando Tejada G\u00f3mez\u201d (2002).<\/p>\n<p><strong>Sus inicios<br \/>\n<\/strong>El propio Su\u00e1rez contaba as\u00ed sus inicios en la m\u00fasica: \u201cRecuerdo el bandone\u00f3n del \u00d1ato Longarello, las guitarras de Luis Denis, mi t\u00edo Carlos Luna, don Mor\u00e1n que bordoneaba como s\u00f3lo \u00e9l sab\u00eda hacerlo, la arm\u00f3nica de Luciano, el bandol\u00edn del negro Morales, la voz tenorina de Saavedra, el alma pura del negro Marino, queriendo meter tonos con sus gigantescas y adormecidas manos, en aquella guitarra que le hab\u00eda regalado mi abuelo Mario. All\u00ed en la 12 y 39, el boliche de mi abuelo juntaba un aroma musical, a veces se prend\u00eda mi padre, el que m\u00e1s me emocionaba, el mejor, cantando tangos inolvidables. En aquel lugar es donde me naci\u00f3 este torrente de amor por las cosas nuestras. Los ve\u00eda con mis peque\u00f1os cuatros a\u00f1os, a esos gigantes de la m\u00fasica. Un boliche, parroquianos, casi toda gente de campo, de trabajo por tanto, de rudo cuero y coraz\u00f3n blando, que los hac\u00eda m\u00e1s queribles a mis queridos parroquianos. Gente que \u00abchupaba por gusto\u00bb o para alejar amarguras de la vida, para olvidar tanta miseria o masticar alguna bronca con el patr\u00f3n. Y all\u00ed todos est\u00e1bamos extasiados por el hecho m\u00e1s hermoso que la vida regalaba: LA MUSICA, sintiendo la misma vibraci\u00f3n, la de las notas, la del canto, el mensaje. El clima era de fiesta, de alegr\u00eda: \u2014 Don Mario, sirva otra vuelta. Y as\u00ed se suced\u00edan las horas, hermanados por nuestro canto\u201d.<\/p>\n<p><img loading=\"lazy\" decoding=\"async\" class=\"alignnone size-full wp-image-58440\" src=\"https:\/\/noticiasmercedinas.com\/site\/wp-content\/uploads\/2020\/12\/santiago_suarez.jpg\" alt=\"\" width=\"960\" height=\"720\" srcset=\"https:\/\/noticiasmercedinas.com\/site\/wp-content\/uploads\/2020\/12\/santiago_suarez.jpg 960w, https:\/\/noticiasmercedinas.com\/site\/wp-content\/uploads\/2020\/12\/santiago_suarez-300x225.jpg 300w, https:\/\/noticiasmercedinas.com\/site\/wp-content\/uploads\/2020\/12\/santiago_suarez-768x576.jpg 768w, https:\/\/noticiasmercedinas.com\/site\/wp-content\/uploads\/2020\/12\/santiago_suarez-80x60.jpg 80w, https:\/\/noticiasmercedinas.com\/site\/wp-content\/uploads\/2020\/12\/santiago_suarez-160x120.jpg 160w, https:\/\/noticiasmercedinas.com\/site\/wp-content\/uploads\/2020\/12\/santiago_suarez-100x75.jpg 100w, https:\/\/noticiasmercedinas.com\/site\/wp-content\/uploads\/2020\/12\/santiago_suarez-200x150.jpg 200w, https:\/\/noticiasmercedinas.com\/site\/wp-content\/uploads\/2020\/12\/santiago_suarez-180x135.jpg 180w, https:\/\/noticiasmercedinas.com\/site\/wp-content\/uploads\/2020\/12\/santiago_suarez-360x270.jpg 360w, https:\/\/noticiasmercedinas.com\/site\/wp-content\/uploads\/2020\/12\/santiago_suarez-238x178.jpg 238w, https:\/\/noticiasmercedinas.com\/site\/wp-content\/uploads\/2020\/12\/santiago_suarez-476x356.jpg 476w, https:\/\/noticiasmercedinas.com\/site\/wp-content\/uploads\/2020\/12\/santiago_suarez-640x480.jpg 640w, https:\/\/noticiasmercedinas.com\/site\/wp-content\/uploads\/2020\/12\/santiago_suarez-681x511.jpg 681w\" sizes=\"auto, (max-width: 960px) 100vw, 960px\" \/><\/p>\n<blockquote><p>\u201cLa vida nos lleva a percibir olores, colores y sonidos de tiempos lejanos, m\u00e1s un llamado gen\u00e9tico cancionero, es que ella no pasa por el costado sino que nos declara protagonistas para los tiempos sin tiempo. Aqu\u00ed en este amado Pueblo Verde, con alegr\u00edas y sinsabores, pero bien nuestro, creciendo a los tropiezos, lentamente como tantos otros del interior y nosotros adentro, armando recuerdos, hermosos recuerdos, siempre con la m\u00fasica y esta huella, canto fundamental que nos fraguaron nuestros abuelos\u201d, dec\u00eda<\/p><\/blockquote>\n<p>\u201cEl tiempo me fue creciendo y en adolescente encuentro con un amigo, el \u201cLoco\u201d Acu\u00f1a, me invita a pasarla bien en el Centro Tradicionalista Ciudad de Mercedes, calle 17 y 28. Flu\u00edan zambas y chacareras, algunos poemas recitados por el \u00abalma mater\u00bb de esa casa: Argentino Valenzuela. Conoc\u00ed nuevos amigos, gente como la gente: don Luis Castro y familia, los Valenzuela, Cholo y Tito Sanguinetti, el Quirquincho Ch\u00e1vez, que nos deleitaba con sus cuentos y dichos cordobeses, el petiso Barboza, su sonrisa vuelve por mi mente, el Bocha Retegui con su chispa, Perico Laplaca v su vozarr\u00f3n. Tantos m\u00e1s. Y ya me adentr\u00e9 a ese elenco para cantar todos los s\u00e1bados, era mi casa musical, donde se reafirmaron los contenidos art\u00edsticos e ideol\u00f3gicos. As\u00ed se ensanch\u00f3 esta huella, la de la defensa de \u00abnuestras cosas\u00bb, bebi\u00e9ndonos las canciones de los consagrados: Los Fronterizos, El Cuchi Leguizam\u00f3n, Los Chalcha, El Chango Nieto, Los Huanca Hua, Las Voces Blancas con Melania P\u00e9rez, V\u00edctor Heredia y una interminable lista de artistas que elevaron como nunca su genio creativo para darle vuelo al sentir de nuestro pueblo. Mientras nos llegaban tantas propuestas, por radio, TV. Y discos, nosotros los mercedinos, con las nuestras, en este infierno grande, como dice el dicho, que nos permite encontrarnos todos los d\u00edas, fortuna que brinda un pueblo chico. Pulsamos la guitarra con Juan Carlos, Ornar o Hugo D\u00edaz, tratando con respeto y delicadeza nuestras canciones, o si se quiere con Alberto Delp\u00f3polo, el porte\u00f1o P\u00e1ez y Mario Cecco, buscando imitar a los Fronte que va hac\u00edan cuatro voces, todo un descubrimiento\u201d, agregaba Su\u00e1rez en su rese\u00f1a autobiogr\u00e1fica.<\/p>\n<p><img loading=\"lazy\" decoding=\"async\" class=\"alignnone wp-image-58445\" src=\"https:\/\/noticiasmercedinas.com\/site\/wp-content\/uploads\/2020\/12\/131888558_10218489877986254_3105076184481940154_n.jpg\" alt=\"\" width=\"640\" height=\"480\" srcset=\"https:\/\/noticiasmercedinas.com\/site\/wp-content\/uploads\/2020\/12\/131888558_10218489877986254_3105076184481940154_n.jpg 480w, https:\/\/noticiasmercedinas.com\/site\/wp-content\/uploads\/2020\/12\/131888558_10218489877986254_3105076184481940154_n-300x225.jpg 300w, https:\/\/noticiasmercedinas.com\/site\/wp-content\/uploads\/2020\/12\/131888558_10218489877986254_3105076184481940154_n-80x60.jpg 80w, https:\/\/noticiasmercedinas.com\/site\/wp-content\/uploads\/2020\/12\/131888558_10218489877986254_3105076184481940154_n-160x120.jpg 160w, https:\/\/noticiasmercedinas.com\/site\/wp-content\/uploads\/2020\/12\/131888558_10218489877986254_3105076184481940154_n-100x75.jpg 100w, https:\/\/noticiasmercedinas.com\/site\/wp-content\/uploads\/2020\/12\/131888558_10218489877986254_3105076184481940154_n-200x150.jpg 200w, https:\/\/noticiasmercedinas.com\/site\/wp-content\/uploads\/2020\/12\/131888558_10218489877986254_3105076184481940154_n-180x135.jpg 180w, https:\/\/noticiasmercedinas.com\/site\/wp-content\/uploads\/2020\/12\/131888558_10218489877986254_3105076184481940154_n-360x270.jpg 360w, https:\/\/noticiasmercedinas.com\/site\/wp-content\/uploads\/2020\/12\/131888558_10218489877986254_3105076184481940154_n-238x178.jpg 238w, https:\/\/noticiasmercedinas.com\/site\/wp-content\/uploads\/2020\/12\/131888558_10218489877986254_3105076184481940154_n-476x356.jpg 476w\" sizes=\"auto, (max-width: 640px) 100vw, 640px\" \/><\/p>\n<p>\u201cLa vida nos lleva a percibir olores, colores y sonidos de tiempos lejanos, m\u00e1s un llamado gen\u00e9tico cancionero, es que ella no pasa por el costado sino que nos declara protagonistas para los tiempos sin tiempo. Aqu\u00ed en este amado Pueblo Verde, con alegr\u00edas y sinsabores, pero bien nuestro, creciendo a los tropiezos, lentamente como tantos otros del interior y nosotros adentro, armando recuerdos, hermosos recuerdos, siempre con la m\u00fasica y esta huella, canto fundamental que nos fraguaron nuestros abuelos\u201d, dec\u00eda y comentaba que en 1973 ingresaba al Quinteto Tiempo. \u201cDesde entonces y por siempre la m\u00fasica va conmigo\u201d, dec\u00eda.<\/p>\n<p>Su \u00faltima presentaci\u00f3n en Mercedes junto al Quinteto Tiempo, hab\u00eda sido un <span style=\"color: #000080;\"><strong><a style=\"color: #000080;\" href=\"https:\/\/noticiasmercedinas.com\/site\/2019\/11\/26\/cuando-el-canto-se-hace-magia\/\">celebrado show en noviembre de 2019 en el Teatro Argentino, junto a La Familia Coplera<\/a><\/strong><\/span> y a modo de homenaje.<\/p>\n<p><img loading=\"lazy\" decoding=\"async\" class=\"alignnone size-full wp-image-58439\" src=\"https:\/\/noticiasmercedinas.com\/site\/wp-content\/uploads\/2020\/12\/quinteto.jpg\" alt=\"\" width=\"640\" height=\"427\" srcset=\"https:\/\/noticiasmercedinas.com\/site\/wp-content\/uploads\/2020\/12\/quinteto.jpg 640w, https:\/\/noticiasmercedinas.com\/site\/wp-content\/uploads\/2020\/12\/quinteto-300x200.jpg 300w\" sizes=\"auto, (max-width: 640px) 100vw, 640px\" \/><\/p>\n<p><iframe loading=\"lazy\" title=\"Mercedes Sosa y Quinteto Tiempo- A Victor (de Otilio Galindez y Roberto Todd)\" width=\"640\" height=\"480\" src=\"https:\/\/www.youtube.com\/embed\/9FKi2CIQqck?feature=oembed\" frameborder=\"0\" allow=\"accelerometer; autoplay; clipboard-write; encrypted-media; gyroscope; picture-in-picture; web-share\" referrerpolicy=\"strict-origin-when-cross-origin\" allowfullscreen><\/iframe><\/p>\n","protected":false},"excerpt":{"rendered":"<p>\u25a0 Una generaci\u00f3n de m\u00fasicos del folclore lo tiene como referente. Integraba el Quinteto Tiempo, que supo ejercer una combativa resistencia cultural.<\/p>\n","protected":false},"author":2,"featured_media":58443,"comment_status":"open","ping_status":"open","sticky":false,"template":"","format":"standard","meta":{"footnotes":""},"categories":[4],"tags":[584,88,7374,4529],"class_list":["post-58438","post","type-post","status-publish","format-standard","has-post-thumbnail","hentry","category-cultura","tag-folclore","tag-musica","tag-quinteto-tiempo","tag-santiago-suarez"],"yoast_head":"<!-- This site is optimized with the Yoast SEO plugin v27.5 - https:\/\/yoast.com\/product\/yoast-seo-wordpress\/ -->\n<title>Mercedes llora la muerte de un grande: Santiago Su\u00e1rez<\/title>\n<meta name=\"robots\" content=\"index, follow, max-snippet:-1, max-image-preview:large, max-video-preview:-1\" \/>\n<link rel=\"canonical\" href=\"https:\/\/noticiasmercedinas.com\/site\/2020\/12\/16\/mercedes-llora-la-muerte-de-un-grande-santiago-suarez\/\" \/>\n<meta property=\"og:locale\" content=\"es_ES\" \/>\n<meta property=\"og:type\" content=\"article\" \/>\n<meta property=\"og:title\" content=\"Mercedes llora la muerte de un grande: Santiago Su\u00e1rez\" \/>\n<meta property=\"og:description\" content=\"\u25a0 Una generaci\u00f3n de m\u00fasicos del folclore lo tiene como referente. Integraba el Quinteto Tiempo, que supo ejercer una combativa resistencia cultural.\" \/>\n<meta property=\"og:url\" content=\"https:\/\/noticiasmercedinas.com\/site\/2020\/12\/16\/mercedes-llora-la-muerte-de-un-grande-santiago-suarez\/\" \/>\n<meta property=\"og:site_name\" content=\"NOTICIASMERCEDINAS.COM\" \/>\n<meta property=\"article:publisher\" content=\"https:\/\/www.facebook.com\/noticiasmercedinas\/\" \/>\n<meta property=\"article:author\" content=\"https:\/\/www.facebook.com\/cristian.falabella\" \/>\n<meta property=\"article:published_time\" content=\"2020-12-16T17:24:56+00:00\" \/>\n<meta property=\"article:modified_time\" content=\"2020-12-16T23:25:46+00:00\" \/>\n<meta property=\"og:image\" content=\"https:\/\/noticiasmercedinas.com\/site\/wp-content\/uploads\/2020\/12\/santiago___suarez.jpg\" \/>\n\t<meta property=\"og:image:width\" content=\"637\" \/>\n\t<meta property=\"og:image:height\" content=\"444\" \/>\n\t<meta property=\"og:image:type\" content=\"image\/jpeg\" \/>\n<meta name=\"author\" content=\"Cristian Falabella NOTICIASMERCEDINAS.COM\" \/>\n<meta name=\"twitter:card\" content=\"summary_large_image\" \/>\n<meta name=\"twitter:creator\" content=\"@https:\/\/twitter.com\/NOTMERCEDINAS\" \/>\n<meta name=\"twitter:site\" content=\"@notmercedinas\" \/>\n<meta name=\"twitter:label1\" content=\"Escrito por\" \/>\n\t<meta name=\"twitter:data1\" content=\"Cristian Falabella NOTICIASMERCEDINAS.COM\" \/>\n\t<meta name=\"twitter:label2\" content=\"Tiempo de lectura\" \/>\n\t<meta name=\"twitter:data2\" content=\"6 minutos\" \/>\n<script type=\"application\/ld+json\" class=\"yoast-schema-graph\">{\"@context\":\"https:\\\/\\\/schema.org\",\"@graph\":[{\"@type\":\"Article\",\"@id\":\"https:\\\/\\\/noticiasmercedinas.com\\\/site\\\/2020\\\/12\\\/16\\\/mercedes-llora-la-muerte-de-un-grande-santiago-suarez\\\/#article\",\"isPartOf\":{\"@id\":\"https:\\\/\\\/noticiasmercedinas.com\\\/site\\\/2020\\\/12\\\/16\\\/mercedes-llora-la-muerte-de-un-grande-santiago-suarez\\\/\"},\"author\":{\"name\":\"Cristian Falabella NOTICIASMERCEDINAS.COM\",\"@id\":\"https:\\\/\\\/noticiasmercedinas.com\\\/site\\\/#\\\/schema\\\/person\\\/d481a9696a5feaec13a60e2bbd991a6a\"},\"headline\":\"Mercedes llora la muerte de un grande: Santiago Su\u00e1rez\",\"datePublished\":\"2020-12-16T17:24:56+00:00\",\"dateModified\":\"2020-12-16T23:25:46+00:00\",\"mainEntityOfPage\":{\"@id\":\"https:\\\/\\\/noticiasmercedinas.com\\\/site\\\/2020\\\/12\\\/16\\\/mercedes-llora-la-muerte-de-un-grande-santiago-suarez\\\/\"},\"wordCount\":1117,\"commentCount\":0,\"publisher\":{\"@id\":\"https:\\\/\\\/noticiasmercedinas.com\\\/site\\\/#organization\"},\"image\":{\"@id\":\"https:\\\/\\\/noticiasmercedinas.com\\\/site\\\/2020\\\/12\\\/16\\\/mercedes-llora-la-muerte-de-un-grande-santiago-suarez\\\/#primaryimage\"},\"thumbnailUrl\":\"https:\\\/\\\/noticiasmercedinas.com\\\/site\\\/wp-content\\\/uploads\\\/2020\\\/12\\\/santiago___suarez.jpg\",\"keywords\":[\"folclore\",\"musica\",\"quinteto tiempo\",\"Santiago Suarez\"],\"articleSection\":[\"Cultura\"],\"inLanguage\":\"es\",\"potentialAction\":[{\"@type\":\"CommentAction\",\"name\":\"Comment\",\"target\":[\"https:\\\/\\\/noticiasmercedinas.com\\\/site\\\/2020\\\/12\\\/16\\\/mercedes-llora-la-muerte-de-un-grande-santiago-suarez\\\/#respond\"]}]},{\"@type\":\"WebPage\",\"@id\":\"https:\\\/\\\/noticiasmercedinas.com\\\/site\\\/2020\\\/12\\\/16\\\/mercedes-llora-la-muerte-de-un-grande-santiago-suarez\\\/\",\"url\":\"https:\\\/\\\/noticiasmercedinas.com\\\/site\\\/2020\\\/12\\\/16\\\/mercedes-llora-la-muerte-de-un-grande-santiago-suarez\\\/\",\"name\":\"Mercedes llora la muerte de un grande: Santiago Su\u00e1rez\",\"isPartOf\":{\"@id\":\"https:\\\/\\\/noticiasmercedinas.com\\\/site\\\/#website\"},\"primaryImageOfPage\":{\"@id\":\"https:\\\/\\\/noticiasmercedinas.com\\\/site\\\/2020\\\/12\\\/16\\\/mercedes-llora-la-muerte-de-un-grande-santiago-suarez\\\/#primaryimage\"},\"image\":{\"@id\":\"https:\\\/\\\/noticiasmercedinas.com\\\/site\\\/2020\\\/12\\\/16\\\/mercedes-llora-la-muerte-de-un-grande-santiago-suarez\\\/#primaryimage\"},\"thumbnailUrl\":\"https:\\\/\\\/noticiasmercedinas.com\\\/site\\\/wp-content\\\/uploads\\\/2020\\\/12\\\/santiago___suarez.jpg\",\"datePublished\":\"2020-12-16T17:24:56+00:00\",\"dateModified\":\"2020-12-16T23:25:46+00:00\",\"breadcrumb\":{\"@id\":\"https:\\\/\\\/noticiasmercedinas.com\\\/site\\\/2020\\\/12\\\/16\\\/mercedes-llora-la-muerte-de-un-grande-santiago-suarez\\\/#breadcrumb\"},\"inLanguage\":\"es\",\"potentialAction\":[{\"@type\":\"ReadAction\",\"target\":[\"https:\\\/\\\/noticiasmercedinas.com\\\/site\\\/2020\\\/12\\\/16\\\/mercedes-llora-la-muerte-de-un-grande-santiago-suarez\\\/\"]}]},{\"@type\":\"ImageObject\",\"inLanguage\":\"es\",\"@id\":\"https:\\\/\\\/noticiasmercedinas.com\\\/site\\\/2020\\\/12\\\/16\\\/mercedes-llora-la-muerte-de-un-grande-santiago-suarez\\\/#primaryimage\",\"url\":\"https:\\\/\\\/noticiasmercedinas.com\\\/site\\\/wp-content\\\/uploads\\\/2020\\\/12\\\/santiago___suarez.jpg\",\"contentUrl\":\"https:\\\/\\\/noticiasmercedinas.com\\\/site\\\/wp-content\\\/uploads\\\/2020\\\/12\\\/santiago___suarez.jpg\",\"width\":637,\"height\":444},{\"@type\":\"BreadcrumbList\",\"@id\":\"https:\\\/\\\/noticiasmercedinas.com\\\/site\\\/2020\\\/12\\\/16\\\/mercedes-llora-la-muerte-de-un-grande-santiago-suarez\\\/#breadcrumb\",\"itemListElement\":[{\"@type\":\"ListItem\",\"position\":1,\"name\":\"Portada\",\"item\":\"https:\\\/\\\/noticiasmercedinas.com\\\/site\\\/\"},{\"@type\":\"ListItem\",\"position\":2,\"name\":\"Mercedes llora la muerte de un grande: Santiago Su\u00e1rez\"}]},{\"@type\":\"WebSite\",\"@id\":\"https:\\\/\\\/noticiasmercedinas.com\\\/site\\\/#website\",\"url\":\"https:\\\/\\\/noticiasmercedinas.com\\\/site\\\/\",\"name\":\"NOTICIASMERCEDINAS.COM\",\"description\":\"Mercedes, Buenos Aires, Argentina\",\"publisher\":{\"@id\":\"https:\\\/\\\/noticiasmercedinas.com\\\/site\\\/#organization\"},\"potentialAction\":[{\"@type\":\"SearchAction\",\"target\":{\"@type\":\"EntryPoint\",\"urlTemplate\":\"https:\\\/\\\/noticiasmercedinas.com\\\/site\\\/?s={search_term_string}\"},\"query-input\":{\"@type\":\"PropertyValueSpecification\",\"valueRequired\":true,\"valueName\":\"search_term_string\"}}],\"inLanguage\":\"es\"},{\"@type\":\"Organization\",\"@id\":\"https:\\\/\\\/noticiasmercedinas.com\\\/site\\\/#organization\",\"name\":\"NOTICIASMERCEDINAS.COM\",\"url\":\"https:\\\/\\\/noticiasmercedinas.com\\\/site\\\/\",\"logo\":{\"@type\":\"ImageObject\",\"inLanguage\":\"es\",\"@id\":\"https:\\\/\\\/noticiasmercedinas.com\\\/site\\\/#\\\/schema\\\/logo\\\/image\\\/\",\"url\":\"https:\\\/\\\/noticiasmercedinas.com\\\/site\\\/wp-content\\\/uploads\\\/2020\\\/06\\\/LOGO-512.jpg\",\"contentUrl\":\"https:\\\/\\\/noticiasmercedinas.com\\\/site\\\/wp-content\\\/uploads\\\/2020\\\/06\\\/LOGO-512.jpg\",\"width\":512,\"height\":512,\"caption\":\"NOTICIASMERCEDINAS.COM\"},\"image\":{\"@id\":\"https:\\\/\\\/noticiasmercedinas.com\\\/site\\\/#\\\/schema\\\/logo\\\/image\\\/\"},\"sameAs\":[\"https:\\\/\\\/www.facebook.com\\\/noticiasmercedinas\\\/\",\"https:\\\/\\\/x.com\\\/notmercedinas\",\"https:\\\/\\\/www.instagram.com\\\/noticiasmercedinas\\\/\"]},{\"@type\":\"Person\",\"@id\":\"https:\\\/\\\/noticiasmercedinas.com\\\/site\\\/#\\\/schema\\\/person\\\/d481a9696a5feaec13a60e2bbd991a6a\",\"name\":\"Cristian Falabella NOTICIASMERCEDINAS.COM\",\"image\":{\"@type\":\"ImageObject\",\"inLanguage\":\"es\",\"@id\":\"https:\\\/\\\/secure.gravatar.com\\\/avatar\\\/0dbbfc45970cc46bcd0e57766228574ff3511d6eed045b182f536f0f478c1f06?s=96&d=mm&r=g\",\"url\":\"https:\\\/\\\/secure.gravatar.com\\\/avatar\\\/0dbbfc45970cc46bcd0e57766228574ff3511d6eed045b182f536f0f478c1f06?s=96&d=mm&r=g\",\"contentUrl\":\"https:\\\/\\\/secure.gravatar.com\\\/avatar\\\/0dbbfc45970cc46bcd0e57766228574ff3511d6eed045b182f536f0f478c1f06?s=96&d=mm&r=g\",\"caption\":\"Cristian Falabella NOTICIASMERCEDINAS.COM\"},\"description\":\"Periodista, editor de Noticias Mercedinas. Pas\u00f3 por varias redacciones y emprendimientos de prensa, en distintos formatos y \u00e9pocas. Se especializ\u00f3 --y sigue haci\u00e9ndolo-- en comunicaci\u00f3n en la web y en junio de 2006 fund\u00f3 este diario digital.\",\"sameAs\":[\"https:\\\/\\\/noticiasmercedinas.com\",\"https:\\\/\\\/www.facebook.com\\\/cristian.falabella\",\"https:\\\/\\\/www.instagram.com\\\/noticiasmercedinas\\\/\",\"https:\\\/\\\/x.com\\\/https:\\\/\\\/twitter.com\\\/NOTMERCEDINAS\"],\"url\":\"https:\\\/\\\/noticiasmercedinas.com\\\/site\\\/author\\\/as000384\\\/\"}]}<\/script>\n<!-- \/ Yoast SEO plugin. -->","yoast_head_json":{"title":"Mercedes llora la muerte de un grande: Santiago Su\u00e1rez","robots":{"index":"index","follow":"follow","max-snippet":"max-snippet:-1","max-image-preview":"max-image-preview:large","max-video-preview":"max-video-preview:-1"},"canonical":"https:\/\/noticiasmercedinas.com\/site\/2020\/12\/16\/mercedes-llora-la-muerte-de-un-grande-santiago-suarez\/","og_locale":"es_ES","og_type":"article","og_title":"Mercedes llora la muerte de un grande: Santiago Su\u00e1rez","og_description":"\u25a0 Una generaci\u00f3n de m\u00fasicos del folclore lo tiene como referente. Integraba el Quinteto Tiempo, que supo ejercer una combativa resistencia cultural.","og_url":"https:\/\/noticiasmercedinas.com\/site\/2020\/12\/16\/mercedes-llora-la-muerte-de-un-grande-santiago-suarez\/","og_site_name":"NOTICIASMERCEDINAS.COM","article_publisher":"https:\/\/www.facebook.com\/noticiasmercedinas\/","article_author":"https:\/\/www.facebook.com\/cristian.falabella","article_published_time":"2020-12-16T17:24:56+00:00","article_modified_time":"2020-12-16T23:25:46+00:00","og_image":[{"width":637,"height":444,"url":"https:\/\/noticiasmercedinas.com\/site\/wp-content\/uploads\/2020\/12\/santiago___suarez.jpg","type":"image\/jpeg"}],"author":"Cristian Falabella NOTICIASMERCEDINAS.COM","twitter_card":"summary_large_image","twitter_creator":"@https:\/\/twitter.com\/NOTMERCEDINAS","twitter_site":"@notmercedinas","twitter_misc":{"Escrito por":"Cristian Falabella NOTICIASMERCEDINAS.COM","Tiempo de lectura":"6 minutos"},"schema":{"@context":"https:\/\/schema.org","@graph":[{"@type":"Article","@id":"https:\/\/noticiasmercedinas.com\/site\/2020\/12\/16\/mercedes-llora-la-muerte-de-un-grande-santiago-suarez\/#article","isPartOf":{"@id":"https:\/\/noticiasmercedinas.com\/site\/2020\/12\/16\/mercedes-llora-la-muerte-de-un-grande-santiago-suarez\/"},"author":{"name":"Cristian Falabella NOTICIASMERCEDINAS.COM","@id":"https:\/\/noticiasmercedinas.com\/site\/#\/schema\/person\/d481a9696a5feaec13a60e2bbd991a6a"},"headline":"Mercedes llora la muerte de un grande: Santiago Su\u00e1rez","datePublished":"2020-12-16T17:24:56+00:00","dateModified":"2020-12-16T23:25:46+00:00","mainEntityOfPage":{"@id":"https:\/\/noticiasmercedinas.com\/site\/2020\/12\/16\/mercedes-llora-la-muerte-de-un-grande-santiago-suarez\/"},"wordCount":1117,"commentCount":0,"publisher":{"@id":"https:\/\/noticiasmercedinas.com\/site\/#organization"},"image":{"@id":"https:\/\/noticiasmercedinas.com\/site\/2020\/12\/16\/mercedes-llora-la-muerte-de-un-grande-santiago-suarez\/#primaryimage"},"thumbnailUrl":"https:\/\/noticiasmercedinas.com\/site\/wp-content\/uploads\/2020\/12\/santiago___suarez.jpg","keywords":["folclore","musica","quinteto tiempo","Santiago Suarez"],"articleSection":["Cultura"],"inLanguage":"es","potentialAction":[{"@type":"CommentAction","name":"Comment","target":["https:\/\/noticiasmercedinas.com\/site\/2020\/12\/16\/mercedes-llora-la-muerte-de-un-grande-santiago-suarez\/#respond"]}]},{"@type":"WebPage","@id":"https:\/\/noticiasmercedinas.com\/site\/2020\/12\/16\/mercedes-llora-la-muerte-de-un-grande-santiago-suarez\/","url":"https:\/\/noticiasmercedinas.com\/site\/2020\/12\/16\/mercedes-llora-la-muerte-de-un-grande-santiago-suarez\/","name":"Mercedes llora la muerte de un grande: Santiago Su\u00e1rez","isPartOf":{"@id":"https:\/\/noticiasmercedinas.com\/site\/#website"},"primaryImageOfPage":{"@id":"https:\/\/noticiasmercedinas.com\/site\/2020\/12\/16\/mercedes-llora-la-muerte-de-un-grande-santiago-suarez\/#primaryimage"},"image":{"@id":"https:\/\/noticiasmercedinas.com\/site\/2020\/12\/16\/mercedes-llora-la-muerte-de-un-grande-santiago-suarez\/#primaryimage"},"thumbnailUrl":"https:\/\/noticiasmercedinas.com\/site\/wp-content\/uploads\/2020\/12\/santiago___suarez.jpg","datePublished":"2020-12-16T17:24:56+00:00","dateModified":"2020-12-16T23:25:46+00:00","breadcrumb":{"@id":"https:\/\/noticiasmercedinas.com\/site\/2020\/12\/16\/mercedes-llora-la-muerte-de-un-grande-santiago-suarez\/#breadcrumb"},"inLanguage":"es","potentialAction":[{"@type":"ReadAction","target":["https:\/\/noticiasmercedinas.com\/site\/2020\/12\/16\/mercedes-llora-la-muerte-de-un-grande-santiago-suarez\/"]}]},{"@type":"ImageObject","inLanguage":"es","@id":"https:\/\/noticiasmercedinas.com\/site\/2020\/12\/16\/mercedes-llora-la-muerte-de-un-grande-santiago-suarez\/#primaryimage","url":"https:\/\/noticiasmercedinas.com\/site\/wp-content\/uploads\/2020\/12\/santiago___suarez.jpg","contentUrl":"https:\/\/noticiasmercedinas.com\/site\/wp-content\/uploads\/2020\/12\/santiago___suarez.jpg","width":637,"height":444},{"@type":"BreadcrumbList","@id":"https:\/\/noticiasmercedinas.com\/site\/2020\/12\/16\/mercedes-llora-la-muerte-de-un-grande-santiago-suarez\/#breadcrumb","itemListElement":[{"@type":"ListItem","position":1,"name":"Portada","item":"https:\/\/noticiasmercedinas.com\/site\/"},{"@type":"ListItem","position":2,"name":"Mercedes llora la muerte de un grande: Santiago Su\u00e1rez"}]},{"@type":"WebSite","@id":"https:\/\/noticiasmercedinas.com\/site\/#website","url":"https:\/\/noticiasmercedinas.com\/site\/","name":"NOTICIASMERCEDINAS.COM","description":"Mercedes, Buenos Aires, Argentina","publisher":{"@id":"https:\/\/noticiasmercedinas.com\/site\/#organization"},"potentialAction":[{"@type":"SearchAction","target":{"@type":"EntryPoint","urlTemplate":"https:\/\/noticiasmercedinas.com\/site\/?s={search_term_string}"},"query-input":{"@type":"PropertyValueSpecification","valueRequired":true,"valueName":"search_term_string"}}],"inLanguage":"es"},{"@type":"Organization","@id":"https:\/\/noticiasmercedinas.com\/site\/#organization","name":"NOTICIASMERCEDINAS.COM","url":"https:\/\/noticiasmercedinas.com\/site\/","logo":{"@type":"ImageObject","inLanguage":"es","@id":"https:\/\/noticiasmercedinas.com\/site\/#\/schema\/logo\/image\/","url":"https:\/\/noticiasmercedinas.com\/site\/wp-content\/uploads\/2020\/06\/LOGO-512.jpg","contentUrl":"https:\/\/noticiasmercedinas.com\/site\/wp-content\/uploads\/2020\/06\/LOGO-512.jpg","width":512,"height":512,"caption":"NOTICIASMERCEDINAS.COM"},"image":{"@id":"https:\/\/noticiasmercedinas.com\/site\/#\/schema\/logo\/image\/"},"sameAs":["https:\/\/www.facebook.com\/noticiasmercedinas\/","https:\/\/x.com\/notmercedinas","https:\/\/www.instagram.com\/noticiasmercedinas\/"]},{"@type":"Person","@id":"https:\/\/noticiasmercedinas.com\/site\/#\/schema\/person\/d481a9696a5feaec13a60e2bbd991a6a","name":"Cristian Falabella NOTICIASMERCEDINAS.COM","image":{"@type":"ImageObject","inLanguage":"es","@id":"https:\/\/secure.gravatar.com\/avatar\/0dbbfc45970cc46bcd0e57766228574ff3511d6eed045b182f536f0f478c1f06?s=96&d=mm&r=g","url":"https:\/\/secure.gravatar.com\/avatar\/0dbbfc45970cc46bcd0e57766228574ff3511d6eed045b182f536f0f478c1f06?s=96&d=mm&r=g","contentUrl":"https:\/\/secure.gravatar.com\/avatar\/0dbbfc45970cc46bcd0e57766228574ff3511d6eed045b182f536f0f478c1f06?s=96&d=mm&r=g","caption":"Cristian Falabella NOTICIASMERCEDINAS.COM"},"description":"Periodista, editor de Noticias Mercedinas. Pas\u00f3 por varias redacciones y emprendimientos de prensa, en distintos formatos y \u00e9pocas. Se especializ\u00f3 --y sigue haci\u00e9ndolo-- en comunicaci\u00f3n en la web y en junio de 2006 fund\u00f3 este diario digital.","sameAs":["https:\/\/noticiasmercedinas.com","https:\/\/www.facebook.com\/cristian.falabella","https:\/\/www.instagram.com\/noticiasmercedinas\/","https:\/\/x.com\/https:\/\/twitter.com\/NOTMERCEDINAS"],"url":"https:\/\/noticiasmercedinas.com\/site\/author\/as000384\/"}]}},"amp_enabled":true,"_links":{"self":[{"href":"https:\/\/noticiasmercedinas.com\/site\/wp-json\/wp\/v2\/posts\/58438","targetHints":{"allow":["GET"]}}],"collection":[{"href":"https:\/\/noticiasmercedinas.com\/site\/wp-json\/wp\/v2\/posts"}],"about":[{"href":"https:\/\/noticiasmercedinas.com\/site\/wp-json\/wp\/v2\/types\/post"}],"author":[{"embeddable":true,"href":"https:\/\/noticiasmercedinas.com\/site\/wp-json\/wp\/v2\/users\/2"}],"replies":[{"embeddable":true,"href":"https:\/\/noticiasmercedinas.com\/site\/wp-json\/wp\/v2\/comments?post=58438"}],"version-history":[{"count":3,"href":"https:\/\/noticiasmercedinas.com\/site\/wp-json\/wp\/v2\/posts\/58438\/revisions"}],"predecessor-version":[{"id":58461,"href":"https:\/\/noticiasmercedinas.com\/site\/wp-json\/wp\/v2\/posts\/58438\/revisions\/58461"}],"wp:featuredmedia":[{"embeddable":true,"href":"https:\/\/noticiasmercedinas.com\/site\/wp-json\/wp\/v2\/media\/58443"}],"wp:attachment":[{"href":"https:\/\/noticiasmercedinas.com\/site\/wp-json\/wp\/v2\/media?parent=58438"}],"wp:term":[{"taxonomy":"category","embeddable":true,"href":"https:\/\/noticiasmercedinas.com\/site\/wp-json\/wp\/v2\/categories?post=58438"},{"taxonomy":"post_tag","embeddable":true,"href":"https:\/\/noticiasmercedinas.com\/site\/wp-json\/wp\/v2\/tags?post=58438"}],"curies":[{"name":"wp","href":"https:\/\/api.w.org\/{rel}","templated":true}]}}