{"id":58490,"date":"2020-12-17T09:16:08","date_gmt":"2020-12-17T12:16:08","guid":{"rendered":"https:\/\/noticiasmercedinas.com\/site\/?p=58490"},"modified":"2020-12-17T09:16:08","modified_gmt":"2020-12-17T12:16:08","slug":"nuevos-destinos-pastorales-en-la-arquidiocesis-de-mercedes-lujan","status":"publish","type":"post","link":"https:\/\/noticiasmercedinas.com\/site\/2020\/12\/17\/nuevos-destinos-pastorales-en-la-arquidiocesis-de-mercedes-lujan\/","title":{"rendered":"Nuevos destinos pastorales en la arquidi\u00f3cesis de Mercedes-Luj\u00e1n"},"content":{"rendered":"<p><img loading=\"lazy\" decoding=\"async\" class=\"alignnone wp-image-58491\" src=\"https:\/\/noticiasmercedinas.com\/site\/wp-content\/uploads\/2020\/12\/29672.jpg\" alt=\"\" width=\"640\" height=\"461\" srcset=\"https:\/\/noticiasmercedinas.com\/site\/wp-content\/uploads\/2020\/12\/29672.jpg 512w, https:\/\/noticiasmercedinas.com\/site\/wp-content\/uploads\/2020\/12\/29672-300x216.jpg 300w\" sizes=\"auto, (max-width: 640px) 100vw, 640px\" \/><\/p>\n<p>El arzobispo de Mercedes-Luj\u00e1n, monse\u00f1or <strong>Jorge Eduardo Scheinig<\/strong>, comunic\u00f3 nuevos destinos pastorales para sacerdotes y di\u00e1conos de esta arquidi\u00f3cesis. \u201cEl papa Francisco en su enc\u00edclica Fratelli tutti, nos invita a so\u00f1ar y a vivir una sincera fraternidad para que el mundo sea m\u00e1s humano. En nuestra Iglesia necesitamos vivir esa fraternidad y ser as\u00ed testigos de Jes\u00fas y su Evangelio para que el mundo crea\u201d, expres\u00f3 el prelado.<\/p>\n<p>En ese sentido, y con la intenci\u00f3n de \u201ccuidar nuestros v\u00ednculos, bas\u00e1ndolos en la confianza y en la libertad y alcanzar as\u00ed un modo sano de relacionarnos para ser comunidades misericordiosas, samaritanas y en salida\u201d, monse\u00f1or Scheinig realiz\u00f3 cambios en algunas parroquias.<\/p>\n<p>\u201cY porque considero que cambiar un pastor de una comunidad a otra es algo muy importante para nuestra Iglesia, ese discernimiento lo realic\u00e9 desde un di\u00e1logo fecundo con cada uno de ellos y con mis dos vicarios generales\u201d, aclar\u00f3. \u201cLes agradezco de coraz\u00f3n a todos su disponibilidad, generosidad y su fidelidad al Se\u00f1or y a su Iglesia\u201d.<\/p>\n<p>En este caminar, anticip\u00f3, la arquidi\u00f3cesis tendr\u00e1 algunas experiencias de \u201cEquipos Sacerdotales\u201d, teniendo en cuenta la figura de \u201cP\u00e1rrocos Solidarios\u201d. \u201cPasaremos del p\u00e1rroco y el vicario, a dos sacerdotes que ya han sido p\u00e1rrocos, con la misma misi\u00f3n, autoridad y cargo, tratando de ser un equipo fraterno al servicio de esa comunidad. Ser\u00e1n tambi\u00e9n equipos sacerdotales los de la bas\u00edlica de Luj\u00e1n y el seminario\u201d, explic\u00f3.<\/p>\n<p>\u201cEstoy convencido de que \u00e9ste es el camino a seguir: sacerdotes que viviendo juntos puedan llevar adelante la tarea pastoral para que las parroquias a su cargo y en estrecha comuni\u00f3n con los laicos y el mismo vecindario, puedan seguir dilatando el Reino de Dios que es la tarea que nos encomend\u00f3 Jes\u00fas y lo sigue haciendo Su Iglesia. Me comprometo a acompa\u00f1ar de cerca estas experiencias\u201d, asegur\u00f3.<\/p>\n<p>\u201cAsimismo, como ustedes saben, no tenemos el n\u00famero suficiente de sacerdotes para replicar este modo en todas las comunidades y territorios de la di\u00f3cesis. Por eso algunos sacerdotes seguir\u00e1n solos a cargo de sus comunidades. Pero deseo que estas experiencias nos vayan iluminando para ver c\u00f3mo los sacerdotes fraternalmente juntos y solidarios, pueden desempe\u00f1ar en equipo, su tarea pastoral\u201d, dijo e inform\u00f3 que en el equipo de la bas\u00edlica de Nuestra Se\u00f1ora de Luj\u00e1n, se desempe\u00f1ar\u00e1 como rector el presb\u00edtero <strong>Lucas Garc\u00eda<\/strong>, y como rector administrativo el di\u00e1cono permanente <strong>Diego Ocampo<\/strong>. Ser\u00e1n sus sacerdotes el presb\u00edtero <strong>Eugenio S\u00e1nchez<\/strong>, el presb\u00edtero <strong>Pablo Mart\u00ednez<\/strong> (de la arquidi\u00f3cesis de Buenos Aires), el presb\u00edtero <strong>Sebasti\u00e1n R\u00edos<\/strong> (por ordenarse sacerdote el pr\u00f3ximo 18 de diciembre); el di\u00e1cono <strong>Mario Rold\u00e1n<\/strong> (por ordenarse el pr\u00f3ximo 19 de marzo), el presb\u00edtero <strong>Marcelo Monteagudo<\/strong>, que atiende la parroquia San Jos\u00e9, el presb\u00edtero <strong>Hugo Lusardi<\/strong>, que atiende la parroquia Santa Elena.<\/p>\n<p>El Equipo de Formadores del Seminario (ya anunciado), estar\u00e1 conformado por el rector, presb\u00edtero <strong>Lucas Jerez<\/strong>; el director espiritual, presb\u00edtero <strong>Daniel Guerra<\/strong>; el director acad\u00e9mico, presb\u00edtero <strong>Lucas Figueroa<\/strong>; el director de pastoral, presb\u00edtero <strong>Luis J\u00e1uregui<\/strong>. Adem\u00e1s, formar\u00e1n parte del equipo el presb\u00edtero <strong>Diego Zacca<\/strong> y presb\u00edtero <strong>Pedro Fournau<\/strong>, de la arquidi\u00f3cesis de Bah\u00eda Blanca.<\/p>\n<p>En la parroquia Sagrada Familia, en la ciudad de Luj\u00e1n, habr\u00e1 dos p\u00e1rrocos solidarios: presb\u00edtero <strong>Ricardo Rodr\u00edguez<\/strong> y el presb\u00edtero <strong>Claudio Mosca<\/strong>. Mientras que en la parroquia Nuestra Se\u00f1ora del Carmen, en la ciudad de Lobos, ser\u00e1n p\u00e1rrocos solidarios el presb\u00edtero <strong>Luis Mena<\/strong> y el presb\u00edtero <strong>Jorge Rodr\u00edguez<\/strong>.<\/p>\n<p>El equipo sacerdotal de la parroquia Medalla Milagrosa, en la ciudad de General Rodr\u00edguez y de la parroquia Inmaculada, en la ciudad de Malvinas, estar\u00e1 conformado por el presb\u00edtero <strong>Alejandro Trobo<\/strong>, el presb\u00edtero <strong>Franco Carreras<\/strong> y el presb\u00edtero <strong>Pablo R\u00edssola<\/strong>.<\/p>\n<p>En la parroquia San Isidro Labrador, en la ciudad de Chacabuco (ya anunciado), ser\u00e1 p\u00e1rroco el presb\u00edtero <strong>Dar\u00edo Kling<\/strong>. En la parroquia San Ignacio, en la ciudad de Jun\u00edn, se desempe\u00f1ar\u00e1 como p\u00e1rroco el presb\u00edtero <strong>Pablo Vall\u00e9s<\/strong> y como vicario parroquial, el presb\u00edtero <strong>Emiliano Aguirre<\/strong>.<\/p>\n<p>La parroquia Sagrado Coraz\u00f3n, en la ciudad de Jun\u00edn, tendr\u00e1 como p\u00e1rroco al presb\u00edtero <strong>V\u00edctor Roncatti<\/strong>, y la parroquia Nuestra Se\u00f1ora del Carmen, en la ciudad de Carmen de Areco, contar\u00e1 con la tarea pastoral del presb\u00edtero <strong>Daniel Blanchoud<\/strong>, que ser\u00e1 su p\u00e1rroco.<\/p>\n<p>El p\u00e1rroco de San Marcos Evangelista, en la ciudad de Marcos Paz, continuar\u00e1 siendo el presb\u00edtero <strong>Federico Lazarte<\/strong>, y tendr\u00e1 como vicario parroquial al presb\u00edtero <strong>Federico Telles<\/strong>; mientras que la parroquia Cristo Rey, en la ciudad de Mercedes, tendr\u00e1 como administrador parroquial por tiempo determinado al presb\u00edtero <strong>Gabriel Paglieri<\/strong>.<\/p>\n","protected":false},"excerpt":{"rendered":"<p>\u25a0 El arzobispo de Mercedes-Luj\u00e1n, monse\u00f1or Jorge Eduardo Scheinig, realiz\u00f3 cambios en algunas parroquias. E incorpora experiencias de \u201cEquipos Sacerdotales\u201d<\/p>\n","protected":false},"author":16,"featured_media":58491,"comment_status":"open","ping_status":"open","sticky":false,"template":"","format":"standard","meta":{"footnotes":""},"categories":[3],"tags":[2673,9073,8685,11013,7213,8679,11003,6132,885,11004,400,884,399,11014,11008,3305,11011,7211,11002,3098,8680,11010,11007,11006,11005,8323,3558,11009,8683,8699,11012],"class_list":["post-58490","post","type-post","status-publish","format-standard","has-post-thumbnail","hentry","category-sociedad","tag-alejandro-trobo","tag-arzobispado-mercedes-lujan","tag-claudio-mosca","tag-daniel-blanchoud","tag-daniel-guerra","tag-dario-kling","tag-diego-ocampo","tag-diego-zacca","tag-emiliano-aguirre","tag-eugenio-sanchez","tag-federico-lazarte","tag-federico-telles","tag-franco-carreras","tag-gabriel-paglieri","tag-hugo-lusardi","tag-jorge-eduardo-scheinig","tag-jorge-rodriguez","tag-lucas-figueroa","tag-lucas-garcia","tag-lucas-jerez","tag-luis-jauregui","tag-luis-mena","tag-marcelo-monteagudo","tag-mario-roldan","tag-pablo-martinez","tag-pablo-rissola","tag-pablo-valles","tag-pedro-fournau","tag-ricardo-rodriguez","tag-sebastian-rios","tag-victor-roncatti"],"yoast_head":"<!-- This site is optimized with the Yoast SEO plugin v27.5 - https:\/\/yoast.com\/product\/yoast-seo-wordpress\/ -->\n<title>Nuevos destinos pastorales en la arquidi\u00f3cesis de Mercedes-Luj\u00e1n<\/title>\n<meta name=\"robots\" content=\"index, follow, max-snippet:-1, max-image-preview:large, max-video-preview:-1\" \/>\n<link rel=\"canonical\" href=\"https:\/\/noticiasmercedinas.com\/site\/2020\/12\/17\/nuevos-destinos-pastorales-en-la-arquidiocesis-de-mercedes-lujan\/\" \/>\n<meta property=\"og:locale\" content=\"es_ES\" \/>\n<meta property=\"og:type\" content=\"article\" \/>\n<meta property=\"og:title\" content=\"Nuevos destinos pastorales en la arquidi\u00f3cesis de Mercedes-Luj\u00e1n\" \/>\n<meta property=\"og:description\" content=\"\u25a0 El arzobispo de Mercedes-Luj\u00e1n, monse\u00f1or Jorge Eduardo Scheinig, realiz\u00f3 cambios en algunas parroquias. E incorpora experiencias de \u201cEquipos Sacerdotales\u201d\" \/>\n<meta property=\"og:url\" content=\"https:\/\/noticiasmercedinas.com\/site\/2020\/12\/17\/nuevos-destinos-pastorales-en-la-arquidiocesis-de-mercedes-lujan\/\" \/>\n<meta property=\"og:site_name\" content=\"NOTICIASMERCEDINAS.COM\" \/>\n<meta property=\"article:publisher\" content=\"https:\/\/www.facebook.com\/noticiasmercedinas\/\" \/>\n<meta property=\"article:published_time\" content=\"2020-12-17T12:16:08+00:00\" \/>\n<meta property=\"og:image\" content=\"https:\/\/noticiasmercedinas.com\/site\/wp-content\/uploads\/2020\/12\/29672.jpg\" \/>\n\t<meta property=\"og:image:width\" content=\"512\" \/>\n\t<meta property=\"og:image:height\" content=\"369\" \/>\n\t<meta property=\"og:image:type\" content=\"image\/jpeg\" \/>\n<meta name=\"author\" content=\"NOTICIASMERCEDINAS.COM\" \/>\n<meta name=\"twitter:card\" content=\"summary_large_image\" \/>\n<meta name=\"twitter:creator\" content=\"@notmercedinas\" \/>\n<meta name=\"twitter:site\" content=\"@notmercedinas\" \/>\n<meta name=\"twitter:label1\" content=\"Escrito por\" \/>\n\t<meta name=\"twitter:data1\" content=\"NOTICIASMERCEDINAS.COM\" \/>\n\t<meta name=\"twitter:label2\" content=\"Tiempo de lectura\" \/>\n\t<meta name=\"twitter:data2\" content=\"4 minutos\" \/>\n<script type=\"application\/ld+json\" class=\"yoast-schema-graph\">{\"@context\":\"https:\\\/\\\/schema.org\",\"@graph\":[{\"@type\":\"Article\",\"@id\":\"https:\\\/\\\/noticiasmercedinas.com\\\/site\\\/2020\\\/12\\\/17\\\/nuevos-destinos-pastorales-en-la-arquidiocesis-de-mercedes-lujan\\\/#article\",\"isPartOf\":{\"@id\":\"https:\\\/\\\/noticiasmercedinas.com\\\/site\\\/2020\\\/12\\\/17\\\/nuevos-destinos-pastorales-en-la-arquidiocesis-de-mercedes-lujan\\\/\"},\"author\":{\"name\":\"NOTICIASMERCEDINAS.COM\",\"@id\":\"https:\\\/\\\/noticiasmercedinas.com\\\/site\\\/#\\\/schema\\\/person\\\/84b59c099c28ff2e8b77d4ceec5d8063\"},\"headline\":\"Nuevos destinos pastorales en la arquidi\u00f3cesis de Mercedes-Luj\u00e1n\",\"datePublished\":\"2020-12-17T12:16:08+00:00\",\"mainEntityOfPage\":{\"@id\":\"https:\\\/\\\/noticiasmercedinas.com\\\/site\\\/2020\\\/12\\\/17\\\/nuevos-destinos-pastorales-en-la-arquidiocesis-de-mercedes-lujan\\\/\"},\"wordCount\":842,\"commentCount\":0,\"publisher\":{\"@id\":\"https:\\\/\\\/noticiasmercedinas.com\\\/site\\\/#organization\"},\"image\":{\"@id\":\"https:\\\/\\\/noticiasmercedinas.com\\\/site\\\/2020\\\/12\\\/17\\\/nuevos-destinos-pastorales-en-la-arquidiocesis-de-mercedes-lujan\\\/#primaryimage\"},\"thumbnailUrl\":\"https:\\\/\\\/noticiasmercedinas.com\\\/site\\\/wp-content\\\/uploads\\\/2020\\\/12\\\/29672.jpg\",\"keywords\":[\"Alejandro Trobo\",\"Arzobispado Mercedes Luj\u00e1n\",\"Claudio Mosca\",\"Daniel Blanchoud\",\"Daniel guerra\",\"Dar\u00edo Kling\",\"Diego Ocampo\",\"diego zacca\",\"Emiliano Aguirre\",\"Eugenio S\u00e1nchez\",\"federico lazarte\",\"Federico Telles\",\"franco carreras\",\"Gabriel Paglieri\",\"Hugo Lusardi\",\"Jorge Eduardo Scheinig\",\"Jorge Rodr\u00edguez\",\"Lucas Figueroa\",\"Lucas Garc\u00eda\",\"lucas jerez\",\"Luis J\u00e1uregui\",\"Luis Mena\",\"Marcelo Monteagudo\",\"Mario Rold\u00e1n\",\"Pablo Mart\u00ednez\",\"Pablo R\u00edssola\",\"Pablo Vall\u00e9s\",\"Pedro Fournau\",\"Ricardo Rodriguez\",\"Sebasti\u00e1n R\u00edos\",\"V\u00edctor Roncatti\"],\"articleSection\":[\"Sociedad\"],\"inLanguage\":\"es\",\"potentialAction\":[{\"@type\":\"CommentAction\",\"name\":\"Comment\",\"target\":[\"https:\\\/\\\/noticiasmercedinas.com\\\/site\\\/2020\\\/12\\\/17\\\/nuevos-destinos-pastorales-en-la-arquidiocesis-de-mercedes-lujan\\\/#respond\"]}]},{\"@type\":\"WebPage\",\"@id\":\"https:\\\/\\\/noticiasmercedinas.com\\\/site\\\/2020\\\/12\\\/17\\\/nuevos-destinos-pastorales-en-la-arquidiocesis-de-mercedes-lujan\\\/\",\"url\":\"https:\\\/\\\/noticiasmercedinas.com\\\/site\\\/2020\\\/12\\\/17\\\/nuevos-destinos-pastorales-en-la-arquidiocesis-de-mercedes-lujan\\\/\",\"name\":\"Nuevos destinos pastorales en la arquidi\u00f3cesis de Mercedes-Luj\u00e1n\",\"isPartOf\":{\"@id\":\"https:\\\/\\\/noticiasmercedinas.com\\\/site\\\/#website\"},\"primaryImageOfPage\":{\"@id\":\"https:\\\/\\\/noticiasmercedinas.com\\\/site\\\/2020\\\/12\\\/17\\\/nuevos-destinos-pastorales-en-la-arquidiocesis-de-mercedes-lujan\\\/#primaryimage\"},\"image\":{\"@id\":\"https:\\\/\\\/noticiasmercedinas.com\\\/site\\\/2020\\\/12\\\/17\\\/nuevos-destinos-pastorales-en-la-arquidiocesis-de-mercedes-lujan\\\/#primaryimage\"},\"thumbnailUrl\":\"https:\\\/\\\/noticiasmercedinas.com\\\/site\\\/wp-content\\\/uploads\\\/2020\\\/12\\\/29672.jpg\",\"datePublished\":\"2020-12-17T12:16:08+00:00\",\"breadcrumb\":{\"@id\":\"https:\\\/\\\/noticiasmercedinas.com\\\/site\\\/2020\\\/12\\\/17\\\/nuevos-destinos-pastorales-en-la-arquidiocesis-de-mercedes-lujan\\\/#breadcrumb\"},\"inLanguage\":\"es\",\"potentialAction\":[{\"@type\":\"ReadAction\",\"target\":[\"https:\\\/\\\/noticiasmercedinas.com\\\/site\\\/2020\\\/12\\\/17\\\/nuevos-destinos-pastorales-en-la-arquidiocesis-de-mercedes-lujan\\\/\"]}]},{\"@type\":\"ImageObject\",\"inLanguage\":\"es\",\"@id\":\"https:\\\/\\\/noticiasmercedinas.com\\\/site\\\/2020\\\/12\\\/17\\\/nuevos-destinos-pastorales-en-la-arquidiocesis-de-mercedes-lujan\\\/#primaryimage\",\"url\":\"https:\\\/\\\/noticiasmercedinas.com\\\/site\\\/wp-content\\\/uploads\\\/2020\\\/12\\\/29672.jpg\",\"contentUrl\":\"https:\\\/\\\/noticiasmercedinas.com\\\/site\\\/wp-content\\\/uploads\\\/2020\\\/12\\\/29672.jpg\",\"width\":512,\"height\":369},{\"@type\":\"BreadcrumbList\",\"@id\":\"https:\\\/\\\/noticiasmercedinas.com\\\/site\\\/2020\\\/12\\\/17\\\/nuevos-destinos-pastorales-en-la-arquidiocesis-de-mercedes-lujan\\\/#breadcrumb\",\"itemListElement\":[{\"@type\":\"ListItem\",\"position\":1,\"name\":\"Portada\",\"item\":\"https:\\\/\\\/noticiasmercedinas.com\\\/site\\\/\"},{\"@type\":\"ListItem\",\"position\":2,\"name\":\"Nuevos destinos pastorales en la arquidi\u00f3cesis de Mercedes-Luj\u00e1n\"}]},{\"@type\":\"WebSite\",\"@id\":\"https:\\\/\\\/noticiasmercedinas.com\\\/site\\\/#website\",\"url\":\"https:\\\/\\\/noticiasmercedinas.com\\\/site\\\/\",\"name\":\"NOTICIASMERCEDINAS.COM\",\"description\":\"Mercedes, Buenos Aires, Argentina\",\"publisher\":{\"@id\":\"https:\\\/\\\/noticiasmercedinas.com\\\/site\\\/#organization\"},\"potentialAction\":[{\"@type\":\"SearchAction\",\"target\":{\"@type\":\"EntryPoint\",\"urlTemplate\":\"https:\\\/\\\/noticiasmercedinas.com\\\/site\\\/?s={search_term_string}\"},\"query-input\":{\"@type\":\"PropertyValueSpecification\",\"valueRequired\":true,\"valueName\":\"search_term_string\"}}],\"inLanguage\":\"es\"},{\"@type\":\"Organization\",\"@id\":\"https:\\\/\\\/noticiasmercedinas.com\\\/site\\\/#organization\",\"name\":\"NOTICIASMERCEDINAS.COM\",\"url\":\"https:\\\/\\\/noticiasmercedinas.com\\\/site\\\/\",\"logo\":{\"@type\":\"ImageObject\",\"inLanguage\":\"es\",\"@id\":\"https:\\\/\\\/noticiasmercedinas.com\\\/site\\\/#\\\/schema\\\/logo\\\/image\\\/\",\"url\":\"https:\\\/\\\/noticiasmercedinas.com\\\/site\\\/wp-content\\\/uploads\\\/2020\\\/06\\\/LOGO-512.jpg\",\"contentUrl\":\"https:\\\/\\\/noticiasmercedinas.com\\\/site\\\/wp-content\\\/uploads\\\/2020\\\/06\\\/LOGO-512.jpg\",\"width\":512,\"height\":512,\"caption\":\"NOTICIASMERCEDINAS.COM\"},\"image\":{\"@id\":\"https:\\\/\\\/noticiasmercedinas.com\\\/site\\\/#\\\/schema\\\/logo\\\/image\\\/\"},\"sameAs\":[\"https:\\\/\\\/www.facebook.com\\\/noticiasmercedinas\\\/\",\"https:\\\/\\\/x.com\\\/notmercedinas\",\"https:\\\/\\\/www.instagram.com\\\/noticiasmercedinas\\\/\"]},{\"@type\":\"Person\",\"@id\":\"https:\\\/\\\/noticiasmercedinas.com\\\/site\\\/#\\\/schema\\\/person\\\/84b59c099c28ff2e8b77d4ceec5d8063\",\"name\":\"NOTICIASMERCEDINAS.COM\",\"image\":{\"@type\":\"ImageObject\",\"inLanguage\":\"es\",\"@id\":\"https:\\\/\\\/secure.gravatar.com\\\/avatar\\\/4dfbf16b4d17945bfb6341b2d19043457132fcf478a5ee04f42e959fd8f5df0a?s=96&d=mm&r=g\",\"url\":\"https:\\\/\\\/secure.gravatar.com\\\/avatar\\\/4dfbf16b4d17945bfb6341b2d19043457132fcf478a5ee04f42e959fd8f5df0a?s=96&d=mm&r=g\",\"contentUrl\":\"https:\\\/\\\/secure.gravatar.com\\\/avatar\\\/4dfbf16b4d17945bfb6341b2d19043457132fcf478a5ee04f42e959fd8f5df0a?s=96&d=mm&r=g\",\"caption\":\"NOTICIASMERCEDINAS.COM\"},\"url\":\"https:\\\/\\\/noticiasmercedinas.com\\\/site\\\/author\\\/anonimo\\\/\"}]}<\/script>\n<!-- \/ Yoast SEO plugin. -->","yoast_head_json":{"title":"Nuevos destinos pastorales en la arquidi\u00f3cesis de Mercedes-Luj\u00e1n","robots":{"index":"index","follow":"follow","max-snippet":"max-snippet:-1","max-image-preview":"max-image-preview:large","max-video-preview":"max-video-preview:-1"},"canonical":"https:\/\/noticiasmercedinas.com\/site\/2020\/12\/17\/nuevos-destinos-pastorales-en-la-arquidiocesis-de-mercedes-lujan\/","og_locale":"es_ES","og_type":"article","og_title":"Nuevos destinos pastorales en la arquidi\u00f3cesis de Mercedes-Luj\u00e1n","og_description":"\u25a0 El arzobispo de Mercedes-Luj\u00e1n, monse\u00f1or Jorge Eduardo Scheinig, realiz\u00f3 cambios en algunas parroquias. E incorpora experiencias de \u201cEquipos Sacerdotales\u201d","og_url":"https:\/\/noticiasmercedinas.com\/site\/2020\/12\/17\/nuevos-destinos-pastorales-en-la-arquidiocesis-de-mercedes-lujan\/","og_site_name":"NOTICIASMERCEDINAS.COM","article_publisher":"https:\/\/www.facebook.com\/noticiasmercedinas\/","article_published_time":"2020-12-17T12:16:08+00:00","og_image":[{"width":512,"height":369,"url":"https:\/\/noticiasmercedinas.com\/site\/wp-content\/uploads\/2020\/12\/29672.jpg","type":"image\/jpeg"}],"author":"NOTICIASMERCEDINAS.COM","twitter_card":"summary_large_image","twitter_creator":"@notmercedinas","twitter_site":"@notmercedinas","twitter_misc":{"Escrito por":"NOTICIASMERCEDINAS.COM","Tiempo de lectura":"4 minutos"},"schema":{"@context":"https:\/\/schema.org","@graph":[{"@type":"Article","@id":"https:\/\/noticiasmercedinas.com\/site\/2020\/12\/17\/nuevos-destinos-pastorales-en-la-arquidiocesis-de-mercedes-lujan\/#article","isPartOf":{"@id":"https:\/\/noticiasmercedinas.com\/site\/2020\/12\/17\/nuevos-destinos-pastorales-en-la-arquidiocesis-de-mercedes-lujan\/"},"author":{"name":"NOTICIASMERCEDINAS.COM","@id":"https:\/\/noticiasmercedinas.com\/site\/#\/schema\/person\/84b59c099c28ff2e8b77d4ceec5d8063"},"headline":"Nuevos destinos pastorales en la arquidi\u00f3cesis de Mercedes-Luj\u00e1n","datePublished":"2020-12-17T12:16:08+00:00","mainEntityOfPage":{"@id":"https:\/\/noticiasmercedinas.com\/site\/2020\/12\/17\/nuevos-destinos-pastorales-en-la-arquidiocesis-de-mercedes-lujan\/"},"wordCount":842,"commentCount":0,"publisher":{"@id":"https:\/\/noticiasmercedinas.com\/site\/#organization"},"image":{"@id":"https:\/\/noticiasmercedinas.com\/site\/2020\/12\/17\/nuevos-destinos-pastorales-en-la-arquidiocesis-de-mercedes-lujan\/#primaryimage"},"thumbnailUrl":"https:\/\/noticiasmercedinas.com\/site\/wp-content\/uploads\/2020\/12\/29672.jpg","keywords":["Alejandro Trobo","Arzobispado Mercedes Luj\u00e1n","Claudio Mosca","Daniel Blanchoud","Daniel guerra","Dar\u00edo Kling","Diego Ocampo","diego zacca","Emiliano Aguirre","Eugenio S\u00e1nchez","federico lazarte","Federico Telles","franco carreras","Gabriel Paglieri","Hugo Lusardi","Jorge Eduardo Scheinig","Jorge Rodr\u00edguez","Lucas Figueroa","Lucas Garc\u00eda","lucas jerez","Luis J\u00e1uregui","Luis Mena","Marcelo Monteagudo","Mario Rold\u00e1n","Pablo Mart\u00ednez","Pablo R\u00edssola","Pablo Vall\u00e9s","Pedro Fournau","Ricardo Rodriguez","Sebasti\u00e1n R\u00edos","V\u00edctor Roncatti"],"articleSection":["Sociedad"],"inLanguage":"es","potentialAction":[{"@type":"CommentAction","name":"Comment","target":["https:\/\/noticiasmercedinas.com\/site\/2020\/12\/17\/nuevos-destinos-pastorales-en-la-arquidiocesis-de-mercedes-lujan\/#respond"]}]},{"@type":"WebPage","@id":"https:\/\/noticiasmercedinas.com\/site\/2020\/12\/17\/nuevos-destinos-pastorales-en-la-arquidiocesis-de-mercedes-lujan\/","url":"https:\/\/noticiasmercedinas.com\/site\/2020\/12\/17\/nuevos-destinos-pastorales-en-la-arquidiocesis-de-mercedes-lujan\/","name":"Nuevos destinos pastorales en la arquidi\u00f3cesis de Mercedes-Luj\u00e1n","isPartOf":{"@id":"https:\/\/noticiasmercedinas.com\/site\/#website"},"primaryImageOfPage":{"@id":"https:\/\/noticiasmercedinas.com\/site\/2020\/12\/17\/nuevos-destinos-pastorales-en-la-arquidiocesis-de-mercedes-lujan\/#primaryimage"},"image":{"@id":"https:\/\/noticiasmercedinas.com\/site\/2020\/12\/17\/nuevos-destinos-pastorales-en-la-arquidiocesis-de-mercedes-lujan\/#primaryimage"},"thumbnailUrl":"https:\/\/noticiasmercedinas.com\/site\/wp-content\/uploads\/2020\/12\/29672.jpg","datePublished":"2020-12-17T12:16:08+00:00","breadcrumb":{"@id":"https:\/\/noticiasmercedinas.com\/site\/2020\/12\/17\/nuevos-destinos-pastorales-en-la-arquidiocesis-de-mercedes-lujan\/#breadcrumb"},"inLanguage":"es","potentialAction":[{"@type":"ReadAction","target":["https:\/\/noticiasmercedinas.com\/site\/2020\/12\/17\/nuevos-destinos-pastorales-en-la-arquidiocesis-de-mercedes-lujan\/"]}]},{"@type":"ImageObject","inLanguage":"es","@id":"https:\/\/noticiasmercedinas.com\/site\/2020\/12\/17\/nuevos-destinos-pastorales-en-la-arquidiocesis-de-mercedes-lujan\/#primaryimage","url":"https:\/\/noticiasmercedinas.com\/site\/wp-content\/uploads\/2020\/12\/29672.jpg","contentUrl":"https:\/\/noticiasmercedinas.com\/site\/wp-content\/uploads\/2020\/12\/29672.jpg","width":512,"height":369},{"@type":"BreadcrumbList","@id":"https:\/\/noticiasmercedinas.com\/site\/2020\/12\/17\/nuevos-destinos-pastorales-en-la-arquidiocesis-de-mercedes-lujan\/#breadcrumb","itemListElement":[{"@type":"ListItem","position":1,"name":"Portada","item":"https:\/\/noticiasmercedinas.com\/site\/"},{"@type":"ListItem","position":2,"name":"Nuevos destinos pastorales en la arquidi\u00f3cesis de Mercedes-Luj\u00e1n"}]},{"@type":"WebSite","@id":"https:\/\/noticiasmercedinas.com\/site\/#website","url":"https:\/\/noticiasmercedinas.com\/site\/","name":"NOTICIASMERCEDINAS.COM","description":"Mercedes, Buenos Aires, Argentina","publisher":{"@id":"https:\/\/noticiasmercedinas.com\/site\/#organization"},"potentialAction":[{"@type":"SearchAction","target":{"@type":"EntryPoint","urlTemplate":"https:\/\/noticiasmercedinas.com\/site\/?s={search_term_string}"},"query-input":{"@type":"PropertyValueSpecification","valueRequired":true,"valueName":"search_term_string"}}],"inLanguage":"es"},{"@type":"Organization","@id":"https:\/\/noticiasmercedinas.com\/site\/#organization","name":"NOTICIASMERCEDINAS.COM","url":"https:\/\/noticiasmercedinas.com\/site\/","logo":{"@type":"ImageObject","inLanguage":"es","@id":"https:\/\/noticiasmercedinas.com\/site\/#\/schema\/logo\/image\/","url":"https:\/\/noticiasmercedinas.com\/site\/wp-content\/uploads\/2020\/06\/LOGO-512.jpg","contentUrl":"https:\/\/noticiasmercedinas.com\/site\/wp-content\/uploads\/2020\/06\/LOGO-512.jpg","width":512,"height":512,"caption":"NOTICIASMERCEDINAS.COM"},"image":{"@id":"https:\/\/noticiasmercedinas.com\/site\/#\/schema\/logo\/image\/"},"sameAs":["https:\/\/www.facebook.com\/noticiasmercedinas\/","https:\/\/x.com\/notmercedinas","https:\/\/www.instagram.com\/noticiasmercedinas\/"]},{"@type":"Person","@id":"https:\/\/noticiasmercedinas.com\/site\/#\/schema\/person\/84b59c099c28ff2e8b77d4ceec5d8063","name":"NOTICIASMERCEDINAS.COM","image":{"@type":"ImageObject","inLanguage":"es","@id":"https:\/\/secure.gravatar.com\/avatar\/4dfbf16b4d17945bfb6341b2d19043457132fcf478a5ee04f42e959fd8f5df0a?s=96&d=mm&r=g","url":"https:\/\/secure.gravatar.com\/avatar\/4dfbf16b4d17945bfb6341b2d19043457132fcf478a5ee04f42e959fd8f5df0a?s=96&d=mm&r=g","contentUrl":"https:\/\/secure.gravatar.com\/avatar\/4dfbf16b4d17945bfb6341b2d19043457132fcf478a5ee04f42e959fd8f5df0a?s=96&d=mm&r=g","caption":"NOTICIASMERCEDINAS.COM"},"url":"https:\/\/noticiasmercedinas.com\/site\/author\/anonimo\/"}]}},"amp_enabled":true,"_links":{"self":[{"href":"https:\/\/noticiasmercedinas.com\/site\/wp-json\/wp\/v2\/posts\/58490","targetHints":{"allow":["GET"]}}],"collection":[{"href":"https:\/\/noticiasmercedinas.com\/site\/wp-json\/wp\/v2\/posts"}],"about":[{"href":"https:\/\/noticiasmercedinas.com\/site\/wp-json\/wp\/v2\/types\/post"}],"author":[{"embeddable":true,"href":"https:\/\/noticiasmercedinas.com\/site\/wp-json\/wp\/v2\/users\/16"}],"replies":[{"embeddable":true,"href":"https:\/\/noticiasmercedinas.com\/site\/wp-json\/wp\/v2\/comments?post=58490"}],"version-history":[{"count":1,"href":"https:\/\/noticiasmercedinas.com\/site\/wp-json\/wp\/v2\/posts\/58490\/revisions"}],"predecessor-version":[{"id":58492,"href":"https:\/\/noticiasmercedinas.com\/site\/wp-json\/wp\/v2\/posts\/58490\/revisions\/58492"}],"wp:featuredmedia":[{"embeddable":true,"href":"https:\/\/noticiasmercedinas.com\/site\/wp-json\/wp\/v2\/media\/58491"}],"wp:attachment":[{"href":"https:\/\/noticiasmercedinas.com\/site\/wp-json\/wp\/v2\/media?parent=58490"}],"wp:term":[{"taxonomy":"category","embeddable":true,"href":"https:\/\/noticiasmercedinas.com\/site\/wp-json\/wp\/v2\/categories?post=58490"},{"taxonomy":"post_tag","embeddable":true,"href":"https:\/\/noticiasmercedinas.com\/site\/wp-json\/wp\/v2\/tags?post=58490"}],"curies":[{"name":"wp","href":"https:\/\/api.w.org\/{rel}","templated":true}]}}