{"id":58664,"date":"2020-12-19T23:58:15","date_gmt":"2020-12-20T02:58:15","guid":{"rendered":"https:\/\/noticiasmercedinas.com\/site\/?p=58664"},"modified":"2020-12-19T23:58:31","modified_gmt":"2020-12-20T02:58:31","slug":"declaran-de-interes-patrimonial-y-cultural-la-obra-de-octimio-landi","status":"publish","type":"post","link":"https:\/\/noticiasmercedinas.com\/site\/2020\/12\/19\/declaran-de-interes-patrimonial-y-cultural-la-obra-de-octimio-landi\/","title":{"rendered":"Declaran de inter\u00e9s patrimonial y cultural la obra de Octimio Landi"},"content":{"rendered":"<p><img loading=\"lazy\" decoding=\"async\" src=\"https:\/\/noticiasmercedinas.com\/site\/wp-content\/uploads\/2020\/12\/338325_270324816336113_703520163_o.jpg\" class=\"alignnone size-full wp-image-58670\" width=\"1624\" height=\"1268\" srcset=\"https:\/\/noticiasmercedinas.com\/site\/wp-content\/uploads\/2020\/12\/338325_270324816336113_703520163_o.jpg 1624w, https:\/\/noticiasmercedinas.com\/site\/wp-content\/uploads\/2020\/12\/338325_270324816336113_703520163_o-300x234.jpg 300w, https:\/\/noticiasmercedinas.com\/site\/wp-content\/uploads\/2020\/12\/338325_270324816336113_703520163_o-1024x800.jpg 1024w, https:\/\/noticiasmercedinas.com\/site\/wp-content\/uploads\/2020\/12\/338325_270324816336113_703520163_o-768x600.jpg 768w, https:\/\/noticiasmercedinas.com\/site\/wp-content\/uploads\/2020\/12\/338325_270324816336113_703520163_o-1536x1199.jpg 1536w, https:\/\/noticiasmercedinas.com\/site\/wp-content\/uploads\/2020\/12\/338325_270324816336113_703520163_o-511x400.jpg 511w, https:\/\/noticiasmercedinas.com\/site\/wp-content\/uploads\/2020\/12\/338325_270324816336113_703520163_o-640x500.jpg 640w, https:\/\/noticiasmercedinas.com\/site\/wp-content\/uploads\/2020\/12\/338325_270324816336113_703520163_o-1280x999.jpg 1280w, https:\/\/noticiasmercedinas.com\/site\/wp-content\/uploads\/2020\/12\/338325_270324816336113_703520163_o-681x532.jpg 681w, https:\/\/noticiasmercedinas.com\/site\/wp-content\/uploads\/2020\/12\/338325_270324816336113_703520163_o-1362x1063.jpg 1362w\" sizes=\"auto, (max-width: 1624px) 100vw, 1624px\" \/><\/p>\n<p>Tras un pedido de la Direcci\u00f3n de Cultura se logr\u00f3 declarar de inter\u00e9s patrimonial la obra del destacado artista mercedino Octimio Landi. El proceso permite preservar y cuidar como patrimonio para las pr\u00f3ximas generaciones del excelso artista. \u201cEstamos muy felices, sin duda es un aporte gran acontecimiento que nos beneficia como comunidad, en el presente y el futuro\u201d, sostuvo Luc\u00eda Capaccio.<\/p>\n<p>En el centenario del natalicio del artista mercedino Octimo \u201cChich\u00ed\u201d Landi desde la Direcci\u00f3n de Cultura y con participaci\u00f3n de la Comisi\u00f3n Municipal del Patrimonio Cultural y Natural, CuNa, se logr\u00f3 a trav\u00e9s del Concejo Deliberante se sancion\u00f3 la Ordenanza 8455\/2020 sancionada por unanimidad en la sesi\u00f3n extraordinaria del pasado 3 de diciembre que declara de inter\u00e9s patrimonial los bienes muebles correspondientes a la obra art\u00edstica del reconocido vecino.<\/p>\n<p>El expediente con el pedido fue presentado por la Comisi\u00f3n Municipal del Patrimonio Cultural y Natural, CuNa. La gesti\u00f3n hab\u00eda comenzado a principios de este a\u00f1o, pero por razones de pandemia se vio postergada.<\/p>\n<p>\u201cQueremos tambi\u00e9n agradecer enormemente a Mariana San Mart\u00edn, que siempre comprendi\u00f3 la val\u00eda de la obra, del cuidado patrimonial, entendiendo lo importante que es para la historia y cultura de Mercedes su protecci\u00f3n, para el presente, para el futuro\u201d, afirm\u00f3 Luc\u00eda Capaccio.<\/p>\n<p>Sobre la importancia para nuestra ciudad de patrimoniar la obra art\u00edstica de Octimio Landi se expres\u00f6 el Arquitecto Miguel Brady presidente de CuNa. \u201cEl patrimonio cultural mueble, dado su propio peso y constituci\u00f3n. El lugar habitual de este patrimonio es el espacio dentro del cual cumpli\u00f3 o cumple funciones para las cuales fue creado o las que el devenir hist\u00f3rico le impuso. Hoy estamos protegiendo los bienes muebles que est\u00e1n en la vivienda\u201d, dijo Brady.<\/p>\n<p>Su vasta obra no termina en la pintura o la escultura. Hay grabados, cer\u00e1micas, pinturas sobre dibujos infantiles, m\u00e1scaras y peque\u00f1as esculturas hechas con desechos industriales, bronce y cobre y partes de motores, miniesculturas con piezas de grifer\u00eda, azulejos esmaltados, tallas en madera, en cemento. As\u00ed pudo observarse en las visitas realizadas por la Directora de Cultura. \u201cLa funci\u00f3n principal del patrimonio cultural mueble es ser un punto de referencia en la construcci\u00f3n de lazos sociales, de v\u00ednculos de cohesi\u00f3n, de identidad y de memoria. Nuestra comunidad conoce los murales, los jarrones, las esculturas que se encuentran en la v\u00eda p\u00fablica, estas pueden ser observadas cotidianamente. La puesta en valor que hacemos hoy es para llevar a la comunidad aquello que no se conoce de este gran artista y que se encuentra hoy en su casa\u201d, dijo Capaccio.<\/p>\n<p>Octimio Landi naci\u00f3 en Mercedes el 3 de setiembre de 1920. Su esp\u00edritu creativo nunca lo abandon\u00f3: Landi proyectaba y viv\u00eda arte. Fue uno de los fundadores del Museo de Ciencias Naturales Carlos Ameghino. Falleci\u00f3 el 1\u00b0 de noviembre de 2005. Hoy su legado cultural est\u00e1 protegido.<\/p>\n","protected":false},"excerpt":{"rendered":"<p>\u25a0 Lo hacen desde el Concejo Deliberante a instancias de la Comisi\u00f3n CUNA<\/p>\n","protected":false},"author":2,"featured_media":58670,"comment_status":"open","ping_status":"open","sticky":false,"template":"","format":"standard","meta":{"footnotes":""},"categories":[4],"tags":[790],"class_list":["post-58664","post","type-post","status-publish","format-standard","has-post-thumbnail","hentry","category-cultura","tag-octimio-landi"],"yoast_head":"<!-- This site is optimized with the Yoast SEO plugin v27.4 - https:\/\/yoast.com\/product\/yoast-seo-wordpress\/ -->\n<title>Declaran de inter\u00e9s patrimonial y cultural la obra de Octimio Landi<\/title>\n<meta name=\"robots\" content=\"index, follow, max-snippet:-1, max-image-preview:large, max-video-preview:-1\" \/>\n<link rel=\"canonical\" href=\"https:\/\/noticiasmercedinas.com\/site\/2020\/12\/19\/declaran-de-interes-patrimonial-y-cultural-la-obra-de-octimio-landi\/\" \/>\n<meta property=\"og:locale\" content=\"es_ES\" \/>\n<meta property=\"og:type\" content=\"article\" \/>\n<meta property=\"og:title\" content=\"Declaran de inter\u00e9s patrimonial y cultural la obra de Octimio Landi\" \/>\n<meta property=\"og:description\" content=\"\u25a0 Lo hacen desde el Concejo Deliberante a instancias de la Comisi\u00f3n CUNA\" \/>\n<meta property=\"og:url\" content=\"https:\/\/noticiasmercedinas.com\/site\/2020\/12\/19\/declaran-de-interes-patrimonial-y-cultural-la-obra-de-octimio-landi\/\" \/>\n<meta property=\"og:site_name\" content=\"NOTICIASMERCEDINAS.COM\" \/>\n<meta property=\"article:publisher\" content=\"https:\/\/www.facebook.com\/noticiasmercedinas\/\" \/>\n<meta property=\"article:author\" content=\"https:\/\/www.facebook.com\/cristian.falabella\" \/>\n<meta property=\"article:published_time\" content=\"2020-12-20T02:58:15+00:00\" \/>\n<meta property=\"article:modified_time\" content=\"2020-12-20T02:58:31+00:00\" \/>\n<meta property=\"og:image\" content=\"https:\/\/noticiasmercedinas.com\/site\/wp-content\/uploads\/2020\/12\/338325_270324816336113_703520163_o.jpg\" \/>\n\t<meta property=\"og:image:width\" content=\"1624\" \/>\n\t<meta property=\"og:image:height\" content=\"1268\" \/>\n\t<meta property=\"og:image:type\" content=\"image\/jpeg\" \/>\n<meta name=\"author\" content=\"Cristian Falabella NOTICIASMERCEDINAS.COM\" \/>\n<meta name=\"twitter:card\" content=\"summary_large_image\" \/>\n<meta name=\"twitter:creator\" content=\"@https:\/\/twitter.com\/NOTMERCEDINAS\" \/>\n<meta name=\"twitter:site\" content=\"@notmercedinas\" \/>\n<meta name=\"twitter:label1\" content=\"Escrito por\" \/>\n\t<meta name=\"twitter:data1\" content=\"Cristian Falabella NOTICIASMERCEDINAS.COM\" \/>\n\t<meta name=\"twitter:label2\" content=\"Tiempo de lectura\" \/>\n\t<meta name=\"twitter:data2\" content=\"2 minutos\" \/>\n<script type=\"application\/ld+json\" class=\"yoast-schema-graph\">{\"@context\":\"https:\\\/\\\/schema.org\",\"@graph\":[{\"@type\":\"Article\",\"@id\":\"https:\\\/\\\/noticiasmercedinas.com\\\/site\\\/2020\\\/12\\\/19\\\/declaran-de-interes-patrimonial-y-cultural-la-obra-de-octimio-landi\\\/#article\",\"isPartOf\":{\"@id\":\"https:\\\/\\\/noticiasmercedinas.com\\\/site\\\/2020\\\/12\\\/19\\\/declaran-de-interes-patrimonial-y-cultural-la-obra-de-octimio-landi\\\/\"},\"author\":{\"name\":\"Cristian Falabella NOTICIASMERCEDINAS.COM\",\"@id\":\"https:\\\/\\\/noticiasmercedinas.com\\\/site\\\/#\\\/schema\\\/person\\\/d481a9696a5feaec13a60e2bbd991a6a\"},\"headline\":\"Declaran de inter\u00e9s patrimonial y cultural la obra de Octimio Landi\",\"datePublished\":\"2020-12-20T02:58:15+00:00\",\"dateModified\":\"2020-12-20T02:58:31+00:00\",\"mainEntityOfPage\":{\"@id\":\"https:\\\/\\\/noticiasmercedinas.com\\\/site\\\/2020\\\/12\\\/19\\\/declaran-de-interes-patrimonial-y-cultural-la-obra-de-octimio-landi\\\/\"},\"wordCount\":508,\"commentCount\":0,\"publisher\":{\"@id\":\"https:\\\/\\\/noticiasmercedinas.com\\\/site\\\/#organization\"},\"image\":{\"@id\":\"https:\\\/\\\/noticiasmercedinas.com\\\/site\\\/2020\\\/12\\\/19\\\/declaran-de-interes-patrimonial-y-cultural-la-obra-de-octimio-landi\\\/#primaryimage\"},\"thumbnailUrl\":\"https:\\\/\\\/noticiasmercedinas.com\\\/site\\\/wp-content\\\/uploads\\\/2020\\\/12\\\/338325_270324816336113_703520163_o.jpg\",\"keywords\":[\"octimio landi\"],\"articleSection\":[\"Cultura\"],\"inLanguage\":\"es\",\"potentialAction\":[{\"@type\":\"CommentAction\",\"name\":\"Comment\",\"target\":[\"https:\\\/\\\/noticiasmercedinas.com\\\/site\\\/2020\\\/12\\\/19\\\/declaran-de-interes-patrimonial-y-cultural-la-obra-de-octimio-landi\\\/#respond\"]}]},{\"@type\":\"WebPage\",\"@id\":\"https:\\\/\\\/noticiasmercedinas.com\\\/site\\\/2020\\\/12\\\/19\\\/declaran-de-interes-patrimonial-y-cultural-la-obra-de-octimio-landi\\\/\",\"url\":\"https:\\\/\\\/noticiasmercedinas.com\\\/site\\\/2020\\\/12\\\/19\\\/declaran-de-interes-patrimonial-y-cultural-la-obra-de-octimio-landi\\\/\",\"name\":\"Declaran de inter\u00e9s patrimonial y cultural la obra de Octimio Landi\",\"isPartOf\":{\"@id\":\"https:\\\/\\\/noticiasmercedinas.com\\\/site\\\/#website\"},\"primaryImageOfPage\":{\"@id\":\"https:\\\/\\\/noticiasmercedinas.com\\\/site\\\/2020\\\/12\\\/19\\\/declaran-de-interes-patrimonial-y-cultural-la-obra-de-octimio-landi\\\/#primaryimage\"},\"image\":{\"@id\":\"https:\\\/\\\/noticiasmercedinas.com\\\/site\\\/2020\\\/12\\\/19\\\/declaran-de-interes-patrimonial-y-cultural-la-obra-de-octimio-landi\\\/#primaryimage\"},\"thumbnailUrl\":\"https:\\\/\\\/noticiasmercedinas.com\\\/site\\\/wp-content\\\/uploads\\\/2020\\\/12\\\/338325_270324816336113_703520163_o.jpg\",\"datePublished\":\"2020-12-20T02:58:15+00:00\",\"dateModified\":\"2020-12-20T02:58:31+00:00\",\"breadcrumb\":{\"@id\":\"https:\\\/\\\/noticiasmercedinas.com\\\/site\\\/2020\\\/12\\\/19\\\/declaran-de-interes-patrimonial-y-cultural-la-obra-de-octimio-landi\\\/#breadcrumb\"},\"inLanguage\":\"es\",\"potentialAction\":[{\"@type\":\"ReadAction\",\"target\":[\"https:\\\/\\\/noticiasmercedinas.com\\\/site\\\/2020\\\/12\\\/19\\\/declaran-de-interes-patrimonial-y-cultural-la-obra-de-octimio-landi\\\/\"]}]},{\"@type\":\"ImageObject\",\"inLanguage\":\"es\",\"@id\":\"https:\\\/\\\/noticiasmercedinas.com\\\/site\\\/2020\\\/12\\\/19\\\/declaran-de-interes-patrimonial-y-cultural-la-obra-de-octimio-landi\\\/#primaryimage\",\"url\":\"https:\\\/\\\/noticiasmercedinas.com\\\/site\\\/wp-content\\\/uploads\\\/2020\\\/12\\\/338325_270324816336113_703520163_o.jpg\",\"contentUrl\":\"https:\\\/\\\/noticiasmercedinas.com\\\/site\\\/wp-content\\\/uploads\\\/2020\\\/12\\\/338325_270324816336113_703520163_o.jpg\",\"width\":1624,\"height\":1268},{\"@type\":\"BreadcrumbList\",\"@id\":\"https:\\\/\\\/noticiasmercedinas.com\\\/site\\\/2020\\\/12\\\/19\\\/declaran-de-interes-patrimonial-y-cultural-la-obra-de-octimio-landi\\\/#breadcrumb\",\"itemListElement\":[{\"@type\":\"ListItem\",\"position\":1,\"name\":\"Portada\",\"item\":\"https:\\\/\\\/noticiasmercedinas.com\\\/site\\\/\"},{\"@type\":\"ListItem\",\"position\":2,\"name\":\"Declaran de inter\u00e9s patrimonial y cultural la obra de Octimio Landi\"}]},{\"@type\":\"WebSite\",\"@id\":\"https:\\\/\\\/noticiasmercedinas.com\\\/site\\\/#website\",\"url\":\"https:\\\/\\\/noticiasmercedinas.com\\\/site\\\/\",\"name\":\"NOTICIASMERCEDINAS.COM\",\"description\":\"Mercedes, Buenos Aires, Argentina\",\"publisher\":{\"@id\":\"https:\\\/\\\/noticiasmercedinas.com\\\/site\\\/#organization\"},\"potentialAction\":[{\"@type\":\"SearchAction\",\"target\":{\"@type\":\"EntryPoint\",\"urlTemplate\":\"https:\\\/\\\/noticiasmercedinas.com\\\/site\\\/?s={search_term_string}\"},\"query-input\":{\"@type\":\"PropertyValueSpecification\",\"valueRequired\":true,\"valueName\":\"search_term_string\"}}],\"inLanguage\":\"es\"},{\"@type\":\"Organization\",\"@id\":\"https:\\\/\\\/noticiasmercedinas.com\\\/site\\\/#organization\",\"name\":\"NOTICIASMERCEDINAS.COM\",\"url\":\"https:\\\/\\\/noticiasmercedinas.com\\\/site\\\/\",\"logo\":{\"@type\":\"ImageObject\",\"inLanguage\":\"es\",\"@id\":\"https:\\\/\\\/noticiasmercedinas.com\\\/site\\\/#\\\/schema\\\/logo\\\/image\\\/\",\"url\":\"https:\\\/\\\/noticiasmercedinas.com\\\/site\\\/wp-content\\\/uploads\\\/2020\\\/06\\\/LOGO-512.jpg\",\"contentUrl\":\"https:\\\/\\\/noticiasmercedinas.com\\\/site\\\/wp-content\\\/uploads\\\/2020\\\/06\\\/LOGO-512.jpg\",\"width\":512,\"height\":512,\"caption\":\"NOTICIASMERCEDINAS.COM\"},\"image\":{\"@id\":\"https:\\\/\\\/noticiasmercedinas.com\\\/site\\\/#\\\/schema\\\/logo\\\/image\\\/\"},\"sameAs\":[\"https:\\\/\\\/www.facebook.com\\\/noticiasmercedinas\\\/\",\"https:\\\/\\\/x.com\\\/notmercedinas\",\"https:\\\/\\\/www.instagram.com\\\/noticiasmercedinas\\\/\"]},{\"@type\":\"Person\",\"@id\":\"https:\\\/\\\/noticiasmercedinas.com\\\/site\\\/#\\\/schema\\\/person\\\/d481a9696a5feaec13a60e2bbd991a6a\",\"name\":\"Cristian Falabella NOTICIASMERCEDINAS.COM\",\"image\":{\"@type\":\"ImageObject\",\"inLanguage\":\"es\",\"@id\":\"https:\\\/\\\/secure.gravatar.com\\\/avatar\\\/0dbbfc45970cc46bcd0e57766228574ff3511d6eed045b182f536f0f478c1f06?s=96&d=mm&r=g\",\"url\":\"https:\\\/\\\/secure.gravatar.com\\\/avatar\\\/0dbbfc45970cc46bcd0e57766228574ff3511d6eed045b182f536f0f478c1f06?s=96&d=mm&r=g\",\"contentUrl\":\"https:\\\/\\\/secure.gravatar.com\\\/avatar\\\/0dbbfc45970cc46bcd0e57766228574ff3511d6eed045b182f536f0f478c1f06?s=96&d=mm&r=g\",\"caption\":\"Cristian Falabella NOTICIASMERCEDINAS.COM\"},\"description\":\"Periodista, editor de Noticias Mercedinas. Pas\u00f3 por varias redacciones y emprendimientos de prensa, en distintos formatos y \u00e9pocas. Se especializ\u00f3 --y sigue haci\u00e9ndolo-- en comunicaci\u00f3n en la web y en junio de 2006 fund\u00f3 este diario digital.\",\"sameAs\":[\"https:\\\/\\\/noticiasmercedinas.com\",\"https:\\\/\\\/www.facebook.com\\\/cristian.falabella\",\"https:\\\/\\\/www.instagram.com\\\/noticiasmercedinas\\\/\",\"https:\\\/\\\/x.com\\\/https:\\\/\\\/twitter.com\\\/NOTMERCEDINAS\"],\"url\":\"https:\\\/\\\/noticiasmercedinas.com\\\/site\\\/author\\\/as000384\\\/\"}]}<\/script>\n<!-- \/ Yoast SEO plugin. -->","yoast_head_json":{"title":"Declaran de inter\u00e9s patrimonial y cultural la obra de Octimio Landi","robots":{"index":"index","follow":"follow","max-snippet":"max-snippet:-1","max-image-preview":"max-image-preview:large","max-video-preview":"max-video-preview:-1"},"canonical":"https:\/\/noticiasmercedinas.com\/site\/2020\/12\/19\/declaran-de-interes-patrimonial-y-cultural-la-obra-de-octimio-landi\/","og_locale":"es_ES","og_type":"article","og_title":"Declaran de inter\u00e9s patrimonial y cultural la obra de Octimio Landi","og_description":"\u25a0 Lo hacen desde el Concejo Deliberante a instancias de la Comisi\u00f3n CUNA","og_url":"https:\/\/noticiasmercedinas.com\/site\/2020\/12\/19\/declaran-de-interes-patrimonial-y-cultural-la-obra-de-octimio-landi\/","og_site_name":"NOTICIASMERCEDINAS.COM","article_publisher":"https:\/\/www.facebook.com\/noticiasmercedinas\/","article_author":"https:\/\/www.facebook.com\/cristian.falabella","article_published_time":"2020-12-20T02:58:15+00:00","article_modified_time":"2020-12-20T02:58:31+00:00","og_image":[{"width":1624,"height":1268,"url":"https:\/\/noticiasmercedinas.com\/site\/wp-content\/uploads\/2020\/12\/338325_270324816336113_703520163_o.jpg","type":"image\/jpeg"}],"author":"Cristian Falabella NOTICIASMERCEDINAS.COM","twitter_card":"summary_large_image","twitter_creator":"@https:\/\/twitter.com\/NOTMERCEDINAS","twitter_site":"@notmercedinas","twitter_misc":{"Escrito por":"Cristian Falabella NOTICIASMERCEDINAS.COM","Tiempo de lectura":"2 minutos"},"schema":{"@context":"https:\/\/schema.org","@graph":[{"@type":"Article","@id":"https:\/\/noticiasmercedinas.com\/site\/2020\/12\/19\/declaran-de-interes-patrimonial-y-cultural-la-obra-de-octimio-landi\/#article","isPartOf":{"@id":"https:\/\/noticiasmercedinas.com\/site\/2020\/12\/19\/declaran-de-interes-patrimonial-y-cultural-la-obra-de-octimio-landi\/"},"author":{"name":"Cristian Falabella NOTICIASMERCEDINAS.COM","@id":"https:\/\/noticiasmercedinas.com\/site\/#\/schema\/person\/d481a9696a5feaec13a60e2bbd991a6a"},"headline":"Declaran de inter\u00e9s patrimonial y cultural la obra de Octimio Landi","datePublished":"2020-12-20T02:58:15+00:00","dateModified":"2020-12-20T02:58:31+00:00","mainEntityOfPage":{"@id":"https:\/\/noticiasmercedinas.com\/site\/2020\/12\/19\/declaran-de-interes-patrimonial-y-cultural-la-obra-de-octimio-landi\/"},"wordCount":508,"commentCount":0,"publisher":{"@id":"https:\/\/noticiasmercedinas.com\/site\/#organization"},"image":{"@id":"https:\/\/noticiasmercedinas.com\/site\/2020\/12\/19\/declaran-de-interes-patrimonial-y-cultural-la-obra-de-octimio-landi\/#primaryimage"},"thumbnailUrl":"https:\/\/noticiasmercedinas.com\/site\/wp-content\/uploads\/2020\/12\/338325_270324816336113_703520163_o.jpg","keywords":["octimio landi"],"articleSection":["Cultura"],"inLanguage":"es","potentialAction":[{"@type":"CommentAction","name":"Comment","target":["https:\/\/noticiasmercedinas.com\/site\/2020\/12\/19\/declaran-de-interes-patrimonial-y-cultural-la-obra-de-octimio-landi\/#respond"]}]},{"@type":"WebPage","@id":"https:\/\/noticiasmercedinas.com\/site\/2020\/12\/19\/declaran-de-interes-patrimonial-y-cultural-la-obra-de-octimio-landi\/","url":"https:\/\/noticiasmercedinas.com\/site\/2020\/12\/19\/declaran-de-interes-patrimonial-y-cultural-la-obra-de-octimio-landi\/","name":"Declaran de inter\u00e9s patrimonial y cultural la obra de Octimio Landi","isPartOf":{"@id":"https:\/\/noticiasmercedinas.com\/site\/#website"},"primaryImageOfPage":{"@id":"https:\/\/noticiasmercedinas.com\/site\/2020\/12\/19\/declaran-de-interes-patrimonial-y-cultural-la-obra-de-octimio-landi\/#primaryimage"},"image":{"@id":"https:\/\/noticiasmercedinas.com\/site\/2020\/12\/19\/declaran-de-interes-patrimonial-y-cultural-la-obra-de-octimio-landi\/#primaryimage"},"thumbnailUrl":"https:\/\/noticiasmercedinas.com\/site\/wp-content\/uploads\/2020\/12\/338325_270324816336113_703520163_o.jpg","datePublished":"2020-12-20T02:58:15+00:00","dateModified":"2020-12-20T02:58:31+00:00","breadcrumb":{"@id":"https:\/\/noticiasmercedinas.com\/site\/2020\/12\/19\/declaran-de-interes-patrimonial-y-cultural-la-obra-de-octimio-landi\/#breadcrumb"},"inLanguage":"es","potentialAction":[{"@type":"ReadAction","target":["https:\/\/noticiasmercedinas.com\/site\/2020\/12\/19\/declaran-de-interes-patrimonial-y-cultural-la-obra-de-octimio-landi\/"]}]},{"@type":"ImageObject","inLanguage":"es","@id":"https:\/\/noticiasmercedinas.com\/site\/2020\/12\/19\/declaran-de-interes-patrimonial-y-cultural-la-obra-de-octimio-landi\/#primaryimage","url":"https:\/\/noticiasmercedinas.com\/site\/wp-content\/uploads\/2020\/12\/338325_270324816336113_703520163_o.jpg","contentUrl":"https:\/\/noticiasmercedinas.com\/site\/wp-content\/uploads\/2020\/12\/338325_270324816336113_703520163_o.jpg","width":1624,"height":1268},{"@type":"BreadcrumbList","@id":"https:\/\/noticiasmercedinas.com\/site\/2020\/12\/19\/declaran-de-interes-patrimonial-y-cultural-la-obra-de-octimio-landi\/#breadcrumb","itemListElement":[{"@type":"ListItem","position":1,"name":"Portada","item":"https:\/\/noticiasmercedinas.com\/site\/"},{"@type":"ListItem","position":2,"name":"Declaran de inter\u00e9s patrimonial y cultural la obra de Octimio Landi"}]},{"@type":"WebSite","@id":"https:\/\/noticiasmercedinas.com\/site\/#website","url":"https:\/\/noticiasmercedinas.com\/site\/","name":"NOTICIASMERCEDINAS.COM","description":"Mercedes, Buenos Aires, Argentina","publisher":{"@id":"https:\/\/noticiasmercedinas.com\/site\/#organization"},"potentialAction":[{"@type":"SearchAction","target":{"@type":"EntryPoint","urlTemplate":"https:\/\/noticiasmercedinas.com\/site\/?s={search_term_string}"},"query-input":{"@type":"PropertyValueSpecification","valueRequired":true,"valueName":"search_term_string"}}],"inLanguage":"es"},{"@type":"Organization","@id":"https:\/\/noticiasmercedinas.com\/site\/#organization","name":"NOTICIASMERCEDINAS.COM","url":"https:\/\/noticiasmercedinas.com\/site\/","logo":{"@type":"ImageObject","inLanguage":"es","@id":"https:\/\/noticiasmercedinas.com\/site\/#\/schema\/logo\/image\/","url":"https:\/\/noticiasmercedinas.com\/site\/wp-content\/uploads\/2020\/06\/LOGO-512.jpg","contentUrl":"https:\/\/noticiasmercedinas.com\/site\/wp-content\/uploads\/2020\/06\/LOGO-512.jpg","width":512,"height":512,"caption":"NOTICIASMERCEDINAS.COM"},"image":{"@id":"https:\/\/noticiasmercedinas.com\/site\/#\/schema\/logo\/image\/"},"sameAs":["https:\/\/www.facebook.com\/noticiasmercedinas\/","https:\/\/x.com\/notmercedinas","https:\/\/www.instagram.com\/noticiasmercedinas\/"]},{"@type":"Person","@id":"https:\/\/noticiasmercedinas.com\/site\/#\/schema\/person\/d481a9696a5feaec13a60e2bbd991a6a","name":"Cristian Falabella NOTICIASMERCEDINAS.COM","image":{"@type":"ImageObject","inLanguage":"es","@id":"https:\/\/secure.gravatar.com\/avatar\/0dbbfc45970cc46bcd0e57766228574ff3511d6eed045b182f536f0f478c1f06?s=96&d=mm&r=g","url":"https:\/\/secure.gravatar.com\/avatar\/0dbbfc45970cc46bcd0e57766228574ff3511d6eed045b182f536f0f478c1f06?s=96&d=mm&r=g","contentUrl":"https:\/\/secure.gravatar.com\/avatar\/0dbbfc45970cc46bcd0e57766228574ff3511d6eed045b182f536f0f478c1f06?s=96&d=mm&r=g","caption":"Cristian Falabella NOTICIASMERCEDINAS.COM"},"description":"Periodista, editor de Noticias Mercedinas. Pas\u00f3 por varias redacciones y emprendimientos de prensa, en distintos formatos y \u00e9pocas. Se especializ\u00f3 --y sigue haci\u00e9ndolo-- en comunicaci\u00f3n en la web y en junio de 2006 fund\u00f3 este diario digital.","sameAs":["https:\/\/noticiasmercedinas.com","https:\/\/www.facebook.com\/cristian.falabella","https:\/\/www.instagram.com\/noticiasmercedinas\/","https:\/\/x.com\/https:\/\/twitter.com\/NOTMERCEDINAS"],"url":"https:\/\/noticiasmercedinas.com\/site\/author\/as000384\/"}]}},"amp_enabled":true,"_links":{"self":[{"href":"https:\/\/noticiasmercedinas.com\/site\/wp-json\/wp\/v2\/posts\/58664","targetHints":{"allow":["GET"]}}],"collection":[{"href":"https:\/\/noticiasmercedinas.com\/site\/wp-json\/wp\/v2\/posts"}],"about":[{"href":"https:\/\/noticiasmercedinas.com\/site\/wp-json\/wp\/v2\/types\/post"}],"author":[{"embeddable":true,"href":"https:\/\/noticiasmercedinas.com\/site\/wp-json\/wp\/v2\/users\/2"}],"replies":[{"embeddable":true,"href":"https:\/\/noticiasmercedinas.com\/site\/wp-json\/wp\/v2\/comments?post=58664"}],"version-history":[{"count":2,"href":"https:\/\/noticiasmercedinas.com\/site\/wp-json\/wp\/v2\/posts\/58664\/revisions"}],"predecessor-version":[{"id":58672,"href":"https:\/\/noticiasmercedinas.com\/site\/wp-json\/wp\/v2\/posts\/58664\/revisions\/58672"}],"wp:featuredmedia":[{"embeddable":true,"href":"https:\/\/noticiasmercedinas.com\/site\/wp-json\/wp\/v2\/media\/58670"}],"wp:attachment":[{"href":"https:\/\/noticiasmercedinas.com\/site\/wp-json\/wp\/v2\/media?parent=58664"}],"wp:term":[{"taxonomy":"category","embeddable":true,"href":"https:\/\/noticiasmercedinas.com\/site\/wp-json\/wp\/v2\/categories?post=58664"},{"taxonomy":"post_tag","embeddable":true,"href":"https:\/\/noticiasmercedinas.com\/site\/wp-json\/wp\/v2\/tags?post=58664"}],"curies":[{"name":"wp","href":"https:\/\/api.w.org\/{rel}","templated":true}]}}