{"id":58699,"date":"2020-12-20T19:06:24","date_gmt":"2020-12-20T22:06:24","guid":{"rendered":"https:\/\/noticiasmercedinas.com\/site\/?p=58699"},"modified":"2020-12-20T19:06:24","modified_gmt":"2020-12-20T22:06:24","slug":"diputado-carlos-selva-fue-parte-de-jornada-contra-el-grooming","status":"publish","type":"post","link":"https:\/\/noticiasmercedinas.com\/site\/2020\/12\/20\/diputado-carlos-selva-fue-parte-de-jornada-contra-el-grooming\/","title":{"rendered":"Diputado Carlos Selva fue parte de Jornada contra el Grooming"},"content":{"rendered":"<p><img loading=\"lazy\" decoding=\"async\" class=\"alignnone size-large wp-image-58700\" src=\"https:\/\/noticiasmercedinas.com\/site\/wp-content\/uploads\/2020\/12\/6A3RWTSNFBGMXAO65OZEQAFZ6M-1024x575.jpg\" alt=\"\" width=\"640\" height=\"359\" srcset=\"https:\/\/noticiasmercedinas.com\/site\/wp-content\/uploads\/2020\/12\/6A3RWTSNFBGMXAO65OZEQAFZ6M-1024x575.jpg 1024w, https:\/\/noticiasmercedinas.com\/site\/wp-content\/uploads\/2020\/12\/6A3RWTSNFBGMXAO65OZEQAFZ6M-300x169.jpg 300w, https:\/\/noticiasmercedinas.com\/site\/wp-content\/uploads\/2020\/12\/6A3RWTSNFBGMXAO65OZEQAFZ6M-768x432.jpg 768w, https:\/\/noticiasmercedinas.com\/site\/wp-content\/uploads\/2020\/12\/6A3RWTSNFBGMXAO65OZEQAFZ6M-1536x863.jpg 1536w, https:\/\/noticiasmercedinas.com\/site\/wp-content\/uploads\/2020\/12\/6A3RWTSNFBGMXAO65OZEQAFZ6M-640x360.jpg 640w, https:\/\/noticiasmercedinas.com\/site\/wp-content\/uploads\/2020\/12\/6A3RWTSNFBGMXAO65OZEQAFZ6M-1280x719.jpg 1280w, https:\/\/noticiasmercedinas.com\/site\/wp-content\/uploads\/2020\/12\/6A3RWTSNFBGMXAO65OZEQAFZ6M-681x383.jpg 681w, https:\/\/noticiasmercedinas.com\/site\/wp-content\/uploads\/2020\/12\/6A3RWTSNFBGMXAO65OZEQAFZ6M-1362x765.jpg 1362w, https:\/\/noticiasmercedinas.com\/site\/wp-content\/uploads\/2020\/12\/6A3RWTSNFBGMXAO65OZEQAFZ6M.jpg 1920w\" sizes=\"auto, (max-width: 640px) 100vw, 640px\" \/><\/p>\n<p>El diputado del Frente de Todos, Carlos Selva, fue parte de una importante jornada contra el ciberacoso.<\/p>\n<p>El legislador de origen mercedino fue uno de los que particip\u00f3 del encuentro que fue organizado por \u00abMam\u00e1s en Line@\u00bb, el pasado viernes.<\/p>\n<p>La jornada contra el grooming se llev\u00f3 adelante en el Palacio de Aguas Corrientes, y cont\u00f3 con la\u00a0presidenta de AySA, Malena Galamarini. Se realiz\u00f3 bajo el hahstag #FrenemoselGrooming, y en el marco de la aprobaci\u00f3n por unanimidad de la Ley Micaela Ortega, que tiene por objetivo prevenir, sensibilizar y generar conciencia en la poblaci\u00f3n sobre el ciberacoso a trav\u00e9s del uso responsable de las tecnolog\u00edas de la informaci\u00f3n y la comunicaci\u00f3n.<\/p>\n<p>El evento adem\u00e1s cont\u00f3 con la presencia del ministro de Educaci\u00f3n de la Naci\u00f3n, Nicol\u00e1s Trotta, y tuvo como principales oradores a Roxana Dom\u00ednguez, fundadora de Mam\u00e1 en Line@; Luciana Padulo, diputada provincial y coordinadora del Instituto de Pol\u00edticas P\u00fablicas de Prevenci\u00f3n de Grooming de la C\u00e1mara de Diputados de la provincia de Buenos Aires; y Dalmacio Mera (v\u00eda Webex), senador nacional de la provincia de Catamarca.<\/p>\n<p>Con el objetivo de visibilizar este flagelo, que comenz\u00f3 a instalarse desde 2013 y que consiste en el acoso de un adulto a un ni\u00f1o, ni\u00f1a o adolescente a trav\u00e9s de la web y de los dispositivos electr\u00f3nicos, con fines sexuales, muchos de los presentes pusieron su experiencia al servicio de la comunidad.<\/p>\n<p>Malena Galmarini record\u00f3 que la organizaci\u00f3n \u00abMam\u00e1s en L\u00edne@\u00bb se acerc\u00f3 al Municipio de Tigre con su reclamo contra el grooming cuando era una funcionaria local y que no dud\u00f3 en sumarse y empujar con fuerza y compromiso esta causa.<\/p>\n<p>Nicol\u00e1s Trotta, por su parte, agreg\u00f3: \u201cHoy estamos aqu\u00ed poniendo en valor todo el trabajo que se realiz\u00f3 en t\u00e9rminos legislativos, pero tambi\u00e9n desde el Poder Ejecutivo Nacional, y valorizando el enorme esfuerzo de la comunidad organizada, a partir de \u201cMam\u00e1 en L\u00edne@\u201d, que permiti\u00f3 un trabajo interdisciplinario para poder avanzar en una herramienta central para cuidar y proteger a nuestro ni\u00f1os, ni\u00f1as y adolescentes en toda esta problem\u00e1tica vinculada al grooming y al ciberacoso\u201d.<\/p>\n<p>Este a\u00f1o, el Ministro de Educaci\u00f3n fue uno de los que dio fuerza a este proyecto otorg\u00e1ndole alcance nacional, y fue el Congreso, presidido por Sergio Massa, el que logr\u00f3 que esta campa\u00f1a se convierta por unanimidad en la Ley Micaela.<\/p>\n<p>\u201cHan pasado 11 a\u00f1os y estoy muy feliz de que llegamos al cumplimiento de una pol\u00edtica de Estado genuina, real, donde todos tomaron la responsabilidad desde el lugar en el que est\u00e1n. Cerramos un 2020 casi inesperado entre lo que estamos viviendo, cumpliendo casi todos los sue\u00f1os de luchar contra la explotaci\u00f3n sexual infantil y contar con las herramientas que se necesitan para dar batalla a este delito\u201d, se\u00f1al\u00f3 Roxana Dom\u00ednguez, principal impulsora del proyecto.<\/p>\n<p>Del encuentro tambi\u00e9n participaron Sebasti\u00e1n Galmarini, Director del Banco Provincia de Buenos Aires; Micaela Ferraro, Concejal del Frente de Todos en Tigre; Claudio Ambrosini, Presidente de ENACOM; Sergio Errecalde, Secretario de Modernizaci\u00f3n de la Honorable C\u00e1mara de Diputados de la Provincia de Buenos Aires; Carlos Selva, Diputado Nacional por Buenos Aires del Frente de Todos; Federico Cermelo, Director del Observatorio de la Juventud de la C\u00e1mara de Diputados de la Naci\u00f3n; Mabe Christensen, representante de \u201cMam\u00e1s en L\u00edne@\u201d y Leandro Gallietti. De manera virtual, tambi\u00e9n participaron funcionarios de municipios y miembros del \u00e1mbito nacional.<\/p>\n","protected":false},"excerpt":{"rendered":"<p>\u25a0 El encuentro que fue organizado por \u00abMam\u00e1s en Line@\u00bb. El evento adem\u00e1s cont\u00f3 con la presencia del ministro de Educaci\u00f3n de la Naci\u00f3n, Nicol\u00e1s Trotta<\/p>\n","protected":false},"author":16,"featured_media":58700,"comment_status":"open","ping_status":"open","sticky":false,"template":"","format":"standard","meta":{"footnotes":""},"categories":[16],"tags":[318,7448,354,7982],"class_list":["post-58699","post","type-post","status-publish","format-standard","has-post-thumbnail","hentry","category-politica","tag-carlos-selva","tag-ciberacoso","tag-grooming","tag-malena-galmarini"],"yoast_head":"<!-- This site is optimized with the Yoast SEO plugin v27.5 - https:\/\/yoast.com\/product\/yoast-seo-wordpress\/ -->\n<title>Diputado Carlos Selva fue parte de Jornada contra el Grooming<\/title>\n<meta name=\"robots\" content=\"index, follow, max-snippet:-1, max-image-preview:large, max-video-preview:-1\" \/>\n<link rel=\"canonical\" href=\"https:\/\/noticiasmercedinas.com\/site\/2020\/12\/20\/diputado-carlos-selva-fue-parte-de-jornada-contra-el-grooming\/\" \/>\n<meta property=\"og:locale\" content=\"es_ES\" \/>\n<meta property=\"og:type\" content=\"article\" \/>\n<meta property=\"og:title\" content=\"Diputado Carlos Selva fue parte de Jornada contra el Grooming\" \/>\n<meta property=\"og:description\" content=\"\u25a0 El encuentro que fue organizado por &quot;Mam\u00e1s en Line@&quot;. El evento adem\u00e1s cont\u00f3 con la presencia del ministro de Educaci\u00f3n de la Naci\u00f3n, Nicol\u00e1s Trotta\" \/>\n<meta property=\"og:url\" content=\"https:\/\/noticiasmercedinas.com\/site\/2020\/12\/20\/diputado-carlos-selva-fue-parte-de-jornada-contra-el-grooming\/\" \/>\n<meta property=\"og:site_name\" content=\"NOTICIASMERCEDINAS.COM\" \/>\n<meta property=\"article:publisher\" content=\"https:\/\/www.facebook.com\/noticiasmercedinas\/\" \/>\n<meta property=\"article:published_time\" content=\"2020-12-20T22:06:24+00:00\" \/>\n<meta property=\"og:image\" content=\"https:\/\/noticiasmercedinas.com\/site\/wp-content\/uploads\/2020\/12\/6A3RWTSNFBGMXAO65OZEQAFZ6M.jpg\" \/>\n\t<meta property=\"og:image:width\" content=\"1920\" \/>\n\t<meta property=\"og:image:height\" content=\"1079\" \/>\n\t<meta property=\"og:image:type\" content=\"image\/jpeg\" \/>\n<meta name=\"author\" content=\"NOTICIASMERCEDINAS.COM\" \/>\n<meta name=\"twitter:card\" content=\"summary_large_image\" \/>\n<meta name=\"twitter:creator\" content=\"@notmercedinas\" \/>\n<meta name=\"twitter:site\" content=\"@notmercedinas\" \/>\n<meta name=\"twitter:label1\" content=\"Escrito por\" \/>\n\t<meta name=\"twitter:data1\" content=\"NOTICIASMERCEDINAS.COM\" \/>\n\t<meta name=\"twitter:label2\" content=\"Tiempo de lectura\" \/>\n\t<meta name=\"twitter:data2\" content=\"3 minutos\" \/>\n<script type=\"application\/ld+json\" class=\"yoast-schema-graph\">{\"@context\":\"https:\\\/\\\/schema.org\",\"@graph\":[{\"@type\":\"Article\",\"@id\":\"https:\\\/\\\/noticiasmercedinas.com\\\/site\\\/2020\\\/12\\\/20\\\/diputado-carlos-selva-fue-parte-de-jornada-contra-el-grooming\\\/#article\",\"isPartOf\":{\"@id\":\"https:\\\/\\\/noticiasmercedinas.com\\\/site\\\/2020\\\/12\\\/20\\\/diputado-carlos-selva-fue-parte-de-jornada-contra-el-grooming\\\/\"},\"author\":{\"name\":\"NOTICIASMERCEDINAS.COM\",\"@id\":\"https:\\\/\\\/noticiasmercedinas.com\\\/site\\\/#\\\/schema\\\/person\\\/84b59c099c28ff2e8b77d4ceec5d8063\"},\"headline\":\"Diputado Carlos Selva fue parte de Jornada contra el Grooming\",\"datePublished\":\"2020-12-20T22:06:24+00:00\",\"mainEntityOfPage\":{\"@id\":\"https:\\\/\\\/noticiasmercedinas.com\\\/site\\\/2020\\\/12\\\/20\\\/diputado-carlos-selva-fue-parte-de-jornada-contra-el-grooming\\\/\"},\"wordCount\":615,\"commentCount\":0,\"publisher\":{\"@id\":\"https:\\\/\\\/noticiasmercedinas.com\\\/site\\\/#organization\"},\"image\":{\"@id\":\"https:\\\/\\\/noticiasmercedinas.com\\\/site\\\/2020\\\/12\\\/20\\\/diputado-carlos-selva-fue-parte-de-jornada-contra-el-grooming\\\/#primaryimage\"},\"thumbnailUrl\":\"https:\\\/\\\/noticiasmercedinas.com\\\/site\\\/wp-content\\\/uploads\\\/2020\\\/12\\\/6A3RWTSNFBGMXAO65OZEQAFZ6M.jpg\",\"keywords\":[\"carlos selva\",\"ciberacoso\",\"grooming\",\"Malena Galmarini\"],\"articleSection\":[\"Politica\"],\"inLanguage\":\"es\",\"potentialAction\":[{\"@type\":\"CommentAction\",\"name\":\"Comment\",\"target\":[\"https:\\\/\\\/noticiasmercedinas.com\\\/site\\\/2020\\\/12\\\/20\\\/diputado-carlos-selva-fue-parte-de-jornada-contra-el-grooming\\\/#respond\"]}]},{\"@type\":\"WebPage\",\"@id\":\"https:\\\/\\\/noticiasmercedinas.com\\\/site\\\/2020\\\/12\\\/20\\\/diputado-carlos-selva-fue-parte-de-jornada-contra-el-grooming\\\/\",\"url\":\"https:\\\/\\\/noticiasmercedinas.com\\\/site\\\/2020\\\/12\\\/20\\\/diputado-carlos-selva-fue-parte-de-jornada-contra-el-grooming\\\/\",\"name\":\"Diputado Carlos Selva fue parte de Jornada contra el Grooming\",\"isPartOf\":{\"@id\":\"https:\\\/\\\/noticiasmercedinas.com\\\/site\\\/#website\"},\"primaryImageOfPage\":{\"@id\":\"https:\\\/\\\/noticiasmercedinas.com\\\/site\\\/2020\\\/12\\\/20\\\/diputado-carlos-selva-fue-parte-de-jornada-contra-el-grooming\\\/#primaryimage\"},\"image\":{\"@id\":\"https:\\\/\\\/noticiasmercedinas.com\\\/site\\\/2020\\\/12\\\/20\\\/diputado-carlos-selva-fue-parte-de-jornada-contra-el-grooming\\\/#primaryimage\"},\"thumbnailUrl\":\"https:\\\/\\\/noticiasmercedinas.com\\\/site\\\/wp-content\\\/uploads\\\/2020\\\/12\\\/6A3RWTSNFBGMXAO65OZEQAFZ6M.jpg\",\"datePublished\":\"2020-12-20T22:06:24+00:00\",\"breadcrumb\":{\"@id\":\"https:\\\/\\\/noticiasmercedinas.com\\\/site\\\/2020\\\/12\\\/20\\\/diputado-carlos-selva-fue-parte-de-jornada-contra-el-grooming\\\/#breadcrumb\"},\"inLanguage\":\"es\",\"potentialAction\":[{\"@type\":\"ReadAction\",\"target\":[\"https:\\\/\\\/noticiasmercedinas.com\\\/site\\\/2020\\\/12\\\/20\\\/diputado-carlos-selva-fue-parte-de-jornada-contra-el-grooming\\\/\"]}]},{\"@type\":\"ImageObject\",\"inLanguage\":\"es\",\"@id\":\"https:\\\/\\\/noticiasmercedinas.com\\\/site\\\/2020\\\/12\\\/20\\\/diputado-carlos-selva-fue-parte-de-jornada-contra-el-grooming\\\/#primaryimage\",\"url\":\"https:\\\/\\\/noticiasmercedinas.com\\\/site\\\/wp-content\\\/uploads\\\/2020\\\/12\\\/6A3RWTSNFBGMXAO65OZEQAFZ6M.jpg\",\"contentUrl\":\"https:\\\/\\\/noticiasmercedinas.com\\\/site\\\/wp-content\\\/uploads\\\/2020\\\/12\\\/6A3RWTSNFBGMXAO65OZEQAFZ6M.jpg\",\"width\":1920,\"height\":1079},{\"@type\":\"BreadcrumbList\",\"@id\":\"https:\\\/\\\/noticiasmercedinas.com\\\/site\\\/2020\\\/12\\\/20\\\/diputado-carlos-selva-fue-parte-de-jornada-contra-el-grooming\\\/#breadcrumb\",\"itemListElement\":[{\"@type\":\"ListItem\",\"position\":1,\"name\":\"Portada\",\"item\":\"https:\\\/\\\/noticiasmercedinas.com\\\/site\\\/\"},{\"@type\":\"ListItem\",\"position\":2,\"name\":\"Diputado Carlos Selva fue parte de Jornada contra el Grooming\"}]},{\"@type\":\"WebSite\",\"@id\":\"https:\\\/\\\/noticiasmercedinas.com\\\/site\\\/#website\",\"url\":\"https:\\\/\\\/noticiasmercedinas.com\\\/site\\\/\",\"name\":\"NOTICIASMERCEDINAS.COM\",\"description\":\"Mercedes, Buenos Aires, Argentina\",\"publisher\":{\"@id\":\"https:\\\/\\\/noticiasmercedinas.com\\\/site\\\/#organization\"},\"potentialAction\":[{\"@type\":\"SearchAction\",\"target\":{\"@type\":\"EntryPoint\",\"urlTemplate\":\"https:\\\/\\\/noticiasmercedinas.com\\\/site\\\/?s={search_term_string}\"},\"query-input\":{\"@type\":\"PropertyValueSpecification\",\"valueRequired\":true,\"valueName\":\"search_term_string\"}}],\"inLanguage\":\"es\"},{\"@type\":\"Organization\",\"@id\":\"https:\\\/\\\/noticiasmercedinas.com\\\/site\\\/#organization\",\"name\":\"NOTICIASMERCEDINAS.COM\",\"url\":\"https:\\\/\\\/noticiasmercedinas.com\\\/site\\\/\",\"logo\":{\"@type\":\"ImageObject\",\"inLanguage\":\"es\",\"@id\":\"https:\\\/\\\/noticiasmercedinas.com\\\/site\\\/#\\\/schema\\\/logo\\\/image\\\/\",\"url\":\"https:\\\/\\\/noticiasmercedinas.com\\\/site\\\/wp-content\\\/uploads\\\/2020\\\/06\\\/LOGO-512.jpg\",\"contentUrl\":\"https:\\\/\\\/noticiasmercedinas.com\\\/site\\\/wp-content\\\/uploads\\\/2020\\\/06\\\/LOGO-512.jpg\",\"width\":512,\"height\":512,\"caption\":\"NOTICIASMERCEDINAS.COM\"},\"image\":{\"@id\":\"https:\\\/\\\/noticiasmercedinas.com\\\/site\\\/#\\\/schema\\\/logo\\\/image\\\/\"},\"sameAs\":[\"https:\\\/\\\/www.facebook.com\\\/noticiasmercedinas\\\/\",\"https:\\\/\\\/x.com\\\/notmercedinas\",\"https:\\\/\\\/www.instagram.com\\\/noticiasmercedinas\\\/\"]},{\"@type\":\"Person\",\"@id\":\"https:\\\/\\\/noticiasmercedinas.com\\\/site\\\/#\\\/schema\\\/person\\\/84b59c099c28ff2e8b77d4ceec5d8063\",\"name\":\"NOTICIASMERCEDINAS.COM\",\"image\":{\"@type\":\"ImageObject\",\"inLanguage\":\"es\",\"@id\":\"https:\\\/\\\/secure.gravatar.com\\\/avatar\\\/4dfbf16b4d17945bfb6341b2d19043457132fcf478a5ee04f42e959fd8f5df0a?s=96&d=mm&r=g\",\"url\":\"https:\\\/\\\/secure.gravatar.com\\\/avatar\\\/4dfbf16b4d17945bfb6341b2d19043457132fcf478a5ee04f42e959fd8f5df0a?s=96&d=mm&r=g\",\"contentUrl\":\"https:\\\/\\\/secure.gravatar.com\\\/avatar\\\/4dfbf16b4d17945bfb6341b2d19043457132fcf478a5ee04f42e959fd8f5df0a?s=96&d=mm&r=g\",\"caption\":\"NOTICIASMERCEDINAS.COM\"},\"url\":\"https:\\\/\\\/noticiasmercedinas.com\\\/site\\\/author\\\/anonimo\\\/\"}]}<\/script>\n<!-- \/ Yoast SEO plugin. -->","yoast_head_json":{"title":"Diputado Carlos Selva fue parte de Jornada contra el Grooming","robots":{"index":"index","follow":"follow","max-snippet":"max-snippet:-1","max-image-preview":"max-image-preview:large","max-video-preview":"max-video-preview:-1"},"canonical":"https:\/\/noticiasmercedinas.com\/site\/2020\/12\/20\/diputado-carlos-selva-fue-parte-de-jornada-contra-el-grooming\/","og_locale":"es_ES","og_type":"article","og_title":"Diputado Carlos Selva fue parte de Jornada contra el Grooming","og_description":"\u25a0 El encuentro que fue organizado por \"Mam\u00e1s en Line@\". El evento adem\u00e1s cont\u00f3 con la presencia del ministro de Educaci\u00f3n de la Naci\u00f3n, Nicol\u00e1s Trotta","og_url":"https:\/\/noticiasmercedinas.com\/site\/2020\/12\/20\/diputado-carlos-selva-fue-parte-de-jornada-contra-el-grooming\/","og_site_name":"NOTICIASMERCEDINAS.COM","article_publisher":"https:\/\/www.facebook.com\/noticiasmercedinas\/","article_published_time":"2020-12-20T22:06:24+00:00","og_image":[{"width":1920,"height":1079,"url":"https:\/\/noticiasmercedinas.com\/site\/wp-content\/uploads\/2020\/12\/6A3RWTSNFBGMXAO65OZEQAFZ6M.jpg","type":"image\/jpeg"}],"author":"NOTICIASMERCEDINAS.COM","twitter_card":"summary_large_image","twitter_creator":"@notmercedinas","twitter_site":"@notmercedinas","twitter_misc":{"Escrito por":"NOTICIASMERCEDINAS.COM","Tiempo de lectura":"3 minutos"},"schema":{"@context":"https:\/\/schema.org","@graph":[{"@type":"Article","@id":"https:\/\/noticiasmercedinas.com\/site\/2020\/12\/20\/diputado-carlos-selva-fue-parte-de-jornada-contra-el-grooming\/#article","isPartOf":{"@id":"https:\/\/noticiasmercedinas.com\/site\/2020\/12\/20\/diputado-carlos-selva-fue-parte-de-jornada-contra-el-grooming\/"},"author":{"name":"NOTICIASMERCEDINAS.COM","@id":"https:\/\/noticiasmercedinas.com\/site\/#\/schema\/person\/84b59c099c28ff2e8b77d4ceec5d8063"},"headline":"Diputado Carlos Selva fue parte de Jornada contra el Grooming","datePublished":"2020-12-20T22:06:24+00:00","mainEntityOfPage":{"@id":"https:\/\/noticiasmercedinas.com\/site\/2020\/12\/20\/diputado-carlos-selva-fue-parte-de-jornada-contra-el-grooming\/"},"wordCount":615,"commentCount":0,"publisher":{"@id":"https:\/\/noticiasmercedinas.com\/site\/#organization"},"image":{"@id":"https:\/\/noticiasmercedinas.com\/site\/2020\/12\/20\/diputado-carlos-selva-fue-parte-de-jornada-contra-el-grooming\/#primaryimage"},"thumbnailUrl":"https:\/\/noticiasmercedinas.com\/site\/wp-content\/uploads\/2020\/12\/6A3RWTSNFBGMXAO65OZEQAFZ6M.jpg","keywords":["carlos selva","ciberacoso","grooming","Malena Galmarini"],"articleSection":["Politica"],"inLanguage":"es","potentialAction":[{"@type":"CommentAction","name":"Comment","target":["https:\/\/noticiasmercedinas.com\/site\/2020\/12\/20\/diputado-carlos-selva-fue-parte-de-jornada-contra-el-grooming\/#respond"]}]},{"@type":"WebPage","@id":"https:\/\/noticiasmercedinas.com\/site\/2020\/12\/20\/diputado-carlos-selva-fue-parte-de-jornada-contra-el-grooming\/","url":"https:\/\/noticiasmercedinas.com\/site\/2020\/12\/20\/diputado-carlos-selva-fue-parte-de-jornada-contra-el-grooming\/","name":"Diputado Carlos Selva fue parte de Jornada contra el Grooming","isPartOf":{"@id":"https:\/\/noticiasmercedinas.com\/site\/#website"},"primaryImageOfPage":{"@id":"https:\/\/noticiasmercedinas.com\/site\/2020\/12\/20\/diputado-carlos-selva-fue-parte-de-jornada-contra-el-grooming\/#primaryimage"},"image":{"@id":"https:\/\/noticiasmercedinas.com\/site\/2020\/12\/20\/diputado-carlos-selva-fue-parte-de-jornada-contra-el-grooming\/#primaryimage"},"thumbnailUrl":"https:\/\/noticiasmercedinas.com\/site\/wp-content\/uploads\/2020\/12\/6A3RWTSNFBGMXAO65OZEQAFZ6M.jpg","datePublished":"2020-12-20T22:06:24+00:00","breadcrumb":{"@id":"https:\/\/noticiasmercedinas.com\/site\/2020\/12\/20\/diputado-carlos-selva-fue-parte-de-jornada-contra-el-grooming\/#breadcrumb"},"inLanguage":"es","potentialAction":[{"@type":"ReadAction","target":["https:\/\/noticiasmercedinas.com\/site\/2020\/12\/20\/diputado-carlos-selva-fue-parte-de-jornada-contra-el-grooming\/"]}]},{"@type":"ImageObject","inLanguage":"es","@id":"https:\/\/noticiasmercedinas.com\/site\/2020\/12\/20\/diputado-carlos-selva-fue-parte-de-jornada-contra-el-grooming\/#primaryimage","url":"https:\/\/noticiasmercedinas.com\/site\/wp-content\/uploads\/2020\/12\/6A3RWTSNFBGMXAO65OZEQAFZ6M.jpg","contentUrl":"https:\/\/noticiasmercedinas.com\/site\/wp-content\/uploads\/2020\/12\/6A3RWTSNFBGMXAO65OZEQAFZ6M.jpg","width":1920,"height":1079},{"@type":"BreadcrumbList","@id":"https:\/\/noticiasmercedinas.com\/site\/2020\/12\/20\/diputado-carlos-selva-fue-parte-de-jornada-contra-el-grooming\/#breadcrumb","itemListElement":[{"@type":"ListItem","position":1,"name":"Portada","item":"https:\/\/noticiasmercedinas.com\/site\/"},{"@type":"ListItem","position":2,"name":"Diputado Carlos Selva fue parte de Jornada contra el Grooming"}]},{"@type":"WebSite","@id":"https:\/\/noticiasmercedinas.com\/site\/#website","url":"https:\/\/noticiasmercedinas.com\/site\/","name":"NOTICIASMERCEDINAS.COM","description":"Mercedes, Buenos Aires, Argentina","publisher":{"@id":"https:\/\/noticiasmercedinas.com\/site\/#organization"},"potentialAction":[{"@type":"SearchAction","target":{"@type":"EntryPoint","urlTemplate":"https:\/\/noticiasmercedinas.com\/site\/?s={search_term_string}"},"query-input":{"@type":"PropertyValueSpecification","valueRequired":true,"valueName":"search_term_string"}}],"inLanguage":"es"},{"@type":"Organization","@id":"https:\/\/noticiasmercedinas.com\/site\/#organization","name":"NOTICIASMERCEDINAS.COM","url":"https:\/\/noticiasmercedinas.com\/site\/","logo":{"@type":"ImageObject","inLanguage":"es","@id":"https:\/\/noticiasmercedinas.com\/site\/#\/schema\/logo\/image\/","url":"https:\/\/noticiasmercedinas.com\/site\/wp-content\/uploads\/2020\/06\/LOGO-512.jpg","contentUrl":"https:\/\/noticiasmercedinas.com\/site\/wp-content\/uploads\/2020\/06\/LOGO-512.jpg","width":512,"height":512,"caption":"NOTICIASMERCEDINAS.COM"},"image":{"@id":"https:\/\/noticiasmercedinas.com\/site\/#\/schema\/logo\/image\/"},"sameAs":["https:\/\/www.facebook.com\/noticiasmercedinas\/","https:\/\/x.com\/notmercedinas","https:\/\/www.instagram.com\/noticiasmercedinas\/"]},{"@type":"Person","@id":"https:\/\/noticiasmercedinas.com\/site\/#\/schema\/person\/84b59c099c28ff2e8b77d4ceec5d8063","name":"NOTICIASMERCEDINAS.COM","image":{"@type":"ImageObject","inLanguage":"es","@id":"https:\/\/secure.gravatar.com\/avatar\/4dfbf16b4d17945bfb6341b2d19043457132fcf478a5ee04f42e959fd8f5df0a?s=96&d=mm&r=g","url":"https:\/\/secure.gravatar.com\/avatar\/4dfbf16b4d17945bfb6341b2d19043457132fcf478a5ee04f42e959fd8f5df0a?s=96&d=mm&r=g","contentUrl":"https:\/\/secure.gravatar.com\/avatar\/4dfbf16b4d17945bfb6341b2d19043457132fcf478a5ee04f42e959fd8f5df0a?s=96&d=mm&r=g","caption":"NOTICIASMERCEDINAS.COM"},"url":"https:\/\/noticiasmercedinas.com\/site\/author\/anonimo\/"}]}},"amp_enabled":true,"_links":{"self":[{"href":"https:\/\/noticiasmercedinas.com\/site\/wp-json\/wp\/v2\/posts\/58699","targetHints":{"allow":["GET"]}}],"collection":[{"href":"https:\/\/noticiasmercedinas.com\/site\/wp-json\/wp\/v2\/posts"}],"about":[{"href":"https:\/\/noticiasmercedinas.com\/site\/wp-json\/wp\/v2\/types\/post"}],"author":[{"embeddable":true,"href":"https:\/\/noticiasmercedinas.com\/site\/wp-json\/wp\/v2\/users\/16"}],"replies":[{"embeddable":true,"href":"https:\/\/noticiasmercedinas.com\/site\/wp-json\/wp\/v2\/comments?post=58699"}],"version-history":[{"count":1,"href":"https:\/\/noticiasmercedinas.com\/site\/wp-json\/wp\/v2\/posts\/58699\/revisions"}],"predecessor-version":[{"id":58701,"href":"https:\/\/noticiasmercedinas.com\/site\/wp-json\/wp\/v2\/posts\/58699\/revisions\/58701"}],"wp:featuredmedia":[{"embeddable":true,"href":"https:\/\/noticiasmercedinas.com\/site\/wp-json\/wp\/v2\/media\/58700"}],"wp:attachment":[{"href":"https:\/\/noticiasmercedinas.com\/site\/wp-json\/wp\/v2\/media?parent=58699"}],"wp:term":[{"taxonomy":"category","embeddable":true,"href":"https:\/\/noticiasmercedinas.com\/site\/wp-json\/wp\/v2\/categories?post=58699"},{"taxonomy":"post_tag","embeddable":true,"href":"https:\/\/noticiasmercedinas.com\/site\/wp-json\/wp\/v2\/tags?post=58699"}],"curies":[{"name":"wp","href":"https:\/\/api.w.org\/{rel}","templated":true}]}}