{"id":58936,"date":"2020-12-24T13:44:52","date_gmt":"2020-12-24T16:44:52","guid":{"rendered":"https:\/\/noticiasmercedinas.com\/site\/?p=58936"},"modified":"2020-12-24T13:44:52","modified_gmt":"2020-12-24T16:44:52","slug":"superavit-de-ioma-seguira-en-manos-de-trabajadores-y-trabajadoras","status":"publish","type":"post","link":"https:\/\/noticiasmercedinas.com\/site\/2020\/12\/24\/superavit-de-ioma-seguira-en-manos-de-trabajadores-y-trabajadoras\/","title":{"rendered":"Super\u00e1vit de IOMA seguir\u00e1 en manos de trabajadores y trabajadoras"},"content":{"rendered":"<p><img loading=\"lazy\" decoding=\"async\" class=\"alignnone size-full wp-image-58087\" src=\"https:\/\/noticiasmercedinas.com\/site\/wp-content\/uploads\/2020\/12\/20200325200219_ioma.jpg\" alt=\"\" width=\"880\" height=\"493\" srcset=\"https:\/\/noticiasmercedinas.com\/site\/wp-content\/uploads\/2020\/12\/20200325200219_ioma.jpg 880w, https:\/\/noticiasmercedinas.com\/site\/wp-content\/uploads\/2020\/12\/20200325200219_ioma-300x168.jpg 300w, https:\/\/noticiasmercedinas.com\/site\/wp-content\/uploads\/2020\/12\/20200325200219_ioma-768x430.jpg 768w, https:\/\/noticiasmercedinas.com\/site\/wp-content\/uploads\/2020\/12\/20200325200219_ioma-640x359.jpg 640w, https:\/\/noticiasmercedinas.com\/site\/wp-content\/uploads\/2020\/12\/20200325200219_ioma-681x382.jpg 681w\" sizes=\"auto, (max-width: 880px) 100vw, 880px\" \/><\/p>\n<p>Desde hace varias semanas, el conjunto de los gremios estatales de la provincia de Buenos Aires manifestaron en diversos \u00e1mbitos su rechazo a la inclusi\u00f3n del art\u00edculo 66 en el proyecto de ley de Presupuesto 2021. Dicho art\u00edculo habilitaba la apropiaci\u00f3n indebida del super\u00e1vit del IOMA, facultando al gobierno provincial a utilizar esos fondos para financiar otros proyectos de salud destinados al conjunto de la poblaci\u00f3n, desnaturalizando de esta manera la finalidad m\u00e9dico asistencial de los aportes de las y los trabajadores del Estado.<\/p>\n<p>Gracias a la f\u00e9rrea decisi\u00f3n del conjunto de las organizaciones sindicales, en la que una vez m\u00e1s la AJB tuvo un rol protag\u00f3nico como articulador del reclamo colectivo, el texto del art\u00edculo 66 fue modificado pocas horas antes de su aprobaci\u00f3n en la Legislatura bonaerense, el pasado martes.<\/p>\n<p>En efecto, en el inc. f) del art\u00edculo 74 de la ley de presupuesto -que reemplaz\u00f3 al 66-, se modifica el art. 12 de la Ley 6982 -Ley de IOMA- estableciendo entre los ingresos del IOMA \u201cel super\u00e1vit que se establezca al cierre de cada ejercicio financiero, que como recurso propio ser\u00e1 contabilizado en el ejercicio siguiente\u201d, receptando de esta manera el reclamo de los gremios.<\/p>\n<p>Cabe destacar que el domingo pasado la AJB, junto a la mayor\u00eda de los gremios estatales, enviaron una carta al gobernador Axel Kiciloff (ver documento adjunto), requiriendo su intervenci\u00f3n para que el art\u00edculo 66 sea retirado de la ley de presupuesto provincial antes de su sanci\u00f3n. La presentaci\u00f3n suscripta por AEMOPBA, AJB, AMET, APL, ATE, CICOP, FEB, FEGGEPBA, FESIMUBO, SUTEBA y UDOCBA gener\u00f3 que pocas horas el Jefe de Gabinete comunique el compromiso del gobernador de acompa\u00f1ar el reclamo de las organizaciones gremiales.<\/p>\n<p>Con anterioridad a esta presentaci\u00f3n, en la reuni\u00f3n convocada el 27 de noviembre por el gobierno provincial para presentar las principales caracter\u00edsticas del presupuesto, el secretario General de la AJB hab\u00eda manifestado el rechazo a la medida, reclamo que fuera acompa\u00f1ado en esa oportunidad por otros gremios estatales como ATE, CICOP, SUTEBA y FEB. A su vez, tambi\u00e9n el Consejo Consultivo Gremial ante el IOMA desempe\u00f1\u00f3 un rol importante, formalizando ante diferentes bloques del Senado y la C\u00e1mara de Diputados provincial el requerimiento de que se retire el art. 66 del proyecto.<\/p>\n<p>\u201cEste cambio en la redacci\u00f3n del art\u00edculo es fundamental para mejorar el funcionamiento de la obra social, ya que garantiza que alrededor de 8000 millones de pesos del super\u00e1vit seguir\u00e1n siendo patrimonio de las y los trabajadores estatales, y deber\u00e1n destinarse a mejorar las prestaciones de la obra social, seriamente deterioradas por la falta de actualizaci\u00f3n de las coberturas y las demoras en las autorizaciones y pago de reintegros\u201d, expres\u00f3 Pablo Abramovich, secretario General de la AJB.<\/p>\n<p>\u201cPor otra parte, la modificaci\u00f3n del proyecto de ley es una clara muestra de que cuando las y los trabajadores nos organizamos y peleamos de manera conjunta, con objetivos claros, somos capaces de incidir en la realidad logrando que los gobiernos tomen en cuenta nuestros reclamos y nuestras necesidades\u201d, agreg\u00f3 Abramovich.<\/p>\n","protected":false},"excerpt":{"rendered":"<p>\u25a0 La presi\u00f3n de los gremios estatales bonaerenses logr\u00f3 la modificaci\u00f3n del proyecto de ley de presupuesto y los fondos del super\u00e1vit del IOMA quedar\u00e1n en la obra social para mejorar las prestaciones\u00a0<\/p>\n","protected":false},"author":16,"featured_media":58087,"comment_status":"open","ping_status":"open","sticky":false,"template":"","format":"standard","meta":{"footnotes":""},"categories":[7919],"tags":[82,125,56,296],"class_list":["post-58936","post","type-post","status-publish","format-standard","has-post-thumbnail","hentry","category-provinciales","tag-ajb","tag-ate","tag-cicop","tag-ioma"],"yoast_head":"<!-- This site is optimized with the Yoast SEO plugin v27.5 - https:\/\/yoast.com\/product\/yoast-seo-wordpress\/ -->\n<title>Super\u00e1vit de IOMA seguir\u00e1 en manos de trabajadores y trabajadoras<\/title>\n<meta name=\"robots\" content=\"index, follow, max-snippet:-1, max-image-preview:large, max-video-preview:-1\" \/>\n<link rel=\"canonical\" href=\"https:\/\/noticiasmercedinas.com\/site\/2020\/12\/24\/superavit-de-ioma-seguira-en-manos-de-trabajadores-y-trabajadoras\/\" \/>\n<meta property=\"og:locale\" content=\"es_ES\" \/>\n<meta property=\"og:type\" content=\"article\" \/>\n<meta property=\"og:title\" content=\"Super\u00e1vit de IOMA seguir\u00e1 en manos de trabajadores y trabajadoras\" \/>\n<meta property=\"og:description\" content=\"\u25a0 La presi\u00f3n de los gremios estatales bonaerenses logr\u00f3 la modificaci\u00f3n del proyecto de ley de presupuesto y los fondos del super\u00e1vit del IOMA quedar\u00e1n en la obra social para mejorar las prestaciones\u00a0\" \/>\n<meta property=\"og:url\" content=\"https:\/\/noticiasmercedinas.com\/site\/2020\/12\/24\/superavit-de-ioma-seguira-en-manos-de-trabajadores-y-trabajadoras\/\" \/>\n<meta property=\"og:site_name\" content=\"NOTICIASMERCEDINAS.COM\" \/>\n<meta property=\"article:publisher\" content=\"https:\/\/www.facebook.com\/noticiasmercedinas\/\" \/>\n<meta property=\"article:published_time\" content=\"2020-12-24T16:44:52+00:00\" \/>\n<meta property=\"og:image\" content=\"https:\/\/noticiasmercedinas.com\/site\/wp-content\/uploads\/2020\/12\/20200325200219_ioma.jpg\" \/>\n\t<meta property=\"og:image:width\" content=\"880\" \/>\n\t<meta property=\"og:image:height\" content=\"493\" \/>\n\t<meta property=\"og:image:type\" content=\"image\/jpeg\" \/>\n<meta name=\"author\" content=\"NOTICIASMERCEDINAS.COM\" \/>\n<meta name=\"twitter:card\" content=\"summary_large_image\" \/>\n<meta name=\"twitter:creator\" content=\"@notmercedinas\" \/>\n<meta name=\"twitter:site\" content=\"@notmercedinas\" \/>\n<meta name=\"twitter:label1\" content=\"Escrito por\" \/>\n\t<meta name=\"twitter:data1\" content=\"NOTICIASMERCEDINAS.COM\" \/>\n\t<meta name=\"twitter:label2\" content=\"Tiempo de lectura\" \/>\n\t<meta name=\"twitter:data2\" content=\"3 minutos\" \/>\n<script type=\"application\/ld+json\" class=\"yoast-schema-graph\">{\"@context\":\"https:\\\/\\\/schema.org\",\"@graph\":[{\"@type\":\"Article\",\"@id\":\"https:\\\/\\\/noticiasmercedinas.com\\\/site\\\/2020\\\/12\\\/24\\\/superavit-de-ioma-seguira-en-manos-de-trabajadores-y-trabajadoras\\\/#article\",\"isPartOf\":{\"@id\":\"https:\\\/\\\/noticiasmercedinas.com\\\/site\\\/2020\\\/12\\\/24\\\/superavit-de-ioma-seguira-en-manos-de-trabajadores-y-trabajadoras\\\/\"},\"author\":{\"name\":\"NOTICIASMERCEDINAS.COM\",\"@id\":\"https:\\\/\\\/noticiasmercedinas.com\\\/site\\\/#\\\/schema\\\/person\\\/84b59c099c28ff2e8b77d4ceec5d8063\"},\"headline\":\"Super\u00e1vit de IOMA seguir\u00e1 en manos de trabajadores y trabajadoras\",\"datePublished\":\"2020-12-24T16:44:52+00:00\",\"mainEntityOfPage\":{\"@id\":\"https:\\\/\\\/noticiasmercedinas.com\\\/site\\\/2020\\\/12\\\/24\\\/superavit-de-ioma-seguira-en-manos-de-trabajadores-y-trabajadoras\\\/\"},\"wordCount\":537,\"commentCount\":1,\"publisher\":{\"@id\":\"https:\\\/\\\/noticiasmercedinas.com\\\/site\\\/#organization\"},\"image\":{\"@id\":\"https:\\\/\\\/noticiasmercedinas.com\\\/site\\\/2020\\\/12\\\/24\\\/superavit-de-ioma-seguira-en-manos-de-trabajadores-y-trabajadoras\\\/#primaryimage\"},\"thumbnailUrl\":\"https:\\\/\\\/noticiasmercedinas.com\\\/site\\\/wp-content\\\/uploads\\\/2020\\\/12\\\/20200325200219_ioma.jpg\",\"keywords\":[\"AJB\",\"ate\",\"Cicop\",\"ioma\"],\"articleSection\":[\"Provinciales\"],\"inLanguage\":\"es\",\"potentialAction\":[{\"@type\":\"CommentAction\",\"name\":\"Comment\",\"target\":[\"https:\\\/\\\/noticiasmercedinas.com\\\/site\\\/2020\\\/12\\\/24\\\/superavit-de-ioma-seguira-en-manos-de-trabajadores-y-trabajadoras\\\/#respond\"]}]},{\"@type\":\"WebPage\",\"@id\":\"https:\\\/\\\/noticiasmercedinas.com\\\/site\\\/2020\\\/12\\\/24\\\/superavit-de-ioma-seguira-en-manos-de-trabajadores-y-trabajadoras\\\/\",\"url\":\"https:\\\/\\\/noticiasmercedinas.com\\\/site\\\/2020\\\/12\\\/24\\\/superavit-de-ioma-seguira-en-manos-de-trabajadores-y-trabajadoras\\\/\",\"name\":\"Super\u00e1vit de IOMA seguir\u00e1 en manos de trabajadores y trabajadoras\",\"isPartOf\":{\"@id\":\"https:\\\/\\\/noticiasmercedinas.com\\\/site\\\/#website\"},\"primaryImageOfPage\":{\"@id\":\"https:\\\/\\\/noticiasmercedinas.com\\\/site\\\/2020\\\/12\\\/24\\\/superavit-de-ioma-seguira-en-manos-de-trabajadores-y-trabajadoras\\\/#primaryimage\"},\"image\":{\"@id\":\"https:\\\/\\\/noticiasmercedinas.com\\\/site\\\/2020\\\/12\\\/24\\\/superavit-de-ioma-seguira-en-manos-de-trabajadores-y-trabajadoras\\\/#primaryimage\"},\"thumbnailUrl\":\"https:\\\/\\\/noticiasmercedinas.com\\\/site\\\/wp-content\\\/uploads\\\/2020\\\/12\\\/20200325200219_ioma.jpg\",\"datePublished\":\"2020-12-24T16:44:52+00:00\",\"breadcrumb\":{\"@id\":\"https:\\\/\\\/noticiasmercedinas.com\\\/site\\\/2020\\\/12\\\/24\\\/superavit-de-ioma-seguira-en-manos-de-trabajadores-y-trabajadoras\\\/#breadcrumb\"},\"inLanguage\":\"es\",\"potentialAction\":[{\"@type\":\"ReadAction\",\"target\":[\"https:\\\/\\\/noticiasmercedinas.com\\\/site\\\/2020\\\/12\\\/24\\\/superavit-de-ioma-seguira-en-manos-de-trabajadores-y-trabajadoras\\\/\"]}]},{\"@type\":\"ImageObject\",\"inLanguage\":\"es\",\"@id\":\"https:\\\/\\\/noticiasmercedinas.com\\\/site\\\/2020\\\/12\\\/24\\\/superavit-de-ioma-seguira-en-manos-de-trabajadores-y-trabajadoras\\\/#primaryimage\",\"url\":\"https:\\\/\\\/noticiasmercedinas.com\\\/site\\\/wp-content\\\/uploads\\\/2020\\\/12\\\/20200325200219_ioma.jpg\",\"contentUrl\":\"https:\\\/\\\/noticiasmercedinas.com\\\/site\\\/wp-content\\\/uploads\\\/2020\\\/12\\\/20200325200219_ioma.jpg\",\"width\":880,\"height\":493},{\"@type\":\"BreadcrumbList\",\"@id\":\"https:\\\/\\\/noticiasmercedinas.com\\\/site\\\/2020\\\/12\\\/24\\\/superavit-de-ioma-seguira-en-manos-de-trabajadores-y-trabajadoras\\\/#breadcrumb\",\"itemListElement\":[{\"@type\":\"ListItem\",\"position\":1,\"name\":\"Portada\",\"item\":\"https:\\\/\\\/noticiasmercedinas.com\\\/site\\\/\"},{\"@type\":\"ListItem\",\"position\":2,\"name\":\"Super\u00e1vit de IOMA seguir\u00e1 en manos de trabajadores y trabajadoras\"}]},{\"@type\":\"WebSite\",\"@id\":\"https:\\\/\\\/noticiasmercedinas.com\\\/site\\\/#website\",\"url\":\"https:\\\/\\\/noticiasmercedinas.com\\\/site\\\/\",\"name\":\"NOTICIASMERCEDINAS.COM\",\"description\":\"Mercedes, Buenos Aires, Argentina\",\"publisher\":{\"@id\":\"https:\\\/\\\/noticiasmercedinas.com\\\/site\\\/#organization\"},\"potentialAction\":[{\"@type\":\"SearchAction\",\"target\":{\"@type\":\"EntryPoint\",\"urlTemplate\":\"https:\\\/\\\/noticiasmercedinas.com\\\/site\\\/?s={search_term_string}\"},\"query-input\":{\"@type\":\"PropertyValueSpecification\",\"valueRequired\":true,\"valueName\":\"search_term_string\"}}],\"inLanguage\":\"es\"},{\"@type\":\"Organization\",\"@id\":\"https:\\\/\\\/noticiasmercedinas.com\\\/site\\\/#organization\",\"name\":\"NOTICIASMERCEDINAS.COM\",\"url\":\"https:\\\/\\\/noticiasmercedinas.com\\\/site\\\/\",\"logo\":{\"@type\":\"ImageObject\",\"inLanguage\":\"es\",\"@id\":\"https:\\\/\\\/noticiasmercedinas.com\\\/site\\\/#\\\/schema\\\/logo\\\/image\\\/\",\"url\":\"https:\\\/\\\/noticiasmercedinas.com\\\/site\\\/wp-content\\\/uploads\\\/2020\\\/06\\\/LOGO-512.jpg\",\"contentUrl\":\"https:\\\/\\\/noticiasmercedinas.com\\\/site\\\/wp-content\\\/uploads\\\/2020\\\/06\\\/LOGO-512.jpg\",\"width\":512,\"height\":512,\"caption\":\"NOTICIASMERCEDINAS.COM\"},\"image\":{\"@id\":\"https:\\\/\\\/noticiasmercedinas.com\\\/site\\\/#\\\/schema\\\/logo\\\/image\\\/\"},\"sameAs\":[\"https:\\\/\\\/www.facebook.com\\\/noticiasmercedinas\\\/\",\"https:\\\/\\\/x.com\\\/notmercedinas\",\"https:\\\/\\\/www.instagram.com\\\/noticiasmercedinas\\\/\"]},{\"@type\":\"Person\",\"@id\":\"https:\\\/\\\/noticiasmercedinas.com\\\/site\\\/#\\\/schema\\\/person\\\/84b59c099c28ff2e8b77d4ceec5d8063\",\"name\":\"NOTICIASMERCEDINAS.COM\",\"image\":{\"@type\":\"ImageObject\",\"inLanguage\":\"es\",\"@id\":\"https:\\\/\\\/secure.gravatar.com\\\/avatar\\\/4dfbf16b4d17945bfb6341b2d19043457132fcf478a5ee04f42e959fd8f5df0a?s=96&d=mm&r=g\",\"url\":\"https:\\\/\\\/secure.gravatar.com\\\/avatar\\\/4dfbf16b4d17945bfb6341b2d19043457132fcf478a5ee04f42e959fd8f5df0a?s=96&d=mm&r=g\",\"contentUrl\":\"https:\\\/\\\/secure.gravatar.com\\\/avatar\\\/4dfbf16b4d17945bfb6341b2d19043457132fcf478a5ee04f42e959fd8f5df0a?s=96&d=mm&r=g\",\"caption\":\"NOTICIASMERCEDINAS.COM\"},\"url\":\"https:\\\/\\\/noticiasmercedinas.com\\\/site\\\/author\\\/anonimo\\\/\"}]}<\/script>\n<!-- \/ Yoast SEO plugin. -->","yoast_head_json":{"title":"Super\u00e1vit de IOMA seguir\u00e1 en manos de trabajadores y trabajadoras","robots":{"index":"index","follow":"follow","max-snippet":"max-snippet:-1","max-image-preview":"max-image-preview:large","max-video-preview":"max-video-preview:-1"},"canonical":"https:\/\/noticiasmercedinas.com\/site\/2020\/12\/24\/superavit-de-ioma-seguira-en-manos-de-trabajadores-y-trabajadoras\/","og_locale":"es_ES","og_type":"article","og_title":"Super\u00e1vit de IOMA seguir\u00e1 en manos de trabajadores y trabajadoras","og_description":"\u25a0 La presi\u00f3n de los gremios estatales bonaerenses logr\u00f3 la modificaci\u00f3n del proyecto de ley de presupuesto y los fondos del super\u00e1vit del IOMA quedar\u00e1n en la obra social para mejorar las prestaciones\u00a0","og_url":"https:\/\/noticiasmercedinas.com\/site\/2020\/12\/24\/superavit-de-ioma-seguira-en-manos-de-trabajadores-y-trabajadoras\/","og_site_name":"NOTICIASMERCEDINAS.COM","article_publisher":"https:\/\/www.facebook.com\/noticiasmercedinas\/","article_published_time":"2020-12-24T16:44:52+00:00","og_image":[{"width":880,"height":493,"url":"https:\/\/noticiasmercedinas.com\/site\/wp-content\/uploads\/2020\/12\/20200325200219_ioma.jpg","type":"image\/jpeg"}],"author":"NOTICIASMERCEDINAS.COM","twitter_card":"summary_large_image","twitter_creator":"@notmercedinas","twitter_site":"@notmercedinas","twitter_misc":{"Escrito por":"NOTICIASMERCEDINAS.COM","Tiempo de lectura":"3 minutos"},"schema":{"@context":"https:\/\/schema.org","@graph":[{"@type":"Article","@id":"https:\/\/noticiasmercedinas.com\/site\/2020\/12\/24\/superavit-de-ioma-seguira-en-manos-de-trabajadores-y-trabajadoras\/#article","isPartOf":{"@id":"https:\/\/noticiasmercedinas.com\/site\/2020\/12\/24\/superavit-de-ioma-seguira-en-manos-de-trabajadores-y-trabajadoras\/"},"author":{"name":"NOTICIASMERCEDINAS.COM","@id":"https:\/\/noticiasmercedinas.com\/site\/#\/schema\/person\/84b59c099c28ff2e8b77d4ceec5d8063"},"headline":"Super\u00e1vit de IOMA seguir\u00e1 en manos de trabajadores y trabajadoras","datePublished":"2020-12-24T16:44:52+00:00","mainEntityOfPage":{"@id":"https:\/\/noticiasmercedinas.com\/site\/2020\/12\/24\/superavit-de-ioma-seguira-en-manos-de-trabajadores-y-trabajadoras\/"},"wordCount":537,"commentCount":1,"publisher":{"@id":"https:\/\/noticiasmercedinas.com\/site\/#organization"},"image":{"@id":"https:\/\/noticiasmercedinas.com\/site\/2020\/12\/24\/superavit-de-ioma-seguira-en-manos-de-trabajadores-y-trabajadoras\/#primaryimage"},"thumbnailUrl":"https:\/\/noticiasmercedinas.com\/site\/wp-content\/uploads\/2020\/12\/20200325200219_ioma.jpg","keywords":["AJB","ate","Cicop","ioma"],"articleSection":["Provinciales"],"inLanguage":"es","potentialAction":[{"@type":"CommentAction","name":"Comment","target":["https:\/\/noticiasmercedinas.com\/site\/2020\/12\/24\/superavit-de-ioma-seguira-en-manos-de-trabajadores-y-trabajadoras\/#respond"]}]},{"@type":"WebPage","@id":"https:\/\/noticiasmercedinas.com\/site\/2020\/12\/24\/superavit-de-ioma-seguira-en-manos-de-trabajadores-y-trabajadoras\/","url":"https:\/\/noticiasmercedinas.com\/site\/2020\/12\/24\/superavit-de-ioma-seguira-en-manos-de-trabajadores-y-trabajadoras\/","name":"Super\u00e1vit de IOMA seguir\u00e1 en manos de trabajadores y trabajadoras","isPartOf":{"@id":"https:\/\/noticiasmercedinas.com\/site\/#website"},"primaryImageOfPage":{"@id":"https:\/\/noticiasmercedinas.com\/site\/2020\/12\/24\/superavit-de-ioma-seguira-en-manos-de-trabajadores-y-trabajadoras\/#primaryimage"},"image":{"@id":"https:\/\/noticiasmercedinas.com\/site\/2020\/12\/24\/superavit-de-ioma-seguira-en-manos-de-trabajadores-y-trabajadoras\/#primaryimage"},"thumbnailUrl":"https:\/\/noticiasmercedinas.com\/site\/wp-content\/uploads\/2020\/12\/20200325200219_ioma.jpg","datePublished":"2020-12-24T16:44:52+00:00","breadcrumb":{"@id":"https:\/\/noticiasmercedinas.com\/site\/2020\/12\/24\/superavit-de-ioma-seguira-en-manos-de-trabajadores-y-trabajadoras\/#breadcrumb"},"inLanguage":"es","potentialAction":[{"@type":"ReadAction","target":["https:\/\/noticiasmercedinas.com\/site\/2020\/12\/24\/superavit-de-ioma-seguira-en-manos-de-trabajadores-y-trabajadoras\/"]}]},{"@type":"ImageObject","inLanguage":"es","@id":"https:\/\/noticiasmercedinas.com\/site\/2020\/12\/24\/superavit-de-ioma-seguira-en-manos-de-trabajadores-y-trabajadoras\/#primaryimage","url":"https:\/\/noticiasmercedinas.com\/site\/wp-content\/uploads\/2020\/12\/20200325200219_ioma.jpg","contentUrl":"https:\/\/noticiasmercedinas.com\/site\/wp-content\/uploads\/2020\/12\/20200325200219_ioma.jpg","width":880,"height":493},{"@type":"BreadcrumbList","@id":"https:\/\/noticiasmercedinas.com\/site\/2020\/12\/24\/superavit-de-ioma-seguira-en-manos-de-trabajadores-y-trabajadoras\/#breadcrumb","itemListElement":[{"@type":"ListItem","position":1,"name":"Portada","item":"https:\/\/noticiasmercedinas.com\/site\/"},{"@type":"ListItem","position":2,"name":"Super\u00e1vit de IOMA seguir\u00e1 en manos de trabajadores y trabajadoras"}]},{"@type":"WebSite","@id":"https:\/\/noticiasmercedinas.com\/site\/#website","url":"https:\/\/noticiasmercedinas.com\/site\/","name":"NOTICIASMERCEDINAS.COM","description":"Mercedes, Buenos Aires, Argentina","publisher":{"@id":"https:\/\/noticiasmercedinas.com\/site\/#organization"},"potentialAction":[{"@type":"SearchAction","target":{"@type":"EntryPoint","urlTemplate":"https:\/\/noticiasmercedinas.com\/site\/?s={search_term_string}"},"query-input":{"@type":"PropertyValueSpecification","valueRequired":true,"valueName":"search_term_string"}}],"inLanguage":"es"},{"@type":"Organization","@id":"https:\/\/noticiasmercedinas.com\/site\/#organization","name":"NOTICIASMERCEDINAS.COM","url":"https:\/\/noticiasmercedinas.com\/site\/","logo":{"@type":"ImageObject","inLanguage":"es","@id":"https:\/\/noticiasmercedinas.com\/site\/#\/schema\/logo\/image\/","url":"https:\/\/noticiasmercedinas.com\/site\/wp-content\/uploads\/2020\/06\/LOGO-512.jpg","contentUrl":"https:\/\/noticiasmercedinas.com\/site\/wp-content\/uploads\/2020\/06\/LOGO-512.jpg","width":512,"height":512,"caption":"NOTICIASMERCEDINAS.COM"},"image":{"@id":"https:\/\/noticiasmercedinas.com\/site\/#\/schema\/logo\/image\/"},"sameAs":["https:\/\/www.facebook.com\/noticiasmercedinas\/","https:\/\/x.com\/notmercedinas","https:\/\/www.instagram.com\/noticiasmercedinas\/"]},{"@type":"Person","@id":"https:\/\/noticiasmercedinas.com\/site\/#\/schema\/person\/84b59c099c28ff2e8b77d4ceec5d8063","name":"NOTICIASMERCEDINAS.COM","image":{"@type":"ImageObject","inLanguage":"es","@id":"https:\/\/secure.gravatar.com\/avatar\/4dfbf16b4d17945bfb6341b2d19043457132fcf478a5ee04f42e959fd8f5df0a?s=96&d=mm&r=g","url":"https:\/\/secure.gravatar.com\/avatar\/4dfbf16b4d17945bfb6341b2d19043457132fcf478a5ee04f42e959fd8f5df0a?s=96&d=mm&r=g","contentUrl":"https:\/\/secure.gravatar.com\/avatar\/4dfbf16b4d17945bfb6341b2d19043457132fcf478a5ee04f42e959fd8f5df0a?s=96&d=mm&r=g","caption":"NOTICIASMERCEDINAS.COM"},"url":"https:\/\/noticiasmercedinas.com\/site\/author\/anonimo\/"}]}},"amp_enabled":true,"_links":{"self":[{"href":"https:\/\/noticiasmercedinas.com\/site\/wp-json\/wp\/v2\/posts\/58936","targetHints":{"allow":["GET"]}}],"collection":[{"href":"https:\/\/noticiasmercedinas.com\/site\/wp-json\/wp\/v2\/posts"}],"about":[{"href":"https:\/\/noticiasmercedinas.com\/site\/wp-json\/wp\/v2\/types\/post"}],"author":[{"embeddable":true,"href":"https:\/\/noticiasmercedinas.com\/site\/wp-json\/wp\/v2\/users\/16"}],"replies":[{"embeddable":true,"href":"https:\/\/noticiasmercedinas.com\/site\/wp-json\/wp\/v2\/comments?post=58936"}],"version-history":[{"count":1,"href":"https:\/\/noticiasmercedinas.com\/site\/wp-json\/wp\/v2\/posts\/58936\/revisions"}],"predecessor-version":[{"id":58937,"href":"https:\/\/noticiasmercedinas.com\/site\/wp-json\/wp\/v2\/posts\/58936\/revisions\/58937"}],"wp:featuredmedia":[{"embeddable":true,"href":"https:\/\/noticiasmercedinas.com\/site\/wp-json\/wp\/v2\/media\/58087"}],"wp:attachment":[{"href":"https:\/\/noticiasmercedinas.com\/site\/wp-json\/wp\/v2\/media?parent=58936"}],"wp:term":[{"taxonomy":"category","embeddable":true,"href":"https:\/\/noticiasmercedinas.com\/site\/wp-json\/wp\/v2\/categories?post=58936"},{"taxonomy":"post_tag","embeddable":true,"href":"https:\/\/noticiasmercedinas.com\/site\/wp-json\/wp\/v2\/tags?post=58936"}],"curies":[{"name":"wp","href":"https:\/\/api.w.org\/{rel}","templated":true}]}}