{"id":59199,"date":"2020-12-30T09:38:45","date_gmt":"2020-12-30T12:38:45","guid":{"rendered":"https:\/\/noticiasmercedinas.com\/site\/?p=59199"},"modified":"2020-12-30T09:38:45","modified_gmt":"2020-12-30T12:38:45","slug":"objetan-irresponsabilidad-y-falta-de-empatia-de-intendente-de-suipacha","status":"publish","type":"post","link":"https:\/\/noticiasmercedinas.com\/site\/2020\/12\/30\/objetan-irresponsabilidad-y-falta-de-empatia-de-intendente-de-suipacha\/","title":{"rendered":"Objetan \u201cirresponsabilidad y falta de empat\u00eda\u201d de intendente de Suipacha"},"content":{"rendered":"<p><img loading=\"lazy\" decoding=\"async\" class=\"alignnone size-full wp-image-59200\" src=\"https:\/\/noticiasmercedinas.com\/site\/wp-content\/uploads\/2020\/12\/ambos.jpg\" alt=\"\" width=\"640\" height=\"427\" srcset=\"https:\/\/noticiasmercedinas.com\/site\/wp-content\/uploads\/2020\/12\/ambos.jpg 640w, https:\/\/noticiasmercedinas.com\/site\/wp-content\/uploads\/2020\/12\/ambos-300x200.jpg 300w\" sizes=\"auto, (max-width: 640px) 100vw, 640px\" \/><\/p>\n<p>Un funcionario de la comuna de Mercedes cuestion\u00f3 al jefe comunal de la vecina ciudad de Suipacha, <strong>Alejandro Federico<\/strong>, luego de que este <span style=\"color: #000080;\"><strong><a style=\"color: #000080;\" href=\"https:\/\/noticiasmercedinas.com\/site\/2020\/12\/28\/piden-a-suipachenses-que-estuvieron-en-fiesta-en-mercedes-que-se-aislen\/\">pidiera a suipachenses que estuvieron en una fiesta en Mercedes \u201cque se a\u00edslen\u201d.<\/a><\/strong><\/span><\/p>\n<p>El responsable de la Oficina de Defensa del Consumidor local, <strong>Mart\u00edn Boragno<\/strong>, explic\u00f3 que \u201cno es real que nosotros hayamos autorizado una fiesta para suipachenses\u201d y remarc\u00f3 que \u201cen ese sentido el intendente de Suipacha est\u00e1 falseando la realidad\u201d. Adem\u00e1s puntualiz\u00f3: \u201cIncluso nos enteramos de dos fiestas que quer\u00edan hacer, una en Mercedes y otra en Jofr\u00e9, y logramos clausurarlas con antelaci\u00f3n\u201d.<\/p>\n<p>\u201cSobre la fiesta que hacen referencia, no estaba autorizada por el municipio y ni el Comit\u00e9 de Crisis, que es el \u00f3rgano institucional que eval\u00faa, planifica, abre y cierra intervenciones sociales, interdisciplinaria e inter institucionalmente\u201d, narr\u00f3 luego y especific\u00f3 que \u201cpor supuesto se labr\u00f3 acta al comercio y a los asistentes, que deben rendir cuenta como corresponde por efectuar una acci\u00f3n ilegal\u201d y volvi\u00f3 a puntualizar que \u201cno era un asunto autorizado por la comuna, sino una irresponsabilidad ajena a nosotros\u201d.<\/p>\n<blockquote><p>\u201cQuerer responsabilizarnos por su situaci\u00f3n local nos parece una falta de respeto, m\u00e1xime cuando ellos mismos reconocen que padecieron fiestas clandestinas en su pueblo\u201d<\/p><\/blockquote>\n<p>Ante los dichos proveniente desde la vecina localidad tambi\u00e9n cont\u00f3: \u201cLamentamos lo expresado, porque adem\u00e1s cuando la situaci\u00f3n de Suipacha se complic\u00f3 en el marco de la pandemia fue nuestro intendente Ustarroz que solidariamente le tendi\u00f3 la mano. Ahora querer responsabilizarnos por su situaci\u00f3n local nos parece una falta de respeto, m\u00e1xime cuando ellos mismos reconocen que padecieron fiestas clandestinas en su pueblo\u201d.<\/p>\n<p>\u201cFueron sus colegios los que no quisieron o supieron protocolizar\u201d, dijo Boragno y subray\u00f3 que \u201cen Mercedes, en la pasarela, no hubo ni un solo contagiado, se trabaj\u00f3, se dividi\u00f3 en d\u00edas, se protocoliz\u00f3. Misma situaci\u00f3n con los bares, donde se act\u00faa protocolizadamente\u201d.<\/p>\n<p>Mart\u00edn Boragno remarc\u00f3 m\u00e1s adelante que \u201ctodos los hisopados de Suipacha los hacemos en Mercedes, en nuestro laboratorio municipal, y eso habla de la solidaridad, de gestos que no todos claramente tienen\u201d.<\/p>\n<p>Por \u00faltimo, ante una radio local, Boragno especific\u00f3: \u201cNos duele, porque hemos realizado como comunidad un trabajo enorme, para que alguien irresponsablemente nos ponga como chivo expiatorio de sus problemas. Hay que ser adultos y hacernos cada uno cargo de lo que nos corresponde\u201d.<\/p>\n","protected":false},"excerpt":{"rendered":"<p>\u25a0 \u201cHay que ser adultos y hacernos cada uno cargo de lo que nos corresponde\u201d, dijo Mart\u00edn Boragno. Cuestion\u00f3 a Alejandro Federico, luego de que este pidiera a suipachenses que estuvieron en una fiesta en Mercedes \u201cque se a\u00edslen\u201d.<\/p>\n","protected":false},"author":16,"featured_media":59200,"comment_status":"open","ping_status":"open","sticky":false,"template":"","format":"standard","meta":{"footnotes":""},"categories":[10],"tags":[1097,8392,327],"class_list":["post-59199","post","type-post","status-publish","format-standard","has-post-thumbnail","hentry","category-especiales","tag-alejandro-federico","tag-coronavirus","tag-martin-boragno"],"yoast_head":"<!-- This site is optimized with the Yoast SEO plugin v27.5 - https:\/\/yoast.com\/product\/yoast-seo-wordpress\/ -->\n<title>Objetan \u201cirresponsabilidad y falta de empat\u00eda\u201d de intendente de Suipacha<\/title>\n<meta name=\"robots\" content=\"index, follow, max-snippet:-1, max-image-preview:large, max-video-preview:-1\" \/>\n<link rel=\"canonical\" href=\"https:\/\/noticiasmercedinas.com\/site\/2020\/12\/30\/objetan-irresponsabilidad-y-falta-de-empatia-de-intendente-de-suipacha\/\" \/>\n<meta property=\"og:locale\" content=\"es_ES\" \/>\n<meta property=\"og:type\" content=\"article\" \/>\n<meta property=\"og:title\" content=\"Objetan \u201cirresponsabilidad y falta de empat\u00eda\u201d de intendente de Suipacha\" \/>\n<meta property=\"og:description\" content=\"\u25a0 \u201cHay que ser adultos y hacernos cada uno cargo de lo que nos corresponde\u201d, dijo Mart\u00edn Boragno. Cuestion\u00f3 a Alejandro Federico, luego de que este pidiera a suipachenses que estuvieron en una fiesta en Mercedes \u201cque se a\u00edslen\u201d.\" \/>\n<meta property=\"og:url\" content=\"https:\/\/noticiasmercedinas.com\/site\/2020\/12\/30\/objetan-irresponsabilidad-y-falta-de-empatia-de-intendente-de-suipacha\/\" \/>\n<meta property=\"og:site_name\" content=\"NOTICIASMERCEDINAS.COM\" \/>\n<meta property=\"article:publisher\" content=\"https:\/\/www.facebook.com\/noticiasmercedinas\/\" \/>\n<meta property=\"article:published_time\" content=\"2020-12-30T12:38:45+00:00\" \/>\n<meta property=\"og:image\" content=\"https:\/\/noticiasmercedinas.com\/site\/wp-content\/uploads\/2020\/12\/ambos.jpg\" \/>\n\t<meta property=\"og:image:width\" content=\"640\" \/>\n\t<meta property=\"og:image:height\" content=\"427\" \/>\n\t<meta property=\"og:image:type\" content=\"image\/jpeg\" \/>\n<meta name=\"author\" content=\"NOTICIASMERCEDINAS.COM\" \/>\n<meta name=\"twitter:card\" content=\"summary_large_image\" \/>\n<meta name=\"twitter:creator\" content=\"@notmercedinas\" \/>\n<meta name=\"twitter:site\" content=\"@notmercedinas\" \/>\n<meta name=\"twitter:label1\" content=\"Escrito por\" \/>\n\t<meta name=\"twitter:data1\" content=\"NOTICIASMERCEDINAS.COM\" \/>\n\t<meta name=\"twitter:label2\" content=\"Tiempo de lectura\" \/>\n\t<meta name=\"twitter:data2\" content=\"2 minutos\" \/>\n<script type=\"application\/ld+json\" class=\"yoast-schema-graph\">{\"@context\":\"https:\\\/\\\/schema.org\",\"@graph\":[{\"@type\":\"Article\",\"@id\":\"https:\\\/\\\/noticiasmercedinas.com\\\/site\\\/2020\\\/12\\\/30\\\/objetan-irresponsabilidad-y-falta-de-empatia-de-intendente-de-suipacha\\\/#article\",\"isPartOf\":{\"@id\":\"https:\\\/\\\/noticiasmercedinas.com\\\/site\\\/2020\\\/12\\\/30\\\/objetan-irresponsabilidad-y-falta-de-empatia-de-intendente-de-suipacha\\\/\"},\"author\":{\"name\":\"NOTICIASMERCEDINAS.COM\",\"@id\":\"https:\\\/\\\/noticiasmercedinas.com\\\/site\\\/#\\\/schema\\\/person\\\/84b59c099c28ff2e8b77d4ceec5d8063\"},\"headline\":\"Objetan \u201cirresponsabilidad y falta de empat\u00eda\u201d de intendente de Suipacha\",\"datePublished\":\"2020-12-30T12:38:45+00:00\",\"mainEntityOfPage\":{\"@id\":\"https:\\\/\\\/noticiasmercedinas.com\\\/site\\\/2020\\\/12\\\/30\\\/objetan-irresponsabilidad-y-falta-de-empatia-de-intendente-de-suipacha\\\/\"},\"wordCount\":415,\"commentCount\":0,\"publisher\":{\"@id\":\"https:\\\/\\\/noticiasmercedinas.com\\\/site\\\/#organization\"},\"image\":{\"@id\":\"https:\\\/\\\/noticiasmercedinas.com\\\/site\\\/2020\\\/12\\\/30\\\/objetan-irresponsabilidad-y-falta-de-empatia-de-intendente-de-suipacha\\\/#primaryimage\"},\"thumbnailUrl\":\"https:\\\/\\\/noticiasmercedinas.com\\\/site\\\/wp-content\\\/uploads\\\/2020\\\/12\\\/ambos.jpg\",\"keywords\":[\"alejandro federico\",\"coronavirus\",\"martin boragno\"],\"articleSection\":[\"Covid-19\"],\"inLanguage\":\"es\",\"potentialAction\":[{\"@type\":\"CommentAction\",\"name\":\"Comment\",\"target\":[\"https:\\\/\\\/noticiasmercedinas.com\\\/site\\\/2020\\\/12\\\/30\\\/objetan-irresponsabilidad-y-falta-de-empatia-de-intendente-de-suipacha\\\/#respond\"]}]},{\"@type\":\"WebPage\",\"@id\":\"https:\\\/\\\/noticiasmercedinas.com\\\/site\\\/2020\\\/12\\\/30\\\/objetan-irresponsabilidad-y-falta-de-empatia-de-intendente-de-suipacha\\\/\",\"url\":\"https:\\\/\\\/noticiasmercedinas.com\\\/site\\\/2020\\\/12\\\/30\\\/objetan-irresponsabilidad-y-falta-de-empatia-de-intendente-de-suipacha\\\/\",\"name\":\"Objetan \u201cirresponsabilidad y falta de empat\u00eda\u201d de intendente de Suipacha\",\"isPartOf\":{\"@id\":\"https:\\\/\\\/noticiasmercedinas.com\\\/site\\\/#website\"},\"primaryImageOfPage\":{\"@id\":\"https:\\\/\\\/noticiasmercedinas.com\\\/site\\\/2020\\\/12\\\/30\\\/objetan-irresponsabilidad-y-falta-de-empatia-de-intendente-de-suipacha\\\/#primaryimage\"},\"image\":{\"@id\":\"https:\\\/\\\/noticiasmercedinas.com\\\/site\\\/2020\\\/12\\\/30\\\/objetan-irresponsabilidad-y-falta-de-empatia-de-intendente-de-suipacha\\\/#primaryimage\"},\"thumbnailUrl\":\"https:\\\/\\\/noticiasmercedinas.com\\\/site\\\/wp-content\\\/uploads\\\/2020\\\/12\\\/ambos.jpg\",\"datePublished\":\"2020-12-30T12:38:45+00:00\",\"breadcrumb\":{\"@id\":\"https:\\\/\\\/noticiasmercedinas.com\\\/site\\\/2020\\\/12\\\/30\\\/objetan-irresponsabilidad-y-falta-de-empatia-de-intendente-de-suipacha\\\/#breadcrumb\"},\"inLanguage\":\"es\",\"potentialAction\":[{\"@type\":\"ReadAction\",\"target\":[\"https:\\\/\\\/noticiasmercedinas.com\\\/site\\\/2020\\\/12\\\/30\\\/objetan-irresponsabilidad-y-falta-de-empatia-de-intendente-de-suipacha\\\/\"]}]},{\"@type\":\"ImageObject\",\"inLanguage\":\"es\",\"@id\":\"https:\\\/\\\/noticiasmercedinas.com\\\/site\\\/2020\\\/12\\\/30\\\/objetan-irresponsabilidad-y-falta-de-empatia-de-intendente-de-suipacha\\\/#primaryimage\",\"url\":\"https:\\\/\\\/noticiasmercedinas.com\\\/site\\\/wp-content\\\/uploads\\\/2020\\\/12\\\/ambos.jpg\",\"contentUrl\":\"https:\\\/\\\/noticiasmercedinas.com\\\/site\\\/wp-content\\\/uploads\\\/2020\\\/12\\\/ambos.jpg\",\"width\":640,\"height\":427},{\"@type\":\"BreadcrumbList\",\"@id\":\"https:\\\/\\\/noticiasmercedinas.com\\\/site\\\/2020\\\/12\\\/30\\\/objetan-irresponsabilidad-y-falta-de-empatia-de-intendente-de-suipacha\\\/#breadcrumb\",\"itemListElement\":[{\"@type\":\"ListItem\",\"position\":1,\"name\":\"Portada\",\"item\":\"https:\\\/\\\/noticiasmercedinas.com\\\/site\\\/\"},{\"@type\":\"ListItem\",\"position\":2,\"name\":\"Objetan \u201cirresponsabilidad y falta de empat\u00eda\u201d de intendente de Suipacha\"}]},{\"@type\":\"WebSite\",\"@id\":\"https:\\\/\\\/noticiasmercedinas.com\\\/site\\\/#website\",\"url\":\"https:\\\/\\\/noticiasmercedinas.com\\\/site\\\/\",\"name\":\"NOTICIASMERCEDINAS.COM\",\"description\":\"Mercedes, Buenos Aires, Argentina\",\"publisher\":{\"@id\":\"https:\\\/\\\/noticiasmercedinas.com\\\/site\\\/#organization\"},\"potentialAction\":[{\"@type\":\"SearchAction\",\"target\":{\"@type\":\"EntryPoint\",\"urlTemplate\":\"https:\\\/\\\/noticiasmercedinas.com\\\/site\\\/?s={search_term_string}\"},\"query-input\":{\"@type\":\"PropertyValueSpecification\",\"valueRequired\":true,\"valueName\":\"search_term_string\"}}],\"inLanguage\":\"es\"},{\"@type\":\"Organization\",\"@id\":\"https:\\\/\\\/noticiasmercedinas.com\\\/site\\\/#organization\",\"name\":\"NOTICIASMERCEDINAS.COM\",\"url\":\"https:\\\/\\\/noticiasmercedinas.com\\\/site\\\/\",\"logo\":{\"@type\":\"ImageObject\",\"inLanguage\":\"es\",\"@id\":\"https:\\\/\\\/noticiasmercedinas.com\\\/site\\\/#\\\/schema\\\/logo\\\/image\\\/\",\"url\":\"https:\\\/\\\/noticiasmercedinas.com\\\/site\\\/wp-content\\\/uploads\\\/2020\\\/06\\\/LOGO-512.jpg\",\"contentUrl\":\"https:\\\/\\\/noticiasmercedinas.com\\\/site\\\/wp-content\\\/uploads\\\/2020\\\/06\\\/LOGO-512.jpg\",\"width\":512,\"height\":512,\"caption\":\"NOTICIASMERCEDINAS.COM\"},\"image\":{\"@id\":\"https:\\\/\\\/noticiasmercedinas.com\\\/site\\\/#\\\/schema\\\/logo\\\/image\\\/\"},\"sameAs\":[\"https:\\\/\\\/www.facebook.com\\\/noticiasmercedinas\\\/\",\"https:\\\/\\\/x.com\\\/notmercedinas\",\"https:\\\/\\\/www.instagram.com\\\/noticiasmercedinas\\\/\"]},{\"@type\":\"Person\",\"@id\":\"https:\\\/\\\/noticiasmercedinas.com\\\/site\\\/#\\\/schema\\\/person\\\/84b59c099c28ff2e8b77d4ceec5d8063\",\"name\":\"NOTICIASMERCEDINAS.COM\",\"image\":{\"@type\":\"ImageObject\",\"inLanguage\":\"es\",\"@id\":\"https:\\\/\\\/secure.gravatar.com\\\/avatar\\\/4dfbf16b4d17945bfb6341b2d19043457132fcf478a5ee04f42e959fd8f5df0a?s=96&d=mm&r=g\",\"url\":\"https:\\\/\\\/secure.gravatar.com\\\/avatar\\\/4dfbf16b4d17945bfb6341b2d19043457132fcf478a5ee04f42e959fd8f5df0a?s=96&d=mm&r=g\",\"contentUrl\":\"https:\\\/\\\/secure.gravatar.com\\\/avatar\\\/4dfbf16b4d17945bfb6341b2d19043457132fcf478a5ee04f42e959fd8f5df0a?s=96&d=mm&r=g\",\"caption\":\"NOTICIASMERCEDINAS.COM\"},\"url\":\"https:\\\/\\\/noticiasmercedinas.com\\\/site\\\/author\\\/anonimo\\\/\"}]}<\/script>\n<!-- \/ Yoast SEO plugin. -->","yoast_head_json":{"title":"Objetan \u201cirresponsabilidad y falta de empat\u00eda\u201d de intendente de Suipacha","robots":{"index":"index","follow":"follow","max-snippet":"max-snippet:-1","max-image-preview":"max-image-preview:large","max-video-preview":"max-video-preview:-1"},"canonical":"https:\/\/noticiasmercedinas.com\/site\/2020\/12\/30\/objetan-irresponsabilidad-y-falta-de-empatia-de-intendente-de-suipacha\/","og_locale":"es_ES","og_type":"article","og_title":"Objetan \u201cirresponsabilidad y falta de empat\u00eda\u201d de intendente de Suipacha","og_description":"\u25a0 \u201cHay que ser adultos y hacernos cada uno cargo de lo que nos corresponde\u201d, dijo Mart\u00edn Boragno. Cuestion\u00f3 a Alejandro Federico, luego de que este pidiera a suipachenses que estuvieron en una fiesta en Mercedes \u201cque se a\u00edslen\u201d.","og_url":"https:\/\/noticiasmercedinas.com\/site\/2020\/12\/30\/objetan-irresponsabilidad-y-falta-de-empatia-de-intendente-de-suipacha\/","og_site_name":"NOTICIASMERCEDINAS.COM","article_publisher":"https:\/\/www.facebook.com\/noticiasmercedinas\/","article_published_time":"2020-12-30T12:38:45+00:00","og_image":[{"width":640,"height":427,"url":"https:\/\/noticiasmercedinas.com\/site\/wp-content\/uploads\/2020\/12\/ambos.jpg","type":"image\/jpeg"}],"author":"NOTICIASMERCEDINAS.COM","twitter_card":"summary_large_image","twitter_creator":"@notmercedinas","twitter_site":"@notmercedinas","twitter_misc":{"Escrito por":"NOTICIASMERCEDINAS.COM","Tiempo de lectura":"2 minutos"},"schema":{"@context":"https:\/\/schema.org","@graph":[{"@type":"Article","@id":"https:\/\/noticiasmercedinas.com\/site\/2020\/12\/30\/objetan-irresponsabilidad-y-falta-de-empatia-de-intendente-de-suipacha\/#article","isPartOf":{"@id":"https:\/\/noticiasmercedinas.com\/site\/2020\/12\/30\/objetan-irresponsabilidad-y-falta-de-empatia-de-intendente-de-suipacha\/"},"author":{"name":"NOTICIASMERCEDINAS.COM","@id":"https:\/\/noticiasmercedinas.com\/site\/#\/schema\/person\/84b59c099c28ff2e8b77d4ceec5d8063"},"headline":"Objetan \u201cirresponsabilidad y falta de empat\u00eda\u201d de intendente de Suipacha","datePublished":"2020-12-30T12:38:45+00:00","mainEntityOfPage":{"@id":"https:\/\/noticiasmercedinas.com\/site\/2020\/12\/30\/objetan-irresponsabilidad-y-falta-de-empatia-de-intendente-de-suipacha\/"},"wordCount":415,"commentCount":0,"publisher":{"@id":"https:\/\/noticiasmercedinas.com\/site\/#organization"},"image":{"@id":"https:\/\/noticiasmercedinas.com\/site\/2020\/12\/30\/objetan-irresponsabilidad-y-falta-de-empatia-de-intendente-de-suipacha\/#primaryimage"},"thumbnailUrl":"https:\/\/noticiasmercedinas.com\/site\/wp-content\/uploads\/2020\/12\/ambos.jpg","keywords":["alejandro federico","coronavirus","martin boragno"],"articleSection":["Covid-19"],"inLanguage":"es","potentialAction":[{"@type":"CommentAction","name":"Comment","target":["https:\/\/noticiasmercedinas.com\/site\/2020\/12\/30\/objetan-irresponsabilidad-y-falta-de-empatia-de-intendente-de-suipacha\/#respond"]}]},{"@type":"WebPage","@id":"https:\/\/noticiasmercedinas.com\/site\/2020\/12\/30\/objetan-irresponsabilidad-y-falta-de-empatia-de-intendente-de-suipacha\/","url":"https:\/\/noticiasmercedinas.com\/site\/2020\/12\/30\/objetan-irresponsabilidad-y-falta-de-empatia-de-intendente-de-suipacha\/","name":"Objetan \u201cirresponsabilidad y falta de empat\u00eda\u201d de intendente de Suipacha","isPartOf":{"@id":"https:\/\/noticiasmercedinas.com\/site\/#website"},"primaryImageOfPage":{"@id":"https:\/\/noticiasmercedinas.com\/site\/2020\/12\/30\/objetan-irresponsabilidad-y-falta-de-empatia-de-intendente-de-suipacha\/#primaryimage"},"image":{"@id":"https:\/\/noticiasmercedinas.com\/site\/2020\/12\/30\/objetan-irresponsabilidad-y-falta-de-empatia-de-intendente-de-suipacha\/#primaryimage"},"thumbnailUrl":"https:\/\/noticiasmercedinas.com\/site\/wp-content\/uploads\/2020\/12\/ambos.jpg","datePublished":"2020-12-30T12:38:45+00:00","breadcrumb":{"@id":"https:\/\/noticiasmercedinas.com\/site\/2020\/12\/30\/objetan-irresponsabilidad-y-falta-de-empatia-de-intendente-de-suipacha\/#breadcrumb"},"inLanguage":"es","potentialAction":[{"@type":"ReadAction","target":["https:\/\/noticiasmercedinas.com\/site\/2020\/12\/30\/objetan-irresponsabilidad-y-falta-de-empatia-de-intendente-de-suipacha\/"]}]},{"@type":"ImageObject","inLanguage":"es","@id":"https:\/\/noticiasmercedinas.com\/site\/2020\/12\/30\/objetan-irresponsabilidad-y-falta-de-empatia-de-intendente-de-suipacha\/#primaryimage","url":"https:\/\/noticiasmercedinas.com\/site\/wp-content\/uploads\/2020\/12\/ambos.jpg","contentUrl":"https:\/\/noticiasmercedinas.com\/site\/wp-content\/uploads\/2020\/12\/ambos.jpg","width":640,"height":427},{"@type":"BreadcrumbList","@id":"https:\/\/noticiasmercedinas.com\/site\/2020\/12\/30\/objetan-irresponsabilidad-y-falta-de-empatia-de-intendente-de-suipacha\/#breadcrumb","itemListElement":[{"@type":"ListItem","position":1,"name":"Portada","item":"https:\/\/noticiasmercedinas.com\/site\/"},{"@type":"ListItem","position":2,"name":"Objetan \u201cirresponsabilidad y falta de empat\u00eda\u201d de intendente de Suipacha"}]},{"@type":"WebSite","@id":"https:\/\/noticiasmercedinas.com\/site\/#website","url":"https:\/\/noticiasmercedinas.com\/site\/","name":"NOTICIASMERCEDINAS.COM","description":"Mercedes, Buenos Aires, Argentina","publisher":{"@id":"https:\/\/noticiasmercedinas.com\/site\/#organization"},"potentialAction":[{"@type":"SearchAction","target":{"@type":"EntryPoint","urlTemplate":"https:\/\/noticiasmercedinas.com\/site\/?s={search_term_string}"},"query-input":{"@type":"PropertyValueSpecification","valueRequired":true,"valueName":"search_term_string"}}],"inLanguage":"es"},{"@type":"Organization","@id":"https:\/\/noticiasmercedinas.com\/site\/#organization","name":"NOTICIASMERCEDINAS.COM","url":"https:\/\/noticiasmercedinas.com\/site\/","logo":{"@type":"ImageObject","inLanguage":"es","@id":"https:\/\/noticiasmercedinas.com\/site\/#\/schema\/logo\/image\/","url":"https:\/\/noticiasmercedinas.com\/site\/wp-content\/uploads\/2020\/06\/LOGO-512.jpg","contentUrl":"https:\/\/noticiasmercedinas.com\/site\/wp-content\/uploads\/2020\/06\/LOGO-512.jpg","width":512,"height":512,"caption":"NOTICIASMERCEDINAS.COM"},"image":{"@id":"https:\/\/noticiasmercedinas.com\/site\/#\/schema\/logo\/image\/"},"sameAs":["https:\/\/www.facebook.com\/noticiasmercedinas\/","https:\/\/x.com\/notmercedinas","https:\/\/www.instagram.com\/noticiasmercedinas\/"]},{"@type":"Person","@id":"https:\/\/noticiasmercedinas.com\/site\/#\/schema\/person\/84b59c099c28ff2e8b77d4ceec5d8063","name":"NOTICIASMERCEDINAS.COM","image":{"@type":"ImageObject","inLanguage":"es","@id":"https:\/\/secure.gravatar.com\/avatar\/4dfbf16b4d17945bfb6341b2d19043457132fcf478a5ee04f42e959fd8f5df0a?s=96&d=mm&r=g","url":"https:\/\/secure.gravatar.com\/avatar\/4dfbf16b4d17945bfb6341b2d19043457132fcf478a5ee04f42e959fd8f5df0a?s=96&d=mm&r=g","contentUrl":"https:\/\/secure.gravatar.com\/avatar\/4dfbf16b4d17945bfb6341b2d19043457132fcf478a5ee04f42e959fd8f5df0a?s=96&d=mm&r=g","caption":"NOTICIASMERCEDINAS.COM"},"url":"https:\/\/noticiasmercedinas.com\/site\/author\/anonimo\/"}]}},"amp_enabled":true,"_links":{"self":[{"href":"https:\/\/noticiasmercedinas.com\/site\/wp-json\/wp\/v2\/posts\/59199","targetHints":{"allow":["GET"]}}],"collection":[{"href":"https:\/\/noticiasmercedinas.com\/site\/wp-json\/wp\/v2\/posts"}],"about":[{"href":"https:\/\/noticiasmercedinas.com\/site\/wp-json\/wp\/v2\/types\/post"}],"author":[{"embeddable":true,"href":"https:\/\/noticiasmercedinas.com\/site\/wp-json\/wp\/v2\/users\/16"}],"replies":[{"embeddable":true,"href":"https:\/\/noticiasmercedinas.com\/site\/wp-json\/wp\/v2\/comments?post=59199"}],"version-history":[{"count":3,"href":"https:\/\/noticiasmercedinas.com\/site\/wp-json\/wp\/v2\/posts\/59199\/revisions"}],"predecessor-version":[{"id":59203,"href":"https:\/\/noticiasmercedinas.com\/site\/wp-json\/wp\/v2\/posts\/59199\/revisions\/59203"}],"wp:featuredmedia":[{"embeddable":true,"href":"https:\/\/noticiasmercedinas.com\/site\/wp-json\/wp\/v2\/media\/59200"}],"wp:attachment":[{"href":"https:\/\/noticiasmercedinas.com\/site\/wp-json\/wp\/v2\/media?parent=59199"}],"wp:term":[{"taxonomy":"category","embeddable":true,"href":"https:\/\/noticiasmercedinas.com\/site\/wp-json\/wp\/v2\/categories?post=59199"},{"taxonomy":"post_tag","embeddable":true,"href":"https:\/\/noticiasmercedinas.com\/site\/wp-json\/wp\/v2\/tags?post=59199"}],"curies":[{"name":"wp","href":"https:\/\/api.w.org\/{rel}","templated":true}]}}