{"id":59258,"date":"2020-12-31T09:11:11","date_gmt":"2020-12-31T12:11:11","guid":{"rendered":"https:\/\/noticiasmercedinas.com\/site\/?p=59258"},"modified":"2020-12-31T09:11:53","modified_gmt":"2020-12-31T12:11:53","slug":"selva-y-diputados-del-frente-de-todos-se-reunieron-con-alberto-fernandez","status":"publish","type":"post","link":"https:\/\/noticiasmercedinas.com\/site\/2020\/12\/31\/selva-y-diputados-del-frente-de-todos-se-reunieron-con-alberto-fernandez\/","title":{"rendered":"Selva y diputados del Frente de Todos se reunieron con Alberto Fern\u00e1ndez"},"content":{"rendered":"<p><img loading=\"lazy\" decoding=\"async\" class=\"alignnone size-full wp-image-59257\" src=\"https:\/\/noticiasmercedinas.com\/site\/wp-content\/uploads\/2020\/12\/facebook_1609415850459_6750379339247957005.jpg\" width=\"1279\" height=\"852\" srcset=\"https:\/\/noticiasmercedinas.com\/site\/wp-content\/uploads\/2020\/12\/facebook_1609415850459_6750379339247957005.jpg 1279w, https:\/\/noticiasmercedinas.com\/site\/wp-content\/uploads\/2020\/12\/facebook_1609415850459_6750379339247957005-300x200.jpg 300w, https:\/\/noticiasmercedinas.com\/site\/wp-content\/uploads\/2020\/12\/facebook_1609415850459_6750379339247957005-1024x682.jpg 1024w, https:\/\/noticiasmercedinas.com\/site\/wp-content\/uploads\/2020\/12\/facebook_1609415850459_6750379339247957005-768x512.jpg 768w, https:\/\/noticiasmercedinas.com\/site\/wp-content\/uploads\/2020\/12\/facebook_1609415850459_6750379339247957005-640x426.jpg 640w, https:\/\/noticiasmercedinas.com\/site\/wp-content\/uploads\/2020\/12\/facebook_1609415850459_6750379339247957005-681x454.jpg 681w\" sizes=\"auto, (max-width: 1279px) 100vw, 1279px\" \/><\/p>\n<p>\u00abEsta tarde nos reunimos los diputados y las diputadas del Frente de Todos con nuestro Presidente Alberto Fern\u00e1ndez, para hacer un balance legislativo del a\u00f1o y encarar los desaf\u00edos del 2021 para seguir poniendo a la Argentina de pie\u00bb, coment\u00f3 el Diputado nacional Carlos Selva sobre lo sucedido ayer.<\/p>\n<p>Es que Selva y sus pares de bloque mantuvieron un encuentro de cierre de a\u00f1o en la Residencia de Olivos. En el marco de un brindis el presidente les pidi\u00f3 trabajar en 2021 en el proyecto de reforma judicial, que fue enviado al Congreso y cuenta con la media sanci\u00f3n del Senado.<\/p>\n<p>Fern\u00e1ndez encabez\u00f3 la reuni\u00f3n junto al jefe de Gabinete, Santiago Cafiero; el ministro del Interior, Eduardo de Pedro; el presidente de la C\u00e1mara de Diputados, Sergio Massa; y el jefe del bloque de la C\u00e1mara baja del Frente de Todos, M\u00e1ximo Kirchner.<\/p>\n<p>En el encuentro se realiz\u00f3 un balance legislativo del a\u00f1o y los desaf\u00edos parlamentarios para el a\u00f1o entrante.<\/p>\n<p>Tambi\u00e9n estuvieron el secretario general de la Presidencia, Julio Vitobello; y el secretario de Relaciones Parlamentarias de la Jefatura de Gabinete, Fernando Navarro.<\/p>\n<p>Del brindis, participaron 62 diputados nacionales en forma presencial y el resto de los integrantes del bloque, compuesto por 119 legisladores, por la aplicaci\u00f3n Zoom.<\/p>\n<p>El Presidente alent\u00f3 a los diputados \u00aba seguir trabajando de esta manera, no bajar los brazos\u00bb.<\/p>\n<p>El mejoramiento de la Justicia fue uno de los pilares sobre el que el presidente Alberto Fern\u00e1ndez mont\u00f3 su modelo de Gobierno, tal como lo expres\u00f3 en su primer mensaje ante la Asamblea Legislativa, luego materializado en un proyecto de ley para la reforma judicial, que cuenta con media sanci\u00f3n, y en la creaci\u00f3n de un comit\u00e9 de expertos que le present\u00f3 al mandatario recomendaciones para encarar cambios de fondo en el Poder Judicial.<\/p>\n<p>En la Asamblea Legislativa del 1 de marzo, el Presidente plante\u00f3 la necesidad de un \u00abreordenamiento de la Justicia Federal\u00bb que \u00abevite el cajoneo o la activaci\u00f3n de expedientes en funci\u00f3n de los tiempos pol\u00edticos, que impida la construcci\u00f3n de falsas causas, que acabe con la arbitrariedad en materia de detenciones y que impida para siempre que la discrecionalidad judicial reemplace a las normas del Derecho\u00bb.<\/p>\n<p>El proyecto fue enviado al Congreso el 29 de julio tras una presentaci\u00f3n p\u00fablica de las que participaron el jefe de Gabinete, Santiago Cafiero y la ministra de Justicia y Derechos Humanos, Marcela Losardo.<\/p>\n<p>Transcurr\u00edan tres meses de pandemia por coronavirus cuando la iniciativa ingres\u00f3 al Senado, donde luego de un mes de debate obtuvo el 27 de agosto la media sanci\u00f3n con el respaldo de los representantes del Frente de Todos y sus aliados, y la oposici\u00f3n de los senadores de Juntos por el Cambio.<\/p>\n<p>El proyecto fue remitido luego a la C\u00e1mara de Diputados, donde actualmente se analiza su contenido mientras espera su tratamiento.<\/p>\n","protected":false},"excerpt":{"rendered":"<p>\u25a0 Junto a miembros de su gabinete, brind\u00f3 con ellos y los alent\u00f3 a seguir trabajando. Alberto hizo un balance del a\u00f1o y breg\u00f3 por un pronto reordenamiento de la Justicia Federal <\/p>\n","protected":false},"author":16,"featured_media":59257,"comment_status":"open","ping_status":"open","sticky":false,"template":"","format":"standard","meta":{"footnotes":""},"categories":[16],"tags":[551,318,174,2935,5299],"class_list":["post-59258","post","type-post","status-publish","format-standard","has-post-thumbnail","hentry","category-politica","tag-alberto-fernandez","tag-carlos-selva","tag-diputados","tag-fin-de-ano","tag-frente-de-todos"],"yoast_head":"<!-- This site is optimized with the Yoast SEO plugin v27.5 - https:\/\/yoast.com\/product\/yoast-seo-wordpress\/ -->\n<title>Selva y diputados del Frente de Todos se reunieron con Alberto Fern\u00e1ndez<\/title>\n<meta name=\"robots\" content=\"index, follow, max-snippet:-1, max-image-preview:large, max-video-preview:-1\" \/>\n<link rel=\"canonical\" href=\"https:\/\/noticiasmercedinas.com\/site\/2020\/12\/31\/selva-y-diputados-del-frente-de-todos-se-reunieron-con-alberto-fernandez\/\" \/>\n<meta property=\"og:locale\" content=\"es_ES\" \/>\n<meta property=\"og:type\" content=\"article\" \/>\n<meta property=\"og:title\" content=\"Selva y diputados del Frente de Todos se reunieron con Alberto Fern\u00e1ndez\" \/>\n<meta property=\"og:description\" content=\"\u25a0 Junto a miembros de su gabinete, brind\u00f3 con ellos y los alent\u00f3 a seguir trabajando. Alberto hizo un balance del a\u00f1o y breg\u00f3 por un pronto reordenamiento de la Justicia Federal\" \/>\n<meta property=\"og:url\" content=\"https:\/\/noticiasmercedinas.com\/site\/2020\/12\/31\/selva-y-diputados-del-frente-de-todos-se-reunieron-con-alberto-fernandez\/\" \/>\n<meta property=\"og:site_name\" content=\"NOTICIASMERCEDINAS.COM\" \/>\n<meta property=\"article:publisher\" content=\"https:\/\/www.facebook.com\/noticiasmercedinas\/\" \/>\n<meta property=\"article:published_time\" content=\"2020-12-31T12:11:11+00:00\" \/>\n<meta property=\"article:modified_time\" content=\"2020-12-31T12:11:53+00:00\" \/>\n<meta property=\"og:image\" content=\"https:\/\/noticiasmercedinas.com\/site\/wp-content\/uploads\/2020\/12\/facebook_1609415850459_6750379339247957005.jpg\" \/>\n\t<meta property=\"og:image:width\" content=\"1279\" \/>\n\t<meta property=\"og:image:height\" content=\"852\" \/>\n\t<meta property=\"og:image:type\" content=\"image\/jpeg\" \/>\n<meta name=\"author\" content=\"NOTICIASMERCEDINAS.COM\" \/>\n<meta name=\"twitter:card\" content=\"summary_large_image\" \/>\n<meta name=\"twitter:creator\" content=\"@notmercedinas\" \/>\n<meta name=\"twitter:site\" content=\"@notmercedinas\" \/>\n<meta name=\"twitter:label1\" content=\"Escrito por\" \/>\n\t<meta name=\"twitter:data1\" content=\"NOTICIASMERCEDINAS.COM\" \/>\n\t<meta name=\"twitter:label2\" content=\"Tiempo de lectura\" \/>\n\t<meta name=\"twitter:data2\" content=\"2 minutos\" \/>\n<script type=\"application\/ld+json\" class=\"yoast-schema-graph\">{\"@context\":\"https:\\\/\\\/schema.org\",\"@graph\":[{\"@type\":\"Article\",\"@id\":\"https:\\\/\\\/noticiasmercedinas.com\\\/site\\\/2020\\\/12\\\/31\\\/selva-y-diputados-del-frente-de-todos-se-reunieron-con-alberto-fernandez\\\/#article\",\"isPartOf\":{\"@id\":\"https:\\\/\\\/noticiasmercedinas.com\\\/site\\\/2020\\\/12\\\/31\\\/selva-y-diputados-del-frente-de-todos-se-reunieron-con-alberto-fernandez\\\/\"},\"author\":{\"name\":\"NOTICIASMERCEDINAS.COM\",\"@id\":\"https:\\\/\\\/noticiasmercedinas.com\\\/site\\\/#\\\/schema\\\/person\\\/84b59c099c28ff2e8b77d4ceec5d8063\"},\"headline\":\"Selva y diputados del Frente de Todos se reunieron con Alberto Fern\u00e1ndez\",\"datePublished\":\"2020-12-31T12:11:11+00:00\",\"dateModified\":\"2020-12-31T12:11:53+00:00\",\"mainEntityOfPage\":{\"@id\":\"https:\\\/\\\/noticiasmercedinas.com\\\/site\\\/2020\\\/12\\\/31\\\/selva-y-diputados-del-frente-de-todos-se-reunieron-con-alberto-fernandez\\\/\"},\"wordCount\":505,\"commentCount\":0,\"publisher\":{\"@id\":\"https:\\\/\\\/noticiasmercedinas.com\\\/site\\\/#organization\"},\"image\":{\"@id\":\"https:\\\/\\\/noticiasmercedinas.com\\\/site\\\/2020\\\/12\\\/31\\\/selva-y-diputados-del-frente-de-todos-se-reunieron-con-alberto-fernandez\\\/#primaryimage\"},\"thumbnailUrl\":\"https:\\\/\\\/noticiasmercedinas.com\\\/site\\\/wp-content\\\/uploads\\\/2020\\\/12\\\/facebook_1609415850459_6750379339247957005.jpg\",\"keywords\":[\"Alberto Fern\u00e1ndez\",\"carlos selva\",\"diputados\",\"fin de a\u00f1o\",\"Frente de Todos\"],\"articleSection\":[\"Politica\"],\"inLanguage\":\"es\",\"potentialAction\":[{\"@type\":\"CommentAction\",\"name\":\"Comment\",\"target\":[\"https:\\\/\\\/noticiasmercedinas.com\\\/site\\\/2020\\\/12\\\/31\\\/selva-y-diputados-del-frente-de-todos-se-reunieron-con-alberto-fernandez\\\/#respond\"]}]},{\"@type\":\"WebPage\",\"@id\":\"https:\\\/\\\/noticiasmercedinas.com\\\/site\\\/2020\\\/12\\\/31\\\/selva-y-diputados-del-frente-de-todos-se-reunieron-con-alberto-fernandez\\\/\",\"url\":\"https:\\\/\\\/noticiasmercedinas.com\\\/site\\\/2020\\\/12\\\/31\\\/selva-y-diputados-del-frente-de-todos-se-reunieron-con-alberto-fernandez\\\/\",\"name\":\"Selva y diputados del Frente de Todos se reunieron con Alberto Fern\u00e1ndez\",\"isPartOf\":{\"@id\":\"https:\\\/\\\/noticiasmercedinas.com\\\/site\\\/#website\"},\"primaryImageOfPage\":{\"@id\":\"https:\\\/\\\/noticiasmercedinas.com\\\/site\\\/2020\\\/12\\\/31\\\/selva-y-diputados-del-frente-de-todos-se-reunieron-con-alberto-fernandez\\\/#primaryimage\"},\"image\":{\"@id\":\"https:\\\/\\\/noticiasmercedinas.com\\\/site\\\/2020\\\/12\\\/31\\\/selva-y-diputados-del-frente-de-todos-se-reunieron-con-alberto-fernandez\\\/#primaryimage\"},\"thumbnailUrl\":\"https:\\\/\\\/noticiasmercedinas.com\\\/site\\\/wp-content\\\/uploads\\\/2020\\\/12\\\/facebook_1609415850459_6750379339247957005.jpg\",\"datePublished\":\"2020-12-31T12:11:11+00:00\",\"dateModified\":\"2020-12-31T12:11:53+00:00\",\"breadcrumb\":{\"@id\":\"https:\\\/\\\/noticiasmercedinas.com\\\/site\\\/2020\\\/12\\\/31\\\/selva-y-diputados-del-frente-de-todos-se-reunieron-con-alberto-fernandez\\\/#breadcrumb\"},\"inLanguage\":\"es\",\"potentialAction\":[{\"@type\":\"ReadAction\",\"target\":[\"https:\\\/\\\/noticiasmercedinas.com\\\/site\\\/2020\\\/12\\\/31\\\/selva-y-diputados-del-frente-de-todos-se-reunieron-con-alberto-fernandez\\\/\"]}]},{\"@type\":\"ImageObject\",\"inLanguage\":\"es\",\"@id\":\"https:\\\/\\\/noticiasmercedinas.com\\\/site\\\/2020\\\/12\\\/31\\\/selva-y-diputados-del-frente-de-todos-se-reunieron-con-alberto-fernandez\\\/#primaryimage\",\"url\":\"https:\\\/\\\/noticiasmercedinas.com\\\/site\\\/wp-content\\\/uploads\\\/2020\\\/12\\\/facebook_1609415850459_6750379339247957005.jpg\",\"contentUrl\":\"https:\\\/\\\/noticiasmercedinas.com\\\/site\\\/wp-content\\\/uploads\\\/2020\\\/12\\\/facebook_1609415850459_6750379339247957005.jpg\",\"width\":1279,\"height\":852},{\"@type\":\"BreadcrumbList\",\"@id\":\"https:\\\/\\\/noticiasmercedinas.com\\\/site\\\/2020\\\/12\\\/31\\\/selva-y-diputados-del-frente-de-todos-se-reunieron-con-alberto-fernandez\\\/#breadcrumb\",\"itemListElement\":[{\"@type\":\"ListItem\",\"position\":1,\"name\":\"Portada\",\"item\":\"https:\\\/\\\/noticiasmercedinas.com\\\/site\\\/\"},{\"@type\":\"ListItem\",\"position\":2,\"name\":\"Selva y diputados del Frente de Todos se reunieron con Alberto Fern\u00e1ndez\"}]},{\"@type\":\"WebSite\",\"@id\":\"https:\\\/\\\/noticiasmercedinas.com\\\/site\\\/#website\",\"url\":\"https:\\\/\\\/noticiasmercedinas.com\\\/site\\\/\",\"name\":\"NOTICIASMERCEDINAS.COM\",\"description\":\"Mercedes, Buenos Aires, Argentina\",\"publisher\":{\"@id\":\"https:\\\/\\\/noticiasmercedinas.com\\\/site\\\/#organization\"},\"potentialAction\":[{\"@type\":\"SearchAction\",\"target\":{\"@type\":\"EntryPoint\",\"urlTemplate\":\"https:\\\/\\\/noticiasmercedinas.com\\\/site\\\/?s={search_term_string}\"},\"query-input\":{\"@type\":\"PropertyValueSpecification\",\"valueRequired\":true,\"valueName\":\"search_term_string\"}}],\"inLanguage\":\"es\"},{\"@type\":\"Organization\",\"@id\":\"https:\\\/\\\/noticiasmercedinas.com\\\/site\\\/#organization\",\"name\":\"NOTICIASMERCEDINAS.COM\",\"url\":\"https:\\\/\\\/noticiasmercedinas.com\\\/site\\\/\",\"logo\":{\"@type\":\"ImageObject\",\"inLanguage\":\"es\",\"@id\":\"https:\\\/\\\/noticiasmercedinas.com\\\/site\\\/#\\\/schema\\\/logo\\\/image\\\/\",\"url\":\"https:\\\/\\\/noticiasmercedinas.com\\\/site\\\/wp-content\\\/uploads\\\/2020\\\/06\\\/LOGO-512.jpg\",\"contentUrl\":\"https:\\\/\\\/noticiasmercedinas.com\\\/site\\\/wp-content\\\/uploads\\\/2020\\\/06\\\/LOGO-512.jpg\",\"width\":512,\"height\":512,\"caption\":\"NOTICIASMERCEDINAS.COM\"},\"image\":{\"@id\":\"https:\\\/\\\/noticiasmercedinas.com\\\/site\\\/#\\\/schema\\\/logo\\\/image\\\/\"},\"sameAs\":[\"https:\\\/\\\/www.facebook.com\\\/noticiasmercedinas\\\/\",\"https:\\\/\\\/x.com\\\/notmercedinas\",\"https:\\\/\\\/www.instagram.com\\\/noticiasmercedinas\\\/\"]},{\"@type\":\"Person\",\"@id\":\"https:\\\/\\\/noticiasmercedinas.com\\\/site\\\/#\\\/schema\\\/person\\\/84b59c099c28ff2e8b77d4ceec5d8063\",\"name\":\"NOTICIASMERCEDINAS.COM\",\"image\":{\"@type\":\"ImageObject\",\"inLanguage\":\"es\",\"@id\":\"https:\\\/\\\/secure.gravatar.com\\\/avatar\\\/4dfbf16b4d17945bfb6341b2d19043457132fcf478a5ee04f42e959fd8f5df0a?s=96&d=mm&r=g\",\"url\":\"https:\\\/\\\/secure.gravatar.com\\\/avatar\\\/4dfbf16b4d17945bfb6341b2d19043457132fcf478a5ee04f42e959fd8f5df0a?s=96&d=mm&r=g\",\"contentUrl\":\"https:\\\/\\\/secure.gravatar.com\\\/avatar\\\/4dfbf16b4d17945bfb6341b2d19043457132fcf478a5ee04f42e959fd8f5df0a?s=96&d=mm&r=g\",\"caption\":\"NOTICIASMERCEDINAS.COM\"},\"url\":\"https:\\\/\\\/noticiasmercedinas.com\\\/site\\\/author\\\/anonimo\\\/\"}]}<\/script>\n<!-- \/ Yoast SEO plugin. -->","yoast_head_json":{"title":"Selva y diputados del Frente de Todos se reunieron con Alberto Fern\u00e1ndez","robots":{"index":"index","follow":"follow","max-snippet":"max-snippet:-1","max-image-preview":"max-image-preview:large","max-video-preview":"max-video-preview:-1"},"canonical":"https:\/\/noticiasmercedinas.com\/site\/2020\/12\/31\/selva-y-diputados-del-frente-de-todos-se-reunieron-con-alberto-fernandez\/","og_locale":"es_ES","og_type":"article","og_title":"Selva y diputados del Frente de Todos se reunieron con Alberto Fern\u00e1ndez","og_description":"\u25a0 Junto a miembros de su gabinete, brind\u00f3 con ellos y los alent\u00f3 a seguir trabajando. Alberto hizo un balance del a\u00f1o y breg\u00f3 por un pronto reordenamiento de la Justicia Federal","og_url":"https:\/\/noticiasmercedinas.com\/site\/2020\/12\/31\/selva-y-diputados-del-frente-de-todos-se-reunieron-con-alberto-fernandez\/","og_site_name":"NOTICIASMERCEDINAS.COM","article_publisher":"https:\/\/www.facebook.com\/noticiasmercedinas\/","article_published_time":"2020-12-31T12:11:11+00:00","article_modified_time":"2020-12-31T12:11:53+00:00","og_image":[{"width":1279,"height":852,"url":"https:\/\/noticiasmercedinas.com\/site\/wp-content\/uploads\/2020\/12\/facebook_1609415850459_6750379339247957005.jpg","type":"image\/jpeg"}],"author":"NOTICIASMERCEDINAS.COM","twitter_card":"summary_large_image","twitter_creator":"@notmercedinas","twitter_site":"@notmercedinas","twitter_misc":{"Escrito por":"NOTICIASMERCEDINAS.COM","Tiempo de lectura":"2 minutos"},"schema":{"@context":"https:\/\/schema.org","@graph":[{"@type":"Article","@id":"https:\/\/noticiasmercedinas.com\/site\/2020\/12\/31\/selva-y-diputados-del-frente-de-todos-se-reunieron-con-alberto-fernandez\/#article","isPartOf":{"@id":"https:\/\/noticiasmercedinas.com\/site\/2020\/12\/31\/selva-y-diputados-del-frente-de-todos-se-reunieron-con-alberto-fernandez\/"},"author":{"name":"NOTICIASMERCEDINAS.COM","@id":"https:\/\/noticiasmercedinas.com\/site\/#\/schema\/person\/84b59c099c28ff2e8b77d4ceec5d8063"},"headline":"Selva y diputados del Frente de Todos se reunieron con Alberto Fern\u00e1ndez","datePublished":"2020-12-31T12:11:11+00:00","dateModified":"2020-12-31T12:11:53+00:00","mainEntityOfPage":{"@id":"https:\/\/noticiasmercedinas.com\/site\/2020\/12\/31\/selva-y-diputados-del-frente-de-todos-se-reunieron-con-alberto-fernandez\/"},"wordCount":505,"commentCount":0,"publisher":{"@id":"https:\/\/noticiasmercedinas.com\/site\/#organization"},"image":{"@id":"https:\/\/noticiasmercedinas.com\/site\/2020\/12\/31\/selva-y-diputados-del-frente-de-todos-se-reunieron-con-alberto-fernandez\/#primaryimage"},"thumbnailUrl":"https:\/\/noticiasmercedinas.com\/site\/wp-content\/uploads\/2020\/12\/facebook_1609415850459_6750379339247957005.jpg","keywords":["Alberto Fern\u00e1ndez","carlos selva","diputados","fin de a\u00f1o","Frente de Todos"],"articleSection":["Politica"],"inLanguage":"es","potentialAction":[{"@type":"CommentAction","name":"Comment","target":["https:\/\/noticiasmercedinas.com\/site\/2020\/12\/31\/selva-y-diputados-del-frente-de-todos-se-reunieron-con-alberto-fernandez\/#respond"]}]},{"@type":"WebPage","@id":"https:\/\/noticiasmercedinas.com\/site\/2020\/12\/31\/selva-y-diputados-del-frente-de-todos-se-reunieron-con-alberto-fernandez\/","url":"https:\/\/noticiasmercedinas.com\/site\/2020\/12\/31\/selva-y-diputados-del-frente-de-todos-se-reunieron-con-alberto-fernandez\/","name":"Selva y diputados del Frente de Todos se reunieron con Alberto Fern\u00e1ndez","isPartOf":{"@id":"https:\/\/noticiasmercedinas.com\/site\/#website"},"primaryImageOfPage":{"@id":"https:\/\/noticiasmercedinas.com\/site\/2020\/12\/31\/selva-y-diputados-del-frente-de-todos-se-reunieron-con-alberto-fernandez\/#primaryimage"},"image":{"@id":"https:\/\/noticiasmercedinas.com\/site\/2020\/12\/31\/selva-y-diputados-del-frente-de-todos-se-reunieron-con-alberto-fernandez\/#primaryimage"},"thumbnailUrl":"https:\/\/noticiasmercedinas.com\/site\/wp-content\/uploads\/2020\/12\/facebook_1609415850459_6750379339247957005.jpg","datePublished":"2020-12-31T12:11:11+00:00","dateModified":"2020-12-31T12:11:53+00:00","breadcrumb":{"@id":"https:\/\/noticiasmercedinas.com\/site\/2020\/12\/31\/selva-y-diputados-del-frente-de-todos-se-reunieron-con-alberto-fernandez\/#breadcrumb"},"inLanguage":"es","potentialAction":[{"@type":"ReadAction","target":["https:\/\/noticiasmercedinas.com\/site\/2020\/12\/31\/selva-y-diputados-del-frente-de-todos-se-reunieron-con-alberto-fernandez\/"]}]},{"@type":"ImageObject","inLanguage":"es","@id":"https:\/\/noticiasmercedinas.com\/site\/2020\/12\/31\/selva-y-diputados-del-frente-de-todos-se-reunieron-con-alberto-fernandez\/#primaryimage","url":"https:\/\/noticiasmercedinas.com\/site\/wp-content\/uploads\/2020\/12\/facebook_1609415850459_6750379339247957005.jpg","contentUrl":"https:\/\/noticiasmercedinas.com\/site\/wp-content\/uploads\/2020\/12\/facebook_1609415850459_6750379339247957005.jpg","width":1279,"height":852},{"@type":"BreadcrumbList","@id":"https:\/\/noticiasmercedinas.com\/site\/2020\/12\/31\/selva-y-diputados-del-frente-de-todos-se-reunieron-con-alberto-fernandez\/#breadcrumb","itemListElement":[{"@type":"ListItem","position":1,"name":"Portada","item":"https:\/\/noticiasmercedinas.com\/site\/"},{"@type":"ListItem","position":2,"name":"Selva y diputados del Frente de Todos se reunieron con Alberto Fern\u00e1ndez"}]},{"@type":"WebSite","@id":"https:\/\/noticiasmercedinas.com\/site\/#website","url":"https:\/\/noticiasmercedinas.com\/site\/","name":"NOTICIASMERCEDINAS.COM","description":"Mercedes, Buenos Aires, Argentina","publisher":{"@id":"https:\/\/noticiasmercedinas.com\/site\/#organization"},"potentialAction":[{"@type":"SearchAction","target":{"@type":"EntryPoint","urlTemplate":"https:\/\/noticiasmercedinas.com\/site\/?s={search_term_string}"},"query-input":{"@type":"PropertyValueSpecification","valueRequired":true,"valueName":"search_term_string"}}],"inLanguage":"es"},{"@type":"Organization","@id":"https:\/\/noticiasmercedinas.com\/site\/#organization","name":"NOTICIASMERCEDINAS.COM","url":"https:\/\/noticiasmercedinas.com\/site\/","logo":{"@type":"ImageObject","inLanguage":"es","@id":"https:\/\/noticiasmercedinas.com\/site\/#\/schema\/logo\/image\/","url":"https:\/\/noticiasmercedinas.com\/site\/wp-content\/uploads\/2020\/06\/LOGO-512.jpg","contentUrl":"https:\/\/noticiasmercedinas.com\/site\/wp-content\/uploads\/2020\/06\/LOGO-512.jpg","width":512,"height":512,"caption":"NOTICIASMERCEDINAS.COM"},"image":{"@id":"https:\/\/noticiasmercedinas.com\/site\/#\/schema\/logo\/image\/"},"sameAs":["https:\/\/www.facebook.com\/noticiasmercedinas\/","https:\/\/x.com\/notmercedinas","https:\/\/www.instagram.com\/noticiasmercedinas\/"]},{"@type":"Person","@id":"https:\/\/noticiasmercedinas.com\/site\/#\/schema\/person\/84b59c099c28ff2e8b77d4ceec5d8063","name":"NOTICIASMERCEDINAS.COM","image":{"@type":"ImageObject","inLanguage":"es","@id":"https:\/\/secure.gravatar.com\/avatar\/4dfbf16b4d17945bfb6341b2d19043457132fcf478a5ee04f42e959fd8f5df0a?s=96&d=mm&r=g","url":"https:\/\/secure.gravatar.com\/avatar\/4dfbf16b4d17945bfb6341b2d19043457132fcf478a5ee04f42e959fd8f5df0a?s=96&d=mm&r=g","contentUrl":"https:\/\/secure.gravatar.com\/avatar\/4dfbf16b4d17945bfb6341b2d19043457132fcf478a5ee04f42e959fd8f5df0a?s=96&d=mm&r=g","caption":"NOTICIASMERCEDINAS.COM"},"url":"https:\/\/noticiasmercedinas.com\/site\/author\/anonimo\/"}]}},"amp_enabled":true,"_links":{"self":[{"href":"https:\/\/noticiasmercedinas.com\/site\/wp-json\/wp\/v2\/posts\/59258","targetHints":{"allow":["GET"]}}],"collection":[{"href":"https:\/\/noticiasmercedinas.com\/site\/wp-json\/wp\/v2\/posts"}],"about":[{"href":"https:\/\/noticiasmercedinas.com\/site\/wp-json\/wp\/v2\/types\/post"}],"author":[{"embeddable":true,"href":"https:\/\/noticiasmercedinas.com\/site\/wp-json\/wp\/v2\/users\/16"}],"replies":[{"embeddable":true,"href":"https:\/\/noticiasmercedinas.com\/site\/wp-json\/wp\/v2\/comments?post=59258"}],"version-history":[{"count":3,"href":"https:\/\/noticiasmercedinas.com\/site\/wp-json\/wp\/v2\/posts\/59258\/revisions"}],"predecessor-version":[{"id":59261,"href":"https:\/\/noticiasmercedinas.com\/site\/wp-json\/wp\/v2\/posts\/59258\/revisions\/59261"}],"wp:featuredmedia":[{"embeddable":true,"href":"https:\/\/noticiasmercedinas.com\/site\/wp-json\/wp\/v2\/media\/59257"}],"wp:attachment":[{"href":"https:\/\/noticiasmercedinas.com\/site\/wp-json\/wp\/v2\/media?parent=59258"}],"wp:term":[{"taxonomy":"category","embeddable":true,"href":"https:\/\/noticiasmercedinas.com\/site\/wp-json\/wp\/v2\/categories?post=59258"},{"taxonomy":"post_tag","embeddable":true,"href":"https:\/\/noticiasmercedinas.com\/site\/wp-json\/wp\/v2\/tags?post=59258"}],"curies":[{"name":"wp","href":"https:\/\/api.w.org\/{rel}","templated":true}]}}