{"id":59262,"date":"2020-12-31T09:35:04","date_gmt":"2020-12-31T12:35:04","guid":{"rendered":"https:\/\/noticiasmercedinas.com\/site\/?p=59262"},"modified":"2021-01-06T06:09:12","modified_gmt":"2021-01-06T09:09:12","slug":"la-ive-es-producto-de-la-lucha-colectiva-de-decadas","status":"publish","type":"post","link":"https:\/\/noticiasmercedinas.com\/site\/2020\/12\/31\/la-ive-es-producto-de-la-lucha-colectiva-de-decadas\/","title":{"rendered":"\u00abLa IVE es producto de la lucha colectiva de d\u00e9cadas\u00bb"},"content":{"rendered":"<p><img loading=\"lazy\" decoding=\"async\" class=\"alignnone size-full wp-image-59265\" src=\"https:\/\/noticiasmercedinas.com\/site\/wp-content\/uploads\/2020\/12\/aborto1111.jpg\" alt=\"\" width=\"700\" height=\"460\" srcset=\"https:\/\/noticiasmercedinas.com\/site\/wp-content\/uploads\/2020\/12\/aborto1111.jpg 700w, https:\/\/noticiasmercedinas.com\/site\/wp-content\/uploads\/2020\/12\/aborto1111-300x197.jpg 300w, https:\/\/noticiasmercedinas.com\/site\/wp-content\/uploads\/2020\/12\/aborto1111-640x421.jpg 640w, https:\/\/noticiasmercedinas.com\/site\/wp-content\/uploads\/2020\/12\/aborto1111-681x448.jpg 681w\" sizes=\"auto, (max-width: 700px) 100vw, 700px\" \/><\/p>\n<p>La concejala <strong>Mariana San Mart\u00edn<\/strong>, del bloque del Frente de Todos, se manifest\u00f3 contenta por la aprobaci\u00f3n de la Ley de Interrupci\u00f3n Voluntaria del Embarazo, y remarc\u00f3 que es el producto de una lucha colectiva.<\/p>\n<p>\u201cCreo que los argentinos y argentinas hicimos historia, el pa\u00eds es m\u00e1s justo. Y no s\u00f3lo por la aprobaci\u00f3n de la Ley de Interrupci\u00f3n Voluntaria del Embarazo sino porque viene de la mano de lo que es el programa Mil D\u00edas para el cuidado integral de la persona gestante y sus ni\u00f1os. Es un programa que tenemos el orgullo de que se ha implementado en Mercedes desde hace un tiempo por decisi\u00f3n del intendente, y hoy vemos para algunas infancias y sus madres la mejora\u201d, sostuvo.<\/p>\n<p>\u201cLa IVE es producto de la lucha colectiva de d\u00e9cadas, de mujeres que se pusieron al frente de esta lucha y se vio el resultado gracias a un Estado que amplia derechos y se pone al frente de un tema de salud p\u00fabica. Como pa\u00eds tenemos una larga historia de ampliar derechos y de estar al tanto mancomunadamente de cuidar esos derechos\u201d, dijo la concejala San Mart\u00edn.<\/p>\n<blockquote><p>\u00abCreo que los argentinos y argentinas hicimos historia, el pa\u00eds es m\u00e1s justo. Y no s\u00f3lo por la aprobaci\u00f3n de la Ley de Interrupci\u00f3n Voluntaria del Embarazo sino porque viene de la mano de lo que es el programa Mil D\u00edas para el cuidado integral de la persona gestante y sus ni\u00f1os\u00bb<\/p><\/blockquote>\n<p>\u201cQued\u00f3 plasmado que esta no es una discusi\u00f3n de partidos pol\u00edticos sino trasversal ya que todos estuvieron en su mayor\u00eda de acuerdo con la aprobaci\u00f3n de esta ley, que no se trata de aborto s\u00ed o aborto no, sino que se trata de clandestinidad s\u00ed o clandestinidad no. Y el conjunto de la sociedad en mayor\u00eda pidi\u00f3 esto y los senadores dieron el ejemplo de decir nunca m\u00e1s a la clandestinidad del aborto\u201d, agreg\u00f3 la concejala y precis\u00f3 que ahora habr\u00e1 mismas posibilidades para todos m\u00e1s all\u00e1 de la cuesti\u00f3n econ\u00f3mica.<\/p>\n<p>Algo a destacar para la edil es la existencia de la Educaci\u00f3n Sexual Integral. \u201cEstamos trabajando en un observatorio de esto en materia educativa y de esta manera la Interrupci\u00f3n Voluntaria del Embarazo puede ser la \u00faltima opci\u00f3n\u201d, opin\u00f3.<\/p>\n","protected":false},"excerpt":{"rendered":"<p>\u25a0 \u00abQued\u00f3 plasmado que esta no es una discusi\u00f3n de partidos pol\u00edticos sino trasversal ya que todos estuvieron en su mayor\u00eda de acuerdo con la aprobaci\u00f3n de esta ley\u00bb, dijo Mariana San Mart\u00edn<\/p>\n","protected":false},"author":16,"featured_media":59265,"comment_status":"open","ping_status":"open","sticky":false,"template":"","format":"standard","meta":{"footnotes":""},"categories":[16],"tags":[1754,11063,5041,156],"class_list":["post-59262","post","type-post","status-publish","format-standard","has-post-thumbnail","hentry","category-politica","tag-esi","tag-interrupcion-voluntaria-del-embarazo","tag-ive","tag-mariana-san-martin"],"yoast_head":"<!-- This site is optimized with the Yoast SEO plugin v27.5 - https:\/\/yoast.com\/product\/yoast-seo-wordpress\/ -->\n<title>&quot;La IVE es producto de la lucha colectiva de d\u00e9cadas&quot;<\/title>\n<meta name=\"robots\" content=\"index, follow, max-snippet:-1, max-image-preview:large, max-video-preview:-1\" \/>\n<link rel=\"canonical\" href=\"https:\/\/noticiasmercedinas.com\/site\/2020\/12\/31\/la-ive-es-producto-de-la-lucha-colectiva-de-decadas\/\" \/>\n<meta property=\"og:locale\" content=\"es_ES\" \/>\n<meta property=\"og:type\" content=\"article\" \/>\n<meta property=\"og:title\" content=\"&quot;La IVE es producto de la lucha colectiva de d\u00e9cadas&quot;\" \/>\n<meta property=\"og:description\" content=\"\u25a0 &quot;Qued\u00f3 plasmado que esta no es una discusi\u00f3n de partidos pol\u00edticos sino trasversal ya que todos estuvieron en su mayor\u00eda de acuerdo con la aprobaci\u00f3n de esta ley&quot;, dijo Mariana San Mart\u00edn\" \/>\n<meta property=\"og:url\" content=\"https:\/\/noticiasmercedinas.com\/site\/2020\/12\/31\/la-ive-es-producto-de-la-lucha-colectiva-de-decadas\/\" \/>\n<meta property=\"og:site_name\" content=\"NOTICIASMERCEDINAS.COM\" \/>\n<meta property=\"article:publisher\" content=\"https:\/\/www.facebook.com\/noticiasmercedinas\/\" \/>\n<meta property=\"article:published_time\" content=\"2020-12-31T12:35:04+00:00\" \/>\n<meta property=\"article:modified_time\" content=\"2021-01-06T09:09:12+00:00\" \/>\n<meta property=\"og:image\" content=\"https:\/\/noticiasmercedinas.com\/site\/wp-content\/uploads\/2020\/12\/aborto1111.jpg\" \/>\n\t<meta property=\"og:image:width\" content=\"700\" \/>\n\t<meta property=\"og:image:height\" content=\"460\" \/>\n\t<meta property=\"og:image:type\" content=\"image\/jpeg\" \/>\n<meta name=\"author\" content=\"NOTICIASMERCEDINAS.COM\" \/>\n<meta name=\"twitter:card\" content=\"summary_large_image\" \/>\n<meta name=\"twitter:creator\" content=\"@notmercedinas\" \/>\n<meta name=\"twitter:site\" content=\"@notmercedinas\" \/>\n<meta name=\"twitter:label1\" content=\"Escrito por\" \/>\n\t<meta name=\"twitter:data1\" content=\"NOTICIASMERCEDINAS.COM\" \/>\n\t<meta name=\"twitter:label2\" content=\"Tiempo de lectura\" \/>\n\t<meta name=\"twitter:data2\" content=\"2 minutos\" \/>\n<script type=\"application\/ld+json\" class=\"yoast-schema-graph\">{\"@context\":\"https:\\\/\\\/schema.org\",\"@graph\":[{\"@type\":\"Article\",\"@id\":\"https:\\\/\\\/noticiasmercedinas.com\\\/site\\\/2020\\\/12\\\/31\\\/la-ive-es-producto-de-la-lucha-colectiva-de-decadas\\\/#article\",\"isPartOf\":{\"@id\":\"https:\\\/\\\/noticiasmercedinas.com\\\/site\\\/2020\\\/12\\\/31\\\/la-ive-es-producto-de-la-lucha-colectiva-de-decadas\\\/\"},\"author\":{\"name\":\"NOTICIASMERCEDINAS.COM\",\"@id\":\"https:\\\/\\\/noticiasmercedinas.com\\\/site\\\/#\\\/schema\\\/person\\\/84b59c099c28ff2e8b77d4ceec5d8063\"},\"headline\":\"\u00abLa IVE es producto de la lucha colectiva de d\u00e9cadas\u00bb\",\"datePublished\":\"2020-12-31T12:35:04+00:00\",\"dateModified\":\"2021-01-06T09:09:12+00:00\",\"mainEntityOfPage\":{\"@id\":\"https:\\\/\\\/noticiasmercedinas.com\\\/site\\\/2020\\\/12\\\/31\\\/la-ive-es-producto-de-la-lucha-colectiva-de-decadas\\\/\"},\"wordCount\":415,\"commentCount\":0,\"publisher\":{\"@id\":\"https:\\\/\\\/noticiasmercedinas.com\\\/site\\\/#organization\"},\"image\":{\"@id\":\"https:\\\/\\\/noticiasmercedinas.com\\\/site\\\/2020\\\/12\\\/31\\\/la-ive-es-producto-de-la-lucha-colectiva-de-decadas\\\/#primaryimage\"},\"thumbnailUrl\":\"https:\\\/\\\/noticiasmercedinas.com\\\/site\\\/wp-content\\\/uploads\\\/2020\\\/12\\\/aborto1111.jpg\",\"keywords\":[\"esi\",\"interrupci\u00f3n voluntaria del embarazo\",\"Ive\",\"mariana san martin\"],\"articleSection\":[\"Politica\"],\"inLanguage\":\"es\",\"potentialAction\":[{\"@type\":\"CommentAction\",\"name\":\"Comment\",\"target\":[\"https:\\\/\\\/noticiasmercedinas.com\\\/site\\\/2020\\\/12\\\/31\\\/la-ive-es-producto-de-la-lucha-colectiva-de-decadas\\\/#respond\"]}]},{\"@type\":\"WebPage\",\"@id\":\"https:\\\/\\\/noticiasmercedinas.com\\\/site\\\/2020\\\/12\\\/31\\\/la-ive-es-producto-de-la-lucha-colectiva-de-decadas\\\/\",\"url\":\"https:\\\/\\\/noticiasmercedinas.com\\\/site\\\/2020\\\/12\\\/31\\\/la-ive-es-producto-de-la-lucha-colectiva-de-decadas\\\/\",\"name\":\"\\\"La IVE es producto de la lucha colectiva de d\u00e9cadas\\\"\",\"isPartOf\":{\"@id\":\"https:\\\/\\\/noticiasmercedinas.com\\\/site\\\/#website\"},\"primaryImageOfPage\":{\"@id\":\"https:\\\/\\\/noticiasmercedinas.com\\\/site\\\/2020\\\/12\\\/31\\\/la-ive-es-producto-de-la-lucha-colectiva-de-decadas\\\/#primaryimage\"},\"image\":{\"@id\":\"https:\\\/\\\/noticiasmercedinas.com\\\/site\\\/2020\\\/12\\\/31\\\/la-ive-es-producto-de-la-lucha-colectiva-de-decadas\\\/#primaryimage\"},\"thumbnailUrl\":\"https:\\\/\\\/noticiasmercedinas.com\\\/site\\\/wp-content\\\/uploads\\\/2020\\\/12\\\/aborto1111.jpg\",\"datePublished\":\"2020-12-31T12:35:04+00:00\",\"dateModified\":\"2021-01-06T09:09:12+00:00\",\"breadcrumb\":{\"@id\":\"https:\\\/\\\/noticiasmercedinas.com\\\/site\\\/2020\\\/12\\\/31\\\/la-ive-es-producto-de-la-lucha-colectiva-de-decadas\\\/#breadcrumb\"},\"inLanguage\":\"es\",\"potentialAction\":[{\"@type\":\"ReadAction\",\"target\":[\"https:\\\/\\\/noticiasmercedinas.com\\\/site\\\/2020\\\/12\\\/31\\\/la-ive-es-producto-de-la-lucha-colectiva-de-decadas\\\/\"]}]},{\"@type\":\"ImageObject\",\"inLanguage\":\"es\",\"@id\":\"https:\\\/\\\/noticiasmercedinas.com\\\/site\\\/2020\\\/12\\\/31\\\/la-ive-es-producto-de-la-lucha-colectiva-de-decadas\\\/#primaryimage\",\"url\":\"https:\\\/\\\/noticiasmercedinas.com\\\/site\\\/wp-content\\\/uploads\\\/2020\\\/12\\\/aborto1111.jpg\",\"contentUrl\":\"https:\\\/\\\/noticiasmercedinas.com\\\/site\\\/wp-content\\\/uploads\\\/2020\\\/12\\\/aborto1111.jpg\",\"width\":700,\"height\":460},{\"@type\":\"BreadcrumbList\",\"@id\":\"https:\\\/\\\/noticiasmercedinas.com\\\/site\\\/2020\\\/12\\\/31\\\/la-ive-es-producto-de-la-lucha-colectiva-de-decadas\\\/#breadcrumb\",\"itemListElement\":[{\"@type\":\"ListItem\",\"position\":1,\"name\":\"Portada\",\"item\":\"https:\\\/\\\/noticiasmercedinas.com\\\/site\\\/\"},{\"@type\":\"ListItem\",\"position\":2,\"name\":\"\u00abLa IVE es producto de la lucha colectiva de d\u00e9cadas\u00bb\"}]},{\"@type\":\"WebSite\",\"@id\":\"https:\\\/\\\/noticiasmercedinas.com\\\/site\\\/#website\",\"url\":\"https:\\\/\\\/noticiasmercedinas.com\\\/site\\\/\",\"name\":\"NOTICIASMERCEDINAS.COM\",\"description\":\"Mercedes, Buenos Aires, Argentina\",\"publisher\":{\"@id\":\"https:\\\/\\\/noticiasmercedinas.com\\\/site\\\/#organization\"},\"potentialAction\":[{\"@type\":\"SearchAction\",\"target\":{\"@type\":\"EntryPoint\",\"urlTemplate\":\"https:\\\/\\\/noticiasmercedinas.com\\\/site\\\/?s={search_term_string}\"},\"query-input\":{\"@type\":\"PropertyValueSpecification\",\"valueRequired\":true,\"valueName\":\"search_term_string\"}}],\"inLanguage\":\"es\"},{\"@type\":\"Organization\",\"@id\":\"https:\\\/\\\/noticiasmercedinas.com\\\/site\\\/#organization\",\"name\":\"NOTICIASMERCEDINAS.COM\",\"url\":\"https:\\\/\\\/noticiasmercedinas.com\\\/site\\\/\",\"logo\":{\"@type\":\"ImageObject\",\"inLanguage\":\"es\",\"@id\":\"https:\\\/\\\/noticiasmercedinas.com\\\/site\\\/#\\\/schema\\\/logo\\\/image\\\/\",\"url\":\"https:\\\/\\\/noticiasmercedinas.com\\\/site\\\/wp-content\\\/uploads\\\/2020\\\/06\\\/LOGO-512.jpg\",\"contentUrl\":\"https:\\\/\\\/noticiasmercedinas.com\\\/site\\\/wp-content\\\/uploads\\\/2020\\\/06\\\/LOGO-512.jpg\",\"width\":512,\"height\":512,\"caption\":\"NOTICIASMERCEDINAS.COM\"},\"image\":{\"@id\":\"https:\\\/\\\/noticiasmercedinas.com\\\/site\\\/#\\\/schema\\\/logo\\\/image\\\/\"},\"sameAs\":[\"https:\\\/\\\/www.facebook.com\\\/noticiasmercedinas\\\/\",\"https:\\\/\\\/x.com\\\/notmercedinas\",\"https:\\\/\\\/www.instagram.com\\\/noticiasmercedinas\\\/\"]},{\"@type\":\"Person\",\"@id\":\"https:\\\/\\\/noticiasmercedinas.com\\\/site\\\/#\\\/schema\\\/person\\\/84b59c099c28ff2e8b77d4ceec5d8063\",\"name\":\"NOTICIASMERCEDINAS.COM\",\"image\":{\"@type\":\"ImageObject\",\"inLanguage\":\"es\",\"@id\":\"https:\\\/\\\/secure.gravatar.com\\\/avatar\\\/4dfbf16b4d17945bfb6341b2d19043457132fcf478a5ee04f42e959fd8f5df0a?s=96&d=mm&r=g\",\"url\":\"https:\\\/\\\/secure.gravatar.com\\\/avatar\\\/4dfbf16b4d17945bfb6341b2d19043457132fcf478a5ee04f42e959fd8f5df0a?s=96&d=mm&r=g\",\"contentUrl\":\"https:\\\/\\\/secure.gravatar.com\\\/avatar\\\/4dfbf16b4d17945bfb6341b2d19043457132fcf478a5ee04f42e959fd8f5df0a?s=96&d=mm&r=g\",\"caption\":\"NOTICIASMERCEDINAS.COM\"},\"url\":\"https:\\\/\\\/noticiasmercedinas.com\\\/site\\\/author\\\/anonimo\\\/\"}]}<\/script>\n<!-- \/ Yoast SEO plugin. -->","yoast_head_json":{"title":"\"La IVE es producto de la lucha colectiva de d\u00e9cadas\"","robots":{"index":"index","follow":"follow","max-snippet":"max-snippet:-1","max-image-preview":"max-image-preview:large","max-video-preview":"max-video-preview:-1"},"canonical":"https:\/\/noticiasmercedinas.com\/site\/2020\/12\/31\/la-ive-es-producto-de-la-lucha-colectiva-de-decadas\/","og_locale":"es_ES","og_type":"article","og_title":"\"La IVE es producto de la lucha colectiva de d\u00e9cadas\"","og_description":"\u25a0 \"Qued\u00f3 plasmado que esta no es una discusi\u00f3n de partidos pol\u00edticos sino trasversal ya que todos estuvieron en su mayor\u00eda de acuerdo con la aprobaci\u00f3n de esta ley\", dijo Mariana San Mart\u00edn","og_url":"https:\/\/noticiasmercedinas.com\/site\/2020\/12\/31\/la-ive-es-producto-de-la-lucha-colectiva-de-decadas\/","og_site_name":"NOTICIASMERCEDINAS.COM","article_publisher":"https:\/\/www.facebook.com\/noticiasmercedinas\/","article_published_time":"2020-12-31T12:35:04+00:00","article_modified_time":"2021-01-06T09:09:12+00:00","og_image":[{"width":700,"height":460,"url":"https:\/\/noticiasmercedinas.com\/site\/wp-content\/uploads\/2020\/12\/aborto1111.jpg","type":"image\/jpeg"}],"author":"NOTICIASMERCEDINAS.COM","twitter_card":"summary_large_image","twitter_creator":"@notmercedinas","twitter_site":"@notmercedinas","twitter_misc":{"Escrito por":"NOTICIASMERCEDINAS.COM","Tiempo de lectura":"2 minutos"},"schema":{"@context":"https:\/\/schema.org","@graph":[{"@type":"Article","@id":"https:\/\/noticiasmercedinas.com\/site\/2020\/12\/31\/la-ive-es-producto-de-la-lucha-colectiva-de-decadas\/#article","isPartOf":{"@id":"https:\/\/noticiasmercedinas.com\/site\/2020\/12\/31\/la-ive-es-producto-de-la-lucha-colectiva-de-decadas\/"},"author":{"name":"NOTICIASMERCEDINAS.COM","@id":"https:\/\/noticiasmercedinas.com\/site\/#\/schema\/person\/84b59c099c28ff2e8b77d4ceec5d8063"},"headline":"\u00abLa IVE es producto de la lucha colectiva de d\u00e9cadas\u00bb","datePublished":"2020-12-31T12:35:04+00:00","dateModified":"2021-01-06T09:09:12+00:00","mainEntityOfPage":{"@id":"https:\/\/noticiasmercedinas.com\/site\/2020\/12\/31\/la-ive-es-producto-de-la-lucha-colectiva-de-decadas\/"},"wordCount":415,"commentCount":0,"publisher":{"@id":"https:\/\/noticiasmercedinas.com\/site\/#organization"},"image":{"@id":"https:\/\/noticiasmercedinas.com\/site\/2020\/12\/31\/la-ive-es-producto-de-la-lucha-colectiva-de-decadas\/#primaryimage"},"thumbnailUrl":"https:\/\/noticiasmercedinas.com\/site\/wp-content\/uploads\/2020\/12\/aborto1111.jpg","keywords":["esi","interrupci\u00f3n voluntaria del embarazo","Ive","mariana san martin"],"articleSection":["Politica"],"inLanguage":"es","potentialAction":[{"@type":"CommentAction","name":"Comment","target":["https:\/\/noticiasmercedinas.com\/site\/2020\/12\/31\/la-ive-es-producto-de-la-lucha-colectiva-de-decadas\/#respond"]}]},{"@type":"WebPage","@id":"https:\/\/noticiasmercedinas.com\/site\/2020\/12\/31\/la-ive-es-producto-de-la-lucha-colectiva-de-decadas\/","url":"https:\/\/noticiasmercedinas.com\/site\/2020\/12\/31\/la-ive-es-producto-de-la-lucha-colectiva-de-decadas\/","name":"\"La IVE es producto de la lucha colectiva de d\u00e9cadas\"","isPartOf":{"@id":"https:\/\/noticiasmercedinas.com\/site\/#website"},"primaryImageOfPage":{"@id":"https:\/\/noticiasmercedinas.com\/site\/2020\/12\/31\/la-ive-es-producto-de-la-lucha-colectiva-de-decadas\/#primaryimage"},"image":{"@id":"https:\/\/noticiasmercedinas.com\/site\/2020\/12\/31\/la-ive-es-producto-de-la-lucha-colectiva-de-decadas\/#primaryimage"},"thumbnailUrl":"https:\/\/noticiasmercedinas.com\/site\/wp-content\/uploads\/2020\/12\/aborto1111.jpg","datePublished":"2020-12-31T12:35:04+00:00","dateModified":"2021-01-06T09:09:12+00:00","breadcrumb":{"@id":"https:\/\/noticiasmercedinas.com\/site\/2020\/12\/31\/la-ive-es-producto-de-la-lucha-colectiva-de-decadas\/#breadcrumb"},"inLanguage":"es","potentialAction":[{"@type":"ReadAction","target":["https:\/\/noticiasmercedinas.com\/site\/2020\/12\/31\/la-ive-es-producto-de-la-lucha-colectiva-de-decadas\/"]}]},{"@type":"ImageObject","inLanguage":"es","@id":"https:\/\/noticiasmercedinas.com\/site\/2020\/12\/31\/la-ive-es-producto-de-la-lucha-colectiva-de-decadas\/#primaryimage","url":"https:\/\/noticiasmercedinas.com\/site\/wp-content\/uploads\/2020\/12\/aborto1111.jpg","contentUrl":"https:\/\/noticiasmercedinas.com\/site\/wp-content\/uploads\/2020\/12\/aborto1111.jpg","width":700,"height":460},{"@type":"BreadcrumbList","@id":"https:\/\/noticiasmercedinas.com\/site\/2020\/12\/31\/la-ive-es-producto-de-la-lucha-colectiva-de-decadas\/#breadcrumb","itemListElement":[{"@type":"ListItem","position":1,"name":"Portada","item":"https:\/\/noticiasmercedinas.com\/site\/"},{"@type":"ListItem","position":2,"name":"\u00abLa IVE es producto de la lucha colectiva de d\u00e9cadas\u00bb"}]},{"@type":"WebSite","@id":"https:\/\/noticiasmercedinas.com\/site\/#website","url":"https:\/\/noticiasmercedinas.com\/site\/","name":"NOTICIASMERCEDINAS.COM","description":"Mercedes, Buenos Aires, Argentina","publisher":{"@id":"https:\/\/noticiasmercedinas.com\/site\/#organization"},"potentialAction":[{"@type":"SearchAction","target":{"@type":"EntryPoint","urlTemplate":"https:\/\/noticiasmercedinas.com\/site\/?s={search_term_string}"},"query-input":{"@type":"PropertyValueSpecification","valueRequired":true,"valueName":"search_term_string"}}],"inLanguage":"es"},{"@type":"Organization","@id":"https:\/\/noticiasmercedinas.com\/site\/#organization","name":"NOTICIASMERCEDINAS.COM","url":"https:\/\/noticiasmercedinas.com\/site\/","logo":{"@type":"ImageObject","inLanguage":"es","@id":"https:\/\/noticiasmercedinas.com\/site\/#\/schema\/logo\/image\/","url":"https:\/\/noticiasmercedinas.com\/site\/wp-content\/uploads\/2020\/06\/LOGO-512.jpg","contentUrl":"https:\/\/noticiasmercedinas.com\/site\/wp-content\/uploads\/2020\/06\/LOGO-512.jpg","width":512,"height":512,"caption":"NOTICIASMERCEDINAS.COM"},"image":{"@id":"https:\/\/noticiasmercedinas.com\/site\/#\/schema\/logo\/image\/"},"sameAs":["https:\/\/www.facebook.com\/noticiasmercedinas\/","https:\/\/x.com\/notmercedinas","https:\/\/www.instagram.com\/noticiasmercedinas\/"]},{"@type":"Person","@id":"https:\/\/noticiasmercedinas.com\/site\/#\/schema\/person\/84b59c099c28ff2e8b77d4ceec5d8063","name":"NOTICIASMERCEDINAS.COM","image":{"@type":"ImageObject","inLanguage":"es","@id":"https:\/\/secure.gravatar.com\/avatar\/4dfbf16b4d17945bfb6341b2d19043457132fcf478a5ee04f42e959fd8f5df0a?s=96&d=mm&r=g","url":"https:\/\/secure.gravatar.com\/avatar\/4dfbf16b4d17945bfb6341b2d19043457132fcf478a5ee04f42e959fd8f5df0a?s=96&d=mm&r=g","contentUrl":"https:\/\/secure.gravatar.com\/avatar\/4dfbf16b4d17945bfb6341b2d19043457132fcf478a5ee04f42e959fd8f5df0a?s=96&d=mm&r=g","caption":"NOTICIASMERCEDINAS.COM"},"url":"https:\/\/noticiasmercedinas.com\/site\/author\/anonimo\/"}]}},"amp_enabled":true,"_links":{"self":[{"href":"https:\/\/noticiasmercedinas.com\/site\/wp-json\/wp\/v2\/posts\/59262","targetHints":{"allow":["GET"]}}],"collection":[{"href":"https:\/\/noticiasmercedinas.com\/site\/wp-json\/wp\/v2\/posts"}],"about":[{"href":"https:\/\/noticiasmercedinas.com\/site\/wp-json\/wp\/v2\/types\/post"}],"author":[{"embeddable":true,"href":"https:\/\/noticiasmercedinas.com\/site\/wp-json\/wp\/v2\/users\/16"}],"replies":[{"embeddable":true,"href":"https:\/\/noticiasmercedinas.com\/site\/wp-json\/wp\/v2\/comments?post=59262"}],"version-history":[{"count":3,"href":"https:\/\/noticiasmercedinas.com\/site\/wp-json\/wp\/v2\/posts\/59262\/revisions"}],"predecessor-version":[{"id":59450,"href":"https:\/\/noticiasmercedinas.com\/site\/wp-json\/wp\/v2\/posts\/59262\/revisions\/59450"}],"wp:featuredmedia":[{"embeddable":true,"href":"https:\/\/noticiasmercedinas.com\/site\/wp-json\/wp\/v2\/media\/59265"}],"wp:attachment":[{"href":"https:\/\/noticiasmercedinas.com\/site\/wp-json\/wp\/v2\/media?parent=59262"}],"wp:term":[{"taxonomy":"category","embeddable":true,"href":"https:\/\/noticiasmercedinas.com\/site\/wp-json\/wp\/v2\/categories?post=59262"},{"taxonomy":"post_tag","embeddable":true,"href":"https:\/\/noticiasmercedinas.com\/site\/wp-json\/wp\/v2\/tags?post=59262"}],"curies":[{"name":"wp","href":"https:\/\/api.w.org\/{rel}","templated":true}]}}