{"id":59274,"date":"2020-12-31T12:43:38","date_gmt":"2020-12-31T15:43:38","guid":{"rendered":"https:\/\/noticiasmercedinas.com\/site\/?p=59274"},"modified":"2021-01-01T10:50:43","modified_gmt":"2021-01-01T13:50:43","slug":"gremios-no-abren-piletas-pensamos-en-la-salud-de-toda-la-sociedad","status":"publish","type":"post","link":"https:\/\/noticiasmercedinas.com\/site\/2020\/12\/31\/gremios-no-abren-piletas-pensamos-en-la-salud-de-toda-la-sociedad\/","title":{"rendered":"Gremios no abren piletas: \u00abPensamos en la salud de toda la sociedad\u00bb"},"content":{"rendered":"<p><img loading=\"lazy\" decoding=\"async\" class=\"alignnone size-large wp-image-59263\" src=\"https:\/\/noticiasmercedinas.com\/site\/wp-content\/uploads\/2020\/12\/wp-16094260258652140952294-1024x577.jpg\" alt=\"\" width=\"640\" height=\"361\" srcset=\"https:\/\/noticiasmercedinas.com\/site\/wp-content\/uploads\/2020\/12\/wp-16094260258652140952294-1024x577.jpg 1024w, https:\/\/noticiasmercedinas.com\/site\/wp-content\/uploads\/2020\/12\/wp-16094260258652140952294-300x169.jpg 300w, https:\/\/noticiasmercedinas.com\/site\/wp-content\/uploads\/2020\/12\/wp-16094260258652140952294-768x433.jpg 768w, https:\/\/noticiasmercedinas.com\/site\/wp-content\/uploads\/2020\/12\/wp-16094260258652140952294-1536x866.jpg 1536w, https:\/\/noticiasmercedinas.com\/site\/wp-content\/uploads\/2020\/12\/wp-16094260258652140952294-2048x1154.jpg 2048w, https:\/\/noticiasmercedinas.com\/site\/wp-content\/uploads\/2020\/12\/wp-16094260258652140952294-640x361.jpg 640w, https:\/\/noticiasmercedinas.com\/site\/wp-content\/uploads\/2020\/12\/wp-16094260258652140952294-1280x721.jpg 1280w, https:\/\/noticiasmercedinas.com\/site\/wp-content\/uploads\/2020\/12\/wp-16094260258652140952294-681x384.jpg 681w, https:\/\/noticiasmercedinas.com\/site\/wp-content\/uploads\/2020\/12\/wp-16094260258652140952294-1362x768.jpg 1362w\" sizes=\"auto, (max-width: 640px) 100vw, 640px\" \/><\/p>\n<p>Desde el Sindicato de Empleados de Comercio (SEC), la Uni\u00f3n Obrera Metal\u00fargica (UOM) y la Asociaci\u00f3n Judicial Bonaerense (AJB), sus m\u00e1ximos responsables gremiales informaron que se sumar\u00e1n a las medidas dispuestas por el municipio para \u201ccuidar a sus afiliados y a la sociedad\u201d y no abrir\u00e1n de esta manera sus temporadas de verano en sus campos de deportes, al menos hasta el 10 de enero de 2021. Adem\u00e1s, llamaron a la poblaci\u00f3n a extremar cuidados en el marco de este rebrote de casos que se da por estos d\u00edas en la ciudad.<\/p>\n<p><strong>Pedro G\u00f3mez<\/strong>, secretario general del SEC de Mercedes indic\u00f3 que se vive \u201cuna situaci\u00f3n especial\u201d que hace que los gremios se unan. \u201cTres de los cuatro que tenemos pileta y campo de deportes decidimos esto\u201d, dijo y remarc\u00f3 que <a href=\"https:\/\/noticiasmercedinas.com\/site\/2020\/12\/30\/crecen-los-casos-y-deciden-suspender-actividades-variadas-por-10-dias\/\"><strong><span style=\"color: #000080;\">en el \u00faltimo comunicado del Comit\u00e9 de Crisis<\/span><\/strong><\/a> se habla de la prohibici\u00f3n de \u201ceventos al aire libre de concurrencia masiva\u201d. \u201cConsideramos que entramos en ese encuadramiento y adem\u00e1s los seguros se basan en ese comunicado y nos dejan sin cobertura por lo abarcativo de este comunicado\u201d, dijo.<\/p>\n<blockquote><p>\u00abNos surge tratar de dar una imagen ante la sociedad y aportar a la misma, m\u00e1s all\u00e1 de nuestros afiliados. Esperamos pasar estos d\u00edas y que la cosa mejore para luego ver que pasa en la temporada\u00bb<\/p><\/blockquote>\n<p>\u201cCabe la responsabilidad y a nosotros desde la UOM nos surge tratar de dar una imagen ante la sociedad y aportar a la misma, m\u00e1s all\u00e1 de nuestros afiliados. Esperamos pasar estos d\u00edas y que la cosa mejore para luego ver que pasa en la temporada. En los establecimientos pedimos que se respeten los protocolos de Covid-19 y no es oportuno que en el camping se contagien los afiliados. Aqu\u00ed tratamos de ejercer responsabilidad y pedimos sobre todo a los j\u00f3venes que acompa\u00f1en y se cuiden. Sabemos que se cree que la llegada de vacunas tambi\u00e9n nos relaja pero es solo para los esenciales su aplicaci\u00f3n, no masiva. Es alarmante como crecen los casos y hay que tomar los cuidados respectivos\u201d, indic\u00f3 por su parte, <strong>Humberto Perdiguero<\/strong>, de la UOM.<\/p>\n<p>\u201cDecidimos con los dem\u00e1s gremios y cada uno tom\u00f3 su decisi\u00f3n. Nos juntamos para explicar a la poblaci\u00f3n que priorizamos pensar en el resto de la sociedad y en nuestros afiliados, m\u00e1s all\u00e1 de lo que estos piensen o acuerden con esta decisi\u00f3n. Pensamos en la salud de toda la sociedad\u201d, dijo <strong>Mariano Romano<\/strong>, de la AJB.<\/p>\n<p>En este sentido destacaron que est\u00e1n al tanto de que en algunas colonias de vacaciones se debieron suspender las actividades por casos de Covid-19. \u201cNosotros decidimos no hacer colonias de vacaciones y creemos que no estuvimos errados, porque hay problemas en varios clubes\u201d, sostuvo Romano.<\/p>\n<blockquote><p>En los tres espacios ten\u00edan pensado abrir a partir del mes de enero la temporada. Quienes siguen abiertos de momento son los trabajadores de la Carne, cuyo sindicato no determin\u00f3 detener las actividades en su predio.<\/p><\/blockquote>\n<p>\u201cEsto es un d\u00eda a d\u00eda, y evaluaremos lo que pase de aqu\u00ed al 10. Si esto se levanta o quedamos exentos o con m\u00e1s oportunidades, evaluaremos continuar\u201d, agreg\u00f3 G\u00f3mez, del SEC.<\/p>\n<p>En los tres espacios ten\u00edan pensado abrir a partir del mes de enero la temporada. Quienes siguen abiertos de momento son los trabajadores de la Carne, cuyo sindicato no determin\u00f3 detener las actividades en su predio. \u201cEl \u00fanico gremio que qued\u00f3 fuera de esto es el de la Carne, y David Amaya no est\u00e1 presente hoy aqu\u00ed porque seg\u00fan nos dijo \u00e9l no considera que est\u00e1 involucrado. Y cada uno es libre de tomar las decisiones que crea conveniente\u201d, explic\u00f3 el secretario general del SEC al respecto.<\/p>\n<p>Por \u00faltimo, los referentes gremiales reflexionaron sobre la situaci\u00f3n que se vive con la pandemia por estas horas.<\/p>\n<p>\u201cHay un relajamiento desde mi punto de vista. La sociedad no toma ahora los recaudos que tomaba en los primeros tiempos y eso nos ha levado a este punto, la situaci\u00f3n ha empeorado y no nos hemos comportado como deb\u00edamos. Debemos cuidar a quienes est\u00e1n al frente de la atenci\u00f3n m\u00e9dica, porque los volvemos a cargar de trabajo y responsabilidades\u201d, dijo Perdiguero, de la UOM; y a su lado el dirigente del SEC habl\u00f3 de la necesidad de concientizaci\u00f3n social: \u201cEsto no pasa por un tema econ\u00f3mico, ya que esto nos juega en contra, pero el mensaje que queremos dar m\u00e1s all\u00e1 de la no apertura de la temporada de verano es hacer un aporte a la comunidad general. Ya que esto no es para el cuidado de los afiliados, sino para toda la comunidad\u201d, insisti\u00f3 G\u00f3mez.<\/p>\n","protected":false},"excerpt":{"rendered":"<p>\u25a0 Desde el Sindicato de Empleados de Comercio, la Uni\u00f3n Obrera Metal\u00fargica y la Asociaci\u00f3n Judicial Bonaerense, postergan el inicio de actividades recreativas para afiliados. Llaman a los ciudadanos a cuidarse<\/p>\n","protected":false},"author":2,"featured_media":59263,"comment_status":"open","ping_status":"open","sticky":false,"template":"","format":"standard","meta":{"footnotes":""},"categories":[10],"tags":[8392],"class_list":["post-59274","post","type-post","status-publish","format-standard","has-post-thumbnail","hentry","category-especiales","tag-coronavirus"],"yoast_head":"<!-- This site is optimized with the Yoast SEO plugin v27.5 - https:\/\/yoast.com\/product\/yoast-seo-wordpress\/ -->\n<title>Gremios no abren piletas: &quot;Pensamos en la salud de toda la sociedad&quot;<\/title>\n<meta name=\"robots\" content=\"index, follow, max-snippet:-1, max-image-preview:large, max-video-preview:-1\" \/>\n<link rel=\"canonical\" href=\"https:\/\/noticiasmercedinas.com\/site\/2020\/12\/31\/gremios-no-abren-piletas-pensamos-en-la-salud-de-toda-la-sociedad\/\" \/>\n<meta property=\"og:locale\" content=\"es_ES\" \/>\n<meta property=\"og:type\" content=\"article\" \/>\n<meta property=\"og:title\" content=\"Gremios no abren piletas: &quot;Pensamos en la salud de toda la sociedad&quot;\" \/>\n<meta property=\"og:description\" content=\"\u25a0 Desde el Sindicato de Empleados de Comercio, la Uni\u00f3n Obrera Metal\u00fargica y la Asociaci\u00f3n Judicial Bonaerense, postergan el inicio de actividades recreativas para afiliados. Llaman a los ciudadanos a cuidarse\" \/>\n<meta property=\"og:url\" content=\"https:\/\/noticiasmercedinas.com\/site\/2020\/12\/31\/gremios-no-abren-piletas-pensamos-en-la-salud-de-toda-la-sociedad\/\" \/>\n<meta property=\"og:site_name\" content=\"NOTICIASMERCEDINAS.COM\" \/>\n<meta property=\"article:publisher\" content=\"https:\/\/www.facebook.com\/noticiasmercedinas\/\" \/>\n<meta property=\"article:author\" content=\"https:\/\/www.facebook.com\/cristian.falabella\" \/>\n<meta property=\"article:published_time\" content=\"2020-12-31T15:43:38+00:00\" \/>\n<meta property=\"article:modified_time\" content=\"2021-01-01T13:50:43+00:00\" \/>\n<meta property=\"og:image\" content=\"https:\/\/noticiasmercedinas.com\/site\/wp-content\/uploads\/2020\/12\/wp-16094260258652140952294-scaled.jpg\" \/>\n\t<meta property=\"og:image:width\" content=\"2560\" \/>\n\t<meta property=\"og:image:height\" content=\"1443\" \/>\n\t<meta property=\"og:image:type\" content=\"image\/jpeg\" \/>\n<meta name=\"author\" content=\"Cristian Falabella NOTICIASMERCEDINAS.COM\" \/>\n<meta name=\"twitter:card\" content=\"summary_large_image\" \/>\n<meta name=\"twitter:creator\" content=\"@https:\/\/twitter.com\/NOTMERCEDINAS\" \/>\n<meta name=\"twitter:site\" content=\"@notmercedinas\" \/>\n<meta name=\"twitter:label1\" content=\"Escrito por\" \/>\n\t<meta name=\"twitter:data1\" content=\"Cristian Falabella NOTICIASMERCEDINAS.COM\" \/>\n\t<meta name=\"twitter:label2\" content=\"Tiempo de lectura\" \/>\n\t<meta name=\"twitter:data2\" content=\"4 minutos\" \/>\n<script type=\"application\/ld+json\" class=\"yoast-schema-graph\">{\"@context\":\"https:\\\/\\\/schema.org\",\"@graph\":[{\"@type\":\"Article\",\"@id\":\"https:\\\/\\\/noticiasmercedinas.com\\\/site\\\/2020\\\/12\\\/31\\\/gremios-no-abren-piletas-pensamos-en-la-salud-de-toda-la-sociedad\\\/#article\",\"isPartOf\":{\"@id\":\"https:\\\/\\\/noticiasmercedinas.com\\\/site\\\/2020\\\/12\\\/31\\\/gremios-no-abren-piletas-pensamos-en-la-salud-de-toda-la-sociedad\\\/\"},\"author\":{\"name\":\"Cristian Falabella NOTICIASMERCEDINAS.COM\",\"@id\":\"https:\\\/\\\/noticiasmercedinas.com\\\/site\\\/#\\\/schema\\\/person\\\/d481a9696a5feaec13a60e2bbd991a6a\"},\"headline\":\"Gremios no abren piletas: \u00abPensamos en la salud de toda la sociedad\u00bb\",\"datePublished\":\"2020-12-31T15:43:38+00:00\",\"dateModified\":\"2021-01-01T13:50:43+00:00\",\"mainEntityOfPage\":{\"@id\":\"https:\\\/\\\/noticiasmercedinas.com\\\/site\\\/2020\\\/12\\\/31\\\/gremios-no-abren-piletas-pensamos-en-la-salud-de-toda-la-sociedad\\\/\"},\"wordCount\":811,\"commentCount\":0,\"publisher\":{\"@id\":\"https:\\\/\\\/noticiasmercedinas.com\\\/site\\\/#organization\"},\"image\":{\"@id\":\"https:\\\/\\\/noticiasmercedinas.com\\\/site\\\/2020\\\/12\\\/31\\\/gremios-no-abren-piletas-pensamos-en-la-salud-de-toda-la-sociedad\\\/#primaryimage\"},\"thumbnailUrl\":\"https:\\\/\\\/noticiasmercedinas.com\\\/site\\\/wp-content\\\/uploads\\\/2020\\\/12\\\/wp-16094260258652140952294-scaled.jpg\",\"keywords\":[\"coronavirus\"],\"articleSection\":[\"Covid-19\"],\"inLanguage\":\"es\",\"potentialAction\":[{\"@type\":\"CommentAction\",\"name\":\"Comment\",\"target\":[\"https:\\\/\\\/noticiasmercedinas.com\\\/site\\\/2020\\\/12\\\/31\\\/gremios-no-abren-piletas-pensamos-en-la-salud-de-toda-la-sociedad\\\/#respond\"]}]},{\"@type\":\"WebPage\",\"@id\":\"https:\\\/\\\/noticiasmercedinas.com\\\/site\\\/2020\\\/12\\\/31\\\/gremios-no-abren-piletas-pensamos-en-la-salud-de-toda-la-sociedad\\\/\",\"url\":\"https:\\\/\\\/noticiasmercedinas.com\\\/site\\\/2020\\\/12\\\/31\\\/gremios-no-abren-piletas-pensamos-en-la-salud-de-toda-la-sociedad\\\/\",\"name\":\"Gremios no abren piletas: \\\"Pensamos en la salud de toda la sociedad\\\"\",\"isPartOf\":{\"@id\":\"https:\\\/\\\/noticiasmercedinas.com\\\/site\\\/#website\"},\"primaryImageOfPage\":{\"@id\":\"https:\\\/\\\/noticiasmercedinas.com\\\/site\\\/2020\\\/12\\\/31\\\/gremios-no-abren-piletas-pensamos-en-la-salud-de-toda-la-sociedad\\\/#primaryimage\"},\"image\":{\"@id\":\"https:\\\/\\\/noticiasmercedinas.com\\\/site\\\/2020\\\/12\\\/31\\\/gremios-no-abren-piletas-pensamos-en-la-salud-de-toda-la-sociedad\\\/#primaryimage\"},\"thumbnailUrl\":\"https:\\\/\\\/noticiasmercedinas.com\\\/site\\\/wp-content\\\/uploads\\\/2020\\\/12\\\/wp-16094260258652140952294-scaled.jpg\",\"datePublished\":\"2020-12-31T15:43:38+00:00\",\"dateModified\":\"2021-01-01T13:50:43+00:00\",\"breadcrumb\":{\"@id\":\"https:\\\/\\\/noticiasmercedinas.com\\\/site\\\/2020\\\/12\\\/31\\\/gremios-no-abren-piletas-pensamos-en-la-salud-de-toda-la-sociedad\\\/#breadcrumb\"},\"inLanguage\":\"es\",\"potentialAction\":[{\"@type\":\"ReadAction\",\"target\":[\"https:\\\/\\\/noticiasmercedinas.com\\\/site\\\/2020\\\/12\\\/31\\\/gremios-no-abren-piletas-pensamos-en-la-salud-de-toda-la-sociedad\\\/\"]}]},{\"@type\":\"ImageObject\",\"inLanguage\":\"es\",\"@id\":\"https:\\\/\\\/noticiasmercedinas.com\\\/site\\\/2020\\\/12\\\/31\\\/gremios-no-abren-piletas-pensamos-en-la-salud-de-toda-la-sociedad\\\/#primaryimage\",\"url\":\"https:\\\/\\\/noticiasmercedinas.com\\\/site\\\/wp-content\\\/uploads\\\/2020\\\/12\\\/wp-16094260258652140952294-scaled.jpg\",\"contentUrl\":\"https:\\\/\\\/noticiasmercedinas.com\\\/site\\\/wp-content\\\/uploads\\\/2020\\\/12\\\/wp-16094260258652140952294-scaled.jpg\",\"width\":2560,\"height\":1443},{\"@type\":\"BreadcrumbList\",\"@id\":\"https:\\\/\\\/noticiasmercedinas.com\\\/site\\\/2020\\\/12\\\/31\\\/gremios-no-abren-piletas-pensamos-en-la-salud-de-toda-la-sociedad\\\/#breadcrumb\",\"itemListElement\":[{\"@type\":\"ListItem\",\"position\":1,\"name\":\"Portada\",\"item\":\"https:\\\/\\\/noticiasmercedinas.com\\\/site\\\/\"},{\"@type\":\"ListItem\",\"position\":2,\"name\":\"Gremios no abren piletas: \u00abPensamos en la salud de toda la sociedad\u00bb\"}]},{\"@type\":\"WebSite\",\"@id\":\"https:\\\/\\\/noticiasmercedinas.com\\\/site\\\/#website\",\"url\":\"https:\\\/\\\/noticiasmercedinas.com\\\/site\\\/\",\"name\":\"NOTICIASMERCEDINAS.COM\",\"description\":\"Mercedes, Buenos Aires, Argentina\",\"publisher\":{\"@id\":\"https:\\\/\\\/noticiasmercedinas.com\\\/site\\\/#organization\"},\"potentialAction\":[{\"@type\":\"SearchAction\",\"target\":{\"@type\":\"EntryPoint\",\"urlTemplate\":\"https:\\\/\\\/noticiasmercedinas.com\\\/site\\\/?s={search_term_string}\"},\"query-input\":{\"@type\":\"PropertyValueSpecification\",\"valueRequired\":true,\"valueName\":\"search_term_string\"}}],\"inLanguage\":\"es\"},{\"@type\":\"Organization\",\"@id\":\"https:\\\/\\\/noticiasmercedinas.com\\\/site\\\/#organization\",\"name\":\"NOTICIASMERCEDINAS.COM\",\"url\":\"https:\\\/\\\/noticiasmercedinas.com\\\/site\\\/\",\"logo\":{\"@type\":\"ImageObject\",\"inLanguage\":\"es\",\"@id\":\"https:\\\/\\\/noticiasmercedinas.com\\\/site\\\/#\\\/schema\\\/logo\\\/image\\\/\",\"url\":\"https:\\\/\\\/noticiasmercedinas.com\\\/site\\\/wp-content\\\/uploads\\\/2020\\\/06\\\/LOGO-512.jpg\",\"contentUrl\":\"https:\\\/\\\/noticiasmercedinas.com\\\/site\\\/wp-content\\\/uploads\\\/2020\\\/06\\\/LOGO-512.jpg\",\"width\":512,\"height\":512,\"caption\":\"NOTICIASMERCEDINAS.COM\"},\"image\":{\"@id\":\"https:\\\/\\\/noticiasmercedinas.com\\\/site\\\/#\\\/schema\\\/logo\\\/image\\\/\"},\"sameAs\":[\"https:\\\/\\\/www.facebook.com\\\/noticiasmercedinas\\\/\",\"https:\\\/\\\/x.com\\\/notmercedinas\",\"https:\\\/\\\/www.instagram.com\\\/noticiasmercedinas\\\/\"]},{\"@type\":\"Person\",\"@id\":\"https:\\\/\\\/noticiasmercedinas.com\\\/site\\\/#\\\/schema\\\/person\\\/d481a9696a5feaec13a60e2bbd991a6a\",\"name\":\"Cristian Falabella NOTICIASMERCEDINAS.COM\",\"image\":{\"@type\":\"ImageObject\",\"inLanguage\":\"es\",\"@id\":\"https:\\\/\\\/secure.gravatar.com\\\/avatar\\\/0dbbfc45970cc46bcd0e57766228574ff3511d6eed045b182f536f0f478c1f06?s=96&d=mm&r=g\",\"url\":\"https:\\\/\\\/secure.gravatar.com\\\/avatar\\\/0dbbfc45970cc46bcd0e57766228574ff3511d6eed045b182f536f0f478c1f06?s=96&d=mm&r=g\",\"contentUrl\":\"https:\\\/\\\/secure.gravatar.com\\\/avatar\\\/0dbbfc45970cc46bcd0e57766228574ff3511d6eed045b182f536f0f478c1f06?s=96&d=mm&r=g\",\"caption\":\"Cristian Falabella NOTICIASMERCEDINAS.COM\"},\"description\":\"Periodista, editor de Noticias Mercedinas. Pas\u00f3 por varias redacciones y emprendimientos de prensa, en distintos formatos y \u00e9pocas. Se especializ\u00f3 --y sigue haci\u00e9ndolo-- en comunicaci\u00f3n en la web y en junio de 2006 fund\u00f3 este diario digital.\",\"sameAs\":[\"https:\\\/\\\/noticiasmercedinas.com\",\"https:\\\/\\\/www.facebook.com\\\/cristian.falabella\",\"https:\\\/\\\/www.instagram.com\\\/noticiasmercedinas\\\/\",\"https:\\\/\\\/x.com\\\/https:\\\/\\\/twitter.com\\\/NOTMERCEDINAS\"],\"url\":\"https:\\\/\\\/noticiasmercedinas.com\\\/site\\\/author\\\/as000384\\\/\"}]}<\/script>\n<!-- \/ Yoast SEO plugin. -->","yoast_head_json":{"title":"Gremios no abren piletas: \"Pensamos en la salud de toda la sociedad\"","robots":{"index":"index","follow":"follow","max-snippet":"max-snippet:-1","max-image-preview":"max-image-preview:large","max-video-preview":"max-video-preview:-1"},"canonical":"https:\/\/noticiasmercedinas.com\/site\/2020\/12\/31\/gremios-no-abren-piletas-pensamos-en-la-salud-de-toda-la-sociedad\/","og_locale":"es_ES","og_type":"article","og_title":"Gremios no abren piletas: \"Pensamos en la salud de toda la sociedad\"","og_description":"\u25a0 Desde el Sindicato de Empleados de Comercio, la Uni\u00f3n Obrera Metal\u00fargica y la Asociaci\u00f3n Judicial Bonaerense, postergan el inicio de actividades recreativas para afiliados. Llaman a los ciudadanos a cuidarse","og_url":"https:\/\/noticiasmercedinas.com\/site\/2020\/12\/31\/gremios-no-abren-piletas-pensamos-en-la-salud-de-toda-la-sociedad\/","og_site_name":"NOTICIASMERCEDINAS.COM","article_publisher":"https:\/\/www.facebook.com\/noticiasmercedinas\/","article_author":"https:\/\/www.facebook.com\/cristian.falabella","article_published_time":"2020-12-31T15:43:38+00:00","article_modified_time":"2021-01-01T13:50:43+00:00","og_image":[{"width":2560,"height":1443,"url":"https:\/\/noticiasmercedinas.com\/site\/wp-content\/uploads\/2020\/12\/wp-16094260258652140952294-scaled.jpg","type":"image\/jpeg"}],"author":"Cristian Falabella NOTICIASMERCEDINAS.COM","twitter_card":"summary_large_image","twitter_creator":"@https:\/\/twitter.com\/NOTMERCEDINAS","twitter_site":"@notmercedinas","twitter_misc":{"Escrito por":"Cristian Falabella NOTICIASMERCEDINAS.COM","Tiempo de lectura":"4 minutos"},"schema":{"@context":"https:\/\/schema.org","@graph":[{"@type":"Article","@id":"https:\/\/noticiasmercedinas.com\/site\/2020\/12\/31\/gremios-no-abren-piletas-pensamos-en-la-salud-de-toda-la-sociedad\/#article","isPartOf":{"@id":"https:\/\/noticiasmercedinas.com\/site\/2020\/12\/31\/gremios-no-abren-piletas-pensamos-en-la-salud-de-toda-la-sociedad\/"},"author":{"name":"Cristian Falabella NOTICIASMERCEDINAS.COM","@id":"https:\/\/noticiasmercedinas.com\/site\/#\/schema\/person\/d481a9696a5feaec13a60e2bbd991a6a"},"headline":"Gremios no abren piletas: \u00abPensamos en la salud de toda la sociedad\u00bb","datePublished":"2020-12-31T15:43:38+00:00","dateModified":"2021-01-01T13:50:43+00:00","mainEntityOfPage":{"@id":"https:\/\/noticiasmercedinas.com\/site\/2020\/12\/31\/gremios-no-abren-piletas-pensamos-en-la-salud-de-toda-la-sociedad\/"},"wordCount":811,"commentCount":0,"publisher":{"@id":"https:\/\/noticiasmercedinas.com\/site\/#organization"},"image":{"@id":"https:\/\/noticiasmercedinas.com\/site\/2020\/12\/31\/gremios-no-abren-piletas-pensamos-en-la-salud-de-toda-la-sociedad\/#primaryimage"},"thumbnailUrl":"https:\/\/noticiasmercedinas.com\/site\/wp-content\/uploads\/2020\/12\/wp-16094260258652140952294-scaled.jpg","keywords":["coronavirus"],"articleSection":["Covid-19"],"inLanguage":"es","potentialAction":[{"@type":"CommentAction","name":"Comment","target":["https:\/\/noticiasmercedinas.com\/site\/2020\/12\/31\/gremios-no-abren-piletas-pensamos-en-la-salud-de-toda-la-sociedad\/#respond"]}]},{"@type":"WebPage","@id":"https:\/\/noticiasmercedinas.com\/site\/2020\/12\/31\/gremios-no-abren-piletas-pensamos-en-la-salud-de-toda-la-sociedad\/","url":"https:\/\/noticiasmercedinas.com\/site\/2020\/12\/31\/gremios-no-abren-piletas-pensamos-en-la-salud-de-toda-la-sociedad\/","name":"Gremios no abren piletas: \"Pensamos en la salud de toda la sociedad\"","isPartOf":{"@id":"https:\/\/noticiasmercedinas.com\/site\/#website"},"primaryImageOfPage":{"@id":"https:\/\/noticiasmercedinas.com\/site\/2020\/12\/31\/gremios-no-abren-piletas-pensamos-en-la-salud-de-toda-la-sociedad\/#primaryimage"},"image":{"@id":"https:\/\/noticiasmercedinas.com\/site\/2020\/12\/31\/gremios-no-abren-piletas-pensamos-en-la-salud-de-toda-la-sociedad\/#primaryimage"},"thumbnailUrl":"https:\/\/noticiasmercedinas.com\/site\/wp-content\/uploads\/2020\/12\/wp-16094260258652140952294-scaled.jpg","datePublished":"2020-12-31T15:43:38+00:00","dateModified":"2021-01-01T13:50:43+00:00","breadcrumb":{"@id":"https:\/\/noticiasmercedinas.com\/site\/2020\/12\/31\/gremios-no-abren-piletas-pensamos-en-la-salud-de-toda-la-sociedad\/#breadcrumb"},"inLanguage":"es","potentialAction":[{"@type":"ReadAction","target":["https:\/\/noticiasmercedinas.com\/site\/2020\/12\/31\/gremios-no-abren-piletas-pensamos-en-la-salud-de-toda-la-sociedad\/"]}]},{"@type":"ImageObject","inLanguage":"es","@id":"https:\/\/noticiasmercedinas.com\/site\/2020\/12\/31\/gremios-no-abren-piletas-pensamos-en-la-salud-de-toda-la-sociedad\/#primaryimage","url":"https:\/\/noticiasmercedinas.com\/site\/wp-content\/uploads\/2020\/12\/wp-16094260258652140952294-scaled.jpg","contentUrl":"https:\/\/noticiasmercedinas.com\/site\/wp-content\/uploads\/2020\/12\/wp-16094260258652140952294-scaled.jpg","width":2560,"height":1443},{"@type":"BreadcrumbList","@id":"https:\/\/noticiasmercedinas.com\/site\/2020\/12\/31\/gremios-no-abren-piletas-pensamos-en-la-salud-de-toda-la-sociedad\/#breadcrumb","itemListElement":[{"@type":"ListItem","position":1,"name":"Portada","item":"https:\/\/noticiasmercedinas.com\/site\/"},{"@type":"ListItem","position":2,"name":"Gremios no abren piletas: \u00abPensamos en la salud de toda la sociedad\u00bb"}]},{"@type":"WebSite","@id":"https:\/\/noticiasmercedinas.com\/site\/#website","url":"https:\/\/noticiasmercedinas.com\/site\/","name":"NOTICIASMERCEDINAS.COM","description":"Mercedes, Buenos Aires, Argentina","publisher":{"@id":"https:\/\/noticiasmercedinas.com\/site\/#organization"},"potentialAction":[{"@type":"SearchAction","target":{"@type":"EntryPoint","urlTemplate":"https:\/\/noticiasmercedinas.com\/site\/?s={search_term_string}"},"query-input":{"@type":"PropertyValueSpecification","valueRequired":true,"valueName":"search_term_string"}}],"inLanguage":"es"},{"@type":"Organization","@id":"https:\/\/noticiasmercedinas.com\/site\/#organization","name":"NOTICIASMERCEDINAS.COM","url":"https:\/\/noticiasmercedinas.com\/site\/","logo":{"@type":"ImageObject","inLanguage":"es","@id":"https:\/\/noticiasmercedinas.com\/site\/#\/schema\/logo\/image\/","url":"https:\/\/noticiasmercedinas.com\/site\/wp-content\/uploads\/2020\/06\/LOGO-512.jpg","contentUrl":"https:\/\/noticiasmercedinas.com\/site\/wp-content\/uploads\/2020\/06\/LOGO-512.jpg","width":512,"height":512,"caption":"NOTICIASMERCEDINAS.COM"},"image":{"@id":"https:\/\/noticiasmercedinas.com\/site\/#\/schema\/logo\/image\/"},"sameAs":["https:\/\/www.facebook.com\/noticiasmercedinas\/","https:\/\/x.com\/notmercedinas","https:\/\/www.instagram.com\/noticiasmercedinas\/"]},{"@type":"Person","@id":"https:\/\/noticiasmercedinas.com\/site\/#\/schema\/person\/d481a9696a5feaec13a60e2bbd991a6a","name":"Cristian Falabella NOTICIASMERCEDINAS.COM","image":{"@type":"ImageObject","inLanguage":"es","@id":"https:\/\/secure.gravatar.com\/avatar\/0dbbfc45970cc46bcd0e57766228574ff3511d6eed045b182f536f0f478c1f06?s=96&d=mm&r=g","url":"https:\/\/secure.gravatar.com\/avatar\/0dbbfc45970cc46bcd0e57766228574ff3511d6eed045b182f536f0f478c1f06?s=96&d=mm&r=g","contentUrl":"https:\/\/secure.gravatar.com\/avatar\/0dbbfc45970cc46bcd0e57766228574ff3511d6eed045b182f536f0f478c1f06?s=96&d=mm&r=g","caption":"Cristian Falabella NOTICIASMERCEDINAS.COM"},"description":"Periodista, editor de Noticias Mercedinas. Pas\u00f3 por varias redacciones y emprendimientos de prensa, en distintos formatos y \u00e9pocas. Se especializ\u00f3 --y sigue haci\u00e9ndolo-- en comunicaci\u00f3n en la web y en junio de 2006 fund\u00f3 este diario digital.","sameAs":["https:\/\/noticiasmercedinas.com","https:\/\/www.facebook.com\/cristian.falabella","https:\/\/www.instagram.com\/noticiasmercedinas\/","https:\/\/x.com\/https:\/\/twitter.com\/NOTMERCEDINAS"],"url":"https:\/\/noticiasmercedinas.com\/site\/author\/as000384\/"}]}},"amp_enabled":true,"_links":{"self":[{"href":"https:\/\/noticiasmercedinas.com\/site\/wp-json\/wp\/v2\/posts\/59274","targetHints":{"allow":["GET"]}}],"collection":[{"href":"https:\/\/noticiasmercedinas.com\/site\/wp-json\/wp\/v2\/posts"}],"about":[{"href":"https:\/\/noticiasmercedinas.com\/site\/wp-json\/wp\/v2\/types\/post"}],"author":[{"embeddable":true,"href":"https:\/\/noticiasmercedinas.com\/site\/wp-json\/wp\/v2\/users\/2"}],"replies":[{"embeddable":true,"href":"https:\/\/noticiasmercedinas.com\/site\/wp-json\/wp\/v2\/comments?post=59274"}],"version-history":[{"count":3,"href":"https:\/\/noticiasmercedinas.com\/site\/wp-json\/wp\/v2\/posts\/59274\/revisions"}],"predecessor-version":[{"id":59298,"href":"https:\/\/noticiasmercedinas.com\/site\/wp-json\/wp\/v2\/posts\/59274\/revisions\/59298"}],"wp:featuredmedia":[{"embeddable":true,"href":"https:\/\/noticiasmercedinas.com\/site\/wp-json\/wp\/v2\/media\/59263"}],"wp:attachment":[{"href":"https:\/\/noticiasmercedinas.com\/site\/wp-json\/wp\/v2\/media?parent=59274"}],"wp:term":[{"taxonomy":"category","embeddable":true,"href":"https:\/\/noticiasmercedinas.com\/site\/wp-json\/wp\/v2\/categories?post=59274"},{"taxonomy":"post_tag","embeddable":true,"href":"https:\/\/noticiasmercedinas.com\/site\/wp-json\/wp\/v2\/tags?post=59274"}],"curies":[{"name":"wp","href":"https:\/\/api.w.org\/{rel}","templated":true}]}}