{"id":59715,"date":"2021-01-13T09:14:27","date_gmt":"2021-01-13T12:14:27","guid":{"rendered":"https:\/\/noticiasmercedinas.com\/site\/?p=59715"},"modified":"2021-01-13T09:17:16","modified_gmt":"2021-01-13T12:17:16","slug":"concurso-de-muralismo-en-unidades-penales","status":"publish","type":"post","link":"https:\/\/noticiasmercedinas.com\/site\/2021\/01\/13\/concurso-de-muralismo-en-unidades-penales\/","title":{"rendered":"Concurso de muralismo en unidades penales"},"content":{"rendered":"<p><img loading=\"lazy\" decoding=\"async\" class=\"alignnone wp-image-59714 size-full\" src=\"https:\/\/noticiasmercedinas.com\/site\/wp-content\/uploads\/2021\/01\/2d33b1e4-bdc3-4f0a-9e2d-8af5a9cfa5cd.jpg\" width=\"1080\" height=\"751\" srcset=\"https:\/\/noticiasmercedinas.com\/site\/wp-content\/uploads\/2021\/01\/2d33b1e4-bdc3-4f0a-9e2d-8af5a9cfa5cd.jpg 1080w, https:\/\/noticiasmercedinas.com\/site\/wp-content\/uploads\/2021\/01\/2d33b1e4-bdc3-4f0a-9e2d-8af5a9cfa5cd-300x209.jpg 300w, https:\/\/noticiasmercedinas.com\/site\/wp-content\/uploads\/2021\/01\/2d33b1e4-bdc3-4f0a-9e2d-8af5a9cfa5cd-1024x712.jpg 1024w, https:\/\/noticiasmercedinas.com\/site\/wp-content\/uploads\/2021\/01\/2d33b1e4-bdc3-4f0a-9e2d-8af5a9cfa5cd-768x534.jpg 768w, https:\/\/noticiasmercedinas.com\/site\/wp-content\/uploads\/2021\/01\/2d33b1e4-bdc3-4f0a-9e2d-8af5a9cfa5cd-640x445.jpg 640w, https:\/\/noticiasmercedinas.com\/site\/wp-content\/uploads\/2021\/01\/2d33b1e4-bdc3-4f0a-9e2d-8af5a9cfa5cd-681x474.jpg 681w\" sizes=\"auto, (max-width: 1080px) 100vw, 1080px\" \/><\/p>\n<p>Se realiz\u00f3 a nivel provincial un concurso de muralismo en contexto de encierro. Se llev\u00f3 adelante con el apoyo del Ministerio de Justicia y Derechos Humanos de la provincia de Buenos Aires.<\/p>\n<p>Se seleccionaron en diciembre los ganadores del Concurso de Murales, \u201cEl muro que libera\u201d que fue organizado por el Departamento Cultura, Direcci\u00f3n de Cultura y Deporte, Subdirecci\u00f3n General de Educaci\u00f3n en el \u00e1mbito del Servicio Penitenciario Bonaerense.<\/p>\n<p>\u201cLa octava edici\u00f3n de este importante Concurso art\u00edstico se llev\u00f3 a cabo durante el transcurso del 2020 y con singular \u00e9xito. Cont\u00f3 con la participaci\u00f3n de 49 murales, los que est\u00e1n distribuidos en 19 Unidades de toda la provincia de Buenos Aires, contando con la participaci\u00f3n de 143 Internos e internas quienes en su totalidad recibieron un certificado por las realizaciones logradas\u201d, relat\u00f3 la jefa del Departamento Cultura del SPB, Gabriela R\u00edos.<\/p>\n<p>El jurado de lujo estuvo conformado por las artistas pl\u00e1sticas Irene Castro, Daniela Anzoategui y Maria Mazzarini, quienes tuvieron la responsabilidad de determinar cu\u00e1les fueron las obras ganadoras y de premiar a sus realizadores.<\/p>\n<p>El primer premio fue para la obra realizada en la Unidad 48 San Mart\u00edn, denominada \u00abEducaci\u00f3n Popular y Justicia Social Vs. Poder Real\u00bb, a cargo de los privados de libertad Juan, Abel, Jorge, Mat\u00edas, Rodrigo, Marcos, Leandro, Kevin, Daniel y Luis.<\/p>\n<p>El segundo premio fue para el mural ubicado en la Unidad 45 Melchor Romero, llamado \u00abFamilia y Libertad\u00bb, creado por los internos Sebasti\u00e1n y Cristopher.<\/p>\n<p>Tambi\u00e9n estuvieron en el podio los privados de libertad de la Unidad 57 Campana, con su obra \u00abOportunidad\u00bb, elaborada por Gustavo y Franco, que se quedaron con el tercer premio.<\/p>\n<p>Adem\u00e1s, recibieron menciones especiales los artistas de la Unidad 9 La Plata por el mural \u201cPa\u00f1uelos por la Memoria\u00bb, que realizaron Gustavo, Juan, Brian, Alejandro, Carlos, Orlando Maximiliano, Lucas y Gabriel Alejandro; al igual que Nadia y Erika de la Unidad 51 Magdalena por su obra \u00abVuelo a Colores\u00bb; adem\u00e1s de la obra \u00abSan Juan de la Cruz\u00bb, del Interno Jos\u00e9 de la Unidad 19 Saavedra; como as\u00ed tambi\u00e9n el mural \u201cSue\u00f1os\u201d de los internos Alan, Juan y Aroon de la Unidad 10 Melchor Romero.<\/p>\n<p>Las jurados Castro, Anzoategui y Mazzarini, se expresaron respecto al concurso: \u201cConsideramos al muralismo como una herramienta de arte en contexto, capaz de promover los pensamientos para la construcci\u00f3n de subjetividades que contribuyan al conjunto de la sociedad, amplificando la experiencia visual, sensible y reflexiva, por medio de un lenguaje pl\u00e1stico-po\u00e9tico\u201d.<\/p>\n<p>Al dirigirse a los ganadores expresaron: \u201cCelebramos y felicitamos a todas y todos, por la gran producci\u00f3n y diversidad de obras murales que se han desplegado dentro del Servicio Penitenciario Bonaerense, ya que abonan al ejercicio del arte situado, a la destreza de las t\u00e9cnicas y al trabajo en comunidad\u201d.<\/p>\n<p>Los creadores del mural ganador \u00abEducaci\u00f3n Popular y Justicia Social Vs. Poder Real\u00bb, explicaron su obra: \u201cEl mural contiene a la izquierda la imagen de Paulo Freire que representa la Educaci\u00f3n Popular, el pensamiento, la conciencia cr\u00edtica, a la derecha la imagen de Eva Per\u00f3n que representa la Justicia Social, la mujer, la lucha feminista y la lucha del pueblo, las im\u00e1genes est\u00e1n entrelazadas con una Bandera Wiphala que representa la diversidad cultural, sexual y de pensamiento, todo esto en lucha contra una figura de un pulpo que en cada tent\u00e1culo tiene figuras como la muerte, los medios de comunicaci\u00f3n, la justicia con los ojos y boca tapados por dinero, la junta militar de la dictadura, el parlamento, todo manejado por un brazo que no se sabe bien de quien es , como una marioneta que se rige por el dinero que representa el poder real. El mensaje que se quiere dar es que la lucha contra este poder real que es el predominante en esta sociedad que vivimos son la educaci\u00f3n popular que nos marca un camino hacia una conciencia cr\u00edtica, la justicia social y la lucha del pueblo por ampliar derechos por defender la democracia, por crear conciencia social\u201d.<\/p>\n<p>Estos concursos se llevan adelante con el apoyo del Ministerio de Justicia y Derechos Humanos de la provincia de Buenos Aires, en el \u00e1mbito del Servicio Penitenciario Bonaerense. Se busca a trav\u00e9s del arte impulsar e incentivar a los privados de libertad a buscar un camino positivo y diferente como herramienta de sociabilizaci\u00f3n.<\/p>\n","protected":false},"excerpt":{"rendered":"<p>Se realiz\u00f3 a nivel provincial un concurso de muralismo en contexto de encierro. Se llev\u00f3 adelante con el apoyo del Ministerio de Justicia y Derechos Humanos de la provincia de Buenos Aires. Se seleccionaron en diciembre los ganadores del Concurso de Murales, \u201cEl muro que libera\u201d que fue organizado por el Departamento Cultura, Direcci\u00f3n de [&hellip;]<\/p>\n","protected":false},"author":16,"featured_media":59714,"comment_status":"open","ping_status":"open","sticky":false,"template":"","format":"standard","meta":{"footnotes":""},"categories":[7919],"tags":[190,791,11124,1054,9042],"class_list":["post-59715","post","type-post","status-publish","format-standard","has-post-thumbnail","hentry","category-provinciales","tag-arte","tag-murales","tag-muralismo","tag-spb","tag-unidades-penales"],"yoast_head":"<!-- This site is optimized with the Yoast SEO plugin v27.4 - https:\/\/yoast.com\/product\/yoast-seo-wordpress\/ -->\n<title>Concurso de muralismo en unidades penales<\/title>\n<meta name=\"robots\" content=\"index, follow, max-snippet:-1, max-image-preview:large, max-video-preview:-1\" \/>\n<link rel=\"canonical\" href=\"https:\/\/noticiasmercedinas.com\/site\/2021\/01\/13\/concurso-de-muralismo-en-unidades-penales\/\" \/>\n<meta property=\"og:locale\" content=\"es_ES\" \/>\n<meta property=\"og:type\" content=\"article\" \/>\n<meta property=\"og:title\" content=\"Concurso de muralismo en unidades penales\" \/>\n<meta property=\"og:description\" content=\"Se realiz\u00f3 a nivel provincial un concurso de muralismo en contexto de encierro. Se llev\u00f3 adelante con el apoyo del Ministerio de Justicia y Derechos Humanos de la provincia de Buenos Aires. Se seleccionaron en diciembre los ganadores del Concurso de Murales, \u201cEl muro que libera\u201d que fue organizado por el Departamento Cultura, Direcci\u00f3n de [&hellip;]\" \/>\n<meta property=\"og:url\" content=\"https:\/\/noticiasmercedinas.com\/site\/2021\/01\/13\/concurso-de-muralismo-en-unidades-penales\/\" \/>\n<meta property=\"og:site_name\" content=\"NOTICIASMERCEDINAS.COM\" \/>\n<meta property=\"article:publisher\" content=\"https:\/\/www.facebook.com\/noticiasmercedinas\/\" \/>\n<meta property=\"article:published_time\" content=\"2021-01-13T12:14:27+00:00\" \/>\n<meta property=\"article:modified_time\" content=\"2021-01-13T12:17:16+00:00\" \/>\n<meta property=\"og:image\" content=\"https:\/\/noticiasmercedinas.com\/site\/wp-content\/uploads\/2021\/01\/2d33b1e4-bdc3-4f0a-9e2d-8af5a9cfa5cd.jpg\" \/>\n\t<meta property=\"og:image:width\" content=\"1080\" \/>\n\t<meta property=\"og:image:height\" content=\"751\" \/>\n\t<meta property=\"og:image:type\" content=\"image\/jpeg\" \/>\n<meta name=\"author\" content=\"NOTICIASMERCEDINAS.COM\" \/>\n<meta name=\"twitter:card\" content=\"summary_large_image\" \/>\n<meta name=\"twitter:creator\" content=\"@notmercedinas\" \/>\n<meta name=\"twitter:site\" content=\"@notmercedinas\" \/>\n<meta name=\"twitter:label1\" content=\"Escrito por\" \/>\n\t<meta name=\"twitter:data1\" content=\"NOTICIASMERCEDINAS.COM\" \/>\n\t<meta name=\"twitter:label2\" content=\"Tiempo de lectura\" \/>\n\t<meta name=\"twitter:data2\" content=\"4 minutos\" \/>\n<script type=\"application\/ld+json\" class=\"yoast-schema-graph\">{\"@context\":\"https:\\\/\\\/schema.org\",\"@graph\":[{\"@type\":\"Article\",\"@id\":\"https:\\\/\\\/noticiasmercedinas.com\\\/site\\\/2021\\\/01\\\/13\\\/concurso-de-muralismo-en-unidades-penales\\\/#article\",\"isPartOf\":{\"@id\":\"https:\\\/\\\/noticiasmercedinas.com\\\/site\\\/2021\\\/01\\\/13\\\/concurso-de-muralismo-en-unidades-penales\\\/\"},\"author\":{\"name\":\"NOTICIASMERCEDINAS.COM\",\"@id\":\"https:\\\/\\\/noticiasmercedinas.com\\\/site\\\/#\\\/schema\\\/person\\\/84b59c099c28ff2e8b77d4ceec5d8063\"},\"headline\":\"Concurso de muralismo en unidades penales\",\"datePublished\":\"2021-01-13T12:14:27+00:00\",\"dateModified\":\"2021-01-13T12:17:16+00:00\",\"mainEntityOfPage\":{\"@id\":\"https:\\\/\\\/noticiasmercedinas.com\\\/site\\\/2021\\\/01\\\/13\\\/concurso-de-muralismo-en-unidades-penales\\\/\"},\"wordCount\":743,\"commentCount\":0,\"publisher\":{\"@id\":\"https:\\\/\\\/noticiasmercedinas.com\\\/site\\\/#organization\"},\"image\":{\"@id\":\"https:\\\/\\\/noticiasmercedinas.com\\\/site\\\/2021\\\/01\\\/13\\\/concurso-de-muralismo-en-unidades-penales\\\/#primaryimage\"},\"thumbnailUrl\":\"https:\\\/\\\/noticiasmercedinas.com\\\/site\\\/wp-content\\\/uploads\\\/2021\\\/01\\\/2d33b1e4-bdc3-4f0a-9e2d-8af5a9cfa5cd.jpg\",\"keywords\":[\"arte\",\"murales\",\"muralismo\",\"spb\",\"unidades penales\"],\"articleSection\":[\"Provinciales\"],\"inLanguage\":\"es\",\"potentialAction\":[{\"@type\":\"CommentAction\",\"name\":\"Comment\",\"target\":[\"https:\\\/\\\/noticiasmercedinas.com\\\/site\\\/2021\\\/01\\\/13\\\/concurso-de-muralismo-en-unidades-penales\\\/#respond\"]}]},{\"@type\":\"WebPage\",\"@id\":\"https:\\\/\\\/noticiasmercedinas.com\\\/site\\\/2021\\\/01\\\/13\\\/concurso-de-muralismo-en-unidades-penales\\\/\",\"url\":\"https:\\\/\\\/noticiasmercedinas.com\\\/site\\\/2021\\\/01\\\/13\\\/concurso-de-muralismo-en-unidades-penales\\\/\",\"name\":\"Concurso de muralismo en unidades penales\",\"isPartOf\":{\"@id\":\"https:\\\/\\\/noticiasmercedinas.com\\\/site\\\/#website\"},\"primaryImageOfPage\":{\"@id\":\"https:\\\/\\\/noticiasmercedinas.com\\\/site\\\/2021\\\/01\\\/13\\\/concurso-de-muralismo-en-unidades-penales\\\/#primaryimage\"},\"image\":{\"@id\":\"https:\\\/\\\/noticiasmercedinas.com\\\/site\\\/2021\\\/01\\\/13\\\/concurso-de-muralismo-en-unidades-penales\\\/#primaryimage\"},\"thumbnailUrl\":\"https:\\\/\\\/noticiasmercedinas.com\\\/site\\\/wp-content\\\/uploads\\\/2021\\\/01\\\/2d33b1e4-bdc3-4f0a-9e2d-8af5a9cfa5cd.jpg\",\"datePublished\":\"2021-01-13T12:14:27+00:00\",\"dateModified\":\"2021-01-13T12:17:16+00:00\",\"breadcrumb\":{\"@id\":\"https:\\\/\\\/noticiasmercedinas.com\\\/site\\\/2021\\\/01\\\/13\\\/concurso-de-muralismo-en-unidades-penales\\\/#breadcrumb\"},\"inLanguage\":\"es\",\"potentialAction\":[{\"@type\":\"ReadAction\",\"target\":[\"https:\\\/\\\/noticiasmercedinas.com\\\/site\\\/2021\\\/01\\\/13\\\/concurso-de-muralismo-en-unidades-penales\\\/\"]}]},{\"@type\":\"ImageObject\",\"inLanguage\":\"es\",\"@id\":\"https:\\\/\\\/noticiasmercedinas.com\\\/site\\\/2021\\\/01\\\/13\\\/concurso-de-muralismo-en-unidades-penales\\\/#primaryimage\",\"url\":\"https:\\\/\\\/noticiasmercedinas.com\\\/site\\\/wp-content\\\/uploads\\\/2021\\\/01\\\/2d33b1e4-bdc3-4f0a-9e2d-8af5a9cfa5cd.jpg\",\"contentUrl\":\"https:\\\/\\\/noticiasmercedinas.com\\\/site\\\/wp-content\\\/uploads\\\/2021\\\/01\\\/2d33b1e4-bdc3-4f0a-9e2d-8af5a9cfa5cd.jpg\",\"width\":1080,\"height\":751},{\"@type\":\"BreadcrumbList\",\"@id\":\"https:\\\/\\\/noticiasmercedinas.com\\\/site\\\/2021\\\/01\\\/13\\\/concurso-de-muralismo-en-unidades-penales\\\/#breadcrumb\",\"itemListElement\":[{\"@type\":\"ListItem\",\"position\":1,\"name\":\"Portada\",\"item\":\"https:\\\/\\\/noticiasmercedinas.com\\\/site\\\/\"},{\"@type\":\"ListItem\",\"position\":2,\"name\":\"Concurso de muralismo en unidades penales\"}]},{\"@type\":\"WebSite\",\"@id\":\"https:\\\/\\\/noticiasmercedinas.com\\\/site\\\/#website\",\"url\":\"https:\\\/\\\/noticiasmercedinas.com\\\/site\\\/\",\"name\":\"NOTICIASMERCEDINAS.COM\",\"description\":\"Mercedes, Buenos Aires, Argentina\",\"publisher\":{\"@id\":\"https:\\\/\\\/noticiasmercedinas.com\\\/site\\\/#organization\"},\"potentialAction\":[{\"@type\":\"SearchAction\",\"target\":{\"@type\":\"EntryPoint\",\"urlTemplate\":\"https:\\\/\\\/noticiasmercedinas.com\\\/site\\\/?s={search_term_string}\"},\"query-input\":{\"@type\":\"PropertyValueSpecification\",\"valueRequired\":true,\"valueName\":\"search_term_string\"}}],\"inLanguage\":\"es\"},{\"@type\":\"Organization\",\"@id\":\"https:\\\/\\\/noticiasmercedinas.com\\\/site\\\/#organization\",\"name\":\"NOTICIASMERCEDINAS.COM\",\"url\":\"https:\\\/\\\/noticiasmercedinas.com\\\/site\\\/\",\"logo\":{\"@type\":\"ImageObject\",\"inLanguage\":\"es\",\"@id\":\"https:\\\/\\\/noticiasmercedinas.com\\\/site\\\/#\\\/schema\\\/logo\\\/image\\\/\",\"url\":\"https:\\\/\\\/noticiasmercedinas.com\\\/site\\\/wp-content\\\/uploads\\\/2020\\\/06\\\/LOGO-512.jpg\",\"contentUrl\":\"https:\\\/\\\/noticiasmercedinas.com\\\/site\\\/wp-content\\\/uploads\\\/2020\\\/06\\\/LOGO-512.jpg\",\"width\":512,\"height\":512,\"caption\":\"NOTICIASMERCEDINAS.COM\"},\"image\":{\"@id\":\"https:\\\/\\\/noticiasmercedinas.com\\\/site\\\/#\\\/schema\\\/logo\\\/image\\\/\"},\"sameAs\":[\"https:\\\/\\\/www.facebook.com\\\/noticiasmercedinas\\\/\",\"https:\\\/\\\/x.com\\\/notmercedinas\",\"https:\\\/\\\/www.instagram.com\\\/noticiasmercedinas\\\/\"]},{\"@type\":\"Person\",\"@id\":\"https:\\\/\\\/noticiasmercedinas.com\\\/site\\\/#\\\/schema\\\/person\\\/84b59c099c28ff2e8b77d4ceec5d8063\",\"name\":\"NOTICIASMERCEDINAS.COM\",\"image\":{\"@type\":\"ImageObject\",\"inLanguage\":\"es\",\"@id\":\"https:\\\/\\\/secure.gravatar.com\\\/avatar\\\/4dfbf16b4d17945bfb6341b2d19043457132fcf478a5ee04f42e959fd8f5df0a?s=96&d=mm&r=g\",\"url\":\"https:\\\/\\\/secure.gravatar.com\\\/avatar\\\/4dfbf16b4d17945bfb6341b2d19043457132fcf478a5ee04f42e959fd8f5df0a?s=96&d=mm&r=g\",\"contentUrl\":\"https:\\\/\\\/secure.gravatar.com\\\/avatar\\\/4dfbf16b4d17945bfb6341b2d19043457132fcf478a5ee04f42e959fd8f5df0a?s=96&d=mm&r=g\",\"caption\":\"NOTICIASMERCEDINAS.COM\"},\"url\":\"https:\\\/\\\/noticiasmercedinas.com\\\/site\\\/author\\\/anonimo\\\/\"}]}<\/script>\n<!-- \/ Yoast SEO plugin. -->","yoast_head_json":{"title":"Concurso de muralismo en unidades penales","robots":{"index":"index","follow":"follow","max-snippet":"max-snippet:-1","max-image-preview":"max-image-preview:large","max-video-preview":"max-video-preview:-1"},"canonical":"https:\/\/noticiasmercedinas.com\/site\/2021\/01\/13\/concurso-de-muralismo-en-unidades-penales\/","og_locale":"es_ES","og_type":"article","og_title":"Concurso de muralismo en unidades penales","og_description":"Se realiz\u00f3 a nivel provincial un concurso de muralismo en contexto de encierro. Se llev\u00f3 adelante con el apoyo del Ministerio de Justicia y Derechos Humanos de la provincia de Buenos Aires. Se seleccionaron en diciembre los ganadores del Concurso de Murales, \u201cEl muro que libera\u201d que fue organizado por el Departamento Cultura, Direcci\u00f3n de [&hellip;]","og_url":"https:\/\/noticiasmercedinas.com\/site\/2021\/01\/13\/concurso-de-muralismo-en-unidades-penales\/","og_site_name":"NOTICIASMERCEDINAS.COM","article_publisher":"https:\/\/www.facebook.com\/noticiasmercedinas\/","article_published_time":"2021-01-13T12:14:27+00:00","article_modified_time":"2021-01-13T12:17:16+00:00","og_image":[{"width":1080,"height":751,"url":"https:\/\/noticiasmercedinas.com\/site\/wp-content\/uploads\/2021\/01\/2d33b1e4-bdc3-4f0a-9e2d-8af5a9cfa5cd.jpg","type":"image\/jpeg"}],"author":"NOTICIASMERCEDINAS.COM","twitter_card":"summary_large_image","twitter_creator":"@notmercedinas","twitter_site":"@notmercedinas","twitter_misc":{"Escrito por":"NOTICIASMERCEDINAS.COM","Tiempo de lectura":"4 minutos"},"schema":{"@context":"https:\/\/schema.org","@graph":[{"@type":"Article","@id":"https:\/\/noticiasmercedinas.com\/site\/2021\/01\/13\/concurso-de-muralismo-en-unidades-penales\/#article","isPartOf":{"@id":"https:\/\/noticiasmercedinas.com\/site\/2021\/01\/13\/concurso-de-muralismo-en-unidades-penales\/"},"author":{"name":"NOTICIASMERCEDINAS.COM","@id":"https:\/\/noticiasmercedinas.com\/site\/#\/schema\/person\/84b59c099c28ff2e8b77d4ceec5d8063"},"headline":"Concurso de muralismo en unidades penales","datePublished":"2021-01-13T12:14:27+00:00","dateModified":"2021-01-13T12:17:16+00:00","mainEntityOfPage":{"@id":"https:\/\/noticiasmercedinas.com\/site\/2021\/01\/13\/concurso-de-muralismo-en-unidades-penales\/"},"wordCount":743,"commentCount":0,"publisher":{"@id":"https:\/\/noticiasmercedinas.com\/site\/#organization"},"image":{"@id":"https:\/\/noticiasmercedinas.com\/site\/2021\/01\/13\/concurso-de-muralismo-en-unidades-penales\/#primaryimage"},"thumbnailUrl":"https:\/\/noticiasmercedinas.com\/site\/wp-content\/uploads\/2021\/01\/2d33b1e4-bdc3-4f0a-9e2d-8af5a9cfa5cd.jpg","keywords":["arte","murales","muralismo","spb","unidades penales"],"articleSection":["Provinciales"],"inLanguage":"es","potentialAction":[{"@type":"CommentAction","name":"Comment","target":["https:\/\/noticiasmercedinas.com\/site\/2021\/01\/13\/concurso-de-muralismo-en-unidades-penales\/#respond"]}]},{"@type":"WebPage","@id":"https:\/\/noticiasmercedinas.com\/site\/2021\/01\/13\/concurso-de-muralismo-en-unidades-penales\/","url":"https:\/\/noticiasmercedinas.com\/site\/2021\/01\/13\/concurso-de-muralismo-en-unidades-penales\/","name":"Concurso de muralismo en unidades penales","isPartOf":{"@id":"https:\/\/noticiasmercedinas.com\/site\/#website"},"primaryImageOfPage":{"@id":"https:\/\/noticiasmercedinas.com\/site\/2021\/01\/13\/concurso-de-muralismo-en-unidades-penales\/#primaryimage"},"image":{"@id":"https:\/\/noticiasmercedinas.com\/site\/2021\/01\/13\/concurso-de-muralismo-en-unidades-penales\/#primaryimage"},"thumbnailUrl":"https:\/\/noticiasmercedinas.com\/site\/wp-content\/uploads\/2021\/01\/2d33b1e4-bdc3-4f0a-9e2d-8af5a9cfa5cd.jpg","datePublished":"2021-01-13T12:14:27+00:00","dateModified":"2021-01-13T12:17:16+00:00","breadcrumb":{"@id":"https:\/\/noticiasmercedinas.com\/site\/2021\/01\/13\/concurso-de-muralismo-en-unidades-penales\/#breadcrumb"},"inLanguage":"es","potentialAction":[{"@type":"ReadAction","target":["https:\/\/noticiasmercedinas.com\/site\/2021\/01\/13\/concurso-de-muralismo-en-unidades-penales\/"]}]},{"@type":"ImageObject","inLanguage":"es","@id":"https:\/\/noticiasmercedinas.com\/site\/2021\/01\/13\/concurso-de-muralismo-en-unidades-penales\/#primaryimage","url":"https:\/\/noticiasmercedinas.com\/site\/wp-content\/uploads\/2021\/01\/2d33b1e4-bdc3-4f0a-9e2d-8af5a9cfa5cd.jpg","contentUrl":"https:\/\/noticiasmercedinas.com\/site\/wp-content\/uploads\/2021\/01\/2d33b1e4-bdc3-4f0a-9e2d-8af5a9cfa5cd.jpg","width":1080,"height":751},{"@type":"BreadcrumbList","@id":"https:\/\/noticiasmercedinas.com\/site\/2021\/01\/13\/concurso-de-muralismo-en-unidades-penales\/#breadcrumb","itemListElement":[{"@type":"ListItem","position":1,"name":"Portada","item":"https:\/\/noticiasmercedinas.com\/site\/"},{"@type":"ListItem","position":2,"name":"Concurso de muralismo en unidades penales"}]},{"@type":"WebSite","@id":"https:\/\/noticiasmercedinas.com\/site\/#website","url":"https:\/\/noticiasmercedinas.com\/site\/","name":"NOTICIASMERCEDINAS.COM","description":"Mercedes, Buenos Aires, Argentina","publisher":{"@id":"https:\/\/noticiasmercedinas.com\/site\/#organization"},"potentialAction":[{"@type":"SearchAction","target":{"@type":"EntryPoint","urlTemplate":"https:\/\/noticiasmercedinas.com\/site\/?s={search_term_string}"},"query-input":{"@type":"PropertyValueSpecification","valueRequired":true,"valueName":"search_term_string"}}],"inLanguage":"es"},{"@type":"Organization","@id":"https:\/\/noticiasmercedinas.com\/site\/#organization","name":"NOTICIASMERCEDINAS.COM","url":"https:\/\/noticiasmercedinas.com\/site\/","logo":{"@type":"ImageObject","inLanguage":"es","@id":"https:\/\/noticiasmercedinas.com\/site\/#\/schema\/logo\/image\/","url":"https:\/\/noticiasmercedinas.com\/site\/wp-content\/uploads\/2020\/06\/LOGO-512.jpg","contentUrl":"https:\/\/noticiasmercedinas.com\/site\/wp-content\/uploads\/2020\/06\/LOGO-512.jpg","width":512,"height":512,"caption":"NOTICIASMERCEDINAS.COM"},"image":{"@id":"https:\/\/noticiasmercedinas.com\/site\/#\/schema\/logo\/image\/"},"sameAs":["https:\/\/www.facebook.com\/noticiasmercedinas\/","https:\/\/x.com\/notmercedinas","https:\/\/www.instagram.com\/noticiasmercedinas\/"]},{"@type":"Person","@id":"https:\/\/noticiasmercedinas.com\/site\/#\/schema\/person\/84b59c099c28ff2e8b77d4ceec5d8063","name":"NOTICIASMERCEDINAS.COM","image":{"@type":"ImageObject","inLanguage":"es","@id":"https:\/\/secure.gravatar.com\/avatar\/4dfbf16b4d17945bfb6341b2d19043457132fcf478a5ee04f42e959fd8f5df0a?s=96&d=mm&r=g","url":"https:\/\/secure.gravatar.com\/avatar\/4dfbf16b4d17945bfb6341b2d19043457132fcf478a5ee04f42e959fd8f5df0a?s=96&d=mm&r=g","contentUrl":"https:\/\/secure.gravatar.com\/avatar\/4dfbf16b4d17945bfb6341b2d19043457132fcf478a5ee04f42e959fd8f5df0a?s=96&d=mm&r=g","caption":"NOTICIASMERCEDINAS.COM"},"url":"https:\/\/noticiasmercedinas.com\/site\/author\/anonimo\/"}]}},"amp_enabled":true,"_links":{"self":[{"href":"https:\/\/noticiasmercedinas.com\/site\/wp-json\/wp\/v2\/posts\/59715","targetHints":{"allow":["GET"]}}],"collection":[{"href":"https:\/\/noticiasmercedinas.com\/site\/wp-json\/wp\/v2\/posts"}],"about":[{"href":"https:\/\/noticiasmercedinas.com\/site\/wp-json\/wp\/v2\/types\/post"}],"author":[{"embeddable":true,"href":"https:\/\/noticiasmercedinas.com\/site\/wp-json\/wp\/v2\/users\/16"}],"replies":[{"embeddable":true,"href":"https:\/\/noticiasmercedinas.com\/site\/wp-json\/wp\/v2\/comments?post=59715"}],"version-history":[{"count":4,"href":"https:\/\/noticiasmercedinas.com\/site\/wp-json\/wp\/v2\/posts\/59715\/revisions"}],"predecessor-version":[{"id":59719,"href":"https:\/\/noticiasmercedinas.com\/site\/wp-json\/wp\/v2\/posts\/59715\/revisions\/59719"}],"wp:featuredmedia":[{"embeddable":true,"href":"https:\/\/noticiasmercedinas.com\/site\/wp-json\/wp\/v2\/media\/59714"}],"wp:attachment":[{"href":"https:\/\/noticiasmercedinas.com\/site\/wp-json\/wp\/v2\/media?parent=59715"}],"wp:term":[{"taxonomy":"category","embeddable":true,"href":"https:\/\/noticiasmercedinas.com\/site\/wp-json\/wp\/v2\/categories?post=59715"},{"taxonomy":"post_tag","embeddable":true,"href":"https:\/\/noticiasmercedinas.com\/site\/wp-json\/wp\/v2\/tags?post=59715"}],"curies":[{"name":"wp","href":"https:\/\/api.w.org\/{rel}","templated":true}]}}