{"id":59759,"date":"2021-01-13T18:15:49","date_gmt":"2021-01-13T21:15:49","guid":{"rendered":"https:\/\/noticiasmercedinas.com\/site\/?p=59759"},"modified":"2021-01-13T18:15:49","modified_gmt":"2021-01-13T21:15:49","slug":"linea-de-chat-para-acompanar-y-prevenir-consumo-problematico","status":"publish","type":"post","link":"https:\/\/noticiasmercedinas.com\/site\/2021\/01\/13\/linea-de-chat-para-acompanar-y-prevenir-consumo-problematico\/","title":{"rendered":"L\u00ednea de chat para acompa\u00f1ar y prevenir consumo problem\u00e1tico"},"content":{"rendered":"<p><img loading=\"lazy\" decoding=\"async\" class=\"alignnone size-full wp-image-59760\" src=\"https:\/\/noticiasmercedinas.com\/site\/wp-content\/uploads\/2021\/01\/WhatsApp-Image-2021-01-13-at-14.44.52.jpeg\" alt=\"\" width=\"1023\" height=\"1024\" srcset=\"https:\/\/noticiasmercedinas.com\/site\/wp-content\/uploads\/2021\/01\/WhatsApp-Image-2021-01-13-at-14.44.52.jpeg 1023w, https:\/\/noticiasmercedinas.com\/site\/wp-content\/uploads\/2021\/01\/WhatsApp-Image-2021-01-13-at-14.44.52-300x300.jpeg 300w, https:\/\/noticiasmercedinas.com\/site\/wp-content\/uploads\/2021\/01\/WhatsApp-Image-2021-01-13-at-14.44.52-150x150.jpeg 150w, https:\/\/noticiasmercedinas.com\/site\/wp-content\/uploads\/2021\/01\/WhatsApp-Image-2021-01-13-at-14.44.52-768x769.jpeg 768w, https:\/\/noticiasmercedinas.com\/site\/wp-content\/uploads\/2021\/01\/WhatsApp-Image-2021-01-13-at-14.44.52-640x641.jpeg 640w, https:\/\/noticiasmercedinas.com\/site\/wp-content\/uploads\/2021\/01\/WhatsApp-Image-2021-01-13-at-14.44.52-681x682.jpeg 681w\" sizes=\"auto, (max-width: 1023px) 100vw, 1023px\" \/><\/p>\n<p>El Ministerio de Salud bonaerense habilit\u00f3 una l\u00ednea telef\u00f3nica para llamar o chatear y realizar consultas sobre consumos de drogas y alcohol. Quienes se comuniquen al 221-5421478 ser\u00e1n atendidos por especialistas de la Subsecretar\u00eda de Salud Mental, Consumos Problem\u00e1ticos y Violencias en el \u00e1mbito de la Salud P\u00fablica.<\/p>\n<p>La iniciativa forma parte de la f\u00f3rmula del ABCD lanzada por la Provincia para disfrutar esta temporada sin arriesgar la salud de los turistas. Este dispositivo de acompa\u00f1amiento se enmarca dentro de las estrategias dise\u00f1adas desde una perspectiva de reducci\u00f3n de riesgo y da\u00f1o en relaci\u00f3n a los consumos para evitar excesos e intoxicaciones; por un lado, y la posibilidad de contagio de COVID-19 por el otro.<\/p>\n<p>\u201cEn este verano at\u00edpico marcado por los cuidados de la pandemia integramos el plan de salud para esta temporada con los cuidados a tener en torno a los consumos, tendiendo a reforzar las medidas preventivas ante el Covid-19 referidos a no compartir botellas ni cigarrillos; como una fuente problem\u00e1tica de contagio\u201d, explic\u00f3 la subsecretaria de Salud Mental, Consumos Problem\u00e1ticos y Violencias en el \u00e1mbito de la Salud P\u00fablica, <strong>Julieta Calmels<\/strong>.<\/p>\n<p>En ese marco, se cre\u00f3 un n\u00famero de tel\u00e9fono celular para que los j\u00f3venes pueden chatear con un equipo de especialistas de esa \u00e1rea y plantear dudas e inquietudes en relaci\u00f3n a cualquier tema que tenga que ver con sus consumos y, al mismo tiempo, tambi\u00e9n tengan la accesibilidad a los espacios de atenci\u00f3n, ya sean de urgencia o de tratamientos.<\/p>\n<p>Calmels destac\u00f3 que \u201cel dispositivo telef\u00f3nico de chateo o llamada, pero habilitando el chat como un modo m\u00e1s accesible para los j\u00f3venes; tiene el sentido no solamente de atender una urgencia o una situaci\u00f3n de crisis en t\u00e9rminos de salud; sino tambi\u00e9n de un acompa\u00f1amiento activo del Estado a los j\u00f3venes para comprender que implican los consumos y c\u00f3mo, en todo caso, construir consumos que no los pongan en riesgo\u201d.<\/p>\n<p>Desde la Subsecretar\u00eda se trabaja desde la perspectiva de reducci\u00f3n de riesgos y da\u00f1os, no la de prohibir porque hace mal sino la de regular mediante aconsejar y sugerir responsabilidad en los modos de consumos para que sean menos perjudiciales.<\/p>\n<p>En este sentido, se apunta a interpelar tanto a los j\u00f3venes como a los adultos, para el consumo moderado y responsable; dentro de las estrategias de autocuidado, al mismo tiempo que se apunta a generar cuidados colectivos entre los amigos y amigas, entre pares y miembros de la comunidad.<\/p>\n<p><strong>POSTAS SANITARIAS<\/strong><\/p>\n<p>Desde la Subsecretar\u00eda detallaron adem\u00e1s que durante esta temporada los trabajadores y trabajadoras de los CPA (Centro Provincial de Atenci\u00f3n), realizan actividades de prevenci\u00f3n de los consumos problem\u00e1ticos y promoci\u00f3n de los consumos responsables en las distintas postas sanitarias que la Provincia dispuso para estar presente en cada ciudad tur\u00edstica.<\/p>\n<p>Esta presencia garantiza tambi\u00e9n que se fortalezcan los circuitos de asistencia o urgencias que puedan presentarse, y al mismo tiempo permite capacitar a los promotores y promotoras de las postas para que puedan incorporar el paradigma de reducci\u00f3n de riesgo y da\u00f1o en las intervenciones que se realizan mediante actividades l\u00fadicas.<\/p>\n","protected":false},"excerpt":{"rendered":"<p>\u25a0 Ser\u00e1 atendida por especialistas y apunta a reforzar los cuidados ante el coronavirus y promocionar consumos responsables en j\u00f3venes y en adultos.<\/p>\n","protected":false},"author":16,"featured_media":59760,"comment_status":"open","ping_status":"open","sticky":false,"template":"","format":"standard","meta":{"footnotes":""},"categories":[7919],"tags":[1191,10316],"class_list":["post-59759","post","type-post","status-publish","format-standard","has-post-thumbnail","hentry","category-provinciales","tag-consumos-problematicos","tag-julieta-calmels"],"yoast_head":"<!-- This site is optimized with the Yoast SEO plugin v27.4 - https:\/\/yoast.com\/product\/yoast-seo-wordpress\/ -->\n<title>L\u00ednea de chat para acompa\u00f1ar y prevenir consumo problem\u00e1tico<\/title>\n<meta name=\"robots\" content=\"index, follow, max-snippet:-1, max-image-preview:large, max-video-preview:-1\" \/>\n<link rel=\"canonical\" href=\"https:\/\/noticiasmercedinas.com\/site\/2021\/01\/13\/linea-de-chat-para-acompanar-y-prevenir-consumo-problematico\/\" \/>\n<meta property=\"og:locale\" content=\"es_ES\" \/>\n<meta property=\"og:type\" content=\"article\" \/>\n<meta property=\"og:title\" content=\"L\u00ednea de chat para acompa\u00f1ar y prevenir consumo problem\u00e1tico\" \/>\n<meta property=\"og:description\" content=\"\u25a0 Ser\u00e1 atendida por especialistas y apunta a reforzar los cuidados ante el coronavirus y promocionar consumos responsables en j\u00f3venes y en adultos.\" \/>\n<meta property=\"og:url\" content=\"https:\/\/noticiasmercedinas.com\/site\/2021\/01\/13\/linea-de-chat-para-acompanar-y-prevenir-consumo-problematico\/\" \/>\n<meta property=\"og:site_name\" content=\"NOTICIASMERCEDINAS.COM\" \/>\n<meta property=\"article:publisher\" content=\"https:\/\/www.facebook.com\/noticiasmercedinas\/\" \/>\n<meta property=\"article:published_time\" content=\"2021-01-13T21:15:49+00:00\" \/>\n<meta property=\"og:image\" content=\"https:\/\/noticiasmercedinas.com\/site\/wp-content\/uploads\/2021\/01\/WhatsApp-Image-2021-01-13-at-14.44.52.jpeg\" \/>\n\t<meta property=\"og:image:width\" content=\"1023\" \/>\n\t<meta property=\"og:image:height\" content=\"1024\" \/>\n\t<meta property=\"og:image:type\" content=\"image\/jpeg\" \/>\n<meta name=\"author\" content=\"NOTICIASMERCEDINAS.COM\" \/>\n<meta name=\"twitter:card\" content=\"summary_large_image\" \/>\n<meta name=\"twitter:creator\" content=\"@notmercedinas\" \/>\n<meta name=\"twitter:site\" content=\"@notmercedinas\" \/>\n<meta name=\"twitter:label1\" content=\"Escrito por\" \/>\n\t<meta name=\"twitter:data1\" content=\"NOTICIASMERCEDINAS.COM\" \/>\n\t<meta name=\"twitter:label2\" content=\"Tiempo de lectura\" \/>\n\t<meta name=\"twitter:data2\" content=\"3 minutos\" \/>\n<script type=\"application\/ld+json\" class=\"yoast-schema-graph\">{\"@context\":\"https:\\\/\\\/schema.org\",\"@graph\":[{\"@type\":\"Article\",\"@id\":\"https:\\\/\\\/noticiasmercedinas.com\\\/site\\\/2021\\\/01\\\/13\\\/linea-de-chat-para-acompanar-y-prevenir-consumo-problematico\\\/#article\",\"isPartOf\":{\"@id\":\"https:\\\/\\\/noticiasmercedinas.com\\\/site\\\/2021\\\/01\\\/13\\\/linea-de-chat-para-acompanar-y-prevenir-consumo-problematico\\\/\"},\"author\":{\"name\":\"NOTICIASMERCEDINAS.COM\",\"@id\":\"https:\\\/\\\/noticiasmercedinas.com\\\/site\\\/#\\\/schema\\\/person\\\/84b59c099c28ff2e8b77d4ceec5d8063\"},\"headline\":\"L\u00ednea de chat para acompa\u00f1ar y prevenir consumo problem\u00e1tico\",\"datePublished\":\"2021-01-13T21:15:49+00:00\",\"mainEntityOfPage\":{\"@id\":\"https:\\\/\\\/noticiasmercedinas.com\\\/site\\\/2021\\\/01\\\/13\\\/linea-de-chat-para-acompanar-y-prevenir-consumo-problematico\\\/\"},\"wordCount\":566,\"commentCount\":0,\"publisher\":{\"@id\":\"https:\\\/\\\/noticiasmercedinas.com\\\/site\\\/#organization\"},\"image\":{\"@id\":\"https:\\\/\\\/noticiasmercedinas.com\\\/site\\\/2021\\\/01\\\/13\\\/linea-de-chat-para-acompanar-y-prevenir-consumo-problematico\\\/#primaryimage\"},\"thumbnailUrl\":\"https:\\\/\\\/noticiasmercedinas.com\\\/site\\\/wp-content\\\/uploads\\\/2021\\\/01\\\/WhatsApp-Image-2021-01-13-at-14.44.52.jpeg\",\"keywords\":[\"consumos problematicos\",\"julieta calmels\"],\"articleSection\":[\"Provinciales\"],\"inLanguage\":\"es\",\"potentialAction\":[{\"@type\":\"CommentAction\",\"name\":\"Comment\",\"target\":[\"https:\\\/\\\/noticiasmercedinas.com\\\/site\\\/2021\\\/01\\\/13\\\/linea-de-chat-para-acompanar-y-prevenir-consumo-problematico\\\/#respond\"]}]},{\"@type\":\"WebPage\",\"@id\":\"https:\\\/\\\/noticiasmercedinas.com\\\/site\\\/2021\\\/01\\\/13\\\/linea-de-chat-para-acompanar-y-prevenir-consumo-problematico\\\/\",\"url\":\"https:\\\/\\\/noticiasmercedinas.com\\\/site\\\/2021\\\/01\\\/13\\\/linea-de-chat-para-acompanar-y-prevenir-consumo-problematico\\\/\",\"name\":\"L\u00ednea de chat para acompa\u00f1ar y prevenir consumo problem\u00e1tico\",\"isPartOf\":{\"@id\":\"https:\\\/\\\/noticiasmercedinas.com\\\/site\\\/#website\"},\"primaryImageOfPage\":{\"@id\":\"https:\\\/\\\/noticiasmercedinas.com\\\/site\\\/2021\\\/01\\\/13\\\/linea-de-chat-para-acompanar-y-prevenir-consumo-problematico\\\/#primaryimage\"},\"image\":{\"@id\":\"https:\\\/\\\/noticiasmercedinas.com\\\/site\\\/2021\\\/01\\\/13\\\/linea-de-chat-para-acompanar-y-prevenir-consumo-problematico\\\/#primaryimage\"},\"thumbnailUrl\":\"https:\\\/\\\/noticiasmercedinas.com\\\/site\\\/wp-content\\\/uploads\\\/2021\\\/01\\\/WhatsApp-Image-2021-01-13-at-14.44.52.jpeg\",\"datePublished\":\"2021-01-13T21:15:49+00:00\",\"breadcrumb\":{\"@id\":\"https:\\\/\\\/noticiasmercedinas.com\\\/site\\\/2021\\\/01\\\/13\\\/linea-de-chat-para-acompanar-y-prevenir-consumo-problematico\\\/#breadcrumb\"},\"inLanguage\":\"es\",\"potentialAction\":[{\"@type\":\"ReadAction\",\"target\":[\"https:\\\/\\\/noticiasmercedinas.com\\\/site\\\/2021\\\/01\\\/13\\\/linea-de-chat-para-acompanar-y-prevenir-consumo-problematico\\\/\"]}]},{\"@type\":\"ImageObject\",\"inLanguage\":\"es\",\"@id\":\"https:\\\/\\\/noticiasmercedinas.com\\\/site\\\/2021\\\/01\\\/13\\\/linea-de-chat-para-acompanar-y-prevenir-consumo-problematico\\\/#primaryimage\",\"url\":\"https:\\\/\\\/noticiasmercedinas.com\\\/site\\\/wp-content\\\/uploads\\\/2021\\\/01\\\/WhatsApp-Image-2021-01-13-at-14.44.52.jpeg\",\"contentUrl\":\"https:\\\/\\\/noticiasmercedinas.com\\\/site\\\/wp-content\\\/uploads\\\/2021\\\/01\\\/WhatsApp-Image-2021-01-13-at-14.44.52.jpeg\",\"width\":1023,\"height\":1024},{\"@type\":\"BreadcrumbList\",\"@id\":\"https:\\\/\\\/noticiasmercedinas.com\\\/site\\\/2021\\\/01\\\/13\\\/linea-de-chat-para-acompanar-y-prevenir-consumo-problematico\\\/#breadcrumb\",\"itemListElement\":[{\"@type\":\"ListItem\",\"position\":1,\"name\":\"Portada\",\"item\":\"https:\\\/\\\/noticiasmercedinas.com\\\/site\\\/\"},{\"@type\":\"ListItem\",\"position\":2,\"name\":\"L\u00ednea de chat para acompa\u00f1ar y prevenir consumo problem\u00e1tico\"}]},{\"@type\":\"WebSite\",\"@id\":\"https:\\\/\\\/noticiasmercedinas.com\\\/site\\\/#website\",\"url\":\"https:\\\/\\\/noticiasmercedinas.com\\\/site\\\/\",\"name\":\"NOTICIASMERCEDINAS.COM\",\"description\":\"Mercedes, Buenos Aires, Argentina\",\"publisher\":{\"@id\":\"https:\\\/\\\/noticiasmercedinas.com\\\/site\\\/#organization\"},\"potentialAction\":[{\"@type\":\"SearchAction\",\"target\":{\"@type\":\"EntryPoint\",\"urlTemplate\":\"https:\\\/\\\/noticiasmercedinas.com\\\/site\\\/?s={search_term_string}\"},\"query-input\":{\"@type\":\"PropertyValueSpecification\",\"valueRequired\":true,\"valueName\":\"search_term_string\"}}],\"inLanguage\":\"es\"},{\"@type\":\"Organization\",\"@id\":\"https:\\\/\\\/noticiasmercedinas.com\\\/site\\\/#organization\",\"name\":\"NOTICIASMERCEDINAS.COM\",\"url\":\"https:\\\/\\\/noticiasmercedinas.com\\\/site\\\/\",\"logo\":{\"@type\":\"ImageObject\",\"inLanguage\":\"es\",\"@id\":\"https:\\\/\\\/noticiasmercedinas.com\\\/site\\\/#\\\/schema\\\/logo\\\/image\\\/\",\"url\":\"https:\\\/\\\/noticiasmercedinas.com\\\/site\\\/wp-content\\\/uploads\\\/2020\\\/06\\\/LOGO-512.jpg\",\"contentUrl\":\"https:\\\/\\\/noticiasmercedinas.com\\\/site\\\/wp-content\\\/uploads\\\/2020\\\/06\\\/LOGO-512.jpg\",\"width\":512,\"height\":512,\"caption\":\"NOTICIASMERCEDINAS.COM\"},\"image\":{\"@id\":\"https:\\\/\\\/noticiasmercedinas.com\\\/site\\\/#\\\/schema\\\/logo\\\/image\\\/\"},\"sameAs\":[\"https:\\\/\\\/www.facebook.com\\\/noticiasmercedinas\\\/\",\"https:\\\/\\\/x.com\\\/notmercedinas\",\"https:\\\/\\\/www.instagram.com\\\/noticiasmercedinas\\\/\"]},{\"@type\":\"Person\",\"@id\":\"https:\\\/\\\/noticiasmercedinas.com\\\/site\\\/#\\\/schema\\\/person\\\/84b59c099c28ff2e8b77d4ceec5d8063\",\"name\":\"NOTICIASMERCEDINAS.COM\",\"image\":{\"@type\":\"ImageObject\",\"inLanguage\":\"es\",\"@id\":\"https:\\\/\\\/secure.gravatar.com\\\/avatar\\\/4dfbf16b4d17945bfb6341b2d19043457132fcf478a5ee04f42e959fd8f5df0a?s=96&d=mm&r=g\",\"url\":\"https:\\\/\\\/secure.gravatar.com\\\/avatar\\\/4dfbf16b4d17945bfb6341b2d19043457132fcf478a5ee04f42e959fd8f5df0a?s=96&d=mm&r=g\",\"contentUrl\":\"https:\\\/\\\/secure.gravatar.com\\\/avatar\\\/4dfbf16b4d17945bfb6341b2d19043457132fcf478a5ee04f42e959fd8f5df0a?s=96&d=mm&r=g\",\"caption\":\"NOTICIASMERCEDINAS.COM\"},\"url\":\"https:\\\/\\\/noticiasmercedinas.com\\\/site\\\/author\\\/anonimo\\\/\"}]}<\/script>\n<!-- \/ Yoast SEO plugin. -->","yoast_head_json":{"title":"L\u00ednea de chat para acompa\u00f1ar y prevenir consumo problem\u00e1tico","robots":{"index":"index","follow":"follow","max-snippet":"max-snippet:-1","max-image-preview":"max-image-preview:large","max-video-preview":"max-video-preview:-1"},"canonical":"https:\/\/noticiasmercedinas.com\/site\/2021\/01\/13\/linea-de-chat-para-acompanar-y-prevenir-consumo-problematico\/","og_locale":"es_ES","og_type":"article","og_title":"L\u00ednea de chat para acompa\u00f1ar y prevenir consumo problem\u00e1tico","og_description":"\u25a0 Ser\u00e1 atendida por especialistas y apunta a reforzar los cuidados ante el coronavirus y promocionar consumos responsables en j\u00f3venes y en adultos.","og_url":"https:\/\/noticiasmercedinas.com\/site\/2021\/01\/13\/linea-de-chat-para-acompanar-y-prevenir-consumo-problematico\/","og_site_name":"NOTICIASMERCEDINAS.COM","article_publisher":"https:\/\/www.facebook.com\/noticiasmercedinas\/","article_published_time":"2021-01-13T21:15:49+00:00","og_image":[{"width":1023,"height":1024,"url":"https:\/\/noticiasmercedinas.com\/site\/wp-content\/uploads\/2021\/01\/WhatsApp-Image-2021-01-13-at-14.44.52.jpeg","type":"image\/jpeg"}],"author":"NOTICIASMERCEDINAS.COM","twitter_card":"summary_large_image","twitter_creator":"@notmercedinas","twitter_site":"@notmercedinas","twitter_misc":{"Escrito por":"NOTICIASMERCEDINAS.COM","Tiempo de lectura":"3 minutos"},"schema":{"@context":"https:\/\/schema.org","@graph":[{"@type":"Article","@id":"https:\/\/noticiasmercedinas.com\/site\/2021\/01\/13\/linea-de-chat-para-acompanar-y-prevenir-consumo-problematico\/#article","isPartOf":{"@id":"https:\/\/noticiasmercedinas.com\/site\/2021\/01\/13\/linea-de-chat-para-acompanar-y-prevenir-consumo-problematico\/"},"author":{"name":"NOTICIASMERCEDINAS.COM","@id":"https:\/\/noticiasmercedinas.com\/site\/#\/schema\/person\/84b59c099c28ff2e8b77d4ceec5d8063"},"headline":"L\u00ednea de chat para acompa\u00f1ar y prevenir consumo problem\u00e1tico","datePublished":"2021-01-13T21:15:49+00:00","mainEntityOfPage":{"@id":"https:\/\/noticiasmercedinas.com\/site\/2021\/01\/13\/linea-de-chat-para-acompanar-y-prevenir-consumo-problematico\/"},"wordCount":566,"commentCount":0,"publisher":{"@id":"https:\/\/noticiasmercedinas.com\/site\/#organization"},"image":{"@id":"https:\/\/noticiasmercedinas.com\/site\/2021\/01\/13\/linea-de-chat-para-acompanar-y-prevenir-consumo-problematico\/#primaryimage"},"thumbnailUrl":"https:\/\/noticiasmercedinas.com\/site\/wp-content\/uploads\/2021\/01\/WhatsApp-Image-2021-01-13-at-14.44.52.jpeg","keywords":["consumos problematicos","julieta calmels"],"articleSection":["Provinciales"],"inLanguage":"es","potentialAction":[{"@type":"CommentAction","name":"Comment","target":["https:\/\/noticiasmercedinas.com\/site\/2021\/01\/13\/linea-de-chat-para-acompanar-y-prevenir-consumo-problematico\/#respond"]}]},{"@type":"WebPage","@id":"https:\/\/noticiasmercedinas.com\/site\/2021\/01\/13\/linea-de-chat-para-acompanar-y-prevenir-consumo-problematico\/","url":"https:\/\/noticiasmercedinas.com\/site\/2021\/01\/13\/linea-de-chat-para-acompanar-y-prevenir-consumo-problematico\/","name":"L\u00ednea de chat para acompa\u00f1ar y prevenir consumo problem\u00e1tico","isPartOf":{"@id":"https:\/\/noticiasmercedinas.com\/site\/#website"},"primaryImageOfPage":{"@id":"https:\/\/noticiasmercedinas.com\/site\/2021\/01\/13\/linea-de-chat-para-acompanar-y-prevenir-consumo-problematico\/#primaryimage"},"image":{"@id":"https:\/\/noticiasmercedinas.com\/site\/2021\/01\/13\/linea-de-chat-para-acompanar-y-prevenir-consumo-problematico\/#primaryimage"},"thumbnailUrl":"https:\/\/noticiasmercedinas.com\/site\/wp-content\/uploads\/2021\/01\/WhatsApp-Image-2021-01-13-at-14.44.52.jpeg","datePublished":"2021-01-13T21:15:49+00:00","breadcrumb":{"@id":"https:\/\/noticiasmercedinas.com\/site\/2021\/01\/13\/linea-de-chat-para-acompanar-y-prevenir-consumo-problematico\/#breadcrumb"},"inLanguage":"es","potentialAction":[{"@type":"ReadAction","target":["https:\/\/noticiasmercedinas.com\/site\/2021\/01\/13\/linea-de-chat-para-acompanar-y-prevenir-consumo-problematico\/"]}]},{"@type":"ImageObject","inLanguage":"es","@id":"https:\/\/noticiasmercedinas.com\/site\/2021\/01\/13\/linea-de-chat-para-acompanar-y-prevenir-consumo-problematico\/#primaryimage","url":"https:\/\/noticiasmercedinas.com\/site\/wp-content\/uploads\/2021\/01\/WhatsApp-Image-2021-01-13-at-14.44.52.jpeg","contentUrl":"https:\/\/noticiasmercedinas.com\/site\/wp-content\/uploads\/2021\/01\/WhatsApp-Image-2021-01-13-at-14.44.52.jpeg","width":1023,"height":1024},{"@type":"BreadcrumbList","@id":"https:\/\/noticiasmercedinas.com\/site\/2021\/01\/13\/linea-de-chat-para-acompanar-y-prevenir-consumo-problematico\/#breadcrumb","itemListElement":[{"@type":"ListItem","position":1,"name":"Portada","item":"https:\/\/noticiasmercedinas.com\/site\/"},{"@type":"ListItem","position":2,"name":"L\u00ednea de chat para acompa\u00f1ar y prevenir consumo problem\u00e1tico"}]},{"@type":"WebSite","@id":"https:\/\/noticiasmercedinas.com\/site\/#website","url":"https:\/\/noticiasmercedinas.com\/site\/","name":"NOTICIASMERCEDINAS.COM","description":"Mercedes, Buenos Aires, Argentina","publisher":{"@id":"https:\/\/noticiasmercedinas.com\/site\/#organization"},"potentialAction":[{"@type":"SearchAction","target":{"@type":"EntryPoint","urlTemplate":"https:\/\/noticiasmercedinas.com\/site\/?s={search_term_string}"},"query-input":{"@type":"PropertyValueSpecification","valueRequired":true,"valueName":"search_term_string"}}],"inLanguage":"es"},{"@type":"Organization","@id":"https:\/\/noticiasmercedinas.com\/site\/#organization","name":"NOTICIASMERCEDINAS.COM","url":"https:\/\/noticiasmercedinas.com\/site\/","logo":{"@type":"ImageObject","inLanguage":"es","@id":"https:\/\/noticiasmercedinas.com\/site\/#\/schema\/logo\/image\/","url":"https:\/\/noticiasmercedinas.com\/site\/wp-content\/uploads\/2020\/06\/LOGO-512.jpg","contentUrl":"https:\/\/noticiasmercedinas.com\/site\/wp-content\/uploads\/2020\/06\/LOGO-512.jpg","width":512,"height":512,"caption":"NOTICIASMERCEDINAS.COM"},"image":{"@id":"https:\/\/noticiasmercedinas.com\/site\/#\/schema\/logo\/image\/"},"sameAs":["https:\/\/www.facebook.com\/noticiasmercedinas\/","https:\/\/x.com\/notmercedinas","https:\/\/www.instagram.com\/noticiasmercedinas\/"]},{"@type":"Person","@id":"https:\/\/noticiasmercedinas.com\/site\/#\/schema\/person\/84b59c099c28ff2e8b77d4ceec5d8063","name":"NOTICIASMERCEDINAS.COM","image":{"@type":"ImageObject","inLanguage":"es","@id":"https:\/\/secure.gravatar.com\/avatar\/4dfbf16b4d17945bfb6341b2d19043457132fcf478a5ee04f42e959fd8f5df0a?s=96&d=mm&r=g","url":"https:\/\/secure.gravatar.com\/avatar\/4dfbf16b4d17945bfb6341b2d19043457132fcf478a5ee04f42e959fd8f5df0a?s=96&d=mm&r=g","contentUrl":"https:\/\/secure.gravatar.com\/avatar\/4dfbf16b4d17945bfb6341b2d19043457132fcf478a5ee04f42e959fd8f5df0a?s=96&d=mm&r=g","caption":"NOTICIASMERCEDINAS.COM"},"url":"https:\/\/noticiasmercedinas.com\/site\/author\/anonimo\/"}]}},"amp_enabled":true,"_links":{"self":[{"href":"https:\/\/noticiasmercedinas.com\/site\/wp-json\/wp\/v2\/posts\/59759","targetHints":{"allow":["GET"]}}],"collection":[{"href":"https:\/\/noticiasmercedinas.com\/site\/wp-json\/wp\/v2\/posts"}],"about":[{"href":"https:\/\/noticiasmercedinas.com\/site\/wp-json\/wp\/v2\/types\/post"}],"author":[{"embeddable":true,"href":"https:\/\/noticiasmercedinas.com\/site\/wp-json\/wp\/v2\/users\/16"}],"replies":[{"embeddable":true,"href":"https:\/\/noticiasmercedinas.com\/site\/wp-json\/wp\/v2\/comments?post=59759"}],"version-history":[{"count":1,"href":"https:\/\/noticiasmercedinas.com\/site\/wp-json\/wp\/v2\/posts\/59759\/revisions"}],"predecessor-version":[{"id":59762,"href":"https:\/\/noticiasmercedinas.com\/site\/wp-json\/wp\/v2\/posts\/59759\/revisions\/59762"}],"wp:featuredmedia":[{"embeddable":true,"href":"https:\/\/noticiasmercedinas.com\/site\/wp-json\/wp\/v2\/media\/59760"}],"wp:attachment":[{"href":"https:\/\/noticiasmercedinas.com\/site\/wp-json\/wp\/v2\/media?parent=59759"}],"wp:term":[{"taxonomy":"category","embeddable":true,"href":"https:\/\/noticiasmercedinas.com\/site\/wp-json\/wp\/v2\/categories?post=59759"},{"taxonomy":"post_tag","embeddable":true,"href":"https:\/\/noticiasmercedinas.com\/site\/wp-json\/wp\/v2\/tags?post=59759"}],"curies":[{"name":"wp","href":"https:\/\/api.w.org\/{rel}","templated":true}]}}