{"id":60202,"date":"2021-01-21T13:41:19","date_gmt":"2021-01-21T16:41:19","guid":{"rendered":"https:\/\/noticiasmercedinas.com\/site\/?p=60202"},"modified":"2021-01-21T13:41:19","modified_gmt":"2021-01-21T16:41:19","slug":"ivaldis-ojala-en-2021-el-municipio-destine-fondos-reales-a-educacion","status":"publish","type":"post","link":"https:\/\/noticiasmercedinas.com\/site\/2021\/01\/21\/ivaldis-ojala-en-2021-el-municipio-destine-fondos-reales-a-educacion\/","title":{"rendered":"Ivaldis: \u201cOjal\u00e1 en 2021 el municipio destine fondos reales a educaci\u00f3n\u201d"},"content":{"rendered":"<p><img loading=\"lazy\" decoding=\"async\" class=\"alignnone size-full wp-image-60203\" src=\"https:\/\/noticiasmercedinas.com\/site\/wp-content\/uploads\/2021\/01\/ivaldis.jpg\" alt=\"\" width=\"640\" height=\"363\" srcset=\"https:\/\/noticiasmercedinas.com\/site\/wp-content\/uploads\/2021\/01\/ivaldis.jpg 640w, https:\/\/noticiasmercedinas.com\/site\/wp-content\/uploads\/2021\/01\/ivaldis-300x170.jpg 300w\" sizes=\"auto, (max-width: 640px) 100vw, 640px\" \/><\/p>\n<p>Luego de que la semana pasada emitieran un comunicado desde la Comisi\u00f3n de Educaci\u00f3n de la UCR, el cual fue cuestionado y desmentido por el titular del Consejo Escolar Jos\u00e9 Luis Pisano, con el objetivo de insistir y visibilizar la problem\u00e1tica educativa se expres\u00f3 el consejero <strong>Daniel Ivaldis<\/strong>.<\/p>\n<p>\u00abComo consejero escolar quisiera siempre mantener cierta ecuanimidad, esa que solo la objetividad brinda. Al momento de hacer declaraciones o analizar situaciones muchas veces la pol\u00edtica o posicionamientos pol\u00edticos no nos permiten ser objetivos y vemos la realidad un tanto empa\u00f1ada\u00bb, dijo Ivaldis.<\/p>\n<p>\u00abSe nos ha descalificado como espacio pol\u00edtico a nivel nacional y a nivel local de manera agresiva, claramente yo no voy a tomar ese camino eso de miserables, c\u00ednicos, desvergonzados e irresponsables&#8230; e insisto y siempre fui muy claro en que el otro nos es el enemigo, con el otro se construye y no todos estamos para construir\u00bb, afirm\u00f3 el consejero de Juntos por el Cambio.<\/p>\n<p>Declar\u00f3 esto en referencia concreta al regreso a las aulas y no el regreso a clases, \u00abporque sabemos y hemos reconocido la labor incre\u00edble que hicieron docentes y auxiliares en a\u00f1o 2020\u00bb.<\/p>\n<p>\u00abPara este a\u00f1o es el desaf\u00edo la vuelta a clases de manera presencial y debemos enfocar esta necesidad en base a la m\u00e1s absoluta responsabilidad. Se deber\u00e1n bajar l\u00edneas para dejar de navegar en esta incertidumbre y sobre esa certidumbre poder garantizar que cada docente, cada auxiliar, cada directivo y cada alumno pueda desarrollar su labor con tranquilidad. En lo que refiere a infraestructura tenemos un camino largo que recorrer y ese camino largo tiene que ver con la no inversi\u00f3n. Mercedes tiene una deuda enorme con la Escuela P\u00fablica. Para citar, el a\u00f1o 2020 el Municipio se hab\u00eda comprometido a intervenir en cinco servicios educativos jardines y escuelas primarias, pero no lo hizo. Esto es un dato de la realidad, no es ninguneo pol\u00edtico ni nada de eso. En un momento en que la presencia del Estado Municipal era m\u00e1s que necesario y eso tambi\u00e9n es una decisi\u00f3n pol\u00edtica. Cabe aclarar que son casi 40 millones de pesos recibidos el a\u00f1o pasado en concepto de Fondo Educativo\u00bb, dijo Ivaldis.<\/p>\n<p>Por otro lado, expres\u00f3 que cuando se les sugiere \u00abtener memoria\u00bb quiso recordar algo: \u00abEn los tiempos de Scioli, docentes y auxiliares hac\u00edan vaquitas para comprar bolsas de az\u00facar para poder endulzar el mate cocido que le d\u00e1bamos a los chicos con una rodaja de pan pelado. Eso s\u00ed es desinversi\u00f3n (meterse con la comida de los pibes) o la deuda que dej\u00f3 con los transportistas de toda la provincia de 8 meses. En fin, hagamos un ejercicio profundo de la memoria\u00bb.<\/p>\n<p>Volviendo al Consejo Escolar, Ivaldis remarc\u00f3: \u00abEstamos trabajando fuertemente para dar soluciones a cada una de las necesidades y poder decir tambi\u00e9n que cada obra peque\u00f1a mediana o grande la hemos hecho desde el Consejo. Y vamos a hacer todo lo necesario para poder revertir esta situaci\u00f3n delicada que vive la Escuela P\u00fablica, insisto, ojal\u00e1 en este 2021 el Municipio destine fondos reales y que entre todos podamos modificar esta realidad\u00bb.<\/p>\n<p>\u00abVamos a estar al lado de las familias, de los trabajadores de la educaci\u00f3n, de los alumnos garantiz\u00e1ndoles a cada uno de ellos una vida escolar segura y tranquila. Estamos ante un desaf\u00edo enorme. Es una necesidad que los alumnos vuelvan a las aulas, pero tambi\u00e9n es una necesidad hacerlo con absoluta responsabilidad\u00bb, opin\u00f3 luego y concluy\u00f3 que esto \u00abdepender\u00e1 tambi\u00e9n de una decisi\u00f3n pol\u00edtica de la provincia y el municipio de poner todo lo que sea necesario para que se haga realidad\u00bb.<\/p>\n","protected":false},"excerpt":{"rendered":"<p>\u25a0 El consejero escolar de Juntos por el Cambio se defendi\u00f3 de cr\u00edticas \u201cagresivas\u201d. \u201cEl desaf\u00edo m\u00e1s grande es volver a las clases presenciales\u201d, dijo. \u201cEstamos para construir y trabajar\u201d, sostuvo.<\/p>\n","protected":false},"author":16,"featured_media":60203,"comment_status":"open","ping_status":"open","sticky":false,"template":"","format":"standard","meta":{"footnotes":""},"categories":[16],"tags":[267,5431,38],"class_list":["post-60202","post","type-post","status-publish","format-standard","has-post-thumbnail","hentry","category-politica","tag-consejo-escolar","tag-daniel-ivaldis","tag-educacion"],"yoast_head":"<!-- This site is optimized with the Yoast SEO plugin v27.5 - https:\/\/yoast.com\/product\/yoast-seo-wordpress\/ -->\n<title>Ivaldis: \u201cOjal\u00e1 en 2021 el municipio destine fondos reales a educaci\u00f3n\u201d<\/title>\n<meta name=\"robots\" content=\"index, follow, max-snippet:-1, max-image-preview:large, max-video-preview:-1\" \/>\n<link rel=\"canonical\" href=\"https:\/\/noticiasmercedinas.com\/site\/2021\/01\/21\/ivaldis-ojala-en-2021-el-municipio-destine-fondos-reales-a-educacion\/\" \/>\n<meta property=\"og:locale\" content=\"es_ES\" \/>\n<meta property=\"og:type\" content=\"article\" \/>\n<meta property=\"og:title\" content=\"Ivaldis: \u201cOjal\u00e1 en 2021 el municipio destine fondos reales a educaci\u00f3n\u201d\" \/>\n<meta property=\"og:description\" content=\"\u25a0 El consejero escolar de Juntos por el Cambio se defendi\u00f3 de cr\u00edticas \u201cagresivas\u201d. \u201cEl desaf\u00edo m\u00e1s grande es volver a las clases presenciales\u201d, dijo. \u201cEstamos para construir y trabajar\u201d, sostuvo.\" \/>\n<meta property=\"og:url\" content=\"https:\/\/noticiasmercedinas.com\/site\/2021\/01\/21\/ivaldis-ojala-en-2021-el-municipio-destine-fondos-reales-a-educacion\/\" \/>\n<meta property=\"og:site_name\" content=\"NOTICIASMERCEDINAS.COM\" \/>\n<meta property=\"article:publisher\" content=\"https:\/\/www.facebook.com\/noticiasmercedinas\/\" \/>\n<meta property=\"article:published_time\" content=\"2021-01-21T16:41:19+00:00\" \/>\n<meta property=\"og:image\" content=\"https:\/\/noticiasmercedinas.com\/site\/wp-content\/uploads\/2021\/01\/ivaldis.jpg\" \/>\n\t<meta property=\"og:image:width\" content=\"640\" \/>\n\t<meta property=\"og:image:height\" content=\"363\" \/>\n\t<meta property=\"og:image:type\" content=\"image\/jpeg\" \/>\n<meta name=\"author\" content=\"NOTICIASMERCEDINAS.COM\" \/>\n<meta name=\"twitter:card\" content=\"summary_large_image\" \/>\n<meta name=\"twitter:creator\" content=\"@notmercedinas\" \/>\n<meta name=\"twitter:site\" content=\"@notmercedinas\" \/>\n<meta name=\"twitter:label1\" content=\"Escrito por\" \/>\n\t<meta name=\"twitter:data1\" content=\"NOTICIASMERCEDINAS.COM\" \/>\n\t<meta name=\"twitter:label2\" content=\"Tiempo de lectura\" \/>\n\t<meta name=\"twitter:data2\" content=\"3 minutos\" \/>\n<script type=\"application\/ld+json\" class=\"yoast-schema-graph\">{\"@context\":\"https:\\\/\\\/schema.org\",\"@graph\":[{\"@type\":\"Article\",\"@id\":\"https:\\\/\\\/noticiasmercedinas.com\\\/site\\\/2021\\\/01\\\/21\\\/ivaldis-ojala-en-2021-el-municipio-destine-fondos-reales-a-educacion\\\/#article\",\"isPartOf\":{\"@id\":\"https:\\\/\\\/noticiasmercedinas.com\\\/site\\\/2021\\\/01\\\/21\\\/ivaldis-ojala-en-2021-el-municipio-destine-fondos-reales-a-educacion\\\/\"},\"author\":{\"name\":\"NOTICIASMERCEDINAS.COM\",\"@id\":\"https:\\\/\\\/noticiasmercedinas.com\\\/site\\\/#\\\/schema\\\/person\\\/84b59c099c28ff2e8b77d4ceec5d8063\"},\"headline\":\"Ivaldis: \u201cOjal\u00e1 en 2021 el municipio destine fondos reales a educaci\u00f3n\u201d\",\"datePublished\":\"2021-01-21T16:41:19+00:00\",\"mainEntityOfPage\":{\"@id\":\"https:\\\/\\\/noticiasmercedinas.com\\\/site\\\/2021\\\/01\\\/21\\\/ivaldis-ojala-en-2021-el-municipio-destine-fondos-reales-a-educacion\\\/\"},\"wordCount\":641,\"commentCount\":0,\"publisher\":{\"@id\":\"https:\\\/\\\/noticiasmercedinas.com\\\/site\\\/#organization\"},\"image\":{\"@id\":\"https:\\\/\\\/noticiasmercedinas.com\\\/site\\\/2021\\\/01\\\/21\\\/ivaldis-ojala-en-2021-el-municipio-destine-fondos-reales-a-educacion\\\/#primaryimage\"},\"thumbnailUrl\":\"https:\\\/\\\/noticiasmercedinas.com\\\/site\\\/wp-content\\\/uploads\\\/2021\\\/01\\\/ivaldis.jpg\",\"keywords\":[\"consejo escolar\",\"Daniel Ivaldis\",\"educacion\"],\"articleSection\":[\"Politica\"],\"inLanguage\":\"es\",\"potentialAction\":[{\"@type\":\"CommentAction\",\"name\":\"Comment\",\"target\":[\"https:\\\/\\\/noticiasmercedinas.com\\\/site\\\/2021\\\/01\\\/21\\\/ivaldis-ojala-en-2021-el-municipio-destine-fondos-reales-a-educacion\\\/#respond\"]}]},{\"@type\":\"WebPage\",\"@id\":\"https:\\\/\\\/noticiasmercedinas.com\\\/site\\\/2021\\\/01\\\/21\\\/ivaldis-ojala-en-2021-el-municipio-destine-fondos-reales-a-educacion\\\/\",\"url\":\"https:\\\/\\\/noticiasmercedinas.com\\\/site\\\/2021\\\/01\\\/21\\\/ivaldis-ojala-en-2021-el-municipio-destine-fondos-reales-a-educacion\\\/\",\"name\":\"Ivaldis: \u201cOjal\u00e1 en 2021 el municipio destine fondos reales a educaci\u00f3n\u201d\",\"isPartOf\":{\"@id\":\"https:\\\/\\\/noticiasmercedinas.com\\\/site\\\/#website\"},\"primaryImageOfPage\":{\"@id\":\"https:\\\/\\\/noticiasmercedinas.com\\\/site\\\/2021\\\/01\\\/21\\\/ivaldis-ojala-en-2021-el-municipio-destine-fondos-reales-a-educacion\\\/#primaryimage\"},\"image\":{\"@id\":\"https:\\\/\\\/noticiasmercedinas.com\\\/site\\\/2021\\\/01\\\/21\\\/ivaldis-ojala-en-2021-el-municipio-destine-fondos-reales-a-educacion\\\/#primaryimage\"},\"thumbnailUrl\":\"https:\\\/\\\/noticiasmercedinas.com\\\/site\\\/wp-content\\\/uploads\\\/2021\\\/01\\\/ivaldis.jpg\",\"datePublished\":\"2021-01-21T16:41:19+00:00\",\"breadcrumb\":{\"@id\":\"https:\\\/\\\/noticiasmercedinas.com\\\/site\\\/2021\\\/01\\\/21\\\/ivaldis-ojala-en-2021-el-municipio-destine-fondos-reales-a-educacion\\\/#breadcrumb\"},\"inLanguage\":\"es\",\"potentialAction\":[{\"@type\":\"ReadAction\",\"target\":[\"https:\\\/\\\/noticiasmercedinas.com\\\/site\\\/2021\\\/01\\\/21\\\/ivaldis-ojala-en-2021-el-municipio-destine-fondos-reales-a-educacion\\\/\"]}]},{\"@type\":\"ImageObject\",\"inLanguage\":\"es\",\"@id\":\"https:\\\/\\\/noticiasmercedinas.com\\\/site\\\/2021\\\/01\\\/21\\\/ivaldis-ojala-en-2021-el-municipio-destine-fondos-reales-a-educacion\\\/#primaryimage\",\"url\":\"https:\\\/\\\/noticiasmercedinas.com\\\/site\\\/wp-content\\\/uploads\\\/2021\\\/01\\\/ivaldis.jpg\",\"contentUrl\":\"https:\\\/\\\/noticiasmercedinas.com\\\/site\\\/wp-content\\\/uploads\\\/2021\\\/01\\\/ivaldis.jpg\",\"width\":640,\"height\":363},{\"@type\":\"BreadcrumbList\",\"@id\":\"https:\\\/\\\/noticiasmercedinas.com\\\/site\\\/2021\\\/01\\\/21\\\/ivaldis-ojala-en-2021-el-municipio-destine-fondos-reales-a-educacion\\\/#breadcrumb\",\"itemListElement\":[{\"@type\":\"ListItem\",\"position\":1,\"name\":\"Portada\",\"item\":\"https:\\\/\\\/noticiasmercedinas.com\\\/site\\\/\"},{\"@type\":\"ListItem\",\"position\":2,\"name\":\"Ivaldis: \u201cOjal\u00e1 en 2021 el municipio destine fondos reales a educaci\u00f3n\u201d\"}]},{\"@type\":\"WebSite\",\"@id\":\"https:\\\/\\\/noticiasmercedinas.com\\\/site\\\/#website\",\"url\":\"https:\\\/\\\/noticiasmercedinas.com\\\/site\\\/\",\"name\":\"NOTICIASMERCEDINAS.COM\",\"description\":\"Mercedes, Buenos Aires, Argentina\",\"publisher\":{\"@id\":\"https:\\\/\\\/noticiasmercedinas.com\\\/site\\\/#organization\"},\"potentialAction\":[{\"@type\":\"SearchAction\",\"target\":{\"@type\":\"EntryPoint\",\"urlTemplate\":\"https:\\\/\\\/noticiasmercedinas.com\\\/site\\\/?s={search_term_string}\"},\"query-input\":{\"@type\":\"PropertyValueSpecification\",\"valueRequired\":true,\"valueName\":\"search_term_string\"}}],\"inLanguage\":\"es\"},{\"@type\":\"Organization\",\"@id\":\"https:\\\/\\\/noticiasmercedinas.com\\\/site\\\/#organization\",\"name\":\"NOTICIASMERCEDINAS.COM\",\"url\":\"https:\\\/\\\/noticiasmercedinas.com\\\/site\\\/\",\"logo\":{\"@type\":\"ImageObject\",\"inLanguage\":\"es\",\"@id\":\"https:\\\/\\\/noticiasmercedinas.com\\\/site\\\/#\\\/schema\\\/logo\\\/image\\\/\",\"url\":\"https:\\\/\\\/noticiasmercedinas.com\\\/site\\\/wp-content\\\/uploads\\\/2020\\\/06\\\/LOGO-512.jpg\",\"contentUrl\":\"https:\\\/\\\/noticiasmercedinas.com\\\/site\\\/wp-content\\\/uploads\\\/2020\\\/06\\\/LOGO-512.jpg\",\"width\":512,\"height\":512,\"caption\":\"NOTICIASMERCEDINAS.COM\"},\"image\":{\"@id\":\"https:\\\/\\\/noticiasmercedinas.com\\\/site\\\/#\\\/schema\\\/logo\\\/image\\\/\"},\"sameAs\":[\"https:\\\/\\\/www.facebook.com\\\/noticiasmercedinas\\\/\",\"https:\\\/\\\/x.com\\\/notmercedinas\",\"https:\\\/\\\/www.instagram.com\\\/noticiasmercedinas\\\/\"]},{\"@type\":\"Person\",\"@id\":\"https:\\\/\\\/noticiasmercedinas.com\\\/site\\\/#\\\/schema\\\/person\\\/84b59c099c28ff2e8b77d4ceec5d8063\",\"name\":\"NOTICIASMERCEDINAS.COM\",\"image\":{\"@type\":\"ImageObject\",\"inLanguage\":\"es\",\"@id\":\"https:\\\/\\\/secure.gravatar.com\\\/avatar\\\/4dfbf16b4d17945bfb6341b2d19043457132fcf478a5ee04f42e959fd8f5df0a?s=96&d=mm&r=g\",\"url\":\"https:\\\/\\\/secure.gravatar.com\\\/avatar\\\/4dfbf16b4d17945bfb6341b2d19043457132fcf478a5ee04f42e959fd8f5df0a?s=96&d=mm&r=g\",\"contentUrl\":\"https:\\\/\\\/secure.gravatar.com\\\/avatar\\\/4dfbf16b4d17945bfb6341b2d19043457132fcf478a5ee04f42e959fd8f5df0a?s=96&d=mm&r=g\",\"caption\":\"NOTICIASMERCEDINAS.COM\"},\"url\":\"https:\\\/\\\/noticiasmercedinas.com\\\/site\\\/author\\\/anonimo\\\/\"}]}<\/script>\n<!-- \/ Yoast SEO plugin. -->","yoast_head_json":{"title":"Ivaldis: \u201cOjal\u00e1 en 2021 el municipio destine fondos reales a educaci\u00f3n\u201d","robots":{"index":"index","follow":"follow","max-snippet":"max-snippet:-1","max-image-preview":"max-image-preview:large","max-video-preview":"max-video-preview:-1"},"canonical":"https:\/\/noticiasmercedinas.com\/site\/2021\/01\/21\/ivaldis-ojala-en-2021-el-municipio-destine-fondos-reales-a-educacion\/","og_locale":"es_ES","og_type":"article","og_title":"Ivaldis: \u201cOjal\u00e1 en 2021 el municipio destine fondos reales a educaci\u00f3n\u201d","og_description":"\u25a0 El consejero escolar de Juntos por el Cambio se defendi\u00f3 de cr\u00edticas \u201cagresivas\u201d. \u201cEl desaf\u00edo m\u00e1s grande es volver a las clases presenciales\u201d, dijo. \u201cEstamos para construir y trabajar\u201d, sostuvo.","og_url":"https:\/\/noticiasmercedinas.com\/site\/2021\/01\/21\/ivaldis-ojala-en-2021-el-municipio-destine-fondos-reales-a-educacion\/","og_site_name":"NOTICIASMERCEDINAS.COM","article_publisher":"https:\/\/www.facebook.com\/noticiasmercedinas\/","article_published_time":"2021-01-21T16:41:19+00:00","og_image":[{"width":640,"height":363,"url":"https:\/\/noticiasmercedinas.com\/site\/wp-content\/uploads\/2021\/01\/ivaldis.jpg","type":"image\/jpeg"}],"author":"NOTICIASMERCEDINAS.COM","twitter_card":"summary_large_image","twitter_creator":"@notmercedinas","twitter_site":"@notmercedinas","twitter_misc":{"Escrito por":"NOTICIASMERCEDINAS.COM","Tiempo de lectura":"3 minutos"},"schema":{"@context":"https:\/\/schema.org","@graph":[{"@type":"Article","@id":"https:\/\/noticiasmercedinas.com\/site\/2021\/01\/21\/ivaldis-ojala-en-2021-el-municipio-destine-fondos-reales-a-educacion\/#article","isPartOf":{"@id":"https:\/\/noticiasmercedinas.com\/site\/2021\/01\/21\/ivaldis-ojala-en-2021-el-municipio-destine-fondos-reales-a-educacion\/"},"author":{"name":"NOTICIASMERCEDINAS.COM","@id":"https:\/\/noticiasmercedinas.com\/site\/#\/schema\/person\/84b59c099c28ff2e8b77d4ceec5d8063"},"headline":"Ivaldis: \u201cOjal\u00e1 en 2021 el municipio destine fondos reales a educaci\u00f3n\u201d","datePublished":"2021-01-21T16:41:19+00:00","mainEntityOfPage":{"@id":"https:\/\/noticiasmercedinas.com\/site\/2021\/01\/21\/ivaldis-ojala-en-2021-el-municipio-destine-fondos-reales-a-educacion\/"},"wordCount":641,"commentCount":0,"publisher":{"@id":"https:\/\/noticiasmercedinas.com\/site\/#organization"},"image":{"@id":"https:\/\/noticiasmercedinas.com\/site\/2021\/01\/21\/ivaldis-ojala-en-2021-el-municipio-destine-fondos-reales-a-educacion\/#primaryimage"},"thumbnailUrl":"https:\/\/noticiasmercedinas.com\/site\/wp-content\/uploads\/2021\/01\/ivaldis.jpg","keywords":["consejo escolar","Daniel Ivaldis","educacion"],"articleSection":["Politica"],"inLanguage":"es","potentialAction":[{"@type":"CommentAction","name":"Comment","target":["https:\/\/noticiasmercedinas.com\/site\/2021\/01\/21\/ivaldis-ojala-en-2021-el-municipio-destine-fondos-reales-a-educacion\/#respond"]}]},{"@type":"WebPage","@id":"https:\/\/noticiasmercedinas.com\/site\/2021\/01\/21\/ivaldis-ojala-en-2021-el-municipio-destine-fondos-reales-a-educacion\/","url":"https:\/\/noticiasmercedinas.com\/site\/2021\/01\/21\/ivaldis-ojala-en-2021-el-municipio-destine-fondos-reales-a-educacion\/","name":"Ivaldis: \u201cOjal\u00e1 en 2021 el municipio destine fondos reales a educaci\u00f3n\u201d","isPartOf":{"@id":"https:\/\/noticiasmercedinas.com\/site\/#website"},"primaryImageOfPage":{"@id":"https:\/\/noticiasmercedinas.com\/site\/2021\/01\/21\/ivaldis-ojala-en-2021-el-municipio-destine-fondos-reales-a-educacion\/#primaryimage"},"image":{"@id":"https:\/\/noticiasmercedinas.com\/site\/2021\/01\/21\/ivaldis-ojala-en-2021-el-municipio-destine-fondos-reales-a-educacion\/#primaryimage"},"thumbnailUrl":"https:\/\/noticiasmercedinas.com\/site\/wp-content\/uploads\/2021\/01\/ivaldis.jpg","datePublished":"2021-01-21T16:41:19+00:00","breadcrumb":{"@id":"https:\/\/noticiasmercedinas.com\/site\/2021\/01\/21\/ivaldis-ojala-en-2021-el-municipio-destine-fondos-reales-a-educacion\/#breadcrumb"},"inLanguage":"es","potentialAction":[{"@type":"ReadAction","target":["https:\/\/noticiasmercedinas.com\/site\/2021\/01\/21\/ivaldis-ojala-en-2021-el-municipio-destine-fondos-reales-a-educacion\/"]}]},{"@type":"ImageObject","inLanguage":"es","@id":"https:\/\/noticiasmercedinas.com\/site\/2021\/01\/21\/ivaldis-ojala-en-2021-el-municipio-destine-fondos-reales-a-educacion\/#primaryimage","url":"https:\/\/noticiasmercedinas.com\/site\/wp-content\/uploads\/2021\/01\/ivaldis.jpg","contentUrl":"https:\/\/noticiasmercedinas.com\/site\/wp-content\/uploads\/2021\/01\/ivaldis.jpg","width":640,"height":363},{"@type":"BreadcrumbList","@id":"https:\/\/noticiasmercedinas.com\/site\/2021\/01\/21\/ivaldis-ojala-en-2021-el-municipio-destine-fondos-reales-a-educacion\/#breadcrumb","itemListElement":[{"@type":"ListItem","position":1,"name":"Portada","item":"https:\/\/noticiasmercedinas.com\/site\/"},{"@type":"ListItem","position":2,"name":"Ivaldis: \u201cOjal\u00e1 en 2021 el municipio destine fondos reales a educaci\u00f3n\u201d"}]},{"@type":"WebSite","@id":"https:\/\/noticiasmercedinas.com\/site\/#website","url":"https:\/\/noticiasmercedinas.com\/site\/","name":"NOTICIASMERCEDINAS.COM","description":"Mercedes, Buenos Aires, Argentina","publisher":{"@id":"https:\/\/noticiasmercedinas.com\/site\/#organization"},"potentialAction":[{"@type":"SearchAction","target":{"@type":"EntryPoint","urlTemplate":"https:\/\/noticiasmercedinas.com\/site\/?s={search_term_string}"},"query-input":{"@type":"PropertyValueSpecification","valueRequired":true,"valueName":"search_term_string"}}],"inLanguage":"es"},{"@type":"Organization","@id":"https:\/\/noticiasmercedinas.com\/site\/#organization","name":"NOTICIASMERCEDINAS.COM","url":"https:\/\/noticiasmercedinas.com\/site\/","logo":{"@type":"ImageObject","inLanguage":"es","@id":"https:\/\/noticiasmercedinas.com\/site\/#\/schema\/logo\/image\/","url":"https:\/\/noticiasmercedinas.com\/site\/wp-content\/uploads\/2020\/06\/LOGO-512.jpg","contentUrl":"https:\/\/noticiasmercedinas.com\/site\/wp-content\/uploads\/2020\/06\/LOGO-512.jpg","width":512,"height":512,"caption":"NOTICIASMERCEDINAS.COM"},"image":{"@id":"https:\/\/noticiasmercedinas.com\/site\/#\/schema\/logo\/image\/"},"sameAs":["https:\/\/www.facebook.com\/noticiasmercedinas\/","https:\/\/x.com\/notmercedinas","https:\/\/www.instagram.com\/noticiasmercedinas\/"]},{"@type":"Person","@id":"https:\/\/noticiasmercedinas.com\/site\/#\/schema\/person\/84b59c099c28ff2e8b77d4ceec5d8063","name":"NOTICIASMERCEDINAS.COM","image":{"@type":"ImageObject","inLanguage":"es","@id":"https:\/\/secure.gravatar.com\/avatar\/4dfbf16b4d17945bfb6341b2d19043457132fcf478a5ee04f42e959fd8f5df0a?s=96&d=mm&r=g","url":"https:\/\/secure.gravatar.com\/avatar\/4dfbf16b4d17945bfb6341b2d19043457132fcf478a5ee04f42e959fd8f5df0a?s=96&d=mm&r=g","contentUrl":"https:\/\/secure.gravatar.com\/avatar\/4dfbf16b4d17945bfb6341b2d19043457132fcf478a5ee04f42e959fd8f5df0a?s=96&d=mm&r=g","caption":"NOTICIASMERCEDINAS.COM"},"url":"https:\/\/noticiasmercedinas.com\/site\/author\/anonimo\/"}]}},"amp_enabled":true,"_links":{"self":[{"href":"https:\/\/noticiasmercedinas.com\/site\/wp-json\/wp\/v2\/posts\/60202","targetHints":{"allow":["GET"]}}],"collection":[{"href":"https:\/\/noticiasmercedinas.com\/site\/wp-json\/wp\/v2\/posts"}],"about":[{"href":"https:\/\/noticiasmercedinas.com\/site\/wp-json\/wp\/v2\/types\/post"}],"author":[{"embeddable":true,"href":"https:\/\/noticiasmercedinas.com\/site\/wp-json\/wp\/v2\/users\/16"}],"replies":[{"embeddable":true,"href":"https:\/\/noticiasmercedinas.com\/site\/wp-json\/wp\/v2\/comments?post=60202"}],"version-history":[{"count":1,"href":"https:\/\/noticiasmercedinas.com\/site\/wp-json\/wp\/v2\/posts\/60202\/revisions"}],"predecessor-version":[{"id":60204,"href":"https:\/\/noticiasmercedinas.com\/site\/wp-json\/wp\/v2\/posts\/60202\/revisions\/60204"}],"wp:featuredmedia":[{"embeddable":true,"href":"https:\/\/noticiasmercedinas.com\/site\/wp-json\/wp\/v2\/media\/60203"}],"wp:attachment":[{"href":"https:\/\/noticiasmercedinas.com\/site\/wp-json\/wp\/v2\/media?parent=60202"}],"wp:term":[{"taxonomy":"category","embeddable":true,"href":"https:\/\/noticiasmercedinas.com\/site\/wp-json\/wp\/v2\/categories?post=60202"},{"taxonomy":"post_tag","embeddable":true,"href":"https:\/\/noticiasmercedinas.com\/site\/wp-json\/wp\/v2\/tags?post=60202"}],"curies":[{"name":"wp","href":"https:\/\/api.w.org\/{rel}","templated":true}]}}