{"id":60283,"date":"2021-01-22T13:01:44","date_gmt":"2021-01-22T16:01:44","guid":{"rendered":"https:\/\/noticiasmercedinas.com\/site\/?p=60283"},"modified":"2021-01-22T13:01:44","modified_gmt":"2021-01-22T16:01:44","slug":"buscan-retomar-los-entrenamientos-de-basquet","status":"publish","type":"post","link":"https:\/\/noticiasmercedinas.com\/site\/2021\/01\/22\/buscan-retomar-los-entrenamientos-de-basquet\/","title":{"rendered":"Buscan retomar los entrenamientos de b\u00e1squet"},"content":{"rendered":"<p><img loading=\"lazy\" decoding=\"async\" class=\"alignnone size-full wp-image-60284\" src=\"https:\/\/noticiasmercedinas.com\/site\/wp-content\/uploads\/2021\/01\/basquet3.jpg\" alt=\"\" width=\"512\" height=\"341\" srcset=\"https:\/\/noticiasmercedinas.com\/site\/wp-content\/uploads\/2021\/01\/basquet3.jpg 512w, https:\/\/noticiasmercedinas.com\/site\/wp-content\/uploads\/2021\/01\/basquet3-300x200.jpg 300w\" sizes=\"auto, (max-width: 512px) 100vw, 512px\" \/><br \/>\nEl b\u00e1squet es un deporte que no ha tenido actividad competitiva durante el 2020, s\u00f3lo entrenamientos hasta mediado marzo y con la llegada de la pandemia de Covid 19 todo se interrumpi\u00f3. En Mercedes, Quilmes, primero al aire libre y luego el gimnasio \u201cRolo\u201d Cardinal, volvi\u00f3 bajo protocolo a los entrenamientos con todas sus categor\u00edas y esto lo hizo hasta finales del pasado mes de diciembre.<\/p>\n<p>Por el lado de Estudiantes tambi\u00e9n hubo un sistema id\u00e9ntico de pr\u00e1cticas, en grupos y en escenarios como el predio Roberto Quintill\u00e1n y el gimnasio Pablo Tamagno. Aunque tambi\u00e9n sobre el cierre del pasado mes la actividad se detuvo, sobre todo de manera preventiva cuando en la ciudad se dispararon los casos. El presente marca que ambos clubes analizan por estos d\u00edas reanudar los entrenamientos.<\/p>\n<p>Ya en Chivilcoy, donde toma parte Quilmes en la Asociaci\u00f3n de B\u00e1squet de Chivilcoy (ABCH) y busca regresar Estudiantes, si descuidar la Liga del Noroeste de B\u00e1squet Amateur (LNBA), algunas instituciones como Argentino, San Lorenzo, Deportivo Col\u00f3n y Racing Club han iniciado o pondr\u00e1n en marcha en breve los entrenamientos en diferentes horarios para las distintas categor\u00edas, y siempre con protocolo de por medio.<\/p>\n<p>Por otra parte, la Federaci\u00f3n de B\u00e1squetbol de la Provincia de Buenos Aires le comunic\u00f3 a la Asociaci\u00f3n B\u00e1squetbol Chivilcoy y a todas sus afiliadas como ser\u00e1n las categor\u00edas menores y formativas para el presente 2021. Esto ocurre con la resoluci\u00f3n que sale desde la Confederaci\u00f3n Argentina de B\u00e1squetbol. Las categor\u00edas a nivel mundial son U15, U17, U19 y Mayores. Quedando establecidas las fechas de nacimiento y a que divisi\u00f3n pertenece cada una.<\/p>\n<p>En Premini hasta los 10 a\u00f1os (2011), en Mini hasta los 12 a\u00f1os (2009), U13 (2008), U15 (2006), U17 (2004) y en U19 (2002)\u201d. En otro rubro de novedades todas las Federaciones de la Argentina pasar\u00e1n a implementar el sistema GES. Un programa que regular\u00e1 la actividad a nivel nacionales, provincial y a nivel de asociativas en cuanto a jugadores de cada club.<\/p>\n","protected":false},"excerpt":{"rendered":"<p>\u25a0 Si bien en Mercedes ya hab\u00eda vuelto, desde finales de diciembre se interrumpieron. En Chivilcoy los clubes de la Asociaci\u00f3n van retomando la actividad. Se conocieron edades para cada categor\u00eda.<\/p>\n","protected":false},"author":6,"featured_media":60284,"comment_status":"open","ping_status":"open","sticky":false,"template":"","format":"standard","meta":{"footnotes":""},"categories":[5],"tags":[8750,1091,3682,8967],"class_list":["post-60283","post","type-post","status-publish","format-standard","has-post-thumbnail","hentry","category-deportes","tag-abch","tag-basquet","tag-club-estudiantes","tag-club-quilmes"],"yoast_head":"<!-- This site is optimized with the Yoast SEO plugin v27.4 - https:\/\/yoast.com\/product\/yoast-seo-wordpress\/ -->\n<title>Buscan retomar los entrenamientos de b\u00e1squet<\/title>\n<meta name=\"robots\" content=\"index, follow, max-snippet:-1, max-image-preview:large, max-video-preview:-1\" \/>\n<link rel=\"canonical\" href=\"https:\/\/noticiasmercedinas.com\/site\/2021\/01\/22\/buscan-retomar-los-entrenamientos-de-basquet\/\" \/>\n<meta property=\"og:locale\" content=\"es_ES\" \/>\n<meta property=\"og:type\" content=\"article\" \/>\n<meta property=\"og:title\" content=\"Buscan retomar los entrenamientos de b\u00e1squet\" \/>\n<meta property=\"og:description\" content=\"\u25a0 Si bien en Mercedes ya hab\u00eda vuelto, desde finales de diciembre se interrumpieron. En Chivilcoy los clubes de la Asociaci\u00f3n van retomando la actividad. Se conocieron edades para cada categor\u00eda.\" \/>\n<meta property=\"og:url\" content=\"https:\/\/noticiasmercedinas.com\/site\/2021\/01\/22\/buscan-retomar-los-entrenamientos-de-basquet\/\" \/>\n<meta property=\"og:site_name\" content=\"NOTICIASMERCEDINAS.COM\" \/>\n<meta property=\"article:publisher\" content=\"https:\/\/www.facebook.com\/noticiasmercedinas\/\" \/>\n<meta property=\"article:published_time\" content=\"2021-01-22T16:01:44+00:00\" \/>\n<meta property=\"og:image\" content=\"https:\/\/noticiasmercedinas.com\/site\/wp-content\/uploads\/2021\/01\/basquet3.jpg\" \/>\n\t<meta property=\"og:image:width\" content=\"512\" \/>\n\t<meta property=\"og:image:height\" content=\"341\" \/>\n\t<meta property=\"og:image:type\" content=\"image\/jpeg\" \/>\n<meta name=\"author\" content=\"Juan Dagnino NOTICIASMERCEDINAS.COM\" \/>\n<meta name=\"twitter:card\" content=\"summary_large_image\" \/>\n<meta name=\"twitter:creator\" content=\"@notmercedinas\" \/>\n<meta name=\"twitter:site\" content=\"@notmercedinas\" \/>\n<meta name=\"twitter:label1\" content=\"Escrito por\" \/>\n\t<meta name=\"twitter:data1\" content=\"Juan Dagnino NOTICIASMERCEDINAS.COM\" \/>\n\t<meta name=\"twitter:label2\" content=\"Tiempo de lectura\" \/>\n\t<meta name=\"twitter:data2\" content=\"2 minutos\" \/>\n<script type=\"application\/ld+json\" class=\"yoast-schema-graph\">{\"@context\":\"https:\\\/\\\/schema.org\",\"@graph\":[{\"@type\":\"Article\",\"@id\":\"https:\\\/\\\/noticiasmercedinas.com\\\/site\\\/2021\\\/01\\\/22\\\/buscan-retomar-los-entrenamientos-de-basquet\\\/#article\",\"isPartOf\":{\"@id\":\"https:\\\/\\\/noticiasmercedinas.com\\\/site\\\/2021\\\/01\\\/22\\\/buscan-retomar-los-entrenamientos-de-basquet\\\/\"},\"author\":{\"name\":\"Juan Dagnino NOTICIASMERCEDINAS.COM\",\"@id\":\"https:\\\/\\\/noticiasmercedinas.com\\\/site\\\/#\\\/schema\\\/person\\\/8f2f09d666ef40986eba4a5e6f2a06f9\"},\"headline\":\"Buscan retomar los entrenamientos de b\u00e1squet\",\"datePublished\":\"2021-01-22T16:01:44+00:00\",\"mainEntityOfPage\":{\"@id\":\"https:\\\/\\\/noticiasmercedinas.com\\\/site\\\/2021\\\/01\\\/22\\\/buscan-retomar-los-entrenamientos-de-basquet\\\/\"},\"wordCount\":356,\"commentCount\":0,\"publisher\":{\"@id\":\"https:\\\/\\\/noticiasmercedinas.com\\\/site\\\/#organization\"},\"image\":{\"@id\":\"https:\\\/\\\/noticiasmercedinas.com\\\/site\\\/2021\\\/01\\\/22\\\/buscan-retomar-los-entrenamientos-de-basquet\\\/#primaryimage\"},\"thumbnailUrl\":\"https:\\\/\\\/noticiasmercedinas.com\\\/site\\\/wp-content\\\/uploads\\\/2021\\\/01\\\/basquet3.jpg\",\"keywords\":[\"ABCH\",\"b\u00e1squet\",\"Club Estudiantes\",\"club quilmes\"],\"articleSection\":[\"Deportes\"],\"inLanguage\":\"es\",\"potentialAction\":[{\"@type\":\"CommentAction\",\"name\":\"Comment\",\"target\":[\"https:\\\/\\\/noticiasmercedinas.com\\\/site\\\/2021\\\/01\\\/22\\\/buscan-retomar-los-entrenamientos-de-basquet\\\/#respond\"]}]},{\"@type\":\"WebPage\",\"@id\":\"https:\\\/\\\/noticiasmercedinas.com\\\/site\\\/2021\\\/01\\\/22\\\/buscan-retomar-los-entrenamientos-de-basquet\\\/\",\"url\":\"https:\\\/\\\/noticiasmercedinas.com\\\/site\\\/2021\\\/01\\\/22\\\/buscan-retomar-los-entrenamientos-de-basquet\\\/\",\"name\":\"Buscan retomar los entrenamientos de b\u00e1squet\",\"isPartOf\":{\"@id\":\"https:\\\/\\\/noticiasmercedinas.com\\\/site\\\/#website\"},\"primaryImageOfPage\":{\"@id\":\"https:\\\/\\\/noticiasmercedinas.com\\\/site\\\/2021\\\/01\\\/22\\\/buscan-retomar-los-entrenamientos-de-basquet\\\/#primaryimage\"},\"image\":{\"@id\":\"https:\\\/\\\/noticiasmercedinas.com\\\/site\\\/2021\\\/01\\\/22\\\/buscan-retomar-los-entrenamientos-de-basquet\\\/#primaryimage\"},\"thumbnailUrl\":\"https:\\\/\\\/noticiasmercedinas.com\\\/site\\\/wp-content\\\/uploads\\\/2021\\\/01\\\/basquet3.jpg\",\"datePublished\":\"2021-01-22T16:01:44+00:00\",\"breadcrumb\":{\"@id\":\"https:\\\/\\\/noticiasmercedinas.com\\\/site\\\/2021\\\/01\\\/22\\\/buscan-retomar-los-entrenamientos-de-basquet\\\/#breadcrumb\"},\"inLanguage\":\"es\",\"potentialAction\":[{\"@type\":\"ReadAction\",\"target\":[\"https:\\\/\\\/noticiasmercedinas.com\\\/site\\\/2021\\\/01\\\/22\\\/buscan-retomar-los-entrenamientos-de-basquet\\\/\"]}]},{\"@type\":\"ImageObject\",\"inLanguage\":\"es\",\"@id\":\"https:\\\/\\\/noticiasmercedinas.com\\\/site\\\/2021\\\/01\\\/22\\\/buscan-retomar-los-entrenamientos-de-basquet\\\/#primaryimage\",\"url\":\"https:\\\/\\\/noticiasmercedinas.com\\\/site\\\/wp-content\\\/uploads\\\/2021\\\/01\\\/basquet3.jpg\",\"contentUrl\":\"https:\\\/\\\/noticiasmercedinas.com\\\/site\\\/wp-content\\\/uploads\\\/2021\\\/01\\\/basquet3.jpg\",\"width\":512,\"height\":341},{\"@type\":\"BreadcrumbList\",\"@id\":\"https:\\\/\\\/noticiasmercedinas.com\\\/site\\\/2021\\\/01\\\/22\\\/buscan-retomar-los-entrenamientos-de-basquet\\\/#breadcrumb\",\"itemListElement\":[{\"@type\":\"ListItem\",\"position\":1,\"name\":\"Portada\",\"item\":\"https:\\\/\\\/noticiasmercedinas.com\\\/site\\\/\"},{\"@type\":\"ListItem\",\"position\":2,\"name\":\"Buscan retomar los entrenamientos de b\u00e1squet\"}]},{\"@type\":\"WebSite\",\"@id\":\"https:\\\/\\\/noticiasmercedinas.com\\\/site\\\/#website\",\"url\":\"https:\\\/\\\/noticiasmercedinas.com\\\/site\\\/\",\"name\":\"NOTICIASMERCEDINAS.COM\",\"description\":\"Mercedes, Buenos Aires, Argentina\",\"publisher\":{\"@id\":\"https:\\\/\\\/noticiasmercedinas.com\\\/site\\\/#organization\"},\"potentialAction\":[{\"@type\":\"SearchAction\",\"target\":{\"@type\":\"EntryPoint\",\"urlTemplate\":\"https:\\\/\\\/noticiasmercedinas.com\\\/site\\\/?s={search_term_string}\"},\"query-input\":{\"@type\":\"PropertyValueSpecification\",\"valueRequired\":true,\"valueName\":\"search_term_string\"}}],\"inLanguage\":\"es\"},{\"@type\":\"Organization\",\"@id\":\"https:\\\/\\\/noticiasmercedinas.com\\\/site\\\/#organization\",\"name\":\"NOTICIASMERCEDINAS.COM\",\"url\":\"https:\\\/\\\/noticiasmercedinas.com\\\/site\\\/\",\"logo\":{\"@type\":\"ImageObject\",\"inLanguage\":\"es\",\"@id\":\"https:\\\/\\\/noticiasmercedinas.com\\\/site\\\/#\\\/schema\\\/logo\\\/image\\\/\",\"url\":\"https:\\\/\\\/noticiasmercedinas.com\\\/site\\\/wp-content\\\/uploads\\\/2020\\\/06\\\/LOGO-512.jpg\",\"contentUrl\":\"https:\\\/\\\/noticiasmercedinas.com\\\/site\\\/wp-content\\\/uploads\\\/2020\\\/06\\\/LOGO-512.jpg\",\"width\":512,\"height\":512,\"caption\":\"NOTICIASMERCEDINAS.COM\"},\"image\":{\"@id\":\"https:\\\/\\\/noticiasmercedinas.com\\\/site\\\/#\\\/schema\\\/logo\\\/image\\\/\"},\"sameAs\":[\"https:\\\/\\\/www.facebook.com\\\/noticiasmercedinas\\\/\",\"https:\\\/\\\/x.com\\\/notmercedinas\",\"https:\\\/\\\/www.instagram.com\\\/noticiasmercedinas\\\/\"]},{\"@type\":\"Person\",\"@id\":\"https:\\\/\\\/noticiasmercedinas.com\\\/site\\\/#\\\/schema\\\/person\\\/8f2f09d666ef40986eba4a5e6f2a06f9\",\"name\":\"Juan Dagnino NOTICIASMERCEDINAS.COM\",\"image\":{\"@type\":\"ImageObject\",\"inLanguage\":\"es\",\"@id\":\"https:\\\/\\\/secure.gravatar.com\\\/avatar\\\/fc7059a769f5a3cae65fadb228a3e4accf3a64b4b2305020d0a27e6d5333c91b?s=96&d=mm&r=g\",\"url\":\"https:\\\/\\\/secure.gravatar.com\\\/avatar\\\/fc7059a769f5a3cae65fadb228a3e4accf3a64b4b2305020d0a27e6d5333c91b?s=96&d=mm&r=g\",\"contentUrl\":\"https:\\\/\\\/secure.gravatar.com\\\/avatar\\\/fc7059a769f5a3cae65fadb228a3e4accf3a64b4b2305020d0a27e6d5333c91b?s=96&d=mm&r=g\",\"caption\":\"Juan Dagnino NOTICIASMERCEDINAS.COM\"},\"url\":\"https:\\\/\\\/noticiasmercedinas.com\\\/site\\\/author\\\/juandagnino\\\/\"}]}<\/script>\n<!-- \/ Yoast SEO plugin. -->","yoast_head_json":{"title":"Buscan retomar los entrenamientos de b\u00e1squet","robots":{"index":"index","follow":"follow","max-snippet":"max-snippet:-1","max-image-preview":"max-image-preview:large","max-video-preview":"max-video-preview:-1"},"canonical":"https:\/\/noticiasmercedinas.com\/site\/2021\/01\/22\/buscan-retomar-los-entrenamientos-de-basquet\/","og_locale":"es_ES","og_type":"article","og_title":"Buscan retomar los entrenamientos de b\u00e1squet","og_description":"\u25a0 Si bien en Mercedes ya hab\u00eda vuelto, desde finales de diciembre se interrumpieron. En Chivilcoy los clubes de la Asociaci\u00f3n van retomando la actividad. Se conocieron edades para cada categor\u00eda.","og_url":"https:\/\/noticiasmercedinas.com\/site\/2021\/01\/22\/buscan-retomar-los-entrenamientos-de-basquet\/","og_site_name":"NOTICIASMERCEDINAS.COM","article_publisher":"https:\/\/www.facebook.com\/noticiasmercedinas\/","article_published_time":"2021-01-22T16:01:44+00:00","og_image":[{"width":512,"height":341,"url":"https:\/\/noticiasmercedinas.com\/site\/wp-content\/uploads\/2021\/01\/basquet3.jpg","type":"image\/jpeg"}],"author":"Juan Dagnino NOTICIASMERCEDINAS.COM","twitter_card":"summary_large_image","twitter_creator":"@notmercedinas","twitter_site":"@notmercedinas","twitter_misc":{"Escrito por":"Juan Dagnino NOTICIASMERCEDINAS.COM","Tiempo de lectura":"2 minutos"},"schema":{"@context":"https:\/\/schema.org","@graph":[{"@type":"Article","@id":"https:\/\/noticiasmercedinas.com\/site\/2021\/01\/22\/buscan-retomar-los-entrenamientos-de-basquet\/#article","isPartOf":{"@id":"https:\/\/noticiasmercedinas.com\/site\/2021\/01\/22\/buscan-retomar-los-entrenamientos-de-basquet\/"},"author":{"name":"Juan Dagnino NOTICIASMERCEDINAS.COM","@id":"https:\/\/noticiasmercedinas.com\/site\/#\/schema\/person\/8f2f09d666ef40986eba4a5e6f2a06f9"},"headline":"Buscan retomar los entrenamientos de b\u00e1squet","datePublished":"2021-01-22T16:01:44+00:00","mainEntityOfPage":{"@id":"https:\/\/noticiasmercedinas.com\/site\/2021\/01\/22\/buscan-retomar-los-entrenamientos-de-basquet\/"},"wordCount":356,"commentCount":0,"publisher":{"@id":"https:\/\/noticiasmercedinas.com\/site\/#organization"},"image":{"@id":"https:\/\/noticiasmercedinas.com\/site\/2021\/01\/22\/buscan-retomar-los-entrenamientos-de-basquet\/#primaryimage"},"thumbnailUrl":"https:\/\/noticiasmercedinas.com\/site\/wp-content\/uploads\/2021\/01\/basquet3.jpg","keywords":["ABCH","b\u00e1squet","Club Estudiantes","club quilmes"],"articleSection":["Deportes"],"inLanguage":"es","potentialAction":[{"@type":"CommentAction","name":"Comment","target":["https:\/\/noticiasmercedinas.com\/site\/2021\/01\/22\/buscan-retomar-los-entrenamientos-de-basquet\/#respond"]}]},{"@type":"WebPage","@id":"https:\/\/noticiasmercedinas.com\/site\/2021\/01\/22\/buscan-retomar-los-entrenamientos-de-basquet\/","url":"https:\/\/noticiasmercedinas.com\/site\/2021\/01\/22\/buscan-retomar-los-entrenamientos-de-basquet\/","name":"Buscan retomar los entrenamientos de b\u00e1squet","isPartOf":{"@id":"https:\/\/noticiasmercedinas.com\/site\/#website"},"primaryImageOfPage":{"@id":"https:\/\/noticiasmercedinas.com\/site\/2021\/01\/22\/buscan-retomar-los-entrenamientos-de-basquet\/#primaryimage"},"image":{"@id":"https:\/\/noticiasmercedinas.com\/site\/2021\/01\/22\/buscan-retomar-los-entrenamientos-de-basquet\/#primaryimage"},"thumbnailUrl":"https:\/\/noticiasmercedinas.com\/site\/wp-content\/uploads\/2021\/01\/basquet3.jpg","datePublished":"2021-01-22T16:01:44+00:00","breadcrumb":{"@id":"https:\/\/noticiasmercedinas.com\/site\/2021\/01\/22\/buscan-retomar-los-entrenamientos-de-basquet\/#breadcrumb"},"inLanguage":"es","potentialAction":[{"@type":"ReadAction","target":["https:\/\/noticiasmercedinas.com\/site\/2021\/01\/22\/buscan-retomar-los-entrenamientos-de-basquet\/"]}]},{"@type":"ImageObject","inLanguage":"es","@id":"https:\/\/noticiasmercedinas.com\/site\/2021\/01\/22\/buscan-retomar-los-entrenamientos-de-basquet\/#primaryimage","url":"https:\/\/noticiasmercedinas.com\/site\/wp-content\/uploads\/2021\/01\/basquet3.jpg","contentUrl":"https:\/\/noticiasmercedinas.com\/site\/wp-content\/uploads\/2021\/01\/basquet3.jpg","width":512,"height":341},{"@type":"BreadcrumbList","@id":"https:\/\/noticiasmercedinas.com\/site\/2021\/01\/22\/buscan-retomar-los-entrenamientos-de-basquet\/#breadcrumb","itemListElement":[{"@type":"ListItem","position":1,"name":"Portada","item":"https:\/\/noticiasmercedinas.com\/site\/"},{"@type":"ListItem","position":2,"name":"Buscan retomar los entrenamientos de b\u00e1squet"}]},{"@type":"WebSite","@id":"https:\/\/noticiasmercedinas.com\/site\/#website","url":"https:\/\/noticiasmercedinas.com\/site\/","name":"NOTICIASMERCEDINAS.COM","description":"Mercedes, Buenos Aires, Argentina","publisher":{"@id":"https:\/\/noticiasmercedinas.com\/site\/#organization"},"potentialAction":[{"@type":"SearchAction","target":{"@type":"EntryPoint","urlTemplate":"https:\/\/noticiasmercedinas.com\/site\/?s={search_term_string}"},"query-input":{"@type":"PropertyValueSpecification","valueRequired":true,"valueName":"search_term_string"}}],"inLanguage":"es"},{"@type":"Organization","@id":"https:\/\/noticiasmercedinas.com\/site\/#organization","name":"NOTICIASMERCEDINAS.COM","url":"https:\/\/noticiasmercedinas.com\/site\/","logo":{"@type":"ImageObject","inLanguage":"es","@id":"https:\/\/noticiasmercedinas.com\/site\/#\/schema\/logo\/image\/","url":"https:\/\/noticiasmercedinas.com\/site\/wp-content\/uploads\/2020\/06\/LOGO-512.jpg","contentUrl":"https:\/\/noticiasmercedinas.com\/site\/wp-content\/uploads\/2020\/06\/LOGO-512.jpg","width":512,"height":512,"caption":"NOTICIASMERCEDINAS.COM"},"image":{"@id":"https:\/\/noticiasmercedinas.com\/site\/#\/schema\/logo\/image\/"},"sameAs":["https:\/\/www.facebook.com\/noticiasmercedinas\/","https:\/\/x.com\/notmercedinas","https:\/\/www.instagram.com\/noticiasmercedinas\/"]},{"@type":"Person","@id":"https:\/\/noticiasmercedinas.com\/site\/#\/schema\/person\/8f2f09d666ef40986eba4a5e6f2a06f9","name":"Juan Dagnino NOTICIASMERCEDINAS.COM","image":{"@type":"ImageObject","inLanguage":"es","@id":"https:\/\/secure.gravatar.com\/avatar\/fc7059a769f5a3cae65fadb228a3e4accf3a64b4b2305020d0a27e6d5333c91b?s=96&d=mm&r=g","url":"https:\/\/secure.gravatar.com\/avatar\/fc7059a769f5a3cae65fadb228a3e4accf3a64b4b2305020d0a27e6d5333c91b?s=96&d=mm&r=g","contentUrl":"https:\/\/secure.gravatar.com\/avatar\/fc7059a769f5a3cae65fadb228a3e4accf3a64b4b2305020d0a27e6d5333c91b?s=96&d=mm&r=g","caption":"Juan Dagnino NOTICIASMERCEDINAS.COM"},"url":"https:\/\/noticiasmercedinas.com\/site\/author\/juandagnino\/"}]}},"amp_enabled":true,"_links":{"self":[{"href":"https:\/\/noticiasmercedinas.com\/site\/wp-json\/wp\/v2\/posts\/60283","targetHints":{"allow":["GET"]}}],"collection":[{"href":"https:\/\/noticiasmercedinas.com\/site\/wp-json\/wp\/v2\/posts"}],"about":[{"href":"https:\/\/noticiasmercedinas.com\/site\/wp-json\/wp\/v2\/types\/post"}],"author":[{"embeddable":true,"href":"https:\/\/noticiasmercedinas.com\/site\/wp-json\/wp\/v2\/users\/6"}],"replies":[{"embeddable":true,"href":"https:\/\/noticiasmercedinas.com\/site\/wp-json\/wp\/v2\/comments?post=60283"}],"version-history":[{"count":1,"href":"https:\/\/noticiasmercedinas.com\/site\/wp-json\/wp\/v2\/posts\/60283\/revisions"}],"predecessor-version":[{"id":60285,"href":"https:\/\/noticiasmercedinas.com\/site\/wp-json\/wp\/v2\/posts\/60283\/revisions\/60285"}],"wp:featuredmedia":[{"embeddable":true,"href":"https:\/\/noticiasmercedinas.com\/site\/wp-json\/wp\/v2\/media\/60284"}],"wp:attachment":[{"href":"https:\/\/noticiasmercedinas.com\/site\/wp-json\/wp\/v2\/media?parent=60283"}],"wp:term":[{"taxonomy":"category","embeddable":true,"href":"https:\/\/noticiasmercedinas.com\/site\/wp-json\/wp\/v2\/categories?post=60283"},{"taxonomy":"post_tag","embeddable":true,"href":"https:\/\/noticiasmercedinas.com\/site\/wp-json\/wp\/v2\/tags?post=60283"}],"curies":[{"name":"wp","href":"https:\/\/api.w.org\/{rel}","templated":true}]}}