{"id":60755,"date":"2021-01-31T22:55:27","date_gmt":"2021-02-01T01:55:27","guid":{"rendered":"https:\/\/noticiasmercedinas.com\/site\/?p=60755"},"modified":"2021-02-01T23:39:54","modified_gmt":"2021-02-02T02:39:54","slug":"ktm-manda-en-el-marcilla","status":"publish","type":"post","link":"https:\/\/noticiasmercedinas.com\/site\/2021\/01\/31\/ktm-manda-en-el-marcilla\/","title":{"rendered":"KTM manda en el Marcilla"},"content":{"rendered":"<figure id=\"attachment_60756\" aria-describedby=\"caption-attachment-60756\" style=\"width: 640px\" class=\"wp-caption alignnone\"><img loading=\"lazy\" decoding=\"async\" class=\"wp-image-60756 size-full\" src=\"https:\/\/noticiasmercedinas.com\/site\/wp-content\/uploads\/2021\/01\/elite-1.jpg\" alt=\"\" width=\"640\" height=\"418\" srcset=\"https:\/\/noticiasmercedinas.com\/site\/wp-content\/uploads\/2021\/01\/elite-1.jpg 640w, https:\/\/noticiasmercedinas.com\/site\/wp-content\/uploads\/2021\/01\/elite-1-300x196.jpg 300w\" sizes=\"auto, (max-width: 640px) 100vw, 640px\" \/><figcaption id=\"caption-attachment-60756\" class=\"wp-caption-text\">El podio de la Elite Sub 23 en Jun\u00edn.<\/figcaption><\/figure>\n<p>Este domingo 31 de enero se estuvo llevando adelante el S\u00e9ptimo Gran Premio Ciudad de Jun\u00edn, una jornada de ciclismo federado que se disput\u00f3 en el Aut\u00f3dromo Eusebio Marcilla, un escenario con un dibujo que ya supo recibir al ciclismo.<\/p>\n<p>La jornada fue auspiciada por Gobierno de Jun\u00edn y organizada por la Asociaci\u00f3n Ciclista Juninense que fue la fiscalizadora. En cuanto a mercedinos estuvo Dar\u00edo Oliva en la Elite y Sub 23, aportando el trabajo de gregario para el equipo KTM que termin\u00f3 teniendo una positiva carrera.<\/p>\n<p>Con la presencia de integrantes del SEP San Juan (Dotti, Cobarrubia y Lucero) la carrera se torn\u00f3 r\u00e1pida desde bajada de bandera, con respuesta de KTM y Chivilcoy que no se qued\u00f3 atr\u00e1s en los intentos de fuga. Si bien hubo algunos lotes que se distanciaron para el cierre quedaron los m\u00e1s fuertes y el trabajo del KTM rindi\u00f3 sus frutos.<\/p>\n<p>Entre las Damas, previa a la carrera de los Elite y Sub 23, estuvo Valeria G\u00f3mez que volvi\u00f3 a estar en las filas del Raleigh, que esta vez s\u00f3lo tuvo una corredora en el podio, quinto lugar de Barra.<\/p>\n<p><strong>GP Ciudad de Jun\u00edn<br \/>\nElite Sub 23<\/strong><br \/>\n1\u00b0Adri\u00e1n Bozzini (KTM).<br \/>\n2\u00b0Leonardo Cobarrubia (SEP San Juan).<br \/>\n3\u00b0 Cristian Clavero (Luj\u00e1n).<br \/>\n4\u00b0 Sergio Fredes (KTM).<br \/>\n5\u00b0 Juan Cruz Gariboldi (KTM).<br \/>\n6\u00b0 Jerem\u00edas Mu\u00f1oz (San Andr\u00e9s de Giles).<\/p>\n<p><strong>Sub 23<\/strong><br \/>\n1\u00b0Juan Cruz Gariboldi (KTM).<br \/>\n2\u00b0Joaqu\u00edn Exp\u00f3sito (Bragado).<\/p>\n<p><strong>Damas<\/strong><br \/>\n1\u00b0 Valentina Luna (Lobos).<br \/>\n2\u00b0 Alejandra Prezioso (Ituzaing\u00f3).<br \/>\n3\u00b0 Eliana Tocha \u00a0(Pehuaj\u00f3).<br \/>\n4\u00b0 Lili Bialas (Pehuaj\u00f3).<br \/>\n5\u00b0 Lujan Barra (Raeigh).<\/p>\n<p><strong>Ganadores<\/strong><br \/>\nEn el Marcilla hoy se quedaron con la victoria en Master B Roberto Rusciolelli, Joachin Justin dentro de Master A y Elite II \u2013 Juniors, Valent\u00edn Rosello en Junior, Thiago Ben\u00edtez en Menores 07\/08\/09, otro ganador result\u00f3 en Menores 05\/06 Maximiliano Fuchs y ay en Master C Eduardo Leguizam\u00f3n, Master D Mario Daur\u00eda y Master E fue de H\u00e9ctor Larguero.<br \/>\n<img loading=\"lazy\" decoding=\"async\" class=\"alignnone size-full wp-image-60757\" src=\"https:\/\/noticiasmercedinas.com\/site\/wp-content\/uploads\/2021\/01\/damas.jpg\" alt=\"\" width=\"640\" height=\"471\" srcset=\"https:\/\/noticiasmercedinas.com\/site\/wp-content\/uploads\/2021\/01\/damas.jpg 640w, https:\/\/noticiasmercedinas.com\/site\/wp-content\/uploads\/2021\/01\/damas-300x221.jpg 300w, https:\/\/noticiasmercedinas.com\/site\/wp-content\/uploads\/2021\/01\/damas-80x60.jpg 80w, https:\/\/noticiasmercedinas.com\/site\/wp-content\/uploads\/2021\/01\/damas-100x75.jpg 100w\" sizes=\"auto, (max-width: 640px) 100vw, 640px\" \/><\/p>\n","protected":false},"excerpt":{"rendered":"<p>\u25a0 Al sprint se impuso Adri\u00e1n Bozzini para lograr el equipo otros dos puestos de podio. En el Raleigh femenino estuvo Valeria G\u00f3mez donde fue victoria de la lobense Valentina Luna.<\/p>\n","protected":false},"author":6,"featured_media":60756,"comment_status":"open","ping_status":"open","sticky":false,"template":"","format":"standard","meta":{"footnotes":""},"categories":[5],"tags":[108,11215,1744,616],"class_list":["post-60755","post","type-post","status-publish","format-standard","has-post-thumbnail","hentry","category-deportes","tag-ciclismo","tag-eusebio-marcilla","tag-junin","tag-ktm"],"yoast_head":"<!-- This site is optimized with the Yoast SEO plugin v27.5 - https:\/\/yoast.com\/product\/yoast-seo-wordpress\/ -->\n<title>KTM manda en el Marcilla<\/title>\n<meta name=\"robots\" content=\"index, follow, max-snippet:-1, max-image-preview:large, max-video-preview:-1\" \/>\n<link rel=\"canonical\" href=\"https:\/\/noticiasmercedinas.com\/site\/2021\/01\/31\/ktm-manda-en-el-marcilla\/\" \/>\n<meta property=\"og:locale\" content=\"es_ES\" \/>\n<meta property=\"og:type\" content=\"article\" \/>\n<meta property=\"og:title\" content=\"KTM manda en el Marcilla\" \/>\n<meta property=\"og:description\" content=\"\u25a0 Al sprint se impuso Adri\u00e1n Bozzini para lograr el equipo otros dos puestos de podio. En el Raleigh femenino estuvo Valeria G\u00f3mez donde fue victoria de la lobense Valentina Luna.\" \/>\n<meta property=\"og:url\" content=\"https:\/\/noticiasmercedinas.com\/site\/2021\/01\/31\/ktm-manda-en-el-marcilla\/\" \/>\n<meta property=\"og:site_name\" content=\"NOTICIASMERCEDINAS.COM\" \/>\n<meta property=\"article:publisher\" content=\"https:\/\/www.facebook.com\/noticiasmercedinas\/\" \/>\n<meta property=\"article:published_time\" content=\"2021-02-01T01:55:27+00:00\" \/>\n<meta property=\"article:modified_time\" content=\"2021-02-02T02:39:54+00:00\" \/>\n<meta property=\"og:image\" content=\"https:\/\/noticiasmercedinas.com\/site\/wp-content\/uploads\/2021\/01\/elite-1.jpg\" \/>\n\t<meta property=\"og:image:width\" content=\"640\" \/>\n\t<meta property=\"og:image:height\" content=\"418\" \/>\n\t<meta property=\"og:image:type\" content=\"image\/jpeg\" \/>\n<meta name=\"author\" content=\"Juan Dagnino NOTICIASMERCEDINAS.COM\" \/>\n<meta name=\"twitter:card\" content=\"summary_large_image\" \/>\n<meta name=\"twitter:creator\" content=\"@notmercedinas\" \/>\n<meta name=\"twitter:site\" content=\"@notmercedinas\" \/>\n<meta name=\"twitter:label1\" content=\"Escrito por\" \/>\n\t<meta name=\"twitter:data1\" content=\"Juan Dagnino NOTICIASMERCEDINAS.COM\" \/>\n\t<meta name=\"twitter:label2\" content=\"Tiempo de lectura\" \/>\n\t<meta name=\"twitter:data2\" content=\"2 minutos\" \/>\n<script type=\"application\/ld+json\" class=\"yoast-schema-graph\">{\"@context\":\"https:\\\/\\\/schema.org\",\"@graph\":[{\"@type\":\"Article\",\"@id\":\"https:\\\/\\\/noticiasmercedinas.com\\\/site\\\/2021\\\/01\\\/31\\\/ktm-manda-en-el-marcilla\\\/#article\",\"isPartOf\":{\"@id\":\"https:\\\/\\\/noticiasmercedinas.com\\\/site\\\/2021\\\/01\\\/31\\\/ktm-manda-en-el-marcilla\\\/\"},\"author\":{\"name\":\"Juan Dagnino NOTICIASMERCEDINAS.COM\",\"@id\":\"https:\\\/\\\/noticiasmercedinas.com\\\/site\\\/#\\\/schema\\\/person\\\/8f2f09d666ef40986eba4a5e6f2a06f9\"},\"headline\":\"KTM manda en el Marcilla\",\"datePublished\":\"2021-02-01T01:55:27+00:00\",\"dateModified\":\"2021-02-02T02:39:54+00:00\",\"mainEntityOfPage\":{\"@id\":\"https:\\\/\\\/noticiasmercedinas.com\\\/site\\\/2021\\\/01\\\/31\\\/ktm-manda-en-el-marcilla\\\/\"},\"wordCount\":341,\"commentCount\":0,\"publisher\":{\"@id\":\"https:\\\/\\\/noticiasmercedinas.com\\\/site\\\/#organization\"},\"image\":{\"@id\":\"https:\\\/\\\/noticiasmercedinas.com\\\/site\\\/2021\\\/01\\\/31\\\/ktm-manda-en-el-marcilla\\\/#primaryimage\"},\"thumbnailUrl\":\"https:\\\/\\\/noticiasmercedinas.com\\\/site\\\/wp-content\\\/uploads\\\/2021\\\/01\\\/elite-1.jpg\",\"keywords\":[\"ciclismo\",\"eusebio marcilla\",\"Junin\",\"ktm\"],\"articleSection\":[\"Deportes\"],\"inLanguage\":\"es\",\"potentialAction\":[{\"@type\":\"CommentAction\",\"name\":\"Comment\",\"target\":[\"https:\\\/\\\/noticiasmercedinas.com\\\/site\\\/2021\\\/01\\\/31\\\/ktm-manda-en-el-marcilla\\\/#respond\"]}]},{\"@type\":\"WebPage\",\"@id\":\"https:\\\/\\\/noticiasmercedinas.com\\\/site\\\/2021\\\/01\\\/31\\\/ktm-manda-en-el-marcilla\\\/\",\"url\":\"https:\\\/\\\/noticiasmercedinas.com\\\/site\\\/2021\\\/01\\\/31\\\/ktm-manda-en-el-marcilla\\\/\",\"name\":\"KTM manda en el Marcilla\",\"isPartOf\":{\"@id\":\"https:\\\/\\\/noticiasmercedinas.com\\\/site\\\/#website\"},\"primaryImageOfPage\":{\"@id\":\"https:\\\/\\\/noticiasmercedinas.com\\\/site\\\/2021\\\/01\\\/31\\\/ktm-manda-en-el-marcilla\\\/#primaryimage\"},\"image\":{\"@id\":\"https:\\\/\\\/noticiasmercedinas.com\\\/site\\\/2021\\\/01\\\/31\\\/ktm-manda-en-el-marcilla\\\/#primaryimage\"},\"thumbnailUrl\":\"https:\\\/\\\/noticiasmercedinas.com\\\/site\\\/wp-content\\\/uploads\\\/2021\\\/01\\\/elite-1.jpg\",\"datePublished\":\"2021-02-01T01:55:27+00:00\",\"dateModified\":\"2021-02-02T02:39:54+00:00\",\"breadcrumb\":{\"@id\":\"https:\\\/\\\/noticiasmercedinas.com\\\/site\\\/2021\\\/01\\\/31\\\/ktm-manda-en-el-marcilla\\\/#breadcrumb\"},\"inLanguage\":\"es\",\"potentialAction\":[{\"@type\":\"ReadAction\",\"target\":[\"https:\\\/\\\/noticiasmercedinas.com\\\/site\\\/2021\\\/01\\\/31\\\/ktm-manda-en-el-marcilla\\\/\"]}]},{\"@type\":\"ImageObject\",\"inLanguage\":\"es\",\"@id\":\"https:\\\/\\\/noticiasmercedinas.com\\\/site\\\/2021\\\/01\\\/31\\\/ktm-manda-en-el-marcilla\\\/#primaryimage\",\"url\":\"https:\\\/\\\/noticiasmercedinas.com\\\/site\\\/wp-content\\\/uploads\\\/2021\\\/01\\\/elite-1.jpg\",\"contentUrl\":\"https:\\\/\\\/noticiasmercedinas.com\\\/site\\\/wp-content\\\/uploads\\\/2021\\\/01\\\/elite-1.jpg\",\"width\":640,\"height\":418},{\"@type\":\"BreadcrumbList\",\"@id\":\"https:\\\/\\\/noticiasmercedinas.com\\\/site\\\/2021\\\/01\\\/31\\\/ktm-manda-en-el-marcilla\\\/#breadcrumb\",\"itemListElement\":[{\"@type\":\"ListItem\",\"position\":1,\"name\":\"Portada\",\"item\":\"https:\\\/\\\/noticiasmercedinas.com\\\/site\\\/\"},{\"@type\":\"ListItem\",\"position\":2,\"name\":\"KTM manda en el Marcilla\"}]},{\"@type\":\"WebSite\",\"@id\":\"https:\\\/\\\/noticiasmercedinas.com\\\/site\\\/#website\",\"url\":\"https:\\\/\\\/noticiasmercedinas.com\\\/site\\\/\",\"name\":\"NOTICIASMERCEDINAS.COM\",\"description\":\"Mercedes, Buenos Aires, Argentina\",\"publisher\":{\"@id\":\"https:\\\/\\\/noticiasmercedinas.com\\\/site\\\/#organization\"},\"potentialAction\":[{\"@type\":\"SearchAction\",\"target\":{\"@type\":\"EntryPoint\",\"urlTemplate\":\"https:\\\/\\\/noticiasmercedinas.com\\\/site\\\/?s={search_term_string}\"},\"query-input\":{\"@type\":\"PropertyValueSpecification\",\"valueRequired\":true,\"valueName\":\"search_term_string\"}}],\"inLanguage\":\"es\"},{\"@type\":\"Organization\",\"@id\":\"https:\\\/\\\/noticiasmercedinas.com\\\/site\\\/#organization\",\"name\":\"NOTICIASMERCEDINAS.COM\",\"url\":\"https:\\\/\\\/noticiasmercedinas.com\\\/site\\\/\",\"logo\":{\"@type\":\"ImageObject\",\"inLanguage\":\"es\",\"@id\":\"https:\\\/\\\/noticiasmercedinas.com\\\/site\\\/#\\\/schema\\\/logo\\\/image\\\/\",\"url\":\"https:\\\/\\\/noticiasmercedinas.com\\\/site\\\/wp-content\\\/uploads\\\/2020\\\/06\\\/LOGO-512.jpg\",\"contentUrl\":\"https:\\\/\\\/noticiasmercedinas.com\\\/site\\\/wp-content\\\/uploads\\\/2020\\\/06\\\/LOGO-512.jpg\",\"width\":512,\"height\":512,\"caption\":\"NOTICIASMERCEDINAS.COM\"},\"image\":{\"@id\":\"https:\\\/\\\/noticiasmercedinas.com\\\/site\\\/#\\\/schema\\\/logo\\\/image\\\/\"},\"sameAs\":[\"https:\\\/\\\/www.facebook.com\\\/noticiasmercedinas\\\/\",\"https:\\\/\\\/x.com\\\/notmercedinas\",\"https:\\\/\\\/www.instagram.com\\\/noticiasmercedinas\\\/\"]},{\"@type\":\"Person\",\"@id\":\"https:\\\/\\\/noticiasmercedinas.com\\\/site\\\/#\\\/schema\\\/person\\\/8f2f09d666ef40986eba4a5e6f2a06f9\",\"name\":\"Juan Dagnino NOTICIASMERCEDINAS.COM\",\"image\":{\"@type\":\"ImageObject\",\"inLanguage\":\"es\",\"@id\":\"https:\\\/\\\/secure.gravatar.com\\\/avatar\\\/fc7059a769f5a3cae65fadb228a3e4accf3a64b4b2305020d0a27e6d5333c91b?s=96&d=mm&r=g\",\"url\":\"https:\\\/\\\/secure.gravatar.com\\\/avatar\\\/fc7059a769f5a3cae65fadb228a3e4accf3a64b4b2305020d0a27e6d5333c91b?s=96&d=mm&r=g\",\"contentUrl\":\"https:\\\/\\\/secure.gravatar.com\\\/avatar\\\/fc7059a769f5a3cae65fadb228a3e4accf3a64b4b2305020d0a27e6d5333c91b?s=96&d=mm&r=g\",\"caption\":\"Juan Dagnino NOTICIASMERCEDINAS.COM\"},\"url\":\"https:\\\/\\\/noticiasmercedinas.com\\\/site\\\/author\\\/juandagnino\\\/\"}]}<\/script>\n<!-- \/ Yoast SEO plugin. -->","yoast_head_json":{"title":"KTM manda en el Marcilla","robots":{"index":"index","follow":"follow","max-snippet":"max-snippet:-1","max-image-preview":"max-image-preview:large","max-video-preview":"max-video-preview:-1"},"canonical":"https:\/\/noticiasmercedinas.com\/site\/2021\/01\/31\/ktm-manda-en-el-marcilla\/","og_locale":"es_ES","og_type":"article","og_title":"KTM manda en el Marcilla","og_description":"\u25a0 Al sprint se impuso Adri\u00e1n Bozzini para lograr el equipo otros dos puestos de podio. En el Raleigh femenino estuvo Valeria G\u00f3mez donde fue victoria de la lobense Valentina Luna.","og_url":"https:\/\/noticiasmercedinas.com\/site\/2021\/01\/31\/ktm-manda-en-el-marcilla\/","og_site_name":"NOTICIASMERCEDINAS.COM","article_publisher":"https:\/\/www.facebook.com\/noticiasmercedinas\/","article_published_time":"2021-02-01T01:55:27+00:00","article_modified_time":"2021-02-02T02:39:54+00:00","og_image":[{"width":640,"height":418,"url":"https:\/\/noticiasmercedinas.com\/site\/wp-content\/uploads\/2021\/01\/elite-1.jpg","type":"image\/jpeg"}],"author":"Juan Dagnino NOTICIASMERCEDINAS.COM","twitter_card":"summary_large_image","twitter_creator":"@notmercedinas","twitter_site":"@notmercedinas","twitter_misc":{"Escrito por":"Juan Dagnino NOTICIASMERCEDINAS.COM","Tiempo de lectura":"2 minutos"},"schema":{"@context":"https:\/\/schema.org","@graph":[{"@type":"Article","@id":"https:\/\/noticiasmercedinas.com\/site\/2021\/01\/31\/ktm-manda-en-el-marcilla\/#article","isPartOf":{"@id":"https:\/\/noticiasmercedinas.com\/site\/2021\/01\/31\/ktm-manda-en-el-marcilla\/"},"author":{"name":"Juan Dagnino NOTICIASMERCEDINAS.COM","@id":"https:\/\/noticiasmercedinas.com\/site\/#\/schema\/person\/8f2f09d666ef40986eba4a5e6f2a06f9"},"headline":"KTM manda en el Marcilla","datePublished":"2021-02-01T01:55:27+00:00","dateModified":"2021-02-02T02:39:54+00:00","mainEntityOfPage":{"@id":"https:\/\/noticiasmercedinas.com\/site\/2021\/01\/31\/ktm-manda-en-el-marcilla\/"},"wordCount":341,"commentCount":0,"publisher":{"@id":"https:\/\/noticiasmercedinas.com\/site\/#organization"},"image":{"@id":"https:\/\/noticiasmercedinas.com\/site\/2021\/01\/31\/ktm-manda-en-el-marcilla\/#primaryimage"},"thumbnailUrl":"https:\/\/noticiasmercedinas.com\/site\/wp-content\/uploads\/2021\/01\/elite-1.jpg","keywords":["ciclismo","eusebio marcilla","Junin","ktm"],"articleSection":["Deportes"],"inLanguage":"es","potentialAction":[{"@type":"CommentAction","name":"Comment","target":["https:\/\/noticiasmercedinas.com\/site\/2021\/01\/31\/ktm-manda-en-el-marcilla\/#respond"]}]},{"@type":"WebPage","@id":"https:\/\/noticiasmercedinas.com\/site\/2021\/01\/31\/ktm-manda-en-el-marcilla\/","url":"https:\/\/noticiasmercedinas.com\/site\/2021\/01\/31\/ktm-manda-en-el-marcilla\/","name":"KTM manda en el Marcilla","isPartOf":{"@id":"https:\/\/noticiasmercedinas.com\/site\/#website"},"primaryImageOfPage":{"@id":"https:\/\/noticiasmercedinas.com\/site\/2021\/01\/31\/ktm-manda-en-el-marcilla\/#primaryimage"},"image":{"@id":"https:\/\/noticiasmercedinas.com\/site\/2021\/01\/31\/ktm-manda-en-el-marcilla\/#primaryimage"},"thumbnailUrl":"https:\/\/noticiasmercedinas.com\/site\/wp-content\/uploads\/2021\/01\/elite-1.jpg","datePublished":"2021-02-01T01:55:27+00:00","dateModified":"2021-02-02T02:39:54+00:00","breadcrumb":{"@id":"https:\/\/noticiasmercedinas.com\/site\/2021\/01\/31\/ktm-manda-en-el-marcilla\/#breadcrumb"},"inLanguage":"es","potentialAction":[{"@type":"ReadAction","target":["https:\/\/noticiasmercedinas.com\/site\/2021\/01\/31\/ktm-manda-en-el-marcilla\/"]}]},{"@type":"ImageObject","inLanguage":"es","@id":"https:\/\/noticiasmercedinas.com\/site\/2021\/01\/31\/ktm-manda-en-el-marcilla\/#primaryimage","url":"https:\/\/noticiasmercedinas.com\/site\/wp-content\/uploads\/2021\/01\/elite-1.jpg","contentUrl":"https:\/\/noticiasmercedinas.com\/site\/wp-content\/uploads\/2021\/01\/elite-1.jpg","width":640,"height":418},{"@type":"BreadcrumbList","@id":"https:\/\/noticiasmercedinas.com\/site\/2021\/01\/31\/ktm-manda-en-el-marcilla\/#breadcrumb","itemListElement":[{"@type":"ListItem","position":1,"name":"Portada","item":"https:\/\/noticiasmercedinas.com\/site\/"},{"@type":"ListItem","position":2,"name":"KTM manda en el Marcilla"}]},{"@type":"WebSite","@id":"https:\/\/noticiasmercedinas.com\/site\/#website","url":"https:\/\/noticiasmercedinas.com\/site\/","name":"NOTICIASMERCEDINAS.COM","description":"Mercedes, Buenos Aires, Argentina","publisher":{"@id":"https:\/\/noticiasmercedinas.com\/site\/#organization"},"potentialAction":[{"@type":"SearchAction","target":{"@type":"EntryPoint","urlTemplate":"https:\/\/noticiasmercedinas.com\/site\/?s={search_term_string}"},"query-input":{"@type":"PropertyValueSpecification","valueRequired":true,"valueName":"search_term_string"}}],"inLanguage":"es"},{"@type":"Organization","@id":"https:\/\/noticiasmercedinas.com\/site\/#organization","name":"NOTICIASMERCEDINAS.COM","url":"https:\/\/noticiasmercedinas.com\/site\/","logo":{"@type":"ImageObject","inLanguage":"es","@id":"https:\/\/noticiasmercedinas.com\/site\/#\/schema\/logo\/image\/","url":"https:\/\/noticiasmercedinas.com\/site\/wp-content\/uploads\/2020\/06\/LOGO-512.jpg","contentUrl":"https:\/\/noticiasmercedinas.com\/site\/wp-content\/uploads\/2020\/06\/LOGO-512.jpg","width":512,"height":512,"caption":"NOTICIASMERCEDINAS.COM"},"image":{"@id":"https:\/\/noticiasmercedinas.com\/site\/#\/schema\/logo\/image\/"},"sameAs":["https:\/\/www.facebook.com\/noticiasmercedinas\/","https:\/\/x.com\/notmercedinas","https:\/\/www.instagram.com\/noticiasmercedinas\/"]},{"@type":"Person","@id":"https:\/\/noticiasmercedinas.com\/site\/#\/schema\/person\/8f2f09d666ef40986eba4a5e6f2a06f9","name":"Juan Dagnino NOTICIASMERCEDINAS.COM","image":{"@type":"ImageObject","inLanguage":"es","@id":"https:\/\/secure.gravatar.com\/avatar\/fc7059a769f5a3cae65fadb228a3e4accf3a64b4b2305020d0a27e6d5333c91b?s=96&d=mm&r=g","url":"https:\/\/secure.gravatar.com\/avatar\/fc7059a769f5a3cae65fadb228a3e4accf3a64b4b2305020d0a27e6d5333c91b?s=96&d=mm&r=g","contentUrl":"https:\/\/secure.gravatar.com\/avatar\/fc7059a769f5a3cae65fadb228a3e4accf3a64b4b2305020d0a27e6d5333c91b?s=96&d=mm&r=g","caption":"Juan Dagnino NOTICIASMERCEDINAS.COM"},"url":"https:\/\/noticiasmercedinas.com\/site\/author\/juandagnino\/"}]}},"amp_enabled":true,"_links":{"self":[{"href":"https:\/\/noticiasmercedinas.com\/site\/wp-json\/wp\/v2\/posts\/60755","targetHints":{"allow":["GET"]}}],"collection":[{"href":"https:\/\/noticiasmercedinas.com\/site\/wp-json\/wp\/v2\/posts"}],"about":[{"href":"https:\/\/noticiasmercedinas.com\/site\/wp-json\/wp\/v2\/types\/post"}],"author":[{"embeddable":true,"href":"https:\/\/noticiasmercedinas.com\/site\/wp-json\/wp\/v2\/users\/6"}],"replies":[{"embeddable":true,"href":"https:\/\/noticiasmercedinas.com\/site\/wp-json\/wp\/v2\/comments?post=60755"}],"version-history":[{"count":2,"href":"https:\/\/noticiasmercedinas.com\/site\/wp-json\/wp\/v2\/posts\/60755\/revisions"}],"predecessor-version":[{"id":60813,"href":"https:\/\/noticiasmercedinas.com\/site\/wp-json\/wp\/v2\/posts\/60755\/revisions\/60813"}],"wp:featuredmedia":[{"embeddable":true,"href":"https:\/\/noticiasmercedinas.com\/site\/wp-json\/wp\/v2\/media\/60756"}],"wp:attachment":[{"href":"https:\/\/noticiasmercedinas.com\/site\/wp-json\/wp\/v2\/media?parent=60755"}],"wp:term":[{"taxonomy":"category","embeddable":true,"href":"https:\/\/noticiasmercedinas.com\/site\/wp-json\/wp\/v2\/categories?post=60755"},{"taxonomy":"post_tag","embeddable":true,"href":"https:\/\/noticiasmercedinas.com\/site\/wp-json\/wp\/v2\/tags?post=60755"}],"curies":[{"name":"wp","href":"https:\/\/api.w.org\/{rel}","templated":true}]}}