{"id":60882,"date":"2021-02-03T08:16:24","date_gmt":"2021-02-03T11:16:24","guid":{"rendered":"https:\/\/noticiasmercedinas.com\/site\/2021\/02\/03\/firman-convenio-para-abrir-un-espacio-de-sedronar\/"},"modified":"2021-02-03T08:16:24","modified_gmt":"2021-02-03T11:16:24","slug":"firman-convenio-para-abrir-un-espacio-de-sedronar","status":"publish","type":"post","link":"https:\/\/noticiasmercedinas.com\/site\/2021\/02\/03\/firman-convenio-para-abrir-un-espacio-de-sedronar\/","title":{"rendered":"Firman convenio para abrir un espacio de Sedronar"},"content":{"rendered":"<p><img loading=\"lazy\" decoding=\"async\" class=\"alignnone wp-image-60881 size-full\" src=\"https:\/\/noticiasmercedinas.com\/site\/wp-content\/uploads\/2021\/02\/WhatsAppImage2021-02-02at15.44.3128129.jpeg\" width=\"1280\" height=\"720\" srcset=\"https:\/\/noticiasmercedinas.com\/site\/wp-content\/uploads\/2021\/02\/WhatsAppImage2021-02-02at15.44.3128129.jpeg 1280w, https:\/\/noticiasmercedinas.com\/site\/wp-content\/uploads\/2021\/02\/WhatsAppImage2021-02-02at15.44.3128129-300x169.jpeg 300w, https:\/\/noticiasmercedinas.com\/site\/wp-content\/uploads\/2021\/02\/WhatsAppImage2021-02-02at15.44.3128129-1024x576.jpeg 1024w, https:\/\/noticiasmercedinas.com\/site\/wp-content\/uploads\/2021\/02\/WhatsAppImage2021-02-02at15.44.3128129-768x432.jpeg 768w, https:\/\/noticiasmercedinas.com\/site\/wp-content\/uploads\/2021\/02\/WhatsAppImage2021-02-02at15.44.3128129-640x360.jpeg 640w, https:\/\/noticiasmercedinas.com\/site\/wp-content\/uploads\/2021\/02\/WhatsAppImage2021-02-02at15.44.3128129-681x383.jpeg 681w\" sizes=\"auto, (max-width: 1280px) 100vw, 1280px\" \/><\/p>\n<p>El intendente Ustarroz firm\u00f3 convenio con Gabriela Torres, Secretar\u00eda de Pol\u00edticas Integrales sobre Drogas de la Naci\u00f3n para crear un nuevo dispositivo de asistencia a las y los vecinos con consumos problem\u00e1ticos. Ser\u00e1 su sede en la localidad de Gowland y Agote en el espacio de la Sociedad de Fomento de la zona. Esta herramienta viene a dar respuesta a una demanda social.<\/p>\n<p>Estuvieron presentes referentes de la comunidad, adem\u00e1s de equipos t\u00e9cnicos locales, regionales y nacionales. Estamos \u201cgenerando un dispositivo para una comunidad que viene creciendo y desarroll\u00e1ndose muy bien que es la de Gowland y Agote, con un fuerte trabajo de la Sociedad de Fomento, del Club, de las instituciones de la sociedad civil\u201d sostuvo Ustarroz.<\/p>\n<p>La Lic. Jorgelina Silva narr\u00f3: \u201cTenemos el placer de contar con la presencia de representantes del SEDRONAR y vecinos de Gowland y Agote para la firma de un convenio con el Estado Nacional para contar con un nuevo dispositivo territorial del DIAT en las localidades mencionadas\u201d. La secretaria de Desarrollo de la Comunidad, tiene a cargo parte del extenso trabajo llevado adelante en la tem\u00e1tica. <\/p>\n<p>Juan Manuel Palacios, presidente de la Sociedad de Fomento de Gowland-Agote, afirm\u00f3 que \u201ccomo referentes de la sociedad de fomento agradecemos que nos tengan en cuenta para la constituci\u00f3n de un dispositivo tan importante para la comunidad y por eso deseamos trabajar para acompa\u00f1ar esta iniciativa\u201d.<\/p>\n<p>Por su parte, quien tambi\u00e9n es de la zona, adem\u00e1s de edil, Juli\u00e1n Insaurgarat, sostuvo: \u201cQuiero agradecer tambi\u00e9n al intendente Ustarroz, porque esta era una problem\u00e1tica de la zona que ten\u00edamos en nuestras comunidades rurales y fuimos escuchados y ahora se constituir\u00e1 este dispositivo que tendr\u00e1 su base en la Sociedad de Fomento, que es un espacio comunitario para todos nosotros\u201d y narr\u00f3 que \u201cestamos a disposici\u00f3n de los profesionales, de los equipos, siendo para nosotros una alegr\u00eda muy grande como comunidad\u201d <\/p>\n<p>Qui\u00e9n tambi\u00e9n estuvo presente fue Julio Maldonado, coordinador regional de Salud Mental: \u201cEstamos muy agradecidos por la presencia de Graciela quien nos viene apoyando desde hace tiempo y contar con el acompa\u00f1amiento del Estado Nacional es muy importante y que sea Gowland y Agote tambi\u00e9n porque all\u00e1 se viene haciendo un fuerte trabajo territorial\u201d, sostuvo. <\/p>\n<p>Gabriela Torres afirm\u00f3 que \u201ces ante todo una alegr\u00eda estar en Mercedes con Juani y todo su equipo nosotros sabemos la l\u00f3gica de trabajo que tiene el municipio, siempre actuando en el cuidado de la salud mental, con un enfoque comunitario, ac\u00e1 hay DIAT, Casa de D\u00eda, una mesa de trabajo en la tem\u00e1tica, los dispositivos de la SEDRONAR, siempre combinando con los actores y es algo que desde el SEDRONAR hemos aprendido y venimos a consolidar el acompa\u00f1amiento de una persona que tiene consumos problem\u00e1ticos y es fundamental esto, una comunidad m\u00e1s alojadora, un Estado presente, que logremos articularnos as\u00ed que concretar este proyecto hoy en Mercedes es una alegr\u00eda enorme\u201d.<\/p>\n<p>Ustarroz agradeci\u00f3 la visita de la Secretaria nacional y su equipo y a trav\u00e9s de ella \u201ccelebrar la presencia contante del Estado Nacional y Provincial acompa\u00f1ando a toda la comunidad de Mercedes\u201d: \u201cEn esta ocasi\u00f3n en particular generando un dispositivo para una comunidad que viene creciendo y desarroll\u00e1ndose muy bien que es la de Gowland y Agote, con un fuerte trabajo de la Sociedad de Fomento, del Club, de las instituciones de la sociedad civil, y nosotros como estado comunal estamos muy contentos con este presente y un futuro distinto logrando que los distintos actores de nuestra comunidad se ponderen y se planteen las problem\u00e1ticas de manera transversal generando \u00e1mbitos de escucha, abordaje, con dispositivos nuevos\u201d afirm\u00f3 el jefe comunal y remarc\u00f3 que es  \u201cbienvenido todo el apoyo de las pol\u00edticas p\u00fablicas del Estado presente, cerca de los municipios y el pueblo en momentos tan dif\u00edciles, de pandemia, donde la situaci\u00f3n contin\u00faa siendo compleja por eso tan importante la unidad de todos los actores para generar futuro para nuestra poblaci\u00f3n\u201d y sostuvo que \u201cpor eso muchas gracias a Graciela que desde el primer d\u00eda que asumi\u00f3 siempre nos ha atendido y dado respuestas, que es muy importante. Tambi\u00e9n felicito a todo el equipo de Mercedes que dieron tanto acompa\u00f1amiento\u201d, entre otros conceptos.<\/p>\n<p>En el encuentro tambi\u00e9n estuvo presente Gabriela Olivella, directora de Ni\u00f1ez y Adolescencia y Laura Moyano, directora de Abordaje Territorial.<\/p>\n<p>De esta manera se crear\u00e1 en la sede de la Sociedad de Fomento de Gowland y Agote una nueva herramienta de intervenci\u00f3n social que permitir\u00e1 dar respuesta a una demanda de la zona y es trabajar con las y los vecinos en situaci\u00f3n de consumos problem\u00e1ticos. Ser\u00e1 una articulaci\u00f3n de diversas \u00e1reas de los estados municipales, provinciales y nacional y una valiosa nueva intervenci\u00f3n social.<\/p>\n<p><iframe loading=\"lazy\" title=\"Firma de convenio entre Municipio y Sedronar para abrir nuevo dispositivo en Gowland - Agote\" width=\"640\" height=\"360\" src=\"https:\/\/www.youtube.com\/embed\/mzSSkr-HlIQ?feature=oembed\" frameborder=\"0\" allow=\"accelerometer; autoplay; clipboard-write; encrypted-media; gyroscope; picture-in-picture; web-share\" referrerpolicy=\"strict-origin-when-cross-origin\" allowfullscreen><\/iframe><\/p>\n","protected":false},"excerpt":{"rendered":"<p>\u25a0 Se anunci\u00f3 que abrir\u00e1n espacio de atenci\u00f3n a consumos problem\u00e1ticos en Gowland-Agote. Convenio con Gabriela Torres, Secretar\u00eda de Pol\u00edticas Integrales sobre Drogas de la Naci\u00f3n<\/p>\n","protected":false},"author":2,"featured_media":60881,"comment_status":"open","ping_status":"open","sticky":false,"template":"","format":"standard","meta":{"footnotes":""},"categories":[3],"tags":[104,1191,829,8932],"class_list":["post-60882","post","type-post","status-publish","format-standard","has-post-thumbnail","hentry","category-sociedad","tag-agote","tag-consumos-problematicos","tag-gowland","tag-sedronar"],"yoast_head":"<!-- This site is optimized with the Yoast SEO plugin v27.4 - https:\/\/yoast.com\/product\/yoast-seo-wordpress\/ -->\n<title>Firman convenio para abrir un espacio de Sedronar<\/title>\n<meta name=\"robots\" content=\"index, follow, max-snippet:-1, max-image-preview:large, max-video-preview:-1\" \/>\n<link rel=\"canonical\" href=\"https:\/\/noticiasmercedinas.com\/site\/2021\/02\/03\/firman-convenio-para-abrir-un-espacio-de-sedronar\/\" \/>\n<meta property=\"og:locale\" content=\"es_ES\" \/>\n<meta property=\"og:type\" content=\"article\" \/>\n<meta property=\"og:title\" content=\"Firman convenio para abrir un espacio de Sedronar\" \/>\n<meta property=\"og:description\" content=\"\u25a0 Se anunci\u00f3 que abrir\u00e1n espacio de atenci\u00f3n a consumos problem\u00e1ticos en Gowland-Agote. Convenio con Gabriela Torres, Secretar\u00eda de Pol\u00edticas Integrales sobre Drogas de la Naci\u00f3n\" \/>\n<meta property=\"og:url\" content=\"https:\/\/noticiasmercedinas.com\/site\/2021\/02\/03\/firman-convenio-para-abrir-un-espacio-de-sedronar\/\" \/>\n<meta property=\"og:site_name\" content=\"NOTICIASMERCEDINAS.COM\" \/>\n<meta property=\"article:publisher\" content=\"https:\/\/www.facebook.com\/noticiasmercedinas\/\" \/>\n<meta property=\"article:author\" content=\"https:\/\/www.facebook.com\/cristian.falabella\" \/>\n<meta property=\"article:published_time\" content=\"2021-02-03T11:16:24+00:00\" \/>\n<meta property=\"og:image\" content=\"https:\/\/noticiasmercedinas.com\/site\/wp-content\/uploads\/2021\/02\/WhatsAppImage2021-02-02at15.44.3128129.jpeg\" \/>\n\t<meta property=\"og:image:width\" content=\"1280\" \/>\n\t<meta property=\"og:image:height\" content=\"720\" \/>\n\t<meta property=\"og:image:type\" content=\"image\/jpeg\" \/>\n<meta name=\"author\" content=\"Cristian Falabella NOTICIASMERCEDINAS.COM\" \/>\n<meta name=\"twitter:card\" content=\"summary_large_image\" \/>\n<meta name=\"twitter:creator\" content=\"@https:\/\/twitter.com\/NOTMERCEDINAS\" \/>\n<meta name=\"twitter:site\" content=\"@notmercedinas\" \/>\n<meta name=\"twitter:label1\" content=\"Escrito por\" \/>\n\t<meta name=\"twitter:data1\" content=\"Cristian Falabella NOTICIASMERCEDINAS.COM\" \/>\n\t<meta name=\"twitter:label2\" content=\"Tiempo de lectura\" \/>\n\t<meta name=\"twitter:data2\" content=\"4 minutos\" \/>\n<script type=\"application\/ld+json\" class=\"yoast-schema-graph\">{\"@context\":\"https:\\\/\\\/schema.org\",\"@graph\":[{\"@type\":\"Article\",\"@id\":\"https:\\\/\\\/noticiasmercedinas.com\\\/site\\\/2021\\\/02\\\/03\\\/firman-convenio-para-abrir-un-espacio-de-sedronar\\\/#article\",\"isPartOf\":{\"@id\":\"https:\\\/\\\/noticiasmercedinas.com\\\/site\\\/2021\\\/02\\\/03\\\/firman-convenio-para-abrir-un-espacio-de-sedronar\\\/\"},\"author\":{\"name\":\"Cristian Falabella NOTICIASMERCEDINAS.COM\",\"@id\":\"https:\\\/\\\/noticiasmercedinas.com\\\/site\\\/#\\\/schema\\\/person\\\/d481a9696a5feaec13a60e2bbd991a6a\"},\"headline\":\"Firman convenio para abrir un espacio de Sedronar\",\"datePublished\":\"2021-02-03T11:16:24+00:00\",\"mainEntityOfPage\":{\"@id\":\"https:\\\/\\\/noticiasmercedinas.com\\\/site\\\/2021\\\/02\\\/03\\\/firman-convenio-para-abrir-un-espacio-de-sedronar\\\/\"},\"wordCount\":838,\"commentCount\":0,\"publisher\":{\"@id\":\"https:\\\/\\\/noticiasmercedinas.com\\\/site\\\/#organization\"},\"image\":{\"@id\":\"https:\\\/\\\/noticiasmercedinas.com\\\/site\\\/2021\\\/02\\\/03\\\/firman-convenio-para-abrir-un-espacio-de-sedronar\\\/#primaryimage\"},\"thumbnailUrl\":\"https:\\\/\\\/noticiasmercedinas.com\\\/site\\\/wp-content\\\/uploads\\\/2021\\\/02\\\/WhatsAppImage2021-02-02at15.44.3128129.jpeg\",\"keywords\":[\"agote\",\"consumos problematicos\",\"gowland\",\"sedronar\"],\"articleSection\":[\"Sociedad\"],\"inLanguage\":\"es\",\"potentialAction\":[{\"@type\":\"CommentAction\",\"name\":\"Comment\",\"target\":[\"https:\\\/\\\/noticiasmercedinas.com\\\/site\\\/2021\\\/02\\\/03\\\/firman-convenio-para-abrir-un-espacio-de-sedronar\\\/#respond\"]}]},{\"@type\":\"WebPage\",\"@id\":\"https:\\\/\\\/noticiasmercedinas.com\\\/site\\\/2021\\\/02\\\/03\\\/firman-convenio-para-abrir-un-espacio-de-sedronar\\\/\",\"url\":\"https:\\\/\\\/noticiasmercedinas.com\\\/site\\\/2021\\\/02\\\/03\\\/firman-convenio-para-abrir-un-espacio-de-sedronar\\\/\",\"name\":\"Firman convenio para abrir un espacio de Sedronar\",\"isPartOf\":{\"@id\":\"https:\\\/\\\/noticiasmercedinas.com\\\/site\\\/#website\"},\"primaryImageOfPage\":{\"@id\":\"https:\\\/\\\/noticiasmercedinas.com\\\/site\\\/2021\\\/02\\\/03\\\/firman-convenio-para-abrir-un-espacio-de-sedronar\\\/#primaryimage\"},\"image\":{\"@id\":\"https:\\\/\\\/noticiasmercedinas.com\\\/site\\\/2021\\\/02\\\/03\\\/firman-convenio-para-abrir-un-espacio-de-sedronar\\\/#primaryimage\"},\"thumbnailUrl\":\"https:\\\/\\\/noticiasmercedinas.com\\\/site\\\/wp-content\\\/uploads\\\/2021\\\/02\\\/WhatsAppImage2021-02-02at15.44.3128129.jpeg\",\"datePublished\":\"2021-02-03T11:16:24+00:00\",\"breadcrumb\":{\"@id\":\"https:\\\/\\\/noticiasmercedinas.com\\\/site\\\/2021\\\/02\\\/03\\\/firman-convenio-para-abrir-un-espacio-de-sedronar\\\/#breadcrumb\"},\"inLanguage\":\"es\",\"potentialAction\":[{\"@type\":\"ReadAction\",\"target\":[\"https:\\\/\\\/noticiasmercedinas.com\\\/site\\\/2021\\\/02\\\/03\\\/firman-convenio-para-abrir-un-espacio-de-sedronar\\\/\"]}]},{\"@type\":\"ImageObject\",\"inLanguage\":\"es\",\"@id\":\"https:\\\/\\\/noticiasmercedinas.com\\\/site\\\/2021\\\/02\\\/03\\\/firman-convenio-para-abrir-un-espacio-de-sedronar\\\/#primaryimage\",\"url\":\"https:\\\/\\\/noticiasmercedinas.com\\\/site\\\/wp-content\\\/uploads\\\/2021\\\/02\\\/WhatsAppImage2021-02-02at15.44.3128129.jpeg\",\"contentUrl\":\"https:\\\/\\\/noticiasmercedinas.com\\\/site\\\/wp-content\\\/uploads\\\/2021\\\/02\\\/WhatsAppImage2021-02-02at15.44.3128129.jpeg\",\"width\":1280,\"height\":720},{\"@type\":\"BreadcrumbList\",\"@id\":\"https:\\\/\\\/noticiasmercedinas.com\\\/site\\\/2021\\\/02\\\/03\\\/firman-convenio-para-abrir-un-espacio-de-sedronar\\\/#breadcrumb\",\"itemListElement\":[{\"@type\":\"ListItem\",\"position\":1,\"name\":\"Portada\",\"item\":\"https:\\\/\\\/noticiasmercedinas.com\\\/site\\\/\"},{\"@type\":\"ListItem\",\"position\":2,\"name\":\"Firman convenio para abrir un espacio de Sedronar\"}]},{\"@type\":\"WebSite\",\"@id\":\"https:\\\/\\\/noticiasmercedinas.com\\\/site\\\/#website\",\"url\":\"https:\\\/\\\/noticiasmercedinas.com\\\/site\\\/\",\"name\":\"NOTICIASMERCEDINAS.COM\",\"description\":\"Mercedes, Buenos Aires, Argentina\",\"publisher\":{\"@id\":\"https:\\\/\\\/noticiasmercedinas.com\\\/site\\\/#organization\"},\"potentialAction\":[{\"@type\":\"SearchAction\",\"target\":{\"@type\":\"EntryPoint\",\"urlTemplate\":\"https:\\\/\\\/noticiasmercedinas.com\\\/site\\\/?s={search_term_string}\"},\"query-input\":{\"@type\":\"PropertyValueSpecification\",\"valueRequired\":true,\"valueName\":\"search_term_string\"}}],\"inLanguage\":\"es\"},{\"@type\":\"Organization\",\"@id\":\"https:\\\/\\\/noticiasmercedinas.com\\\/site\\\/#organization\",\"name\":\"NOTICIASMERCEDINAS.COM\",\"url\":\"https:\\\/\\\/noticiasmercedinas.com\\\/site\\\/\",\"logo\":{\"@type\":\"ImageObject\",\"inLanguage\":\"es\",\"@id\":\"https:\\\/\\\/noticiasmercedinas.com\\\/site\\\/#\\\/schema\\\/logo\\\/image\\\/\",\"url\":\"https:\\\/\\\/noticiasmercedinas.com\\\/site\\\/wp-content\\\/uploads\\\/2020\\\/06\\\/LOGO-512.jpg\",\"contentUrl\":\"https:\\\/\\\/noticiasmercedinas.com\\\/site\\\/wp-content\\\/uploads\\\/2020\\\/06\\\/LOGO-512.jpg\",\"width\":512,\"height\":512,\"caption\":\"NOTICIASMERCEDINAS.COM\"},\"image\":{\"@id\":\"https:\\\/\\\/noticiasmercedinas.com\\\/site\\\/#\\\/schema\\\/logo\\\/image\\\/\"},\"sameAs\":[\"https:\\\/\\\/www.facebook.com\\\/noticiasmercedinas\\\/\",\"https:\\\/\\\/x.com\\\/notmercedinas\",\"https:\\\/\\\/www.instagram.com\\\/noticiasmercedinas\\\/\"]},{\"@type\":\"Person\",\"@id\":\"https:\\\/\\\/noticiasmercedinas.com\\\/site\\\/#\\\/schema\\\/person\\\/d481a9696a5feaec13a60e2bbd991a6a\",\"name\":\"Cristian Falabella NOTICIASMERCEDINAS.COM\",\"image\":{\"@type\":\"ImageObject\",\"inLanguage\":\"es\",\"@id\":\"https:\\\/\\\/secure.gravatar.com\\\/avatar\\\/0dbbfc45970cc46bcd0e57766228574ff3511d6eed045b182f536f0f478c1f06?s=96&d=mm&r=g\",\"url\":\"https:\\\/\\\/secure.gravatar.com\\\/avatar\\\/0dbbfc45970cc46bcd0e57766228574ff3511d6eed045b182f536f0f478c1f06?s=96&d=mm&r=g\",\"contentUrl\":\"https:\\\/\\\/secure.gravatar.com\\\/avatar\\\/0dbbfc45970cc46bcd0e57766228574ff3511d6eed045b182f536f0f478c1f06?s=96&d=mm&r=g\",\"caption\":\"Cristian Falabella NOTICIASMERCEDINAS.COM\"},\"description\":\"Periodista, editor de Noticias Mercedinas. Pas\u00f3 por varias redacciones y emprendimientos de prensa, en distintos formatos y \u00e9pocas. Se especializ\u00f3 --y sigue haci\u00e9ndolo-- en comunicaci\u00f3n en la web y en junio de 2006 fund\u00f3 este diario digital.\",\"sameAs\":[\"https:\\\/\\\/noticiasmercedinas.com\",\"https:\\\/\\\/www.facebook.com\\\/cristian.falabella\",\"https:\\\/\\\/www.instagram.com\\\/noticiasmercedinas\\\/\",\"https:\\\/\\\/x.com\\\/https:\\\/\\\/twitter.com\\\/NOTMERCEDINAS\"],\"url\":\"https:\\\/\\\/noticiasmercedinas.com\\\/site\\\/author\\\/as000384\\\/\"}]}<\/script>\n<!-- \/ Yoast SEO plugin. -->","yoast_head_json":{"title":"Firman convenio para abrir un espacio de Sedronar","robots":{"index":"index","follow":"follow","max-snippet":"max-snippet:-1","max-image-preview":"max-image-preview:large","max-video-preview":"max-video-preview:-1"},"canonical":"https:\/\/noticiasmercedinas.com\/site\/2021\/02\/03\/firman-convenio-para-abrir-un-espacio-de-sedronar\/","og_locale":"es_ES","og_type":"article","og_title":"Firman convenio para abrir un espacio de Sedronar","og_description":"\u25a0 Se anunci\u00f3 que abrir\u00e1n espacio de atenci\u00f3n a consumos problem\u00e1ticos en Gowland-Agote. Convenio con Gabriela Torres, Secretar\u00eda de Pol\u00edticas Integrales sobre Drogas de la Naci\u00f3n","og_url":"https:\/\/noticiasmercedinas.com\/site\/2021\/02\/03\/firman-convenio-para-abrir-un-espacio-de-sedronar\/","og_site_name":"NOTICIASMERCEDINAS.COM","article_publisher":"https:\/\/www.facebook.com\/noticiasmercedinas\/","article_author":"https:\/\/www.facebook.com\/cristian.falabella","article_published_time":"2021-02-03T11:16:24+00:00","og_image":[{"width":1280,"height":720,"url":"https:\/\/noticiasmercedinas.com\/site\/wp-content\/uploads\/2021\/02\/WhatsAppImage2021-02-02at15.44.3128129.jpeg","type":"image\/jpeg"}],"author":"Cristian Falabella NOTICIASMERCEDINAS.COM","twitter_card":"summary_large_image","twitter_creator":"@https:\/\/twitter.com\/NOTMERCEDINAS","twitter_site":"@notmercedinas","twitter_misc":{"Escrito por":"Cristian Falabella NOTICIASMERCEDINAS.COM","Tiempo de lectura":"4 minutos"},"schema":{"@context":"https:\/\/schema.org","@graph":[{"@type":"Article","@id":"https:\/\/noticiasmercedinas.com\/site\/2021\/02\/03\/firman-convenio-para-abrir-un-espacio-de-sedronar\/#article","isPartOf":{"@id":"https:\/\/noticiasmercedinas.com\/site\/2021\/02\/03\/firman-convenio-para-abrir-un-espacio-de-sedronar\/"},"author":{"name":"Cristian Falabella NOTICIASMERCEDINAS.COM","@id":"https:\/\/noticiasmercedinas.com\/site\/#\/schema\/person\/d481a9696a5feaec13a60e2bbd991a6a"},"headline":"Firman convenio para abrir un espacio de Sedronar","datePublished":"2021-02-03T11:16:24+00:00","mainEntityOfPage":{"@id":"https:\/\/noticiasmercedinas.com\/site\/2021\/02\/03\/firman-convenio-para-abrir-un-espacio-de-sedronar\/"},"wordCount":838,"commentCount":0,"publisher":{"@id":"https:\/\/noticiasmercedinas.com\/site\/#organization"},"image":{"@id":"https:\/\/noticiasmercedinas.com\/site\/2021\/02\/03\/firman-convenio-para-abrir-un-espacio-de-sedronar\/#primaryimage"},"thumbnailUrl":"https:\/\/noticiasmercedinas.com\/site\/wp-content\/uploads\/2021\/02\/WhatsAppImage2021-02-02at15.44.3128129.jpeg","keywords":["agote","consumos problematicos","gowland","sedronar"],"articleSection":["Sociedad"],"inLanguage":"es","potentialAction":[{"@type":"CommentAction","name":"Comment","target":["https:\/\/noticiasmercedinas.com\/site\/2021\/02\/03\/firman-convenio-para-abrir-un-espacio-de-sedronar\/#respond"]}]},{"@type":"WebPage","@id":"https:\/\/noticiasmercedinas.com\/site\/2021\/02\/03\/firman-convenio-para-abrir-un-espacio-de-sedronar\/","url":"https:\/\/noticiasmercedinas.com\/site\/2021\/02\/03\/firman-convenio-para-abrir-un-espacio-de-sedronar\/","name":"Firman convenio para abrir un espacio de Sedronar","isPartOf":{"@id":"https:\/\/noticiasmercedinas.com\/site\/#website"},"primaryImageOfPage":{"@id":"https:\/\/noticiasmercedinas.com\/site\/2021\/02\/03\/firman-convenio-para-abrir-un-espacio-de-sedronar\/#primaryimage"},"image":{"@id":"https:\/\/noticiasmercedinas.com\/site\/2021\/02\/03\/firman-convenio-para-abrir-un-espacio-de-sedronar\/#primaryimage"},"thumbnailUrl":"https:\/\/noticiasmercedinas.com\/site\/wp-content\/uploads\/2021\/02\/WhatsAppImage2021-02-02at15.44.3128129.jpeg","datePublished":"2021-02-03T11:16:24+00:00","breadcrumb":{"@id":"https:\/\/noticiasmercedinas.com\/site\/2021\/02\/03\/firman-convenio-para-abrir-un-espacio-de-sedronar\/#breadcrumb"},"inLanguage":"es","potentialAction":[{"@type":"ReadAction","target":["https:\/\/noticiasmercedinas.com\/site\/2021\/02\/03\/firman-convenio-para-abrir-un-espacio-de-sedronar\/"]}]},{"@type":"ImageObject","inLanguage":"es","@id":"https:\/\/noticiasmercedinas.com\/site\/2021\/02\/03\/firman-convenio-para-abrir-un-espacio-de-sedronar\/#primaryimage","url":"https:\/\/noticiasmercedinas.com\/site\/wp-content\/uploads\/2021\/02\/WhatsAppImage2021-02-02at15.44.3128129.jpeg","contentUrl":"https:\/\/noticiasmercedinas.com\/site\/wp-content\/uploads\/2021\/02\/WhatsAppImage2021-02-02at15.44.3128129.jpeg","width":1280,"height":720},{"@type":"BreadcrumbList","@id":"https:\/\/noticiasmercedinas.com\/site\/2021\/02\/03\/firman-convenio-para-abrir-un-espacio-de-sedronar\/#breadcrumb","itemListElement":[{"@type":"ListItem","position":1,"name":"Portada","item":"https:\/\/noticiasmercedinas.com\/site\/"},{"@type":"ListItem","position":2,"name":"Firman convenio para abrir un espacio de Sedronar"}]},{"@type":"WebSite","@id":"https:\/\/noticiasmercedinas.com\/site\/#website","url":"https:\/\/noticiasmercedinas.com\/site\/","name":"NOTICIASMERCEDINAS.COM","description":"Mercedes, Buenos Aires, Argentina","publisher":{"@id":"https:\/\/noticiasmercedinas.com\/site\/#organization"},"potentialAction":[{"@type":"SearchAction","target":{"@type":"EntryPoint","urlTemplate":"https:\/\/noticiasmercedinas.com\/site\/?s={search_term_string}"},"query-input":{"@type":"PropertyValueSpecification","valueRequired":true,"valueName":"search_term_string"}}],"inLanguage":"es"},{"@type":"Organization","@id":"https:\/\/noticiasmercedinas.com\/site\/#organization","name":"NOTICIASMERCEDINAS.COM","url":"https:\/\/noticiasmercedinas.com\/site\/","logo":{"@type":"ImageObject","inLanguage":"es","@id":"https:\/\/noticiasmercedinas.com\/site\/#\/schema\/logo\/image\/","url":"https:\/\/noticiasmercedinas.com\/site\/wp-content\/uploads\/2020\/06\/LOGO-512.jpg","contentUrl":"https:\/\/noticiasmercedinas.com\/site\/wp-content\/uploads\/2020\/06\/LOGO-512.jpg","width":512,"height":512,"caption":"NOTICIASMERCEDINAS.COM"},"image":{"@id":"https:\/\/noticiasmercedinas.com\/site\/#\/schema\/logo\/image\/"},"sameAs":["https:\/\/www.facebook.com\/noticiasmercedinas\/","https:\/\/x.com\/notmercedinas","https:\/\/www.instagram.com\/noticiasmercedinas\/"]},{"@type":"Person","@id":"https:\/\/noticiasmercedinas.com\/site\/#\/schema\/person\/d481a9696a5feaec13a60e2bbd991a6a","name":"Cristian Falabella NOTICIASMERCEDINAS.COM","image":{"@type":"ImageObject","inLanguage":"es","@id":"https:\/\/secure.gravatar.com\/avatar\/0dbbfc45970cc46bcd0e57766228574ff3511d6eed045b182f536f0f478c1f06?s=96&d=mm&r=g","url":"https:\/\/secure.gravatar.com\/avatar\/0dbbfc45970cc46bcd0e57766228574ff3511d6eed045b182f536f0f478c1f06?s=96&d=mm&r=g","contentUrl":"https:\/\/secure.gravatar.com\/avatar\/0dbbfc45970cc46bcd0e57766228574ff3511d6eed045b182f536f0f478c1f06?s=96&d=mm&r=g","caption":"Cristian Falabella NOTICIASMERCEDINAS.COM"},"description":"Periodista, editor de Noticias Mercedinas. Pas\u00f3 por varias redacciones y emprendimientos de prensa, en distintos formatos y \u00e9pocas. Se especializ\u00f3 --y sigue haci\u00e9ndolo-- en comunicaci\u00f3n en la web y en junio de 2006 fund\u00f3 este diario digital.","sameAs":["https:\/\/noticiasmercedinas.com","https:\/\/www.facebook.com\/cristian.falabella","https:\/\/www.instagram.com\/noticiasmercedinas\/","https:\/\/x.com\/https:\/\/twitter.com\/NOTMERCEDINAS"],"url":"https:\/\/noticiasmercedinas.com\/site\/author\/as000384\/"}]}},"amp_enabled":true,"_links":{"self":[{"href":"https:\/\/noticiasmercedinas.com\/site\/wp-json\/wp\/v2\/posts\/60882","targetHints":{"allow":["GET"]}}],"collection":[{"href":"https:\/\/noticiasmercedinas.com\/site\/wp-json\/wp\/v2\/posts"}],"about":[{"href":"https:\/\/noticiasmercedinas.com\/site\/wp-json\/wp\/v2\/types\/post"}],"author":[{"embeddable":true,"href":"https:\/\/noticiasmercedinas.com\/site\/wp-json\/wp\/v2\/users\/2"}],"replies":[{"embeddable":true,"href":"https:\/\/noticiasmercedinas.com\/site\/wp-json\/wp\/v2\/comments?post=60882"}],"version-history":[{"count":0,"href":"https:\/\/noticiasmercedinas.com\/site\/wp-json\/wp\/v2\/posts\/60882\/revisions"}],"wp:featuredmedia":[{"embeddable":true,"href":"https:\/\/noticiasmercedinas.com\/site\/wp-json\/wp\/v2\/media\/60881"}],"wp:attachment":[{"href":"https:\/\/noticiasmercedinas.com\/site\/wp-json\/wp\/v2\/media?parent=60882"}],"wp:term":[{"taxonomy":"category","embeddable":true,"href":"https:\/\/noticiasmercedinas.com\/site\/wp-json\/wp\/v2\/categories?post=60882"},{"taxonomy":"post_tag","embeddable":true,"href":"https:\/\/noticiasmercedinas.com\/site\/wp-json\/wp\/v2\/tags?post=60882"}],"curies":[{"name":"wp","href":"https:\/\/api.w.org\/{rel}","templated":true}]}}