{"id":61088,"date":"2021-02-05T21:16:37","date_gmt":"2021-02-06T00:16:37","guid":{"rendered":"https:\/\/noticiasmercedinas.com\/site\/?p=61088"},"modified":"2021-02-05T21:16:37","modified_gmt":"2021-02-06T00:16:37","slug":"ustarroz-y-de-pedro-recorrieron-obras-del-hospital-odontologico","status":"publish","type":"post","link":"https:\/\/noticiasmercedinas.com\/site\/2021\/02\/05\/ustarroz-y-de-pedro-recorrieron-obras-del-hospital-odontologico\/","title":{"rendered":"Ustarroz y De Pedro recorrieron obras del Hospital Odontol\u00f3gico"},"content":{"rendered":"<p><img loading=\"lazy\" decoding=\"async\" class=\"alignnone size-full wp-image-61090\" src=\"https:\/\/noticiasmercedinas.com\/site\/wp-content\/uploads\/2021\/02\/DSC03777.jpg\" alt=\"\" width=\"1006\" height=\"566\" srcset=\"https:\/\/noticiasmercedinas.com\/site\/wp-content\/uploads\/2021\/02\/DSC03777.jpg 1006w, https:\/\/noticiasmercedinas.com\/site\/wp-content\/uploads\/2021\/02\/DSC03777-300x169.jpg 300w, https:\/\/noticiasmercedinas.com\/site\/wp-content\/uploads\/2021\/02\/DSC03777-768x432.jpg 768w, https:\/\/noticiasmercedinas.com\/site\/wp-content\/uploads\/2021\/02\/DSC03777-640x360.jpg 640w, https:\/\/noticiasmercedinas.com\/site\/wp-content\/uploads\/2021\/02\/DSC03777-681x383.jpg 681w\" sizes=\"auto, (max-width: 1006px) 100vw, 1006px\" \/><\/p>\n<p>El intendente Juan I. Ustarroz y el ministro Eduardo \u201cWado\u201d de Pedro recorrieron distintas obras en ejecuci\u00f3n en Mercedes. Destacaron la importancia de la obra p\u00fablica, la generaci\u00f3n de empleo local y el trabajo mancomunado entre Municipio, Provincia y Naci\u00f3n. En el futuro Hospital Odontol\u00f3gico Universitario Municipal remarcaron la val\u00eda del cuidado de la salud de las y los vecinos y de este proyecto tan ambicioso e importante.<\/p>\n<p>El ministro \u201cWado\u201d de Pedro manifest\u00f3: \u201cEntendemos que la articulaci\u00f3n entre el Estado Nacional, Provincia y Municipios es central para resolver los problemas de las y los vecinos\u201d sostuvo el ministro del interior comentando que \u201cvenimos de recorrer obras que son realizadas por el municipio, tambi\u00e9n la Comisar\u00eda, observando el trabajo que se hace desde el Corral\u00f3n, donde quiero aprovechar para felicitar una vez m\u00e1s a las y los trabajadores municipales por la limpieza, belleza y orden que vemos en la ciudad\u201d.<\/p>\n<p>M\u00e1s adelante coment\u00f3 que \u201cesta obra, el Hospital Odontol\u00f3gico Universitario Municipal, tiene que ver con continuar pol\u00edticas del cuidado, de la dignidad de las personas. Entendemos que hay muchos mercedinos y mercedinas que cuidan su sonrisa, que les faltan o faltaban piezas, que quiz\u00e1s nunca tuvieron la posibilidad de ir al dentista ni de cuidar su salud bucal\u201d coment\u00f3 espec\u00edficamente sobre el asunto remarcando que \u201ces una pol\u00edtica que el intendente fortalece junto al gobernador de la Provincia de Buenos Aires y se ve en esta construcci\u00f3n y en la planificaci\u00f3n que desde hace algunos a\u00f1os vienen ejecutando con la ampliaci\u00f3n de la red de consultorios en los CAPS, la guardia en el C.I.C y todo el programa Mercedes Sonr\u00ede\u201d.<\/p>\n<p>Tambi\u00e9n aprovech\u00f3 De Pedro para expresar que \u201cestamos promoviendo pol\u00edticas de obras y realizando el esfuerzo no s\u00f3lo para ayudar al municipio, sino tambi\u00e9n al comercio y las empresas, que son las que dan empleo en la ciudad, generando consumo interno, local, y es la forma que tenemos adem\u00e1s de paliar la pandemia, de construir una ciudad segura, inclusiva, vivible y con calidad de vida que nos dio la gesti\u00f3n del intendente\u201d.<\/p>\n<p>Por su parte el intendente Usatrroz remarc\u00f3: \u201cEstamos junto al ministro del interior \u201cWado\u201d de Pedro recorriendo una obra muy emblem\u00e1tica para nosotros, un sue\u00f1o que comienza a ser realidad\u201d, destacando que \u201cvenimos trabajando mucho con la Facultad de Odontolog\u00eda de la Universidad Nacional de La Plata, con un trabajo que iniciamos cuando all\u00e1 al principio del 2016 el gobierno nacional dio de baja el programa Argentina Sonr\u00ede y nosotros le dimos continuidad con el programa que gestamos y que se denomina Mercedes Sonr\u00ede\u201d.<\/p>\n<p>M\u00e1s adelante especific\u00f3 que \u201cdesde Mercedes Sonr\u00ede iniciamos una pol\u00edtica de cuidado de la salud bucal, viendo la cantidad de demanda que hab\u00eda en toda nuestra poblaci\u00f3n, con gran cantidad de personas que necesitaban estos dispositivos y a ra\u00edz de ellos fortalecimos los Centros de Atenci\u00f3n Primaria de la Salud con consultorios odontol\u00f3gicos y la Guardia en el C.I.C, iniciando el sue\u00f1o de este Hospital Odontol\u00f3gico Universitario Municipal en el cual la universidad proveer\u00e1 de profesionales y el saber acad\u00e9mico y nosotros la infraestructura\u201d.<\/p>\n<p><img loading=\"lazy\" decoding=\"async\" class=\"alignnone size-full wp-image-61089\" src=\"https:\/\/noticiasmercedinas.com\/site\/wp-content\/uploads\/2021\/02\/DSC03760.jpg\" alt=\"\" width=\"1006\" height=\"566\" srcset=\"https:\/\/noticiasmercedinas.com\/site\/wp-content\/uploads\/2021\/02\/DSC03760.jpg 1006w, https:\/\/noticiasmercedinas.com\/site\/wp-content\/uploads\/2021\/02\/DSC03760-300x169.jpg 300w, https:\/\/noticiasmercedinas.com\/site\/wp-content\/uploads\/2021\/02\/DSC03760-768x432.jpg 768w, https:\/\/noticiasmercedinas.com\/site\/wp-content\/uploads\/2021\/02\/DSC03760-640x360.jpg 640w, https:\/\/noticiasmercedinas.com\/site\/wp-content\/uploads\/2021\/02\/DSC03760-681x383.jpg 681w\" sizes=\"auto, (max-width: 1006px) 100vw, 1006px\" \/><\/p>\n<p>\u201cJunto al gobernador Kicillof, al ministro De Pedro, y los estados provinciales y nacionales presentes, d\u00e1ndonos herramientas para el pueblo de Mercedes, logramos llevar adelante esto que se proyect\u00f3 100% en Mercedes, con dise\u00f1o local, trabajo con empresas mercedinas y un compromiso tambi\u00e9n de cada trabajador y trabajadora municipal, con profesionalismo y dedicaci\u00f3n, por eso estamos muy felices, sabiendo que poner en marcha esta obra p\u00fablica es empleo y reactivaci\u00f3n en un a\u00f1o tan dif\u00edcil, pero encontrando nuevos horizontes para salir unidos\u201d.<\/p>\n<p>La obra se inici\u00f3 hace apenas un par de semana en barrio Pe\u00f1aloza. All\u00ed se genera una estructura moderna, dise\u00f1ada y planificada en Mercedes, con financiamiento de la Provincia de Buenos Aires. En la recorrida estuvo tambi\u00e9n presente el secretario de obras p\u00fablicas, Emanuel P\u00e9rez Carrera y personal de la empresa Usimix, que tiene a cargo la ejecuci\u00f3n de la infraestructura.<\/p>\n<p><iframe loading=\"lazy\" title=\"Hospital Odontol\u00f3gico Universitario Municipal Mercedes\" width=\"640\" height=\"360\" src=\"https:\/\/www.youtube.com\/embed\/P_ucDk_fqks?feature=oembed\" frameborder=\"0\" allow=\"accelerometer; autoplay; clipboard-write; encrypted-media; gyroscope; picture-in-picture; web-share\" referrerpolicy=\"strict-origin-when-cross-origin\" allowfullscreen><\/iframe><\/p>\n","protected":false},"excerpt":{"rendered":"<p>\u25a0 Destacaron la articulaci\u00f3n entre Municipio, Provincia y Naci\u00f3n. \u00abEsta obra p\u00fablica es empleo y reactivaci\u00f3n en un a\u00f1o tan dif\u00edcil\u00bb, coincidieron ministro e intendente.<\/p>\n","protected":false},"author":16,"featured_media":61090,"comment_status":"open","ping_status":"open","sticky":false,"template":"","format":"standard","meta":{"footnotes":""},"categories":[16],"tags":[324,9905,1077],"class_list":["post-61088","post","type-post","status-publish","format-standard","has-post-thumbnail","hentry","category-politica","tag-eduardo-de-pedro","tag-hospital-odontologico-municipal","tag-juan-ustarroz"],"yoast_head":"<!-- This site is optimized with the Yoast SEO plugin v27.4 - https:\/\/yoast.com\/product\/yoast-seo-wordpress\/ -->\n<title>Ustarroz y De Pedro recorrieron obras del Hospital Odontol\u00f3gico<\/title>\n<meta name=\"robots\" content=\"index, follow, max-snippet:-1, max-image-preview:large, max-video-preview:-1\" \/>\n<link rel=\"canonical\" href=\"https:\/\/noticiasmercedinas.com\/site\/2021\/02\/05\/ustarroz-y-de-pedro-recorrieron-obras-del-hospital-odontologico\/\" \/>\n<meta property=\"og:locale\" content=\"es_ES\" \/>\n<meta property=\"og:type\" content=\"article\" \/>\n<meta property=\"og:title\" content=\"Ustarroz y De Pedro recorrieron obras del Hospital Odontol\u00f3gico\" \/>\n<meta property=\"og:description\" content=\"\u25a0 Destacaron la articulaci\u00f3n entre Municipio, Provincia y Naci\u00f3n. &quot;Esta obra p\u00fablica es empleo y reactivaci\u00f3n en un a\u00f1o tan dif\u00edcil&quot;, coincidieron ministro e intendente.\" \/>\n<meta property=\"og:url\" content=\"https:\/\/noticiasmercedinas.com\/site\/2021\/02\/05\/ustarroz-y-de-pedro-recorrieron-obras-del-hospital-odontologico\/\" \/>\n<meta property=\"og:site_name\" content=\"NOTICIASMERCEDINAS.COM\" \/>\n<meta property=\"article:publisher\" content=\"https:\/\/www.facebook.com\/noticiasmercedinas\/\" \/>\n<meta property=\"article:published_time\" content=\"2021-02-06T00:16:37+00:00\" \/>\n<meta property=\"og:image\" content=\"https:\/\/noticiasmercedinas.com\/site\/wp-content\/uploads\/2021\/02\/DSC03777.jpg\" \/>\n\t<meta property=\"og:image:width\" content=\"1006\" \/>\n\t<meta property=\"og:image:height\" content=\"566\" \/>\n\t<meta property=\"og:image:type\" content=\"image\/jpeg\" \/>\n<meta name=\"author\" content=\"NOTICIASMERCEDINAS.COM\" \/>\n<meta name=\"twitter:card\" content=\"summary_large_image\" \/>\n<meta name=\"twitter:creator\" content=\"@notmercedinas\" \/>\n<meta name=\"twitter:site\" content=\"@notmercedinas\" \/>\n<meta name=\"twitter:label1\" content=\"Escrito por\" \/>\n\t<meta name=\"twitter:data1\" content=\"NOTICIASMERCEDINAS.COM\" \/>\n\t<meta name=\"twitter:label2\" content=\"Tiempo de lectura\" \/>\n\t<meta name=\"twitter:data2\" content=\"4 minutos\" \/>\n<script type=\"application\/ld+json\" class=\"yoast-schema-graph\">{\"@context\":\"https:\\\/\\\/schema.org\",\"@graph\":[{\"@type\":\"Article\",\"@id\":\"https:\\\/\\\/noticiasmercedinas.com\\\/site\\\/2021\\\/02\\\/05\\\/ustarroz-y-de-pedro-recorrieron-obras-del-hospital-odontologico\\\/#article\",\"isPartOf\":{\"@id\":\"https:\\\/\\\/noticiasmercedinas.com\\\/site\\\/2021\\\/02\\\/05\\\/ustarroz-y-de-pedro-recorrieron-obras-del-hospital-odontologico\\\/\"},\"author\":{\"name\":\"NOTICIASMERCEDINAS.COM\",\"@id\":\"https:\\\/\\\/noticiasmercedinas.com\\\/site\\\/#\\\/schema\\\/person\\\/84b59c099c28ff2e8b77d4ceec5d8063\"},\"headline\":\"Ustarroz y De Pedro recorrieron obras del Hospital Odontol\u00f3gico\",\"datePublished\":\"2021-02-06T00:16:37+00:00\",\"mainEntityOfPage\":{\"@id\":\"https:\\\/\\\/noticiasmercedinas.com\\\/site\\\/2021\\\/02\\\/05\\\/ustarroz-y-de-pedro-recorrieron-obras-del-hospital-odontologico\\\/\"},\"wordCount\":729,\"commentCount\":0,\"publisher\":{\"@id\":\"https:\\\/\\\/noticiasmercedinas.com\\\/site\\\/#organization\"},\"image\":{\"@id\":\"https:\\\/\\\/noticiasmercedinas.com\\\/site\\\/2021\\\/02\\\/05\\\/ustarroz-y-de-pedro-recorrieron-obras-del-hospital-odontologico\\\/#primaryimage\"},\"thumbnailUrl\":\"https:\\\/\\\/noticiasmercedinas.com\\\/site\\\/wp-content\\\/uploads\\\/2021\\\/02\\\/DSC03777.jpg\",\"keywords\":[\"eduardo de pedro\",\"hospital odontol\u00f3gico municipal\",\"Juan Ustarroz\"],\"articleSection\":[\"Politica\"],\"inLanguage\":\"es\",\"potentialAction\":[{\"@type\":\"CommentAction\",\"name\":\"Comment\",\"target\":[\"https:\\\/\\\/noticiasmercedinas.com\\\/site\\\/2021\\\/02\\\/05\\\/ustarroz-y-de-pedro-recorrieron-obras-del-hospital-odontologico\\\/#respond\"]}]},{\"@type\":\"WebPage\",\"@id\":\"https:\\\/\\\/noticiasmercedinas.com\\\/site\\\/2021\\\/02\\\/05\\\/ustarroz-y-de-pedro-recorrieron-obras-del-hospital-odontologico\\\/\",\"url\":\"https:\\\/\\\/noticiasmercedinas.com\\\/site\\\/2021\\\/02\\\/05\\\/ustarroz-y-de-pedro-recorrieron-obras-del-hospital-odontologico\\\/\",\"name\":\"Ustarroz y De Pedro recorrieron obras del Hospital Odontol\u00f3gico\",\"isPartOf\":{\"@id\":\"https:\\\/\\\/noticiasmercedinas.com\\\/site\\\/#website\"},\"primaryImageOfPage\":{\"@id\":\"https:\\\/\\\/noticiasmercedinas.com\\\/site\\\/2021\\\/02\\\/05\\\/ustarroz-y-de-pedro-recorrieron-obras-del-hospital-odontologico\\\/#primaryimage\"},\"image\":{\"@id\":\"https:\\\/\\\/noticiasmercedinas.com\\\/site\\\/2021\\\/02\\\/05\\\/ustarroz-y-de-pedro-recorrieron-obras-del-hospital-odontologico\\\/#primaryimage\"},\"thumbnailUrl\":\"https:\\\/\\\/noticiasmercedinas.com\\\/site\\\/wp-content\\\/uploads\\\/2021\\\/02\\\/DSC03777.jpg\",\"datePublished\":\"2021-02-06T00:16:37+00:00\",\"breadcrumb\":{\"@id\":\"https:\\\/\\\/noticiasmercedinas.com\\\/site\\\/2021\\\/02\\\/05\\\/ustarroz-y-de-pedro-recorrieron-obras-del-hospital-odontologico\\\/#breadcrumb\"},\"inLanguage\":\"es\",\"potentialAction\":[{\"@type\":\"ReadAction\",\"target\":[\"https:\\\/\\\/noticiasmercedinas.com\\\/site\\\/2021\\\/02\\\/05\\\/ustarroz-y-de-pedro-recorrieron-obras-del-hospital-odontologico\\\/\"]}]},{\"@type\":\"ImageObject\",\"inLanguage\":\"es\",\"@id\":\"https:\\\/\\\/noticiasmercedinas.com\\\/site\\\/2021\\\/02\\\/05\\\/ustarroz-y-de-pedro-recorrieron-obras-del-hospital-odontologico\\\/#primaryimage\",\"url\":\"https:\\\/\\\/noticiasmercedinas.com\\\/site\\\/wp-content\\\/uploads\\\/2021\\\/02\\\/DSC03777.jpg\",\"contentUrl\":\"https:\\\/\\\/noticiasmercedinas.com\\\/site\\\/wp-content\\\/uploads\\\/2021\\\/02\\\/DSC03777.jpg\",\"width\":1006,\"height\":566},{\"@type\":\"BreadcrumbList\",\"@id\":\"https:\\\/\\\/noticiasmercedinas.com\\\/site\\\/2021\\\/02\\\/05\\\/ustarroz-y-de-pedro-recorrieron-obras-del-hospital-odontologico\\\/#breadcrumb\",\"itemListElement\":[{\"@type\":\"ListItem\",\"position\":1,\"name\":\"Portada\",\"item\":\"https:\\\/\\\/noticiasmercedinas.com\\\/site\\\/\"},{\"@type\":\"ListItem\",\"position\":2,\"name\":\"Ustarroz y De Pedro recorrieron obras del Hospital Odontol\u00f3gico\"}]},{\"@type\":\"WebSite\",\"@id\":\"https:\\\/\\\/noticiasmercedinas.com\\\/site\\\/#website\",\"url\":\"https:\\\/\\\/noticiasmercedinas.com\\\/site\\\/\",\"name\":\"NOTICIASMERCEDINAS.COM\",\"description\":\"Mercedes, Buenos Aires, Argentina\",\"publisher\":{\"@id\":\"https:\\\/\\\/noticiasmercedinas.com\\\/site\\\/#organization\"},\"potentialAction\":[{\"@type\":\"SearchAction\",\"target\":{\"@type\":\"EntryPoint\",\"urlTemplate\":\"https:\\\/\\\/noticiasmercedinas.com\\\/site\\\/?s={search_term_string}\"},\"query-input\":{\"@type\":\"PropertyValueSpecification\",\"valueRequired\":true,\"valueName\":\"search_term_string\"}}],\"inLanguage\":\"es\"},{\"@type\":\"Organization\",\"@id\":\"https:\\\/\\\/noticiasmercedinas.com\\\/site\\\/#organization\",\"name\":\"NOTICIASMERCEDINAS.COM\",\"url\":\"https:\\\/\\\/noticiasmercedinas.com\\\/site\\\/\",\"logo\":{\"@type\":\"ImageObject\",\"inLanguage\":\"es\",\"@id\":\"https:\\\/\\\/noticiasmercedinas.com\\\/site\\\/#\\\/schema\\\/logo\\\/image\\\/\",\"url\":\"https:\\\/\\\/noticiasmercedinas.com\\\/site\\\/wp-content\\\/uploads\\\/2020\\\/06\\\/LOGO-512.jpg\",\"contentUrl\":\"https:\\\/\\\/noticiasmercedinas.com\\\/site\\\/wp-content\\\/uploads\\\/2020\\\/06\\\/LOGO-512.jpg\",\"width\":512,\"height\":512,\"caption\":\"NOTICIASMERCEDINAS.COM\"},\"image\":{\"@id\":\"https:\\\/\\\/noticiasmercedinas.com\\\/site\\\/#\\\/schema\\\/logo\\\/image\\\/\"},\"sameAs\":[\"https:\\\/\\\/www.facebook.com\\\/noticiasmercedinas\\\/\",\"https:\\\/\\\/x.com\\\/notmercedinas\",\"https:\\\/\\\/www.instagram.com\\\/noticiasmercedinas\\\/\"]},{\"@type\":\"Person\",\"@id\":\"https:\\\/\\\/noticiasmercedinas.com\\\/site\\\/#\\\/schema\\\/person\\\/84b59c099c28ff2e8b77d4ceec5d8063\",\"name\":\"NOTICIASMERCEDINAS.COM\",\"image\":{\"@type\":\"ImageObject\",\"inLanguage\":\"es\",\"@id\":\"https:\\\/\\\/secure.gravatar.com\\\/avatar\\\/4dfbf16b4d17945bfb6341b2d19043457132fcf478a5ee04f42e959fd8f5df0a?s=96&d=mm&r=g\",\"url\":\"https:\\\/\\\/secure.gravatar.com\\\/avatar\\\/4dfbf16b4d17945bfb6341b2d19043457132fcf478a5ee04f42e959fd8f5df0a?s=96&d=mm&r=g\",\"contentUrl\":\"https:\\\/\\\/secure.gravatar.com\\\/avatar\\\/4dfbf16b4d17945bfb6341b2d19043457132fcf478a5ee04f42e959fd8f5df0a?s=96&d=mm&r=g\",\"caption\":\"NOTICIASMERCEDINAS.COM\"},\"url\":\"https:\\\/\\\/noticiasmercedinas.com\\\/site\\\/author\\\/anonimo\\\/\"}]}<\/script>\n<!-- \/ Yoast SEO plugin. -->","yoast_head_json":{"title":"Ustarroz y De Pedro recorrieron obras del Hospital Odontol\u00f3gico","robots":{"index":"index","follow":"follow","max-snippet":"max-snippet:-1","max-image-preview":"max-image-preview:large","max-video-preview":"max-video-preview:-1"},"canonical":"https:\/\/noticiasmercedinas.com\/site\/2021\/02\/05\/ustarroz-y-de-pedro-recorrieron-obras-del-hospital-odontologico\/","og_locale":"es_ES","og_type":"article","og_title":"Ustarroz y De Pedro recorrieron obras del Hospital Odontol\u00f3gico","og_description":"\u25a0 Destacaron la articulaci\u00f3n entre Municipio, Provincia y Naci\u00f3n. \"Esta obra p\u00fablica es empleo y reactivaci\u00f3n en un a\u00f1o tan dif\u00edcil\", coincidieron ministro e intendente.","og_url":"https:\/\/noticiasmercedinas.com\/site\/2021\/02\/05\/ustarroz-y-de-pedro-recorrieron-obras-del-hospital-odontologico\/","og_site_name":"NOTICIASMERCEDINAS.COM","article_publisher":"https:\/\/www.facebook.com\/noticiasmercedinas\/","article_published_time":"2021-02-06T00:16:37+00:00","og_image":[{"width":1006,"height":566,"url":"https:\/\/noticiasmercedinas.com\/site\/wp-content\/uploads\/2021\/02\/DSC03777.jpg","type":"image\/jpeg"}],"author":"NOTICIASMERCEDINAS.COM","twitter_card":"summary_large_image","twitter_creator":"@notmercedinas","twitter_site":"@notmercedinas","twitter_misc":{"Escrito por":"NOTICIASMERCEDINAS.COM","Tiempo de lectura":"4 minutos"},"schema":{"@context":"https:\/\/schema.org","@graph":[{"@type":"Article","@id":"https:\/\/noticiasmercedinas.com\/site\/2021\/02\/05\/ustarroz-y-de-pedro-recorrieron-obras-del-hospital-odontologico\/#article","isPartOf":{"@id":"https:\/\/noticiasmercedinas.com\/site\/2021\/02\/05\/ustarroz-y-de-pedro-recorrieron-obras-del-hospital-odontologico\/"},"author":{"name":"NOTICIASMERCEDINAS.COM","@id":"https:\/\/noticiasmercedinas.com\/site\/#\/schema\/person\/84b59c099c28ff2e8b77d4ceec5d8063"},"headline":"Ustarroz y De Pedro recorrieron obras del Hospital Odontol\u00f3gico","datePublished":"2021-02-06T00:16:37+00:00","mainEntityOfPage":{"@id":"https:\/\/noticiasmercedinas.com\/site\/2021\/02\/05\/ustarroz-y-de-pedro-recorrieron-obras-del-hospital-odontologico\/"},"wordCount":729,"commentCount":0,"publisher":{"@id":"https:\/\/noticiasmercedinas.com\/site\/#organization"},"image":{"@id":"https:\/\/noticiasmercedinas.com\/site\/2021\/02\/05\/ustarroz-y-de-pedro-recorrieron-obras-del-hospital-odontologico\/#primaryimage"},"thumbnailUrl":"https:\/\/noticiasmercedinas.com\/site\/wp-content\/uploads\/2021\/02\/DSC03777.jpg","keywords":["eduardo de pedro","hospital odontol\u00f3gico municipal","Juan Ustarroz"],"articleSection":["Politica"],"inLanguage":"es","potentialAction":[{"@type":"CommentAction","name":"Comment","target":["https:\/\/noticiasmercedinas.com\/site\/2021\/02\/05\/ustarroz-y-de-pedro-recorrieron-obras-del-hospital-odontologico\/#respond"]}]},{"@type":"WebPage","@id":"https:\/\/noticiasmercedinas.com\/site\/2021\/02\/05\/ustarroz-y-de-pedro-recorrieron-obras-del-hospital-odontologico\/","url":"https:\/\/noticiasmercedinas.com\/site\/2021\/02\/05\/ustarroz-y-de-pedro-recorrieron-obras-del-hospital-odontologico\/","name":"Ustarroz y De Pedro recorrieron obras del Hospital Odontol\u00f3gico","isPartOf":{"@id":"https:\/\/noticiasmercedinas.com\/site\/#website"},"primaryImageOfPage":{"@id":"https:\/\/noticiasmercedinas.com\/site\/2021\/02\/05\/ustarroz-y-de-pedro-recorrieron-obras-del-hospital-odontologico\/#primaryimage"},"image":{"@id":"https:\/\/noticiasmercedinas.com\/site\/2021\/02\/05\/ustarroz-y-de-pedro-recorrieron-obras-del-hospital-odontologico\/#primaryimage"},"thumbnailUrl":"https:\/\/noticiasmercedinas.com\/site\/wp-content\/uploads\/2021\/02\/DSC03777.jpg","datePublished":"2021-02-06T00:16:37+00:00","breadcrumb":{"@id":"https:\/\/noticiasmercedinas.com\/site\/2021\/02\/05\/ustarroz-y-de-pedro-recorrieron-obras-del-hospital-odontologico\/#breadcrumb"},"inLanguage":"es","potentialAction":[{"@type":"ReadAction","target":["https:\/\/noticiasmercedinas.com\/site\/2021\/02\/05\/ustarroz-y-de-pedro-recorrieron-obras-del-hospital-odontologico\/"]}]},{"@type":"ImageObject","inLanguage":"es","@id":"https:\/\/noticiasmercedinas.com\/site\/2021\/02\/05\/ustarroz-y-de-pedro-recorrieron-obras-del-hospital-odontologico\/#primaryimage","url":"https:\/\/noticiasmercedinas.com\/site\/wp-content\/uploads\/2021\/02\/DSC03777.jpg","contentUrl":"https:\/\/noticiasmercedinas.com\/site\/wp-content\/uploads\/2021\/02\/DSC03777.jpg","width":1006,"height":566},{"@type":"BreadcrumbList","@id":"https:\/\/noticiasmercedinas.com\/site\/2021\/02\/05\/ustarroz-y-de-pedro-recorrieron-obras-del-hospital-odontologico\/#breadcrumb","itemListElement":[{"@type":"ListItem","position":1,"name":"Portada","item":"https:\/\/noticiasmercedinas.com\/site\/"},{"@type":"ListItem","position":2,"name":"Ustarroz y De Pedro recorrieron obras del Hospital Odontol\u00f3gico"}]},{"@type":"WebSite","@id":"https:\/\/noticiasmercedinas.com\/site\/#website","url":"https:\/\/noticiasmercedinas.com\/site\/","name":"NOTICIASMERCEDINAS.COM","description":"Mercedes, Buenos Aires, Argentina","publisher":{"@id":"https:\/\/noticiasmercedinas.com\/site\/#organization"},"potentialAction":[{"@type":"SearchAction","target":{"@type":"EntryPoint","urlTemplate":"https:\/\/noticiasmercedinas.com\/site\/?s={search_term_string}"},"query-input":{"@type":"PropertyValueSpecification","valueRequired":true,"valueName":"search_term_string"}}],"inLanguage":"es"},{"@type":"Organization","@id":"https:\/\/noticiasmercedinas.com\/site\/#organization","name":"NOTICIASMERCEDINAS.COM","url":"https:\/\/noticiasmercedinas.com\/site\/","logo":{"@type":"ImageObject","inLanguage":"es","@id":"https:\/\/noticiasmercedinas.com\/site\/#\/schema\/logo\/image\/","url":"https:\/\/noticiasmercedinas.com\/site\/wp-content\/uploads\/2020\/06\/LOGO-512.jpg","contentUrl":"https:\/\/noticiasmercedinas.com\/site\/wp-content\/uploads\/2020\/06\/LOGO-512.jpg","width":512,"height":512,"caption":"NOTICIASMERCEDINAS.COM"},"image":{"@id":"https:\/\/noticiasmercedinas.com\/site\/#\/schema\/logo\/image\/"},"sameAs":["https:\/\/www.facebook.com\/noticiasmercedinas\/","https:\/\/x.com\/notmercedinas","https:\/\/www.instagram.com\/noticiasmercedinas\/"]},{"@type":"Person","@id":"https:\/\/noticiasmercedinas.com\/site\/#\/schema\/person\/84b59c099c28ff2e8b77d4ceec5d8063","name":"NOTICIASMERCEDINAS.COM","image":{"@type":"ImageObject","inLanguage":"es","@id":"https:\/\/secure.gravatar.com\/avatar\/4dfbf16b4d17945bfb6341b2d19043457132fcf478a5ee04f42e959fd8f5df0a?s=96&d=mm&r=g","url":"https:\/\/secure.gravatar.com\/avatar\/4dfbf16b4d17945bfb6341b2d19043457132fcf478a5ee04f42e959fd8f5df0a?s=96&d=mm&r=g","contentUrl":"https:\/\/secure.gravatar.com\/avatar\/4dfbf16b4d17945bfb6341b2d19043457132fcf478a5ee04f42e959fd8f5df0a?s=96&d=mm&r=g","caption":"NOTICIASMERCEDINAS.COM"},"url":"https:\/\/noticiasmercedinas.com\/site\/author\/anonimo\/"}]}},"amp_enabled":true,"_links":{"self":[{"href":"https:\/\/noticiasmercedinas.com\/site\/wp-json\/wp\/v2\/posts\/61088","targetHints":{"allow":["GET"]}}],"collection":[{"href":"https:\/\/noticiasmercedinas.com\/site\/wp-json\/wp\/v2\/posts"}],"about":[{"href":"https:\/\/noticiasmercedinas.com\/site\/wp-json\/wp\/v2\/types\/post"}],"author":[{"embeddable":true,"href":"https:\/\/noticiasmercedinas.com\/site\/wp-json\/wp\/v2\/users\/16"}],"replies":[{"embeddable":true,"href":"https:\/\/noticiasmercedinas.com\/site\/wp-json\/wp\/v2\/comments?post=61088"}],"version-history":[{"count":1,"href":"https:\/\/noticiasmercedinas.com\/site\/wp-json\/wp\/v2\/posts\/61088\/revisions"}],"predecessor-version":[{"id":61091,"href":"https:\/\/noticiasmercedinas.com\/site\/wp-json\/wp\/v2\/posts\/61088\/revisions\/61091"}],"wp:featuredmedia":[{"embeddable":true,"href":"https:\/\/noticiasmercedinas.com\/site\/wp-json\/wp\/v2\/media\/61090"}],"wp:attachment":[{"href":"https:\/\/noticiasmercedinas.com\/site\/wp-json\/wp\/v2\/media?parent=61088"}],"wp:term":[{"taxonomy":"category","embeddable":true,"href":"https:\/\/noticiasmercedinas.com\/site\/wp-json\/wp\/v2\/categories?post=61088"},{"taxonomy":"post_tag","embeddable":true,"href":"https:\/\/noticiasmercedinas.com\/site\/wp-json\/wp\/v2\/tags?post=61088"}],"curies":[{"name":"wp","href":"https:\/\/api.w.org\/{rel}","templated":true}]}}