{"id":61136,"date":"2021-02-07T14:02:41","date_gmt":"2021-02-07T17:02:41","guid":{"rendered":"https:\/\/noticiasmercedinas.com\/site\/?p=61136"},"modified":"2021-02-07T19:46:58","modified_gmt":"2021-02-07T22:46:58","slug":"reunion-con-vecinos-previo-al-inicio-de-obra-cloacal-que-beneficia-a-varios-barrios","status":"publish","type":"post","link":"https:\/\/noticiasmercedinas.com\/site\/2021\/02\/07\/reunion-con-vecinos-previo-al-inicio-de-obra-cloacal-que-beneficia-a-varios-barrios\/","title":{"rendered":"Reuni\u00f3n con vecinos previa a inicio de obra cloacal que beneficia a varios barrios"},"content":{"rendered":"<p><img loading=\"lazy\" decoding=\"async\" class=\"alignnone size-large wp-image-61137\" src=\"https:\/\/noticiasmercedinas.com\/site\/wp-content\/uploads\/2021\/02\/3-3-1024x1024.jpg\" alt=\"\" width=\"640\" height=\"640\" srcset=\"https:\/\/noticiasmercedinas.com\/site\/wp-content\/uploads\/2021\/02\/3-3-1024x1024.jpg 1024w, https:\/\/noticiasmercedinas.com\/site\/wp-content\/uploads\/2021\/02\/3-3-300x300.jpg 300w, https:\/\/noticiasmercedinas.com\/site\/wp-content\/uploads\/2021\/02\/3-3-150x150.jpg 150w, https:\/\/noticiasmercedinas.com\/site\/wp-content\/uploads\/2021\/02\/3-3-768x768.jpg 768w, https:\/\/noticiasmercedinas.com\/site\/wp-content\/uploads\/2021\/02\/3-3-640x640.jpg 640w, https:\/\/noticiasmercedinas.com\/site\/wp-content\/uploads\/2021\/02\/3-3-681x681.jpg 681w, https:\/\/noticiasmercedinas.com\/site\/wp-content\/uploads\/2021\/02\/3-3.jpg 1080w\" sizes=\"auto, (max-width: 640px) 100vw, 640px\" \/><\/p>\n<p>Tras la firma del convenio entre el intendente Juan Ustarroz y el ministro de obras, Gabriel Katopodis, la correspondiente licitaci\u00f3n y adjudicaci\u00f3n, se comenz\u00f3 el proceso de notificaci\u00f3n a las familias mercedinas del pronto inicio de obra de la nueva red cloacal para los barrios Villa Industrial Este, Lomas del Pac\u00edfico y Villa Industrial Oeste.<\/p>\n<p>La obra, por sus dimensiones, durar\u00e1 varios meses, con distintas etapas y tratamientos. Se prev\u00e9 que una de las primeras zonas ser\u00e1 la correspondiente a Lomas del Pac\u00edfico. Se efectuar\u00e1 con trabajos por \u201ccuadrantes\u201d o \u201cetapas\u201d.<\/p>\n<p>La intervenci\u00f3n de varios millones de pesos es financiada por el programa \u201cArgentina Hace\u201d del Ministerio de Obras P\u00fablicas de la Naci\u00f3n dependiente de Presidencia de la Naci\u00f3n tras gestiones del jefe comunal. \u201cEstamos muy agradecidos al ministro Katopodis, como as\u00ed tambi\u00e9n al vecino y ministro \u201cWado\u201d de Pedro, que siempre nos ayuda en distintas gestiones en beneficio de nuestro pueblo\u201d, destacaron tras el encuentro encabezado por Ponce y P\u00e9rez Carreras.<\/p>\n<p>La importante infraestructura hab\u00eda sido anunciada por el ministro y el jefe comunal varios meses atr\u00e1s. Luego se llam\u00f3 a licitaci\u00f3n y se adjudic\u00f3 para generar alrededor de 1500 conexiones. Todo en un proceso de licitaci\u00f3n y aperturas p\u00fablicas transparentes hasta finalmente arribar al momento esperado: el inicio de obra.<\/p>\n<p>El sub secretario de Servicios P\u00fablicos, Luis Ponce, afirm\u00f3 que \u201ca pedido de nuestro intendente Ustarroz generamos un proceso de distribuci\u00f3n de informaci\u00f3n detallada a los vecinos\u201d y narr\u00f3 que \u201cadem\u00e1s instamos a tener un compromiso mutuo para que nadie se conecte de forma irregular o fuera de tiempo, ya que la construcci\u00f3n demandar\u00e1 un tiempo que debemos entre todas y todos respetar para que finalmente quede como deseamos y las conexiones est\u00e9n cada una de ellas bajo las terminaciones correspondientes\u201d.<\/p>\n<p>Quien tambi\u00e9n estuvo presente fue el secretario de Obras, Emanuel P\u00e9rez Carrera, como as\u00ed tambi\u00e9n equipos t\u00e9cnicos de ambas \u00e1reas. A las y los vecinos se les entreg\u00f3 mapas de las zonas de intervenci\u00f3n y tambi\u00e9n material informativo. La reuni\u00f3n se concret\u00f3 al aire libre en la sede del CAPS de Lomas del Pac\u00edfico.<\/p>\n","protected":false},"excerpt":{"rendered":"<p>\u25a0 Villa Industrial Este, Lomas del Pac\u00edfico y Villa Industrial Oeste tendr\u00e1n mejoras. La reuni\u00f3n se concret\u00f3 al aire libre en la sede del CAPS de Lomas del Pac\u00edfico.<\/p>\n","protected":false},"author":16,"featured_media":61137,"comment_status":"open","ping_status":"open","sticky":false,"template":"","format":"standard","meta":{"footnotes":""},"categories":[3],"tags":[585,5923,36,9552],"class_list":["post-61136","post","type-post","status-publish","format-standard","has-post-thumbnail","hentry","category-sociedad","tag-cloacas","tag-lomas-del-pacifico","tag-obras","tag-villa-industrial"],"yoast_head":"<!-- This site is optimized with the Yoast SEO plugin v27.4 - https:\/\/yoast.com\/product\/yoast-seo-wordpress\/ -->\n<title>Reuni\u00f3n con vecinos previa a inicio de obra cloacal que beneficia a varios barrios<\/title>\n<meta name=\"robots\" content=\"index, follow, max-snippet:-1, max-image-preview:large, max-video-preview:-1\" \/>\n<link rel=\"canonical\" href=\"https:\/\/noticiasmercedinas.com\/site\/2021\/02\/07\/reunion-con-vecinos-previo-al-inicio-de-obra-cloacal-que-beneficia-a-varios-barrios\/\" \/>\n<meta property=\"og:locale\" content=\"es_ES\" \/>\n<meta property=\"og:type\" content=\"article\" \/>\n<meta property=\"og:title\" content=\"Reuni\u00f3n con vecinos previa a inicio de obra cloacal que beneficia a varios barrios\" \/>\n<meta property=\"og:description\" content=\"\u25a0 Villa Industrial Este, Lomas del Pac\u00edfico y Villa Industrial Oeste tendr\u00e1n mejoras. La reuni\u00f3n se concret\u00f3 al aire libre en la sede del CAPS de Lomas del Pac\u00edfico.\" \/>\n<meta property=\"og:url\" content=\"https:\/\/noticiasmercedinas.com\/site\/2021\/02\/07\/reunion-con-vecinos-previo-al-inicio-de-obra-cloacal-que-beneficia-a-varios-barrios\/\" \/>\n<meta property=\"og:site_name\" content=\"NOTICIASMERCEDINAS.COM\" \/>\n<meta property=\"article:publisher\" content=\"https:\/\/www.facebook.com\/noticiasmercedinas\/\" \/>\n<meta property=\"article:published_time\" content=\"2021-02-07T17:02:41+00:00\" \/>\n<meta property=\"article:modified_time\" content=\"2021-02-07T22:46:58+00:00\" \/>\n<meta property=\"og:image\" content=\"https:\/\/noticiasmercedinas.com\/site\/wp-content\/uploads\/2021\/02\/3-3.jpg\" \/>\n\t<meta property=\"og:image:width\" content=\"1080\" \/>\n\t<meta property=\"og:image:height\" content=\"1080\" \/>\n\t<meta property=\"og:image:type\" content=\"image\/jpeg\" \/>\n<meta name=\"author\" content=\"NOTICIASMERCEDINAS.COM\" \/>\n<meta name=\"twitter:card\" content=\"summary_large_image\" \/>\n<meta name=\"twitter:creator\" content=\"@notmercedinas\" \/>\n<meta name=\"twitter:site\" content=\"@notmercedinas\" \/>\n<meta name=\"twitter:label1\" content=\"Escrito por\" \/>\n\t<meta name=\"twitter:data1\" content=\"NOTICIASMERCEDINAS.COM\" \/>\n\t<meta name=\"twitter:label2\" content=\"Tiempo de lectura\" \/>\n\t<meta name=\"twitter:data2\" content=\"2 minutos\" \/>\n<script type=\"application\/ld+json\" class=\"yoast-schema-graph\">{\"@context\":\"https:\\\/\\\/schema.org\",\"@graph\":[{\"@type\":\"Article\",\"@id\":\"https:\\\/\\\/noticiasmercedinas.com\\\/site\\\/2021\\\/02\\\/07\\\/reunion-con-vecinos-previo-al-inicio-de-obra-cloacal-que-beneficia-a-varios-barrios\\\/#article\",\"isPartOf\":{\"@id\":\"https:\\\/\\\/noticiasmercedinas.com\\\/site\\\/2021\\\/02\\\/07\\\/reunion-con-vecinos-previo-al-inicio-de-obra-cloacal-que-beneficia-a-varios-barrios\\\/\"},\"author\":{\"name\":\"NOTICIASMERCEDINAS.COM\",\"@id\":\"https:\\\/\\\/noticiasmercedinas.com\\\/site\\\/#\\\/schema\\\/person\\\/84b59c099c28ff2e8b77d4ceec5d8063\"},\"headline\":\"Reuni\u00f3n con vecinos previa a inicio de obra cloacal que beneficia a varios barrios\",\"datePublished\":\"2021-02-07T17:02:41+00:00\",\"dateModified\":\"2021-02-07T22:46:58+00:00\",\"mainEntityOfPage\":{\"@id\":\"https:\\\/\\\/noticiasmercedinas.com\\\/site\\\/2021\\\/02\\\/07\\\/reunion-con-vecinos-previo-al-inicio-de-obra-cloacal-que-beneficia-a-varios-barrios\\\/\"},\"wordCount\":391,\"commentCount\":0,\"publisher\":{\"@id\":\"https:\\\/\\\/noticiasmercedinas.com\\\/site\\\/#organization\"},\"image\":{\"@id\":\"https:\\\/\\\/noticiasmercedinas.com\\\/site\\\/2021\\\/02\\\/07\\\/reunion-con-vecinos-previo-al-inicio-de-obra-cloacal-que-beneficia-a-varios-barrios\\\/#primaryimage\"},\"thumbnailUrl\":\"https:\\\/\\\/noticiasmercedinas.com\\\/site\\\/wp-content\\\/uploads\\\/2021\\\/02\\\/3-3.jpg\",\"keywords\":[\"cloacas\",\"Lomas del Pac\u00edfico\",\"obras\",\"villa industrial\"],\"articleSection\":[\"Sociedad\"],\"inLanguage\":\"es\",\"potentialAction\":[{\"@type\":\"CommentAction\",\"name\":\"Comment\",\"target\":[\"https:\\\/\\\/noticiasmercedinas.com\\\/site\\\/2021\\\/02\\\/07\\\/reunion-con-vecinos-previo-al-inicio-de-obra-cloacal-que-beneficia-a-varios-barrios\\\/#respond\"]}]},{\"@type\":\"WebPage\",\"@id\":\"https:\\\/\\\/noticiasmercedinas.com\\\/site\\\/2021\\\/02\\\/07\\\/reunion-con-vecinos-previo-al-inicio-de-obra-cloacal-que-beneficia-a-varios-barrios\\\/\",\"url\":\"https:\\\/\\\/noticiasmercedinas.com\\\/site\\\/2021\\\/02\\\/07\\\/reunion-con-vecinos-previo-al-inicio-de-obra-cloacal-que-beneficia-a-varios-barrios\\\/\",\"name\":\"Reuni\u00f3n con vecinos previa a inicio de obra cloacal que beneficia a varios barrios\",\"isPartOf\":{\"@id\":\"https:\\\/\\\/noticiasmercedinas.com\\\/site\\\/#website\"},\"primaryImageOfPage\":{\"@id\":\"https:\\\/\\\/noticiasmercedinas.com\\\/site\\\/2021\\\/02\\\/07\\\/reunion-con-vecinos-previo-al-inicio-de-obra-cloacal-que-beneficia-a-varios-barrios\\\/#primaryimage\"},\"image\":{\"@id\":\"https:\\\/\\\/noticiasmercedinas.com\\\/site\\\/2021\\\/02\\\/07\\\/reunion-con-vecinos-previo-al-inicio-de-obra-cloacal-que-beneficia-a-varios-barrios\\\/#primaryimage\"},\"thumbnailUrl\":\"https:\\\/\\\/noticiasmercedinas.com\\\/site\\\/wp-content\\\/uploads\\\/2021\\\/02\\\/3-3.jpg\",\"datePublished\":\"2021-02-07T17:02:41+00:00\",\"dateModified\":\"2021-02-07T22:46:58+00:00\",\"breadcrumb\":{\"@id\":\"https:\\\/\\\/noticiasmercedinas.com\\\/site\\\/2021\\\/02\\\/07\\\/reunion-con-vecinos-previo-al-inicio-de-obra-cloacal-que-beneficia-a-varios-barrios\\\/#breadcrumb\"},\"inLanguage\":\"es\",\"potentialAction\":[{\"@type\":\"ReadAction\",\"target\":[\"https:\\\/\\\/noticiasmercedinas.com\\\/site\\\/2021\\\/02\\\/07\\\/reunion-con-vecinos-previo-al-inicio-de-obra-cloacal-que-beneficia-a-varios-barrios\\\/\"]}]},{\"@type\":\"ImageObject\",\"inLanguage\":\"es\",\"@id\":\"https:\\\/\\\/noticiasmercedinas.com\\\/site\\\/2021\\\/02\\\/07\\\/reunion-con-vecinos-previo-al-inicio-de-obra-cloacal-que-beneficia-a-varios-barrios\\\/#primaryimage\",\"url\":\"https:\\\/\\\/noticiasmercedinas.com\\\/site\\\/wp-content\\\/uploads\\\/2021\\\/02\\\/3-3.jpg\",\"contentUrl\":\"https:\\\/\\\/noticiasmercedinas.com\\\/site\\\/wp-content\\\/uploads\\\/2021\\\/02\\\/3-3.jpg\",\"width\":1080,\"height\":1080},{\"@type\":\"BreadcrumbList\",\"@id\":\"https:\\\/\\\/noticiasmercedinas.com\\\/site\\\/2021\\\/02\\\/07\\\/reunion-con-vecinos-previo-al-inicio-de-obra-cloacal-que-beneficia-a-varios-barrios\\\/#breadcrumb\",\"itemListElement\":[{\"@type\":\"ListItem\",\"position\":1,\"name\":\"Portada\",\"item\":\"https:\\\/\\\/noticiasmercedinas.com\\\/site\\\/\"},{\"@type\":\"ListItem\",\"position\":2,\"name\":\"Reuni\u00f3n con vecinos previa a inicio de obra cloacal que beneficia a varios barrios\"}]},{\"@type\":\"WebSite\",\"@id\":\"https:\\\/\\\/noticiasmercedinas.com\\\/site\\\/#website\",\"url\":\"https:\\\/\\\/noticiasmercedinas.com\\\/site\\\/\",\"name\":\"NOTICIASMERCEDINAS.COM\",\"description\":\"Mercedes, Buenos Aires, Argentina\",\"publisher\":{\"@id\":\"https:\\\/\\\/noticiasmercedinas.com\\\/site\\\/#organization\"},\"potentialAction\":[{\"@type\":\"SearchAction\",\"target\":{\"@type\":\"EntryPoint\",\"urlTemplate\":\"https:\\\/\\\/noticiasmercedinas.com\\\/site\\\/?s={search_term_string}\"},\"query-input\":{\"@type\":\"PropertyValueSpecification\",\"valueRequired\":true,\"valueName\":\"search_term_string\"}}],\"inLanguage\":\"es\"},{\"@type\":\"Organization\",\"@id\":\"https:\\\/\\\/noticiasmercedinas.com\\\/site\\\/#organization\",\"name\":\"NOTICIASMERCEDINAS.COM\",\"url\":\"https:\\\/\\\/noticiasmercedinas.com\\\/site\\\/\",\"logo\":{\"@type\":\"ImageObject\",\"inLanguage\":\"es\",\"@id\":\"https:\\\/\\\/noticiasmercedinas.com\\\/site\\\/#\\\/schema\\\/logo\\\/image\\\/\",\"url\":\"https:\\\/\\\/noticiasmercedinas.com\\\/site\\\/wp-content\\\/uploads\\\/2020\\\/06\\\/LOGO-512.jpg\",\"contentUrl\":\"https:\\\/\\\/noticiasmercedinas.com\\\/site\\\/wp-content\\\/uploads\\\/2020\\\/06\\\/LOGO-512.jpg\",\"width\":512,\"height\":512,\"caption\":\"NOTICIASMERCEDINAS.COM\"},\"image\":{\"@id\":\"https:\\\/\\\/noticiasmercedinas.com\\\/site\\\/#\\\/schema\\\/logo\\\/image\\\/\"},\"sameAs\":[\"https:\\\/\\\/www.facebook.com\\\/noticiasmercedinas\\\/\",\"https:\\\/\\\/x.com\\\/notmercedinas\",\"https:\\\/\\\/www.instagram.com\\\/noticiasmercedinas\\\/\"]},{\"@type\":\"Person\",\"@id\":\"https:\\\/\\\/noticiasmercedinas.com\\\/site\\\/#\\\/schema\\\/person\\\/84b59c099c28ff2e8b77d4ceec5d8063\",\"name\":\"NOTICIASMERCEDINAS.COM\",\"image\":{\"@type\":\"ImageObject\",\"inLanguage\":\"es\",\"@id\":\"https:\\\/\\\/secure.gravatar.com\\\/avatar\\\/4dfbf16b4d17945bfb6341b2d19043457132fcf478a5ee04f42e959fd8f5df0a?s=96&d=mm&r=g\",\"url\":\"https:\\\/\\\/secure.gravatar.com\\\/avatar\\\/4dfbf16b4d17945bfb6341b2d19043457132fcf478a5ee04f42e959fd8f5df0a?s=96&d=mm&r=g\",\"contentUrl\":\"https:\\\/\\\/secure.gravatar.com\\\/avatar\\\/4dfbf16b4d17945bfb6341b2d19043457132fcf478a5ee04f42e959fd8f5df0a?s=96&d=mm&r=g\",\"caption\":\"NOTICIASMERCEDINAS.COM\"},\"url\":\"https:\\\/\\\/noticiasmercedinas.com\\\/site\\\/author\\\/anonimo\\\/\"}]}<\/script>\n<!-- \/ Yoast SEO plugin. -->","yoast_head_json":{"title":"Reuni\u00f3n con vecinos previa a inicio de obra cloacal que beneficia a varios barrios","robots":{"index":"index","follow":"follow","max-snippet":"max-snippet:-1","max-image-preview":"max-image-preview:large","max-video-preview":"max-video-preview:-1"},"canonical":"https:\/\/noticiasmercedinas.com\/site\/2021\/02\/07\/reunion-con-vecinos-previo-al-inicio-de-obra-cloacal-que-beneficia-a-varios-barrios\/","og_locale":"es_ES","og_type":"article","og_title":"Reuni\u00f3n con vecinos previa a inicio de obra cloacal que beneficia a varios barrios","og_description":"\u25a0 Villa Industrial Este, Lomas del Pac\u00edfico y Villa Industrial Oeste tendr\u00e1n mejoras. La reuni\u00f3n se concret\u00f3 al aire libre en la sede del CAPS de Lomas del Pac\u00edfico.","og_url":"https:\/\/noticiasmercedinas.com\/site\/2021\/02\/07\/reunion-con-vecinos-previo-al-inicio-de-obra-cloacal-que-beneficia-a-varios-barrios\/","og_site_name":"NOTICIASMERCEDINAS.COM","article_publisher":"https:\/\/www.facebook.com\/noticiasmercedinas\/","article_published_time":"2021-02-07T17:02:41+00:00","article_modified_time":"2021-02-07T22:46:58+00:00","og_image":[{"width":1080,"height":1080,"url":"https:\/\/noticiasmercedinas.com\/site\/wp-content\/uploads\/2021\/02\/3-3.jpg","type":"image\/jpeg"}],"author":"NOTICIASMERCEDINAS.COM","twitter_card":"summary_large_image","twitter_creator":"@notmercedinas","twitter_site":"@notmercedinas","twitter_misc":{"Escrito por":"NOTICIASMERCEDINAS.COM","Tiempo de lectura":"2 minutos"},"schema":{"@context":"https:\/\/schema.org","@graph":[{"@type":"Article","@id":"https:\/\/noticiasmercedinas.com\/site\/2021\/02\/07\/reunion-con-vecinos-previo-al-inicio-de-obra-cloacal-que-beneficia-a-varios-barrios\/#article","isPartOf":{"@id":"https:\/\/noticiasmercedinas.com\/site\/2021\/02\/07\/reunion-con-vecinos-previo-al-inicio-de-obra-cloacal-que-beneficia-a-varios-barrios\/"},"author":{"name":"NOTICIASMERCEDINAS.COM","@id":"https:\/\/noticiasmercedinas.com\/site\/#\/schema\/person\/84b59c099c28ff2e8b77d4ceec5d8063"},"headline":"Reuni\u00f3n con vecinos previa a inicio de obra cloacal que beneficia a varios barrios","datePublished":"2021-02-07T17:02:41+00:00","dateModified":"2021-02-07T22:46:58+00:00","mainEntityOfPage":{"@id":"https:\/\/noticiasmercedinas.com\/site\/2021\/02\/07\/reunion-con-vecinos-previo-al-inicio-de-obra-cloacal-que-beneficia-a-varios-barrios\/"},"wordCount":391,"commentCount":0,"publisher":{"@id":"https:\/\/noticiasmercedinas.com\/site\/#organization"},"image":{"@id":"https:\/\/noticiasmercedinas.com\/site\/2021\/02\/07\/reunion-con-vecinos-previo-al-inicio-de-obra-cloacal-que-beneficia-a-varios-barrios\/#primaryimage"},"thumbnailUrl":"https:\/\/noticiasmercedinas.com\/site\/wp-content\/uploads\/2021\/02\/3-3.jpg","keywords":["cloacas","Lomas del Pac\u00edfico","obras","villa industrial"],"articleSection":["Sociedad"],"inLanguage":"es","potentialAction":[{"@type":"CommentAction","name":"Comment","target":["https:\/\/noticiasmercedinas.com\/site\/2021\/02\/07\/reunion-con-vecinos-previo-al-inicio-de-obra-cloacal-que-beneficia-a-varios-barrios\/#respond"]}]},{"@type":"WebPage","@id":"https:\/\/noticiasmercedinas.com\/site\/2021\/02\/07\/reunion-con-vecinos-previo-al-inicio-de-obra-cloacal-que-beneficia-a-varios-barrios\/","url":"https:\/\/noticiasmercedinas.com\/site\/2021\/02\/07\/reunion-con-vecinos-previo-al-inicio-de-obra-cloacal-que-beneficia-a-varios-barrios\/","name":"Reuni\u00f3n con vecinos previa a inicio de obra cloacal que beneficia a varios barrios","isPartOf":{"@id":"https:\/\/noticiasmercedinas.com\/site\/#website"},"primaryImageOfPage":{"@id":"https:\/\/noticiasmercedinas.com\/site\/2021\/02\/07\/reunion-con-vecinos-previo-al-inicio-de-obra-cloacal-que-beneficia-a-varios-barrios\/#primaryimage"},"image":{"@id":"https:\/\/noticiasmercedinas.com\/site\/2021\/02\/07\/reunion-con-vecinos-previo-al-inicio-de-obra-cloacal-que-beneficia-a-varios-barrios\/#primaryimage"},"thumbnailUrl":"https:\/\/noticiasmercedinas.com\/site\/wp-content\/uploads\/2021\/02\/3-3.jpg","datePublished":"2021-02-07T17:02:41+00:00","dateModified":"2021-02-07T22:46:58+00:00","breadcrumb":{"@id":"https:\/\/noticiasmercedinas.com\/site\/2021\/02\/07\/reunion-con-vecinos-previo-al-inicio-de-obra-cloacal-que-beneficia-a-varios-barrios\/#breadcrumb"},"inLanguage":"es","potentialAction":[{"@type":"ReadAction","target":["https:\/\/noticiasmercedinas.com\/site\/2021\/02\/07\/reunion-con-vecinos-previo-al-inicio-de-obra-cloacal-que-beneficia-a-varios-barrios\/"]}]},{"@type":"ImageObject","inLanguage":"es","@id":"https:\/\/noticiasmercedinas.com\/site\/2021\/02\/07\/reunion-con-vecinos-previo-al-inicio-de-obra-cloacal-que-beneficia-a-varios-barrios\/#primaryimage","url":"https:\/\/noticiasmercedinas.com\/site\/wp-content\/uploads\/2021\/02\/3-3.jpg","contentUrl":"https:\/\/noticiasmercedinas.com\/site\/wp-content\/uploads\/2021\/02\/3-3.jpg","width":1080,"height":1080},{"@type":"BreadcrumbList","@id":"https:\/\/noticiasmercedinas.com\/site\/2021\/02\/07\/reunion-con-vecinos-previo-al-inicio-de-obra-cloacal-que-beneficia-a-varios-barrios\/#breadcrumb","itemListElement":[{"@type":"ListItem","position":1,"name":"Portada","item":"https:\/\/noticiasmercedinas.com\/site\/"},{"@type":"ListItem","position":2,"name":"Reuni\u00f3n con vecinos previa a inicio de obra cloacal que beneficia a varios barrios"}]},{"@type":"WebSite","@id":"https:\/\/noticiasmercedinas.com\/site\/#website","url":"https:\/\/noticiasmercedinas.com\/site\/","name":"NOTICIASMERCEDINAS.COM","description":"Mercedes, Buenos Aires, Argentina","publisher":{"@id":"https:\/\/noticiasmercedinas.com\/site\/#organization"},"potentialAction":[{"@type":"SearchAction","target":{"@type":"EntryPoint","urlTemplate":"https:\/\/noticiasmercedinas.com\/site\/?s={search_term_string}"},"query-input":{"@type":"PropertyValueSpecification","valueRequired":true,"valueName":"search_term_string"}}],"inLanguage":"es"},{"@type":"Organization","@id":"https:\/\/noticiasmercedinas.com\/site\/#organization","name":"NOTICIASMERCEDINAS.COM","url":"https:\/\/noticiasmercedinas.com\/site\/","logo":{"@type":"ImageObject","inLanguage":"es","@id":"https:\/\/noticiasmercedinas.com\/site\/#\/schema\/logo\/image\/","url":"https:\/\/noticiasmercedinas.com\/site\/wp-content\/uploads\/2020\/06\/LOGO-512.jpg","contentUrl":"https:\/\/noticiasmercedinas.com\/site\/wp-content\/uploads\/2020\/06\/LOGO-512.jpg","width":512,"height":512,"caption":"NOTICIASMERCEDINAS.COM"},"image":{"@id":"https:\/\/noticiasmercedinas.com\/site\/#\/schema\/logo\/image\/"},"sameAs":["https:\/\/www.facebook.com\/noticiasmercedinas\/","https:\/\/x.com\/notmercedinas","https:\/\/www.instagram.com\/noticiasmercedinas\/"]},{"@type":"Person","@id":"https:\/\/noticiasmercedinas.com\/site\/#\/schema\/person\/84b59c099c28ff2e8b77d4ceec5d8063","name":"NOTICIASMERCEDINAS.COM","image":{"@type":"ImageObject","inLanguage":"es","@id":"https:\/\/secure.gravatar.com\/avatar\/4dfbf16b4d17945bfb6341b2d19043457132fcf478a5ee04f42e959fd8f5df0a?s=96&d=mm&r=g","url":"https:\/\/secure.gravatar.com\/avatar\/4dfbf16b4d17945bfb6341b2d19043457132fcf478a5ee04f42e959fd8f5df0a?s=96&d=mm&r=g","contentUrl":"https:\/\/secure.gravatar.com\/avatar\/4dfbf16b4d17945bfb6341b2d19043457132fcf478a5ee04f42e959fd8f5df0a?s=96&d=mm&r=g","caption":"NOTICIASMERCEDINAS.COM"},"url":"https:\/\/noticiasmercedinas.com\/site\/author\/anonimo\/"}]}},"amp_enabled":true,"_links":{"self":[{"href":"https:\/\/noticiasmercedinas.com\/site\/wp-json\/wp\/v2\/posts\/61136","targetHints":{"allow":["GET"]}}],"collection":[{"href":"https:\/\/noticiasmercedinas.com\/site\/wp-json\/wp\/v2\/posts"}],"about":[{"href":"https:\/\/noticiasmercedinas.com\/site\/wp-json\/wp\/v2\/types\/post"}],"author":[{"embeddable":true,"href":"https:\/\/noticiasmercedinas.com\/site\/wp-json\/wp\/v2\/users\/16"}],"replies":[{"embeddable":true,"href":"https:\/\/noticiasmercedinas.com\/site\/wp-json\/wp\/v2\/comments?post=61136"}],"version-history":[{"count":3,"href":"https:\/\/noticiasmercedinas.com\/site\/wp-json\/wp\/v2\/posts\/61136\/revisions"}],"predecessor-version":[{"id":61140,"href":"https:\/\/noticiasmercedinas.com\/site\/wp-json\/wp\/v2\/posts\/61136\/revisions\/61140"}],"wp:featuredmedia":[{"embeddable":true,"href":"https:\/\/noticiasmercedinas.com\/site\/wp-json\/wp\/v2\/media\/61137"}],"wp:attachment":[{"href":"https:\/\/noticiasmercedinas.com\/site\/wp-json\/wp\/v2\/media?parent=61136"}],"wp:term":[{"taxonomy":"category","embeddable":true,"href":"https:\/\/noticiasmercedinas.com\/site\/wp-json\/wp\/v2\/categories?post=61136"},{"taxonomy":"post_tag","embeddable":true,"href":"https:\/\/noticiasmercedinas.com\/site\/wp-json\/wp\/v2\/tags?post=61136"}],"curies":[{"name":"wp","href":"https:\/\/api.w.org\/{rel}","templated":true}]}}