{"id":61236,"date":"2021-02-08T18:09:11","date_gmt":"2021-02-08T21:09:11","guid":{"rendered":"https:\/\/noticiasmercedinas.com\/site\/?p=61236"},"modified":"2021-02-08T18:09:11","modified_gmt":"2021-02-08T21:09:11","slug":"pablo-valles-asumio-como-nuevo-parroco-en-junin","status":"publish","type":"post","link":"https:\/\/noticiasmercedinas.com\/site\/2021\/02\/08\/pablo-valles-asumio-como-nuevo-parroco-en-junin\/","title":{"rendered":"Pablo Vall\u00e9s asumi\u00f3 como nuevo p\u00e1rroco en Jun\u00edn"},"content":{"rendered":"<p><img loading=\"lazy\" decoding=\"async\" class=\"alignnone size-large wp-image-61239\" src=\"https:\/\/noticiasmercedinas.com\/site\/wp-content\/uploads\/2021\/02\/145959942_2967669530143600_51721632721902481_o-1024x682.jpg\" alt=\"\" width=\"640\" height=\"426\" srcset=\"https:\/\/noticiasmercedinas.com\/site\/wp-content\/uploads\/2021\/02\/145959942_2967669530143600_51721632721902481_o-1024x682.jpg 1024w, https:\/\/noticiasmercedinas.com\/site\/wp-content\/uploads\/2021\/02\/145959942_2967669530143600_51721632721902481_o-300x200.jpg 300w, https:\/\/noticiasmercedinas.com\/site\/wp-content\/uploads\/2021\/02\/145959942_2967669530143600_51721632721902481_o-768x512.jpg 768w, https:\/\/noticiasmercedinas.com\/site\/wp-content\/uploads\/2021\/02\/145959942_2967669530143600_51721632721902481_o-640x427.jpg 640w, https:\/\/noticiasmercedinas.com\/site\/wp-content\/uploads\/2021\/02\/145959942_2967669530143600_51721632721902481_o-681x454.jpg 681w, https:\/\/noticiasmercedinas.com\/site\/wp-content\/uploads\/2021\/02\/145959942_2967669530143600_51721632721902481_o.jpg 1280w\" sizes=\"auto, (max-width: 640px) 100vw, 640px\" \/><\/p>\n<p>Este viernes 5 de febrero inici\u00f3 su ministerio pastoral como nuevo p\u00e1rroco de San Ignacio de Loyola de Jun\u00edn, el Presb\u00edtero Pablo Vall\u00e9s. La celebraci\u00f3n eucar\u00edstica fue presidida por el Arzobispo Metropolitano de Mercedes &#8211; Luj\u00e1n, Jorge Eduardo Scheinig, y concelebrada por los vicarios generales de la arquidi\u00f3cesis, el nuevo p\u00e1rroco, el p\u00e1rroco saliente Presb\u00edtero Victor Roncati, sacerdotes de la ciudad de Jun\u00edn y de otras localidades de la arquidi\u00f3cesis.<\/p>\n<p>Durante la homil\u00eda, y reflexionando sobre el evangelio de Juan, el arzobispo Jorge Eduardo dijo: \u201cJuan desea transmitir que Jes\u00fas est\u00e1 vivo. Y para hacerlo usa im\u00e1genes muy bellas, \u201cYo soy el agua\u201d; \u201cYo soy el Pan Vivo\u201d, \u201cYo soy la Luz, Yo soy la Vida. Tambi\u00e9n usa esta imagen que el pueblo de aquel tiempo conoc\u00eda muy bien, \u201cYo soy el Buen Pastor\u201d.<\/p>\n<p>\u201cLa imagen del Buen Pastor muestra la relaci\u00f3n que hay entre Dios y su pueblo. El Pastor es Dios y el pueblo es su reba\u00f1o. Dios es el Pastor que se relaciona con su pueblo para buscarlo, sanarlo, alimentarlo, apacentarlo, acompa\u00f1arlo, para dar vida\u201d.<\/p>\n<p><img loading=\"lazy\" decoding=\"async\" class=\"alignnone size-large wp-image-61238\" src=\"https:\/\/noticiasmercedinas.com\/site\/wp-content\/uploads\/2021\/02\/145963019_2967669596810260_7620091983142522277_o-1024x682.jpg\" alt=\"\" width=\"640\" height=\"426\" srcset=\"https:\/\/noticiasmercedinas.com\/site\/wp-content\/uploads\/2021\/02\/145963019_2967669596810260_7620091983142522277_o-1024x682.jpg 1024w, https:\/\/noticiasmercedinas.com\/site\/wp-content\/uploads\/2021\/02\/145963019_2967669596810260_7620091983142522277_o-300x200.jpg 300w, https:\/\/noticiasmercedinas.com\/site\/wp-content\/uploads\/2021\/02\/145963019_2967669596810260_7620091983142522277_o-768x512.jpg 768w, https:\/\/noticiasmercedinas.com\/site\/wp-content\/uploads\/2021\/02\/145963019_2967669596810260_7620091983142522277_o-640x427.jpg 640w, https:\/\/noticiasmercedinas.com\/site\/wp-content\/uploads\/2021\/02\/145963019_2967669596810260_7620091983142522277_o-681x454.jpg 681w, https:\/\/noticiasmercedinas.com\/site\/wp-content\/uploads\/2021\/02\/145963019_2967669596810260_7620091983142522277_o.jpg 1280w\" sizes=\"auto, (max-width: 640px) 100vw, 640px\" \/><\/p>\n<p>Dirigi\u00e9ndose al nuevo p\u00e1rroco, lo anim\u00f3 a que el pueblo sienta la presencia de Dios que quiere dar vida, compartiendo la tarea con el Vicario parroquial Pbro. Emiliano Aguirre, \u00absiendo creativos, trabajando muy unidos a todos los sacerdotes de las distintas parroquias de Jun\u00edn, y acompa\u00f1ando la vida de la comunidad parroquial, de las capillas y centros misioneros, colegios\u00bb.<\/p>\n<p>El Padre Pablo Vall\u00e9s es director pastoral del grupo de medios \u201cLa Verdad\u201d.<\/p>\n<p>Durante el momento de las ofrendas, los distintos grupos parroquiales presentaron distintos signos y dones, que representan la vida de la comunidad.<\/p>\n<p>Finalmente el Padre Pablo agradeci\u00f3 a Dios por su gran amor, su misericordia, al Arzobispo, al p\u00e1rroco saliente V\u00edctor Roncati, a los hermanos sacerdotes, a la comunidad de Cristo Redentor donde estuvo prestando su servicio pastoral hasta ahora y a su nueva comunidad de San Ignacio de Loyola.<\/p>\n<p><img loading=\"lazy\" decoding=\"async\" class=\"alignnone size-large wp-image-61237\" src=\"https:\/\/noticiasmercedinas.com\/site\/wp-content\/uploads\/2021\/02\/145741915_2967669763476910_7295576511300463222_o-1024x682.jpg\" alt=\"\" width=\"640\" height=\"426\" srcset=\"https:\/\/noticiasmercedinas.com\/site\/wp-content\/uploads\/2021\/02\/145741915_2967669763476910_7295576511300463222_o-1024x682.jpg 1024w, https:\/\/noticiasmercedinas.com\/site\/wp-content\/uploads\/2021\/02\/145741915_2967669763476910_7295576511300463222_o-300x200.jpg 300w, https:\/\/noticiasmercedinas.com\/site\/wp-content\/uploads\/2021\/02\/145741915_2967669763476910_7295576511300463222_o-768x512.jpg 768w, https:\/\/noticiasmercedinas.com\/site\/wp-content\/uploads\/2021\/02\/145741915_2967669763476910_7295576511300463222_o-640x427.jpg 640w, https:\/\/noticiasmercedinas.com\/site\/wp-content\/uploads\/2021\/02\/145741915_2967669763476910_7295576511300463222_o-681x454.jpg 681w, https:\/\/noticiasmercedinas.com\/site\/wp-content\/uploads\/2021\/02\/145741915_2967669763476910_7295576511300463222_o.jpg 1280w\" sizes=\"auto, (max-width: 640px) 100vw, 640px\" \/><\/p>\n","protected":false},"excerpt":{"rendered":"<p>Este viernes 5 de febrero inici\u00f3 su ministerio pastoral como nuevo p\u00e1rroco de San Ignacio de Loyola de Jun\u00edn, el Presb\u00edtero Pablo Vall\u00e9s. La celebraci\u00f3n eucar\u00edstica fue presidida por el Arzobispo Metropolitano de Mercedes &#8211; Luj\u00e1n, Jorge Eduardo Scheinig, y concelebrada por los vicarios generales de la arquidi\u00f3cesis, el nuevo p\u00e1rroco, el p\u00e1rroco saliente Presb\u00edtero [&hellip;]<\/p>\n","protected":false},"author":16,"featured_media":61239,"comment_status":"open","ping_status":"open","sticky":false,"template":"","format":"standard","meta":{"footnotes":""},"categories":[139],"tags":[1587,1744,3558],"class_list":["post-61236","post","type-post","status-publish","format-standard","has-post-thumbnail","hentry","category-regionales","tag-arzobispado-de-mercedes-lujan","tag-junin","tag-pablo-valles"],"yoast_head":"<!-- This site is optimized with the Yoast SEO plugin v27.5 - https:\/\/yoast.com\/product\/yoast-seo-wordpress\/ -->\n<title>Pablo Vall\u00e9s asumi\u00f3 como nuevo p\u00e1rroco en Jun\u00edn<\/title>\n<meta name=\"robots\" content=\"index, follow, max-snippet:-1, max-image-preview:large, max-video-preview:-1\" \/>\n<link rel=\"canonical\" href=\"https:\/\/noticiasmercedinas.com\/site\/2021\/02\/08\/pablo-valles-asumio-como-nuevo-parroco-en-junin\/\" \/>\n<meta property=\"og:locale\" content=\"es_ES\" \/>\n<meta property=\"og:type\" content=\"article\" \/>\n<meta property=\"og:title\" content=\"Pablo Vall\u00e9s asumi\u00f3 como nuevo p\u00e1rroco en Jun\u00edn\" \/>\n<meta property=\"og:description\" content=\"Este viernes 5 de febrero inici\u00f3 su ministerio pastoral como nuevo p\u00e1rroco de San Ignacio de Loyola de Jun\u00edn, el Presb\u00edtero Pablo Vall\u00e9s. La celebraci\u00f3n eucar\u00edstica fue presidida por el Arzobispo Metropolitano de Mercedes &#8211; Luj\u00e1n, Jorge Eduardo Scheinig, y concelebrada por los vicarios generales de la arquidi\u00f3cesis, el nuevo p\u00e1rroco, el p\u00e1rroco saliente Presb\u00edtero [&hellip;]\" \/>\n<meta property=\"og:url\" content=\"https:\/\/noticiasmercedinas.com\/site\/2021\/02\/08\/pablo-valles-asumio-como-nuevo-parroco-en-junin\/\" \/>\n<meta property=\"og:site_name\" content=\"NOTICIASMERCEDINAS.COM\" \/>\n<meta property=\"article:publisher\" content=\"https:\/\/www.facebook.com\/noticiasmercedinas\/\" \/>\n<meta property=\"article:published_time\" content=\"2021-02-08T21:09:11+00:00\" \/>\n<meta property=\"og:image\" content=\"https:\/\/noticiasmercedinas.com\/site\/wp-content\/uploads\/2021\/02\/145959942_2967669530143600_51721632721902481_o.jpg\" \/>\n\t<meta property=\"og:image:width\" content=\"1280\" \/>\n\t<meta property=\"og:image:height\" content=\"853\" \/>\n\t<meta property=\"og:image:type\" content=\"image\/jpeg\" \/>\n<meta name=\"author\" content=\"NOTICIASMERCEDINAS.COM\" \/>\n<meta name=\"twitter:card\" content=\"summary_large_image\" \/>\n<meta name=\"twitter:creator\" content=\"@notmercedinas\" \/>\n<meta name=\"twitter:site\" content=\"@notmercedinas\" \/>\n<meta name=\"twitter:label1\" content=\"Escrito por\" \/>\n\t<meta name=\"twitter:data1\" content=\"NOTICIASMERCEDINAS.COM\" \/>\n\t<meta name=\"twitter:label2\" content=\"Tiempo de lectura\" \/>\n\t<meta name=\"twitter:data2\" content=\"2 minutos\" \/>\n<script type=\"application\/ld+json\" class=\"yoast-schema-graph\">{\"@context\":\"https:\\\/\\\/schema.org\",\"@graph\":[{\"@type\":\"Article\",\"@id\":\"https:\\\/\\\/noticiasmercedinas.com\\\/site\\\/2021\\\/02\\\/08\\\/pablo-valles-asumio-como-nuevo-parroco-en-junin\\\/#article\",\"isPartOf\":{\"@id\":\"https:\\\/\\\/noticiasmercedinas.com\\\/site\\\/2021\\\/02\\\/08\\\/pablo-valles-asumio-como-nuevo-parroco-en-junin\\\/\"},\"author\":{\"name\":\"NOTICIASMERCEDINAS.COM\",\"@id\":\"https:\\\/\\\/noticiasmercedinas.com\\\/site\\\/#\\\/schema\\\/person\\\/84b59c099c28ff2e8b77d4ceec5d8063\"},\"headline\":\"Pablo Vall\u00e9s asumi\u00f3 como nuevo p\u00e1rroco en Jun\u00edn\",\"datePublished\":\"2021-02-08T21:09:11+00:00\",\"mainEntityOfPage\":{\"@id\":\"https:\\\/\\\/noticiasmercedinas.com\\\/site\\\/2021\\\/02\\\/08\\\/pablo-valles-asumio-como-nuevo-parroco-en-junin\\\/\"},\"wordCount\":358,\"commentCount\":0,\"publisher\":{\"@id\":\"https:\\\/\\\/noticiasmercedinas.com\\\/site\\\/#organization\"},\"image\":{\"@id\":\"https:\\\/\\\/noticiasmercedinas.com\\\/site\\\/2021\\\/02\\\/08\\\/pablo-valles-asumio-como-nuevo-parroco-en-junin\\\/#primaryimage\"},\"thumbnailUrl\":\"https:\\\/\\\/noticiasmercedinas.com\\\/site\\\/wp-content\\\/uploads\\\/2021\\\/02\\\/145959942_2967669530143600_51721632721902481_o.jpg\",\"keywords\":[\"arzobispado de Mercedes Lujan\",\"Junin\",\"Pablo Vall\u00e9s\"],\"articleSection\":[\"Regionales\"],\"inLanguage\":\"es\",\"potentialAction\":[{\"@type\":\"CommentAction\",\"name\":\"Comment\",\"target\":[\"https:\\\/\\\/noticiasmercedinas.com\\\/site\\\/2021\\\/02\\\/08\\\/pablo-valles-asumio-como-nuevo-parroco-en-junin\\\/#respond\"]}]},{\"@type\":\"WebPage\",\"@id\":\"https:\\\/\\\/noticiasmercedinas.com\\\/site\\\/2021\\\/02\\\/08\\\/pablo-valles-asumio-como-nuevo-parroco-en-junin\\\/\",\"url\":\"https:\\\/\\\/noticiasmercedinas.com\\\/site\\\/2021\\\/02\\\/08\\\/pablo-valles-asumio-como-nuevo-parroco-en-junin\\\/\",\"name\":\"Pablo Vall\u00e9s asumi\u00f3 como nuevo p\u00e1rroco en Jun\u00edn\",\"isPartOf\":{\"@id\":\"https:\\\/\\\/noticiasmercedinas.com\\\/site\\\/#website\"},\"primaryImageOfPage\":{\"@id\":\"https:\\\/\\\/noticiasmercedinas.com\\\/site\\\/2021\\\/02\\\/08\\\/pablo-valles-asumio-como-nuevo-parroco-en-junin\\\/#primaryimage\"},\"image\":{\"@id\":\"https:\\\/\\\/noticiasmercedinas.com\\\/site\\\/2021\\\/02\\\/08\\\/pablo-valles-asumio-como-nuevo-parroco-en-junin\\\/#primaryimage\"},\"thumbnailUrl\":\"https:\\\/\\\/noticiasmercedinas.com\\\/site\\\/wp-content\\\/uploads\\\/2021\\\/02\\\/145959942_2967669530143600_51721632721902481_o.jpg\",\"datePublished\":\"2021-02-08T21:09:11+00:00\",\"breadcrumb\":{\"@id\":\"https:\\\/\\\/noticiasmercedinas.com\\\/site\\\/2021\\\/02\\\/08\\\/pablo-valles-asumio-como-nuevo-parroco-en-junin\\\/#breadcrumb\"},\"inLanguage\":\"es\",\"potentialAction\":[{\"@type\":\"ReadAction\",\"target\":[\"https:\\\/\\\/noticiasmercedinas.com\\\/site\\\/2021\\\/02\\\/08\\\/pablo-valles-asumio-como-nuevo-parroco-en-junin\\\/\"]}]},{\"@type\":\"ImageObject\",\"inLanguage\":\"es\",\"@id\":\"https:\\\/\\\/noticiasmercedinas.com\\\/site\\\/2021\\\/02\\\/08\\\/pablo-valles-asumio-como-nuevo-parroco-en-junin\\\/#primaryimage\",\"url\":\"https:\\\/\\\/noticiasmercedinas.com\\\/site\\\/wp-content\\\/uploads\\\/2021\\\/02\\\/145959942_2967669530143600_51721632721902481_o.jpg\",\"contentUrl\":\"https:\\\/\\\/noticiasmercedinas.com\\\/site\\\/wp-content\\\/uploads\\\/2021\\\/02\\\/145959942_2967669530143600_51721632721902481_o.jpg\",\"width\":1280,\"height\":853},{\"@type\":\"BreadcrumbList\",\"@id\":\"https:\\\/\\\/noticiasmercedinas.com\\\/site\\\/2021\\\/02\\\/08\\\/pablo-valles-asumio-como-nuevo-parroco-en-junin\\\/#breadcrumb\",\"itemListElement\":[{\"@type\":\"ListItem\",\"position\":1,\"name\":\"Portada\",\"item\":\"https:\\\/\\\/noticiasmercedinas.com\\\/site\\\/\"},{\"@type\":\"ListItem\",\"position\":2,\"name\":\"Pablo Vall\u00e9s asumi\u00f3 como nuevo p\u00e1rroco en Jun\u00edn\"}]},{\"@type\":\"WebSite\",\"@id\":\"https:\\\/\\\/noticiasmercedinas.com\\\/site\\\/#website\",\"url\":\"https:\\\/\\\/noticiasmercedinas.com\\\/site\\\/\",\"name\":\"NOTICIASMERCEDINAS.COM\",\"description\":\"Mercedes, Buenos Aires, Argentina\",\"publisher\":{\"@id\":\"https:\\\/\\\/noticiasmercedinas.com\\\/site\\\/#organization\"},\"potentialAction\":[{\"@type\":\"SearchAction\",\"target\":{\"@type\":\"EntryPoint\",\"urlTemplate\":\"https:\\\/\\\/noticiasmercedinas.com\\\/site\\\/?s={search_term_string}\"},\"query-input\":{\"@type\":\"PropertyValueSpecification\",\"valueRequired\":true,\"valueName\":\"search_term_string\"}}],\"inLanguage\":\"es\"},{\"@type\":\"Organization\",\"@id\":\"https:\\\/\\\/noticiasmercedinas.com\\\/site\\\/#organization\",\"name\":\"NOTICIASMERCEDINAS.COM\",\"url\":\"https:\\\/\\\/noticiasmercedinas.com\\\/site\\\/\",\"logo\":{\"@type\":\"ImageObject\",\"inLanguage\":\"es\",\"@id\":\"https:\\\/\\\/noticiasmercedinas.com\\\/site\\\/#\\\/schema\\\/logo\\\/image\\\/\",\"url\":\"https:\\\/\\\/noticiasmercedinas.com\\\/site\\\/wp-content\\\/uploads\\\/2020\\\/06\\\/LOGO-512.jpg\",\"contentUrl\":\"https:\\\/\\\/noticiasmercedinas.com\\\/site\\\/wp-content\\\/uploads\\\/2020\\\/06\\\/LOGO-512.jpg\",\"width\":512,\"height\":512,\"caption\":\"NOTICIASMERCEDINAS.COM\"},\"image\":{\"@id\":\"https:\\\/\\\/noticiasmercedinas.com\\\/site\\\/#\\\/schema\\\/logo\\\/image\\\/\"},\"sameAs\":[\"https:\\\/\\\/www.facebook.com\\\/noticiasmercedinas\\\/\",\"https:\\\/\\\/x.com\\\/notmercedinas\",\"https:\\\/\\\/www.instagram.com\\\/noticiasmercedinas\\\/\"]},{\"@type\":\"Person\",\"@id\":\"https:\\\/\\\/noticiasmercedinas.com\\\/site\\\/#\\\/schema\\\/person\\\/84b59c099c28ff2e8b77d4ceec5d8063\",\"name\":\"NOTICIASMERCEDINAS.COM\",\"image\":{\"@type\":\"ImageObject\",\"inLanguage\":\"es\",\"@id\":\"https:\\\/\\\/secure.gravatar.com\\\/avatar\\\/4dfbf16b4d17945bfb6341b2d19043457132fcf478a5ee04f42e959fd8f5df0a?s=96&d=mm&r=g\",\"url\":\"https:\\\/\\\/secure.gravatar.com\\\/avatar\\\/4dfbf16b4d17945bfb6341b2d19043457132fcf478a5ee04f42e959fd8f5df0a?s=96&d=mm&r=g\",\"contentUrl\":\"https:\\\/\\\/secure.gravatar.com\\\/avatar\\\/4dfbf16b4d17945bfb6341b2d19043457132fcf478a5ee04f42e959fd8f5df0a?s=96&d=mm&r=g\",\"caption\":\"NOTICIASMERCEDINAS.COM\"},\"url\":\"https:\\\/\\\/noticiasmercedinas.com\\\/site\\\/author\\\/anonimo\\\/\"}]}<\/script>\n<!-- \/ Yoast SEO plugin. -->","yoast_head_json":{"title":"Pablo Vall\u00e9s asumi\u00f3 como nuevo p\u00e1rroco en Jun\u00edn","robots":{"index":"index","follow":"follow","max-snippet":"max-snippet:-1","max-image-preview":"max-image-preview:large","max-video-preview":"max-video-preview:-1"},"canonical":"https:\/\/noticiasmercedinas.com\/site\/2021\/02\/08\/pablo-valles-asumio-como-nuevo-parroco-en-junin\/","og_locale":"es_ES","og_type":"article","og_title":"Pablo Vall\u00e9s asumi\u00f3 como nuevo p\u00e1rroco en Jun\u00edn","og_description":"Este viernes 5 de febrero inici\u00f3 su ministerio pastoral como nuevo p\u00e1rroco de San Ignacio de Loyola de Jun\u00edn, el Presb\u00edtero Pablo Vall\u00e9s. La celebraci\u00f3n eucar\u00edstica fue presidida por el Arzobispo Metropolitano de Mercedes &#8211; Luj\u00e1n, Jorge Eduardo Scheinig, y concelebrada por los vicarios generales de la arquidi\u00f3cesis, el nuevo p\u00e1rroco, el p\u00e1rroco saliente Presb\u00edtero [&hellip;]","og_url":"https:\/\/noticiasmercedinas.com\/site\/2021\/02\/08\/pablo-valles-asumio-como-nuevo-parroco-en-junin\/","og_site_name":"NOTICIASMERCEDINAS.COM","article_publisher":"https:\/\/www.facebook.com\/noticiasmercedinas\/","article_published_time":"2021-02-08T21:09:11+00:00","og_image":[{"width":1280,"height":853,"url":"https:\/\/noticiasmercedinas.com\/site\/wp-content\/uploads\/2021\/02\/145959942_2967669530143600_51721632721902481_o.jpg","type":"image\/jpeg"}],"author":"NOTICIASMERCEDINAS.COM","twitter_card":"summary_large_image","twitter_creator":"@notmercedinas","twitter_site":"@notmercedinas","twitter_misc":{"Escrito por":"NOTICIASMERCEDINAS.COM","Tiempo de lectura":"2 minutos"},"schema":{"@context":"https:\/\/schema.org","@graph":[{"@type":"Article","@id":"https:\/\/noticiasmercedinas.com\/site\/2021\/02\/08\/pablo-valles-asumio-como-nuevo-parroco-en-junin\/#article","isPartOf":{"@id":"https:\/\/noticiasmercedinas.com\/site\/2021\/02\/08\/pablo-valles-asumio-como-nuevo-parroco-en-junin\/"},"author":{"name":"NOTICIASMERCEDINAS.COM","@id":"https:\/\/noticiasmercedinas.com\/site\/#\/schema\/person\/84b59c099c28ff2e8b77d4ceec5d8063"},"headline":"Pablo Vall\u00e9s asumi\u00f3 como nuevo p\u00e1rroco en Jun\u00edn","datePublished":"2021-02-08T21:09:11+00:00","mainEntityOfPage":{"@id":"https:\/\/noticiasmercedinas.com\/site\/2021\/02\/08\/pablo-valles-asumio-como-nuevo-parroco-en-junin\/"},"wordCount":358,"commentCount":0,"publisher":{"@id":"https:\/\/noticiasmercedinas.com\/site\/#organization"},"image":{"@id":"https:\/\/noticiasmercedinas.com\/site\/2021\/02\/08\/pablo-valles-asumio-como-nuevo-parroco-en-junin\/#primaryimage"},"thumbnailUrl":"https:\/\/noticiasmercedinas.com\/site\/wp-content\/uploads\/2021\/02\/145959942_2967669530143600_51721632721902481_o.jpg","keywords":["arzobispado de Mercedes Lujan","Junin","Pablo Vall\u00e9s"],"articleSection":["Regionales"],"inLanguage":"es","potentialAction":[{"@type":"CommentAction","name":"Comment","target":["https:\/\/noticiasmercedinas.com\/site\/2021\/02\/08\/pablo-valles-asumio-como-nuevo-parroco-en-junin\/#respond"]}]},{"@type":"WebPage","@id":"https:\/\/noticiasmercedinas.com\/site\/2021\/02\/08\/pablo-valles-asumio-como-nuevo-parroco-en-junin\/","url":"https:\/\/noticiasmercedinas.com\/site\/2021\/02\/08\/pablo-valles-asumio-como-nuevo-parroco-en-junin\/","name":"Pablo Vall\u00e9s asumi\u00f3 como nuevo p\u00e1rroco en Jun\u00edn","isPartOf":{"@id":"https:\/\/noticiasmercedinas.com\/site\/#website"},"primaryImageOfPage":{"@id":"https:\/\/noticiasmercedinas.com\/site\/2021\/02\/08\/pablo-valles-asumio-como-nuevo-parroco-en-junin\/#primaryimage"},"image":{"@id":"https:\/\/noticiasmercedinas.com\/site\/2021\/02\/08\/pablo-valles-asumio-como-nuevo-parroco-en-junin\/#primaryimage"},"thumbnailUrl":"https:\/\/noticiasmercedinas.com\/site\/wp-content\/uploads\/2021\/02\/145959942_2967669530143600_51721632721902481_o.jpg","datePublished":"2021-02-08T21:09:11+00:00","breadcrumb":{"@id":"https:\/\/noticiasmercedinas.com\/site\/2021\/02\/08\/pablo-valles-asumio-como-nuevo-parroco-en-junin\/#breadcrumb"},"inLanguage":"es","potentialAction":[{"@type":"ReadAction","target":["https:\/\/noticiasmercedinas.com\/site\/2021\/02\/08\/pablo-valles-asumio-como-nuevo-parroco-en-junin\/"]}]},{"@type":"ImageObject","inLanguage":"es","@id":"https:\/\/noticiasmercedinas.com\/site\/2021\/02\/08\/pablo-valles-asumio-como-nuevo-parroco-en-junin\/#primaryimage","url":"https:\/\/noticiasmercedinas.com\/site\/wp-content\/uploads\/2021\/02\/145959942_2967669530143600_51721632721902481_o.jpg","contentUrl":"https:\/\/noticiasmercedinas.com\/site\/wp-content\/uploads\/2021\/02\/145959942_2967669530143600_51721632721902481_o.jpg","width":1280,"height":853},{"@type":"BreadcrumbList","@id":"https:\/\/noticiasmercedinas.com\/site\/2021\/02\/08\/pablo-valles-asumio-como-nuevo-parroco-en-junin\/#breadcrumb","itemListElement":[{"@type":"ListItem","position":1,"name":"Portada","item":"https:\/\/noticiasmercedinas.com\/site\/"},{"@type":"ListItem","position":2,"name":"Pablo Vall\u00e9s asumi\u00f3 como nuevo p\u00e1rroco en Jun\u00edn"}]},{"@type":"WebSite","@id":"https:\/\/noticiasmercedinas.com\/site\/#website","url":"https:\/\/noticiasmercedinas.com\/site\/","name":"NOTICIASMERCEDINAS.COM","description":"Mercedes, Buenos Aires, Argentina","publisher":{"@id":"https:\/\/noticiasmercedinas.com\/site\/#organization"},"potentialAction":[{"@type":"SearchAction","target":{"@type":"EntryPoint","urlTemplate":"https:\/\/noticiasmercedinas.com\/site\/?s={search_term_string}"},"query-input":{"@type":"PropertyValueSpecification","valueRequired":true,"valueName":"search_term_string"}}],"inLanguage":"es"},{"@type":"Organization","@id":"https:\/\/noticiasmercedinas.com\/site\/#organization","name":"NOTICIASMERCEDINAS.COM","url":"https:\/\/noticiasmercedinas.com\/site\/","logo":{"@type":"ImageObject","inLanguage":"es","@id":"https:\/\/noticiasmercedinas.com\/site\/#\/schema\/logo\/image\/","url":"https:\/\/noticiasmercedinas.com\/site\/wp-content\/uploads\/2020\/06\/LOGO-512.jpg","contentUrl":"https:\/\/noticiasmercedinas.com\/site\/wp-content\/uploads\/2020\/06\/LOGO-512.jpg","width":512,"height":512,"caption":"NOTICIASMERCEDINAS.COM"},"image":{"@id":"https:\/\/noticiasmercedinas.com\/site\/#\/schema\/logo\/image\/"},"sameAs":["https:\/\/www.facebook.com\/noticiasmercedinas\/","https:\/\/x.com\/notmercedinas","https:\/\/www.instagram.com\/noticiasmercedinas\/"]},{"@type":"Person","@id":"https:\/\/noticiasmercedinas.com\/site\/#\/schema\/person\/84b59c099c28ff2e8b77d4ceec5d8063","name":"NOTICIASMERCEDINAS.COM","image":{"@type":"ImageObject","inLanguage":"es","@id":"https:\/\/secure.gravatar.com\/avatar\/4dfbf16b4d17945bfb6341b2d19043457132fcf478a5ee04f42e959fd8f5df0a?s=96&d=mm&r=g","url":"https:\/\/secure.gravatar.com\/avatar\/4dfbf16b4d17945bfb6341b2d19043457132fcf478a5ee04f42e959fd8f5df0a?s=96&d=mm&r=g","contentUrl":"https:\/\/secure.gravatar.com\/avatar\/4dfbf16b4d17945bfb6341b2d19043457132fcf478a5ee04f42e959fd8f5df0a?s=96&d=mm&r=g","caption":"NOTICIASMERCEDINAS.COM"},"url":"https:\/\/noticiasmercedinas.com\/site\/author\/anonimo\/"}]}},"amp_enabled":true,"_links":{"self":[{"href":"https:\/\/noticiasmercedinas.com\/site\/wp-json\/wp\/v2\/posts\/61236","targetHints":{"allow":["GET"]}}],"collection":[{"href":"https:\/\/noticiasmercedinas.com\/site\/wp-json\/wp\/v2\/posts"}],"about":[{"href":"https:\/\/noticiasmercedinas.com\/site\/wp-json\/wp\/v2\/types\/post"}],"author":[{"embeddable":true,"href":"https:\/\/noticiasmercedinas.com\/site\/wp-json\/wp\/v2\/users\/16"}],"replies":[{"embeddable":true,"href":"https:\/\/noticiasmercedinas.com\/site\/wp-json\/wp\/v2\/comments?post=61236"}],"version-history":[{"count":1,"href":"https:\/\/noticiasmercedinas.com\/site\/wp-json\/wp\/v2\/posts\/61236\/revisions"}],"predecessor-version":[{"id":61240,"href":"https:\/\/noticiasmercedinas.com\/site\/wp-json\/wp\/v2\/posts\/61236\/revisions\/61240"}],"wp:featuredmedia":[{"embeddable":true,"href":"https:\/\/noticiasmercedinas.com\/site\/wp-json\/wp\/v2\/media\/61239"}],"wp:attachment":[{"href":"https:\/\/noticiasmercedinas.com\/site\/wp-json\/wp\/v2\/media?parent=61236"}],"wp:term":[{"taxonomy":"category","embeddable":true,"href":"https:\/\/noticiasmercedinas.com\/site\/wp-json\/wp\/v2\/categories?post=61236"},{"taxonomy":"post_tag","embeddable":true,"href":"https:\/\/noticiasmercedinas.com\/site\/wp-json\/wp\/v2\/tags?post=61236"}],"curies":[{"name":"wp","href":"https:\/\/api.w.org\/{rel}","templated":true}]}}