{"id":61309,"date":"2021-02-10T10:23:58","date_gmt":"2021-02-10T13:23:58","guid":{"rendered":"https:\/\/noticiasmercedinas.com\/site\/?p=61309"},"modified":"2021-02-10T10:23:58","modified_gmt":"2021-02-10T13:23:58","slug":"participacion-ciudadana-abierta-para-lujan-y-mercedes","status":"publish","type":"post","link":"https:\/\/noticiasmercedinas.com\/site\/2021\/02\/10\/participacion-ciudadana-abierta-para-lujan-y-mercedes\/","title":{"rendered":"Participaci\u00f3n Ciudadana abierta para Luj\u00e1n y Mercedes"},"content":{"rendered":"<p><img loading=\"lazy\" decoding=\"async\" class=\"alignnone size-full wp-image-61311\" src=\"https:\/\/noticiasmercedinas.com\/site\/wp-content\/uploads\/2021\/02\/OPDS_LUJAN-MERCEDES_ParticipacionCiudadana_FEB21_WEB.jpg\" alt=\"\" width=\"740\" height=\"510\" srcset=\"https:\/\/noticiasmercedinas.com\/site\/wp-content\/uploads\/2021\/02\/OPDS_LUJAN-MERCEDES_ParticipacionCiudadana_FEB21_WEB.jpg 740w, https:\/\/noticiasmercedinas.com\/site\/wp-content\/uploads\/2021\/02\/OPDS_LUJAN-MERCEDES_ParticipacionCiudadana_FEB21_WEB-300x207.jpg 300w, https:\/\/noticiasmercedinas.com\/site\/wp-content\/uploads\/2021\/02\/OPDS_LUJAN-MERCEDES_ParticipacionCiudadana_FEB21_WEB-640x441.jpg 640w, https:\/\/noticiasmercedinas.com\/site\/wp-content\/uploads\/2021\/02\/OPDS_LUJAN-MERCEDES_ParticipacionCiudadana_FEB21_WEB-681x469.jpg 681w\" sizes=\"auto, (max-width: 740px) 100vw, 740px\" \/><\/p>\n<p>El Organismo Provincial para el Desarrollo Sostenible (OPDS) inform\u00f3 que se encuentra abierta la instancia de participaci\u00f3n ciudadana para la obra \u00abAdecuaci\u00f3n del cauce del Tramo Medio R\u00edo Luj\u00e1n \u2013 Etapa II A (lotes 1, 2, 3 y 4) y Etapa II B (lotes 1 y 2)\u00bb, que se desarrollar\u00e1 en los municipio de Luj\u00e1n y Mercedes.<\/p>\n<p>Quienes quieran obtener informaci\u00f3n sobre el proyecto y\/o realizar opiniones u observaciones, pueden enviarlas a la siguiente direcci\u00f3n de correo: participacionciudadana@opds.gba.gov.ar<\/p>\n<p>La participaci\u00f3n ciudadana forma parte de la Resoluci\u00f3n 557\/19 del OPDS, en la que se contempla que los procedimientos de participaci\u00f3n en consultas y en audiencias p\u00fablicas forman parte del proceso de evaluaci\u00f3n de impacto ambiental al que las nuevas industrias deben someterse para conseguir la Declaraci\u00f3n de Impacto Ambiental (DIA) y el Certificado de Aptitud Ambiental, obligatorios para todos aquellos nuevos establecimientos industriales que se radiquen en la provincia de Buenos Aires.<\/p>\n<p>Para m\u00e1s informaci\u00f3n: <span style=\"color: #000080;\"><a style=\"color: #000080;\" href=\"http:\/\/www.opds.gba.gov.ar\/contenido\/ParticipacionCiudadanaHome\" target=\"_blank\" rel=\"noopener\">http:\/\/www.opds.gba.gov.ar\/contenido\/ParticipacionCiudadanaHome<\/a><\/span><\/p>\n","protected":false},"excerpt":{"rendered":"<p>\u25a0 Est\u00e1 abierta la instancia de participaci\u00f3n ciudadana para la obra \u00abAdecuaci\u00f3n del cauce del Tramo Medio R\u00edo Luj\u00e1n \u2013 Etapa II A (lotes 1, 2, 3 y 4) y Etapa II B (lotes 1 y 2)\u00bb,<\/p>\n","protected":false},"author":16,"featured_media":61311,"comment_status":"open","ping_status":"open","sticky":false,"template":"","format":"standard","meta":{"footnotes":""},"categories":[5754],"tags":[1347,3828,11282,75],"class_list":["post-61309","post","type-post","status-publish","format-standard","has-post-thumbnail","hentry","category-medio-ambiente","tag-ambiente","tag-opds","tag-participacion-ciudadana","tag-rio-lujan"],"yoast_head":"<!-- This site is optimized with the Yoast SEO plugin v27.5 - https:\/\/yoast.com\/product\/yoast-seo-wordpress\/ -->\n<title>Participaci\u00f3n Ciudadana abierta para Luj\u00e1n y Mercedes<\/title>\n<meta name=\"robots\" content=\"index, follow, max-snippet:-1, max-image-preview:large, max-video-preview:-1\" \/>\n<link rel=\"canonical\" href=\"https:\/\/noticiasmercedinas.com\/site\/2021\/02\/10\/participacion-ciudadana-abierta-para-lujan-y-mercedes\/\" \/>\n<meta property=\"og:locale\" content=\"es_ES\" \/>\n<meta property=\"og:type\" content=\"article\" \/>\n<meta property=\"og:title\" content=\"Participaci\u00f3n Ciudadana abierta para Luj\u00e1n y Mercedes\" \/>\n<meta property=\"og:description\" content=\"\u25a0 Est\u00e1 abierta la instancia de participaci\u00f3n ciudadana para la obra &quot;Adecuaci\u00f3n del cauce del Tramo Medio R\u00edo Luj\u00e1n \u2013 Etapa II A (lotes 1, 2, 3 y 4) y Etapa II B (lotes 1 y 2)&quot;,\" \/>\n<meta property=\"og:url\" content=\"https:\/\/noticiasmercedinas.com\/site\/2021\/02\/10\/participacion-ciudadana-abierta-para-lujan-y-mercedes\/\" \/>\n<meta property=\"og:site_name\" content=\"NOTICIASMERCEDINAS.COM\" \/>\n<meta property=\"article:publisher\" content=\"https:\/\/www.facebook.com\/noticiasmercedinas\/\" \/>\n<meta property=\"article:published_time\" content=\"2021-02-10T13:23:58+00:00\" \/>\n<meta property=\"og:image\" content=\"https:\/\/noticiasmercedinas.com\/site\/wp-content\/uploads\/2021\/02\/OPDS_LUJAN-MERCEDES_ParticipacionCiudadana_FEB21_WEB.jpg\" \/>\n\t<meta property=\"og:image:width\" content=\"740\" \/>\n\t<meta property=\"og:image:height\" content=\"510\" \/>\n\t<meta property=\"og:image:type\" content=\"image\/jpeg\" \/>\n<meta name=\"author\" content=\"NOTICIASMERCEDINAS.COM\" \/>\n<meta name=\"twitter:card\" content=\"summary_large_image\" \/>\n<meta name=\"twitter:creator\" content=\"@notmercedinas\" \/>\n<meta name=\"twitter:site\" content=\"@notmercedinas\" \/>\n<meta name=\"twitter:label1\" content=\"Escrito por\" \/>\n\t<meta name=\"twitter:data1\" content=\"NOTICIASMERCEDINAS.COM\" \/>\n\t<meta name=\"twitter:label2\" content=\"Tiempo de lectura\" \/>\n\t<meta name=\"twitter:data2\" content=\"1 minuto\" \/>\n<script type=\"application\/ld+json\" class=\"yoast-schema-graph\">{\"@context\":\"https:\\\/\\\/schema.org\",\"@graph\":[{\"@type\":\"Article\",\"@id\":\"https:\\\/\\\/noticiasmercedinas.com\\\/site\\\/2021\\\/02\\\/10\\\/participacion-ciudadana-abierta-para-lujan-y-mercedes\\\/#article\",\"isPartOf\":{\"@id\":\"https:\\\/\\\/noticiasmercedinas.com\\\/site\\\/2021\\\/02\\\/10\\\/participacion-ciudadana-abierta-para-lujan-y-mercedes\\\/\"},\"author\":{\"name\":\"NOTICIASMERCEDINAS.COM\",\"@id\":\"https:\\\/\\\/noticiasmercedinas.com\\\/site\\\/#\\\/schema\\\/person\\\/84b59c099c28ff2e8b77d4ceec5d8063\"},\"headline\":\"Participaci\u00f3n Ciudadana abierta para Luj\u00e1n y Mercedes\",\"datePublished\":\"2021-02-10T13:23:58+00:00\",\"mainEntityOfPage\":{\"@id\":\"https:\\\/\\\/noticiasmercedinas.com\\\/site\\\/2021\\\/02\\\/10\\\/participacion-ciudadana-abierta-para-lujan-y-mercedes\\\/\"},\"wordCount\":183,\"commentCount\":0,\"publisher\":{\"@id\":\"https:\\\/\\\/noticiasmercedinas.com\\\/site\\\/#organization\"},\"image\":{\"@id\":\"https:\\\/\\\/noticiasmercedinas.com\\\/site\\\/2021\\\/02\\\/10\\\/participacion-ciudadana-abierta-para-lujan-y-mercedes\\\/#primaryimage\"},\"thumbnailUrl\":\"https:\\\/\\\/noticiasmercedinas.com\\\/site\\\/wp-content\\\/uploads\\\/2021\\\/02\\\/OPDS_LUJAN-MERCEDES_ParticipacionCiudadana_FEB21_WEB.jpg\",\"keywords\":[\"ambiente\",\"opds\",\"participacion ciudadana\",\"rio lujan\"],\"articleSection\":[\"Ambiente\"],\"inLanguage\":\"es\",\"potentialAction\":[{\"@type\":\"CommentAction\",\"name\":\"Comment\",\"target\":[\"https:\\\/\\\/noticiasmercedinas.com\\\/site\\\/2021\\\/02\\\/10\\\/participacion-ciudadana-abierta-para-lujan-y-mercedes\\\/#respond\"]}]},{\"@type\":\"WebPage\",\"@id\":\"https:\\\/\\\/noticiasmercedinas.com\\\/site\\\/2021\\\/02\\\/10\\\/participacion-ciudadana-abierta-para-lujan-y-mercedes\\\/\",\"url\":\"https:\\\/\\\/noticiasmercedinas.com\\\/site\\\/2021\\\/02\\\/10\\\/participacion-ciudadana-abierta-para-lujan-y-mercedes\\\/\",\"name\":\"Participaci\u00f3n Ciudadana abierta para Luj\u00e1n y Mercedes\",\"isPartOf\":{\"@id\":\"https:\\\/\\\/noticiasmercedinas.com\\\/site\\\/#website\"},\"primaryImageOfPage\":{\"@id\":\"https:\\\/\\\/noticiasmercedinas.com\\\/site\\\/2021\\\/02\\\/10\\\/participacion-ciudadana-abierta-para-lujan-y-mercedes\\\/#primaryimage\"},\"image\":{\"@id\":\"https:\\\/\\\/noticiasmercedinas.com\\\/site\\\/2021\\\/02\\\/10\\\/participacion-ciudadana-abierta-para-lujan-y-mercedes\\\/#primaryimage\"},\"thumbnailUrl\":\"https:\\\/\\\/noticiasmercedinas.com\\\/site\\\/wp-content\\\/uploads\\\/2021\\\/02\\\/OPDS_LUJAN-MERCEDES_ParticipacionCiudadana_FEB21_WEB.jpg\",\"datePublished\":\"2021-02-10T13:23:58+00:00\",\"breadcrumb\":{\"@id\":\"https:\\\/\\\/noticiasmercedinas.com\\\/site\\\/2021\\\/02\\\/10\\\/participacion-ciudadana-abierta-para-lujan-y-mercedes\\\/#breadcrumb\"},\"inLanguage\":\"es\",\"potentialAction\":[{\"@type\":\"ReadAction\",\"target\":[\"https:\\\/\\\/noticiasmercedinas.com\\\/site\\\/2021\\\/02\\\/10\\\/participacion-ciudadana-abierta-para-lujan-y-mercedes\\\/\"]}]},{\"@type\":\"ImageObject\",\"inLanguage\":\"es\",\"@id\":\"https:\\\/\\\/noticiasmercedinas.com\\\/site\\\/2021\\\/02\\\/10\\\/participacion-ciudadana-abierta-para-lujan-y-mercedes\\\/#primaryimage\",\"url\":\"https:\\\/\\\/noticiasmercedinas.com\\\/site\\\/wp-content\\\/uploads\\\/2021\\\/02\\\/OPDS_LUJAN-MERCEDES_ParticipacionCiudadana_FEB21_WEB.jpg\",\"contentUrl\":\"https:\\\/\\\/noticiasmercedinas.com\\\/site\\\/wp-content\\\/uploads\\\/2021\\\/02\\\/OPDS_LUJAN-MERCEDES_ParticipacionCiudadana_FEB21_WEB.jpg\",\"width\":740,\"height\":510},{\"@type\":\"BreadcrumbList\",\"@id\":\"https:\\\/\\\/noticiasmercedinas.com\\\/site\\\/2021\\\/02\\\/10\\\/participacion-ciudadana-abierta-para-lujan-y-mercedes\\\/#breadcrumb\",\"itemListElement\":[{\"@type\":\"ListItem\",\"position\":1,\"name\":\"Portada\",\"item\":\"https:\\\/\\\/noticiasmercedinas.com\\\/site\\\/\"},{\"@type\":\"ListItem\",\"position\":2,\"name\":\"Participaci\u00f3n Ciudadana abierta para Luj\u00e1n y Mercedes\"}]},{\"@type\":\"WebSite\",\"@id\":\"https:\\\/\\\/noticiasmercedinas.com\\\/site\\\/#website\",\"url\":\"https:\\\/\\\/noticiasmercedinas.com\\\/site\\\/\",\"name\":\"NOTICIASMERCEDINAS.COM\",\"description\":\"Mercedes, Buenos Aires, Argentina\",\"publisher\":{\"@id\":\"https:\\\/\\\/noticiasmercedinas.com\\\/site\\\/#organization\"},\"potentialAction\":[{\"@type\":\"SearchAction\",\"target\":{\"@type\":\"EntryPoint\",\"urlTemplate\":\"https:\\\/\\\/noticiasmercedinas.com\\\/site\\\/?s={search_term_string}\"},\"query-input\":{\"@type\":\"PropertyValueSpecification\",\"valueRequired\":true,\"valueName\":\"search_term_string\"}}],\"inLanguage\":\"es\"},{\"@type\":\"Organization\",\"@id\":\"https:\\\/\\\/noticiasmercedinas.com\\\/site\\\/#organization\",\"name\":\"NOTICIASMERCEDINAS.COM\",\"url\":\"https:\\\/\\\/noticiasmercedinas.com\\\/site\\\/\",\"logo\":{\"@type\":\"ImageObject\",\"inLanguage\":\"es\",\"@id\":\"https:\\\/\\\/noticiasmercedinas.com\\\/site\\\/#\\\/schema\\\/logo\\\/image\\\/\",\"url\":\"https:\\\/\\\/noticiasmercedinas.com\\\/site\\\/wp-content\\\/uploads\\\/2020\\\/06\\\/LOGO-512.jpg\",\"contentUrl\":\"https:\\\/\\\/noticiasmercedinas.com\\\/site\\\/wp-content\\\/uploads\\\/2020\\\/06\\\/LOGO-512.jpg\",\"width\":512,\"height\":512,\"caption\":\"NOTICIASMERCEDINAS.COM\"},\"image\":{\"@id\":\"https:\\\/\\\/noticiasmercedinas.com\\\/site\\\/#\\\/schema\\\/logo\\\/image\\\/\"},\"sameAs\":[\"https:\\\/\\\/www.facebook.com\\\/noticiasmercedinas\\\/\",\"https:\\\/\\\/x.com\\\/notmercedinas\",\"https:\\\/\\\/www.instagram.com\\\/noticiasmercedinas\\\/\"]},{\"@type\":\"Person\",\"@id\":\"https:\\\/\\\/noticiasmercedinas.com\\\/site\\\/#\\\/schema\\\/person\\\/84b59c099c28ff2e8b77d4ceec5d8063\",\"name\":\"NOTICIASMERCEDINAS.COM\",\"image\":{\"@type\":\"ImageObject\",\"inLanguage\":\"es\",\"@id\":\"https:\\\/\\\/secure.gravatar.com\\\/avatar\\\/4dfbf16b4d17945bfb6341b2d19043457132fcf478a5ee04f42e959fd8f5df0a?s=96&d=mm&r=g\",\"url\":\"https:\\\/\\\/secure.gravatar.com\\\/avatar\\\/4dfbf16b4d17945bfb6341b2d19043457132fcf478a5ee04f42e959fd8f5df0a?s=96&d=mm&r=g\",\"contentUrl\":\"https:\\\/\\\/secure.gravatar.com\\\/avatar\\\/4dfbf16b4d17945bfb6341b2d19043457132fcf478a5ee04f42e959fd8f5df0a?s=96&d=mm&r=g\",\"caption\":\"NOTICIASMERCEDINAS.COM\"},\"url\":\"https:\\\/\\\/noticiasmercedinas.com\\\/site\\\/author\\\/anonimo\\\/\"}]}<\/script>\n<!-- \/ Yoast SEO plugin. -->","yoast_head_json":{"title":"Participaci\u00f3n Ciudadana abierta para Luj\u00e1n y Mercedes","robots":{"index":"index","follow":"follow","max-snippet":"max-snippet:-1","max-image-preview":"max-image-preview:large","max-video-preview":"max-video-preview:-1"},"canonical":"https:\/\/noticiasmercedinas.com\/site\/2021\/02\/10\/participacion-ciudadana-abierta-para-lujan-y-mercedes\/","og_locale":"es_ES","og_type":"article","og_title":"Participaci\u00f3n Ciudadana abierta para Luj\u00e1n y Mercedes","og_description":"\u25a0 Est\u00e1 abierta la instancia de participaci\u00f3n ciudadana para la obra \"Adecuaci\u00f3n del cauce del Tramo Medio R\u00edo Luj\u00e1n \u2013 Etapa II A (lotes 1, 2, 3 y 4) y Etapa II B (lotes 1 y 2)\",","og_url":"https:\/\/noticiasmercedinas.com\/site\/2021\/02\/10\/participacion-ciudadana-abierta-para-lujan-y-mercedes\/","og_site_name":"NOTICIASMERCEDINAS.COM","article_publisher":"https:\/\/www.facebook.com\/noticiasmercedinas\/","article_published_time":"2021-02-10T13:23:58+00:00","og_image":[{"width":740,"height":510,"url":"https:\/\/noticiasmercedinas.com\/site\/wp-content\/uploads\/2021\/02\/OPDS_LUJAN-MERCEDES_ParticipacionCiudadana_FEB21_WEB.jpg","type":"image\/jpeg"}],"author":"NOTICIASMERCEDINAS.COM","twitter_card":"summary_large_image","twitter_creator":"@notmercedinas","twitter_site":"@notmercedinas","twitter_misc":{"Escrito por":"NOTICIASMERCEDINAS.COM","Tiempo de lectura":"1 minuto"},"schema":{"@context":"https:\/\/schema.org","@graph":[{"@type":"Article","@id":"https:\/\/noticiasmercedinas.com\/site\/2021\/02\/10\/participacion-ciudadana-abierta-para-lujan-y-mercedes\/#article","isPartOf":{"@id":"https:\/\/noticiasmercedinas.com\/site\/2021\/02\/10\/participacion-ciudadana-abierta-para-lujan-y-mercedes\/"},"author":{"name":"NOTICIASMERCEDINAS.COM","@id":"https:\/\/noticiasmercedinas.com\/site\/#\/schema\/person\/84b59c099c28ff2e8b77d4ceec5d8063"},"headline":"Participaci\u00f3n Ciudadana abierta para Luj\u00e1n y Mercedes","datePublished":"2021-02-10T13:23:58+00:00","mainEntityOfPage":{"@id":"https:\/\/noticiasmercedinas.com\/site\/2021\/02\/10\/participacion-ciudadana-abierta-para-lujan-y-mercedes\/"},"wordCount":183,"commentCount":0,"publisher":{"@id":"https:\/\/noticiasmercedinas.com\/site\/#organization"},"image":{"@id":"https:\/\/noticiasmercedinas.com\/site\/2021\/02\/10\/participacion-ciudadana-abierta-para-lujan-y-mercedes\/#primaryimage"},"thumbnailUrl":"https:\/\/noticiasmercedinas.com\/site\/wp-content\/uploads\/2021\/02\/OPDS_LUJAN-MERCEDES_ParticipacionCiudadana_FEB21_WEB.jpg","keywords":["ambiente","opds","participacion ciudadana","rio lujan"],"articleSection":["Ambiente"],"inLanguage":"es","potentialAction":[{"@type":"CommentAction","name":"Comment","target":["https:\/\/noticiasmercedinas.com\/site\/2021\/02\/10\/participacion-ciudadana-abierta-para-lujan-y-mercedes\/#respond"]}]},{"@type":"WebPage","@id":"https:\/\/noticiasmercedinas.com\/site\/2021\/02\/10\/participacion-ciudadana-abierta-para-lujan-y-mercedes\/","url":"https:\/\/noticiasmercedinas.com\/site\/2021\/02\/10\/participacion-ciudadana-abierta-para-lujan-y-mercedes\/","name":"Participaci\u00f3n Ciudadana abierta para Luj\u00e1n y Mercedes","isPartOf":{"@id":"https:\/\/noticiasmercedinas.com\/site\/#website"},"primaryImageOfPage":{"@id":"https:\/\/noticiasmercedinas.com\/site\/2021\/02\/10\/participacion-ciudadana-abierta-para-lujan-y-mercedes\/#primaryimage"},"image":{"@id":"https:\/\/noticiasmercedinas.com\/site\/2021\/02\/10\/participacion-ciudadana-abierta-para-lujan-y-mercedes\/#primaryimage"},"thumbnailUrl":"https:\/\/noticiasmercedinas.com\/site\/wp-content\/uploads\/2021\/02\/OPDS_LUJAN-MERCEDES_ParticipacionCiudadana_FEB21_WEB.jpg","datePublished":"2021-02-10T13:23:58+00:00","breadcrumb":{"@id":"https:\/\/noticiasmercedinas.com\/site\/2021\/02\/10\/participacion-ciudadana-abierta-para-lujan-y-mercedes\/#breadcrumb"},"inLanguage":"es","potentialAction":[{"@type":"ReadAction","target":["https:\/\/noticiasmercedinas.com\/site\/2021\/02\/10\/participacion-ciudadana-abierta-para-lujan-y-mercedes\/"]}]},{"@type":"ImageObject","inLanguage":"es","@id":"https:\/\/noticiasmercedinas.com\/site\/2021\/02\/10\/participacion-ciudadana-abierta-para-lujan-y-mercedes\/#primaryimage","url":"https:\/\/noticiasmercedinas.com\/site\/wp-content\/uploads\/2021\/02\/OPDS_LUJAN-MERCEDES_ParticipacionCiudadana_FEB21_WEB.jpg","contentUrl":"https:\/\/noticiasmercedinas.com\/site\/wp-content\/uploads\/2021\/02\/OPDS_LUJAN-MERCEDES_ParticipacionCiudadana_FEB21_WEB.jpg","width":740,"height":510},{"@type":"BreadcrumbList","@id":"https:\/\/noticiasmercedinas.com\/site\/2021\/02\/10\/participacion-ciudadana-abierta-para-lujan-y-mercedes\/#breadcrumb","itemListElement":[{"@type":"ListItem","position":1,"name":"Portada","item":"https:\/\/noticiasmercedinas.com\/site\/"},{"@type":"ListItem","position":2,"name":"Participaci\u00f3n Ciudadana abierta para Luj\u00e1n y Mercedes"}]},{"@type":"WebSite","@id":"https:\/\/noticiasmercedinas.com\/site\/#website","url":"https:\/\/noticiasmercedinas.com\/site\/","name":"NOTICIASMERCEDINAS.COM","description":"Mercedes, Buenos Aires, Argentina","publisher":{"@id":"https:\/\/noticiasmercedinas.com\/site\/#organization"},"potentialAction":[{"@type":"SearchAction","target":{"@type":"EntryPoint","urlTemplate":"https:\/\/noticiasmercedinas.com\/site\/?s={search_term_string}"},"query-input":{"@type":"PropertyValueSpecification","valueRequired":true,"valueName":"search_term_string"}}],"inLanguage":"es"},{"@type":"Organization","@id":"https:\/\/noticiasmercedinas.com\/site\/#organization","name":"NOTICIASMERCEDINAS.COM","url":"https:\/\/noticiasmercedinas.com\/site\/","logo":{"@type":"ImageObject","inLanguage":"es","@id":"https:\/\/noticiasmercedinas.com\/site\/#\/schema\/logo\/image\/","url":"https:\/\/noticiasmercedinas.com\/site\/wp-content\/uploads\/2020\/06\/LOGO-512.jpg","contentUrl":"https:\/\/noticiasmercedinas.com\/site\/wp-content\/uploads\/2020\/06\/LOGO-512.jpg","width":512,"height":512,"caption":"NOTICIASMERCEDINAS.COM"},"image":{"@id":"https:\/\/noticiasmercedinas.com\/site\/#\/schema\/logo\/image\/"},"sameAs":["https:\/\/www.facebook.com\/noticiasmercedinas\/","https:\/\/x.com\/notmercedinas","https:\/\/www.instagram.com\/noticiasmercedinas\/"]},{"@type":"Person","@id":"https:\/\/noticiasmercedinas.com\/site\/#\/schema\/person\/84b59c099c28ff2e8b77d4ceec5d8063","name":"NOTICIASMERCEDINAS.COM","image":{"@type":"ImageObject","inLanguage":"es","@id":"https:\/\/secure.gravatar.com\/avatar\/4dfbf16b4d17945bfb6341b2d19043457132fcf478a5ee04f42e959fd8f5df0a?s=96&d=mm&r=g","url":"https:\/\/secure.gravatar.com\/avatar\/4dfbf16b4d17945bfb6341b2d19043457132fcf478a5ee04f42e959fd8f5df0a?s=96&d=mm&r=g","contentUrl":"https:\/\/secure.gravatar.com\/avatar\/4dfbf16b4d17945bfb6341b2d19043457132fcf478a5ee04f42e959fd8f5df0a?s=96&d=mm&r=g","caption":"NOTICIASMERCEDINAS.COM"},"url":"https:\/\/noticiasmercedinas.com\/site\/author\/anonimo\/"}]}},"amp_enabled":true,"_links":{"self":[{"href":"https:\/\/noticiasmercedinas.com\/site\/wp-json\/wp\/v2\/posts\/61309","targetHints":{"allow":["GET"]}}],"collection":[{"href":"https:\/\/noticiasmercedinas.com\/site\/wp-json\/wp\/v2\/posts"}],"about":[{"href":"https:\/\/noticiasmercedinas.com\/site\/wp-json\/wp\/v2\/types\/post"}],"author":[{"embeddable":true,"href":"https:\/\/noticiasmercedinas.com\/site\/wp-json\/wp\/v2\/users\/16"}],"replies":[{"embeddable":true,"href":"https:\/\/noticiasmercedinas.com\/site\/wp-json\/wp\/v2\/comments?post=61309"}],"version-history":[{"count":1,"href":"https:\/\/noticiasmercedinas.com\/site\/wp-json\/wp\/v2\/posts\/61309\/revisions"}],"predecessor-version":[{"id":61312,"href":"https:\/\/noticiasmercedinas.com\/site\/wp-json\/wp\/v2\/posts\/61309\/revisions\/61312"}],"wp:featuredmedia":[{"embeddable":true,"href":"https:\/\/noticiasmercedinas.com\/site\/wp-json\/wp\/v2\/media\/61311"}],"wp:attachment":[{"href":"https:\/\/noticiasmercedinas.com\/site\/wp-json\/wp\/v2\/media?parent=61309"}],"wp:term":[{"taxonomy":"category","embeddable":true,"href":"https:\/\/noticiasmercedinas.com\/site\/wp-json\/wp\/v2\/categories?post=61309"},{"taxonomy":"post_tag","embeddable":true,"href":"https:\/\/noticiasmercedinas.com\/site\/wp-json\/wp\/v2\/tags?post=61309"}],"curies":[{"name":"wp","href":"https:\/\/api.w.org\/{rel}","templated":true}]}}