{"id":61313,"date":"2021-02-10T11:22:21","date_gmt":"2021-02-10T14:22:21","guid":{"rendered":"https:\/\/noticiasmercedinas.com\/site\/?p=61313"},"modified":"2021-02-10T11:38:21","modified_gmt":"2021-02-10T14:38:21","slug":"pagaran-al-blas-dubarry-por-los-servicios-en-ruta-nacional-5","status":"publish","type":"post","link":"https:\/\/noticiasmercedinas.com\/site\/2021\/02\/10\/pagaran-al-blas-dubarry-por-los-servicios-en-ruta-nacional-5\/","title":{"rendered":"Pagar\u00e1n al Blas Dubarry por los servicios en ruta nacional 5"},"content":{"rendered":"<p><img loading=\"lazy\" decoding=\"async\" class=\"alignnone size-full wp-image-61315\" src=\"https:\/\/noticiasmercedinas.com\/site\/wp-content\/uploads\/2021\/02\/DSC04205.jpg\" alt=\"\" width=\"640\" height=\"360\" srcset=\"https:\/\/noticiasmercedinas.com\/site\/wp-content\/uploads\/2021\/02\/DSC04205.jpg 640w, https:\/\/noticiasmercedinas.com\/site\/wp-content\/uploads\/2021\/02\/DSC04205-300x169.jpg 300w\" sizes=\"auto, (max-width: 640px) 100vw, 640px\" \/><\/p>\n<p>Este mi\u00e9rcoles por la ma\u00f1ana en el despacho del intendente <strong>Juan Ignacio Ustarroz<\/strong> se firm\u00f3 un convenio que beneficiar\u00e1 al Hospital Dubarry ya que fue reconocido su trabajo por <strong>Gonzalo Atanasof<\/strong>, presidente de la empresa <strong><a href=\"https:\/\/corredoresvialessa.com.ar\" target=\"_blank\" rel=\"noopener\"><span style=\"color: #000080;\">Corredores Viales<\/span><\/a><\/strong>, que se hizo presente en la ciudad. El objetivo es darle asistencia en ruta desde el Hospital a los usuarios de la zona que lo requieran, por accidentes en el tramo de incumbencia.<\/p>\n<p>La firma del convenio se llev\u00f3 a cabo en la Municipalidad junto al director del Hospital Blas L. Dubarry, <strong>Pablo Cassiani<\/strong>, y el presidente de la Cooperadora, <strong>Carlos Milhomme<\/strong>.<\/p>\n<p>En di\u00e1logo con este medio, y tras la firma del convenio en Mercedes, Gonzalo Atanasof se explay\u00f3 sobre el \u00aborigen\u00bb de Corredores Viales, una empresa estatal que nace a partir de la rescisi\u00f3n de los contratos de participaci\u00f3n p\u00fablico privada que surgieron en la gesti\u00f3n anterior.<\/p>\n<p>\u201cCorredores Viales es una empresa p\u00fablica que ha tomado mucho protagonismo por iniciativa y decisi\u00f3n de <strong>Alberto Fern\u00e1ndez<\/strong> y el ministro <strong>Gabriel Katopodis<\/strong>. Opera 7000 km de rutas nacionales. En los 4 a\u00f1os del gobierno anterior, la ruta 5 estaba bajo el r\u00e9gimen de PPP con concesiones privadas, pero estas fueron un fracaso estrepitoso y se tom\u00f3 la decisi\u00f3n de resolver esos contratos y que las rutas nacionales pasen a la empresa estatal Corredores Viales\u201d, explic\u00f3.<\/p>\n<p>\u201cLo primero que hicimos fue recuperar el v\u00ednculo con los hospitales municipales que asisten a los accidentes de tr\u00e1nsito que se generan en rutas, algo que hab\u00eda sido dejado de lado y estaban eximidas las concesiones de la responsabilidad con los accidentes y deb\u00eda socorrer el municipio. Pero nosotros entend\u00edamos que esto no ten\u00eda que ser as\u00ed y que hay que valorar el trabajo de los hospitales en accidentes y debe tener una contraprestaci\u00f3n\u201d, coment\u00f3 Atanasof y en ese sentido es que hoy firmaron el reconocimiento al hospital p\u00fablico Blas Dubarry por la asistencia que hace en la ruta nacional.<\/p>\n<blockquote><p>\u00abLo primero que hicimos fue recuperar el v\u00ednculo con los hospitales municipales que asisten a los accidentes de tr\u00e1nsito que se generan en rutas, algo que hab\u00eda sido dejado de lado y estaban eximidas las concesiones de la responsabilidad con los accidentes y deb\u00eda socorrer el municipio. Pero nosotros entend\u00edamos que esto no ten\u00eda que ser as\u00ed\u00bb<\/p><\/blockquote>\n<p>\u201cSe trata de un convenio que venimos desarrollando con diferentes hospitales p\u00fablicos en los 7 mil kil\u00f3metros de rutas y en las distintas ciudades que bridan servicio. Lo beneficia econ\u00f3micamente porque la concesi\u00f3n publica le reconoce su trabajo, se paga por servicio que realiza, algo que antes no exist\u00eda\u201d, aclar\u00f3 el presidente de Corredores Viales sobre los alcances y el beneficio para el Blas Dubarry.<\/p>\n<p><img loading=\"lazy\" decoding=\"async\" class=\"alignnone size-full wp-image-61314\" src=\"https:\/\/noticiasmercedinas.com\/site\/wp-content\/uploads\/2021\/02\/DSC04215-1.jpg\" alt=\"\" width=\"640\" height=\"360\" srcset=\"https:\/\/noticiasmercedinas.com\/site\/wp-content\/uploads\/2021\/02\/DSC04215-1.jpg 640w, https:\/\/noticiasmercedinas.com\/site\/wp-content\/uploads\/2021\/02\/DSC04215-1-300x169.jpg 300w\" sizes=\"auto, (max-width: 640px) 100vw, 640px\" \/><\/p>\n<p>Consultado en cuanto al presente y el futuro de la empresa que preside, Atanasof coment\u00f3: \u201cEl desaf\u00edo es muy grande, es enorme, son muchos kil\u00f3metros de rutas nacionales. Estamos recuperando el patrimonio de los argentinos, esta es la empresa p\u00fablica que gestiona, administra y conserva. Gran parte del objetivo est\u00e1 cumplido con esta tarea. Pero hemos recibido cosas en deterioro en algunos corredores y se necesita intervenci\u00f3n, por ello estamos planificando mantenimiento, conservaci\u00f3n, iluminaci\u00f3n y seguridad vial, radarizaci\u00f3n, colocaci\u00f3n y arreglos de balanzas de control de carga y otros elementos. El plan es auspicioso y pretendemos cumplirlo paso a paso. El 2020 fue muy dif\u00edcil y esta actividad no escap\u00f3 a esa situaci\u00f3n. Funcionamos con el 50 por ciento del tr\u00e1nsito, con lo cual es muy complejo operar. Pero se sentaron las bases y condiciones para el despegue de la empresa\u201d.<\/p>\n<p>En cuanto a lo que pudo charlar con el intendente y el director del Hospital, concedi\u00f3 que les reconoci\u00f3 el trabajo que lleva adelante el Hospital durante la pandemia: \u201cHablamos del rol esencial que tuvieron en la vida de los argentinos. Ellos estuvieron en la trinchera, los m\u00e9dicos, enfermeros y equipos de salud. La idea es ver c\u00f3mo podemos ir coordinando trabajos y articulando lo que llevamos adelante sobre la ruta en la zona de Mercedes. El intendente est\u00e1 interesado en forestar en la zona, y hoy estuvimos conversando sobre eso\u201d, dijo Gonzalo Atanasof tras la firma del convenio que fue en el despacho comunal. \u201cQuedamos en contacto permanente por los temas que hacen a nuestro trabajo\u201d, complet\u00f3 el presidente de esta empresa que se encarga de mantener las rutas nacionales en forma transitable, sin baches, con pasto cortado e iluminadas, mientras que es Vialidad Nacional el organismo que se encarga de las obras.<\/p>\n<p><strong>\u00abEra una prioridad\u00bb<br \/>\n<\/strong>Por \u00faltimo, el director del Hospital Blas Dubarry, doctor Pablo Cassiani, valor\u00f3 positivamente el convenio firmado.<\/p>\n<p>\u00abHace unos a\u00f1os, cuando sali\u00f3 la concesi\u00f3n para las famosas PPP, en la letra chica del contrato, quitaron la responsabilidad sobre la atenci\u00f3n de la accidentolog\u00eda vial. En su momento dije que era una prioridad trabajar sobre este tema. Llev\u00f3 tiempo pero logramos que la Cooperadora del Hospital sea reconocida por el trabajo que se hace sobre la ruta en cada accidente\u00bb, dijo Cassiani.<\/p>\n<p>\u00abEste apoyo genera solvencia y sustentabilidad\u00bb, remarc\u00f3 el profesional, consultado por este medio, tras la firma del convenio.<\/p>\n","protected":false},"excerpt":{"rendered":"<p>\u25a0\u00a0Gonzalo Atanasof, presidente de Corredores Viales, se reuni\u00f3 con el intendente y firm\u00f3 un convenio de colaboraci\u00f3n con el Hospital. \u201cHay que valorar el trabajo de los hospitales en accidentes\u201d, coment\u00f3.<\/p>\n","protected":false},"author":2,"featured_media":61315,"comment_status":"open","ping_status":"open","sticky":false,"template":"","format":"standard","meta":{"footnotes":""},"categories":[3],"tags":[435,186,551,1314,1511,11284,5728,11283,3922,266,144,2922,665],"class_list":["post-61313","post","type-post","status-publish","format-standard","has-post-thumbnail","hentry","category-sociedad","tag-accidentes","tag-accidentes-viales","tag-alberto-fernandez","tag-autopista-5","tag-carlos-milhomme","tag-corredores-viales","tag-gabriel-katopodis","tag-gonzalo-atanasof","tag-hospital-blas-dubarry","tag-juan-ignacio-ustarroz","tag-pablo-cassiani","tag-ppp","tag-ruta-5"],"yoast_head":"<!-- This site is optimized with the Yoast SEO plugin v27.4 - https:\/\/yoast.com\/product\/yoast-seo-wordpress\/ -->\n<title>Pagar\u00e1n al Blas Dubarry por los servicios en ruta nacional 5<\/title>\n<meta name=\"robots\" content=\"index, follow, max-snippet:-1, max-image-preview:large, max-video-preview:-1\" \/>\n<link rel=\"canonical\" href=\"https:\/\/noticiasmercedinas.com\/site\/2021\/02\/10\/pagaran-al-blas-dubarry-por-los-servicios-en-ruta-nacional-5\/\" \/>\n<meta property=\"og:locale\" content=\"es_ES\" \/>\n<meta property=\"og:type\" content=\"article\" \/>\n<meta property=\"og:title\" content=\"Pagar\u00e1n al Blas Dubarry por los servicios en ruta nacional 5\" \/>\n<meta property=\"og:description\" content=\"\u25a0\u00a0Gonzalo Atanasof, presidente de Corredores Viales, se reuni\u00f3 con el intendente y firm\u00f3 un convenio de colaboraci\u00f3n con el Hospital. \u201cHay que valorar el trabajo de los hospitales en accidentes\u201d, coment\u00f3.\" \/>\n<meta property=\"og:url\" content=\"https:\/\/noticiasmercedinas.com\/site\/2021\/02\/10\/pagaran-al-blas-dubarry-por-los-servicios-en-ruta-nacional-5\/\" \/>\n<meta property=\"og:site_name\" content=\"NOTICIASMERCEDINAS.COM\" \/>\n<meta property=\"article:publisher\" content=\"https:\/\/www.facebook.com\/noticiasmercedinas\/\" \/>\n<meta property=\"article:author\" content=\"https:\/\/www.facebook.com\/cristian.falabella\" \/>\n<meta property=\"article:published_time\" content=\"2021-02-10T14:22:21+00:00\" \/>\n<meta property=\"article:modified_time\" content=\"2021-02-10T14:38:21+00:00\" \/>\n<meta property=\"og:image\" content=\"https:\/\/noticiasmercedinas.com\/site\/wp-content\/uploads\/2021\/02\/DSC04205.jpg\" \/>\n\t<meta property=\"og:image:width\" content=\"640\" \/>\n\t<meta property=\"og:image:height\" content=\"360\" \/>\n\t<meta property=\"og:image:type\" content=\"image\/jpeg\" \/>\n<meta name=\"author\" content=\"Cristian Falabella NOTICIASMERCEDINAS.COM\" \/>\n<meta name=\"twitter:card\" content=\"summary_large_image\" \/>\n<meta name=\"twitter:creator\" content=\"@https:\/\/twitter.com\/NOTMERCEDINAS\" \/>\n<meta name=\"twitter:site\" content=\"@notmercedinas\" \/>\n<meta name=\"twitter:label1\" content=\"Escrito por\" \/>\n\t<meta name=\"twitter:data1\" content=\"Cristian Falabella NOTICIASMERCEDINAS.COM\" \/>\n\t<meta name=\"twitter:label2\" content=\"Tiempo de lectura\" \/>\n\t<meta name=\"twitter:data2\" content=\"5 minutos\" \/>\n<script type=\"application\/ld+json\" class=\"yoast-schema-graph\">{\"@context\":\"https:\\\/\\\/schema.org\",\"@graph\":[{\"@type\":\"Article\",\"@id\":\"https:\\\/\\\/noticiasmercedinas.com\\\/site\\\/2021\\\/02\\\/10\\\/pagaran-al-blas-dubarry-por-los-servicios-en-ruta-nacional-5\\\/#article\",\"isPartOf\":{\"@id\":\"https:\\\/\\\/noticiasmercedinas.com\\\/site\\\/2021\\\/02\\\/10\\\/pagaran-al-blas-dubarry-por-los-servicios-en-ruta-nacional-5\\\/\"},\"author\":{\"name\":\"Cristian Falabella NOTICIASMERCEDINAS.COM\",\"@id\":\"https:\\\/\\\/noticiasmercedinas.com\\\/site\\\/#\\\/schema\\\/person\\\/d481a9696a5feaec13a60e2bbd991a6a\"},\"headline\":\"Pagar\u00e1n al Blas Dubarry por los servicios en ruta nacional 5\",\"datePublished\":\"2021-02-10T14:22:21+00:00\",\"dateModified\":\"2021-02-10T14:38:21+00:00\",\"mainEntityOfPage\":{\"@id\":\"https:\\\/\\\/noticiasmercedinas.com\\\/site\\\/2021\\\/02\\\/10\\\/pagaran-al-blas-dubarry-por-los-servicios-en-ruta-nacional-5\\\/\"},\"wordCount\":893,\"commentCount\":0,\"publisher\":{\"@id\":\"https:\\\/\\\/noticiasmercedinas.com\\\/site\\\/#organization\"},\"image\":{\"@id\":\"https:\\\/\\\/noticiasmercedinas.com\\\/site\\\/2021\\\/02\\\/10\\\/pagaran-al-blas-dubarry-por-los-servicios-en-ruta-nacional-5\\\/#primaryimage\"},\"thumbnailUrl\":\"https:\\\/\\\/noticiasmercedinas.com\\\/site\\\/wp-content\\\/uploads\\\/2021\\\/02\\\/DSC04205.jpg\",\"keywords\":[\"accidentes\",\"accidentes viales\",\"Alberto Fern\u00e1ndez\",\"autopista 5\",\"carlos milhomme\",\"corredores viales\",\"Gabriel katopodis\",\"Gonzalo Atanasof\",\"Hospital Blas Dubarry\",\"juan ignacio ustarroz\",\"pablo cassiani\",\"ppp\",\"ruta 5\"],\"articleSection\":[\"Sociedad\"],\"inLanguage\":\"es\",\"potentialAction\":[{\"@type\":\"CommentAction\",\"name\":\"Comment\",\"target\":[\"https:\\\/\\\/noticiasmercedinas.com\\\/site\\\/2021\\\/02\\\/10\\\/pagaran-al-blas-dubarry-por-los-servicios-en-ruta-nacional-5\\\/#respond\"]}]},{\"@type\":\"WebPage\",\"@id\":\"https:\\\/\\\/noticiasmercedinas.com\\\/site\\\/2021\\\/02\\\/10\\\/pagaran-al-blas-dubarry-por-los-servicios-en-ruta-nacional-5\\\/\",\"url\":\"https:\\\/\\\/noticiasmercedinas.com\\\/site\\\/2021\\\/02\\\/10\\\/pagaran-al-blas-dubarry-por-los-servicios-en-ruta-nacional-5\\\/\",\"name\":\"Pagar\u00e1n al Blas Dubarry por los servicios en ruta nacional 5\",\"isPartOf\":{\"@id\":\"https:\\\/\\\/noticiasmercedinas.com\\\/site\\\/#website\"},\"primaryImageOfPage\":{\"@id\":\"https:\\\/\\\/noticiasmercedinas.com\\\/site\\\/2021\\\/02\\\/10\\\/pagaran-al-blas-dubarry-por-los-servicios-en-ruta-nacional-5\\\/#primaryimage\"},\"image\":{\"@id\":\"https:\\\/\\\/noticiasmercedinas.com\\\/site\\\/2021\\\/02\\\/10\\\/pagaran-al-blas-dubarry-por-los-servicios-en-ruta-nacional-5\\\/#primaryimage\"},\"thumbnailUrl\":\"https:\\\/\\\/noticiasmercedinas.com\\\/site\\\/wp-content\\\/uploads\\\/2021\\\/02\\\/DSC04205.jpg\",\"datePublished\":\"2021-02-10T14:22:21+00:00\",\"dateModified\":\"2021-02-10T14:38:21+00:00\",\"breadcrumb\":{\"@id\":\"https:\\\/\\\/noticiasmercedinas.com\\\/site\\\/2021\\\/02\\\/10\\\/pagaran-al-blas-dubarry-por-los-servicios-en-ruta-nacional-5\\\/#breadcrumb\"},\"inLanguage\":\"es\",\"potentialAction\":[{\"@type\":\"ReadAction\",\"target\":[\"https:\\\/\\\/noticiasmercedinas.com\\\/site\\\/2021\\\/02\\\/10\\\/pagaran-al-blas-dubarry-por-los-servicios-en-ruta-nacional-5\\\/\"]}]},{\"@type\":\"ImageObject\",\"inLanguage\":\"es\",\"@id\":\"https:\\\/\\\/noticiasmercedinas.com\\\/site\\\/2021\\\/02\\\/10\\\/pagaran-al-blas-dubarry-por-los-servicios-en-ruta-nacional-5\\\/#primaryimage\",\"url\":\"https:\\\/\\\/noticiasmercedinas.com\\\/site\\\/wp-content\\\/uploads\\\/2021\\\/02\\\/DSC04205.jpg\",\"contentUrl\":\"https:\\\/\\\/noticiasmercedinas.com\\\/site\\\/wp-content\\\/uploads\\\/2021\\\/02\\\/DSC04205.jpg\",\"width\":640,\"height\":360},{\"@type\":\"BreadcrumbList\",\"@id\":\"https:\\\/\\\/noticiasmercedinas.com\\\/site\\\/2021\\\/02\\\/10\\\/pagaran-al-blas-dubarry-por-los-servicios-en-ruta-nacional-5\\\/#breadcrumb\",\"itemListElement\":[{\"@type\":\"ListItem\",\"position\":1,\"name\":\"Portada\",\"item\":\"https:\\\/\\\/noticiasmercedinas.com\\\/site\\\/\"},{\"@type\":\"ListItem\",\"position\":2,\"name\":\"Pagar\u00e1n al Blas Dubarry por los servicios en ruta nacional 5\"}]},{\"@type\":\"WebSite\",\"@id\":\"https:\\\/\\\/noticiasmercedinas.com\\\/site\\\/#website\",\"url\":\"https:\\\/\\\/noticiasmercedinas.com\\\/site\\\/\",\"name\":\"NOTICIASMERCEDINAS.COM\",\"description\":\"Mercedes, Buenos Aires, Argentina\",\"publisher\":{\"@id\":\"https:\\\/\\\/noticiasmercedinas.com\\\/site\\\/#organization\"},\"potentialAction\":[{\"@type\":\"SearchAction\",\"target\":{\"@type\":\"EntryPoint\",\"urlTemplate\":\"https:\\\/\\\/noticiasmercedinas.com\\\/site\\\/?s={search_term_string}\"},\"query-input\":{\"@type\":\"PropertyValueSpecification\",\"valueRequired\":true,\"valueName\":\"search_term_string\"}}],\"inLanguage\":\"es\"},{\"@type\":\"Organization\",\"@id\":\"https:\\\/\\\/noticiasmercedinas.com\\\/site\\\/#organization\",\"name\":\"NOTICIASMERCEDINAS.COM\",\"url\":\"https:\\\/\\\/noticiasmercedinas.com\\\/site\\\/\",\"logo\":{\"@type\":\"ImageObject\",\"inLanguage\":\"es\",\"@id\":\"https:\\\/\\\/noticiasmercedinas.com\\\/site\\\/#\\\/schema\\\/logo\\\/image\\\/\",\"url\":\"https:\\\/\\\/noticiasmercedinas.com\\\/site\\\/wp-content\\\/uploads\\\/2020\\\/06\\\/LOGO-512.jpg\",\"contentUrl\":\"https:\\\/\\\/noticiasmercedinas.com\\\/site\\\/wp-content\\\/uploads\\\/2020\\\/06\\\/LOGO-512.jpg\",\"width\":512,\"height\":512,\"caption\":\"NOTICIASMERCEDINAS.COM\"},\"image\":{\"@id\":\"https:\\\/\\\/noticiasmercedinas.com\\\/site\\\/#\\\/schema\\\/logo\\\/image\\\/\"},\"sameAs\":[\"https:\\\/\\\/www.facebook.com\\\/noticiasmercedinas\\\/\",\"https:\\\/\\\/x.com\\\/notmercedinas\",\"https:\\\/\\\/www.instagram.com\\\/noticiasmercedinas\\\/\"]},{\"@type\":\"Person\",\"@id\":\"https:\\\/\\\/noticiasmercedinas.com\\\/site\\\/#\\\/schema\\\/person\\\/d481a9696a5feaec13a60e2bbd991a6a\",\"name\":\"Cristian Falabella NOTICIASMERCEDINAS.COM\",\"image\":{\"@type\":\"ImageObject\",\"inLanguage\":\"es\",\"@id\":\"https:\\\/\\\/secure.gravatar.com\\\/avatar\\\/0dbbfc45970cc46bcd0e57766228574ff3511d6eed045b182f536f0f478c1f06?s=96&d=mm&r=g\",\"url\":\"https:\\\/\\\/secure.gravatar.com\\\/avatar\\\/0dbbfc45970cc46bcd0e57766228574ff3511d6eed045b182f536f0f478c1f06?s=96&d=mm&r=g\",\"contentUrl\":\"https:\\\/\\\/secure.gravatar.com\\\/avatar\\\/0dbbfc45970cc46bcd0e57766228574ff3511d6eed045b182f536f0f478c1f06?s=96&d=mm&r=g\",\"caption\":\"Cristian Falabella NOTICIASMERCEDINAS.COM\"},\"description\":\"Periodista, editor de Noticias Mercedinas. Pas\u00f3 por varias redacciones y emprendimientos de prensa, en distintos formatos y \u00e9pocas. Se especializ\u00f3 --y sigue haci\u00e9ndolo-- en comunicaci\u00f3n en la web y en junio de 2006 fund\u00f3 este diario digital.\",\"sameAs\":[\"https:\\\/\\\/noticiasmercedinas.com\",\"https:\\\/\\\/www.facebook.com\\\/cristian.falabella\",\"https:\\\/\\\/www.instagram.com\\\/noticiasmercedinas\\\/\",\"https:\\\/\\\/x.com\\\/https:\\\/\\\/twitter.com\\\/NOTMERCEDINAS\"],\"url\":\"https:\\\/\\\/noticiasmercedinas.com\\\/site\\\/author\\\/as000384\\\/\"}]}<\/script>\n<!-- \/ Yoast SEO plugin. -->","yoast_head_json":{"title":"Pagar\u00e1n al Blas Dubarry por los servicios en ruta nacional 5","robots":{"index":"index","follow":"follow","max-snippet":"max-snippet:-1","max-image-preview":"max-image-preview:large","max-video-preview":"max-video-preview:-1"},"canonical":"https:\/\/noticiasmercedinas.com\/site\/2021\/02\/10\/pagaran-al-blas-dubarry-por-los-servicios-en-ruta-nacional-5\/","og_locale":"es_ES","og_type":"article","og_title":"Pagar\u00e1n al Blas Dubarry por los servicios en ruta nacional 5","og_description":"\u25a0\u00a0Gonzalo Atanasof, presidente de Corredores Viales, se reuni\u00f3 con el intendente y firm\u00f3 un convenio de colaboraci\u00f3n con el Hospital. \u201cHay que valorar el trabajo de los hospitales en accidentes\u201d, coment\u00f3.","og_url":"https:\/\/noticiasmercedinas.com\/site\/2021\/02\/10\/pagaran-al-blas-dubarry-por-los-servicios-en-ruta-nacional-5\/","og_site_name":"NOTICIASMERCEDINAS.COM","article_publisher":"https:\/\/www.facebook.com\/noticiasmercedinas\/","article_author":"https:\/\/www.facebook.com\/cristian.falabella","article_published_time":"2021-02-10T14:22:21+00:00","article_modified_time":"2021-02-10T14:38:21+00:00","og_image":[{"width":640,"height":360,"url":"https:\/\/noticiasmercedinas.com\/site\/wp-content\/uploads\/2021\/02\/DSC04205.jpg","type":"image\/jpeg"}],"author":"Cristian Falabella NOTICIASMERCEDINAS.COM","twitter_card":"summary_large_image","twitter_creator":"@https:\/\/twitter.com\/NOTMERCEDINAS","twitter_site":"@notmercedinas","twitter_misc":{"Escrito por":"Cristian Falabella NOTICIASMERCEDINAS.COM","Tiempo de lectura":"5 minutos"},"schema":{"@context":"https:\/\/schema.org","@graph":[{"@type":"Article","@id":"https:\/\/noticiasmercedinas.com\/site\/2021\/02\/10\/pagaran-al-blas-dubarry-por-los-servicios-en-ruta-nacional-5\/#article","isPartOf":{"@id":"https:\/\/noticiasmercedinas.com\/site\/2021\/02\/10\/pagaran-al-blas-dubarry-por-los-servicios-en-ruta-nacional-5\/"},"author":{"name":"Cristian Falabella NOTICIASMERCEDINAS.COM","@id":"https:\/\/noticiasmercedinas.com\/site\/#\/schema\/person\/d481a9696a5feaec13a60e2bbd991a6a"},"headline":"Pagar\u00e1n al Blas Dubarry por los servicios en ruta nacional 5","datePublished":"2021-02-10T14:22:21+00:00","dateModified":"2021-02-10T14:38:21+00:00","mainEntityOfPage":{"@id":"https:\/\/noticiasmercedinas.com\/site\/2021\/02\/10\/pagaran-al-blas-dubarry-por-los-servicios-en-ruta-nacional-5\/"},"wordCount":893,"commentCount":0,"publisher":{"@id":"https:\/\/noticiasmercedinas.com\/site\/#organization"},"image":{"@id":"https:\/\/noticiasmercedinas.com\/site\/2021\/02\/10\/pagaran-al-blas-dubarry-por-los-servicios-en-ruta-nacional-5\/#primaryimage"},"thumbnailUrl":"https:\/\/noticiasmercedinas.com\/site\/wp-content\/uploads\/2021\/02\/DSC04205.jpg","keywords":["accidentes","accidentes viales","Alberto Fern\u00e1ndez","autopista 5","carlos milhomme","corredores viales","Gabriel katopodis","Gonzalo Atanasof","Hospital Blas Dubarry","juan ignacio ustarroz","pablo cassiani","ppp","ruta 5"],"articleSection":["Sociedad"],"inLanguage":"es","potentialAction":[{"@type":"CommentAction","name":"Comment","target":["https:\/\/noticiasmercedinas.com\/site\/2021\/02\/10\/pagaran-al-blas-dubarry-por-los-servicios-en-ruta-nacional-5\/#respond"]}]},{"@type":"WebPage","@id":"https:\/\/noticiasmercedinas.com\/site\/2021\/02\/10\/pagaran-al-blas-dubarry-por-los-servicios-en-ruta-nacional-5\/","url":"https:\/\/noticiasmercedinas.com\/site\/2021\/02\/10\/pagaran-al-blas-dubarry-por-los-servicios-en-ruta-nacional-5\/","name":"Pagar\u00e1n al Blas Dubarry por los servicios en ruta nacional 5","isPartOf":{"@id":"https:\/\/noticiasmercedinas.com\/site\/#website"},"primaryImageOfPage":{"@id":"https:\/\/noticiasmercedinas.com\/site\/2021\/02\/10\/pagaran-al-blas-dubarry-por-los-servicios-en-ruta-nacional-5\/#primaryimage"},"image":{"@id":"https:\/\/noticiasmercedinas.com\/site\/2021\/02\/10\/pagaran-al-blas-dubarry-por-los-servicios-en-ruta-nacional-5\/#primaryimage"},"thumbnailUrl":"https:\/\/noticiasmercedinas.com\/site\/wp-content\/uploads\/2021\/02\/DSC04205.jpg","datePublished":"2021-02-10T14:22:21+00:00","dateModified":"2021-02-10T14:38:21+00:00","breadcrumb":{"@id":"https:\/\/noticiasmercedinas.com\/site\/2021\/02\/10\/pagaran-al-blas-dubarry-por-los-servicios-en-ruta-nacional-5\/#breadcrumb"},"inLanguage":"es","potentialAction":[{"@type":"ReadAction","target":["https:\/\/noticiasmercedinas.com\/site\/2021\/02\/10\/pagaran-al-blas-dubarry-por-los-servicios-en-ruta-nacional-5\/"]}]},{"@type":"ImageObject","inLanguage":"es","@id":"https:\/\/noticiasmercedinas.com\/site\/2021\/02\/10\/pagaran-al-blas-dubarry-por-los-servicios-en-ruta-nacional-5\/#primaryimage","url":"https:\/\/noticiasmercedinas.com\/site\/wp-content\/uploads\/2021\/02\/DSC04205.jpg","contentUrl":"https:\/\/noticiasmercedinas.com\/site\/wp-content\/uploads\/2021\/02\/DSC04205.jpg","width":640,"height":360},{"@type":"BreadcrumbList","@id":"https:\/\/noticiasmercedinas.com\/site\/2021\/02\/10\/pagaran-al-blas-dubarry-por-los-servicios-en-ruta-nacional-5\/#breadcrumb","itemListElement":[{"@type":"ListItem","position":1,"name":"Portada","item":"https:\/\/noticiasmercedinas.com\/site\/"},{"@type":"ListItem","position":2,"name":"Pagar\u00e1n al Blas Dubarry por los servicios en ruta nacional 5"}]},{"@type":"WebSite","@id":"https:\/\/noticiasmercedinas.com\/site\/#website","url":"https:\/\/noticiasmercedinas.com\/site\/","name":"NOTICIASMERCEDINAS.COM","description":"Mercedes, Buenos Aires, Argentina","publisher":{"@id":"https:\/\/noticiasmercedinas.com\/site\/#organization"},"potentialAction":[{"@type":"SearchAction","target":{"@type":"EntryPoint","urlTemplate":"https:\/\/noticiasmercedinas.com\/site\/?s={search_term_string}"},"query-input":{"@type":"PropertyValueSpecification","valueRequired":true,"valueName":"search_term_string"}}],"inLanguage":"es"},{"@type":"Organization","@id":"https:\/\/noticiasmercedinas.com\/site\/#organization","name":"NOTICIASMERCEDINAS.COM","url":"https:\/\/noticiasmercedinas.com\/site\/","logo":{"@type":"ImageObject","inLanguage":"es","@id":"https:\/\/noticiasmercedinas.com\/site\/#\/schema\/logo\/image\/","url":"https:\/\/noticiasmercedinas.com\/site\/wp-content\/uploads\/2020\/06\/LOGO-512.jpg","contentUrl":"https:\/\/noticiasmercedinas.com\/site\/wp-content\/uploads\/2020\/06\/LOGO-512.jpg","width":512,"height":512,"caption":"NOTICIASMERCEDINAS.COM"},"image":{"@id":"https:\/\/noticiasmercedinas.com\/site\/#\/schema\/logo\/image\/"},"sameAs":["https:\/\/www.facebook.com\/noticiasmercedinas\/","https:\/\/x.com\/notmercedinas","https:\/\/www.instagram.com\/noticiasmercedinas\/"]},{"@type":"Person","@id":"https:\/\/noticiasmercedinas.com\/site\/#\/schema\/person\/d481a9696a5feaec13a60e2bbd991a6a","name":"Cristian Falabella NOTICIASMERCEDINAS.COM","image":{"@type":"ImageObject","inLanguage":"es","@id":"https:\/\/secure.gravatar.com\/avatar\/0dbbfc45970cc46bcd0e57766228574ff3511d6eed045b182f536f0f478c1f06?s=96&d=mm&r=g","url":"https:\/\/secure.gravatar.com\/avatar\/0dbbfc45970cc46bcd0e57766228574ff3511d6eed045b182f536f0f478c1f06?s=96&d=mm&r=g","contentUrl":"https:\/\/secure.gravatar.com\/avatar\/0dbbfc45970cc46bcd0e57766228574ff3511d6eed045b182f536f0f478c1f06?s=96&d=mm&r=g","caption":"Cristian Falabella NOTICIASMERCEDINAS.COM"},"description":"Periodista, editor de Noticias Mercedinas. Pas\u00f3 por varias redacciones y emprendimientos de prensa, en distintos formatos y \u00e9pocas. Se especializ\u00f3 --y sigue haci\u00e9ndolo-- en comunicaci\u00f3n en la web y en junio de 2006 fund\u00f3 este diario digital.","sameAs":["https:\/\/noticiasmercedinas.com","https:\/\/www.facebook.com\/cristian.falabella","https:\/\/www.instagram.com\/noticiasmercedinas\/","https:\/\/x.com\/https:\/\/twitter.com\/NOTMERCEDINAS"],"url":"https:\/\/noticiasmercedinas.com\/site\/author\/as000384\/"}]}},"amp_enabled":true,"_links":{"self":[{"href":"https:\/\/noticiasmercedinas.com\/site\/wp-json\/wp\/v2\/posts\/61313","targetHints":{"allow":["GET"]}}],"collection":[{"href":"https:\/\/noticiasmercedinas.com\/site\/wp-json\/wp\/v2\/posts"}],"about":[{"href":"https:\/\/noticiasmercedinas.com\/site\/wp-json\/wp\/v2\/types\/post"}],"author":[{"embeddable":true,"href":"https:\/\/noticiasmercedinas.com\/site\/wp-json\/wp\/v2\/users\/2"}],"replies":[{"embeddable":true,"href":"https:\/\/noticiasmercedinas.com\/site\/wp-json\/wp\/v2\/comments?post=61313"}],"version-history":[{"count":6,"href":"https:\/\/noticiasmercedinas.com\/site\/wp-json\/wp\/v2\/posts\/61313\/revisions"}],"predecessor-version":[{"id":61321,"href":"https:\/\/noticiasmercedinas.com\/site\/wp-json\/wp\/v2\/posts\/61313\/revisions\/61321"}],"wp:featuredmedia":[{"embeddable":true,"href":"https:\/\/noticiasmercedinas.com\/site\/wp-json\/wp\/v2\/media\/61315"}],"wp:attachment":[{"href":"https:\/\/noticiasmercedinas.com\/site\/wp-json\/wp\/v2\/media?parent=61313"}],"wp:term":[{"taxonomy":"category","embeddable":true,"href":"https:\/\/noticiasmercedinas.com\/site\/wp-json\/wp\/v2\/categories?post=61313"},{"taxonomy":"post_tag","embeddable":true,"href":"https:\/\/noticiasmercedinas.com\/site\/wp-json\/wp\/v2\/tags?post=61313"}],"curies":[{"name":"wp","href":"https:\/\/api.w.org\/{rel}","templated":true}]}}