{"id":61457,"date":"2021-02-13T14:56:09","date_gmt":"2021-02-13T17:56:09","guid":{"rendered":"https:\/\/noticiasmercedinas.com\/site\/?p=61457"},"modified":"2024-09-05T20:57:32","modified_gmt":"2024-09-05T23:57:32","slug":"mesa-sindical-trazo-su-agenda-en-encuentro-de-organizaciones","status":"publish","type":"post","link":"https:\/\/noticiasmercedinas.com\/site\/2021\/02\/13\/mesa-sindical-trazo-su-agenda-en-encuentro-de-organizaciones\/","title":{"rendered":"Mesa Sindical traz\u00f3 su agenda en encuentro de organizaciones"},"content":{"rendered":"<p><a href=\"https:\/\/noticiasmercedinas.com\/site\/wp-content\/uploads\/2021\/02\/Integrantes-de-la-MSM-trazaron-las-acciones-para-este-2021.jpeg\"><img loading=\"lazy\" decoding=\"async\" class=\"alignnone size-full wp-image-61458\" src=\"https:\/\/noticiasmercedinas.com\/site\/wp-content\/uploads\/2021\/02\/Integrantes-de-la-MSM-trazaron-las-acciones-para-este-2021.jpeg\" alt=\"\" width=\"1280\" height=\"679\" srcset=\"https:\/\/noticiasmercedinas.com\/site\/wp-content\/uploads\/2021\/02\/Integrantes-de-la-MSM-trazaron-las-acciones-para-este-2021.jpeg 1280w, https:\/\/noticiasmercedinas.com\/site\/wp-content\/uploads\/2021\/02\/Integrantes-de-la-MSM-trazaron-las-acciones-para-este-2021-300x160.jpeg 300w, https:\/\/noticiasmercedinas.com\/site\/wp-content\/uploads\/2021\/02\/Integrantes-de-la-MSM-trazaron-las-acciones-para-este-2021-1024x543.jpeg 1024w, https:\/\/noticiasmercedinas.com\/site\/wp-content\/uploads\/2021\/02\/Integrantes-de-la-MSM-trazaron-las-acciones-para-este-2021-768x407.jpeg 768w, https:\/\/noticiasmercedinas.com\/site\/wp-content\/uploads\/2021\/02\/Integrantes-de-la-MSM-trazaron-las-acciones-para-este-2021-640x340.jpeg 640w, https:\/\/noticiasmercedinas.com\/site\/wp-content\/uploads\/2021\/02\/Integrantes-de-la-MSM-trazaron-las-acciones-para-este-2021-681x361.jpeg 681w\" sizes=\"auto, (max-width: 1280px) 100vw, 1280px\" \/><\/a><\/p>\n<p>La Mesa Sindical Mercedes traz\u00f3 su agenda de acciones mediante un documento difundido tras un encuentro de representantes gremiales y organizaciones sociales de la Regi\u00f3n en el Sal\u00f3n de \u201cLuz y Fuerza\u201d de calle 28 entre 27 y 29.<\/p>\n<p>En la reuni\u00f3n, realizada el viernes 12 por la tarde, cada sector expres\u00f3 las diferentes circunstancias y realidades que se encuentra atravesando, en cuanto a la situaci\u00f3n econ\u00f3mica, sanitaria y social (ver <a href=\"https:\/\/www.sanchelima.com\/2024\/06\/19\/importance-of-commercial-litigation-in-miami\/\">commercial litigation miami<\/a>)<\/p>\n<p>Luego presentaron un documento de seis puntos que se transcribe a continuaci\u00f3n:<\/p>\n<p><strong>1- Vacunarse es un acto de responsabilidad colectiva<\/strong><\/p>\n<p>Apoyamos la campa\u00f1a de inmunizaci\u00f3n en todo el pa\u00eds, y del mismo modo rechazamos las diferentes maniobras efectuadas por algunos medios de comunicaci\u00f3n con claros fines pol\u00edticos, que desalientan y ponen en duda el rol de profesionales de la salud y organismos de regulaci\u00f3n, en cuanto a la efectividad de la vacuna contra COVID-19. Siendo que hasta la prestigiosa Revista Cient\u00edfica The Lancet, confirm\u00f3 la eficacia de 91,6% de la vacuna Sputnik V, ya que proporcion\u00f3 en la Fase 3 \u00abuna protecci\u00f3n completa contra casos graves\u201d.<\/p>\n<p>Sostenemos que la vacunaci\u00f3n constituye un acto social y solidario. Ya que toda persona que es vacunada, no solo se est\u00e1 protegiendo a s\u00ed mismo sino que tambi\u00e9n a la poblaci\u00f3n en general. Del mismo modo, vemos con necesaria urgencia que se garantice y se logr\u00e9, tal como est\u00e1 planificado, la vacunaci\u00f3n de todas y todos los trabajadores esenciales, quienes estuvieron y est\u00e1n en las primeras l\u00edneas desde un primer momento.<\/p>\n<p><strong>2- Universalidad de la vacuna contra el COVID- 19<\/strong><\/p>\n<p>Exigimos que se garantice la universalidad de la vacuna, ante la existencia de un posible bloqueo de la exportaci\u00f3n de las vacunas autorizado por la UE y distintos controles de exportaci\u00f3n de las mismas que se han efectuado en los \u00faltimos d\u00edas. Todos los habitantes del mundo tienen el mismo derecho, por lo que se debe garantizar un acceso equitativo y sin discriminaci\u00f3n a todos y todas, independientemente de su nacionalidad, su realidad econ\u00f3mica o qui\u00e9nes sean. La solidaridad global es fundamental para salvar vidas.<\/p>\n<p><strong>3- Alentamos medidas de protecci\u00f3n al trabajo y que se potencie la productividad<\/strong><\/p>\n<p>Recordamos que frente a la pandemia, a nivel mundial, salvo excepciones, la crisis afect\u00f3 a muchos gobiernos. Seguimos sosteniendo que la salida es hacia lo econ\u00f3mico y lo social. Por lo que alentamos en que se contin\u00faen con las medidas de protecci\u00f3n al trabajo y se sigan posibilitando herramientas a los fines de potenciar la productividad.<\/p>\n<blockquote><p>\u00abLa salida es hacia lo econ\u00f3mico y lo social, por lo que alentamos que contin\u00faen las mediDas de protecci\u00f3n al trabajo\u00bb.<\/p><\/blockquote>\n<p><strong>4- Revisi\u00f3n del Tope de Indemnizaci\u00f3n<\/strong><\/p>\n<p>Desde nuestro espacio solicitamos que se revea el Tope de Indemnizaci\u00f3n fijado bajo el Decreto 39\/2021, en su art\u00edculo 6\u00b0 el cual establece un tope en el resarcimiento para los despidos injustificados. Lo cual implica en muchos casos pagar por debajo del monto duplicado. Desde la Mesa jam\u00e1s avalaremos medidas que atenten contra los derechos de los y las trabajadoras.<\/p>\n<p><strong>5- Paritarias sin techo<\/strong><\/p>\n<p>Las negociaciones paritarias jam\u00e1s deben estar limitadas. En un proyecto de recuperaci\u00f3n se necesita que los salarios le ganen a la inflaci\u00f3n. En la puja de precios y salarios nosotros entendemos que el salario le debe ganar a la inflaci\u00f3n a los fines de comenzar a recuperar el poder adquisitivo que se vio mermado en os \u00faltimos a\u00f1os.<\/p>\n<p><strong>6- Impuesto al salario \u2013 El salario no es ganancia<\/strong><\/p>\n<p>El salario no puede ser grabado por impuestos a las ganancias. Jam\u00e1s avalaremos impuestos injustos que perjudiquen a los trabajadores. Asimismo, apoyamos toda iniciativa que favorezca a los trabajadores en el camino de la total eliminaci\u00f3n de este impuesto, como el Proyecto de Ley que busca modificar los M\u00ednimos No Imponibles. Instamos a que esta iniciativa no sea un hecho aislado y tenga movilidad permanente.<\/p>\n","protected":false},"excerpt":{"rendered":"<p>\u25a0 El sal\u00f3n de \u201cLuz y Fuerza\u201d reuni\u00f3 a dirigentes sindicales que luego difundieron un documento. Llaman a vacunarse contra el Covid 19 como un acto de responsabilidad colectiva.<\/p>\n","protected":false},"author":16,"featured_media":61458,"comment_status":"open","ping_status":"open","sticky":false,"template":"","format":"standard","meta":{"footnotes":""},"categories":[3],"tags":[1201,522,423,6364],"class_list":["post-61457","post","type-post","status-publish","format-standard","has-post-thumbnail","hentry","category-sociedad","tag-mesa-sindical-mercedes","tag-paritarias","tag-salarios","tag-vacuna"],"yoast_head":"<!-- This site is optimized with the Yoast SEO plugin v27.4 - https:\/\/yoast.com\/product\/yoast-seo-wordpress\/ -->\n<title>Mesa Sindical traz\u00f3 su agenda en encuentro de organizaciones<\/title>\n<meta name=\"robots\" content=\"index, follow, max-snippet:-1, max-image-preview:large, max-video-preview:-1\" \/>\n<link rel=\"canonical\" href=\"https:\/\/noticiasmercedinas.com\/site\/2021\/02\/13\/mesa-sindical-trazo-su-agenda-en-encuentro-de-organizaciones\/\" \/>\n<meta property=\"og:locale\" content=\"es_ES\" \/>\n<meta property=\"og:type\" content=\"article\" \/>\n<meta property=\"og:title\" content=\"Mesa Sindical traz\u00f3 su agenda en encuentro de organizaciones\" \/>\n<meta property=\"og:description\" content=\"\u25a0 El sal\u00f3n de \u201cLuz y Fuerza\u201d reuni\u00f3 a dirigentes sindicales que luego difundieron un documento. Llaman a vacunarse contra el Covid 19 como un acto de responsabilidad colectiva.\" \/>\n<meta property=\"og:url\" content=\"https:\/\/noticiasmercedinas.com\/site\/2021\/02\/13\/mesa-sindical-trazo-su-agenda-en-encuentro-de-organizaciones\/\" \/>\n<meta property=\"og:site_name\" content=\"NOTICIASMERCEDINAS.COM\" \/>\n<meta property=\"article:publisher\" content=\"https:\/\/www.facebook.com\/noticiasmercedinas\/\" \/>\n<meta property=\"article:published_time\" content=\"2021-02-13T17:56:09+00:00\" \/>\n<meta property=\"article:modified_time\" content=\"2024-09-05T23:57:32+00:00\" \/>\n<meta property=\"og:image\" content=\"https:\/\/noticiasmercedinas.com\/site\/wp-content\/uploads\/2021\/02\/Integrantes-de-la-MSM-trazaron-las-acciones-para-este-2021.jpeg\" \/>\n\t<meta property=\"og:image:width\" content=\"1280\" \/>\n\t<meta property=\"og:image:height\" content=\"679\" \/>\n\t<meta property=\"og:image:type\" content=\"image\/jpeg\" \/>\n<meta name=\"author\" content=\"NOTICIASMERCEDINAS.COM\" \/>\n<meta name=\"twitter:card\" content=\"summary_large_image\" \/>\n<meta name=\"twitter:creator\" content=\"@notmercedinas\" \/>\n<meta name=\"twitter:site\" content=\"@notmercedinas\" \/>\n<meta name=\"twitter:label1\" content=\"Escrito por\" \/>\n\t<meta name=\"twitter:data1\" content=\"NOTICIASMERCEDINAS.COM\" \/>\n\t<meta name=\"twitter:label2\" content=\"Tiempo de lectura\" \/>\n\t<meta name=\"twitter:data2\" content=\"3 minutos\" \/>\n<script type=\"application\/ld+json\" class=\"yoast-schema-graph\">{\"@context\":\"https:\\\/\\\/schema.org\",\"@graph\":[{\"@type\":\"Article\",\"@id\":\"https:\\\/\\\/noticiasmercedinas.com\\\/site\\\/2021\\\/02\\\/13\\\/mesa-sindical-trazo-su-agenda-en-encuentro-de-organizaciones\\\/#article\",\"isPartOf\":{\"@id\":\"https:\\\/\\\/noticiasmercedinas.com\\\/site\\\/2021\\\/02\\\/13\\\/mesa-sindical-trazo-su-agenda-en-encuentro-de-organizaciones\\\/\"},\"author\":{\"name\":\"NOTICIASMERCEDINAS.COM\",\"@id\":\"https:\\\/\\\/noticiasmercedinas.com\\\/site\\\/#\\\/schema\\\/person\\\/84b59c099c28ff2e8b77d4ceec5d8063\"},\"headline\":\"Mesa Sindical traz\u00f3 su agenda en encuentro de organizaciones\",\"datePublished\":\"2021-02-13T17:56:09+00:00\",\"dateModified\":\"2024-09-05T23:57:32+00:00\",\"mainEntityOfPage\":{\"@id\":\"https:\\\/\\\/noticiasmercedinas.com\\\/site\\\/2021\\\/02\\\/13\\\/mesa-sindical-trazo-su-agenda-en-encuentro-de-organizaciones\\\/\"},\"wordCount\":683,\"commentCount\":0,\"publisher\":{\"@id\":\"https:\\\/\\\/noticiasmercedinas.com\\\/site\\\/#organization\"},\"image\":{\"@id\":\"https:\\\/\\\/noticiasmercedinas.com\\\/site\\\/2021\\\/02\\\/13\\\/mesa-sindical-trazo-su-agenda-en-encuentro-de-organizaciones\\\/#primaryimage\"},\"thumbnailUrl\":\"https:\\\/\\\/noticiasmercedinas.com\\\/site\\\/wp-content\\\/uploads\\\/2021\\\/02\\\/Integrantes-de-la-MSM-trazaron-las-acciones-para-este-2021.jpeg\",\"keywords\":[\"Mesa Sindical Mercedes\",\"paritarias\",\"salarios\",\"vacuna\"],\"articleSection\":[\"Sociedad\"],\"inLanguage\":\"es\",\"potentialAction\":[{\"@type\":\"CommentAction\",\"name\":\"Comment\",\"target\":[\"https:\\\/\\\/noticiasmercedinas.com\\\/site\\\/2021\\\/02\\\/13\\\/mesa-sindical-trazo-su-agenda-en-encuentro-de-organizaciones\\\/#respond\"]}]},{\"@type\":\"WebPage\",\"@id\":\"https:\\\/\\\/noticiasmercedinas.com\\\/site\\\/2021\\\/02\\\/13\\\/mesa-sindical-trazo-su-agenda-en-encuentro-de-organizaciones\\\/\",\"url\":\"https:\\\/\\\/noticiasmercedinas.com\\\/site\\\/2021\\\/02\\\/13\\\/mesa-sindical-trazo-su-agenda-en-encuentro-de-organizaciones\\\/\",\"name\":\"Mesa Sindical traz\u00f3 su agenda en encuentro de organizaciones\",\"isPartOf\":{\"@id\":\"https:\\\/\\\/noticiasmercedinas.com\\\/site\\\/#website\"},\"primaryImageOfPage\":{\"@id\":\"https:\\\/\\\/noticiasmercedinas.com\\\/site\\\/2021\\\/02\\\/13\\\/mesa-sindical-trazo-su-agenda-en-encuentro-de-organizaciones\\\/#primaryimage\"},\"image\":{\"@id\":\"https:\\\/\\\/noticiasmercedinas.com\\\/site\\\/2021\\\/02\\\/13\\\/mesa-sindical-trazo-su-agenda-en-encuentro-de-organizaciones\\\/#primaryimage\"},\"thumbnailUrl\":\"https:\\\/\\\/noticiasmercedinas.com\\\/site\\\/wp-content\\\/uploads\\\/2021\\\/02\\\/Integrantes-de-la-MSM-trazaron-las-acciones-para-este-2021.jpeg\",\"datePublished\":\"2021-02-13T17:56:09+00:00\",\"dateModified\":\"2024-09-05T23:57:32+00:00\",\"breadcrumb\":{\"@id\":\"https:\\\/\\\/noticiasmercedinas.com\\\/site\\\/2021\\\/02\\\/13\\\/mesa-sindical-trazo-su-agenda-en-encuentro-de-organizaciones\\\/#breadcrumb\"},\"inLanguage\":\"es\",\"potentialAction\":[{\"@type\":\"ReadAction\",\"target\":[\"https:\\\/\\\/noticiasmercedinas.com\\\/site\\\/2021\\\/02\\\/13\\\/mesa-sindical-trazo-su-agenda-en-encuentro-de-organizaciones\\\/\"]}]},{\"@type\":\"ImageObject\",\"inLanguage\":\"es\",\"@id\":\"https:\\\/\\\/noticiasmercedinas.com\\\/site\\\/2021\\\/02\\\/13\\\/mesa-sindical-trazo-su-agenda-en-encuentro-de-organizaciones\\\/#primaryimage\",\"url\":\"https:\\\/\\\/noticiasmercedinas.com\\\/site\\\/wp-content\\\/uploads\\\/2021\\\/02\\\/Integrantes-de-la-MSM-trazaron-las-acciones-para-este-2021.jpeg\",\"contentUrl\":\"https:\\\/\\\/noticiasmercedinas.com\\\/site\\\/wp-content\\\/uploads\\\/2021\\\/02\\\/Integrantes-de-la-MSM-trazaron-las-acciones-para-este-2021.jpeg\",\"width\":1280,\"height\":679},{\"@type\":\"BreadcrumbList\",\"@id\":\"https:\\\/\\\/noticiasmercedinas.com\\\/site\\\/2021\\\/02\\\/13\\\/mesa-sindical-trazo-su-agenda-en-encuentro-de-organizaciones\\\/#breadcrumb\",\"itemListElement\":[{\"@type\":\"ListItem\",\"position\":1,\"name\":\"Portada\",\"item\":\"https:\\\/\\\/noticiasmercedinas.com\\\/site\\\/\"},{\"@type\":\"ListItem\",\"position\":2,\"name\":\"Mesa Sindical traz\u00f3 su agenda en encuentro de organizaciones\"}]},{\"@type\":\"WebSite\",\"@id\":\"https:\\\/\\\/noticiasmercedinas.com\\\/site\\\/#website\",\"url\":\"https:\\\/\\\/noticiasmercedinas.com\\\/site\\\/\",\"name\":\"NOTICIASMERCEDINAS.COM\",\"description\":\"Mercedes, Buenos Aires, Argentina\",\"publisher\":{\"@id\":\"https:\\\/\\\/noticiasmercedinas.com\\\/site\\\/#organization\"},\"potentialAction\":[{\"@type\":\"SearchAction\",\"target\":{\"@type\":\"EntryPoint\",\"urlTemplate\":\"https:\\\/\\\/noticiasmercedinas.com\\\/site\\\/?s={search_term_string}\"},\"query-input\":{\"@type\":\"PropertyValueSpecification\",\"valueRequired\":true,\"valueName\":\"search_term_string\"}}],\"inLanguage\":\"es\"},{\"@type\":\"Organization\",\"@id\":\"https:\\\/\\\/noticiasmercedinas.com\\\/site\\\/#organization\",\"name\":\"NOTICIASMERCEDINAS.COM\",\"url\":\"https:\\\/\\\/noticiasmercedinas.com\\\/site\\\/\",\"logo\":{\"@type\":\"ImageObject\",\"inLanguage\":\"es\",\"@id\":\"https:\\\/\\\/noticiasmercedinas.com\\\/site\\\/#\\\/schema\\\/logo\\\/image\\\/\",\"url\":\"https:\\\/\\\/noticiasmercedinas.com\\\/site\\\/wp-content\\\/uploads\\\/2020\\\/06\\\/LOGO-512.jpg\",\"contentUrl\":\"https:\\\/\\\/noticiasmercedinas.com\\\/site\\\/wp-content\\\/uploads\\\/2020\\\/06\\\/LOGO-512.jpg\",\"width\":512,\"height\":512,\"caption\":\"NOTICIASMERCEDINAS.COM\"},\"image\":{\"@id\":\"https:\\\/\\\/noticiasmercedinas.com\\\/site\\\/#\\\/schema\\\/logo\\\/image\\\/\"},\"sameAs\":[\"https:\\\/\\\/www.facebook.com\\\/noticiasmercedinas\\\/\",\"https:\\\/\\\/x.com\\\/notmercedinas\",\"https:\\\/\\\/www.instagram.com\\\/noticiasmercedinas\\\/\"]},{\"@type\":\"Person\",\"@id\":\"https:\\\/\\\/noticiasmercedinas.com\\\/site\\\/#\\\/schema\\\/person\\\/84b59c099c28ff2e8b77d4ceec5d8063\",\"name\":\"NOTICIASMERCEDINAS.COM\",\"image\":{\"@type\":\"ImageObject\",\"inLanguage\":\"es\",\"@id\":\"https:\\\/\\\/secure.gravatar.com\\\/avatar\\\/4dfbf16b4d17945bfb6341b2d19043457132fcf478a5ee04f42e959fd8f5df0a?s=96&d=mm&r=g\",\"url\":\"https:\\\/\\\/secure.gravatar.com\\\/avatar\\\/4dfbf16b4d17945bfb6341b2d19043457132fcf478a5ee04f42e959fd8f5df0a?s=96&d=mm&r=g\",\"contentUrl\":\"https:\\\/\\\/secure.gravatar.com\\\/avatar\\\/4dfbf16b4d17945bfb6341b2d19043457132fcf478a5ee04f42e959fd8f5df0a?s=96&d=mm&r=g\",\"caption\":\"NOTICIASMERCEDINAS.COM\"},\"url\":\"https:\\\/\\\/noticiasmercedinas.com\\\/site\\\/author\\\/anonimo\\\/\"}]}<\/script>\n<!-- \/ Yoast SEO plugin. -->","yoast_head_json":{"title":"Mesa Sindical traz\u00f3 su agenda en encuentro de organizaciones","robots":{"index":"index","follow":"follow","max-snippet":"max-snippet:-1","max-image-preview":"max-image-preview:large","max-video-preview":"max-video-preview:-1"},"canonical":"https:\/\/noticiasmercedinas.com\/site\/2021\/02\/13\/mesa-sindical-trazo-su-agenda-en-encuentro-de-organizaciones\/","og_locale":"es_ES","og_type":"article","og_title":"Mesa Sindical traz\u00f3 su agenda en encuentro de organizaciones","og_description":"\u25a0 El sal\u00f3n de \u201cLuz y Fuerza\u201d reuni\u00f3 a dirigentes sindicales que luego difundieron un documento. Llaman a vacunarse contra el Covid 19 como un acto de responsabilidad colectiva.","og_url":"https:\/\/noticiasmercedinas.com\/site\/2021\/02\/13\/mesa-sindical-trazo-su-agenda-en-encuentro-de-organizaciones\/","og_site_name":"NOTICIASMERCEDINAS.COM","article_publisher":"https:\/\/www.facebook.com\/noticiasmercedinas\/","article_published_time":"2021-02-13T17:56:09+00:00","article_modified_time":"2024-09-05T23:57:32+00:00","og_image":[{"width":1280,"height":679,"url":"https:\/\/noticiasmercedinas.com\/site\/wp-content\/uploads\/2021\/02\/Integrantes-de-la-MSM-trazaron-las-acciones-para-este-2021.jpeg","type":"image\/jpeg"}],"author":"NOTICIASMERCEDINAS.COM","twitter_card":"summary_large_image","twitter_creator":"@notmercedinas","twitter_site":"@notmercedinas","twitter_misc":{"Escrito por":"NOTICIASMERCEDINAS.COM","Tiempo de lectura":"3 minutos"},"schema":{"@context":"https:\/\/schema.org","@graph":[{"@type":"Article","@id":"https:\/\/noticiasmercedinas.com\/site\/2021\/02\/13\/mesa-sindical-trazo-su-agenda-en-encuentro-de-organizaciones\/#article","isPartOf":{"@id":"https:\/\/noticiasmercedinas.com\/site\/2021\/02\/13\/mesa-sindical-trazo-su-agenda-en-encuentro-de-organizaciones\/"},"author":{"name":"NOTICIASMERCEDINAS.COM","@id":"https:\/\/noticiasmercedinas.com\/site\/#\/schema\/person\/84b59c099c28ff2e8b77d4ceec5d8063"},"headline":"Mesa Sindical traz\u00f3 su agenda en encuentro de organizaciones","datePublished":"2021-02-13T17:56:09+00:00","dateModified":"2024-09-05T23:57:32+00:00","mainEntityOfPage":{"@id":"https:\/\/noticiasmercedinas.com\/site\/2021\/02\/13\/mesa-sindical-trazo-su-agenda-en-encuentro-de-organizaciones\/"},"wordCount":683,"commentCount":0,"publisher":{"@id":"https:\/\/noticiasmercedinas.com\/site\/#organization"},"image":{"@id":"https:\/\/noticiasmercedinas.com\/site\/2021\/02\/13\/mesa-sindical-trazo-su-agenda-en-encuentro-de-organizaciones\/#primaryimage"},"thumbnailUrl":"https:\/\/noticiasmercedinas.com\/site\/wp-content\/uploads\/2021\/02\/Integrantes-de-la-MSM-trazaron-las-acciones-para-este-2021.jpeg","keywords":["Mesa Sindical Mercedes","paritarias","salarios","vacuna"],"articleSection":["Sociedad"],"inLanguage":"es","potentialAction":[{"@type":"CommentAction","name":"Comment","target":["https:\/\/noticiasmercedinas.com\/site\/2021\/02\/13\/mesa-sindical-trazo-su-agenda-en-encuentro-de-organizaciones\/#respond"]}]},{"@type":"WebPage","@id":"https:\/\/noticiasmercedinas.com\/site\/2021\/02\/13\/mesa-sindical-trazo-su-agenda-en-encuentro-de-organizaciones\/","url":"https:\/\/noticiasmercedinas.com\/site\/2021\/02\/13\/mesa-sindical-trazo-su-agenda-en-encuentro-de-organizaciones\/","name":"Mesa Sindical traz\u00f3 su agenda en encuentro de organizaciones","isPartOf":{"@id":"https:\/\/noticiasmercedinas.com\/site\/#website"},"primaryImageOfPage":{"@id":"https:\/\/noticiasmercedinas.com\/site\/2021\/02\/13\/mesa-sindical-trazo-su-agenda-en-encuentro-de-organizaciones\/#primaryimage"},"image":{"@id":"https:\/\/noticiasmercedinas.com\/site\/2021\/02\/13\/mesa-sindical-trazo-su-agenda-en-encuentro-de-organizaciones\/#primaryimage"},"thumbnailUrl":"https:\/\/noticiasmercedinas.com\/site\/wp-content\/uploads\/2021\/02\/Integrantes-de-la-MSM-trazaron-las-acciones-para-este-2021.jpeg","datePublished":"2021-02-13T17:56:09+00:00","dateModified":"2024-09-05T23:57:32+00:00","breadcrumb":{"@id":"https:\/\/noticiasmercedinas.com\/site\/2021\/02\/13\/mesa-sindical-trazo-su-agenda-en-encuentro-de-organizaciones\/#breadcrumb"},"inLanguage":"es","potentialAction":[{"@type":"ReadAction","target":["https:\/\/noticiasmercedinas.com\/site\/2021\/02\/13\/mesa-sindical-trazo-su-agenda-en-encuentro-de-organizaciones\/"]}]},{"@type":"ImageObject","inLanguage":"es","@id":"https:\/\/noticiasmercedinas.com\/site\/2021\/02\/13\/mesa-sindical-trazo-su-agenda-en-encuentro-de-organizaciones\/#primaryimage","url":"https:\/\/noticiasmercedinas.com\/site\/wp-content\/uploads\/2021\/02\/Integrantes-de-la-MSM-trazaron-las-acciones-para-este-2021.jpeg","contentUrl":"https:\/\/noticiasmercedinas.com\/site\/wp-content\/uploads\/2021\/02\/Integrantes-de-la-MSM-trazaron-las-acciones-para-este-2021.jpeg","width":1280,"height":679},{"@type":"BreadcrumbList","@id":"https:\/\/noticiasmercedinas.com\/site\/2021\/02\/13\/mesa-sindical-trazo-su-agenda-en-encuentro-de-organizaciones\/#breadcrumb","itemListElement":[{"@type":"ListItem","position":1,"name":"Portada","item":"https:\/\/noticiasmercedinas.com\/site\/"},{"@type":"ListItem","position":2,"name":"Mesa Sindical traz\u00f3 su agenda en encuentro de organizaciones"}]},{"@type":"WebSite","@id":"https:\/\/noticiasmercedinas.com\/site\/#website","url":"https:\/\/noticiasmercedinas.com\/site\/","name":"NOTICIASMERCEDINAS.COM","description":"Mercedes, Buenos Aires, Argentina","publisher":{"@id":"https:\/\/noticiasmercedinas.com\/site\/#organization"},"potentialAction":[{"@type":"SearchAction","target":{"@type":"EntryPoint","urlTemplate":"https:\/\/noticiasmercedinas.com\/site\/?s={search_term_string}"},"query-input":{"@type":"PropertyValueSpecification","valueRequired":true,"valueName":"search_term_string"}}],"inLanguage":"es"},{"@type":"Organization","@id":"https:\/\/noticiasmercedinas.com\/site\/#organization","name":"NOTICIASMERCEDINAS.COM","url":"https:\/\/noticiasmercedinas.com\/site\/","logo":{"@type":"ImageObject","inLanguage":"es","@id":"https:\/\/noticiasmercedinas.com\/site\/#\/schema\/logo\/image\/","url":"https:\/\/noticiasmercedinas.com\/site\/wp-content\/uploads\/2020\/06\/LOGO-512.jpg","contentUrl":"https:\/\/noticiasmercedinas.com\/site\/wp-content\/uploads\/2020\/06\/LOGO-512.jpg","width":512,"height":512,"caption":"NOTICIASMERCEDINAS.COM"},"image":{"@id":"https:\/\/noticiasmercedinas.com\/site\/#\/schema\/logo\/image\/"},"sameAs":["https:\/\/www.facebook.com\/noticiasmercedinas\/","https:\/\/x.com\/notmercedinas","https:\/\/www.instagram.com\/noticiasmercedinas\/"]},{"@type":"Person","@id":"https:\/\/noticiasmercedinas.com\/site\/#\/schema\/person\/84b59c099c28ff2e8b77d4ceec5d8063","name":"NOTICIASMERCEDINAS.COM","image":{"@type":"ImageObject","inLanguage":"es","@id":"https:\/\/secure.gravatar.com\/avatar\/4dfbf16b4d17945bfb6341b2d19043457132fcf478a5ee04f42e959fd8f5df0a?s=96&d=mm&r=g","url":"https:\/\/secure.gravatar.com\/avatar\/4dfbf16b4d17945bfb6341b2d19043457132fcf478a5ee04f42e959fd8f5df0a?s=96&d=mm&r=g","contentUrl":"https:\/\/secure.gravatar.com\/avatar\/4dfbf16b4d17945bfb6341b2d19043457132fcf478a5ee04f42e959fd8f5df0a?s=96&d=mm&r=g","caption":"NOTICIASMERCEDINAS.COM"},"url":"https:\/\/noticiasmercedinas.com\/site\/author\/anonimo\/"}]}},"amp_enabled":true,"_links":{"self":[{"href":"https:\/\/noticiasmercedinas.com\/site\/wp-json\/wp\/v2\/posts\/61457","targetHints":{"allow":["GET"]}}],"collection":[{"href":"https:\/\/noticiasmercedinas.com\/site\/wp-json\/wp\/v2\/posts"}],"about":[{"href":"https:\/\/noticiasmercedinas.com\/site\/wp-json\/wp\/v2\/types\/post"}],"author":[{"embeddable":true,"href":"https:\/\/noticiasmercedinas.com\/site\/wp-json\/wp\/v2\/users\/16"}],"replies":[{"embeddable":true,"href":"https:\/\/noticiasmercedinas.com\/site\/wp-json\/wp\/v2\/comments?post=61457"}],"version-history":[{"count":7,"href":"https:\/\/noticiasmercedinas.com\/site\/wp-json\/wp\/v2\/posts\/61457\/revisions"}],"predecessor-version":[{"id":143257,"href":"https:\/\/noticiasmercedinas.com\/site\/wp-json\/wp\/v2\/posts\/61457\/revisions\/143257"}],"wp:featuredmedia":[{"embeddable":true,"href":"https:\/\/noticiasmercedinas.com\/site\/wp-json\/wp\/v2\/media\/61458"}],"wp:attachment":[{"href":"https:\/\/noticiasmercedinas.com\/site\/wp-json\/wp\/v2\/media?parent=61457"}],"wp:term":[{"taxonomy":"category","embeddable":true,"href":"https:\/\/noticiasmercedinas.com\/site\/wp-json\/wp\/v2\/categories?post=61457"},{"taxonomy":"post_tag","embeddable":true,"href":"https:\/\/noticiasmercedinas.com\/site\/wp-json\/wp\/v2\/tags?post=61457"}],"curies":[{"name":"wp","href":"https:\/\/api.w.org\/{rel}","templated":true}]}}