{"id":61948,"date":"2021-02-22T10:21:32","date_gmt":"2021-02-22T13:21:32","guid":{"rendered":"https:\/\/noticiasmercedinas.com\/site\/?p=61948"},"modified":"2021-02-22T10:21:32","modified_gmt":"2021-02-22T13:21:32","slug":"boinas-blancas-piden-crear-centro-de-testeo-covid-19-para-docentes","status":"publish","type":"post","link":"https:\/\/noticiasmercedinas.com\/site\/2021\/02\/22\/boinas-blancas-piden-crear-centro-de-testeo-covid-19-para-docentes\/","title":{"rendered":"\u201cBoinas Blancas\u201d piden crear Centro de Testeo Covid-19 para docentes"},"content":{"rendered":"<p><img loading=\"lazy\" decoding=\"async\" class=\"alignnone wp-image-61951 size-full\" src=\"https:\/\/noticiasmercedinas.com\/site\/wp-content\/uploads\/2021\/02\/hisopado.jpg\" alt=\"\" width=\"1200\" height=\"628\" srcset=\"https:\/\/noticiasmercedinas.com\/site\/wp-content\/uploads\/2021\/02\/hisopado.jpg 1200w, https:\/\/noticiasmercedinas.com\/site\/wp-content\/uploads\/2021\/02\/hisopado-300x157.jpg 300w, https:\/\/noticiasmercedinas.com\/site\/wp-content\/uploads\/2021\/02\/hisopado-1024x536.jpg 1024w, https:\/\/noticiasmercedinas.com\/site\/wp-content\/uploads\/2021\/02\/hisopado-768x402.jpg 768w, https:\/\/noticiasmercedinas.com\/site\/wp-content\/uploads\/2021\/02\/hisopado-640x335.jpg 640w, https:\/\/noticiasmercedinas.com\/site\/wp-content\/uploads\/2021\/02\/hisopado-681x356.jpg 681w\" sizes=\"auto, (max-width: 1200px) 100vw, 1200px\" \/><\/p>\n<p>Desde la agrupaci\u00f3n radical \u201cLos Boinas Blancas\u201d est\u00e1n presentando, por estas horas en el Legislativo local y para su evaluaci\u00f3n, un proyecto en el marco de esta pandemia de coronavirus para que sean hisopados gratis los maestros y el personal educativo, adem\u00e1s de utilizarse el predio del ex Mart\u00edn Rodr\u00edguez como centro de testeo para ellos.<\/p>\n<p>Desde Boinas Blancas, <strong>Marcos Kosicki<\/strong>, uno de sus integrantes, dio a conocer el proyecto al que le dieron forma junto a <strong>Amalia<\/strong> y <strong>Fernando Lapolla<\/strong>. \u201cSabemos que las obras sociales de los maestros no est\u00e1n cubriendo los testeos, o no los est\u00e1n reintegrando, por lo que vemos con suma preocupaci\u00f3n ese tema y queremos poder ayudar desde la legislaci\u00f3n en el plano local\u201d, dijo Kosicki.<\/p>\n<p>El proyecto en cuesti\u00f3n tiene forma de Decreto y en el mismo se tiene en vista la \u201ccrisis sanitaria y social sin precedentes que nos atraviesa y la necesidad de tomar medidas oportunas para garantizar la seguridad sanitaria del personal docente, no docente y administrativo de las instituciones educativas ante los anuncios de las autoridades provinciales del comienzo de las clases presenciales\u201d.<\/p>\n<p>\u201cDel sector educativo depende la posibilidad de garantizar el derecho a la educaci\u00f3n de gran parte de la poblaci\u00f3n y que, adem\u00e1s, dado que en un futuro se pueda volver a la modalidad presencial, es importante contar con dicho personal con la mayor protecci\u00f3n sanitaria posible\u201d, afirman los impulsores de esta iniciativa, e indican que es \u201cprioritario el cuidado de su salud\u201d.<\/p>\n<p>Los referentes de Boinas Blancas creen que si bien la vacunaci\u00f3n es la herramienta fundamental para lograr inmunidad contra el COVID 19, el cronograma de vacunaci\u00f3n en Argentina est\u00e1 supeditado a las entregas de las vacunas disponibles y hasta tanto se realice la inoculaci\u00f3n de estos grupos entienden es \u201cprudente tener un control exhaustivo sobre posibles casos de contagios en los \u00e1mbitos educativos\u201d.<\/p>\n<p>Para esto proponen que los docentes que den clases presenciales &#8211;como todo personal que se desempe\u00f1e en las instituciones&#8211; puedan realizarse el testeo de COVID 19 de manera gratuita, y se\u00f1alan que el Estado Nacional y Provincial cuentan para esto con el Programa Detectar que es una herramienta para la b\u00fasqueda de contactos estrechos de casos confirmados y de todas las personas con s\u00edntomas compatibles con el COVID 19. \u201cEn este caso puntual la ciudad de Mercedes cuenta con los efectores de salud suficientes para garantizar una distribuci\u00f3n geogr\u00e1fica que abarque la totalidad de las zonas donde se encuentran las instituciones educativas\u201d, opinan. Adem\u00e1s, sostienen que el municipio cuenta con el centro de aislamiento preventivo en el predio del ex Instituto Mart\u00edn Rodr\u00edguez para disponer de un centro de testeo para el personal educativo, y ponen como antecedente y ejemplo de esta pol\u00edtica p\u00fablica, lo que ya se desarrolla en la Ciudad de Buenos Aires desde el mes de Octubre del 2020 y que ahora se ha intensificado ante la inminente decisi\u00f3n de la vuelta a las clases presenciales, en los \u201cCentros de Testeo Docente\u201d donde el personal puede realizarse la prueba de manera gratuita con turnos entregados previamente.<\/p>\n<p>Lo que quieren es poder sumar un elemento m\u00e1s de protecci\u00f3n y de detecci\u00f3n temprana de la enfermedad posibilitando a los docentes y resto del personal educativo desempe\u00f1ar con menos vulnerabilidad e incertidumbre el regreso a las actividades presenciales escolares.<\/p>\n<p>El proyecto de decreto es el siguiente:<\/p>\n<p><em>Art\u00edculo 1\u00ba.- Encomi\u00e9ndese al Departamento Ejecutivo que, por intermedio de la Secretaria de Salud Municipal, coordine las acciones necesarias con las autoridades sanitarias Nacionales y Provinciales a fin de garantizar un sistema de testeo o hisopado gratuito al personal docente y administrativo que se desempe\u00f1en de manera presencial en los establecimientos educativos p\u00fablicos y privados del nivel inicial, primario y secundario de la Ciudad de Mercedes.<\/em><\/p>\n<p><em>Art\u00edculo 2\u00b0.- Encomi\u00e9ndese al Departamento Ejecutivo establecer en el Complejo de Aislamiento en el predio del Ex Instituto Mart\u00edn Rodr\u00edguez, un \u00e1mbito adecuado y preparado para crear un Centro de Testeo para el personal docente y no docente de todas las instituciones educativas de los niveles inicial, primaria y secundaria de la Ciudad de Mercedes.<\/em><\/p>\n<p><em>Art\u00edculo 3\u00ba.- Comun\u00edquese con sus considerandos<\/em><\/p>\n","protected":false},"excerpt":{"rendered":"<p>\u25a0 Presentar\u00e1n un proyecto de decreto en el Legislativo local. Plantean que sean hisopados gratis los maestros y el personal educativo, adem\u00e1s de utilizarse el predio del ex Mart\u00edn Rodr\u00edguez como centro de testeo.<\/p>\n","protected":false},"author":2,"featured_media":61951,"comment_status":"open","ping_status":"open","sticky":false,"template":"","format":"standard","meta":{"footnotes":""},"categories":[16],"tags":[11369,10542,8392,118,38,827,11368,8663,9611,1002],"class_list":["post-61948","post","type-post","status-publish","format-standard","has-post-thumbnail","hentry","category-politica","tag-amalia-lapolla","tag-boinas-blancas","tag-coronavirus","tag-docentes","tag-educacion","tag-fernando-lapolla","tag-marcos-kosicki","tag-pandemia","tag-testeos","tag-ucr"],"yoast_head":"<!-- This site is optimized with the Yoast SEO plugin v27.4 - https:\/\/yoast.com\/product\/yoast-seo-wordpress\/ -->\n<title>\u201cBoinas Blancas\u201d piden crear Centro de Testeo Covid-19 para docentes<\/title>\n<meta name=\"robots\" content=\"index, follow, max-snippet:-1, max-image-preview:large, max-video-preview:-1\" \/>\n<link rel=\"canonical\" href=\"https:\/\/noticiasmercedinas.com\/site\/2021\/02\/22\/boinas-blancas-piden-crear-centro-de-testeo-covid-19-para-docentes\/\" \/>\n<meta property=\"og:locale\" content=\"es_ES\" \/>\n<meta property=\"og:type\" content=\"article\" \/>\n<meta property=\"og:title\" content=\"\u201cBoinas Blancas\u201d piden crear Centro de Testeo Covid-19 para docentes\" \/>\n<meta property=\"og:description\" content=\"\u25a0 Presentar\u00e1n un proyecto de decreto en el Legislativo local. Plantean que sean hisopados gratis los maestros y el personal educativo, adem\u00e1s de utilizarse el predio del ex Mart\u00edn Rodr\u00edguez como centro de testeo.\" \/>\n<meta property=\"og:url\" content=\"https:\/\/noticiasmercedinas.com\/site\/2021\/02\/22\/boinas-blancas-piden-crear-centro-de-testeo-covid-19-para-docentes\/\" \/>\n<meta property=\"og:site_name\" content=\"NOTICIASMERCEDINAS.COM\" \/>\n<meta property=\"article:publisher\" content=\"https:\/\/www.facebook.com\/noticiasmercedinas\/\" \/>\n<meta property=\"article:author\" content=\"https:\/\/www.facebook.com\/cristian.falabella\" \/>\n<meta property=\"article:published_time\" content=\"2021-02-22T13:21:32+00:00\" \/>\n<meta property=\"og:image\" content=\"https:\/\/noticiasmercedinas.com\/site\/wp-content\/uploads\/2021\/02\/hisopado.jpg\" \/>\n\t<meta property=\"og:image:width\" content=\"1200\" \/>\n\t<meta property=\"og:image:height\" content=\"628\" \/>\n\t<meta property=\"og:image:type\" content=\"image\/jpeg\" \/>\n<meta name=\"author\" content=\"Cristian Falabella NOTICIASMERCEDINAS.COM\" \/>\n<meta name=\"twitter:card\" content=\"summary_large_image\" \/>\n<meta name=\"twitter:creator\" content=\"@https:\/\/twitter.com\/NOTMERCEDINAS\" \/>\n<meta name=\"twitter:site\" content=\"@notmercedinas\" \/>\n<meta name=\"twitter:label1\" content=\"Escrito por\" \/>\n\t<meta name=\"twitter:data1\" content=\"Cristian Falabella NOTICIASMERCEDINAS.COM\" \/>\n\t<meta name=\"twitter:label2\" content=\"Tiempo de lectura\" \/>\n\t<meta name=\"twitter:data2\" content=\"4 minutos\" \/>\n<script type=\"application\/ld+json\" class=\"yoast-schema-graph\">{\"@context\":\"https:\\\/\\\/schema.org\",\"@graph\":[{\"@type\":\"Article\",\"@id\":\"https:\\\/\\\/noticiasmercedinas.com\\\/site\\\/2021\\\/02\\\/22\\\/boinas-blancas-piden-crear-centro-de-testeo-covid-19-para-docentes\\\/#article\",\"isPartOf\":{\"@id\":\"https:\\\/\\\/noticiasmercedinas.com\\\/site\\\/2021\\\/02\\\/22\\\/boinas-blancas-piden-crear-centro-de-testeo-covid-19-para-docentes\\\/\"},\"author\":{\"name\":\"Cristian Falabella NOTICIASMERCEDINAS.COM\",\"@id\":\"https:\\\/\\\/noticiasmercedinas.com\\\/site\\\/#\\\/schema\\\/person\\\/d481a9696a5feaec13a60e2bbd991a6a\"},\"headline\":\"\u201cBoinas Blancas\u201d piden crear Centro de Testeo Covid-19 para docentes\",\"datePublished\":\"2021-02-22T13:21:32+00:00\",\"mainEntityOfPage\":{\"@id\":\"https:\\\/\\\/noticiasmercedinas.com\\\/site\\\/2021\\\/02\\\/22\\\/boinas-blancas-piden-crear-centro-de-testeo-covid-19-para-docentes\\\/\"},\"wordCount\":731,\"commentCount\":0,\"publisher\":{\"@id\":\"https:\\\/\\\/noticiasmercedinas.com\\\/site\\\/#organization\"},\"image\":{\"@id\":\"https:\\\/\\\/noticiasmercedinas.com\\\/site\\\/2021\\\/02\\\/22\\\/boinas-blancas-piden-crear-centro-de-testeo-covid-19-para-docentes\\\/#primaryimage\"},\"thumbnailUrl\":\"https:\\\/\\\/noticiasmercedinas.com\\\/site\\\/wp-content\\\/uploads\\\/2021\\\/02\\\/hisopado.jpg\",\"keywords\":[\"amalia lapolla\",\"boinas blancas\",\"coronavirus\",\"docentes\",\"educacion\",\"fernando lapolla\",\"marcos kosicki\",\"pandemia\",\"testeos\",\"Ucr\"],\"articleSection\":[\"Politica\"],\"inLanguage\":\"es\",\"potentialAction\":[{\"@type\":\"CommentAction\",\"name\":\"Comment\",\"target\":[\"https:\\\/\\\/noticiasmercedinas.com\\\/site\\\/2021\\\/02\\\/22\\\/boinas-blancas-piden-crear-centro-de-testeo-covid-19-para-docentes\\\/#respond\"]}]},{\"@type\":\"WebPage\",\"@id\":\"https:\\\/\\\/noticiasmercedinas.com\\\/site\\\/2021\\\/02\\\/22\\\/boinas-blancas-piden-crear-centro-de-testeo-covid-19-para-docentes\\\/\",\"url\":\"https:\\\/\\\/noticiasmercedinas.com\\\/site\\\/2021\\\/02\\\/22\\\/boinas-blancas-piden-crear-centro-de-testeo-covid-19-para-docentes\\\/\",\"name\":\"\u201cBoinas Blancas\u201d piden crear Centro de Testeo Covid-19 para docentes\",\"isPartOf\":{\"@id\":\"https:\\\/\\\/noticiasmercedinas.com\\\/site\\\/#website\"},\"primaryImageOfPage\":{\"@id\":\"https:\\\/\\\/noticiasmercedinas.com\\\/site\\\/2021\\\/02\\\/22\\\/boinas-blancas-piden-crear-centro-de-testeo-covid-19-para-docentes\\\/#primaryimage\"},\"image\":{\"@id\":\"https:\\\/\\\/noticiasmercedinas.com\\\/site\\\/2021\\\/02\\\/22\\\/boinas-blancas-piden-crear-centro-de-testeo-covid-19-para-docentes\\\/#primaryimage\"},\"thumbnailUrl\":\"https:\\\/\\\/noticiasmercedinas.com\\\/site\\\/wp-content\\\/uploads\\\/2021\\\/02\\\/hisopado.jpg\",\"datePublished\":\"2021-02-22T13:21:32+00:00\",\"breadcrumb\":{\"@id\":\"https:\\\/\\\/noticiasmercedinas.com\\\/site\\\/2021\\\/02\\\/22\\\/boinas-blancas-piden-crear-centro-de-testeo-covid-19-para-docentes\\\/#breadcrumb\"},\"inLanguage\":\"es\",\"potentialAction\":[{\"@type\":\"ReadAction\",\"target\":[\"https:\\\/\\\/noticiasmercedinas.com\\\/site\\\/2021\\\/02\\\/22\\\/boinas-blancas-piden-crear-centro-de-testeo-covid-19-para-docentes\\\/\"]}]},{\"@type\":\"ImageObject\",\"inLanguage\":\"es\",\"@id\":\"https:\\\/\\\/noticiasmercedinas.com\\\/site\\\/2021\\\/02\\\/22\\\/boinas-blancas-piden-crear-centro-de-testeo-covid-19-para-docentes\\\/#primaryimage\",\"url\":\"https:\\\/\\\/noticiasmercedinas.com\\\/site\\\/wp-content\\\/uploads\\\/2021\\\/02\\\/hisopado.jpg\",\"contentUrl\":\"https:\\\/\\\/noticiasmercedinas.com\\\/site\\\/wp-content\\\/uploads\\\/2021\\\/02\\\/hisopado.jpg\",\"width\":1200,\"height\":628},{\"@type\":\"BreadcrumbList\",\"@id\":\"https:\\\/\\\/noticiasmercedinas.com\\\/site\\\/2021\\\/02\\\/22\\\/boinas-blancas-piden-crear-centro-de-testeo-covid-19-para-docentes\\\/#breadcrumb\",\"itemListElement\":[{\"@type\":\"ListItem\",\"position\":1,\"name\":\"Portada\",\"item\":\"https:\\\/\\\/noticiasmercedinas.com\\\/site\\\/\"},{\"@type\":\"ListItem\",\"position\":2,\"name\":\"\u201cBoinas Blancas\u201d piden crear Centro de Testeo Covid-19 para docentes\"}]},{\"@type\":\"WebSite\",\"@id\":\"https:\\\/\\\/noticiasmercedinas.com\\\/site\\\/#website\",\"url\":\"https:\\\/\\\/noticiasmercedinas.com\\\/site\\\/\",\"name\":\"NOTICIASMERCEDINAS.COM\",\"description\":\"Mercedes, Buenos Aires, Argentina\",\"publisher\":{\"@id\":\"https:\\\/\\\/noticiasmercedinas.com\\\/site\\\/#organization\"},\"potentialAction\":[{\"@type\":\"SearchAction\",\"target\":{\"@type\":\"EntryPoint\",\"urlTemplate\":\"https:\\\/\\\/noticiasmercedinas.com\\\/site\\\/?s={search_term_string}\"},\"query-input\":{\"@type\":\"PropertyValueSpecification\",\"valueRequired\":true,\"valueName\":\"search_term_string\"}}],\"inLanguage\":\"es\"},{\"@type\":\"Organization\",\"@id\":\"https:\\\/\\\/noticiasmercedinas.com\\\/site\\\/#organization\",\"name\":\"NOTICIASMERCEDINAS.COM\",\"url\":\"https:\\\/\\\/noticiasmercedinas.com\\\/site\\\/\",\"logo\":{\"@type\":\"ImageObject\",\"inLanguage\":\"es\",\"@id\":\"https:\\\/\\\/noticiasmercedinas.com\\\/site\\\/#\\\/schema\\\/logo\\\/image\\\/\",\"url\":\"https:\\\/\\\/noticiasmercedinas.com\\\/site\\\/wp-content\\\/uploads\\\/2020\\\/06\\\/LOGO-512.jpg\",\"contentUrl\":\"https:\\\/\\\/noticiasmercedinas.com\\\/site\\\/wp-content\\\/uploads\\\/2020\\\/06\\\/LOGO-512.jpg\",\"width\":512,\"height\":512,\"caption\":\"NOTICIASMERCEDINAS.COM\"},\"image\":{\"@id\":\"https:\\\/\\\/noticiasmercedinas.com\\\/site\\\/#\\\/schema\\\/logo\\\/image\\\/\"},\"sameAs\":[\"https:\\\/\\\/www.facebook.com\\\/noticiasmercedinas\\\/\",\"https:\\\/\\\/x.com\\\/notmercedinas\",\"https:\\\/\\\/www.instagram.com\\\/noticiasmercedinas\\\/\"]},{\"@type\":\"Person\",\"@id\":\"https:\\\/\\\/noticiasmercedinas.com\\\/site\\\/#\\\/schema\\\/person\\\/d481a9696a5feaec13a60e2bbd991a6a\",\"name\":\"Cristian Falabella NOTICIASMERCEDINAS.COM\",\"image\":{\"@type\":\"ImageObject\",\"inLanguage\":\"es\",\"@id\":\"https:\\\/\\\/secure.gravatar.com\\\/avatar\\\/0dbbfc45970cc46bcd0e57766228574ff3511d6eed045b182f536f0f478c1f06?s=96&d=mm&r=g\",\"url\":\"https:\\\/\\\/secure.gravatar.com\\\/avatar\\\/0dbbfc45970cc46bcd0e57766228574ff3511d6eed045b182f536f0f478c1f06?s=96&d=mm&r=g\",\"contentUrl\":\"https:\\\/\\\/secure.gravatar.com\\\/avatar\\\/0dbbfc45970cc46bcd0e57766228574ff3511d6eed045b182f536f0f478c1f06?s=96&d=mm&r=g\",\"caption\":\"Cristian Falabella NOTICIASMERCEDINAS.COM\"},\"description\":\"Periodista, editor de Noticias Mercedinas. Pas\u00f3 por varias redacciones y emprendimientos de prensa, en distintos formatos y \u00e9pocas. Se especializ\u00f3 --y sigue haci\u00e9ndolo-- en comunicaci\u00f3n en la web y en junio de 2006 fund\u00f3 este diario digital.\",\"sameAs\":[\"https:\\\/\\\/noticiasmercedinas.com\",\"https:\\\/\\\/www.facebook.com\\\/cristian.falabella\",\"https:\\\/\\\/www.instagram.com\\\/noticiasmercedinas\\\/\",\"https:\\\/\\\/x.com\\\/https:\\\/\\\/twitter.com\\\/NOTMERCEDINAS\"],\"url\":\"https:\\\/\\\/noticiasmercedinas.com\\\/site\\\/author\\\/as000384\\\/\"}]}<\/script>\n<!-- \/ Yoast SEO plugin. -->","yoast_head_json":{"title":"\u201cBoinas Blancas\u201d piden crear Centro de Testeo Covid-19 para docentes","robots":{"index":"index","follow":"follow","max-snippet":"max-snippet:-1","max-image-preview":"max-image-preview:large","max-video-preview":"max-video-preview:-1"},"canonical":"https:\/\/noticiasmercedinas.com\/site\/2021\/02\/22\/boinas-blancas-piden-crear-centro-de-testeo-covid-19-para-docentes\/","og_locale":"es_ES","og_type":"article","og_title":"\u201cBoinas Blancas\u201d piden crear Centro de Testeo Covid-19 para docentes","og_description":"\u25a0 Presentar\u00e1n un proyecto de decreto en el Legislativo local. Plantean que sean hisopados gratis los maestros y el personal educativo, adem\u00e1s de utilizarse el predio del ex Mart\u00edn Rodr\u00edguez como centro de testeo.","og_url":"https:\/\/noticiasmercedinas.com\/site\/2021\/02\/22\/boinas-blancas-piden-crear-centro-de-testeo-covid-19-para-docentes\/","og_site_name":"NOTICIASMERCEDINAS.COM","article_publisher":"https:\/\/www.facebook.com\/noticiasmercedinas\/","article_author":"https:\/\/www.facebook.com\/cristian.falabella","article_published_time":"2021-02-22T13:21:32+00:00","og_image":[{"width":1200,"height":628,"url":"https:\/\/noticiasmercedinas.com\/site\/wp-content\/uploads\/2021\/02\/hisopado.jpg","type":"image\/jpeg"}],"author":"Cristian Falabella NOTICIASMERCEDINAS.COM","twitter_card":"summary_large_image","twitter_creator":"@https:\/\/twitter.com\/NOTMERCEDINAS","twitter_site":"@notmercedinas","twitter_misc":{"Escrito por":"Cristian Falabella NOTICIASMERCEDINAS.COM","Tiempo de lectura":"4 minutos"},"schema":{"@context":"https:\/\/schema.org","@graph":[{"@type":"Article","@id":"https:\/\/noticiasmercedinas.com\/site\/2021\/02\/22\/boinas-blancas-piden-crear-centro-de-testeo-covid-19-para-docentes\/#article","isPartOf":{"@id":"https:\/\/noticiasmercedinas.com\/site\/2021\/02\/22\/boinas-blancas-piden-crear-centro-de-testeo-covid-19-para-docentes\/"},"author":{"name":"Cristian Falabella NOTICIASMERCEDINAS.COM","@id":"https:\/\/noticiasmercedinas.com\/site\/#\/schema\/person\/d481a9696a5feaec13a60e2bbd991a6a"},"headline":"\u201cBoinas Blancas\u201d piden crear Centro de Testeo Covid-19 para docentes","datePublished":"2021-02-22T13:21:32+00:00","mainEntityOfPage":{"@id":"https:\/\/noticiasmercedinas.com\/site\/2021\/02\/22\/boinas-blancas-piden-crear-centro-de-testeo-covid-19-para-docentes\/"},"wordCount":731,"commentCount":0,"publisher":{"@id":"https:\/\/noticiasmercedinas.com\/site\/#organization"},"image":{"@id":"https:\/\/noticiasmercedinas.com\/site\/2021\/02\/22\/boinas-blancas-piden-crear-centro-de-testeo-covid-19-para-docentes\/#primaryimage"},"thumbnailUrl":"https:\/\/noticiasmercedinas.com\/site\/wp-content\/uploads\/2021\/02\/hisopado.jpg","keywords":["amalia lapolla","boinas blancas","coronavirus","docentes","educacion","fernando lapolla","marcos kosicki","pandemia","testeos","Ucr"],"articleSection":["Politica"],"inLanguage":"es","potentialAction":[{"@type":"CommentAction","name":"Comment","target":["https:\/\/noticiasmercedinas.com\/site\/2021\/02\/22\/boinas-blancas-piden-crear-centro-de-testeo-covid-19-para-docentes\/#respond"]}]},{"@type":"WebPage","@id":"https:\/\/noticiasmercedinas.com\/site\/2021\/02\/22\/boinas-blancas-piden-crear-centro-de-testeo-covid-19-para-docentes\/","url":"https:\/\/noticiasmercedinas.com\/site\/2021\/02\/22\/boinas-blancas-piden-crear-centro-de-testeo-covid-19-para-docentes\/","name":"\u201cBoinas Blancas\u201d piden crear Centro de Testeo Covid-19 para docentes","isPartOf":{"@id":"https:\/\/noticiasmercedinas.com\/site\/#website"},"primaryImageOfPage":{"@id":"https:\/\/noticiasmercedinas.com\/site\/2021\/02\/22\/boinas-blancas-piden-crear-centro-de-testeo-covid-19-para-docentes\/#primaryimage"},"image":{"@id":"https:\/\/noticiasmercedinas.com\/site\/2021\/02\/22\/boinas-blancas-piden-crear-centro-de-testeo-covid-19-para-docentes\/#primaryimage"},"thumbnailUrl":"https:\/\/noticiasmercedinas.com\/site\/wp-content\/uploads\/2021\/02\/hisopado.jpg","datePublished":"2021-02-22T13:21:32+00:00","breadcrumb":{"@id":"https:\/\/noticiasmercedinas.com\/site\/2021\/02\/22\/boinas-blancas-piden-crear-centro-de-testeo-covid-19-para-docentes\/#breadcrumb"},"inLanguage":"es","potentialAction":[{"@type":"ReadAction","target":["https:\/\/noticiasmercedinas.com\/site\/2021\/02\/22\/boinas-blancas-piden-crear-centro-de-testeo-covid-19-para-docentes\/"]}]},{"@type":"ImageObject","inLanguage":"es","@id":"https:\/\/noticiasmercedinas.com\/site\/2021\/02\/22\/boinas-blancas-piden-crear-centro-de-testeo-covid-19-para-docentes\/#primaryimage","url":"https:\/\/noticiasmercedinas.com\/site\/wp-content\/uploads\/2021\/02\/hisopado.jpg","contentUrl":"https:\/\/noticiasmercedinas.com\/site\/wp-content\/uploads\/2021\/02\/hisopado.jpg","width":1200,"height":628},{"@type":"BreadcrumbList","@id":"https:\/\/noticiasmercedinas.com\/site\/2021\/02\/22\/boinas-blancas-piden-crear-centro-de-testeo-covid-19-para-docentes\/#breadcrumb","itemListElement":[{"@type":"ListItem","position":1,"name":"Portada","item":"https:\/\/noticiasmercedinas.com\/site\/"},{"@type":"ListItem","position":2,"name":"\u201cBoinas Blancas\u201d piden crear Centro de Testeo Covid-19 para docentes"}]},{"@type":"WebSite","@id":"https:\/\/noticiasmercedinas.com\/site\/#website","url":"https:\/\/noticiasmercedinas.com\/site\/","name":"NOTICIASMERCEDINAS.COM","description":"Mercedes, Buenos Aires, Argentina","publisher":{"@id":"https:\/\/noticiasmercedinas.com\/site\/#organization"},"potentialAction":[{"@type":"SearchAction","target":{"@type":"EntryPoint","urlTemplate":"https:\/\/noticiasmercedinas.com\/site\/?s={search_term_string}"},"query-input":{"@type":"PropertyValueSpecification","valueRequired":true,"valueName":"search_term_string"}}],"inLanguage":"es"},{"@type":"Organization","@id":"https:\/\/noticiasmercedinas.com\/site\/#organization","name":"NOTICIASMERCEDINAS.COM","url":"https:\/\/noticiasmercedinas.com\/site\/","logo":{"@type":"ImageObject","inLanguage":"es","@id":"https:\/\/noticiasmercedinas.com\/site\/#\/schema\/logo\/image\/","url":"https:\/\/noticiasmercedinas.com\/site\/wp-content\/uploads\/2020\/06\/LOGO-512.jpg","contentUrl":"https:\/\/noticiasmercedinas.com\/site\/wp-content\/uploads\/2020\/06\/LOGO-512.jpg","width":512,"height":512,"caption":"NOTICIASMERCEDINAS.COM"},"image":{"@id":"https:\/\/noticiasmercedinas.com\/site\/#\/schema\/logo\/image\/"},"sameAs":["https:\/\/www.facebook.com\/noticiasmercedinas\/","https:\/\/x.com\/notmercedinas","https:\/\/www.instagram.com\/noticiasmercedinas\/"]},{"@type":"Person","@id":"https:\/\/noticiasmercedinas.com\/site\/#\/schema\/person\/d481a9696a5feaec13a60e2bbd991a6a","name":"Cristian Falabella NOTICIASMERCEDINAS.COM","image":{"@type":"ImageObject","inLanguage":"es","@id":"https:\/\/secure.gravatar.com\/avatar\/0dbbfc45970cc46bcd0e57766228574ff3511d6eed045b182f536f0f478c1f06?s=96&d=mm&r=g","url":"https:\/\/secure.gravatar.com\/avatar\/0dbbfc45970cc46bcd0e57766228574ff3511d6eed045b182f536f0f478c1f06?s=96&d=mm&r=g","contentUrl":"https:\/\/secure.gravatar.com\/avatar\/0dbbfc45970cc46bcd0e57766228574ff3511d6eed045b182f536f0f478c1f06?s=96&d=mm&r=g","caption":"Cristian Falabella NOTICIASMERCEDINAS.COM"},"description":"Periodista, editor de Noticias Mercedinas. Pas\u00f3 por varias redacciones y emprendimientos de prensa, en distintos formatos y \u00e9pocas. Se especializ\u00f3 --y sigue haci\u00e9ndolo-- en comunicaci\u00f3n en la web y en junio de 2006 fund\u00f3 este diario digital.","sameAs":["https:\/\/noticiasmercedinas.com","https:\/\/www.facebook.com\/cristian.falabella","https:\/\/www.instagram.com\/noticiasmercedinas\/","https:\/\/x.com\/https:\/\/twitter.com\/NOTMERCEDINAS"],"url":"https:\/\/noticiasmercedinas.com\/site\/author\/as000384\/"}]}},"amp_enabled":true,"_links":{"self":[{"href":"https:\/\/noticiasmercedinas.com\/site\/wp-json\/wp\/v2\/posts\/61948","targetHints":{"allow":["GET"]}}],"collection":[{"href":"https:\/\/noticiasmercedinas.com\/site\/wp-json\/wp\/v2\/posts"}],"about":[{"href":"https:\/\/noticiasmercedinas.com\/site\/wp-json\/wp\/v2\/types\/post"}],"author":[{"embeddable":true,"href":"https:\/\/noticiasmercedinas.com\/site\/wp-json\/wp\/v2\/users\/2"}],"replies":[{"embeddable":true,"href":"https:\/\/noticiasmercedinas.com\/site\/wp-json\/wp\/v2\/comments?post=61948"}],"version-history":[{"count":1,"href":"https:\/\/noticiasmercedinas.com\/site\/wp-json\/wp\/v2\/posts\/61948\/revisions"}],"predecessor-version":[{"id":61952,"href":"https:\/\/noticiasmercedinas.com\/site\/wp-json\/wp\/v2\/posts\/61948\/revisions\/61952"}],"wp:featuredmedia":[{"embeddable":true,"href":"https:\/\/noticiasmercedinas.com\/site\/wp-json\/wp\/v2\/media\/61951"}],"wp:attachment":[{"href":"https:\/\/noticiasmercedinas.com\/site\/wp-json\/wp\/v2\/media?parent=61948"}],"wp:term":[{"taxonomy":"category","embeddable":true,"href":"https:\/\/noticiasmercedinas.com\/site\/wp-json\/wp\/v2\/categories?post=61948"},{"taxonomy":"post_tag","embeddable":true,"href":"https:\/\/noticiasmercedinas.com\/site\/wp-json\/wp\/v2\/tags?post=61948"}],"curies":[{"name":"wp","href":"https:\/\/api.w.org\/{rel}","templated":true}]}}