{"id":61990,"date":"2021-02-22T18:37:31","date_gmt":"2021-02-22T21:37:31","guid":{"rendered":"https:\/\/noticiasmercedinas.com\/site\/?p=61990"},"modified":"2021-02-22T18:37:31","modified_gmt":"2021-02-22T21:37:31","slug":"organizaciones-rechazan-obras-planeadas-para-el-rio-lujan","status":"publish","type":"post","link":"https:\/\/noticiasmercedinas.com\/site\/2021\/02\/22\/organizaciones-rechazan-obras-planeadas-para-el-rio-lujan\/","title":{"rendered":"Organizaciones rechazan obras planeadas para el r\u00edo Luj\u00e1n"},"content":{"rendered":"<p><img loading=\"lazy\" decoding=\"async\" class=\"alignnone size-large wp-image-61991\" src=\"https:\/\/noticiasmercedinas.com\/site\/wp-content\/uploads\/2021\/02\/WhatsApp-Image-2020-10-04-at-20.07.26-3-1024x1024.jpeg\" alt=\"\" width=\"640\" height=\"640\" srcset=\"https:\/\/noticiasmercedinas.com\/site\/wp-content\/uploads\/2021\/02\/WhatsApp-Image-2020-10-04-at-20.07.26-3-1024x1024.jpeg 1024w, https:\/\/noticiasmercedinas.com\/site\/wp-content\/uploads\/2021\/02\/WhatsApp-Image-2020-10-04-at-20.07.26-3-300x300.jpeg 300w, https:\/\/noticiasmercedinas.com\/site\/wp-content\/uploads\/2021\/02\/WhatsApp-Image-2020-10-04-at-20.07.26-3-150x150.jpeg 150w, https:\/\/noticiasmercedinas.com\/site\/wp-content\/uploads\/2021\/02\/WhatsApp-Image-2020-10-04-at-20.07.26-3-768x768.jpeg 768w, https:\/\/noticiasmercedinas.com\/site\/wp-content\/uploads\/2021\/02\/WhatsApp-Image-2020-10-04-at-20.07.26-3-640x640.jpeg 640w, https:\/\/noticiasmercedinas.com\/site\/wp-content\/uploads\/2021\/02\/WhatsApp-Image-2020-10-04-at-20.07.26-3-681x681.jpeg 681w, https:\/\/noticiasmercedinas.com\/site\/wp-content\/uploads\/2021\/02\/WhatsApp-Image-2020-10-04-at-20.07.26-3.jpeg 1080w\" sizes=\"auto, (max-width: 640px) 100vw, 640px\" \/><\/p>\n<p>Las organizaciones que conforman la Red del R\u00edo Luj\u00e1n junto con autoconvocados\/as, vecinos\/as, damnificados\/as por las inundaciones y personas sensibilizadas con los da\u00f1os que causar\u00edan las obras hidr\u00e1ulicas planificadas en el r\u00edo Luj\u00e1n, manifestaron, una vez m\u00e1s, preocupaci\u00f3n y rechazo a la convocatoria del Organismo Provincial para el Desarrollo Sostenible (OPDS) a una \u00abinstancia de supuesta participaci\u00f3n ciudadana referida a las obras que incumplen con lo establecido en la legislaci\u00f3n ambiental atentando contra la calidad democr\u00e1tica\u00bb.<\/p>\n<p>\u00abEl motivo del rechazo se debe a que la participaci\u00f3n de la comunidad se circunscribe \u00fanicamente al env\u00edo de un e-mail a una casilla de correo, a trav\u00e9s del cual enviar las consultas, cr\u00edticas y sugerencias a las obras planteadas, y esperar que eventualmente, si lo consideran oportuno, respondan de alguna manera no especificada. La publicaci\u00f3n se realiz\u00f3 a trav\u00e9s de redes sociales sin tener en cuenta el plazo de anticipaci\u00f3n que exige la ley ni una reglamentaci\u00f3n espec\u00edfica para esta modalidad. La modalidad virtual, por su parte, aleja la posibilidad de participaci\u00f3n de muchos vecinos sin conocimientos o acceso a redes\u00bb, expresan desde SOS H\u00e1bitat.<\/p>\n<blockquote><p>Queremos democracia y participaci\u00f3n ciudadana real, queremos que se escuche a la comunidad cient\u00edfica y se tenga en cuenta a quienes protegemos el r\u00edo y los humedales. Necesitamos el r\u00edo vivo, sano y libre para que cumpla con todas sus funciones que resultan vitales para la vida en general y nuestra vida en sociedad.<\/p><\/blockquote>\n<p>\u00abNo tienen en cuenta el recurso de amparo presentado por distintas organizaciones, cuestionando las obras licitadas para la primera etapa, para la cual no se efectuaron las requeridas audiencias p\u00fablicas y, en cambio, se intent\u00f3 disfrazar algunas presentaciones p\u00fablicas del proyecto como si fueran audiencias o consultas que es lo que exige la ley. Denunciamos el atropello e intento de avanzar con las obras anunciadas, enga\u00f1ando a la poblaci\u00f3n, justificando el sacrificio del r\u00edo y los humedales mediante su supuesto beneficio\u00bb, dicen.<\/p>\n<p>Y plantean que para evitar las inundaciones \u00abnecesitamos m\u00e1s humedales y no menos, necesitamos obras, s\u00ed, pero no de este tipo, que de realizarse acabar\u00edan con gran parte de la vida, y las funciones vitales del r\u00edo y los humedales\u00bb.<\/p>\n<p>\u00abManifestamos nuestra preocupaci\u00f3n, empat\u00eda y compromiso con quienes se inundan con cada tormenta, pero no es destruyendo la din\u00e1mica del r\u00edo c\u00f3mo se solucionar\u00e1n. De hecho la documentaci\u00f3n t\u00e9cnica que avala las obras son muy claras al mencionar que las mismas no ser\u00e1n una soluci\u00f3n para las inundaciones. Pa\u00edses con vasta experiencia en inundaciones vienen orientando la gesti\u00f3n de las mismas en otro sentido, recuperar los cauces originales de los cursos de agua, recomponer humedales y meandros, eliminar canalizaciones, represas y obst\u00e1culos para el libre escurrimiento de las aguas, generar sistemas de alerta temprana y planes de contingencia y protecci\u00f3n individual de propiedades. Velamos por resolver y evitar las inundaciones severas, que son las que producen da\u00f1os y perjuicios a la poblaci\u00f3n, pero sin da\u00f1ar la forma, las caracter\u00edsticas \u00fanicas y el natural y vital funcionamiento del r\u00edo y los humedales\u00bb, concluyen y se manifiestan \u00ababiertos al di\u00e1logo, real, abierto, consistente y congruente con la democracia\u00bb.<\/p>\n<p>A su vez, intiman a los ministerios y secretar\u00edas, a los gobiernos Nacional, Provincial y Municipales a que generen las instancias de participaci\u00f3n ciudadana que la democracia demanda. Y a\u00a0definir con la poblaci\u00f3n c\u00f3mo vamos a enfrentar, adaptar y mitigar los efectos negativos que nos muestra el actual y futuro contexto Clim\u00e1tico, Ambiental, Ecol\u00f3gico y Ecosist\u00e9mico, sin da\u00f1ar el r\u00edo y los humedales.<\/p>\n<p>E invitan a toda la poblaci\u00f3n a sumarse a la defensa del r\u00edo y los humedales, y a \u00abencontrar juntos y democr\u00e1ticamente la soluci\u00f3n a las inundaciones, m\u00e1s beneficiosa, acorde y consecuente con la realidad que vivimos y por venir\u00bb.<\/p>\n","protected":false},"excerpt":{"rendered":"<p>Las organizaciones que conforman la Red del R\u00edo Luj\u00e1n junto con autoconvocados\/as, vecinos\/as, damnificados\/as por las inundaciones y personas sensibilizadas con los da\u00f1os que causar\u00edan las obras hidr\u00e1ulicas planificadas en el r\u00edo Luj\u00e1n, manifestaron, una vez m\u00e1s, preocupaci\u00f3n y rechazo a la convocatoria del Organismo Provincial para el Desarrollo Sostenible (OPDS) a una \u00abinstancia de [&hellip;]<\/p>\n","protected":false},"author":16,"featured_media":61991,"comment_status":"open","ping_status":"open","sticky":false,"template":"","format":"standard","meta":{"footnotes":""},"categories":[5754],"tags":[1347,1816,75],"class_list":["post-61990","post","type-post","status-publish","format-standard","has-post-thumbnail","hentry","category-medio-ambiente","tag-ambiente","tag-cuenca-del-rio-lujan","tag-rio-lujan"],"yoast_head":"<!-- This site is optimized with the Yoast SEO plugin v27.5 - https:\/\/yoast.com\/product\/yoast-seo-wordpress\/ -->\n<title>Organizaciones rechazan obras planeadas para el r\u00edo Luj\u00e1n<\/title>\n<meta name=\"robots\" content=\"index, follow, max-snippet:-1, max-image-preview:large, max-video-preview:-1\" \/>\n<link rel=\"canonical\" href=\"https:\/\/noticiasmercedinas.com\/site\/2021\/02\/22\/organizaciones-rechazan-obras-planeadas-para-el-rio-lujan\/\" \/>\n<meta property=\"og:locale\" content=\"es_ES\" \/>\n<meta property=\"og:type\" content=\"article\" \/>\n<meta property=\"og:title\" content=\"Organizaciones rechazan obras planeadas para el r\u00edo Luj\u00e1n\" \/>\n<meta property=\"og:description\" content=\"Las organizaciones que conforman la Red del R\u00edo Luj\u00e1n junto con autoconvocados\/as, vecinos\/as, damnificados\/as por las inundaciones y personas sensibilizadas con los da\u00f1os que causar\u00edan las obras hidr\u00e1ulicas planificadas en el r\u00edo Luj\u00e1n, manifestaron, una vez m\u00e1s, preocupaci\u00f3n y rechazo a la convocatoria del Organismo Provincial para el Desarrollo Sostenible (OPDS) a una \u00abinstancia de [&hellip;]\" \/>\n<meta property=\"og:url\" content=\"https:\/\/noticiasmercedinas.com\/site\/2021\/02\/22\/organizaciones-rechazan-obras-planeadas-para-el-rio-lujan\/\" \/>\n<meta property=\"og:site_name\" content=\"NOTICIASMERCEDINAS.COM\" \/>\n<meta property=\"article:publisher\" content=\"https:\/\/www.facebook.com\/noticiasmercedinas\/\" \/>\n<meta property=\"article:published_time\" content=\"2021-02-22T21:37:31+00:00\" \/>\n<meta property=\"og:image\" content=\"https:\/\/noticiasmercedinas.com\/site\/wp-content\/uploads\/2021\/02\/WhatsApp-Image-2020-10-04-at-20.07.26-3.jpeg\" \/>\n\t<meta property=\"og:image:width\" content=\"1080\" \/>\n\t<meta property=\"og:image:height\" content=\"1080\" \/>\n\t<meta property=\"og:image:type\" content=\"image\/jpeg\" \/>\n<meta name=\"author\" content=\"NOTICIASMERCEDINAS.COM\" \/>\n<meta name=\"twitter:card\" content=\"summary_large_image\" \/>\n<meta name=\"twitter:creator\" content=\"@notmercedinas\" \/>\n<meta name=\"twitter:site\" content=\"@notmercedinas\" \/>\n<meta name=\"twitter:label1\" content=\"Escrito por\" \/>\n\t<meta name=\"twitter:data1\" content=\"NOTICIASMERCEDINAS.COM\" \/>\n\t<meta name=\"twitter:label2\" content=\"Tiempo de lectura\" \/>\n\t<meta name=\"twitter:data2\" content=\"3 minutos\" \/>\n<script type=\"application\/ld+json\" class=\"yoast-schema-graph\">{\"@context\":\"https:\\\/\\\/schema.org\",\"@graph\":[{\"@type\":\"Article\",\"@id\":\"https:\\\/\\\/noticiasmercedinas.com\\\/site\\\/2021\\\/02\\\/22\\\/organizaciones-rechazan-obras-planeadas-para-el-rio-lujan\\\/#article\",\"isPartOf\":{\"@id\":\"https:\\\/\\\/noticiasmercedinas.com\\\/site\\\/2021\\\/02\\\/22\\\/organizaciones-rechazan-obras-planeadas-para-el-rio-lujan\\\/\"},\"author\":{\"name\":\"NOTICIASMERCEDINAS.COM\",\"@id\":\"https:\\\/\\\/noticiasmercedinas.com\\\/site\\\/#\\\/schema\\\/person\\\/84b59c099c28ff2e8b77d4ceec5d8063\"},\"headline\":\"Organizaciones rechazan obras planeadas para el r\u00edo Luj\u00e1n\",\"datePublished\":\"2021-02-22T21:37:31+00:00\",\"mainEntityOfPage\":{\"@id\":\"https:\\\/\\\/noticiasmercedinas.com\\\/site\\\/2021\\\/02\\\/22\\\/organizaciones-rechazan-obras-planeadas-para-el-rio-lujan\\\/\"},\"wordCount\":700,\"commentCount\":0,\"publisher\":{\"@id\":\"https:\\\/\\\/noticiasmercedinas.com\\\/site\\\/#organization\"},\"image\":{\"@id\":\"https:\\\/\\\/noticiasmercedinas.com\\\/site\\\/2021\\\/02\\\/22\\\/organizaciones-rechazan-obras-planeadas-para-el-rio-lujan\\\/#primaryimage\"},\"thumbnailUrl\":\"https:\\\/\\\/noticiasmercedinas.com\\\/site\\\/wp-content\\\/uploads\\\/2021\\\/02\\\/WhatsApp-Image-2020-10-04-at-20.07.26-3.jpeg\",\"keywords\":[\"ambiente\",\"Cuenca del R\u00edo Lujan\",\"rio lujan\"],\"articleSection\":[\"Ambiente\"],\"inLanguage\":\"es\",\"potentialAction\":[{\"@type\":\"CommentAction\",\"name\":\"Comment\",\"target\":[\"https:\\\/\\\/noticiasmercedinas.com\\\/site\\\/2021\\\/02\\\/22\\\/organizaciones-rechazan-obras-planeadas-para-el-rio-lujan\\\/#respond\"]}]},{\"@type\":\"WebPage\",\"@id\":\"https:\\\/\\\/noticiasmercedinas.com\\\/site\\\/2021\\\/02\\\/22\\\/organizaciones-rechazan-obras-planeadas-para-el-rio-lujan\\\/\",\"url\":\"https:\\\/\\\/noticiasmercedinas.com\\\/site\\\/2021\\\/02\\\/22\\\/organizaciones-rechazan-obras-planeadas-para-el-rio-lujan\\\/\",\"name\":\"Organizaciones rechazan obras planeadas para el r\u00edo Luj\u00e1n\",\"isPartOf\":{\"@id\":\"https:\\\/\\\/noticiasmercedinas.com\\\/site\\\/#website\"},\"primaryImageOfPage\":{\"@id\":\"https:\\\/\\\/noticiasmercedinas.com\\\/site\\\/2021\\\/02\\\/22\\\/organizaciones-rechazan-obras-planeadas-para-el-rio-lujan\\\/#primaryimage\"},\"image\":{\"@id\":\"https:\\\/\\\/noticiasmercedinas.com\\\/site\\\/2021\\\/02\\\/22\\\/organizaciones-rechazan-obras-planeadas-para-el-rio-lujan\\\/#primaryimage\"},\"thumbnailUrl\":\"https:\\\/\\\/noticiasmercedinas.com\\\/site\\\/wp-content\\\/uploads\\\/2021\\\/02\\\/WhatsApp-Image-2020-10-04-at-20.07.26-3.jpeg\",\"datePublished\":\"2021-02-22T21:37:31+00:00\",\"breadcrumb\":{\"@id\":\"https:\\\/\\\/noticiasmercedinas.com\\\/site\\\/2021\\\/02\\\/22\\\/organizaciones-rechazan-obras-planeadas-para-el-rio-lujan\\\/#breadcrumb\"},\"inLanguage\":\"es\",\"potentialAction\":[{\"@type\":\"ReadAction\",\"target\":[\"https:\\\/\\\/noticiasmercedinas.com\\\/site\\\/2021\\\/02\\\/22\\\/organizaciones-rechazan-obras-planeadas-para-el-rio-lujan\\\/\"]}]},{\"@type\":\"ImageObject\",\"inLanguage\":\"es\",\"@id\":\"https:\\\/\\\/noticiasmercedinas.com\\\/site\\\/2021\\\/02\\\/22\\\/organizaciones-rechazan-obras-planeadas-para-el-rio-lujan\\\/#primaryimage\",\"url\":\"https:\\\/\\\/noticiasmercedinas.com\\\/site\\\/wp-content\\\/uploads\\\/2021\\\/02\\\/WhatsApp-Image-2020-10-04-at-20.07.26-3.jpeg\",\"contentUrl\":\"https:\\\/\\\/noticiasmercedinas.com\\\/site\\\/wp-content\\\/uploads\\\/2021\\\/02\\\/WhatsApp-Image-2020-10-04-at-20.07.26-3.jpeg\",\"width\":1080,\"height\":1080},{\"@type\":\"BreadcrumbList\",\"@id\":\"https:\\\/\\\/noticiasmercedinas.com\\\/site\\\/2021\\\/02\\\/22\\\/organizaciones-rechazan-obras-planeadas-para-el-rio-lujan\\\/#breadcrumb\",\"itemListElement\":[{\"@type\":\"ListItem\",\"position\":1,\"name\":\"Portada\",\"item\":\"https:\\\/\\\/noticiasmercedinas.com\\\/site\\\/\"},{\"@type\":\"ListItem\",\"position\":2,\"name\":\"Organizaciones rechazan obras planeadas para el r\u00edo Luj\u00e1n\"}]},{\"@type\":\"WebSite\",\"@id\":\"https:\\\/\\\/noticiasmercedinas.com\\\/site\\\/#website\",\"url\":\"https:\\\/\\\/noticiasmercedinas.com\\\/site\\\/\",\"name\":\"NOTICIASMERCEDINAS.COM\",\"description\":\"Mercedes, Buenos Aires, Argentina\",\"publisher\":{\"@id\":\"https:\\\/\\\/noticiasmercedinas.com\\\/site\\\/#organization\"},\"potentialAction\":[{\"@type\":\"SearchAction\",\"target\":{\"@type\":\"EntryPoint\",\"urlTemplate\":\"https:\\\/\\\/noticiasmercedinas.com\\\/site\\\/?s={search_term_string}\"},\"query-input\":{\"@type\":\"PropertyValueSpecification\",\"valueRequired\":true,\"valueName\":\"search_term_string\"}}],\"inLanguage\":\"es\"},{\"@type\":\"Organization\",\"@id\":\"https:\\\/\\\/noticiasmercedinas.com\\\/site\\\/#organization\",\"name\":\"NOTICIASMERCEDINAS.COM\",\"url\":\"https:\\\/\\\/noticiasmercedinas.com\\\/site\\\/\",\"logo\":{\"@type\":\"ImageObject\",\"inLanguage\":\"es\",\"@id\":\"https:\\\/\\\/noticiasmercedinas.com\\\/site\\\/#\\\/schema\\\/logo\\\/image\\\/\",\"url\":\"https:\\\/\\\/noticiasmercedinas.com\\\/site\\\/wp-content\\\/uploads\\\/2020\\\/06\\\/LOGO-512.jpg\",\"contentUrl\":\"https:\\\/\\\/noticiasmercedinas.com\\\/site\\\/wp-content\\\/uploads\\\/2020\\\/06\\\/LOGO-512.jpg\",\"width\":512,\"height\":512,\"caption\":\"NOTICIASMERCEDINAS.COM\"},\"image\":{\"@id\":\"https:\\\/\\\/noticiasmercedinas.com\\\/site\\\/#\\\/schema\\\/logo\\\/image\\\/\"},\"sameAs\":[\"https:\\\/\\\/www.facebook.com\\\/noticiasmercedinas\\\/\",\"https:\\\/\\\/x.com\\\/notmercedinas\",\"https:\\\/\\\/www.instagram.com\\\/noticiasmercedinas\\\/\"]},{\"@type\":\"Person\",\"@id\":\"https:\\\/\\\/noticiasmercedinas.com\\\/site\\\/#\\\/schema\\\/person\\\/84b59c099c28ff2e8b77d4ceec5d8063\",\"name\":\"NOTICIASMERCEDINAS.COM\",\"image\":{\"@type\":\"ImageObject\",\"inLanguage\":\"es\",\"@id\":\"https:\\\/\\\/secure.gravatar.com\\\/avatar\\\/4dfbf16b4d17945bfb6341b2d19043457132fcf478a5ee04f42e959fd8f5df0a?s=96&d=mm&r=g\",\"url\":\"https:\\\/\\\/secure.gravatar.com\\\/avatar\\\/4dfbf16b4d17945bfb6341b2d19043457132fcf478a5ee04f42e959fd8f5df0a?s=96&d=mm&r=g\",\"contentUrl\":\"https:\\\/\\\/secure.gravatar.com\\\/avatar\\\/4dfbf16b4d17945bfb6341b2d19043457132fcf478a5ee04f42e959fd8f5df0a?s=96&d=mm&r=g\",\"caption\":\"NOTICIASMERCEDINAS.COM\"},\"url\":\"https:\\\/\\\/noticiasmercedinas.com\\\/site\\\/author\\\/anonimo\\\/\"}]}<\/script>\n<!-- \/ Yoast SEO plugin. -->","yoast_head_json":{"title":"Organizaciones rechazan obras planeadas para el r\u00edo Luj\u00e1n","robots":{"index":"index","follow":"follow","max-snippet":"max-snippet:-1","max-image-preview":"max-image-preview:large","max-video-preview":"max-video-preview:-1"},"canonical":"https:\/\/noticiasmercedinas.com\/site\/2021\/02\/22\/organizaciones-rechazan-obras-planeadas-para-el-rio-lujan\/","og_locale":"es_ES","og_type":"article","og_title":"Organizaciones rechazan obras planeadas para el r\u00edo Luj\u00e1n","og_description":"Las organizaciones que conforman la Red del R\u00edo Luj\u00e1n junto con autoconvocados\/as, vecinos\/as, damnificados\/as por las inundaciones y personas sensibilizadas con los da\u00f1os que causar\u00edan las obras hidr\u00e1ulicas planificadas en el r\u00edo Luj\u00e1n, manifestaron, una vez m\u00e1s, preocupaci\u00f3n y rechazo a la convocatoria del Organismo Provincial para el Desarrollo Sostenible (OPDS) a una \u00abinstancia de [&hellip;]","og_url":"https:\/\/noticiasmercedinas.com\/site\/2021\/02\/22\/organizaciones-rechazan-obras-planeadas-para-el-rio-lujan\/","og_site_name":"NOTICIASMERCEDINAS.COM","article_publisher":"https:\/\/www.facebook.com\/noticiasmercedinas\/","article_published_time":"2021-02-22T21:37:31+00:00","og_image":[{"width":1080,"height":1080,"url":"https:\/\/noticiasmercedinas.com\/site\/wp-content\/uploads\/2021\/02\/WhatsApp-Image-2020-10-04-at-20.07.26-3.jpeg","type":"image\/jpeg"}],"author":"NOTICIASMERCEDINAS.COM","twitter_card":"summary_large_image","twitter_creator":"@notmercedinas","twitter_site":"@notmercedinas","twitter_misc":{"Escrito por":"NOTICIASMERCEDINAS.COM","Tiempo de lectura":"3 minutos"},"schema":{"@context":"https:\/\/schema.org","@graph":[{"@type":"Article","@id":"https:\/\/noticiasmercedinas.com\/site\/2021\/02\/22\/organizaciones-rechazan-obras-planeadas-para-el-rio-lujan\/#article","isPartOf":{"@id":"https:\/\/noticiasmercedinas.com\/site\/2021\/02\/22\/organizaciones-rechazan-obras-planeadas-para-el-rio-lujan\/"},"author":{"name":"NOTICIASMERCEDINAS.COM","@id":"https:\/\/noticiasmercedinas.com\/site\/#\/schema\/person\/84b59c099c28ff2e8b77d4ceec5d8063"},"headline":"Organizaciones rechazan obras planeadas para el r\u00edo Luj\u00e1n","datePublished":"2021-02-22T21:37:31+00:00","mainEntityOfPage":{"@id":"https:\/\/noticiasmercedinas.com\/site\/2021\/02\/22\/organizaciones-rechazan-obras-planeadas-para-el-rio-lujan\/"},"wordCount":700,"commentCount":0,"publisher":{"@id":"https:\/\/noticiasmercedinas.com\/site\/#organization"},"image":{"@id":"https:\/\/noticiasmercedinas.com\/site\/2021\/02\/22\/organizaciones-rechazan-obras-planeadas-para-el-rio-lujan\/#primaryimage"},"thumbnailUrl":"https:\/\/noticiasmercedinas.com\/site\/wp-content\/uploads\/2021\/02\/WhatsApp-Image-2020-10-04-at-20.07.26-3.jpeg","keywords":["ambiente","Cuenca del R\u00edo Lujan","rio lujan"],"articleSection":["Ambiente"],"inLanguage":"es","potentialAction":[{"@type":"CommentAction","name":"Comment","target":["https:\/\/noticiasmercedinas.com\/site\/2021\/02\/22\/organizaciones-rechazan-obras-planeadas-para-el-rio-lujan\/#respond"]}]},{"@type":"WebPage","@id":"https:\/\/noticiasmercedinas.com\/site\/2021\/02\/22\/organizaciones-rechazan-obras-planeadas-para-el-rio-lujan\/","url":"https:\/\/noticiasmercedinas.com\/site\/2021\/02\/22\/organizaciones-rechazan-obras-planeadas-para-el-rio-lujan\/","name":"Organizaciones rechazan obras planeadas para el r\u00edo Luj\u00e1n","isPartOf":{"@id":"https:\/\/noticiasmercedinas.com\/site\/#website"},"primaryImageOfPage":{"@id":"https:\/\/noticiasmercedinas.com\/site\/2021\/02\/22\/organizaciones-rechazan-obras-planeadas-para-el-rio-lujan\/#primaryimage"},"image":{"@id":"https:\/\/noticiasmercedinas.com\/site\/2021\/02\/22\/organizaciones-rechazan-obras-planeadas-para-el-rio-lujan\/#primaryimage"},"thumbnailUrl":"https:\/\/noticiasmercedinas.com\/site\/wp-content\/uploads\/2021\/02\/WhatsApp-Image-2020-10-04-at-20.07.26-3.jpeg","datePublished":"2021-02-22T21:37:31+00:00","breadcrumb":{"@id":"https:\/\/noticiasmercedinas.com\/site\/2021\/02\/22\/organizaciones-rechazan-obras-planeadas-para-el-rio-lujan\/#breadcrumb"},"inLanguage":"es","potentialAction":[{"@type":"ReadAction","target":["https:\/\/noticiasmercedinas.com\/site\/2021\/02\/22\/organizaciones-rechazan-obras-planeadas-para-el-rio-lujan\/"]}]},{"@type":"ImageObject","inLanguage":"es","@id":"https:\/\/noticiasmercedinas.com\/site\/2021\/02\/22\/organizaciones-rechazan-obras-planeadas-para-el-rio-lujan\/#primaryimage","url":"https:\/\/noticiasmercedinas.com\/site\/wp-content\/uploads\/2021\/02\/WhatsApp-Image-2020-10-04-at-20.07.26-3.jpeg","contentUrl":"https:\/\/noticiasmercedinas.com\/site\/wp-content\/uploads\/2021\/02\/WhatsApp-Image-2020-10-04-at-20.07.26-3.jpeg","width":1080,"height":1080},{"@type":"BreadcrumbList","@id":"https:\/\/noticiasmercedinas.com\/site\/2021\/02\/22\/organizaciones-rechazan-obras-planeadas-para-el-rio-lujan\/#breadcrumb","itemListElement":[{"@type":"ListItem","position":1,"name":"Portada","item":"https:\/\/noticiasmercedinas.com\/site\/"},{"@type":"ListItem","position":2,"name":"Organizaciones rechazan obras planeadas para el r\u00edo Luj\u00e1n"}]},{"@type":"WebSite","@id":"https:\/\/noticiasmercedinas.com\/site\/#website","url":"https:\/\/noticiasmercedinas.com\/site\/","name":"NOTICIASMERCEDINAS.COM","description":"Mercedes, Buenos Aires, Argentina","publisher":{"@id":"https:\/\/noticiasmercedinas.com\/site\/#organization"},"potentialAction":[{"@type":"SearchAction","target":{"@type":"EntryPoint","urlTemplate":"https:\/\/noticiasmercedinas.com\/site\/?s={search_term_string}"},"query-input":{"@type":"PropertyValueSpecification","valueRequired":true,"valueName":"search_term_string"}}],"inLanguage":"es"},{"@type":"Organization","@id":"https:\/\/noticiasmercedinas.com\/site\/#organization","name":"NOTICIASMERCEDINAS.COM","url":"https:\/\/noticiasmercedinas.com\/site\/","logo":{"@type":"ImageObject","inLanguage":"es","@id":"https:\/\/noticiasmercedinas.com\/site\/#\/schema\/logo\/image\/","url":"https:\/\/noticiasmercedinas.com\/site\/wp-content\/uploads\/2020\/06\/LOGO-512.jpg","contentUrl":"https:\/\/noticiasmercedinas.com\/site\/wp-content\/uploads\/2020\/06\/LOGO-512.jpg","width":512,"height":512,"caption":"NOTICIASMERCEDINAS.COM"},"image":{"@id":"https:\/\/noticiasmercedinas.com\/site\/#\/schema\/logo\/image\/"},"sameAs":["https:\/\/www.facebook.com\/noticiasmercedinas\/","https:\/\/x.com\/notmercedinas","https:\/\/www.instagram.com\/noticiasmercedinas\/"]},{"@type":"Person","@id":"https:\/\/noticiasmercedinas.com\/site\/#\/schema\/person\/84b59c099c28ff2e8b77d4ceec5d8063","name":"NOTICIASMERCEDINAS.COM","image":{"@type":"ImageObject","inLanguage":"es","@id":"https:\/\/secure.gravatar.com\/avatar\/4dfbf16b4d17945bfb6341b2d19043457132fcf478a5ee04f42e959fd8f5df0a?s=96&d=mm&r=g","url":"https:\/\/secure.gravatar.com\/avatar\/4dfbf16b4d17945bfb6341b2d19043457132fcf478a5ee04f42e959fd8f5df0a?s=96&d=mm&r=g","contentUrl":"https:\/\/secure.gravatar.com\/avatar\/4dfbf16b4d17945bfb6341b2d19043457132fcf478a5ee04f42e959fd8f5df0a?s=96&d=mm&r=g","caption":"NOTICIASMERCEDINAS.COM"},"url":"https:\/\/noticiasmercedinas.com\/site\/author\/anonimo\/"}]}},"amp_enabled":true,"_links":{"self":[{"href":"https:\/\/noticiasmercedinas.com\/site\/wp-json\/wp\/v2\/posts\/61990","targetHints":{"allow":["GET"]}}],"collection":[{"href":"https:\/\/noticiasmercedinas.com\/site\/wp-json\/wp\/v2\/posts"}],"about":[{"href":"https:\/\/noticiasmercedinas.com\/site\/wp-json\/wp\/v2\/types\/post"}],"author":[{"embeddable":true,"href":"https:\/\/noticiasmercedinas.com\/site\/wp-json\/wp\/v2\/users\/16"}],"replies":[{"embeddable":true,"href":"https:\/\/noticiasmercedinas.com\/site\/wp-json\/wp\/v2\/comments?post=61990"}],"version-history":[{"count":1,"href":"https:\/\/noticiasmercedinas.com\/site\/wp-json\/wp\/v2\/posts\/61990\/revisions"}],"predecessor-version":[{"id":61992,"href":"https:\/\/noticiasmercedinas.com\/site\/wp-json\/wp\/v2\/posts\/61990\/revisions\/61992"}],"wp:featuredmedia":[{"embeddable":true,"href":"https:\/\/noticiasmercedinas.com\/site\/wp-json\/wp\/v2\/media\/61991"}],"wp:attachment":[{"href":"https:\/\/noticiasmercedinas.com\/site\/wp-json\/wp\/v2\/media?parent=61990"}],"wp:term":[{"taxonomy":"category","embeddable":true,"href":"https:\/\/noticiasmercedinas.com\/site\/wp-json\/wp\/v2\/categories?post=61990"},{"taxonomy":"post_tag","embeddable":true,"href":"https:\/\/noticiasmercedinas.com\/site\/wp-json\/wp\/v2\/tags?post=61990"}],"curies":[{"name":"wp","href":"https:\/\/api.w.org\/{rel}","templated":true}]}}