{"id":62133,"date":"2021-02-24T21:57:37","date_gmt":"2021-02-25T00:57:37","guid":{"rendered":"https:\/\/noticiasmercedinas.com\/site\/?p=62133"},"modified":"2021-02-24T22:09:37","modified_gmt":"2021-02-25T01:09:37","slug":"la-primera-gran-humillacion-del-loco-gatti-fue-en-mercedes","status":"publish","type":"post","link":"https:\/\/noticiasmercedinas.com\/site\/2021\/02\/24\/la-primera-gran-humillacion-del-loco-gatti-fue-en-mercedes\/","title":{"rendered":"La primera gran humillaci\u00f3n del Loco Gatti fue en Mercedes"},"content":{"rendered":"<p><img loading=\"lazy\" decoding=\"async\" class=\"alignnone size-full wp-image-62134\" src=\"https:\/\/noticiasmercedinas.com\/site\/wp-content\/uploads\/2021\/02\/gatti.jpg\" alt=\"\" width=\"640\" height=\"487\" srcset=\"https:\/\/noticiasmercedinas.com\/site\/wp-content\/uploads\/2021\/02\/gatti.jpg 640w, https:\/\/noticiasmercedinas.com\/site\/wp-content\/uploads\/2021\/02\/gatti-300x228.jpg 300w, https:\/\/noticiasmercedinas.com\/site\/wp-content\/uploads\/2021\/02\/gatti-80x60.jpg 80w, https:\/\/noticiasmercedinas.com\/site\/wp-content\/uploads\/2021\/02\/gatti-100x75.jpg 100w\" sizes=\"auto, (max-width: 640px) 100vw, 640px\" \/><\/p>\n<p>Un d\u00eda como hoy, 23 de febrero, pero de 1969, debutaba en el arco de Gimnasia y Esgrima de La Plata el arquero <strong>Hugo Orlando Gatti<\/strong> (hoy con 74 a\u00f1os de edad) teniendo anteriormente un paso por Atlanta de 1962-63 y River de 1964-68. Gatti seguir\u00eda m\u00e1s tarde su exitosa carrera en Uni\u00f3n de Santa Fe en 1975 para pasar luego a Boca hasta su retiro en 1988.<\/p>\n<p>Durante su paso por el \u201cLobo\u201d, a quien apodan el \u201cLoco\u201d por su particular estilo de pararse en el arco y jugar, por momentos lejos del mismo, pas\u00f3 por la cancha de la Liga Mercedina de F\u00fatbol en el marco de un amistoso que se concret\u00f3 all\u00e1 por 1975 entre un combinado local y Gimnasia, que vino con todos los titulares.<\/p>\n<p>\u201cRecuerdo que fue para una Fiesta del Durazno, patrocinado entre otros por el Banco de la Provincia de Buenos Aires. Yo estuve recibiendo la delegaci\u00f3n\u201d, cuenta <strong>Roberto Beyer<\/strong>, gilense que fue testigo de aquella presencia de Gatti por aquel entonces en calle Rep\u00fablica de Chile e ingreso del Parque Independencia, donde siempre estuvo la cancha.<\/p>\n<p>La foto de ese d\u00eda es fiel prueba de lo sucedido: tres arqueros, el mercedino <strong>\u201cQuique\u201d Rivero<\/strong>, <strong>Hugo Gatti<\/strong> y el lujanense <strong>Puglia<\/strong>. A aquel equipo mercedino lo dirigi\u00f3 <strong>\u201cVirola\u201d Ascenso<\/strong> y Rivero recuerda que por esa \u00e9poca jugaba en Estudiantes en la Liga. \u201cEsa fue una noche de mucho roc\u00edo\u201d, cont\u00f3 \u201cQuique\u201d que adem\u00e1s jug\u00f3 s\u00f3lo un tiempo para darle la oportunidad de estar en cancha al suplente, algo que se estilaba por aquel entonces.<\/p>\n<p>El resultado no fue anecd\u00f3tico: lo gan\u00f3 Gimnasia 4 a 2, pero hubo un gol muy particular que <strong>\u201cMiguelo\u201d Quiroga le marc\u00f3 al propio Gatti. Fue cuando desde lejos ensay\u00f3 un remate para dejar en evidencia el adelantamiento del \u201cLoco\u201d.<\/strong> Esa noche \u201cjug\u00f3 de 5 Quiroga\u201d, recuerda Rivero que estuvo en el arco del combinado y lamenta el fallecimiento hace a\u00f1os de quien marcaba la diferencia en la Liga, Quiroga.<\/p>\n<p>Ese d\u00eda, Jos\u00e9 Varacka DT de Gimnasia, consult\u00f3 por Quiroga que m\u00e1s tarde terminar\u00eda entrenando en el conjunto platense. Le llam\u00f3 la atenci\u00f3n de su desempe\u00f1o y mucho m\u00e1s por el gol convertido en cancha de la Liga, nada m\u00e1s y nada menos que a Gatti. Sobre esa situaci\u00f3n Rivero cont\u00f3: \u201cLa cancha en ese entonces era m\u00e1s chica, despu\u00e9s me puse a charlar con Varacka y me preguntaba por \u201cMiguelo\u201d para saber d\u00f3nde jugaba\u201d.<\/p>\n<p>\u201cDespu\u00e9s de la cancha nos vinimos al Club Gimnasia y en la mesa nos sentamos unos de un lado y otro, yo me siento casi enfrente de Gatti, \u00e9l pregunta, \u00bfpibe d\u00f3nde aprendiste sacar de esa manera?. Yo me empec\u00e9 re\u00edr, dici\u00e9ndole que ten\u00eda 30 a\u00f1os, comentando que lo miraba a Amadeo y despu\u00e9s a \u00e9l, iba a la cancha de River para verlos a los dos en Reserva y Primera\u201d, a lo que Gatti respondi\u00f3: \u201cAprendiste bien\u201d.<\/p>\n","protected":false},"excerpt":{"rendered":"<p>\u25a0 \u201cQuique\u201d Rivero record\u00f3 un amistoso donde del otro lado estuvo Hugo Gatti. Por aquel entonces arquero de Gimnasia sufri\u00f3 un golazo de \u201cMiguelo\u201d Quiroga, de media cancha.<\/p>\n","protected":false},"author":6,"featured_media":62134,"comment_status":"open","ping_status":"open","sticky":false,"template":"","format":"standard","meta":{"footnotes":""},"categories":[5],"tags":[27,11385,30,11386],"class_list":["post-62133","post","type-post","status-publish","format-standard","has-post-thumbnail","hentry","category-deportes","tag-futbol","tag-hugo-gatti","tag-liga","tag-quique-rivero"],"yoast_head":"<!-- This site is optimized with the Yoast SEO plugin v27.4 - https:\/\/yoast.com\/product\/yoast-seo-wordpress\/ -->\n<title>La primera gran humillaci\u00f3n del Loco Gatti fue en Mercedes<\/title>\n<meta name=\"robots\" content=\"index, follow, max-snippet:-1, max-image-preview:large, max-video-preview:-1\" \/>\n<link rel=\"canonical\" href=\"https:\/\/noticiasmercedinas.com\/site\/2021\/02\/24\/la-primera-gran-humillacion-del-loco-gatti-fue-en-mercedes\/\" \/>\n<meta property=\"og:locale\" content=\"es_ES\" \/>\n<meta property=\"og:type\" content=\"article\" \/>\n<meta property=\"og:title\" content=\"La primera gran humillaci\u00f3n del Loco Gatti fue en Mercedes\" \/>\n<meta property=\"og:description\" content=\"\u25a0 \u201cQuique\u201d Rivero record\u00f3 un amistoso donde del otro lado estuvo Hugo Gatti. Por aquel entonces arquero de Gimnasia sufri\u00f3 un golazo de \u201cMiguelo\u201d Quiroga, de media cancha.\" \/>\n<meta property=\"og:url\" content=\"https:\/\/noticiasmercedinas.com\/site\/2021\/02\/24\/la-primera-gran-humillacion-del-loco-gatti-fue-en-mercedes\/\" \/>\n<meta property=\"og:site_name\" content=\"NOTICIASMERCEDINAS.COM\" \/>\n<meta property=\"article:publisher\" content=\"https:\/\/www.facebook.com\/noticiasmercedinas\/\" \/>\n<meta property=\"article:published_time\" content=\"2021-02-25T00:57:37+00:00\" \/>\n<meta property=\"article:modified_time\" content=\"2021-02-25T01:09:37+00:00\" \/>\n<meta property=\"og:image\" content=\"https:\/\/noticiasmercedinas.com\/site\/wp-content\/uploads\/2021\/02\/gatti.jpg\" \/>\n\t<meta property=\"og:image:width\" content=\"640\" \/>\n\t<meta property=\"og:image:height\" content=\"487\" \/>\n\t<meta property=\"og:image:type\" content=\"image\/jpeg\" \/>\n<meta name=\"author\" content=\"Juan Dagnino NOTICIASMERCEDINAS.COM\" \/>\n<meta name=\"twitter:card\" content=\"summary_large_image\" \/>\n<meta name=\"twitter:creator\" content=\"@notmercedinas\" \/>\n<meta name=\"twitter:site\" content=\"@notmercedinas\" \/>\n<meta name=\"twitter:label1\" content=\"Escrito por\" \/>\n\t<meta name=\"twitter:data1\" content=\"Juan Dagnino NOTICIASMERCEDINAS.COM\" \/>\n\t<meta name=\"twitter:label2\" content=\"Tiempo de lectura\" \/>\n\t<meta name=\"twitter:data2\" content=\"3 minutos\" \/>\n<script type=\"application\/ld+json\" class=\"yoast-schema-graph\">{\"@context\":\"https:\\\/\\\/schema.org\",\"@graph\":[{\"@type\":\"Article\",\"@id\":\"https:\\\/\\\/noticiasmercedinas.com\\\/site\\\/2021\\\/02\\\/24\\\/la-primera-gran-humillacion-del-loco-gatti-fue-en-mercedes\\\/#article\",\"isPartOf\":{\"@id\":\"https:\\\/\\\/noticiasmercedinas.com\\\/site\\\/2021\\\/02\\\/24\\\/la-primera-gran-humillacion-del-loco-gatti-fue-en-mercedes\\\/\"},\"author\":{\"name\":\"Juan Dagnino NOTICIASMERCEDINAS.COM\",\"@id\":\"https:\\\/\\\/noticiasmercedinas.com\\\/site\\\/#\\\/schema\\\/person\\\/8f2f09d666ef40986eba4a5e6f2a06f9\"},\"headline\":\"La primera gran humillaci\u00f3n del Loco Gatti fue en Mercedes\",\"datePublished\":\"2021-02-25T00:57:37+00:00\",\"dateModified\":\"2021-02-25T01:09:37+00:00\",\"mainEntityOfPage\":{\"@id\":\"https:\\\/\\\/noticiasmercedinas.com\\\/site\\\/2021\\\/02\\\/24\\\/la-primera-gran-humillacion-del-loco-gatti-fue-en-mercedes\\\/\"},\"wordCount\":516,\"commentCount\":0,\"publisher\":{\"@id\":\"https:\\\/\\\/noticiasmercedinas.com\\\/site\\\/#organization\"},\"image\":{\"@id\":\"https:\\\/\\\/noticiasmercedinas.com\\\/site\\\/2021\\\/02\\\/24\\\/la-primera-gran-humillacion-del-loco-gatti-fue-en-mercedes\\\/#primaryimage\"},\"thumbnailUrl\":\"https:\\\/\\\/noticiasmercedinas.com\\\/site\\\/wp-content\\\/uploads\\\/2021\\\/02\\\/gatti.jpg\",\"keywords\":[\"futbol\",\"hugo gatti\",\"liga\",\"quique rivero\"],\"articleSection\":[\"Deportes\"],\"inLanguage\":\"es\",\"potentialAction\":[{\"@type\":\"CommentAction\",\"name\":\"Comment\",\"target\":[\"https:\\\/\\\/noticiasmercedinas.com\\\/site\\\/2021\\\/02\\\/24\\\/la-primera-gran-humillacion-del-loco-gatti-fue-en-mercedes\\\/#respond\"]}]},{\"@type\":\"WebPage\",\"@id\":\"https:\\\/\\\/noticiasmercedinas.com\\\/site\\\/2021\\\/02\\\/24\\\/la-primera-gran-humillacion-del-loco-gatti-fue-en-mercedes\\\/\",\"url\":\"https:\\\/\\\/noticiasmercedinas.com\\\/site\\\/2021\\\/02\\\/24\\\/la-primera-gran-humillacion-del-loco-gatti-fue-en-mercedes\\\/\",\"name\":\"La primera gran humillaci\u00f3n del Loco Gatti fue en Mercedes\",\"isPartOf\":{\"@id\":\"https:\\\/\\\/noticiasmercedinas.com\\\/site\\\/#website\"},\"primaryImageOfPage\":{\"@id\":\"https:\\\/\\\/noticiasmercedinas.com\\\/site\\\/2021\\\/02\\\/24\\\/la-primera-gran-humillacion-del-loco-gatti-fue-en-mercedes\\\/#primaryimage\"},\"image\":{\"@id\":\"https:\\\/\\\/noticiasmercedinas.com\\\/site\\\/2021\\\/02\\\/24\\\/la-primera-gran-humillacion-del-loco-gatti-fue-en-mercedes\\\/#primaryimage\"},\"thumbnailUrl\":\"https:\\\/\\\/noticiasmercedinas.com\\\/site\\\/wp-content\\\/uploads\\\/2021\\\/02\\\/gatti.jpg\",\"datePublished\":\"2021-02-25T00:57:37+00:00\",\"dateModified\":\"2021-02-25T01:09:37+00:00\",\"breadcrumb\":{\"@id\":\"https:\\\/\\\/noticiasmercedinas.com\\\/site\\\/2021\\\/02\\\/24\\\/la-primera-gran-humillacion-del-loco-gatti-fue-en-mercedes\\\/#breadcrumb\"},\"inLanguage\":\"es\",\"potentialAction\":[{\"@type\":\"ReadAction\",\"target\":[\"https:\\\/\\\/noticiasmercedinas.com\\\/site\\\/2021\\\/02\\\/24\\\/la-primera-gran-humillacion-del-loco-gatti-fue-en-mercedes\\\/\"]}]},{\"@type\":\"ImageObject\",\"inLanguage\":\"es\",\"@id\":\"https:\\\/\\\/noticiasmercedinas.com\\\/site\\\/2021\\\/02\\\/24\\\/la-primera-gran-humillacion-del-loco-gatti-fue-en-mercedes\\\/#primaryimage\",\"url\":\"https:\\\/\\\/noticiasmercedinas.com\\\/site\\\/wp-content\\\/uploads\\\/2021\\\/02\\\/gatti.jpg\",\"contentUrl\":\"https:\\\/\\\/noticiasmercedinas.com\\\/site\\\/wp-content\\\/uploads\\\/2021\\\/02\\\/gatti.jpg\",\"width\":640,\"height\":487},{\"@type\":\"BreadcrumbList\",\"@id\":\"https:\\\/\\\/noticiasmercedinas.com\\\/site\\\/2021\\\/02\\\/24\\\/la-primera-gran-humillacion-del-loco-gatti-fue-en-mercedes\\\/#breadcrumb\",\"itemListElement\":[{\"@type\":\"ListItem\",\"position\":1,\"name\":\"Portada\",\"item\":\"https:\\\/\\\/noticiasmercedinas.com\\\/site\\\/\"},{\"@type\":\"ListItem\",\"position\":2,\"name\":\"La primera gran humillaci\u00f3n del Loco Gatti fue en Mercedes\"}]},{\"@type\":\"WebSite\",\"@id\":\"https:\\\/\\\/noticiasmercedinas.com\\\/site\\\/#website\",\"url\":\"https:\\\/\\\/noticiasmercedinas.com\\\/site\\\/\",\"name\":\"NOTICIASMERCEDINAS.COM\",\"description\":\"Mercedes, Buenos Aires, Argentina\",\"publisher\":{\"@id\":\"https:\\\/\\\/noticiasmercedinas.com\\\/site\\\/#organization\"},\"potentialAction\":[{\"@type\":\"SearchAction\",\"target\":{\"@type\":\"EntryPoint\",\"urlTemplate\":\"https:\\\/\\\/noticiasmercedinas.com\\\/site\\\/?s={search_term_string}\"},\"query-input\":{\"@type\":\"PropertyValueSpecification\",\"valueRequired\":true,\"valueName\":\"search_term_string\"}}],\"inLanguage\":\"es\"},{\"@type\":\"Organization\",\"@id\":\"https:\\\/\\\/noticiasmercedinas.com\\\/site\\\/#organization\",\"name\":\"NOTICIASMERCEDINAS.COM\",\"url\":\"https:\\\/\\\/noticiasmercedinas.com\\\/site\\\/\",\"logo\":{\"@type\":\"ImageObject\",\"inLanguage\":\"es\",\"@id\":\"https:\\\/\\\/noticiasmercedinas.com\\\/site\\\/#\\\/schema\\\/logo\\\/image\\\/\",\"url\":\"https:\\\/\\\/noticiasmercedinas.com\\\/site\\\/wp-content\\\/uploads\\\/2020\\\/06\\\/LOGO-512.jpg\",\"contentUrl\":\"https:\\\/\\\/noticiasmercedinas.com\\\/site\\\/wp-content\\\/uploads\\\/2020\\\/06\\\/LOGO-512.jpg\",\"width\":512,\"height\":512,\"caption\":\"NOTICIASMERCEDINAS.COM\"},\"image\":{\"@id\":\"https:\\\/\\\/noticiasmercedinas.com\\\/site\\\/#\\\/schema\\\/logo\\\/image\\\/\"},\"sameAs\":[\"https:\\\/\\\/www.facebook.com\\\/noticiasmercedinas\\\/\",\"https:\\\/\\\/x.com\\\/notmercedinas\",\"https:\\\/\\\/www.instagram.com\\\/noticiasmercedinas\\\/\"]},{\"@type\":\"Person\",\"@id\":\"https:\\\/\\\/noticiasmercedinas.com\\\/site\\\/#\\\/schema\\\/person\\\/8f2f09d666ef40986eba4a5e6f2a06f9\",\"name\":\"Juan Dagnino NOTICIASMERCEDINAS.COM\",\"image\":{\"@type\":\"ImageObject\",\"inLanguage\":\"es\",\"@id\":\"https:\\\/\\\/secure.gravatar.com\\\/avatar\\\/fc7059a769f5a3cae65fadb228a3e4accf3a64b4b2305020d0a27e6d5333c91b?s=96&d=mm&r=g\",\"url\":\"https:\\\/\\\/secure.gravatar.com\\\/avatar\\\/fc7059a769f5a3cae65fadb228a3e4accf3a64b4b2305020d0a27e6d5333c91b?s=96&d=mm&r=g\",\"contentUrl\":\"https:\\\/\\\/secure.gravatar.com\\\/avatar\\\/fc7059a769f5a3cae65fadb228a3e4accf3a64b4b2305020d0a27e6d5333c91b?s=96&d=mm&r=g\",\"caption\":\"Juan Dagnino NOTICIASMERCEDINAS.COM\"},\"url\":\"https:\\\/\\\/noticiasmercedinas.com\\\/site\\\/author\\\/juandagnino\\\/\"}]}<\/script>\n<!-- \/ Yoast SEO plugin. -->","yoast_head_json":{"title":"La primera gran humillaci\u00f3n del Loco Gatti fue en Mercedes","robots":{"index":"index","follow":"follow","max-snippet":"max-snippet:-1","max-image-preview":"max-image-preview:large","max-video-preview":"max-video-preview:-1"},"canonical":"https:\/\/noticiasmercedinas.com\/site\/2021\/02\/24\/la-primera-gran-humillacion-del-loco-gatti-fue-en-mercedes\/","og_locale":"es_ES","og_type":"article","og_title":"La primera gran humillaci\u00f3n del Loco Gatti fue en Mercedes","og_description":"\u25a0 \u201cQuique\u201d Rivero record\u00f3 un amistoso donde del otro lado estuvo Hugo Gatti. Por aquel entonces arquero de Gimnasia sufri\u00f3 un golazo de \u201cMiguelo\u201d Quiroga, de media cancha.","og_url":"https:\/\/noticiasmercedinas.com\/site\/2021\/02\/24\/la-primera-gran-humillacion-del-loco-gatti-fue-en-mercedes\/","og_site_name":"NOTICIASMERCEDINAS.COM","article_publisher":"https:\/\/www.facebook.com\/noticiasmercedinas\/","article_published_time":"2021-02-25T00:57:37+00:00","article_modified_time":"2021-02-25T01:09:37+00:00","og_image":[{"width":640,"height":487,"url":"https:\/\/noticiasmercedinas.com\/site\/wp-content\/uploads\/2021\/02\/gatti.jpg","type":"image\/jpeg"}],"author":"Juan Dagnino NOTICIASMERCEDINAS.COM","twitter_card":"summary_large_image","twitter_creator":"@notmercedinas","twitter_site":"@notmercedinas","twitter_misc":{"Escrito por":"Juan Dagnino NOTICIASMERCEDINAS.COM","Tiempo de lectura":"3 minutos"},"schema":{"@context":"https:\/\/schema.org","@graph":[{"@type":"Article","@id":"https:\/\/noticiasmercedinas.com\/site\/2021\/02\/24\/la-primera-gran-humillacion-del-loco-gatti-fue-en-mercedes\/#article","isPartOf":{"@id":"https:\/\/noticiasmercedinas.com\/site\/2021\/02\/24\/la-primera-gran-humillacion-del-loco-gatti-fue-en-mercedes\/"},"author":{"name":"Juan Dagnino NOTICIASMERCEDINAS.COM","@id":"https:\/\/noticiasmercedinas.com\/site\/#\/schema\/person\/8f2f09d666ef40986eba4a5e6f2a06f9"},"headline":"La primera gran humillaci\u00f3n del Loco Gatti fue en Mercedes","datePublished":"2021-02-25T00:57:37+00:00","dateModified":"2021-02-25T01:09:37+00:00","mainEntityOfPage":{"@id":"https:\/\/noticiasmercedinas.com\/site\/2021\/02\/24\/la-primera-gran-humillacion-del-loco-gatti-fue-en-mercedes\/"},"wordCount":516,"commentCount":0,"publisher":{"@id":"https:\/\/noticiasmercedinas.com\/site\/#organization"},"image":{"@id":"https:\/\/noticiasmercedinas.com\/site\/2021\/02\/24\/la-primera-gran-humillacion-del-loco-gatti-fue-en-mercedes\/#primaryimage"},"thumbnailUrl":"https:\/\/noticiasmercedinas.com\/site\/wp-content\/uploads\/2021\/02\/gatti.jpg","keywords":["futbol","hugo gatti","liga","quique rivero"],"articleSection":["Deportes"],"inLanguage":"es","potentialAction":[{"@type":"CommentAction","name":"Comment","target":["https:\/\/noticiasmercedinas.com\/site\/2021\/02\/24\/la-primera-gran-humillacion-del-loco-gatti-fue-en-mercedes\/#respond"]}]},{"@type":"WebPage","@id":"https:\/\/noticiasmercedinas.com\/site\/2021\/02\/24\/la-primera-gran-humillacion-del-loco-gatti-fue-en-mercedes\/","url":"https:\/\/noticiasmercedinas.com\/site\/2021\/02\/24\/la-primera-gran-humillacion-del-loco-gatti-fue-en-mercedes\/","name":"La primera gran humillaci\u00f3n del Loco Gatti fue en Mercedes","isPartOf":{"@id":"https:\/\/noticiasmercedinas.com\/site\/#website"},"primaryImageOfPage":{"@id":"https:\/\/noticiasmercedinas.com\/site\/2021\/02\/24\/la-primera-gran-humillacion-del-loco-gatti-fue-en-mercedes\/#primaryimage"},"image":{"@id":"https:\/\/noticiasmercedinas.com\/site\/2021\/02\/24\/la-primera-gran-humillacion-del-loco-gatti-fue-en-mercedes\/#primaryimage"},"thumbnailUrl":"https:\/\/noticiasmercedinas.com\/site\/wp-content\/uploads\/2021\/02\/gatti.jpg","datePublished":"2021-02-25T00:57:37+00:00","dateModified":"2021-02-25T01:09:37+00:00","breadcrumb":{"@id":"https:\/\/noticiasmercedinas.com\/site\/2021\/02\/24\/la-primera-gran-humillacion-del-loco-gatti-fue-en-mercedes\/#breadcrumb"},"inLanguage":"es","potentialAction":[{"@type":"ReadAction","target":["https:\/\/noticiasmercedinas.com\/site\/2021\/02\/24\/la-primera-gran-humillacion-del-loco-gatti-fue-en-mercedes\/"]}]},{"@type":"ImageObject","inLanguage":"es","@id":"https:\/\/noticiasmercedinas.com\/site\/2021\/02\/24\/la-primera-gran-humillacion-del-loco-gatti-fue-en-mercedes\/#primaryimage","url":"https:\/\/noticiasmercedinas.com\/site\/wp-content\/uploads\/2021\/02\/gatti.jpg","contentUrl":"https:\/\/noticiasmercedinas.com\/site\/wp-content\/uploads\/2021\/02\/gatti.jpg","width":640,"height":487},{"@type":"BreadcrumbList","@id":"https:\/\/noticiasmercedinas.com\/site\/2021\/02\/24\/la-primera-gran-humillacion-del-loco-gatti-fue-en-mercedes\/#breadcrumb","itemListElement":[{"@type":"ListItem","position":1,"name":"Portada","item":"https:\/\/noticiasmercedinas.com\/site\/"},{"@type":"ListItem","position":2,"name":"La primera gran humillaci\u00f3n del Loco Gatti fue en Mercedes"}]},{"@type":"WebSite","@id":"https:\/\/noticiasmercedinas.com\/site\/#website","url":"https:\/\/noticiasmercedinas.com\/site\/","name":"NOTICIASMERCEDINAS.COM","description":"Mercedes, Buenos Aires, Argentina","publisher":{"@id":"https:\/\/noticiasmercedinas.com\/site\/#organization"},"potentialAction":[{"@type":"SearchAction","target":{"@type":"EntryPoint","urlTemplate":"https:\/\/noticiasmercedinas.com\/site\/?s={search_term_string}"},"query-input":{"@type":"PropertyValueSpecification","valueRequired":true,"valueName":"search_term_string"}}],"inLanguage":"es"},{"@type":"Organization","@id":"https:\/\/noticiasmercedinas.com\/site\/#organization","name":"NOTICIASMERCEDINAS.COM","url":"https:\/\/noticiasmercedinas.com\/site\/","logo":{"@type":"ImageObject","inLanguage":"es","@id":"https:\/\/noticiasmercedinas.com\/site\/#\/schema\/logo\/image\/","url":"https:\/\/noticiasmercedinas.com\/site\/wp-content\/uploads\/2020\/06\/LOGO-512.jpg","contentUrl":"https:\/\/noticiasmercedinas.com\/site\/wp-content\/uploads\/2020\/06\/LOGO-512.jpg","width":512,"height":512,"caption":"NOTICIASMERCEDINAS.COM"},"image":{"@id":"https:\/\/noticiasmercedinas.com\/site\/#\/schema\/logo\/image\/"},"sameAs":["https:\/\/www.facebook.com\/noticiasmercedinas\/","https:\/\/x.com\/notmercedinas","https:\/\/www.instagram.com\/noticiasmercedinas\/"]},{"@type":"Person","@id":"https:\/\/noticiasmercedinas.com\/site\/#\/schema\/person\/8f2f09d666ef40986eba4a5e6f2a06f9","name":"Juan Dagnino NOTICIASMERCEDINAS.COM","image":{"@type":"ImageObject","inLanguage":"es","@id":"https:\/\/secure.gravatar.com\/avatar\/fc7059a769f5a3cae65fadb228a3e4accf3a64b4b2305020d0a27e6d5333c91b?s=96&d=mm&r=g","url":"https:\/\/secure.gravatar.com\/avatar\/fc7059a769f5a3cae65fadb228a3e4accf3a64b4b2305020d0a27e6d5333c91b?s=96&d=mm&r=g","contentUrl":"https:\/\/secure.gravatar.com\/avatar\/fc7059a769f5a3cae65fadb228a3e4accf3a64b4b2305020d0a27e6d5333c91b?s=96&d=mm&r=g","caption":"Juan Dagnino NOTICIASMERCEDINAS.COM"},"url":"https:\/\/noticiasmercedinas.com\/site\/author\/juandagnino\/"}]}},"amp_enabled":true,"_links":{"self":[{"href":"https:\/\/noticiasmercedinas.com\/site\/wp-json\/wp\/v2\/posts\/62133","targetHints":{"allow":["GET"]}}],"collection":[{"href":"https:\/\/noticiasmercedinas.com\/site\/wp-json\/wp\/v2\/posts"}],"about":[{"href":"https:\/\/noticiasmercedinas.com\/site\/wp-json\/wp\/v2\/types\/post"}],"author":[{"embeddable":true,"href":"https:\/\/noticiasmercedinas.com\/site\/wp-json\/wp\/v2\/users\/6"}],"replies":[{"embeddable":true,"href":"https:\/\/noticiasmercedinas.com\/site\/wp-json\/wp\/v2\/comments?post=62133"}],"version-history":[{"count":3,"href":"https:\/\/noticiasmercedinas.com\/site\/wp-json\/wp\/v2\/posts\/62133\/revisions"}],"predecessor-version":[{"id":62137,"href":"https:\/\/noticiasmercedinas.com\/site\/wp-json\/wp\/v2\/posts\/62133\/revisions\/62137"}],"wp:featuredmedia":[{"embeddable":true,"href":"https:\/\/noticiasmercedinas.com\/site\/wp-json\/wp\/v2\/media\/62134"}],"wp:attachment":[{"href":"https:\/\/noticiasmercedinas.com\/site\/wp-json\/wp\/v2\/media?parent=62133"}],"wp:term":[{"taxonomy":"category","embeddable":true,"href":"https:\/\/noticiasmercedinas.com\/site\/wp-json\/wp\/v2\/categories?post=62133"},{"taxonomy":"post_tag","embeddable":true,"href":"https:\/\/noticiasmercedinas.com\/site\/wp-json\/wp\/v2\/tags?post=62133"}],"curies":[{"name":"wp","href":"https:\/\/api.w.org\/{rel}","templated":true}]}}