{"id":62300,"date":"2021-02-26T22:59:42","date_gmt":"2021-02-27T01:59:42","guid":{"rendered":"https:\/\/noticiasmercedinas.com\/site\/?p=62300"},"modified":"2021-02-26T23:03:45","modified_gmt":"2021-02-27T02:03:45","slug":"una-lesion-trunco-todo","status":"publish","type":"post","link":"https:\/\/noticiasmercedinas.com\/site\/2021\/02\/26\/una-lesion-trunco-todo\/","title":{"rendered":"Una lesi\u00f3n trunc\u00f3 todo"},"content":{"rendered":"<figure id=\"attachment_62301\" aria-describedby=\"caption-attachment-62301\" style=\"width: 640px\" class=\"wp-caption alignnone\"><img loading=\"lazy\" decoding=\"async\" class=\"wp-image-62301 size-full\" src=\"https:\/\/noticiasmercedinas.com\/site\/wp-content\/uploads\/2021\/02\/IMG_1888.jpg\" alt=\"\" width=\"640\" height=\"428\" srcset=\"https:\/\/noticiasmercedinas.com\/site\/wp-content\/uploads\/2021\/02\/IMG_1888.jpg 640w, https:\/\/noticiasmercedinas.com\/site\/wp-content\/uploads\/2021\/02\/IMG_1888-300x201.jpg 300w, https:\/\/noticiasmercedinas.com\/site\/wp-content\/uploads\/2021\/02\/IMG_1888-537x360.jpg 537w\" sizes=\"auto, (max-width: 640px) 100vw, 640px\" \/><figcaption id=\"caption-attachment-62301\" class=\"wp-caption-text\">Una lesi\u00f3n dej\u00f3 sin poder continuar a Sequeira. (Foto archivo)<\/figcaption><\/figure>\n<p>Este viernes 26 se produjo el regreso al ring del mercedino Walter Gabriel Sequeira (33), que hab\u00eda tenido como \u00faltima presentaci\u00f3n el pasado 29 de febrero de 2020 en Lan\u00fas. Esta vez, siendo parte el \u201cYacar\u00e9\u201d del doble fondo estelar en el marco de una velada organizada por Argentina Boxing Promotions con la televisaci\u00f3n de TyC Sports en el Microestadio Municipal de Hurlingham (Buenos Aires).<\/p>\n<p>El ex monarca Latino y Argentino Mediopesado Walter Sequeira que un d\u00eda atr\u00e1s acus\u00f3 79,300 kg enfrent\u00f3 al actual campe\u00f3n Fedebol Mediopesado de la Asociaci\u00f3n Mundial de Boxeo (AMB), el de Jos\u00e9 M\u00e1rmol, Hern\u00e1n \u201cEl Picante\u201d P\u00e9rez (31), que en la b\u00e1scula registr\u00f3 77,600 kg. Para ambos estuvo en disputa del t\u00edtulo Sudamericano Mediopesado, que se encontraba vacante.<\/p>\n<p>Con el arbitraje de V\u00edctor S\u00e1nchez, como jueces Javier Geido, N\u00e9stor Savino y Angel Gorreri y el supervisor\u00a0 Luis Doffi, todos de la FAB, hubo boxeo entre dos p\u00fagiles que se enfrentaron por primera vez. Con un estilo que fue probando en guanteos y parte de lo suyo el \u201cYacar\u00e9\u201d fue castigando a P\u00e9rez para quedarse con las primeras cuatro vueltas, sin dejar dudas.<\/p>\n<p>Es m\u00e1s, en el cuarto P\u00e9rez recibi\u00f3 la cuenta de protecci\u00f3n que super\u00f3. Ya en el quinto el mercedino disminuy\u00f3 su trabajo y creci\u00f3 en parte la propuesta del rival, aunque sin hacer sentir sus golpes, apelando a la larga distancia. Ya para el sexto el del barrio Calvillo se recuper\u00f3 y castig\u00f3 con ganchos para quedarse con la vuelta seis.<\/p>\n<p>Algo recuperado de lo que le propin\u00f3 Sequeira el pupilo de Paniagua aprovech\u00f3 la lesi\u00f3n del mercedino y lo llev\u00f3 contra las cuerdas en el round siete. El octavo ser\u00eda clave, la molestia en la pierna izquierda de Sequeira se acrecent\u00f3 y all\u00ed, al 1\u2019 36\u201d el \u00e1rbitro dio por culminado el combate con un KO. T\u00edtulo para P\u00e9rez que por momentos tuvo el combate cuesta arriba, vi\u00e9ndose favorecido por la lesi\u00f3n de Sequeira.<\/p>\n<p>El r\u00e9cord ahora marca (7-3, 3 KO) para P\u00e9rez quedando Sequeira (23-8, 15 KO), el \u201cYacar\u00e9\u201d con un a\u00f1o de inactividad y dedic\u00e1ndole una buena preparaci\u00f3n para lo que fue esta noche. Su flamante equipo no tendr\u00e1 que bajar los brazos, cumpli\u00f3 en el pesaje y falt\u00f3 muy poco para tener una noche favorable. Habr\u00e1, seguramente otra oportunidad para el \u201cYacar\u00e9\u201d.<\/p>\n<p><strong>Otros combates<\/strong><br \/>\nEmmanuel \u00abGES\u00bb Schramm (66,650 kg. 9-0-1, 6 KO) GKOT 2 a Mat\u00edas D\u00edaz (66,600 kg. 8-6-1, 1 KO).<\/p>\n<p>Gerardo \u00abCarb\u00f3n\u00bb P\u00e9rez (61,400 kg. 6-1, 1 KO) GDU 6 a Sergio \u00abCoco\u00bb Quintana (63,200 kg. 3-5) con tarjetas 59-54, 58-55 y 59-54.<\/p>\n<p>Leandro \u00abHurac\u00e1n\u00bb Fonseca (66,450 kg. 4-0-1, 2 KO) vs. GKOT 3 a Juan Balbuena (65,150 kg. 0-1).<\/p>\n<p>Maximiliano Maidana (54,900 kg. 5-0-1, 2 KO) EDM 4 Jorge Acosta (54,100 kg. 1-3-2) con tarjetas 38-38, 39-37 Maidana, 38-38.<\/p>\n<p><strong>T\u00edtulo<\/strong><br \/>\nEn el cierre de la noche Acevedo ex monarca Latino Plata del Consejo Mundial de Boxeo (CMB) tuvo enfrente a De Le\u00f3n estando em juego el t\u00edtulo Argentino Ligero. Fue KO seis del pupilo de \u201cLatigo\u201d Coggi, el juninense De Le\u00f3n que es el nuevo campe\u00f3n de la categor\u00eda. La hoy result\u00f3 ser una aceptable noche de boxeo argentino.<\/p>\n<p>Como dato extra, la velada no cont\u00f3 con p\u00fablico por lo que fue seguida en la pantalla de TyC Sports. Adem\u00e1s vale destacar la entereza de Sequeira que tras el fallecimiento de su padre Angel no dud\u00f3 en confirmar su combate de esta noche. El ahora pupilo de \u00abPana\u00bb Sosa tendr\u00e1 un descanso y analizar las propuestas que puedan salir en el orden nacional o exterior.<\/p>\n","protected":false},"excerpt":{"rendered":"<p>\u25a0 Walter Sequeira ven\u00eda dominando el combate ante Hern\u00e1n P\u00e9rez. Una lesi\u00f3n en la pierna izquierda le impidi\u00f3 poder continuar en la octava vuelta al 1\u2019 36\u201d. El de Jos\u00e9 M\u00e1rmol se qued\u00f3 con el t\u00edtulo Sudamericano Mediopesado.<\/p>\n","protected":false},"author":6,"featured_media":62301,"comment_status":"open","ping_status":"open","sticky":false,"template":"","format":"standard","meta":{"footnotes":""},"categories":[5],"tags":[93,2965,1312],"class_list":["post-62300","post","type-post","status-publish","format-standard","has-post-thumbnail","hentry","category-deportes","tag-boxeo","tag-hurlingham","tag-walter-sequeira"],"yoast_head":"<!-- This site is optimized with the Yoast SEO plugin v27.4 - https:\/\/yoast.com\/product\/yoast-seo-wordpress\/ -->\n<title>Una lesi\u00f3n trunc\u00f3 todo<\/title>\n<meta name=\"robots\" content=\"index, follow, max-snippet:-1, max-image-preview:large, max-video-preview:-1\" \/>\n<link rel=\"canonical\" href=\"https:\/\/noticiasmercedinas.com\/site\/2021\/02\/26\/una-lesion-trunco-todo\/\" \/>\n<meta property=\"og:locale\" content=\"es_ES\" \/>\n<meta property=\"og:type\" content=\"article\" \/>\n<meta property=\"og:title\" content=\"Una lesi\u00f3n trunc\u00f3 todo\" \/>\n<meta property=\"og:description\" content=\"\u25a0 Walter Sequeira ven\u00eda dominando el combate ante Hern\u00e1n P\u00e9rez. Una lesi\u00f3n en la pierna izquierda le impidi\u00f3 poder continuar en la octava vuelta al 1\u2019 36\u201d. El de Jos\u00e9 M\u00e1rmol se qued\u00f3 con el t\u00edtulo Sudamericano Mediopesado.\" \/>\n<meta property=\"og:url\" content=\"https:\/\/noticiasmercedinas.com\/site\/2021\/02\/26\/una-lesion-trunco-todo\/\" \/>\n<meta property=\"og:site_name\" content=\"NOTICIASMERCEDINAS.COM\" \/>\n<meta property=\"article:publisher\" content=\"https:\/\/www.facebook.com\/noticiasmercedinas\/\" \/>\n<meta property=\"article:published_time\" content=\"2021-02-27T01:59:42+00:00\" \/>\n<meta property=\"article:modified_time\" content=\"2021-02-27T02:03:45+00:00\" \/>\n<meta property=\"og:image\" content=\"https:\/\/noticiasmercedinas.com\/site\/wp-content\/uploads\/2021\/02\/IMG_1888.jpg\" \/>\n\t<meta property=\"og:image:width\" content=\"640\" \/>\n\t<meta property=\"og:image:height\" content=\"428\" \/>\n\t<meta property=\"og:image:type\" content=\"image\/jpeg\" \/>\n<meta name=\"author\" content=\"Juan Dagnino NOTICIASMERCEDINAS.COM\" \/>\n<meta name=\"twitter:card\" content=\"summary_large_image\" \/>\n<meta name=\"twitter:creator\" content=\"@notmercedinas\" \/>\n<meta name=\"twitter:site\" content=\"@notmercedinas\" \/>\n<meta name=\"twitter:label1\" content=\"Escrito por\" \/>\n\t<meta name=\"twitter:data1\" content=\"Juan Dagnino NOTICIASMERCEDINAS.COM\" \/>\n\t<meta name=\"twitter:label2\" content=\"Tiempo de lectura\" \/>\n\t<meta name=\"twitter:data2\" content=\"3 minutos\" \/>\n<script type=\"application\/ld+json\" class=\"yoast-schema-graph\">{\"@context\":\"https:\\\/\\\/schema.org\",\"@graph\":[{\"@type\":\"Article\",\"@id\":\"https:\\\/\\\/noticiasmercedinas.com\\\/site\\\/2021\\\/02\\\/26\\\/una-lesion-trunco-todo\\\/#article\",\"isPartOf\":{\"@id\":\"https:\\\/\\\/noticiasmercedinas.com\\\/site\\\/2021\\\/02\\\/26\\\/una-lesion-trunco-todo\\\/\"},\"author\":{\"name\":\"Juan Dagnino NOTICIASMERCEDINAS.COM\",\"@id\":\"https:\\\/\\\/noticiasmercedinas.com\\\/site\\\/#\\\/schema\\\/person\\\/8f2f09d666ef40986eba4a5e6f2a06f9\"},\"headline\":\"Una lesi\u00f3n trunc\u00f3 todo\",\"datePublished\":\"2021-02-27T01:59:42+00:00\",\"dateModified\":\"2021-02-27T02:03:45+00:00\",\"mainEntityOfPage\":{\"@id\":\"https:\\\/\\\/noticiasmercedinas.com\\\/site\\\/2021\\\/02\\\/26\\\/una-lesion-trunco-todo\\\/\"},\"wordCount\":634,\"commentCount\":0,\"publisher\":{\"@id\":\"https:\\\/\\\/noticiasmercedinas.com\\\/site\\\/#organization\"},\"image\":{\"@id\":\"https:\\\/\\\/noticiasmercedinas.com\\\/site\\\/2021\\\/02\\\/26\\\/una-lesion-trunco-todo\\\/#primaryimage\"},\"thumbnailUrl\":\"https:\\\/\\\/noticiasmercedinas.com\\\/site\\\/wp-content\\\/uploads\\\/2021\\\/02\\\/IMG_1888.jpg\",\"keywords\":[\"boxeo\",\"Hurlingham\",\"walter sequeira\"],\"articleSection\":[\"Deportes\"],\"inLanguage\":\"es\",\"potentialAction\":[{\"@type\":\"CommentAction\",\"name\":\"Comment\",\"target\":[\"https:\\\/\\\/noticiasmercedinas.com\\\/site\\\/2021\\\/02\\\/26\\\/una-lesion-trunco-todo\\\/#respond\"]}]},{\"@type\":\"WebPage\",\"@id\":\"https:\\\/\\\/noticiasmercedinas.com\\\/site\\\/2021\\\/02\\\/26\\\/una-lesion-trunco-todo\\\/\",\"url\":\"https:\\\/\\\/noticiasmercedinas.com\\\/site\\\/2021\\\/02\\\/26\\\/una-lesion-trunco-todo\\\/\",\"name\":\"Una lesi\u00f3n trunc\u00f3 todo\",\"isPartOf\":{\"@id\":\"https:\\\/\\\/noticiasmercedinas.com\\\/site\\\/#website\"},\"primaryImageOfPage\":{\"@id\":\"https:\\\/\\\/noticiasmercedinas.com\\\/site\\\/2021\\\/02\\\/26\\\/una-lesion-trunco-todo\\\/#primaryimage\"},\"image\":{\"@id\":\"https:\\\/\\\/noticiasmercedinas.com\\\/site\\\/2021\\\/02\\\/26\\\/una-lesion-trunco-todo\\\/#primaryimage\"},\"thumbnailUrl\":\"https:\\\/\\\/noticiasmercedinas.com\\\/site\\\/wp-content\\\/uploads\\\/2021\\\/02\\\/IMG_1888.jpg\",\"datePublished\":\"2021-02-27T01:59:42+00:00\",\"dateModified\":\"2021-02-27T02:03:45+00:00\",\"breadcrumb\":{\"@id\":\"https:\\\/\\\/noticiasmercedinas.com\\\/site\\\/2021\\\/02\\\/26\\\/una-lesion-trunco-todo\\\/#breadcrumb\"},\"inLanguage\":\"es\",\"potentialAction\":[{\"@type\":\"ReadAction\",\"target\":[\"https:\\\/\\\/noticiasmercedinas.com\\\/site\\\/2021\\\/02\\\/26\\\/una-lesion-trunco-todo\\\/\"]}]},{\"@type\":\"ImageObject\",\"inLanguage\":\"es\",\"@id\":\"https:\\\/\\\/noticiasmercedinas.com\\\/site\\\/2021\\\/02\\\/26\\\/una-lesion-trunco-todo\\\/#primaryimage\",\"url\":\"https:\\\/\\\/noticiasmercedinas.com\\\/site\\\/wp-content\\\/uploads\\\/2021\\\/02\\\/IMG_1888.jpg\",\"contentUrl\":\"https:\\\/\\\/noticiasmercedinas.com\\\/site\\\/wp-content\\\/uploads\\\/2021\\\/02\\\/IMG_1888.jpg\",\"width\":640,\"height\":428},{\"@type\":\"BreadcrumbList\",\"@id\":\"https:\\\/\\\/noticiasmercedinas.com\\\/site\\\/2021\\\/02\\\/26\\\/una-lesion-trunco-todo\\\/#breadcrumb\",\"itemListElement\":[{\"@type\":\"ListItem\",\"position\":1,\"name\":\"Portada\",\"item\":\"https:\\\/\\\/noticiasmercedinas.com\\\/site\\\/\"},{\"@type\":\"ListItem\",\"position\":2,\"name\":\"Una lesi\u00f3n trunc\u00f3 todo\"}]},{\"@type\":\"WebSite\",\"@id\":\"https:\\\/\\\/noticiasmercedinas.com\\\/site\\\/#website\",\"url\":\"https:\\\/\\\/noticiasmercedinas.com\\\/site\\\/\",\"name\":\"NOTICIASMERCEDINAS.COM\",\"description\":\"Mercedes, Buenos Aires, Argentina\",\"publisher\":{\"@id\":\"https:\\\/\\\/noticiasmercedinas.com\\\/site\\\/#organization\"},\"potentialAction\":[{\"@type\":\"SearchAction\",\"target\":{\"@type\":\"EntryPoint\",\"urlTemplate\":\"https:\\\/\\\/noticiasmercedinas.com\\\/site\\\/?s={search_term_string}\"},\"query-input\":{\"@type\":\"PropertyValueSpecification\",\"valueRequired\":true,\"valueName\":\"search_term_string\"}}],\"inLanguage\":\"es\"},{\"@type\":\"Organization\",\"@id\":\"https:\\\/\\\/noticiasmercedinas.com\\\/site\\\/#organization\",\"name\":\"NOTICIASMERCEDINAS.COM\",\"url\":\"https:\\\/\\\/noticiasmercedinas.com\\\/site\\\/\",\"logo\":{\"@type\":\"ImageObject\",\"inLanguage\":\"es\",\"@id\":\"https:\\\/\\\/noticiasmercedinas.com\\\/site\\\/#\\\/schema\\\/logo\\\/image\\\/\",\"url\":\"https:\\\/\\\/noticiasmercedinas.com\\\/site\\\/wp-content\\\/uploads\\\/2020\\\/06\\\/LOGO-512.jpg\",\"contentUrl\":\"https:\\\/\\\/noticiasmercedinas.com\\\/site\\\/wp-content\\\/uploads\\\/2020\\\/06\\\/LOGO-512.jpg\",\"width\":512,\"height\":512,\"caption\":\"NOTICIASMERCEDINAS.COM\"},\"image\":{\"@id\":\"https:\\\/\\\/noticiasmercedinas.com\\\/site\\\/#\\\/schema\\\/logo\\\/image\\\/\"},\"sameAs\":[\"https:\\\/\\\/www.facebook.com\\\/noticiasmercedinas\\\/\",\"https:\\\/\\\/x.com\\\/notmercedinas\",\"https:\\\/\\\/www.instagram.com\\\/noticiasmercedinas\\\/\"]},{\"@type\":\"Person\",\"@id\":\"https:\\\/\\\/noticiasmercedinas.com\\\/site\\\/#\\\/schema\\\/person\\\/8f2f09d666ef40986eba4a5e6f2a06f9\",\"name\":\"Juan Dagnino NOTICIASMERCEDINAS.COM\",\"image\":{\"@type\":\"ImageObject\",\"inLanguage\":\"es\",\"@id\":\"https:\\\/\\\/secure.gravatar.com\\\/avatar\\\/fc7059a769f5a3cae65fadb228a3e4accf3a64b4b2305020d0a27e6d5333c91b?s=96&d=mm&r=g\",\"url\":\"https:\\\/\\\/secure.gravatar.com\\\/avatar\\\/fc7059a769f5a3cae65fadb228a3e4accf3a64b4b2305020d0a27e6d5333c91b?s=96&d=mm&r=g\",\"contentUrl\":\"https:\\\/\\\/secure.gravatar.com\\\/avatar\\\/fc7059a769f5a3cae65fadb228a3e4accf3a64b4b2305020d0a27e6d5333c91b?s=96&d=mm&r=g\",\"caption\":\"Juan Dagnino NOTICIASMERCEDINAS.COM\"},\"url\":\"https:\\\/\\\/noticiasmercedinas.com\\\/site\\\/author\\\/juandagnino\\\/\"}]}<\/script>\n<!-- \/ Yoast SEO plugin. -->","yoast_head_json":{"title":"Una lesi\u00f3n trunc\u00f3 todo","robots":{"index":"index","follow":"follow","max-snippet":"max-snippet:-1","max-image-preview":"max-image-preview:large","max-video-preview":"max-video-preview:-1"},"canonical":"https:\/\/noticiasmercedinas.com\/site\/2021\/02\/26\/una-lesion-trunco-todo\/","og_locale":"es_ES","og_type":"article","og_title":"Una lesi\u00f3n trunc\u00f3 todo","og_description":"\u25a0 Walter Sequeira ven\u00eda dominando el combate ante Hern\u00e1n P\u00e9rez. Una lesi\u00f3n en la pierna izquierda le impidi\u00f3 poder continuar en la octava vuelta al 1\u2019 36\u201d. El de Jos\u00e9 M\u00e1rmol se qued\u00f3 con el t\u00edtulo Sudamericano Mediopesado.","og_url":"https:\/\/noticiasmercedinas.com\/site\/2021\/02\/26\/una-lesion-trunco-todo\/","og_site_name":"NOTICIASMERCEDINAS.COM","article_publisher":"https:\/\/www.facebook.com\/noticiasmercedinas\/","article_published_time":"2021-02-27T01:59:42+00:00","article_modified_time":"2021-02-27T02:03:45+00:00","og_image":[{"width":640,"height":428,"url":"https:\/\/noticiasmercedinas.com\/site\/wp-content\/uploads\/2021\/02\/IMG_1888.jpg","type":"image\/jpeg"}],"author":"Juan Dagnino NOTICIASMERCEDINAS.COM","twitter_card":"summary_large_image","twitter_creator":"@notmercedinas","twitter_site":"@notmercedinas","twitter_misc":{"Escrito por":"Juan Dagnino NOTICIASMERCEDINAS.COM","Tiempo de lectura":"3 minutos"},"schema":{"@context":"https:\/\/schema.org","@graph":[{"@type":"Article","@id":"https:\/\/noticiasmercedinas.com\/site\/2021\/02\/26\/una-lesion-trunco-todo\/#article","isPartOf":{"@id":"https:\/\/noticiasmercedinas.com\/site\/2021\/02\/26\/una-lesion-trunco-todo\/"},"author":{"name":"Juan Dagnino NOTICIASMERCEDINAS.COM","@id":"https:\/\/noticiasmercedinas.com\/site\/#\/schema\/person\/8f2f09d666ef40986eba4a5e6f2a06f9"},"headline":"Una lesi\u00f3n trunc\u00f3 todo","datePublished":"2021-02-27T01:59:42+00:00","dateModified":"2021-02-27T02:03:45+00:00","mainEntityOfPage":{"@id":"https:\/\/noticiasmercedinas.com\/site\/2021\/02\/26\/una-lesion-trunco-todo\/"},"wordCount":634,"commentCount":0,"publisher":{"@id":"https:\/\/noticiasmercedinas.com\/site\/#organization"},"image":{"@id":"https:\/\/noticiasmercedinas.com\/site\/2021\/02\/26\/una-lesion-trunco-todo\/#primaryimage"},"thumbnailUrl":"https:\/\/noticiasmercedinas.com\/site\/wp-content\/uploads\/2021\/02\/IMG_1888.jpg","keywords":["boxeo","Hurlingham","walter sequeira"],"articleSection":["Deportes"],"inLanguage":"es","potentialAction":[{"@type":"CommentAction","name":"Comment","target":["https:\/\/noticiasmercedinas.com\/site\/2021\/02\/26\/una-lesion-trunco-todo\/#respond"]}]},{"@type":"WebPage","@id":"https:\/\/noticiasmercedinas.com\/site\/2021\/02\/26\/una-lesion-trunco-todo\/","url":"https:\/\/noticiasmercedinas.com\/site\/2021\/02\/26\/una-lesion-trunco-todo\/","name":"Una lesi\u00f3n trunc\u00f3 todo","isPartOf":{"@id":"https:\/\/noticiasmercedinas.com\/site\/#website"},"primaryImageOfPage":{"@id":"https:\/\/noticiasmercedinas.com\/site\/2021\/02\/26\/una-lesion-trunco-todo\/#primaryimage"},"image":{"@id":"https:\/\/noticiasmercedinas.com\/site\/2021\/02\/26\/una-lesion-trunco-todo\/#primaryimage"},"thumbnailUrl":"https:\/\/noticiasmercedinas.com\/site\/wp-content\/uploads\/2021\/02\/IMG_1888.jpg","datePublished":"2021-02-27T01:59:42+00:00","dateModified":"2021-02-27T02:03:45+00:00","breadcrumb":{"@id":"https:\/\/noticiasmercedinas.com\/site\/2021\/02\/26\/una-lesion-trunco-todo\/#breadcrumb"},"inLanguage":"es","potentialAction":[{"@type":"ReadAction","target":["https:\/\/noticiasmercedinas.com\/site\/2021\/02\/26\/una-lesion-trunco-todo\/"]}]},{"@type":"ImageObject","inLanguage":"es","@id":"https:\/\/noticiasmercedinas.com\/site\/2021\/02\/26\/una-lesion-trunco-todo\/#primaryimage","url":"https:\/\/noticiasmercedinas.com\/site\/wp-content\/uploads\/2021\/02\/IMG_1888.jpg","contentUrl":"https:\/\/noticiasmercedinas.com\/site\/wp-content\/uploads\/2021\/02\/IMG_1888.jpg","width":640,"height":428},{"@type":"BreadcrumbList","@id":"https:\/\/noticiasmercedinas.com\/site\/2021\/02\/26\/una-lesion-trunco-todo\/#breadcrumb","itemListElement":[{"@type":"ListItem","position":1,"name":"Portada","item":"https:\/\/noticiasmercedinas.com\/site\/"},{"@type":"ListItem","position":2,"name":"Una lesi\u00f3n trunc\u00f3 todo"}]},{"@type":"WebSite","@id":"https:\/\/noticiasmercedinas.com\/site\/#website","url":"https:\/\/noticiasmercedinas.com\/site\/","name":"NOTICIASMERCEDINAS.COM","description":"Mercedes, Buenos Aires, Argentina","publisher":{"@id":"https:\/\/noticiasmercedinas.com\/site\/#organization"},"potentialAction":[{"@type":"SearchAction","target":{"@type":"EntryPoint","urlTemplate":"https:\/\/noticiasmercedinas.com\/site\/?s={search_term_string}"},"query-input":{"@type":"PropertyValueSpecification","valueRequired":true,"valueName":"search_term_string"}}],"inLanguage":"es"},{"@type":"Organization","@id":"https:\/\/noticiasmercedinas.com\/site\/#organization","name":"NOTICIASMERCEDINAS.COM","url":"https:\/\/noticiasmercedinas.com\/site\/","logo":{"@type":"ImageObject","inLanguage":"es","@id":"https:\/\/noticiasmercedinas.com\/site\/#\/schema\/logo\/image\/","url":"https:\/\/noticiasmercedinas.com\/site\/wp-content\/uploads\/2020\/06\/LOGO-512.jpg","contentUrl":"https:\/\/noticiasmercedinas.com\/site\/wp-content\/uploads\/2020\/06\/LOGO-512.jpg","width":512,"height":512,"caption":"NOTICIASMERCEDINAS.COM"},"image":{"@id":"https:\/\/noticiasmercedinas.com\/site\/#\/schema\/logo\/image\/"},"sameAs":["https:\/\/www.facebook.com\/noticiasmercedinas\/","https:\/\/x.com\/notmercedinas","https:\/\/www.instagram.com\/noticiasmercedinas\/"]},{"@type":"Person","@id":"https:\/\/noticiasmercedinas.com\/site\/#\/schema\/person\/8f2f09d666ef40986eba4a5e6f2a06f9","name":"Juan Dagnino NOTICIASMERCEDINAS.COM","image":{"@type":"ImageObject","inLanguage":"es","@id":"https:\/\/secure.gravatar.com\/avatar\/fc7059a769f5a3cae65fadb228a3e4accf3a64b4b2305020d0a27e6d5333c91b?s=96&d=mm&r=g","url":"https:\/\/secure.gravatar.com\/avatar\/fc7059a769f5a3cae65fadb228a3e4accf3a64b4b2305020d0a27e6d5333c91b?s=96&d=mm&r=g","contentUrl":"https:\/\/secure.gravatar.com\/avatar\/fc7059a769f5a3cae65fadb228a3e4accf3a64b4b2305020d0a27e6d5333c91b?s=96&d=mm&r=g","caption":"Juan Dagnino NOTICIASMERCEDINAS.COM"},"url":"https:\/\/noticiasmercedinas.com\/site\/author\/juandagnino\/"}]}},"amp_enabled":true,"_links":{"self":[{"href":"https:\/\/noticiasmercedinas.com\/site\/wp-json\/wp\/v2\/posts\/62300","targetHints":{"allow":["GET"]}}],"collection":[{"href":"https:\/\/noticiasmercedinas.com\/site\/wp-json\/wp\/v2\/posts"}],"about":[{"href":"https:\/\/noticiasmercedinas.com\/site\/wp-json\/wp\/v2\/types\/post"}],"author":[{"embeddable":true,"href":"https:\/\/noticiasmercedinas.com\/site\/wp-json\/wp\/v2\/users\/6"}],"replies":[{"embeddable":true,"href":"https:\/\/noticiasmercedinas.com\/site\/wp-json\/wp\/v2\/comments?post=62300"}],"version-history":[{"count":2,"href":"https:\/\/noticiasmercedinas.com\/site\/wp-json\/wp\/v2\/posts\/62300\/revisions"}],"predecessor-version":[{"id":62303,"href":"https:\/\/noticiasmercedinas.com\/site\/wp-json\/wp\/v2\/posts\/62300\/revisions\/62303"}],"wp:featuredmedia":[{"embeddable":true,"href":"https:\/\/noticiasmercedinas.com\/site\/wp-json\/wp\/v2\/media\/62301"}],"wp:attachment":[{"href":"https:\/\/noticiasmercedinas.com\/site\/wp-json\/wp\/v2\/media?parent=62300"}],"wp:term":[{"taxonomy":"category","embeddable":true,"href":"https:\/\/noticiasmercedinas.com\/site\/wp-json\/wp\/v2\/categories?post=62300"},{"taxonomy":"post_tag","embeddable":true,"href":"https:\/\/noticiasmercedinas.com\/site\/wp-json\/wp\/v2\/tags?post=62300"}],"curies":[{"name":"wp","href":"https:\/\/api.w.org\/{rel}","templated":true}]}}