{"id":62310,"date":"2021-02-27T09:24:04","date_gmt":"2021-02-27T12:24:04","guid":{"rendered":"https:\/\/noticiasmercedinas.com\/site\/?p=62310"},"modified":"2021-02-27T09:24:04","modified_gmt":"2021-02-27T12:24:04","slug":"pensar-la-post-pandemia-medioambiental","status":"publish","type":"post","link":"https:\/\/noticiasmercedinas.com\/site\/2021\/02\/27\/pensar-la-post-pandemia-medioambiental\/","title":{"rendered":"Pensar la post pandemia medioambiental"},"content":{"rendered":"<p><img loading=\"lazy\" decoding=\"async\" class=\"alignnone size-full wp-image-62311\" src=\"https:\/\/noticiasmercedinas.com\/site\/wp-content\/uploads\/2021\/02\/112211383_gettyimages-1205916335.jpg\" alt=\"\" width=\"976\" height=\"549\" srcset=\"https:\/\/noticiasmercedinas.com\/site\/wp-content\/uploads\/2021\/02\/112211383_gettyimages-1205916335.jpg 976w, https:\/\/noticiasmercedinas.com\/site\/wp-content\/uploads\/2021\/02\/112211383_gettyimages-1205916335-300x169.jpg 300w, https:\/\/noticiasmercedinas.com\/site\/wp-content\/uploads\/2021\/02\/112211383_gettyimages-1205916335-768x432.jpg 768w, https:\/\/noticiasmercedinas.com\/site\/wp-content\/uploads\/2021\/02\/112211383_gettyimages-1205916335-640x360.jpg 640w, https:\/\/noticiasmercedinas.com\/site\/wp-content\/uploads\/2021\/02\/112211383_gettyimages-1205916335-681x383.jpg 681w\" sizes=\"auto, (max-width: 976px) 100vw, 976px\" \/><\/p>\n<p>La gran pandemia que se desencaden\u00f3 en el 2019, cuyo efecto a\u00fan perdura con caracter\u00edsticas de remez\u00f3n, trajo tambi\u00e9n la ilusoria esperanza de que es necesario cambiar. Hasta el m\u00e1s distra\u00eddo sabe que siempre haciendo lo mismo no se puede obtener resultados distintos, salvo que medie un accidente.<\/p>\n<p>Para los estudiosos del medio ambiente, est\u00e1 claro que el comportamiento sist\u00e9mico adoptado para actuar sobre la naturaleza, es el factor principal causante del cambio clim\u00e1tico y que precisamente ese cambio produjo la transformaci\u00f3n y la desaparici\u00f3n de especies. En el primer caso por el reacomodo en el proceso de adaptaci\u00f3n, y en el segundo por la desaparici\u00f3n de las condiciones de reproducci\u00f3n de la vida que se torn\u00f3 insoportable para muchas especies.<\/p>\n<p>Este ser\u00eda el contexto general en el que emergi\u00f3 el virus, todav\u00eda incontrolado y que puso en vilo la supremac\u00eda insolente de la especie humana. La Organizaci\u00f3n Mundial de la Salud (OMS) despu\u00e9s de mucho tiempo logr\u00f3 la autorizaci\u00f3n de China para que una comisi\u00f3n cient\u00edfica estudie el verdadero origen del virus, aunque por ahora no se conocen resultados.<\/p>\n<p>S\u00f3lo a meses de la aparici\u00f3n del Covid-19 los sat\u00e9lites mostraban marcadas ca\u00eddas en la contaminaci\u00f3n del aire, principalmente en focos en donde la infecci\u00f3n alcanz\u00f3 ribetes desmesurados. En el mismo sentido muchas especies de animales silvestres osaron internarse en algunas ciudades. Estos indicadores confirmaron que la acci\u00f3n humana es un factor determinante en la alteraci\u00f3n de los procesos naturales y del ambiente. Estos fen\u00f3menos se hicieron visibles claramente con la reducci\u00f3n de la actividad, la que por momentos se redujo a cero.<\/p>\n<p>Paradojalmente, los entendidos en temas ambientales comprendieron el fen\u00f3meno, como algo que ofrec\u00eda una faceta esperanzadora en una historia que, por lo dem\u00e1s, se mostraba desconcertante y sombr\u00eda, aunque ten\u00edan claro que las im\u00e1genes satelitales representaban un gr\u00e1fico recordatorio y demostrativo de la crisis clim\u00e1tica, por lo que preanunciaron que terminada la pandemia seguir\u00eda su curso.<\/p>\n<p>A la luz del acontecer reciente, cuando se avizora el declive de la pandemia, empiezan a aparecer paradigmas ilustrativos que hacen pensar que es muy poco lo que se ha aprendido, o por lo menos, no se ha valorado bien lo sucedido, lo que diluye la posibilidad de que en un futuro cercano se asuman conductas ambientalmente sustentables. Tanto es as\u00ed que los principales l\u00edderes mundiales no han demostrado tener inter\u00e9s en encontrar soluciones.<\/p>\n<p>Reci\u00e9n ahora el presidente de los EE.UU. Joe Biden propone organizar una Cumbre sobre Cambio Clim\u00e1tico para abril de 2021, a la que ha invitado a participar al Presidente de la Argentina.<\/p>\n<p>Un ejemplo ilustrativo y reciente ofrece la denominada \u201cGuerra de las vacunas\u201d. Este hecho ha dado cuenta que algunos de los pa\u00edses ricos han comprado 8 veces m\u00e1s dosis que las necesarias para vacunar a toda su poblaci\u00f3n, en tanto que informaciones recientes aseveran que en \u00c1frica a\u00fan no ha llegado una vacuna. En pa\u00edses como los nuestros, los sudamericanos, aunque las\u00a0 reciben a cuentagotas, no han podido librarse de los acomodos y se han vacunado s\u00e9quitos enteros. Por m\u00e1s que determinaron claramente las prioridades por grupos etarios, morbilidad y hayan quedado en el camino miles de muertos.<\/p>\n<blockquote><p>Un ejemplo ilustrativo y reciente ofrece la denominada \u201cGuerra de las vacunas\u201d. Este hecho ha dado cuenta que algunos de los pa\u00edses ricos han comprado 8 veces m\u00e1s dosis que las necesarias para vacunar a toda su poblaci\u00f3n, en tanto que informaciones recientes aseveran que en \u00c1frica a\u00fan no ha llegado una vacuna.<\/p><\/blockquote>\n<p>El regreso del gigante norteamericano a la OMS y al Acuerdo de Par\u00eds, que firm\u00f3 en el 2015 y del que posteriormente se retir\u00f3 en el mandato de Donald Trump, no parecen por s\u00ed mismos ofrecer soluciones en el corto plazo. La pandemia del Covid-19 asoma quiz\u00e1s como la \u00faltima se\u00f1al que avisa, a trav\u00e9s de sus v\u00edctimas, la carencia de iniciativas globales para enfrentar los problemas ambientales que avizoran un futuro para nada promisorio.<\/p>\n<p>Por ahora nada hace pensar que ser\u00e1 f\u00e1cil salir de la pandemia, mucho menos salir inc\u00f3lume, m\u00e1s a\u00fan cuando la soluci\u00f3n debe ser colectiva.<\/p>\n<p>Nadie estar\u00e1 libre mientras en alg\u00fan lugar del planeta permanezca un foco infeccioso por m\u00e1s peque\u00f1o que sea, por lo tanto la soluci\u00f3n debe ser global.<\/p>\n<p>Si tenemos en cuenta que, seg\u00fan datos de la ONU, la poblaci\u00f3n mundial en 2021 es de aproximadamente de 7730 millones de personas, se hace necesario contar con la infraestructura necesaria para atender a toda esa poblaci\u00f3n.<\/p>\n<blockquote><p>Si tenemos en cuenta que a\u00fan no se ha podido resolver el problema de los residuos que se generan por la forma de producir y consumir, habr\u00e1 que sumar, adem\u00e1s, la manera de controlar los desechos de la pandemia.<\/p><\/blockquote>\n<p>El Programa de las Naciones Unidas para el Medio Ambiente destaca que durante el actual brote de coronavirus se produce una gran cantidad de desechos como guantes, mascarillas o materiales de protecci\u00f3n infectados. El manejo seguro de esos desechos biom\u00e9dicos y sanitarios es esencial para la salud comunitaria y la integridad del medio ambiente.<\/p>\n<p>El mismo programa advierte que <em>\u201cPor el contrario, el manejo incorrecto de tal volumen de productos puede llegar a ocasionar \u00abun efecto de rebote\u00bb, tanto en la salud de las personas como al medio ambiente, y de ah\u00ed la vital importancia sobre su gesti\u00f3n y disposici\u00f3n final de forma segura como parte de una respuesta de emergencia efectiva.\u201d<\/em><\/p>\n<p>Si tenemos en cuenta que a\u00fan no se ha podido resolver el problema de los residuos que se generan por la forma de producir y consumir, habr\u00e1 que sumar, adem\u00e1s, la manera de controlar los desechos de la pandemia.<\/p>\n<p>Como los efectos de la pandemia abarcaron todos los \u00e1mbitos de la vida, cuyos efectos a\u00fan no han sido cabalmente dimensionados, no puede eludirse la creaci\u00f3n de instituciones globales de car\u00e1cter cient\u00edfico, de acumulaci\u00f3n y sistematizaci\u00f3n de conocimiento de este tipo de fen\u00f3menos, abocadas a la vigilancia y al monitoreo permanente, con el fin de evitar el ataque sorpresivo y controlar la velocidad de propagaci\u00f3n con que se manej\u00f3 el Covid-19.<\/p>\n","protected":false},"excerpt":{"rendered":"<p>La gran pandemia que se desencaden\u00f3 en el 2019, cuyo efecto a\u00fan perdura con caracter\u00edsticas de remez\u00f3n, trajo tambi\u00e9n la ilusoria esperanza de que es necesario cambiar. Hasta el m\u00e1s distra\u00eddo sabe que siempre haciendo lo mismo no se puede obtener resultados distintos, salvo que medie un accidente. Para los estudiosos del medio ambiente, est\u00e1 [&hellip;]<\/p>\n","protected":false},"author":25,"featured_media":62311,"comment_status":"open","ping_status":"open","sticky":false,"template":"","format":"standard","meta":{"footnotes":""},"categories":[5754],"tags":[1347,8663,11416],"class_list":["post-62310","post","type-post","status-publish","format-standard","has-post-thumbnail","hentry","category-medio-ambiente","tag-ambiente","tag-pandemia","tag-post-pandemia"],"yoast_head":"<!-- This site is optimized with the Yoast SEO plugin v27.5 - https:\/\/yoast.com\/product\/yoast-seo-wordpress\/ -->\n<title>Pensar la post pandemia medioambiental<\/title>\n<meta name=\"robots\" content=\"index, follow, max-snippet:-1, max-image-preview:large, max-video-preview:-1\" \/>\n<link rel=\"canonical\" href=\"https:\/\/noticiasmercedinas.com\/site\/2021\/02\/27\/pensar-la-post-pandemia-medioambiental\/\" \/>\n<meta property=\"og:locale\" content=\"es_ES\" \/>\n<meta property=\"og:type\" content=\"article\" \/>\n<meta property=\"og:title\" content=\"Pensar la post pandemia medioambiental\" \/>\n<meta property=\"og:description\" content=\"La gran pandemia que se desencaden\u00f3 en el 2019, cuyo efecto a\u00fan perdura con caracter\u00edsticas de remez\u00f3n, trajo tambi\u00e9n la ilusoria esperanza de que es necesario cambiar. Hasta el m\u00e1s distra\u00eddo sabe que siempre haciendo lo mismo no se puede obtener resultados distintos, salvo que medie un accidente. Para los estudiosos del medio ambiente, est\u00e1 [&hellip;]\" \/>\n<meta property=\"og:url\" content=\"https:\/\/noticiasmercedinas.com\/site\/2021\/02\/27\/pensar-la-post-pandemia-medioambiental\/\" \/>\n<meta property=\"og:site_name\" content=\"NOTICIASMERCEDINAS.COM\" \/>\n<meta property=\"article:publisher\" content=\"https:\/\/www.facebook.com\/noticiasmercedinas\/\" \/>\n<meta property=\"article:published_time\" content=\"2021-02-27T12:24:04+00:00\" \/>\n<meta property=\"og:image\" content=\"https:\/\/noticiasmercedinas.com\/site\/wp-content\/uploads\/2021\/02\/112211383_gettyimages-1205916335.jpg\" \/>\n\t<meta property=\"og:image:width\" content=\"976\" \/>\n\t<meta property=\"og:image:height\" content=\"549\" \/>\n\t<meta property=\"og:image:type\" content=\"image\/jpeg\" \/>\n<meta name=\"author\" content=\"Luis Aros Peralta\" \/>\n<meta name=\"twitter:card\" content=\"summary_large_image\" \/>\n<meta name=\"twitter:creator\" content=\"@notmercedinas\" \/>\n<meta name=\"twitter:site\" content=\"@notmercedinas\" \/>\n<meta name=\"twitter:label1\" content=\"Escrito por\" \/>\n\t<meta name=\"twitter:data1\" content=\"Luis Aros Peralta\" \/>\n\t<meta name=\"twitter:label2\" content=\"Tiempo de lectura\" \/>\n\t<meta name=\"twitter:data2\" content=\"5 minutos\" \/>\n<script type=\"application\/ld+json\" class=\"yoast-schema-graph\">{\"@context\":\"https:\\\/\\\/schema.org\",\"@graph\":[{\"@type\":\"Article\",\"@id\":\"https:\\\/\\\/noticiasmercedinas.com\\\/site\\\/2021\\\/02\\\/27\\\/pensar-la-post-pandemia-medioambiental\\\/#article\",\"isPartOf\":{\"@id\":\"https:\\\/\\\/noticiasmercedinas.com\\\/site\\\/2021\\\/02\\\/27\\\/pensar-la-post-pandemia-medioambiental\\\/\"},\"author\":{\"name\":\"Luis Aros Peralta\",\"@id\":\"https:\\\/\\\/noticiasmercedinas.com\\\/site\\\/#\\\/schema\\\/person\\\/643e455c24c13217c5a0b23717575e36\"},\"headline\":\"Pensar la post pandemia medioambiental\",\"datePublished\":\"2021-02-27T12:24:04+00:00\",\"mainEntityOfPage\":{\"@id\":\"https:\\\/\\\/noticiasmercedinas.com\\\/site\\\/2021\\\/02\\\/27\\\/pensar-la-post-pandemia-medioambiental\\\/\"},\"wordCount\":1086,\"commentCount\":0,\"publisher\":{\"@id\":\"https:\\\/\\\/noticiasmercedinas.com\\\/site\\\/#organization\"},\"image\":{\"@id\":\"https:\\\/\\\/noticiasmercedinas.com\\\/site\\\/2021\\\/02\\\/27\\\/pensar-la-post-pandemia-medioambiental\\\/#primaryimage\"},\"thumbnailUrl\":\"https:\\\/\\\/noticiasmercedinas.com\\\/site\\\/wp-content\\\/uploads\\\/2021\\\/02\\\/112211383_gettyimages-1205916335.jpg\",\"keywords\":[\"ambiente\",\"pandemia\",\"post pandemia\"],\"articleSection\":[\"Ambiente\"],\"inLanguage\":\"es\",\"potentialAction\":[{\"@type\":\"CommentAction\",\"name\":\"Comment\",\"target\":[\"https:\\\/\\\/noticiasmercedinas.com\\\/site\\\/2021\\\/02\\\/27\\\/pensar-la-post-pandemia-medioambiental\\\/#respond\"]}]},{\"@type\":\"WebPage\",\"@id\":\"https:\\\/\\\/noticiasmercedinas.com\\\/site\\\/2021\\\/02\\\/27\\\/pensar-la-post-pandemia-medioambiental\\\/\",\"url\":\"https:\\\/\\\/noticiasmercedinas.com\\\/site\\\/2021\\\/02\\\/27\\\/pensar-la-post-pandemia-medioambiental\\\/\",\"name\":\"Pensar la post pandemia medioambiental\",\"isPartOf\":{\"@id\":\"https:\\\/\\\/noticiasmercedinas.com\\\/site\\\/#website\"},\"primaryImageOfPage\":{\"@id\":\"https:\\\/\\\/noticiasmercedinas.com\\\/site\\\/2021\\\/02\\\/27\\\/pensar-la-post-pandemia-medioambiental\\\/#primaryimage\"},\"image\":{\"@id\":\"https:\\\/\\\/noticiasmercedinas.com\\\/site\\\/2021\\\/02\\\/27\\\/pensar-la-post-pandemia-medioambiental\\\/#primaryimage\"},\"thumbnailUrl\":\"https:\\\/\\\/noticiasmercedinas.com\\\/site\\\/wp-content\\\/uploads\\\/2021\\\/02\\\/112211383_gettyimages-1205916335.jpg\",\"datePublished\":\"2021-02-27T12:24:04+00:00\",\"breadcrumb\":{\"@id\":\"https:\\\/\\\/noticiasmercedinas.com\\\/site\\\/2021\\\/02\\\/27\\\/pensar-la-post-pandemia-medioambiental\\\/#breadcrumb\"},\"inLanguage\":\"es\",\"potentialAction\":[{\"@type\":\"ReadAction\",\"target\":[\"https:\\\/\\\/noticiasmercedinas.com\\\/site\\\/2021\\\/02\\\/27\\\/pensar-la-post-pandemia-medioambiental\\\/\"]}]},{\"@type\":\"ImageObject\",\"inLanguage\":\"es\",\"@id\":\"https:\\\/\\\/noticiasmercedinas.com\\\/site\\\/2021\\\/02\\\/27\\\/pensar-la-post-pandemia-medioambiental\\\/#primaryimage\",\"url\":\"https:\\\/\\\/noticiasmercedinas.com\\\/site\\\/wp-content\\\/uploads\\\/2021\\\/02\\\/112211383_gettyimages-1205916335.jpg\",\"contentUrl\":\"https:\\\/\\\/noticiasmercedinas.com\\\/site\\\/wp-content\\\/uploads\\\/2021\\\/02\\\/112211383_gettyimages-1205916335.jpg\",\"width\":976,\"height\":549},{\"@type\":\"BreadcrumbList\",\"@id\":\"https:\\\/\\\/noticiasmercedinas.com\\\/site\\\/2021\\\/02\\\/27\\\/pensar-la-post-pandemia-medioambiental\\\/#breadcrumb\",\"itemListElement\":[{\"@type\":\"ListItem\",\"position\":1,\"name\":\"Portada\",\"item\":\"https:\\\/\\\/noticiasmercedinas.com\\\/site\\\/\"},{\"@type\":\"ListItem\",\"position\":2,\"name\":\"Pensar la post pandemia medioambiental\"}]},{\"@type\":\"WebSite\",\"@id\":\"https:\\\/\\\/noticiasmercedinas.com\\\/site\\\/#website\",\"url\":\"https:\\\/\\\/noticiasmercedinas.com\\\/site\\\/\",\"name\":\"NOTICIASMERCEDINAS.COM\",\"description\":\"Mercedes, Buenos Aires, Argentina\",\"publisher\":{\"@id\":\"https:\\\/\\\/noticiasmercedinas.com\\\/site\\\/#organization\"},\"potentialAction\":[{\"@type\":\"SearchAction\",\"target\":{\"@type\":\"EntryPoint\",\"urlTemplate\":\"https:\\\/\\\/noticiasmercedinas.com\\\/site\\\/?s={search_term_string}\"},\"query-input\":{\"@type\":\"PropertyValueSpecification\",\"valueRequired\":true,\"valueName\":\"search_term_string\"}}],\"inLanguage\":\"es\"},{\"@type\":\"Organization\",\"@id\":\"https:\\\/\\\/noticiasmercedinas.com\\\/site\\\/#organization\",\"name\":\"NOTICIASMERCEDINAS.COM\",\"url\":\"https:\\\/\\\/noticiasmercedinas.com\\\/site\\\/\",\"logo\":{\"@type\":\"ImageObject\",\"inLanguage\":\"es\",\"@id\":\"https:\\\/\\\/noticiasmercedinas.com\\\/site\\\/#\\\/schema\\\/logo\\\/image\\\/\",\"url\":\"https:\\\/\\\/noticiasmercedinas.com\\\/site\\\/wp-content\\\/uploads\\\/2020\\\/06\\\/LOGO-512.jpg\",\"contentUrl\":\"https:\\\/\\\/noticiasmercedinas.com\\\/site\\\/wp-content\\\/uploads\\\/2020\\\/06\\\/LOGO-512.jpg\",\"width\":512,\"height\":512,\"caption\":\"NOTICIASMERCEDINAS.COM\"},\"image\":{\"@id\":\"https:\\\/\\\/noticiasmercedinas.com\\\/site\\\/#\\\/schema\\\/logo\\\/image\\\/\"},\"sameAs\":[\"https:\\\/\\\/www.facebook.com\\\/noticiasmercedinas\\\/\",\"https:\\\/\\\/x.com\\\/notmercedinas\",\"https:\\\/\\\/www.instagram.com\\\/noticiasmercedinas\\\/\"]},{\"@type\":\"Person\",\"@id\":\"https:\\\/\\\/noticiasmercedinas.com\\\/site\\\/#\\\/schema\\\/person\\\/643e455c24c13217c5a0b23717575e36\",\"name\":\"Luis Aros Peralta\",\"image\":{\"@type\":\"ImageObject\",\"inLanguage\":\"es\",\"@id\":\"https:\\\/\\\/secure.gravatar.com\\\/avatar\\\/ffaa7ed15185bce2ed0ebdb26992f46d5b4d7813fefe3ec23f4beadf7f9403af?s=96&d=mm&r=g\",\"url\":\"https:\\\/\\\/secure.gravatar.com\\\/avatar\\\/ffaa7ed15185bce2ed0ebdb26992f46d5b4d7813fefe3ec23f4beadf7f9403af?s=96&d=mm&r=g\",\"contentUrl\":\"https:\\\/\\\/secure.gravatar.com\\\/avatar\\\/ffaa7ed15185bce2ed0ebdb26992f46d5b4d7813fefe3ec23f4beadf7f9403af?s=96&d=mm&r=g\",\"caption\":\"Luis Aros Peralta\"},\"url\":\"https:\\\/\\\/noticiasmercedinas.com\\\/site\\\/author\\\/luis-aros-peralta\\\/\"}]}<\/script>\n<!-- \/ Yoast SEO plugin. -->","yoast_head_json":{"title":"Pensar la post pandemia medioambiental","robots":{"index":"index","follow":"follow","max-snippet":"max-snippet:-1","max-image-preview":"max-image-preview:large","max-video-preview":"max-video-preview:-1"},"canonical":"https:\/\/noticiasmercedinas.com\/site\/2021\/02\/27\/pensar-la-post-pandemia-medioambiental\/","og_locale":"es_ES","og_type":"article","og_title":"Pensar la post pandemia medioambiental","og_description":"La gran pandemia que se desencaden\u00f3 en el 2019, cuyo efecto a\u00fan perdura con caracter\u00edsticas de remez\u00f3n, trajo tambi\u00e9n la ilusoria esperanza de que es necesario cambiar. Hasta el m\u00e1s distra\u00eddo sabe que siempre haciendo lo mismo no se puede obtener resultados distintos, salvo que medie un accidente. Para los estudiosos del medio ambiente, est\u00e1 [&hellip;]","og_url":"https:\/\/noticiasmercedinas.com\/site\/2021\/02\/27\/pensar-la-post-pandemia-medioambiental\/","og_site_name":"NOTICIASMERCEDINAS.COM","article_publisher":"https:\/\/www.facebook.com\/noticiasmercedinas\/","article_published_time":"2021-02-27T12:24:04+00:00","og_image":[{"width":976,"height":549,"url":"https:\/\/noticiasmercedinas.com\/site\/wp-content\/uploads\/2021\/02\/112211383_gettyimages-1205916335.jpg","type":"image\/jpeg"}],"author":"Luis Aros Peralta","twitter_card":"summary_large_image","twitter_creator":"@notmercedinas","twitter_site":"@notmercedinas","twitter_misc":{"Escrito por":"Luis Aros Peralta","Tiempo de lectura":"5 minutos"},"schema":{"@context":"https:\/\/schema.org","@graph":[{"@type":"Article","@id":"https:\/\/noticiasmercedinas.com\/site\/2021\/02\/27\/pensar-la-post-pandemia-medioambiental\/#article","isPartOf":{"@id":"https:\/\/noticiasmercedinas.com\/site\/2021\/02\/27\/pensar-la-post-pandemia-medioambiental\/"},"author":{"name":"Luis Aros Peralta","@id":"https:\/\/noticiasmercedinas.com\/site\/#\/schema\/person\/643e455c24c13217c5a0b23717575e36"},"headline":"Pensar la post pandemia medioambiental","datePublished":"2021-02-27T12:24:04+00:00","mainEntityOfPage":{"@id":"https:\/\/noticiasmercedinas.com\/site\/2021\/02\/27\/pensar-la-post-pandemia-medioambiental\/"},"wordCount":1086,"commentCount":0,"publisher":{"@id":"https:\/\/noticiasmercedinas.com\/site\/#organization"},"image":{"@id":"https:\/\/noticiasmercedinas.com\/site\/2021\/02\/27\/pensar-la-post-pandemia-medioambiental\/#primaryimage"},"thumbnailUrl":"https:\/\/noticiasmercedinas.com\/site\/wp-content\/uploads\/2021\/02\/112211383_gettyimages-1205916335.jpg","keywords":["ambiente","pandemia","post pandemia"],"articleSection":["Ambiente"],"inLanguage":"es","potentialAction":[{"@type":"CommentAction","name":"Comment","target":["https:\/\/noticiasmercedinas.com\/site\/2021\/02\/27\/pensar-la-post-pandemia-medioambiental\/#respond"]}]},{"@type":"WebPage","@id":"https:\/\/noticiasmercedinas.com\/site\/2021\/02\/27\/pensar-la-post-pandemia-medioambiental\/","url":"https:\/\/noticiasmercedinas.com\/site\/2021\/02\/27\/pensar-la-post-pandemia-medioambiental\/","name":"Pensar la post pandemia medioambiental","isPartOf":{"@id":"https:\/\/noticiasmercedinas.com\/site\/#website"},"primaryImageOfPage":{"@id":"https:\/\/noticiasmercedinas.com\/site\/2021\/02\/27\/pensar-la-post-pandemia-medioambiental\/#primaryimage"},"image":{"@id":"https:\/\/noticiasmercedinas.com\/site\/2021\/02\/27\/pensar-la-post-pandemia-medioambiental\/#primaryimage"},"thumbnailUrl":"https:\/\/noticiasmercedinas.com\/site\/wp-content\/uploads\/2021\/02\/112211383_gettyimages-1205916335.jpg","datePublished":"2021-02-27T12:24:04+00:00","breadcrumb":{"@id":"https:\/\/noticiasmercedinas.com\/site\/2021\/02\/27\/pensar-la-post-pandemia-medioambiental\/#breadcrumb"},"inLanguage":"es","potentialAction":[{"@type":"ReadAction","target":["https:\/\/noticiasmercedinas.com\/site\/2021\/02\/27\/pensar-la-post-pandemia-medioambiental\/"]}]},{"@type":"ImageObject","inLanguage":"es","@id":"https:\/\/noticiasmercedinas.com\/site\/2021\/02\/27\/pensar-la-post-pandemia-medioambiental\/#primaryimage","url":"https:\/\/noticiasmercedinas.com\/site\/wp-content\/uploads\/2021\/02\/112211383_gettyimages-1205916335.jpg","contentUrl":"https:\/\/noticiasmercedinas.com\/site\/wp-content\/uploads\/2021\/02\/112211383_gettyimages-1205916335.jpg","width":976,"height":549},{"@type":"BreadcrumbList","@id":"https:\/\/noticiasmercedinas.com\/site\/2021\/02\/27\/pensar-la-post-pandemia-medioambiental\/#breadcrumb","itemListElement":[{"@type":"ListItem","position":1,"name":"Portada","item":"https:\/\/noticiasmercedinas.com\/site\/"},{"@type":"ListItem","position":2,"name":"Pensar la post pandemia medioambiental"}]},{"@type":"WebSite","@id":"https:\/\/noticiasmercedinas.com\/site\/#website","url":"https:\/\/noticiasmercedinas.com\/site\/","name":"NOTICIASMERCEDINAS.COM","description":"Mercedes, Buenos Aires, Argentina","publisher":{"@id":"https:\/\/noticiasmercedinas.com\/site\/#organization"},"potentialAction":[{"@type":"SearchAction","target":{"@type":"EntryPoint","urlTemplate":"https:\/\/noticiasmercedinas.com\/site\/?s={search_term_string}"},"query-input":{"@type":"PropertyValueSpecification","valueRequired":true,"valueName":"search_term_string"}}],"inLanguage":"es"},{"@type":"Organization","@id":"https:\/\/noticiasmercedinas.com\/site\/#organization","name":"NOTICIASMERCEDINAS.COM","url":"https:\/\/noticiasmercedinas.com\/site\/","logo":{"@type":"ImageObject","inLanguage":"es","@id":"https:\/\/noticiasmercedinas.com\/site\/#\/schema\/logo\/image\/","url":"https:\/\/noticiasmercedinas.com\/site\/wp-content\/uploads\/2020\/06\/LOGO-512.jpg","contentUrl":"https:\/\/noticiasmercedinas.com\/site\/wp-content\/uploads\/2020\/06\/LOGO-512.jpg","width":512,"height":512,"caption":"NOTICIASMERCEDINAS.COM"},"image":{"@id":"https:\/\/noticiasmercedinas.com\/site\/#\/schema\/logo\/image\/"},"sameAs":["https:\/\/www.facebook.com\/noticiasmercedinas\/","https:\/\/x.com\/notmercedinas","https:\/\/www.instagram.com\/noticiasmercedinas\/"]},{"@type":"Person","@id":"https:\/\/noticiasmercedinas.com\/site\/#\/schema\/person\/643e455c24c13217c5a0b23717575e36","name":"Luis Aros Peralta","image":{"@type":"ImageObject","inLanguage":"es","@id":"https:\/\/secure.gravatar.com\/avatar\/ffaa7ed15185bce2ed0ebdb26992f46d5b4d7813fefe3ec23f4beadf7f9403af?s=96&d=mm&r=g","url":"https:\/\/secure.gravatar.com\/avatar\/ffaa7ed15185bce2ed0ebdb26992f46d5b4d7813fefe3ec23f4beadf7f9403af?s=96&d=mm&r=g","contentUrl":"https:\/\/secure.gravatar.com\/avatar\/ffaa7ed15185bce2ed0ebdb26992f46d5b4d7813fefe3ec23f4beadf7f9403af?s=96&d=mm&r=g","caption":"Luis Aros Peralta"},"url":"https:\/\/noticiasmercedinas.com\/site\/author\/luis-aros-peralta\/"}]}},"amp_enabled":true,"_links":{"self":[{"href":"https:\/\/noticiasmercedinas.com\/site\/wp-json\/wp\/v2\/posts\/62310","targetHints":{"allow":["GET"]}}],"collection":[{"href":"https:\/\/noticiasmercedinas.com\/site\/wp-json\/wp\/v2\/posts"}],"about":[{"href":"https:\/\/noticiasmercedinas.com\/site\/wp-json\/wp\/v2\/types\/post"}],"author":[{"embeddable":true,"href":"https:\/\/noticiasmercedinas.com\/site\/wp-json\/wp\/v2\/users\/25"}],"replies":[{"embeddable":true,"href":"https:\/\/noticiasmercedinas.com\/site\/wp-json\/wp\/v2\/comments?post=62310"}],"version-history":[{"count":1,"href":"https:\/\/noticiasmercedinas.com\/site\/wp-json\/wp\/v2\/posts\/62310\/revisions"}],"predecessor-version":[{"id":62312,"href":"https:\/\/noticiasmercedinas.com\/site\/wp-json\/wp\/v2\/posts\/62310\/revisions\/62312"}],"wp:featuredmedia":[{"embeddable":true,"href":"https:\/\/noticiasmercedinas.com\/site\/wp-json\/wp\/v2\/media\/62311"}],"wp:attachment":[{"href":"https:\/\/noticiasmercedinas.com\/site\/wp-json\/wp\/v2\/media?parent=62310"}],"wp:term":[{"taxonomy":"category","embeddable":true,"href":"https:\/\/noticiasmercedinas.com\/site\/wp-json\/wp\/v2\/categories?post=62310"},{"taxonomy":"post_tag","embeddable":true,"href":"https:\/\/noticiasmercedinas.com\/site\/wp-json\/wp\/v2\/tags?post=62310"}],"curies":[{"name":"wp","href":"https:\/\/api.w.org\/{rel}","templated":true}]}}