{"id":62313,"date":"2021-02-27T09:35:28","date_gmt":"2021-02-27T12:35:28","guid":{"rendered":"https:\/\/noticiasmercedinas.com\/site\/?p=62313"},"modified":"2021-02-27T09:40:19","modified_gmt":"2021-02-27T12:40:19","slug":"se-reunio-la-comision-de-seguimiento-de-la-vacunacion","status":"publish","type":"post","link":"https:\/\/noticiasmercedinas.com\/site\/2021\/02\/27\/se-reunio-la-comision-de-seguimiento-de-la-vacunacion\/","title":{"rendered":"Se reuni\u00f3 la Comisi\u00f3n de Seguimiento de la vacunaci\u00f3n"},"content":{"rendered":"<p><img loading=\"lazy\" decoding=\"async\" class=\"alignnone size-full wp-image-62315\" src=\"https:\/\/noticiasmercedinas.com\/site\/wp-content\/uploads\/2021\/02\/6a211321-0d79-4956-9dcb-c5247a2de11c.jpg\" alt=\"\" width=\"800\" height=\"404\" srcset=\"https:\/\/noticiasmercedinas.com\/site\/wp-content\/uploads\/2021\/02\/6a211321-0d79-4956-9dcb-c5247a2de11c.jpg 800w, https:\/\/noticiasmercedinas.com\/site\/wp-content\/uploads\/2021\/02\/6a211321-0d79-4956-9dcb-c5247a2de11c-300x152.jpg 300w, https:\/\/noticiasmercedinas.com\/site\/wp-content\/uploads\/2021\/02\/6a211321-0d79-4956-9dcb-c5247a2de11c-768x388.jpg 768w, https:\/\/noticiasmercedinas.com\/site\/wp-content\/uploads\/2021\/02\/6a211321-0d79-4956-9dcb-c5247a2de11c-640x323.jpg 640w, https:\/\/noticiasmercedinas.com\/site\/wp-content\/uploads\/2021\/02\/6a211321-0d79-4956-9dcb-c5247a2de11c-681x344.jpg 681w\" sizes=\"auto, (max-width: 800px) 100vw, 800px\" \/><\/p>\n<p>Tras la reuni\u00f3n convocada por el intendente con los concejales de todos los bloques en torno a la campa\u00f1a de vacunaci\u00f3n y los diversos compromisos asumidos en conjunto, la Secretar\u00eda de Gobierno ya habilit\u00f3 enlaces de seguimiento para r\u00e1pidos accesos a las salas de situaci\u00f3n de Mercedes, Provincia y Naci\u00f3n.<\/p>\n<p>Este viernes se reuni\u00f3 por vez primera la Comisi\u00f3n de Seguimiento, que est\u00e1 conformada por Jos\u00e9 Mar\u00eda Comesa\u00f1a desde Juntos por el Cambio, Juan Mart\u00edn Andr\u00e9s por el Frente de Todos, Sabrina Vi\u00f1ales desde el Partido FE y Clara Zunino y N\u00e9stor Pisapia por el Departamento Ejecutivo, adem\u00e1s de Yolanda Gorosito por parte del Honorable Concejo Deliberante. La reuni\u00f3n se dio en el \u00e1mbito del Colegio Nacional, centro de vacunaci\u00f3n en Mercedes.<\/p>\n<p>Respecto a la \u201cSala de situaci\u00f3n\u201d que ya est\u00e1 online Zunino subray\u00f3 que \u201cadem\u00e1s de la comisi\u00f3n, que nos vuelve a unir, a hacer trabajar solidariamente y transparentemente por el bien com\u00fan, permite esta herramienta dar a las y los vecinos la posibilidad de acceder en el momento que lo deseen a la informaci\u00f3n p\u00fablica, descargarla, constatarla y saber que se trabaja con todos los sectores de la sociedad con un \u00fanico objetivo, cuidar la salud de cada vecino y vecina\u201d. Las salas de situaci\u00f3n pueden verse en gobierno.mercedes.gob.ar<\/p>\n<p>La doctora Zunino aclar\u00f3 que \u201clos datos publicados son por cifras disponibles seg\u00fan poblaci\u00f3n objetivo, tiendo en cuenta que la ley de protecci\u00f3n de datos personales no permite publicar las hist\u00f3ricas cl\u00ednicas de los pacientes\u201d en referencia a la Ley 26.529 en su art\u00edculo 2 incido d y art\u00edculo 18.<\/p>\n<p>En tanto, los integrantes de la \u00abComisi\u00f3n de Seguimiento\u00bb pudieron visitar y constatar el trabajo de los equipos de salud y personal administrativo en el \u00abCentro de Vacunaci\u00f3n Mercedes\u00bb.<\/p>\n<p>A quienes a\u00fan no se han inscrito llaman a hacerlo en vacunatepba.gba.gob.ar, Direcci\u00f3n de Adultos Mayores y Secretar\u00eda de Salud.<\/p>\n<p><img loading=\"lazy\" decoding=\"async\" class=\"alignnone size-large wp-image-62314\" src=\"https:\/\/noticiasmercedinas.com\/site\/wp-content\/uploads\/2021\/02\/149685171_3755494337877697_4901050525300969584_o-1024x576.jpg\" alt=\"\" width=\"640\" height=\"360\" srcset=\"https:\/\/noticiasmercedinas.com\/site\/wp-content\/uploads\/2021\/02\/149685171_3755494337877697_4901050525300969584_o-1024x576.jpg 1024w, https:\/\/noticiasmercedinas.com\/site\/wp-content\/uploads\/2021\/02\/149685171_3755494337877697_4901050525300969584_o-300x169.jpg 300w, https:\/\/noticiasmercedinas.com\/site\/wp-content\/uploads\/2021\/02\/149685171_3755494337877697_4901050525300969584_o-768x432.jpg 768w, https:\/\/noticiasmercedinas.com\/site\/wp-content\/uploads\/2021\/02\/149685171_3755494337877697_4901050525300969584_o-640x360.jpg 640w, https:\/\/noticiasmercedinas.com\/site\/wp-content\/uploads\/2021\/02\/149685171_3755494337877697_4901050525300969584_o-681x383.jpg 681w, https:\/\/noticiasmercedinas.com\/site\/wp-content\/uploads\/2021\/02\/149685171_3755494337877697_4901050525300969584_o.jpg 1113w\" sizes=\"auto, (max-width: 640px) 100vw, 640px\" \/><\/p>\n","protected":false},"excerpt":{"rendered":"<p>\u25a0 Sus integrantes pudieron visitar y constatar el trabajo de los equipos de salud y personal administrativo en el Centro de Vacunaci\u00f3n. El municipio ampli\u00f3 la sala de seguimiento Covid-19 con datos de Mercedes<\/p>\n","protected":false},"author":16,"featured_media":62315,"comment_status":"open","ping_status":"open","sticky":false,"template":"","format":"standard","meta":{"footnotes":""},"categories":[10],"tags":[8392],"class_list":["post-62313","post","type-post","status-publish","format-standard","has-post-thumbnail","hentry","category-especiales","tag-coronavirus"],"yoast_head":"<!-- This site is optimized with the Yoast SEO plugin v28.3 - https:\/\/yoast.com\/product\/yoast-seo-wordpress\/ -->\n<title>Se reuni\u00f3 la Comisi\u00f3n de Seguimiento de la vacunaci\u00f3n<\/title>\n<meta name=\"robots\" content=\"index, follow, max-snippet:-1, max-image-preview:large, max-video-preview:-1\" \/>\n<link rel=\"canonical\" href=\"https:\/\/noticiasmercedinas.com\/site\/2021\/02\/27\/se-reunio-la-comision-de-seguimiento-de-la-vacunacion\/\" \/>\n<meta property=\"og:locale\" content=\"es_ES\" \/>\n<meta property=\"og:type\" content=\"article\" \/>\n<meta property=\"og:title\" content=\"Se reuni\u00f3 la Comisi\u00f3n de Seguimiento de la vacunaci\u00f3n\" \/>\n<meta property=\"og:description\" content=\"\u25a0 Sus integrantes pudieron visitar y constatar el trabajo de los equipos de salud y personal administrativo en el Centro de Vacunaci\u00f3n. El municipio ampli\u00f3 la sala de seguimiento Covid-19 con datos de Mercedes\" \/>\n<meta property=\"og:url\" content=\"https:\/\/noticiasmercedinas.com\/site\/2021\/02\/27\/se-reunio-la-comision-de-seguimiento-de-la-vacunacion\/\" \/>\n<meta property=\"og:site_name\" content=\"NOTICIASMERCEDINAS.COM\" \/>\n<meta property=\"article:publisher\" content=\"https:\/\/www.facebook.com\/noticiasmercedinas\/\" \/>\n<meta property=\"article:published_time\" content=\"2021-02-27T12:35:28+00:00\" \/>\n<meta property=\"article:modified_time\" content=\"2021-02-27T12:40:19+00:00\" \/>\n<meta property=\"og:image\" content=\"https:\/\/noticiasmercedinas.com\/site\/wp-content\/uploads\/2021\/02\/6a211321-0d79-4956-9dcb-c5247a2de11c.jpg\" \/>\n\t<meta property=\"og:image:width\" content=\"800\" \/>\n\t<meta property=\"og:image:height\" content=\"404\" \/>\n\t<meta property=\"og:image:type\" content=\"image\/jpeg\" \/>\n<meta name=\"author\" content=\"NOTICIASMERCEDINAS.COM\" \/>\n<meta name=\"twitter:card\" content=\"summary_large_image\" \/>\n<meta name=\"twitter:creator\" content=\"@notmercedinas\" \/>\n<meta name=\"twitter:site\" content=\"@notmercedinas\" \/>\n<meta name=\"twitter:label1\" content=\"Escrito por\" \/>\n\t<meta name=\"twitter:data1\" content=\"NOTICIASMERCEDINAS.COM\" \/>\n\t<meta name=\"twitter:label2\" content=\"Tiempo de lectura\" \/>\n\t<meta name=\"twitter:data2\" content=\"2 minutos\" \/>\n<script type=\"application\/ld+json\" class=\"yoast-schema-graph\">{\"@context\":\"https:\\\/\\\/schema.org\",\"@graph\":[{\"@type\":\"Article\",\"@id\":\"https:\\\/\\\/noticiasmercedinas.com\\\/site\\\/2021\\\/02\\\/27\\\/se-reunio-la-comision-de-seguimiento-de-la-vacunacion\\\/#article\",\"isPartOf\":{\"@id\":\"https:\\\/\\\/noticiasmercedinas.com\\\/site\\\/2021\\\/02\\\/27\\\/se-reunio-la-comision-de-seguimiento-de-la-vacunacion\\\/\"},\"author\":{\"name\":\"NOTICIASMERCEDINAS.COM\",\"@id\":\"https:\\\/\\\/noticiasmercedinas.com\\\/site\\\/#\\\/schema\\\/person\\\/84b59c099c28ff2e8b77d4ceec5d8063\"},\"headline\":\"Se reuni\u00f3 la Comisi\u00f3n de Seguimiento de la vacunaci\u00f3n\",\"datePublished\":\"2021-02-27T12:35:28+00:00\",\"dateModified\":\"2021-02-27T12:40:19+00:00\",\"mainEntityOfPage\":{\"@id\":\"https:\\\/\\\/noticiasmercedinas.com\\\/site\\\/2021\\\/02\\\/27\\\/se-reunio-la-comision-de-seguimiento-de-la-vacunacion\\\/\"},\"wordCount\":360,\"commentCount\":0,\"publisher\":{\"@id\":\"https:\\\/\\\/noticiasmercedinas.com\\\/site\\\/#organization\"},\"image\":{\"@id\":\"https:\\\/\\\/noticiasmercedinas.com\\\/site\\\/2021\\\/02\\\/27\\\/se-reunio-la-comision-de-seguimiento-de-la-vacunacion\\\/#primaryimage\"},\"thumbnailUrl\":\"https:\\\/\\\/noticiasmercedinas.com\\\/site\\\/wp-content\\\/uploads\\\/2021\\\/02\\\/6a211321-0d79-4956-9dcb-c5247a2de11c.jpg\",\"keywords\":[\"coronavirus\"],\"articleSection\":[\"Covid-19\"],\"inLanguage\":\"es\",\"potentialAction\":[{\"@type\":\"CommentAction\",\"name\":\"Comment\",\"target\":[\"https:\\\/\\\/noticiasmercedinas.com\\\/site\\\/2021\\\/02\\\/27\\\/se-reunio-la-comision-de-seguimiento-de-la-vacunacion\\\/#respond\"]}]},{\"@type\":\"WebPage\",\"@id\":\"https:\\\/\\\/noticiasmercedinas.com\\\/site\\\/2021\\\/02\\\/27\\\/se-reunio-la-comision-de-seguimiento-de-la-vacunacion\\\/\",\"url\":\"https:\\\/\\\/noticiasmercedinas.com\\\/site\\\/2021\\\/02\\\/27\\\/se-reunio-la-comision-de-seguimiento-de-la-vacunacion\\\/\",\"name\":\"Se reuni\u00f3 la Comisi\u00f3n de Seguimiento de la vacunaci\u00f3n\",\"isPartOf\":{\"@id\":\"https:\\\/\\\/noticiasmercedinas.com\\\/site\\\/#website\"},\"primaryImageOfPage\":{\"@id\":\"https:\\\/\\\/noticiasmercedinas.com\\\/site\\\/2021\\\/02\\\/27\\\/se-reunio-la-comision-de-seguimiento-de-la-vacunacion\\\/#primaryimage\"},\"image\":{\"@id\":\"https:\\\/\\\/noticiasmercedinas.com\\\/site\\\/2021\\\/02\\\/27\\\/se-reunio-la-comision-de-seguimiento-de-la-vacunacion\\\/#primaryimage\"},\"thumbnailUrl\":\"https:\\\/\\\/noticiasmercedinas.com\\\/site\\\/wp-content\\\/uploads\\\/2021\\\/02\\\/6a211321-0d79-4956-9dcb-c5247a2de11c.jpg\",\"datePublished\":\"2021-02-27T12:35:28+00:00\",\"dateModified\":\"2021-02-27T12:40:19+00:00\",\"breadcrumb\":{\"@id\":\"https:\\\/\\\/noticiasmercedinas.com\\\/site\\\/2021\\\/02\\\/27\\\/se-reunio-la-comision-de-seguimiento-de-la-vacunacion\\\/#breadcrumb\"},\"inLanguage\":\"es\",\"potentialAction\":[{\"@type\":\"ReadAction\",\"target\":[\"https:\\\/\\\/noticiasmercedinas.com\\\/site\\\/2021\\\/02\\\/27\\\/se-reunio-la-comision-de-seguimiento-de-la-vacunacion\\\/\"]}]},{\"@type\":\"ImageObject\",\"inLanguage\":\"es\",\"@id\":\"https:\\\/\\\/noticiasmercedinas.com\\\/site\\\/2021\\\/02\\\/27\\\/se-reunio-la-comision-de-seguimiento-de-la-vacunacion\\\/#primaryimage\",\"url\":\"https:\\\/\\\/noticiasmercedinas.com\\\/site\\\/wp-content\\\/uploads\\\/2021\\\/02\\\/6a211321-0d79-4956-9dcb-c5247a2de11c.jpg\",\"contentUrl\":\"https:\\\/\\\/noticiasmercedinas.com\\\/site\\\/wp-content\\\/uploads\\\/2021\\\/02\\\/6a211321-0d79-4956-9dcb-c5247a2de11c.jpg\",\"width\":800,\"height\":404},{\"@type\":\"BreadcrumbList\",\"@id\":\"https:\\\/\\\/noticiasmercedinas.com\\\/site\\\/2021\\\/02\\\/27\\\/se-reunio-la-comision-de-seguimiento-de-la-vacunacion\\\/#breadcrumb\",\"itemListElement\":[{\"@type\":\"ListItem\",\"position\":1,\"name\":\"Portada\",\"item\":\"https:\\\/\\\/noticiasmercedinas.com\\\/site\\\/\"},{\"@type\":\"ListItem\",\"position\":2,\"name\":\"Se reuni\u00f3 la Comisi\u00f3n de Seguimiento de la vacunaci\u00f3n\"}]},{\"@type\":\"WebSite\",\"@id\":\"https:\\\/\\\/noticiasmercedinas.com\\\/site\\\/#website\",\"url\":\"https:\\\/\\\/noticiasmercedinas.com\\\/site\\\/\",\"name\":\"NOTICIASMERCEDINAS.COM\",\"description\":\"Mercedes, Buenos Aires, Argentina\",\"publisher\":{\"@id\":\"https:\\\/\\\/noticiasmercedinas.com\\\/site\\\/#organization\"},\"potentialAction\":[{\"@type\":\"SearchAction\",\"target\":{\"@type\":\"EntryPoint\",\"urlTemplate\":\"https:\\\/\\\/noticiasmercedinas.com\\\/site\\\/?s={search_term_string}\"},\"query-input\":{\"@type\":\"PropertyValueSpecification\",\"valueRequired\":true,\"valueName\":\"search_term_string\"}}],\"inLanguage\":\"es\"},{\"@type\":\"Organization\",\"@id\":\"https:\\\/\\\/noticiasmercedinas.com\\\/site\\\/#organization\",\"name\":\"NOTICIASMERCEDINAS.COM\",\"url\":\"https:\\\/\\\/noticiasmercedinas.com\\\/site\\\/\",\"logo\":{\"@type\":\"ImageObject\",\"inLanguage\":\"es\",\"@id\":\"https:\\\/\\\/noticiasmercedinas.com\\\/site\\\/#\\\/schema\\\/logo\\\/image\\\/\",\"url\":\"https:\\\/\\\/noticiasmercedinas.com\\\/site\\\/wp-content\\\/uploads\\\/2020\\\/06\\\/LOGO-512.jpg\",\"contentUrl\":\"https:\\\/\\\/noticiasmercedinas.com\\\/site\\\/wp-content\\\/uploads\\\/2020\\\/06\\\/LOGO-512.jpg\",\"width\":512,\"height\":512,\"caption\":\"NOTICIASMERCEDINAS.COM\"},\"image\":{\"@id\":\"https:\\\/\\\/noticiasmercedinas.com\\\/site\\\/#\\\/schema\\\/logo\\\/image\\\/\"},\"sameAs\":[\"https:\\\/\\\/www.facebook.com\\\/noticiasmercedinas\\\/\",\"https:\\\/\\\/x.com\\\/notmercedinas\",\"https:\\\/\\\/www.instagram.com\\\/noticiasmercedinas\\\/\"]},{\"@type\":\"Person\",\"@id\":\"https:\\\/\\\/noticiasmercedinas.com\\\/site\\\/#\\\/schema\\\/person\\\/84b59c099c28ff2e8b77d4ceec5d8063\",\"name\":\"NOTICIASMERCEDINAS.COM\",\"image\":{\"@type\":\"ImageObject\",\"inLanguage\":\"es\",\"@id\":\"https:\\\/\\\/secure.gravatar.com\\\/avatar\\\/4dfbf16b4d17945bfb6341b2d19043457132fcf478a5ee04f42e959fd8f5df0a?s=96&d=mm&r=g\",\"url\":\"https:\\\/\\\/secure.gravatar.com\\\/avatar\\\/4dfbf16b4d17945bfb6341b2d19043457132fcf478a5ee04f42e959fd8f5df0a?s=96&d=mm&r=g\",\"contentUrl\":\"https:\\\/\\\/secure.gravatar.com\\\/avatar\\\/4dfbf16b4d17945bfb6341b2d19043457132fcf478a5ee04f42e959fd8f5df0a?s=96&d=mm&r=g\",\"caption\":\"NOTICIASMERCEDINAS.COM\"},\"url\":\"https:\\\/\\\/noticiasmercedinas.com\\\/site\\\/author\\\/anonimo\\\/\"}]}<\/script>\n<!-- \/ Yoast SEO plugin. -->","yoast_head_json":{"title":"Se reuni\u00f3 la Comisi\u00f3n de Seguimiento de la vacunaci\u00f3n","robots":{"index":"index","follow":"follow","max-snippet":"max-snippet:-1","max-image-preview":"max-image-preview:large","max-video-preview":"max-video-preview:-1"},"canonical":"https:\/\/noticiasmercedinas.com\/site\/2021\/02\/27\/se-reunio-la-comision-de-seguimiento-de-la-vacunacion\/","og_locale":"es_ES","og_type":"article","og_title":"Se reuni\u00f3 la Comisi\u00f3n de Seguimiento de la vacunaci\u00f3n","og_description":"\u25a0 Sus integrantes pudieron visitar y constatar el trabajo de los equipos de salud y personal administrativo en el Centro de Vacunaci\u00f3n. El municipio ampli\u00f3 la sala de seguimiento Covid-19 con datos de Mercedes","og_url":"https:\/\/noticiasmercedinas.com\/site\/2021\/02\/27\/se-reunio-la-comision-de-seguimiento-de-la-vacunacion\/","og_site_name":"NOTICIASMERCEDINAS.COM","article_publisher":"https:\/\/www.facebook.com\/noticiasmercedinas\/","article_published_time":"2021-02-27T12:35:28+00:00","article_modified_time":"2021-02-27T12:40:19+00:00","og_image":[{"width":800,"height":404,"url":"https:\/\/noticiasmercedinas.com\/site\/wp-content\/uploads\/2021\/02\/6a211321-0d79-4956-9dcb-c5247a2de11c.jpg","type":"image\/jpeg"}],"author":"NOTICIASMERCEDINAS.COM","twitter_card":"summary_large_image","twitter_creator":"@notmercedinas","twitter_site":"@notmercedinas","twitter_misc":{"Escrito por":"NOTICIASMERCEDINAS.COM","Tiempo de lectura":"2 minutos"},"schema":{"@context":"https:\/\/schema.org","@graph":[{"@type":"Article","@id":"https:\/\/noticiasmercedinas.com\/site\/2021\/02\/27\/se-reunio-la-comision-de-seguimiento-de-la-vacunacion\/#article","isPartOf":{"@id":"https:\/\/noticiasmercedinas.com\/site\/2021\/02\/27\/se-reunio-la-comision-de-seguimiento-de-la-vacunacion\/"},"author":{"name":"NOTICIASMERCEDINAS.COM","@id":"https:\/\/noticiasmercedinas.com\/site\/#\/schema\/person\/84b59c099c28ff2e8b77d4ceec5d8063"},"headline":"Se reuni\u00f3 la Comisi\u00f3n de Seguimiento de la vacunaci\u00f3n","datePublished":"2021-02-27T12:35:28+00:00","dateModified":"2021-02-27T12:40:19+00:00","mainEntityOfPage":{"@id":"https:\/\/noticiasmercedinas.com\/site\/2021\/02\/27\/se-reunio-la-comision-de-seguimiento-de-la-vacunacion\/"},"wordCount":360,"commentCount":0,"publisher":{"@id":"https:\/\/noticiasmercedinas.com\/site\/#organization"},"image":{"@id":"https:\/\/noticiasmercedinas.com\/site\/2021\/02\/27\/se-reunio-la-comision-de-seguimiento-de-la-vacunacion\/#primaryimage"},"thumbnailUrl":"https:\/\/noticiasmercedinas.com\/site\/wp-content\/uploads\/2021\/02\/6a211321-0d79-4956-9dcb-c5247a2de11c.jpg","keywords":["coronavirus"],"articleSection":["Covid-19"],"inLanguage":"es","potentialAction":[{"@type":"CommentAction","name":"Comment","target":["https:\/\/noticiasmercedinas.com\/site\/2021\/02\/27\/se-reunio-la-comision-de-seguimiento-de-la-vacunacion\/#respond"]}]},{"@type":"WebPage","@id":"https:\/\/noticiasmercedinas.com\/site\/2021\/02\/27\/se-reunio-la-comision-de-seguimiento-de-la-vacunacion\/","url":"https:\/\/noticiasmercedinas.com\/site\/2021\/02\/27\/se-reunio-la-comision-de-seguimiento-de-la-vacunacion\/","name":"Se reuni\u00f3 la Comisi\u00f3n de Seguimiento de la vacunaci\u00f3n","isPartOf":{"@id":"https:\/\/noticiasmercedinas.com\/site\/#website"},"primaryImageOfPage":{"@id":"https:\/\/noticiasmercedinas.com\/site\/2021\/02\/27\/se-reunio-la-comision-de-seguimiento-de-la-vacunacion\/#primaryimage"},"image":{"@id":"https:\/\/noticiasmercedinas.com\/site\/2021\/02\/27\/se-reunio-la-comision-de-seguimiento-de-la-vacunacion\/#primaryimage"},"thumbnailUrl":"https:\/\/noticiasmercedinas.com\/site\/wp-content\/uploads\/2021\/02\/6a211321-0d79-4956-9dcb-c5247a2de11c.jpg","datePublished":"2021-02-27T12:35:28+00:00","dateModified":"2021-02-27T12:40:19+00:00","breadcrumb":{"@id":"https:\/\/noticiasmercedinas.com\/site\/2021\/02\/27\/se-reunio-la-comision-de-seguimiento-de-la-vacunacion\/#breadcrumb"},"inLanguage":"es","potentialAction":[{"@type":"ReadAction","target":["https:\/\/noticiasmercedinas.com\/site\/2021\/02\/27\/se-reunio-la-comision-de-seguimiento-de-la-vacunacion\/"]}]},{"@type":"ImageObject","inLanguage":"es","@id":"https:\/\/noticiasmercedinas.com\/site\/2021\/02\/27\/se-reunio-la-comision-de-seguimiento-de-la-vacunacion\/#primaryimage","url":"https:\/\/noticiasmercedinas.com\/site\/wp-content\/uploads\/2021\/02\/6a211321-0d79-4956-9dcb-c5247a2de11c.jpg","contentUrl":"https:\/\/noticiasmercedinas.com\/site\/wp-content\/uploads\/2021\/02\/6a211321-0d79-4956-9dcb-c5247a2de11c.jpg","width":800,"height":404},{"@type":"BreadcrumbList","@id":"https:\/\/noticiasmercedinas.com\/site\/2021\/02\/27\/se-reunio-la-comision-de-seguimiento-de-la-vacunacion\/#breadcrumb","itemListElement":[{"@type":"ListItem","position":1,"name":"Portada","item":"https:\/\/noticiasmercedinas.com\/site\/"},{"@type":"ListItem","position":2,"name":"Se reuni\u00f3 la Comisi\u00f3n de Seguimiento de la vacunaci\u00f3n"}]},{"@type":"WebSite","@id":"https:\/\/noticiasmercedinas.com\/site\/#website","url":"https:\/\/noticiasmercedinas.com\/site\/","name":"NOTICIASMERCEDINAS.COM","description":"Mercedes, Buenos Aires, Argentina","publisher":{"@id":"https:\/\/noticiasmercedinas.com\/site\/#organization"},"potentialAction":[{"@type":"SearchAction","target":{"@type":"EntryPoint","urlTemplate":"https:\/\/noticiasmercedinas.com\/site\/?s={search_term_string}"},"query-input":{"@type":"PropertyValueSpecification","valueRequired":true,"valueName":"search_term_string"}}],"inLanguage":"es"},{"@type":"Organization","@id":"https:\/\/noticiasmercedinas.com\/site\/#organization","name":"NOTICIASMERCEDINAS.COM","url":"https:\/\/noticiasmercedinas.com\/site\/","logo":{"@type":"ImageObject","inLanguage":"es","@id":"https:\/\/noticiasmercedinas.com\/site\/#\/schema\/logo\/image\/","url":"https:\/\/noticiasmercedinas.com\/site\/wp-content\/uploads\/2020\/06\/LOGO-512.jpg","contentUrl":"https:\/\/noticiasmercedinas.com\/site\/wp-content\/uploads\/2020\/06\/LOGO-512.jpg","width":512,"height":512,"caption":"NOTICIASMERCEDINAS.COM"},"image":{"@id":"https:\/\/noticiasmercedinas.com\/site\/#\/schema\/logo\/image\/"},"sameAs":["https:\/\/www.facebook.com\/noticiasmercedinas\/","https:\/\/x.com\/notmercedinas","https:\/\/www.instagram.com\/noticiasmercedinas\/"]},{"@type":"Person","@id":"https:\/\/noticiasmercedinas.com\/site\/#\/schema\/person\/84b59c099c28ff2e8b77d4ceec5d8063","name":"NOTICIASMERCEDINAS.COM","image":{"@type":"ImageObject","inLanguage":"es","@id":"https:\/\/secure.gravatar.com\/avatar\/4dfbf16b4d17945bfb6341b2d19043457132fcf478a5ee04f42e959fd8f5df0a?s=96&d=mm&r=g","url":"https:\/\/secure.gravatar.com\/avatar\/4dfbf16b4d17945bfb6341b2d19043457132fcf478a5ee04f42e959fd8f5df0a?s=96&d=mm&r=g","contentUrl":"https:\/\/secure.gravatar.com\/avatar\/4dfbf16b4d17945bfb6341b2d19043457132fcf478a5ee04f42e959fd8f5df0a?s=96&d=mm&r=g","caption":"NOTICIASMERCEDINAS.COM"},"url":"https:\/\/noticiasmercedinas.com\/site\/author\/anonimo\/"}]}},"amp_enabled":true,"_links":{"self":[{"href":"https:\/\/noticiasmercedinas.com\/site\/wp-json\/wp\/v2\/posts\/62313","targetHints":{"allow":["GET"]}}],"collection":[{"href":"https:\/\/noticiasmercedinas.com\/site\/wp-json\/wp\/v2\/posts"}],"about":[{"href":"https:\/\/noticiasmercedinas.com\/site\/wp-json\/wp\/v2\/types\/post"}],"author":[{"embeddable":true,"href":"https:\/\/noticiasmercedinas.com\/site\/wp-json\/wp\/v2\/users\/16"}],"replies":[{"embeddable":true,"href":"https:\/\/noticiasmercedinas.com\/site\/wp-json\/wp\/v2\/comments?post=62313"}],"version-history":[{"count":2,"href":"https:\/\/noticiasmercedinas.com\/site\/wp-json\/wp\/v2\/posts\/62313\/revisions"}],"predecessor-version":[{"id":62320,"href":"https:\/\/noticiasmercedinas.com\/site\/wp-json\/wp\/v2\/posts\/62313\/revisions\/62320"}],"wp:featuredmedia":[{"embeddable":true,"href":"https:\/\/noticiasmercedinas.com\/site\/wp-json\/wp\/v2\/media\/62315"}],"wp:attachment":[{"href":"https:\/\/noticiasmercedinas.com\/site\/wp-json\/wp\/v2\/media?parent=62313"}],"wp:term":[{"taxonomy":"category","embeddable":true,"href":"https:\/\/noticiasmercedinas.com\/site\/wp-json\/wp\/v2\/categories?post=62313"},{"taxonomy":"post_tag","embeddable":true,"href":"https:\/\/noticiasmercedinas.com\/site\/wp-json\/wp\/v2\/tags?post=62313"}],"curies":[{"name":"wp","href":"https:\/\/api.w.org\/{rel}","templated":true}]}}