{"id":62350,"date":"2021-02-27T22:51:52","date_gmt":"2021-02-28T01:51:52","guid":{"rendered":"https:\/\/noticiasmercedinas.com\/site\/?p=62350"},"modified":"2021-02-27T22:54:41","modified_gmt":"2021-02-28T01:54:41","slug":"incendio-arraso-5-hectareas-en-zona-proxima-a-casas-sobre-ruta-5","status":"publish","type":"post","link":"https:\/\/noticiasmercedinas.com\/site\/2021\/02\/27\/incendio-arraso-5-hectareas-en-zona-proxima-a-casas-sobre-ruta-5\/","title":{"rendered":"Incendio arras\u00f3 5 hect\u00e1reas en zona pr\u00f3xima a casas sobre ruta 5"},"content":{"rendered":"<p><img loading=\"lazy\" decoding=\"async\" class=\"alignnone size-large wp-image-62355\" src=\"https:\/\/noticiasmercedinas.com\/site\/wp-content\/uploads\/2021\/02\/d39159e3-a748-4441-971c-ef60c20f2ab8-1024x576.jpg\" alt=\"\" width=\"640\" height=\"360\" srcset=\"https:\/\/noticiasmercedinas.com\/site\/wp-content\/uploads\/2021\/02\/d39159e3-a748-4441-971c-ef60c20f2ab8-1024x576.jpg 1024w, https:\/\/noticiasmercedinas.com\/site\/wp-content\/uploads\/2021\/02\/d39159e3-a748-4441-971c-ef60c20f2ab8-300x169.jpg 300w, https:\/\/noticiasmercedinas.com\/site\/wp-content\/uploads\/2021\/02\/d39159e3-a748-4441-971c-ef60c20f2ab8-768x432.jpg 768w, https:\/\/noticiasmercedinas.com\/site\/wp-content\/uploads\/2021\/02\/d39159e3-a748-4441-971c-ef60c20f2ab8-640x360.jpg 640w, https:\/\/noticiasmercedinas.com\/site\/wp-content\/uploads\/2021\/02\/d39159e3-a748-4441-971c-ef60c20f2ab8-681x383.jpg 681w, https:\/\/noticiasmercedinas.com\/site\/wp-content\/uploads\/2021\/02\/d39159e3-a748-4441-971c-ef60c20f2ab8.jpg 1280w\" sizes=\"auto, (max-width: 640px) 100vw, 640px\" \/><\/p>\n<p>Un incendio de proporciones este atardecer en ruta 5 km 102 exigi\u00f3 a Bomberos Voluntarios con 4 dotaciones. En principio fueron con un cami\u00f3n pero luego se abrieron dos focos y hasta se convoc\u00f3 a Protecci\u00f3n Civil por la cercan\u00eda del siniestro con la zona urbana, lo que caus\u00f3 incertidumbre. Tambi\u00e9n debi\u00f3 intervenir el \u00e1rea de Tr\u00e1nsito ya que el humo se propag\u00f3 a metros de la ruta 5 en una zona m\u00e1s que transitada.<\/p>\n<p>Con las casas a metros se temi\u00f3 que se levantara viento y ocurriera un desastre, pero por fortuna eso no ocurri\u00f3. En un s\u00e1bado con alt\u00edsima temperatura, las llamas se fueron propagando. Se cree que el inicio del fuego puede haber sido la quema de basura domiciliaria por parte de los propios vecinos.<\/p>\n<p>Ya como a las 19 la primera dotaci\u00f3n de bomberos estaba en el lugar. Y luego de un amplio trabajo se pudo extinguir, ya entrada la noche en la ciudad de Mercedes. La cercan\u00eda de las llamas con la zona urbana y la multiplicaci\u00f3n del foco de incendio caus\u00f3 p\u00e1nico. La gruesa columna de humo oscuro se ve\u00eda desde kil\u00f3metros del lugar. Desde bomberos calcularon que fueron 5 hect\u00e1reas las quemadas.<\/p>\n<p>En tanto, Protecci\u00f3n Civil fue convocada para asistir a los bomberos con agua y la disponibilidad de poder gestionar recursos que fueran necesarios.<\/p>\n<p>Este incendio exigi\u00f3 a Bomberos que debi\u00f3 trabajar con 4 dotaciones en dos focos que se abrieron: uno en calle 11 y ruta 5 y el otro en calle 152 y 19. Y si bien pasadas las 22.30 todo estaba controlado, las tareas en la zona continuaban.<\/p>\n<p><img loading=\"lazy\" decoding=\"async\" class=\"alignnone size-large wp-image-62354\" src=\"https:\/\/noticiasmercedinas.com\/site\/wp-content\/uploads\/2021\/02\/40275f70-899a-499c-ad44-d7ab24128912-1024x576.jpg\" alt=\"\" width=\"640\" height=\"360\" srcset=\"https:\/\/noticiasmercedinas.com\/site\/wp-content\/uploads\/2021\/02\/40275f70-899a-499c-ad44-d7ab24128912-1024x576.jpg 1024w, https:\/\/noticiasmercedinas.com\/site\/wp-content\/uploads\/2021\/02\/40275f70-899a-499c-ad44-d7ab24128912-300x169.jpg 300w, https:\/\/noticiasmercedinas.com\/site\/wp-content\/uploads\/2021\/02\/40275f70-899a-499c-ad44-d7ab24128912-768x432.jpg 768w, https:\/\/noticiasmercedinas.com\/site\/wp-content\/uploads\/2021\/02\/40275f70-899a-499c-ad44-d7ab24128912-640x360.jpg 640w, https:\/\/noticiasmercedinas.com\/site\/wp-content\/uploads\/2021\/02\/40275f70-899a-499c-ad44-d7ab24128912-681x383.jpg 681w, https:\/\/noticiasmercedinas.com\/site\/wp-content\/uploads\/2021\/02\/40275f70-899a-499c-ad44-d7ab24128912.jpg 1280w\" sizes=\"auto, (max-width: 640px) 100vw, 640px\" \/> <img loading=\"lazy\" decoding=\"async\" class=\"alignnone size-large wp-image-62353\" src=\"https:\/\/noticiasmercedinas.com\/site\/wp-content\/uploads\/2021\/02\/12df5a99-ebd9-4580-8279-22b2aa96b146-1024x461.jpg\" alt=\"\" width=\"640\" height=\"288\" srcset=\"https:\/\/noticiasmercedinas.com\/site\/wp-content\/uploads\/2021\/02\/12df5a99-ebd9-4580-8279-22b2aa96b146-1024x461.jpg 1024w, https:\/\/noticiasmercedinas.com\/site\/wp-content\/uploads\/2021\/02\/12df5a99-ebd9-4580-8279-22b2aa96b146-300x135.jpg 300w, https:\/\/noticiasmercedinas.com\/site\/wp-content\/uploads\/2021\/02\/12df5a99-ebd9-4580-8279-22b2aa96b146-768x346.jpg 768w, https:\/\/noticiasmercedinas.com\/site\/wp-content\/uploads\/2021\/02\/12df5a99-ebd9-4580-8279-22b2aa96b146-640x288.jpg 640w, https:\/\/noticiasmercedinas.com\/site\/wp-content\/uploads\/2021\/02\/12df5a99-ebd9-4580-8279-22b2aa96b146-681x306.jpg 681w, https:\/\/noticiasmercedinas.com\/site\/wp-content\/uploads\/2021\/02\/12df5a99-ebd9-4580-8279-22b2aa96b146.jpg 1280w\" sizes=\"auto, (max-width: 640px) 100vw, 640px\" \/> <img loading=\"lazy\" decoding=\"async\" class=\"alignnone wp-image-62352 size-full\" src=\"https:\/\/noticiasmercedinas.com\/site\/wp-content\/uploads\/2021\/02\/689ec77b-2c6f-4bc8-b0be-7342a979d184.jpg\" alt=\"\" width=\"720\" height=\"1280\" srcset=\"https:\/\/noticiasmercedinas.com\/site\/wp-content\/uploads\/2021\/02\/689ec77b-2c6f-4bc8-b0be-7342a979d184.jpg 720w, https:\/\/noticiasmercedinas.com\/site\/wp-content\/uploads\/2021\/02\/689ec77b-2c6f-4bc8-b0be-7342a979d184-169x300.jpg 169w, https:\/\/noticiasmercedinas.com\/site\/wp-content\/uploads\/2021\/02\/689ec77b-2c6f-4bc8-b0be-7342a979d184-576x1024.jpg 576w, https:\/\/noticiasmercedinas.com\/site\/wp-content\/uploads\/2021\/02\/689ec77b-2c6f-4bc8-b0be-7342a979d184-640x1138.jpg 640w, https:\/\/noticiasmercedinas.com\/site\/wp-content\/uploads\/2021\/02\/689ec77b-2c6f-4bc8-b0be-7342a979d184-681x1211.jpg 681w\" sizes=\"auto, (max-width: 720px) 100vw, 720px\" \/> <img loading=\"lazy\" decoding=\"async\" class=\"alignnone size-large wp-image-62351\" src=\"https:\/\/noticiasmercedinas.com\/site\/wp-content\/uploads\/2021\/02\/09d6d250-c0f2-4dca-b5ad-3e8f23f3d5ad-1024x576.jpg\" alt=\"\" width=\"640\" height=\"360\" srcset=\"https:\/\/noticiasmercedinas.com\/site\/wp-content\/uploads\/2021\/02\/09d6d250-c0f2-4dca-b5ad-3e8f23f3d5ad-1024x576.jpg 1024w, https:\/\/noticiasmercedinas.com\/site\/wp-content\/uploads\/2021\/02\/09d6d250-c0f2-4dca-b5ad-3e8f23f3d5ad-300x169.jpg 300w, https:\/\/noticiasmercedinas.com\/site\/wp-content\/uploads\/2021\/02\/09d6d250-c0f2-4dca-b5ad-3e8f23f3d5ad-768x432.jpg 768w, https:\/\/noticiasmercedinas.com\/site\/wp-content\/uploads\/2021\/02\/09d6d250-c0f2-4dca-b5ad-3e8f23f3d5ad-640x360.jpg 640w, https:\/\/noticiasmercedinas.com\/site\/wp-content\/uploads\/2021\/02\/09d6d250-c0f2-4dca-b5ad-3e8f23f3d5ad-681x383.jpg 681w, https:\/\/noticiasmercedinas.com\/site\/wp-content\/uploads\/2021\/02\/09d6d250-c0f2-4dca-b5ad-3e8f23f3d5ad.jpg 1280w\" sizes=\"auto, (max-width: 640px) 100vw, 640px\" \/><\/p>\n","protected":false},"excerpt":{"rendered":"<p>\u25a0 Angustia al anochecer. Con 4 dotaciones de Bomberos, apoyo de Protecci\u00f3n Civil y Tr\u00e1nsito se pudo controlar la situaci\u00f3n. Hubo dos focos y se habr\u00eda iniciado por quema de basura.<\/p>\n","protected":false},"author":2,"featured_media":62355,"comment_status":"open","ping_status":"open","sticky":false,"template":"","format":"standard","meta":{"footnotes":""},"categories":[7],"tags":[2841,4239,1746,665],"class_list":["post-62350","post","type-post","status-publish","format-standard","has-post-thumbnail","hentry","category-policiales","tag-bomberos-voluntarios","tag-direccion-de-proteccion-civil-mercedes","tag-incendio","tag-ruta-5"],"yoast_head":"<!-- This site is optimized with the Yoast SEO plugin v28.3 - https:\/\/yoast.com\/product\/yoast-seo-wordpress\/ -->\n<title>Incendio arras\u00f3 5 hect\u00e1reas en zona pr\u00f3xima a casas sobre ruta 5<\/title>\n<meta name=\"robots\" content=\"index, follow, max-snippet:-1, max-image-preview:large, max-video-preview:-1\" \/>\n<link rel=\"canonical\" href=\"https:\/\/noticiasmercedinas.com\/site\/2021\/02\/27\/incendio-arraso-5-hectareas-en-zona-proxima-a-casas-sobre-ruta-5\/\" \/>\n<meta property=\"og:locale\" content=\"es_ES\" \/>\n<meta property=\"og:type\" content=\"article\" \/>\n<meta property=\"og:title\" content=\"Incendio arras\u00f3 5 hect\u00e1reas en zona pr\u00f3xima a casas sobre ruta 5\" \/>\n<meta property=\"og:description\" content=\"\u25a0 Angustia al anochecer. Con 4 dotaciones de Bomberos, apoyo de Protecci\u00f3n Civil y Tr\u00e1nsito se pudo controlar la situaci\u00f3n. Hubo dos focos y se habr\u00eda iniciado por quema de basura.\" \/>\n<meta property=\"og:url\" content=\"https:\/\/noticiasmercedinas.com\/site\/2021\/02\/27\/incendio-arraso-5-hectareas-en-zona-proxima-a-casas-sobre-ruta-5\/\" \/>\n<meta property=\"og:site_name\" content=\"NOTICIASMERCEDINAS.COM\" \/>\n<meta property=\"article:publisher\" content=\"https:\/\/www.facebook.com\/noticiasmercedinas\/\" \/>\n<meta property=\"article:author\" content=\"https:\/\/www.facebook.com\/cristian.falabella\" \/>\n<meta property=\"article:published_time\" content=\"2021-02-28T01:51:52+00:00\" \/>\n<meta property=\"article:modified_time\" content=\"2021-02-28T01:54:41+00:00\" \/>\n<meta property=\"og:image\" content=\"https:\/\/noticiasmercedinas.com\/site\/wp-content\/uploads\/2021\/02\/d39159e3-a748-4441-971c-ef60c20f2ab8.jpg\" \/>\n\t<meta property=\"og:image:width\" content=\"1280\" \/>\n\t<meta property=\"og:image:height\" content=\"720\" \/>\n\t<meta property=\"og:image:type\" content=\"image\/jpeg\" \/>\n<meta name=\"author\" content=\"Cristian Falabella NOTICIASMERCEDINAS.COM\" \/>\n<meta name=\"twitter:card\" content=\"summary_large_image\" \/>\n<meta name=\"twitter:creator\" content=\"@https:\/\/twitter.com\/NOTMERCEDINAS\" \/>\n<meta name=\"twitter:site\" content=\"@notmercedinas\" \/>\n<meta name=\"twitter:label1\" content=\"Escrito por\" \/>\n\t<meta name=\"twitter:data1\" content=\"Cristian Falabella NOTICIASMERCEDINAS.COM\" \/>\n\t<meta name=\"twitter:label2\" content=\"Tiempo de lectura\" \/>\n\t<meta name=\"twitter:data2\" content=\"3 minutos\" \/>\n<script type=\"application\/ld+json\" class=\"yoast-schema-graph\">{\"@context\":\"https:\\\/\\\/schema.org\",\"@graph\":[{\"@type\":\"Article\",\"@id\":\"https:\\\/\\\/noticiasmercedinas.com\\\/site\\\/2021\\\/02\\\/27\\\/incendio-arraso-5-hectareas-en-zona-proxima-a-casas-sobre-ruta-5\\\/#article\",\"isPartOf\":{\"@id\":\"https:\\\/\\\/noticiasmercedinas.com\\\/site\\\/2021\\\/02\\\/27\\\/incendio-arraso-5-hectareas-en-zona-proxima-a-casas-sobre-ruta-5\\\/\"},\"author\":{\"name\":\"Cristian Falabella NOTICIASMERCEDINAS.COM\",\"@id\":\"https:\\\/\\\/noticiasmercedinas.com\\\/site\\\/#\\\/schema\\\/person\\\/d481a9696a5feaec13a60e2bbd991a6a\"},\"headline\":\"Incendio arras\u00f3 5 hect\u00e1reas en zona pr\u00f3xima a casas sobre ruta 5\",\"datePublished\":\"2021-02-28T01:51:52+00:00\",\"dateModified\":\"2021-02-28T01:54:41+00:00\",\"mainEntityOfPage\":{\"@id\":\"https:\\\/\\\/noticiasmercedinas.com\\\/site\\\/2021\\\/02\\\/27\\\/incendio-arraso-5-hectareas-en-zona-proxima-a-casas-sobre-ruta-5\\\/\"},\"wordCount\":285,\"commentCount\":0,\"publisher\":{\"@id\":\"https:\\\/\\\/noticiasmercedinas.com\\\/site\\\/#organization\"},\"image\":{\"@id\":\"https:\\\/\\\/noticiasmercedinas.com\\\/site\\\/2021\\\/02\\\/27\\\/incendio-arraso-5-hectareas-en-zona-proxima-a-casas-sobre-ruta-5\\\/#primaryimage\"},\"thumbnailUrl\":\"https:\\\/\\\/noticiasmercedinas.com\\\/site\\\/wp-content\\\/uploads\\\/2021\\\/02\\\/d39159e3-a748-4441-971c-ef60c20f2ab8.jpg\",\"keywords\":[\"bomberos voluntarios\",\"Direcci\u00f3n de Protecci\u00f3n Civil Mercedes\",\"incendio\",\"ruta 5\"],\"articleSection\":[\"Seguridad\"],\"inLanguage\":\"es\",\"potentialAction\":[{\"@type\":\"CommentAction\",\"name\":\"Comment\",\"target\":[\"https:\\\/\\\/noticiasmercedinas.com\\\/site\\\/2021\\\/02\\\/27\\\/incendio-arraso-5-hectareas-en-zona-proxima-a-casas-sobre-ruta-5\\\/#respond\"]}]},{\"@type\":\"WebPage\",\"@id\":\"https:\\\/\\\/noticiasmercedinas.com\\\/site\\\/2021\\\/02\\\/27\\\/incendio-arraso-5-hectareas-en-zona-proxima-a-casas-sobre-ruta-5\\\/\",\"url\":\"https:\\\/\\\/noticiasmercedinas.com\\\/site\\\/2021\\\/02\\\/27\\\/incendio-arraso-5-hectareas-en-zona-proxima-a-casas-sobre-ruta-5\\\/\",\"name\":\"Incendio arras\u00f3 5 hect\u00e1reas en zona pr\u00f3xima a casas sobre ruta 5\",\"isPartOf\":{\"@id\":\"https:\\\/\\\/noticiasmercedinas.com\\\/site\\\/#website\"},\"primaryImageOfPage\":{\"@id\":\"https:\\\/\\\/noticiasmercedinas.com\\\/site\\\/2021\\\/02\\\/27\\\/incendio-arraso-5-hectareas-en-zona-proxima-a-casas-sobre-ruta-5\\\/#primaryimage\"},\"image\":{\"@id\":\"https:\\\/\\\/noticiasmercedinas.com\\\/site\\\/2021\\\/02\\\/27\\\/incendio-arraso-5-hectareas-en-zona-proxima-a-casas-sobre-ruta-5\\\/#primaryimage\"},\"thumbnailUrl\":\"https:\\\/\\\/noticiasmercedinas.com\\\/site\\\/wp-content\\\/uploads\\\/2021\\\/02\\\/d39159e3-a748-4441-971c-ef60c20f2ab8.jpg\",\"datePublished\":\"2021-02-28T01:51:52+00:00\",\"dateModified\":\"2021-02-28T01:54:41+00:00\",\"breadcrumb\":{\"@id\":\"https:\\\/\\\/noticiasmercedinas.com\\\/site\\\/2021\\\/02\\\/27\\\/incendio-arraso-5-hectareas-en-zona-proxima-a-casas-sobre-ruta-5\\\/#breadcrumb\"},\"inLanguage\":\"es\",\"potentialAction\":[{\"@type\":\"ReadAction\",\"target\":[\"https:\\\/\\\/noticiasmercedinas.com\\\/site\\\/2021\\\/02\\\/27\\\/incendio-arraso-5-hectareas-en-zona-proxima-a-casas-sobre-ruta-5\\\/\"]}]},{\"@type\":\"ImageObject\",\"inLanguage\":\"es\",\"@id\":\"https:\\\/\\\/noticiasmercedinas.com\\\/site\\\/2021\\\/02\\\/27\\\/incendio-arraso-5-hectareas-en-zona-proxima-a-casas-sobre-ruta-5\\\/#primaryimage\",\"url\":\"https:\\\/\\\/noticiasmercedinas.com\\\/site\\\/wp-content\\\/uploads\\\/2021\\\/02\\\/d39159e3-a748-4441-971c-ef60c20f2ab8.jpg\",\"contentUrl\":\"https:\\\/\\\/noticiasmercedinas.com\\\/site\\\/wp-content\\\/uploads\\\/2021\\\/02\\\/d39159e3-a748-4441-971c-ef60c20f2ab8.jpg\",\"width\":1280,\"height\":720},{\"@type\":\"BreadcrumbList\",\"@id\":\"https:\\\/\\\/noticiasmercedinas.com\\\/site\\\/2021\\\/02\\\/27\\\/incendio-arraso-5-hectareas-en-zona-proxima-a-casas-sobre-ruta-5\\\/#breadcrumb\",\"itemListElement\":[{\"@type\":\"ListItem\",\"position\":1,\"name\":\"Portada\",\"item\":\"https:\\\/\\\/noticiasmercedinas.com\\\/site\\\/\"},{\"@type\":\"ListItem\",\"position\":2,\"name\":\"Incendio arras\u00f3 5 hect\u00e1reas en zona pr\u00f3xima a casas sobre ruta 5\"}]},{\"@type\":\"WebSite\",\"@id\":\"https:\\\/\\\/noticiasmercedinas.com\\\/site\\\/#website\",\"url\":\"https:\\\/\\\/noticiasmercedinas.com\\\/site\\\/\",\"name\":\"NOTICIASMERCEDINAS.COM\",\"description\":\"Mercedes, Buenos Aires, Argentina\",\"publisher\":{\"@id\":\"https:\\\/\\\/noticiasmercedinas.com\\\/site\\\/#organization\"},\"potentialAction\":[{\"@type\":\"SearchAction\",\"target\":{\"@type\":\"EntryPoint\",\"urlTemplate\":\"https:\\\/\\\/noticiasmercedinas.com\\\/site\\\/?s={search_term_string}\"},\"query-input\":{\"@type\":\"PropertyValueSpecification\",\"valueRequired\":true,\"valueName\":\"search_term_string\"}}],\"inLanguage\":\"es\"},{\"@type\":\"Organization\",\"@id\":\"https:\\\/\\\/noticiasmercedinas.com\\\/site\\\/#organization\",\"name\":\"NOTICIASMERCEDINAS.COM\",\"url\":\"https:\\\/\\\/noticiasmercedinas.com\\\/site\\\/\",\"logo\":{\"@type\":\"ImageObject\",\"inLanguage\":\"es\",\"@id\":\"https:\\\/\\\/noticiasmercedinas.com\\\/site\\\/#\\\/schema\\\/logo\\\/image\\\/\",\"url\":\"https:\\\/\\\/noticiasmercedinas.com\\\/site\\\/wp-content\\\/uploads\\\/2020\\\/06\\\/LOGO-512.jpg\",\"contentUrl\":\"https:\\\/\\\/noticiasmercedinas.com\\\/site\\\/wp-content\\\/uploads\\\/2020\\\/06\\\/LOGO-512.jpg\",\"width\":512,\"height\":512,\"caption\":\"NOTICIASMERCEDINAS.COM\"},\"image\":{\"@id\":\"https:\\\/\\\/noticiasmercedinas.com\\\/site\\\/#\\\/schema\\\/logo\\\/image\\\/\"},\"sameAs\":[\"https:\\\/\\\/www.facebook.com\\\/noticiasmercedinas\\\/\",\"https:\\\/\\\/x.com\\\/notmercedinas\",\"https:\\\/\\\/www.instagram.com\\\/noticiasmercedinas\\\/\"]},{\"@type\":\"Person\",\"@id\":\"https:\\\/\\\/noticiasmercedinas.com\\\/site\\\/#\\\/schema\\\/person\\\/d481a9696a5feaec13a60e2bbd991a6a\",\"name\":\"Cristian Falabella NOTICIASMERCEDINAS.COM\",\"image\":{\"@type\":\"ImageObject\",\"inLanguage\":\"es\",\"@id\":\"https:\\\/\\\/secure.gravatar.com\\\/avatar\\\/0dbbfc45970cc46bcd0e57766228574ff3511d6eed045b182f536f0f478c1f06?s=96&d=mm&r=g\",\"url\":\"https:\\\/\\\/secure.gravatar.com\\\/avatar\\\/0dbbfc45970cc46bcd0e57766228574ff3511d6eed045b182f536f0f478c1f06?s=96&d=mm&r=g\",\"contentUrl\":\"https:\\\/\\\/secure.gravatar.com\\\/avatar\\\/0dbbfc45970cc46bcd0e57766228574ff3511d6eed045b182f536f0f478c1f06?s=96&d=mm&r=g\",\"caption\":\"Cristian Falabella NOTICIASMERCEDINAS.COM\"},\"description\":\"Periodista, editor de Noticias Mercedinas. Pas\u00f3 por varias redacciones y emprendimientos de prensa, en distintos formatos y \u00e9pocas. Se especializ\u00f3 --y sigue haci\u00e9ndolo-- en comunicaci\u00f3n en la web y en junio de 2006 fund\u00f3 este diario digital.\",\"sameAs\":[\"https:\\\/\\\/noticiasmercedinas.com\",\"https:\\\/\\\/www.facebook.com\\\/cristian.falabella\",\"https:\\\/\\\/www.instagram.com\\\/noticiasmercedinas\\\/\",\"https:\\\/\\\/x.com\\\/https:\\\/\\\/twitter.com\\\/NOTMERCEDINAS\"],\"url\":\"https:\\\/\\\/noticiasmercedinas.com\\\/site\\\/author\\\/as000384\\\/\"}]}<\/script>\n<!-- \/ Yoast SEO plugin. -->","yoast_head_json":{"title":"Incendio arras\u00f3 5 hect\u00e1reas en zona pr\u00f3xima a casas sobre ruta 5","robots":{"index":"index","follow":"follow","max-snippet":"max-snippet:-1","max-image-preview":"max-image-preview:large","max-video-preview":"max-video-preview:-1"},"canonical":"https:\/\/noticiasmercedinas.com\/site\/2021\/02\/27\/incendio-arraso-5-hectareas-en-zona-proxima-a-casas-sobre-ruta-5\/","og_locale":"es_ES","og_type":"article","og_title":"Incendio arras\u00f3 5 hect\u00e1reas en zona pr\u00f3xima a casas sobre ruta 5","og_description":"\u25a0 Angustia al anochecer. Con 4 dotaciones de Bomberos, apoyo de Protecci\u00f3n Civil y Tr\u00e1nsito se pudo controlar la situaci\u00f3n. Hubo dos focos y se habr\u00eda iniciado por quema de basura.","og_url":"https:\/\/noticiasmercedinas.com\/site\/2021\/02\/27\/incendio-arraso-5-hectareas-en-zona-proxima-a-casas-sobre-ruta-5\/","og_site_name":"NOTICIASMERCEDINAS.COM","article_publisher":"https:\/\/www.facebook.com\/noticiasmercedinas\/","article_author":"https:\/\/www.facebook.com\/cristian.falabella","article_published_time":"2021-02-28T01:51:52+00:00","article_modified_time":"2021-02-28T01:54:41+00:00","og_image":[{"width":1280,"height":720,"url":"https:\/\/noticiasmercedinas.com\/site\/wp-content\/uploads\/2021\/02\/d39159e3-a748-4441-971c-ef60c20f2ab8.jpg","type":"image\/jpeg"}],"author":"Cristian Falabella NOTICIASMERCEDINAS.COM","twitter_card":"summary_large_image","twitter_creator":"@https:\/\/twitter.com\/NOTMERCEDINAS","twitter_site":"@notmercedinas","twitter_misc":{"Escrito por":"Cristian Falabella NOTICIASMERCEDINAS.COM","Tiempo de lectura":"3 minutos"},"schema":{"@context":"https:\/\/schema.org","@graph":[{"@type":"Article","@id":"https:\/\/noticiasmercedinas.com\/site\/2021\/02\/27\/incendio-arraso-5-hectareas-en-zona-proxima-a-casas-sobre-ruta-5\/#article","isPartOf":{"@id":"https:\/\/noticiasmercedinas.com\/site\/2021\/02\/27\/incendio-arraso-5-hectareas-en-zona-proxima-a-casas-sobre-ruta-5\/"},"author":{"name":"Cristian Falabella NOTICIASMERCEDINAS.COM","@id":"https:\/\/noticiasmercedinas.com\/site\/#\/schema\/person\/d481a9696a5feaec13a60e2bbd991a6a"},"headline":"Incendio arras\u00f3 5 hect\u00e1reas en zona pr\u00f3xima a casas sobre ruta 5","datePublished":"2021-02-28T01:51:52+00:00","dateModified":"2021-02-28T01:54:41+00:00","mainEntityOfPage":{"@id":"https:\/\/noticiasmercedinas.com\/site\/2021\/02\/27\/incendio-arraso-5-hectareas-en-zona-proxima-a-casas-sobre-ruta-5\/"},"wordCount":285,"commentCount":0,"publisher":{"@id":"https:\/\/noticiasmercedinas.com\/site\/#organization"},"image":{"@id":"https:\/\/noticiasmercedinas.com\/site\/2021\/02\/27\/incendio-arraso-5-hectareas-en-zona-proxima-a-casas-sobre-ruta-5\/#primaryimage"},"thumbnailUrl":"https:\/\/noticiasmercedinas.com\/site\/wp-content\/uploads\/2021\/02\/d39159e3-a748-4441-971c-ef60c20f2ab8.jpg","keywords":["bomberos voluntarios","Direcci\u00f3n de Protecci\u00f3n Civil Mercedes","incendio","ruta 5"],"articleSection":["Seguridad"],"inLanguage":"es","potentialAction":[{"@type":"CommentAction","name":"Comment","target":["https:\/\/noticiasmercedinas.com\/site\/2021\/02\/27\/incendio-arraso-5-hectareas-en-zona-proxima-a-casas-sobre-ruta-5\/#respond"]}]},{"@type":"WebPage","@id":"https:\/\/noticiasmercedinas.com\/site\/2021\/02\/27\/incendio-arraso-5-hectareas-en-zona-proxima-a-casas-sobre-ruta-5\/","url":"https:\/\/noticiasmercedinas.com\/site\/2021\/02\/27\/incendio-arraso-5-hectareas-en-zona-proxima-a-casas-sobre-ruta-5\/","name":"Incendio arras\u00f3 5 hect\u00e1reas en zona pr\u00f3xima a casas sobre ruta 5","isPartOf":{"@id":"https:\/\/noticiasmercedinas.com\/site\/#website"},"primaryImageOfPage":{"@id":"https:\/\/noticiasmercedinas.com\/site\/2021\/02\/27\/incendio-arraso-5-hectareas-en-zona-proxima-a-casas-sobre-ruta-5\/#primaryimage"},"image":{"@id":"https:\/\/noticiasmercedinas.com\/site\/2021\/02\/27\/incendio-arraso-5-hectareas-en-zona-proxima-a-casas-sobre-ruta-5\/#primaryimage"},"thumbnailUrl":"https:\/\/noticiasmercedinas.com\/site\/wp-content\/uploads\/2021\/02\/d39159e3-a748-4441-971c-ef60c20f2ab8.jpg","datePublished":"2021-02-28T01:51:52+00:00","dateModified":"2021-02-28T01:54:41+00:00","breadcrumb":{"@id":"https:\/\/noticiasmercedinas.com\/site\/2021\/02\/27\/incendio-arraso-5-hectareas-en-zona-proxima-a-casas-sobre-ruta-5\/#breadcrumb"},"inLanguage":"es","potentialAction":[{"@type":"ReadAction","target":["https:\/\/noticiasmercedinas.com\/site\/2021\/02\/27\/incendio-arraso-5-hectareas-en-zona-proxima-a-casas-sobre-ruta-5\/"]}]},{"@type":"ImageObject","inLanguage":"es","@id":"https:\/\/noticiasmercedinas.com\/site\/2021\/02\/27\/incendio-arraso-5-hectareas-en-zona-proxima-a-casas-sobre-ruta-5\/#primaryimage","url":"https:\/\/noticiasmercedinas.com\/site\/wp-content\/uploads\/2021\/02\/d39159e3-a748-4441-971c-ef60c20f2ab8.jpg","contentUrl":"https:\/\/noticiasmercedinas.com\/site\/wp-content\/uploads\/2021\/02\/d39159e3-a748-4441-971c-ef60c20f2ab8.jpg","width":1280,"height":720},{"@type":"BreadcrumbList","@id":"https:\/\/noticiasmercedinas.com\/site\/2021\/02\/27\/incendio-arraso-5-hectareas-en-zona-proxima-a-casas-sobre-ruta-5\/#breadcrumb","itemListElement":[{"@type":"ListItem","position":1,"name":"Portada","item":"https:\/\/noticiasmercedinas.com\/site\/"},{"@type":"ListItem","position":2,"name":"Incendio arras\u00f3 5 hect\u00e1reas en zona pr\u00f3xima a casas sobre ruta 5"}]},{"@type":"WebSite","@id":"https:\/\/noticiasmercedinas.com\/site\/#website","url":"https:\/\/noticiasmercedinas.com\/site\/","name":"NOTICIASMERCEDINAS.COM","description":"Mercedes, Buenos Aires, Argentina","publisher":{"@id":"https:\/\/noticiasmercedinas.com\/site\/#organization"},"potentialAction":[{"@type":"SearchAction","target":{"@type":"EntryPoint","urlTemplate":"https:\/\/noticiasmercedinas.com\/site\/?s={search_term_string}"},"query-input":{"@type":"PropertyValueSpecification","valueRequired":true,"valueName":"search_term_string"}}],"inLanguage":"es"},{"@type":"Organization","@id":"https:\/\/noticiasmercedinas.com\/site\/#organization","name":"NOTICIASMERCEDINAS.COM","url":"https:\/\/noticiasmercedinas.com\/site\/","logo":{"@type":"ImageObject","inLanguage":"es","@id":"https:\/\/noticiasmercedinas.com\/site\/#\/schema\/logo\/image\/","url":"https:\/\/noticiasmercedinas.com\/site\/wp-content\/uploads\/2020\/06\/LOGO-512.jpg","contentUrl":"https:\/\/noticiasmercedinas.com\/site\/wp-content\/uploads\/2020\/06\/LOGO-512.jpg","width":512,"height":512,"caption":"NOTICIASMERCEDINAS.COM"},"image":{"@id":"https:\/\/noticiasmercedinas.com\/site\/#\/schema\/logo\/image\/"},"sameAs":["https:\/\/www.facebook.com\/noticiasmercedinas\/","https:\/\/x.com\/notmercedinas","https:\/\/www.instagram.com\/noticiasmercedinas\/"]},{"@type":"Person","@id":"https:\/\/noticiasmercedinas.com\/site\/#\/schema\/person\/d481a9696a5feaec13a60e2bbd991a6a","name":"Cristian Falabella NOTICIASMERCEDINAS.COM","image":{"@type":"ImageObject","inLanguage":"es","@id":"https:\/\/secure.gravatar.com\/avatar\/0dbbfc45970cc46bcd0e57766228574ff3511d6eed045b182f536f0f478c1f06?s=96&d=mm&r=g","url":"https:\/\/secure.gravatar.com\/avatar\/0dbbfc45970cc46bcd0e57766228574ff3511d6eed045b182f536f0f478c1f06?s=96&d=mm&r=g","contentUrl":"https:\/\/secure.gravatar.com\/avatar\/0dbbfc45970cc46bcd0e57766228574ff3511d6eed045b182f536f0f478c1f06?s=96&d=mm&r=g","caption":"Cristian Falabella NOTICIASMERCEDINAS.COM"},"description":"Periodista, editor de Noticias Mercedinas. Pas\u00f3 por varias redacciones y emprendimientos de prensa, en distintos formatos y \u00e9pocas. Se especializ\u00f3 --y sigue haci\u00e9ndolo-- en comunicaci\u00f3n en la web y en junio de 2006 fund\u00f3 este diario digital.","sameAs":["https:\/\/noticiasmercedinas.com","https:\/\/www.facebook.com\/cristian.falabella","https:\/\/www.instagram.com\/noticiasmercedinas\/","https:\/\/x.com\/https:\/\/twitter.com\/NOTMERCEDINAS"],"url":"https:\/\/noticiasmercedinas.com\/site\/author\/as000384\/"}]}},"amp_enabled":true,"_links":{"self":[{"href":"https:\/\/noticiasmercedinas.com\/site\/wp-json\/wp\/v2\/posts\/62350","targetHints":{"allow":["GET"]}}],"collection":[{"href":"https:\/\/noticiasmercedinas.com\/site\/wp-json\/wp\/v2\/posts"}],"about":[{"href":"https:\/\/noticiasmercedinas.com\/site\/wp-json\/wp\/v2\/types\/post"}],"author":[{"embeddable":true,"href":"https:\/\/noticiasmercedinas.com\/site\/wp-json\/wp\/v2\/users\/2"}],"replies":[{"embeddable":true,"href":"https:\/\/noticiasmercedinas.com\/site\/wp-json\/wp\/v2\/comments?post=62350"}],"version-history":[{"count":3,"href":"https:\/\/noticiasmercedinas.com\/site\/wp-json\/wp\/v2\/posts\/62350\/revisions"}],"predecessor-version":[{"id":62359,"href":"https:\/\/noticiasmercedinas.com\/site\/wp-json\/wp\/v2\/posts\/62350\/revisions\/62359"}],"wp:featuredmedia":[{"embeddable":true,"href":"https:\/\/noticiasmercedinas.com\/site\/wp-json\/wp\/v2\/media\/62355"}],"wp:attachment":[{"href":"https:\/\/noticiasmercedinas.com\/site\/wp-json\/wp\/v2\/media?parent=62350"}],"wp:term":[{"taxonomy":"category","embeddable":true,"href":"https:\/\/noticiasmercedinas.com\/site\/wp-json\/wp\/v2\/categories?post=62350"},{"taxonomy":"post_tag","embeddable":true,"href":"https:\/\/noticiasmercedinas.com\/site\/wp-json\/wp\/v2\/tags?post=62350"}],"curies":[{"name":"wp","href":"https:\/\/api.w.org\/{rel}","templated":true}]}}