{"id":62462,"date":"2021-03-01T14:53:50","date_gmt":"2021-03-01T17:53:50","guid":{"rendered":"https:\/\/noticiasmercedinas.com\/site\/?p=62462"},"modified":"2021-03-01T14:54:11","modified_gmt":"2021-03-01T17:54:11","slug":"la-politica-no-se-hace-unicamente-sentados-en-un-cafe","status":"publish","type":"post","link":"https:\/\/noticiasmercedinas.com\/site\/2021\/03\/01\/la-politica-no-se-hace-unicamente-sentados-en-un-cafe\/","title":{"rendered":"\u201cLa pol\u00edtica no se hace \u00fanicamente sentados en un caf\u00e9\u201d"},"content":{"rendered":"<p><img loading=\"lazy\" decoding=\"async\" class=\"alignnone size-full wp-image-62463\" src=\"https:\/\/noticiasmercedinas.com\/site\/wp-content\/uploads\/2021\/03\/marilinabustelo.jpg\" alt=\"\" width=\"640\" height=\"406\" srcset=\"https:\/\/noticiasmercedinas.com\/site\/wp-content\/uploads\/2021\/03\/marilinabustelo.jpg 640w, https:\/\/noticiasmercedinas.com\/site\/wp-content\/uploads\/2021\/03\/marilinabustelo-300x190.jpg 300w\" sizes=\"auto, (max-width: 640px) 100vw, 640px\" \/><\/p>\n<p>La concejala del bloque \u201cJuntos por el Cambio\u201d de Mercedes, <strong>Marilina Bustelo<\/strong>, fue parte del Encuentro de Concejales y Consejeros Escolares de toda la Provincia de Buenos Aires en la ciudad de Mar del Plata, identificados con <em>Vecinos Unidos<\/em>, espacio pol\u00edtico que conducen el senador <strong>Roberto Costa<\/strong> y <strong>Lucas Fiorini<\/strong>.<\/p>\n<p>\u201cFui en representaci\u00f3n de la ciudad de Mercedes. Participamos m\u00e1s de 50 concejales y un centenar de dirigentes. Se trabaj\u00f3 sobre estrategias pol\u00edticas y aspecto de la gesti\u00f3n, tarea que se viene realizando a trav\u00e9s de los distintos Seminarios de Gesti\u00f3n P\u00fablica Local y Regional que brinda el espacio desde diferentes plataformas\u201d, dijo la edil y remarc\u00f3 que Vecinos Unidos se viene consolidando desde octubre, buscando ser una alternativa que enriquezca a Juntos por el Cambio y lograr una pr\u00f3xima gesti\u00f3n, eficiente, abierta y m\u00e1s cercana a la gente.<\/p>\n<blockquote><p>Vecinos Unidos se viene consolidando desde octubre, buscando ser una alternativa que enriquezca a Juntos por el Cambio y lograr una pr\u00f3xima gesti\u00f3n, eficiente, abierta y m\u00e1s cercana a la gente.<\/p><\/blockquote>\n<p>\u201cSe ha trabajado en conjunto buscando ideas en com\u00fan que nos unan y el espacio fue creciendo donde Radicales, desarrollistas, socialistas, peronistas, vecinalistas e independientes son los que le dan pluralidad y dan una identidad propia mostrando el respeto que la sociedad demanda\u201d, sostuvo Bustelo.<\/p>\n<p>\u201cSomos unidos porque no creemos en agrandar la grieta. No vemos a los del frente como enemigos sino como personas que solamente no piensan igual. La construcci\u00f3n de este partido es totalmente territorial, empezar desde abajo, con la esencia del que camina las calles y conoce el barrio porque la pol\u00edtica no se hace \u00fanicamente sentados en un caf\u00e9. Estamos convencidos de que hay muchos vecinos que a\u00fan no se sintieron representados y a eso es a lo que estamos abocados\u201d, afirm\u00f3 la edil.<\/p>\n<p>\u201cSi nos juntamos y nos comprometemos podemos demostrar que no somos m\u00e1s de lo mismo. Unidos es mucho m\u00e1s que juntos. Nosotros no representamos un partido pol\u00edtico, nosotros representamos ideales, principios y las ganas de luchar por el bien com\u00fan\u201d, complet\u00f3.<\/p>\n<p><img loading=\"lazy\" decoding=\"async\" class=\"alignnone size-full wp-image-62464\" src=\"https:\/\/noticiasmercedinas.com\/site\/wp-content\/uploads\/2021\/03\/marilinabustelo1.jpg\" alt=\"\" width=\"640\" height=\"490\" srcset=\"https:\/\/noticiasmercedinas.com\/site\/wp-content\/uploads\/2021\/03\/marilinabustelo1.jpg 640w, https:\/\/noticiasmercedinas.com\/site\/wp-content\/uploads\/2021\/03\/marilinabustelo1-300x230.jpg 300w, https:\/\/noticiasmercedinas.com\/site\/wp-content\/uploads\/2021\/03\/marilinabustelo1-80x60.jpg 80w\" sizes=\"auto, (max-width: 640px) 100vw, 640px\" \/><\/p>\n","protected":false},"excerpt":{"rendered":"<p>\u25a0 Marilina Bustelo fue parte del Encuentro de Concejales y Consejeros Escolares de la Provincia en la ciudad de Mar del Plata, identificados con Vecinos Unidos. \u201cNo creemos en agrandar la grieta\u201d, expres\u00f3.<\/p>\n","protected":false},"author":16,"featured_media":62463,"comment_status":"open","ping_status":"open","sticky":false,"template":"","format":"standard","meta":{"footnotes":""},"categories":[16],"tags":[5269,10871,1194,4298,11434],"class_list":["post-62462","post","type-post","status-publish","format-standard","has-post-thumbnail","hentry","category-politica","tag-juntos-por-el-cambio","tag-lucas-fiorini","tag-marilina-bustelo","tag-roberto-costa","tag-vecinos-unidos"],"yoast_head":"<!-- This site is optimized with the Yoast SEO plugin v27.5 - https:\/\/yoast.com\/product\/yoast-seo-wordpress\/ -->\n<title>\u201cLa pol\u00edtica no se hace \u00fanicamente sentados en un caf\u00e9\u201d<\/title>\n<meta name=\"robots\" content=\"index, follow, max-snippet:-1, max-image-preview:large, max-video-preview:-1\" \/>\n<link rel=\"canonical\" href=\"https:\/\/noticiasmercedinas.com\/site\/2021\/03\/01\/la-politica-no-se-hace-unicamente-sentados-en-un-cafe\/\" \/>\n<meta property=\"og:locale\" content=\"es_ES\" \/>\n<meta property=\"og:type\" content=\"article\" \/>\n<meta property=\"og:title\" content=\"\u201cLa pol\u00edtica no se hace \u00fanicamente sentados en un caf\u00e9\u201d\" \/>\n<meta property=\"og:description\" content=\"\u25a0 Marilina Bustelo fue parte del Encuentro de Concejales y Consejeros Escolares de la Provincia en la ciudad de Mar del Plata, identificados con Vecinos Unidos. \u201cNo creemos en agrandar la grieta\u201d, expres\u00f3.\" \/>\n<meta property=\"og:url\" content=\"https:\/\/noticiasmercedinas.com\/site\/2021\/03\/01\/la-politica-no-se-hace-unicamente-sentados-en-un-cafe\/\" \/>\n<meta property=\"og:site_name\" content=\"NOTICIASMERCEDINAS.COM\" \/>\n<meta property=\"article:publisher\" content=\"https:\/\/www.facebook.com\/noticiasmercedinas\/\" \/>\n<meta property=\"article:published_time\" content=\"2021-03-01T17:53:50+00:00\" \/>\n<meta property=\"article:modified_time\" content=\"2021-03-01T17:54:11+00:00\" \/>\n<meta property=\"og:image\" content=\"https:\/\/noticiasmercedinas.com\/site\/wp-content\/uploads\/2021\/03\/marilinabustelo.jpg\" \/>\n\t<meta property=\"og:image:width\" content=\"640\" \/>\n\t<meta property=\"og:image:height\" content=\"406\" \/>\n\t<meta property=\"og:image:type\" content=\"image\/jpeg\" \/>\n<meta name=\"author\" content=\"NOTICIASMERCEDINAS.COM\" \/>\n<meta name=\"twitter:card\" content=\"summary_large_image\" \/>\n<meta name=\"twitter:creator\" content=\"@notmercedinas\" \/>\n<meta name=\"twitter:site\" content=\"@notmercedinas\" \/>\n<meta name=\"twitter:label1\" content=\"Escrito por\" \/>\n\t<meta name=\"twitter:data1\" content=\"NOTICIASMERCEDINAS.COM\" \/>\n\t<meta name=\"twitter:label2\" content=\"Tiempo de lectura\" \/>\n\t<meta name=\"twitter:data2\" content=\"2 minutos\" \/>\n<script type=\"application\/ld+json\" class=\"yoast-schema-graph\">{\"@context\":\"https:\\\/\\\/schema.org\",\"@graph\":[{\"@type\":\"Article\",\"@id\":\"https:\\\/\\\/noticiasmercedinas.com\\\/site\\\/2021\\\/03\\\/01\\\/la-politica-no-se-hace-unicamente-sentados-en-un-cafe\\\/#article\",\"isPartOf\":{\"@id\":\"https:\\\/\\\/noticiasmercedinas.com\\\/site\\\/2021\\\/03\\\/01\\\/la-politica-no-se-hace-unicamente-sentados-en-un-cafe\\\/\"},\"author\":{\"name\":\"NOTICIASMERCEDINAS.COM\",\"@id\":\"https:\\\/\\\/noticiasmercedinas.com\\\/site\\\/#\\\/schema\\\/person\\\/84b59c099c28ff2e8b77d4ceec5d8063\"},\"headline\":\"\u201cLa pol\u00edtica no se hace \u00fanicamente sentados en un caf\u00e9\u201d\",\"datePublished\":\"2021-03-01T17:53:50+00:00\",\"dateModified\":\"2021-03-01T17:54:11+00:00\",\"mainEntityOfPage\":{\"@id\":\"https:\\\/\\\/noticiasmercedinas.com\\\/site\\\/2021\\\/03\\\/01\\\/la-politica-no-se-hace-unicamente-sentados-en-un-cafe\\\/\"},\"wordCount\":372,\"commentCount\":0,\"publisher\":{\"@id\":\"https:\\\/\\\/noticiasmercedinas.com\\\/site\\\/#organization\"},\"image\":{\"@id\":\"https:\\\/\\\/noticiasmercedinas.com\\\/site\\\/2021\\\/03\\\/01\\\/la-politica-no-se-hace-unicamente-sentados-en-un-cafe\\\/#primaryimage\"},\"thumbnailUrl\":\"https:\\\/\\\/noticiasmercedinas.com\\\/site\\\/wp-content\\\/uploads\\\/2021\\\/03\\\/marilinabustelo.jpg\",\"keywords\":[\"juntos por el cambio\",\"Lucas Fiorini\",\"Marilina Bustelo\",\"roberto costa\",\"Vecinos Unidos\"],\"articleSection\":[\"Politica\"],\"inLanguage\":\"es\",\"potentialAction\":[{\"@type\":\"CommentAction\",\"name\":\"Comment\",\"target\":[\"https:\\\/\\\/noticiasmercedinas.com\\\/site\\\/2021\\\/03\\\/01\\\/la-politica-no-se-hace-unicamente-sentados-en-un-cafe\\\/#respond\"]}]},{\"@type\":\"WebPage\",\"@id\":\"https:\\\/\\\/noticiasmercedinas.com\\\/site\\\/2021\\\/03\\\/01\\\/la-politica-no-se-hace-unicamente-sentados-en-un-cafe\\\/\",\"url\":\"https:\\\/\\\/noticiasmercedinas.com\\\/site\\\/2021\\\/03\\\/01\\\/la-politica-no-se-hace-unicamente-sentados-en-un-cafe\\\/\",\"name\":\"\u201cLa pol\u00edtica no se hace \u00fanicamente sentados en un caf\u00e9\u201d\",\"isPartOf\":{\"@id\":\"https:\\\/\\\/noticiasmercedinas.com\\\/site\\\/#website\"},\"primaryImageOfPage\":{\"@id\":\"https:\\\/\\\/noticiasmercedinas.com\\\/site\\\/2021\\\/03\\\/01\\\/la-politica-no-se-hace-unicamente-sentados-en-un-cafe\\\/#primaryimage\"},\"image\":{\"@id\":\"https:\\\/\\\/noticiasmercedinas.com\\\/site\\\/2021\\\/03\\\/01\\\/la-politica-no-se-hace-unicamente-sentados-en-un-cafe\\\/#primaryimage\"},\"thumbnailUrl\":\"https:\\\/\\\/noticiasmercedinas.com\\\/site\\\/wp-content\\\/uploads\\\/2021\\\/03\\\/marilinabustelo.jpg\",\"datePublished\":\"2021-03-01T17:53:50+00:00\",\"dateModified\":\"2021-03-01T17:54:11+00:00\",\"breadcrumb\":{\"@id\":\"https:\\\/\\\/noticiasmercedinas.com\\\/site\\\/2021\\\/03\\\/01\\\/la-politica-no-se-hace-unicamente-sentados-en-un-cafe\\\/#breadcrumb\"},\"inLanguage\":\"es\",\"potentialAction\":[{\"@type\":\"ReadAction\",\"target\":[\"https:\\\/\\\/noticiasmercedinas.com\\\/site\\\/2021\\\/03\\\/01\\\/la-politica-no-se-hace-unicamente-sentados-en-un-cafe\\\/\"]}]},{\"@type\":\"ImageObject\",\"inLanguage\":\"es\",\"@id\":\"https:\\\/\\\/noticiasmercedinas.com\\\/site\\\/2021\\\/03\\\/01\\\/la-politica-no-se-hace-unicamente-sentados-en-un-cafe\\\/#primaryimage\",\"url\":\"https:\\\/\\\/noticiasmercedinas.com\\\/site\\\/wp-content\\\/uploads\\\/2021\\\/03\\\/marilinabustelo.jpg\",\"contentUrl\":\"https:\\\/\\\/noticiasmercedinas.com\\\/site\\\/wp-content\\\/uploads\\\/2021\\\/03\\\/marilinabustelo.jpg\",\"width\":640,\"height\":406},{\"@type\":\"BreadcrumbList\",\"@id\":\"https:\\\/\\\/noticiasmercedinas.com\\\/site\\\/2021\\\/03\\\/01\\\/la-politica-no-se-hace-unicamente-sentados-en-un-cafe\\\/#breadcrumb\",\"itemListElement\":[{\"@type\":\"ListItem\",\"position\":1,\"name\":\"Portada\",\"item\":\"https:\\\/\\\/noticiasmercedinas.com\\\/site\\\/\"},{\"@type\":\"ListItem\",\"position\":2,\"name\":\"\u201cLa pol\u00edtica no se hace \u00fanicamente sentados en un caf\u00e9\u201d\"}]},{\"@type\":\"WebSite\",\"@id\":\"https:\\\/\\\/noticiasmercedinas.com\\\/site\\\/#website\",\"url\":\"https:\\\/\\\/noticiasmercedinas.com\\\/site\\\/\",\"name\":\"NOTICIASMERCEDINAS.COM\",\"description\":\"Mercedes, Buenos Aires, Argentina\",\"publisher\":{\"@id\":\"https:\\\/\\\/noticiasmercedinas.com\\\/site\\\/#organization\"},\"potentialAction\":[{\"@type\":\"SearchAction\",\"target\":{\"@type\":\"EntryPoint\",\"urlTemplate\":\"https:\\\/\\\/noticiasmercedinas.com\\\/site\\\/?s={search_term_string}\"},\"query-input\":{\"@type\":\"PropertyValueSpecification\",\"valueRequired\":true,\"valueName\":\"search_term_string\"}}],\"inLanguage\":\"es\"},{\"@type\":\"Organization\",\"@id\":\"https:\\\/\\\/noticiasmercedinas.com\\\/site\\\/#organization\",\"name\":\"NOTICIASMERCEDINAS.COM\",\"url\":\"https:\\\/\\\/noticiasmercedinas.com\\\/site\\\/\",\"logo\":{\"@type\":\"ImageObject\",\"inLanguage\":\"es\",\"@id\":\"https:\\\/\\\/noticiasmercedinas.com\\\/site\\\/#\\\/schema\\\/logo\\\/image\\\/\",\"url\":\"https:\\\/\\\/noticiasmercedinas.com\\\/site\\\/wp-content\\\/uploads\\\/2020\\\/06\\\/LOGO-512.jpg\",\"contentUrl\":\"https:\\\/\\\/noticiasmercedinas.com\\\/site\\\/wp-content\\\/uploads\\\/2020\\\/06\\\/LOGO-512.jpg\",\"width\":512,\"height\":512,\"caption\":\"NOTICIASMERCEDINAS.COM\"},\"image\":{\"@id\":\"https:\\\/\\\/noticiasmercedinas.com\\\/site\\\/#\\\/schema\\\/logo\\\/image\\\/\"},\"sameAs\":[\"https:\\\/\\\/www.facebook.com\\\/noticiasmercedinas\\\/\",\"https:\\\/\\\/x.com\\\/notmercedinas\",\"https:\\\/\\\/www.instagram.com\\\/noticiasmercedinas\\\/\"]},{\"@type\":\"Person\",\"@id\":\"https:\\\/\\\/noticiasmercedinas.com\\\/site\\\/#\\\/schema\\\/person\\\/84b59c099c28ff2e8b77d4ceec5d8063\",\"name\":\"NOTICIASMERCEDINAS.COM\",\"image\":{\"@type\":\"ImageObject\",\"inLanguage\":\"es\",\"@id\":\"https:\\\/\\\/secure.gravatar.com\\\/avatar\\\/4dfbf16b4d17945bfb6341b2d19043457132fcf478a5ee04f42e959fd8f5df0a?s=96&d=mm&r=g\",\"url\":\"https:\\\/\\\/secure.gravatar.com\\\/avatar\\\/4dfbf16b4d17945bfb6341b2d19043457132fcf478a5ee04f42e959fd8f5df0a?s=96&d=mm&r=g\",\"contentUrl\":\"https:\\\/\\\/secure.gravatar.com\\\/avatar\\\/4dfbf16b4d17945bfb6341b2d19043457132fcf478a5ee04f42e959fd8f5df0a?s=96&d=mm&r=g\",\"caption\":\"NOTICIASMERCEDINAS.COM\"},\"url\":\"https:\\\/\\\/noticiasmercedinas.com\\\/site\\\/author\\\/anonimo\\\/\"}]}<\/script>\n<!-- \/ Yoast SEO plugin. -->","yoast_head_json":{"title":"\u201cLa pol\u00edtica no se hace \u00fanicamente sentados en un caf\u00e9\u201d","robots":{"index":"index","follow":"follow","max-snippet":"max-snippet:-1","max-image-preview":"max-image-preview:large","max-video-preview":"max-video-preview:-1"},"canonical":"https:\/\/noticiasmercedinas.com\/site\/2021\/03\/01\/la-politica-no-se-hace-unicamente-sentados-en-un-cafe\/","og_locale":"es_ES","og_type":"article","og_title":"\u201cLa pol\u00edtica no se hace \u00fanicamente sentados en un caf\u00e9\u201d","og_description":"\u25a0 Marilina Bustelo fue parte del Encuentro de Concejales y Consejeros Escolares de la Provincia en la ciudad de Mar del Plata, identificados con Vecinos Unidos. \u201cNo creemos en agrandar la grieta\u201d, expres\u00f3.","og_url":"https:\/\/noticiasmercedinas.com\/site\/2021\/03\/01\/la-politica-no-se-hace-unicamente-sentados-en-un-cafe\/","og_site_name":"NOTICIASMERCEDINAS.COM","article_publisher":"https:\/\/www.facebook.com\/noticiasmercedinas\/","article_published_time":"2021-03-01T17:53:50+00:00","article_modified_time":"2021-03-01T17:54:11+00:00","og_image":[{"width":640,"height":406,"url":"https:\/\/noticiasmercedinas.com\/site\/wp-content\/uploads\/2021\/03\/marilinabustelo.jpg","type":"image\/jpeg"}],"author":"NOTICIASMERCEDINAS.COM","twitter_card":"summary_large_image","twitter_creator":"@notmercedinas","twitter_site":"@notmercedinas","twitter_misc":{"Escrito por":"NOTICIASMERCEDINAS.COM","Tiempo de lectura":"2 minutos"},"schema":{"@context":"https:\/\/schema.org","@graph":[{"@type":"Article","@id":"https:\/\/noticiasmercedinas.com\/site\/2021\/03\/01\/la-politica-no-se-hace-unicamente-sentados-en-un-cafe\/#article","isPartOf":{"@id":"https:\/\/noticiasmercedinas.com\/site\/2021\/03\/01\/la-politica-no-se-hace-unicamente-sentados-en-un-cafe\/"},"author":{"name":"NOTICIASMERCEDINAS.COM","@id":"https:\/\/noticiasmercedinas.com\/site\/#\/schema\/person\/84b59c099c28ff2e8b77d4ceec5d8063"},"headline":"\u201cLa pol\u00edtica no se hace \u00fanicamente sentados en un caf\u00e9\u201d","datePublished":"2021-03-01T17:53:50+00:00","dateModified":"2021-03-01T17:54:11+00:00","mainEntityOfPage":{"@id":"https:\/\/noticiasmercedinas.com\/site\/2021\/03\/01\/la-politica-no-se-hace-unicamente-sentados-en-un-cafe\/"},"wordCount":372,"commentCount":0,"publisher":{"@id":"https:\/\/noticiasmercedinas.com\/site\/#organization"},"image":{"@id":"https:\/\/noticiasmercedinas.com\/site\/2021\/03\/01\/la-politica-no-se-hace-unicamente-sentados-en-un-cafe\/#primaryimage"},"thumbnailUrl":"https:\/\/noticiasmercedinas.com\/site\/wp-content\/uploads\/2021\/03\/marilinabustelo.jpg","keywords":["juntos por el cambio","Lucas Fiorini","Marilina Bustelo","roberto costa","Vecinos Unidos"],"articleSection":["Politica"],"inLanguage":"es","potentialAction":[{"@type":"CommentAction","name":"Comment","target":["https:\/\/noticiasmercedinas.com\/site\/2021\/03\/01\/la-politica-no-se-hace-unicamente-sentados-en-un-cafe\/#respond"]}]},{"@type":"WebPage","@id":"https:\/\/noticiasmercedinas.com\/site\/2021\/03\/01\/la-politica-no-se-hace-unicamente-sentados-en-un-cafe\/","url":"https:\/\/noticiasmercedinas.com\/site\/2021\/03\/01\/la-politica-no-se-hace-unicamente-sentados-en-un-cafe\/","name":"\u201cLa pol\u00edtica no se hace \u00fanicamente sentados en un caf\u00e9\u201d","isPartOf":{"@id":"https:\/\/noticiasmercedinas.com\/site\/#website"},"primaryImageOfPage":{"@id":"https:\/\/noticiasmercedinas.com\/site\/2021\/03\/01\/la-politica-no-se-hace-unicamente-sentados-en-un-cafe\/#primaryimage"},"image":{"@id":"https:\/\/noticiasmercedinas.com\/site\/2021\/03\/01\/la-politica-no-se-hace-unicamente-sentados-en-un-cafe\/#primaryimage"},"thumbnailUrl":"https:\/\/noticiasmercedinas.com\/site\/wp-content\/uploads\/2021\/03\/marilinabustelo.jpg","datePublished":"2021-03-01T17:53:50+00:00","dateModified":"2021-03-01T17:54:11+00:00","breadcrumb":{"@id":"https:\/\/noticiasmercedinas.com\/site\/2021\/03\/01\/la-politica-no-se-hace-unicamente-sentados-en-un-cafe\/#breadcrumb"},"inLanguage":"es","potentialAction":[{"@type":"ReadAction","target":["https:\/\/noticiasmercedinas.com\/site\/2021\/03\/01\/la-politica-no-se-hace-unicamente-sentados-en-un-cafe\/"]}]},{"@type":"ImageObject","inLanguage":"es","@id":"https:\/\/noticiasmercedinas.com\/site\/2021\/03\/01\/la-politica-no-se-hace-unicamente-sentados-en-un-cafe\/#primaryimage","url":"https:\/\/noticiasmercedinas.com\/site\/wp-content\/uploads\/2021\/03\/marilinabustelo.jpg","contentUrl":"https:\/\/noticiasmercedinas.com\/site\/wp-content\/uploads\/2021\/03\/marilinabustelo.jpg","width":640,"height":406},{"@type":"BreadcrumbList","@id":"https:\/\/noticiasmercedinas.com\/site\/2021\/03\/01\/la-politica-no-se-hace-unicamente-sentados-en-un-cafe\/#breadcrumb","itemListElement":[{"@type":"ListItem","position":1,"name":"Portada","item":"https:\/\/noticiasmercedinas.com\/site\/"},{"@type":"ListItem","position":2,"name":"\u201cLa pol\u00edtica no se hace \u00fanicamente sentados en un caf\u00e9\u201d"}]},{"@type":"WebSite","@id":"https:\/\/noticiasmercedinas.com\/site\/#website","url":"https:\/\/noticiasmercedinas.com\/site\/","name":"NOTICIASMERCEDINAS.COM","description":"Mercedes, Buenos Aires, Argentina","publisher":{"@id":"https:\/\/noticiasmercedinas.com\/site\/#organization"},"potentialAction":[{"@type":"SearchAction","target":{"@type":"EntryPoint","urlTemplate":"https:\/\/noticiasmercedinas.com\/site\/?s={search_term_string}"},"query-input":{"@type":"PropertyValueSpecification","valueRequired":true,"valueName":"search_term_string"}}],"inLanguage":"es"},{"@type":"Organization","@id":"https:\/\/noticiasmercedinas.com\/site\/#organization","name":"NOTICIASMERCEDINAS.COM","url":"https:\/\/noticiasmercedinas.com\/site\/","logo":{"@type":"ImageObject","inLanguage":"es","@id":"https:\/\/noticiasmercedinas.com\/site\/#\/schema\/logo\/image\/","url":"https:\/\/noticiasmercedinas.com\/site\/wp-content\/uploads\/2020\/06\/LOGO-512.jpg","contentUrl":"https:\/\/noticiasmercedinas.com\/site\/wp-content\/uploads\/2020\/06\/LOGO-512.jpg","width":512,"height":512,"caption":"NOTICIASMERCEDINAS.COM"},"image":{"@id":"https:\/\/noticiasmercedinas.com\/site\/#\/schema\/logo\/image\/"},"sameAs":["https:\/\/www.facebook.com\/noticiasmercedinas\/","https:\/\/x.com\/notmercedinas","https:\/\/www.instagram.com\/noticiasmercedinas\/"]},{"@type":"Person","@id":"https:\/\/noticiasmercedinas.com\/site\/#\/schema\/person\/84b59c099c28ff2e8b77d4ceec5d8063","name":"NOTICIASMERCEDINAS.COM","image":{"@type":"ImageObject","inLanguage":"es","@id":"https:\/\/secure.gravatar.com\/avatar\/4dfbf16b4d17945bfb6341b2d19043457132fcf478a5ee04f42e959fd8f5df0a?s=96&d=mm&r=g","url":"https:\/\/secure.gravatar.com\/avatar\/4dfbf16b4d17945bfb6341b2d19043457132fcf478a5ee04f42e959fd8f5df0a?s=96&d=mm&r=g","contentUrl":"https:\/\/secure.gravatar.com\/avatar\/4dfbf16b4d17945bfb6341b2d19043457132fcf478a5ee04f42e959fd8f5df0a?s=96&d=mm&r=g","caption":"NOTICIASMERCEDINAS.COM"},"url":"https:\/\/noticiasmercedinas.com\/site\/author\/anonimo\/"}]}},"amp_enabled":true,"_links":{"self":[{"href":"https:\/\/noticiasmercedinas.com\/site\/wp-json\/wp\/v2\/posts\/62462","targetHints":{"allow":["GET"]}}],"collection":[{"href":"https:\/\/noticiasmercedinas.com\/site\/wp-json\/wp\/v2\/posts"}],"about":[{"href":"https:\/\/noticiasmercedinas.com\/site\/wp-json\/wp\/v2\/types\/post"}],"author":[{"embeddable":true,"href":"https:\/\/noticiasmercedinas.com\/site\/wp-json\/wp\/v2\/users\/16"}],"replies":[{"embeddable":true,"href":"https:\/\/noticiasmercedinas.com\/site\/wp-json\/wp\/v2\/comments?post=62462"}],"version-history":[{"count":2,"href":"https:\/\/noticiasmercedinas.com\/site\/wp-json\/wp\/v2\/posts\/62462\/revisions"}],"predecessor-version":[{"id":62466,"href":"https:\/\/noticiasmercedinas.com\/site\/wp-json\/wp\/v2\/posts\/62462\/revisions\/62466"}],"wp:featuredmedia":[{"embeddable":true,"href":"https:\/\/noticiasmercedinas.com\/site\/wp-json\/wp\/v2\/media\/62463"}],"wp:attachment":[{"href":"https:\/\/noticiasmercedinas.com\/site\/wp-json\/wp\/v2\/media?parent=62462"}],"wp:term":[{"taxonomy":"category","embeddable":true,"href":"https:\/\/noticiasmercedinas.com\/site\/wp-json\/wp\/v2\/categories?post=62462"},{"taxonomy":"post_tag","embeddable":true,"href":"https:\/\/noticiasmercedinas.com\/site\/wp-json\/wp\/v2\/tags?post=62462"}],"curies":[{"name":"wp","href":"https:\/\/api.w.org\/{rel}","templated":true}]}}