{"id":62781,"date":"2021-03-05T14:40:16","date_gmt":"2021-03-05T17:40:16","guid":{"rendered":"https:\/\/noticiasmercedinas.com\/site\/?p=62781"},"modified":"2021-03-05T14:40:16","modified_gmt":"2021-03-05T17:40:16","slug":"navarro-podra-verse-en-recreo-el-programa-de-reactivacion-turistica-y-cultural","status":"publish","type":"post","link":"https:\/\/noticiasmercedinas.com\/site\/2021\/03\/05\/navarro-podra-verse-en-recreo-el-programa-de-reactivacion-turistica-y-cultural\/","title":{"rendered":"Navarro podr\u00e1 verse en ReCreo, el programa de reactivaci\u00f3n tur\u00edstica y cultural"},"content":{"rendered":"<p><img loading=\"lazy\" decoding=\"async\" class=\"alignnone size-full wp-image-62782\" src=\"https:\/\/noticiasmercedinas.com\/site\/wp-content\/uploads\/2021\/03\/156258724_3701148506606918_5658447524198009486_n.jpg\" alt=\"\" width=\"658\" height=\"492\" srcset=\"https:\/\/noticiasmercedinas.com\/site\/wp-content\/uploads\/2021\/03\/156258724_3701148506606918_5658447524198009486_n.jpg 658w, https:\/\/noticiasmercedinas.com\/site\/wp-content\/uploads\/2021\/03\/156258724_3701148506606918_5658447524198009486_n-300x224.jpg 300w, https:\/\/noticiasmercedinas.com\/site\/wp-content\/uploads\/2021\/03\/156258724_3701148506606918_5658447524198009486_n-80x60.jpg 80w, https:\/\/noticiasmercedinas.com\/site\/wp-content\/uploads\/2021\/03\/156258724_3701148506606918_5658447524198009486_n-160x120.jpg 160w, https:\/\/noticiasmercedinas.com\/site\/wp-content\/uploads\/2021\/03\/156258724_3701148506606918_5658447524198009486_n-100x75.jpg 100w, https:\/\/noticiasmercedinas.com\/site\/wp-content\/uploads\/2021\/03\/156258724_3701148506606918_5658447524198009486_n-200x150.jpg 200w, https:\/\/noticiasmercedinas.com\/site\/wp-content\/uploads\/2021\/03\/156258724_3701148506606918_5658447524198009486_n-180x135.jpg 180w, https:\/\/noticiasmercedinas.com\/site\/wp-content\/uploads\/2021\/03\/156258724_3701148506606918_5658447524198009486_n-360x270.jpg 360w, https:\/\/noticiasmercedinas.com\/site\/wp-content\/uploads\/2021\/03\/156258724_3701148506606918_5658447524198009486_n-238x178.jpg 238w, https:\/\/noticiasmercedinas.com\/site\/wp-content\/uploads\/2021\/03\/156258724_3701148506606918_5658447524198009486_n-476x356.jpg 476w, https:\/\/noticiasmercedinas.com\/site\/wp-content\/uploads\/2021\/03\/156258724_3701148506606918_5658447524198009486_n-640x479.jpg 640w\" sizes=\"auto, (max-width: 658px) 100vw, 658px\" \/><\/p>\n<p>Apunta a potenciar la diversidad de atractivos culturales, hist\u00f3ricos, naturales y comerciales y brindar beneficios para turistas, visitantes, consumidores y consumidoras en los 135 distritos de la provincia de Buenos Aires, donde Navarro podr\u00e1 ofrecer todos sus atractivos, servicios, etc\u00e9tera.<\/p>\n<p>La app de ReCreo permitir\u00e1 articular la amplia variedad de propuestas culturales y tur\u00edsticas provinciales, precisar\u00e1 distintos puntos de inter\u00e9s, ofrecer\u00e1 circuitos imperdibles de todo el territorio bonaerense, incluir\u00e1 los establecimientos inscriptos en el Cat\u00e1logo Tur\u00edstico y Cultural de la Provincia y brindar\u00e1 beneficios locales para los usuarios.<\/p>\n<p>Navarro fue uno de los cinco municipios que se integraron a la prueba piloto, explic\u00f3 Ra\u00fal Lambert, secretario de Gobierno, quien se\u00f1al\u00f3 que ser\u00e1 una herramienta fundamental para promover Navarro y ofrecer lo que el turista est\u00e1 buscando.<\/p>\n","protected":false},"excerpt":{"rendered":"<p>Apunta a potenciar la diversidad de atractivos culturales, hist\u00f3ricos, naturales y comerciales y brindar beneficios para turistas, visitantes, consumidores y consumidoras en los 135 distritos de la provincia de Buenos Aires, donde Navarro podr\u00e1 ofrecer todos sus atractivos, servicios, etc\u00e9tera. La app de ReCreo permitir\u00e1 articular la amplia variedad de propuestas culturales y tur\u00edsticas provinciales, [&hellip;]<\/p>\n","protected":false},"author":16,"featured_media":62782,"comment_status":"open","ping_status":"open","sticky":false,"template":"","format":"standard","meta":{"footnotes":""},"categories":[139],"tags":[253,8421,33],"class_list":["post-62781","post","type-post","status-publish","format-standard","has-post-thumbnail","hentry","category-regionales","tag-navarro","tag-recreo","tag-turismo"],"yoast_head":"<!-- This site is optimized with the Yoast SEO plugin v27.4 - https:\/\/yoast.com\/product\/yoast-seo-wordpress\/ -->\n<title>Navarro podr\u00e1 verse en ReCreo, el programa de reactivaci\u00f3n tur\u00edstica y cultural<\/title>\n<meta name=\"robots\" content=\"index, follow, max-snippet:-1, max-image-preview:large, max-video-preview:-1\" \/>\n<link rel=\"canonical\" href=\"https:\/\/noticiasmercedinas.com\/site\/2021\/03\/05\/navarro-podra-verse-en-recreo-el-programa-de-reactivacion-turistica-y-cultural\/\" \/>\n<meta property=\"og:locale\" content=\"es_ES\" \/>\n<meta property=\"og:type\" content=\"article\" \/>\n<meta property=\"og:title\" content=\"Navarro podr\u00e1 verse en ReCreo, el programa de reactivaci\u00f3n tur\u00edstica y cultural\" \/>\n<meta property=\"og:description\" content=\"Apunta a potenciar la diversidad de atractivos culturales, hist\u00f3ricos, naturales y comerciales y brindar beneficios para turistas, visitantes, consumidores y consumidoras en los 135 distritos de la provincia de Buenos Aires, donde Navarro podr\u00e1 ofrecer todos sus atractivos, servicios, etc\u00e9tera. La app de ReCreo permitir\u00e1 articular la amplia variedad de propuestas culturales y tur\u00edsticas provinciales, [&hellip;]\" \/>\n<meta property=\"og:url\" content=\"https:\/\/noticiasmercedinas.com\/site\/2021\/03\/05\/navarro-podra-verse-en-recreo-el-programa-de-reactivacion-turistica-y-cultural\/\" \/>\n<meta property=\"og:site_name\" content=\"NOTICIASMERCEDINAS.COM\" \/>\n<meta property=\"article:publisher\" content=\"https:\/\/www.facebook.com\/noticiasmercedinas\/\" \/>\n<meta property=\"article:published_time\" content=\"2021-03-05T17:40:16+00:00\" \/>\n<meta property=\"og:image\" content=\"https:\/\/noticiasmercedinas.com\/site\/wp-content\/uploads\/2021\/03\/156258724_3701148506606918_5658447524198009486_n.jpg\" \/>\n\t<meta property=\"og:image:width\" content=\"658\" \/>\n\t<meta property=\"og:image:height\" content=\"492\" \/>\n\t<meta property=\"og:image:type\" content=\"image\/jpeg\" \/>\n<meta name=\"author\" content=\"NOTICIASMERCEDINAS.COM\" \/>\n<meta name=\"twitter:card\" content=\"summary_large_image\" \/>\n<meta name=\"twitter:creator\" content=\"@notmercedinas\" \/>\n<meta name=\"twitter:site\" content=\"@notmercedinas\" \/>\n<meta name=\"twitter:label1\" content=\"Escrito por\" \/>\n\t<meta name=\"twitter:data1\" content=\"NOTICIASMERCEDINAS.COM\" \/>\n\t<meta name=\"twitter:label2\" content=\"Tiempo de lectura\" \/>\n\t<meta name=\"twitter:data2\" content=\"1 minuto\" \/>\n<script type=\"application\/ld+json\" class=\"yoast-schema-graph\">{\"@context\":\"https:\\\/\\\/schema.org\",\"@graph\":[{\"@type\":\"Article\",\"@id\":\"https:\\\/\\\/noticiasmercedinas.com\\\/site\\\/2021\\\/03\\\/05\\\/navarro-podra-verse-en-recreo-el-programa-de-reactivacion-turistica-y-cultural\\\/#article\",\"isPartOf\":{\"@id\":\"https:\\\/\\\/noticiasmercedinas.com\\\/site\\\/2021\\\/03\\\/05\\\/navarro-podra-verse-en-recreo-el-programa-de-reactivacion-turistica-y-cultural\\\/\"},\"author\":{\"name\":\"NOTICIASMERCEDINAS.COM\",\"@id\":\"https:\\\/\\\/noticiasmercedinas.com\\\/site\\\/#\\\/schema\\\/person\\\/84b59c099c28ff2e8b77d4ceec5d8063\"},\"headline\":\"Navarro podr\u00e1 verse en ReCreo, el programa de reactivaci\u00f3n tur\u00edstica y cultural\",\"datePublished\":\"2021-03-05T17:40:16+00:00\",\"mainEntityOfPage\":{\"@id\":\"https:\\\/\\\/noticiasmercedinas.com\\\/site\\\/2021\\\/03\\\/05\\\/navarro-podra-verse-en-recreo-el-programa-de-reactivacion-turistica-y-cultural\\\/\"},\"wordCount\":147,\"commentCount\":0,\"publisher\":{\"@id\":\"https:\\\/\\\/noticiasmercedinas.com\\\/site\\\/#organization\"},\"image\":{\"@id\":\"https:\\\/\\\/noticiasmercedinas.com\\\/site\\\/2021\\\/03\\\/05\\\/navarro-podra-verse-en-recreo-el-programa-de-reactivacion-turistica-y-cultural\\\/#primaryimage\"},\"thumbnailUrl\":\"https:\\\/\\\/noticiasmercedinas.com\\\/site\\\/wp-content\\\/uploads\\\/2021\\\/03\\\/156258724_3701148506606918_5658447524198009486_n.jpg\",\"keywords\":[\"navarro\",\"recreo\",\"turismo\"],\"articleSection\":[\"Regionales\"],\"inLanguage\":\"es\",\"potentialAction\":[{\"@type\":\"CommentAction\",\"name\":\"Comment\",\"target\":[\"https:\\\/\\\/noticiasmercedinas.com\\\/site\\\/2021\\\/03\\\/05\\\/navarro-podra-verse-en-recreo-el-programa-de-reactivacion-turistica-y-cultural\\\/#respond\"]}]},{\"@type\":\"WebPage\",\"@id\":\"https:\\\/\\\/noticiasmercedinas.com\\\/site\\\/2021\\\/03\\\/05\\\/navarro-podra-verse-en-recreo-el-programa-de-reactivacion-turistica-y-cultural\\\/\",\"url\":\"https:\\\/\\\/noticiasmercedinas.com\\\/site\\\/2021\\\/03\\\/05\\\/navarro-podra-verse-en-recreo-el-programa-de-reactivacion-turistica-y-cultural\\\/\",\"name\":\"Navarro podr\u00e1 verse en ReCreo, el programa de reactivaci\u00f3n tur\u00edstica y cultural\",\"isPartOf\":{\"@id\":\"https:\\\/\\\/noticiasmercedinas.com\\\/site\\\/#website\"},\"primaryImageOfPage\":{\"@id\":\"https:\\\/\\\/noticiasmercedinas.com\\\/site\\\/2021\\\/03\\\/05\\\/navarro-podra-verse-en-recreo-el-programa-de-reactivacion-turistica-y-cultural\\\/#primaryimage\"},\"image\":{\"@id\":\"https:\\\/\\\/noticiasmercedinas.com\\\/site\\\/2021\\\/03\\\/05\\\/navarro-podra-verse-en-recreo-el-programa-de-reactivacion-turistica-y-cultural\\\/#primaryimage\"},\"thumbnailUrl\":\"https:\\\/\\\/noticiasmercedinas.com\\\/site\\\/wp-content\\\/uploads\\\/2021\\\/03\\\/156258724_3701148506606918_5658447524198009486_n.jpg\",\"datePublished\":\"2021-03-05T17:40:16+00:00\",\"breadcrumb\":{\"@id\":\"https:\\\/\\\/noticiasmercedinas.com\\\/site\\\/2021\\\/03\\\/05\\\/navarro-podra-verse-en-recreo-el-programa-de-reactivacion-turistica-y-cultural\\\/#breadcrumb\"},\"inLanguage\":\"es\",\"potentialAction\":[{\"@type\":\"ReadAction\",\"target\":[\"https:\\\/\\\/noticiasmercedinas.com\\\/site\\\/2021\\\/03\\\/05\\\/navarro-podra-verse-en-recreo-el-programa-de-reactivacion-turistica-y-cultural\\\/\"]}]},{\"@type\":\"ImageObject\",\"inLanguage\":\"es\",\"@id\":\"https:\\\/\\\/noticiasmercedinas.com\\\/site\\\/2021\\\/03\\\/05\\\/navarro-podra-verse-en-recreo-el-programa-de-reactivacion-turistica-y-cultural\\\/#primaryimage\",\"url\":\"https:\\\/\\\/noticiasmercedinas.com\\\/site\\\/wp-content\\\/uploads\\\/2021\\\/03\\\/156258724_3701148506606918_5658447524198009486_n.jpg\",\"contentUrl\":\"https:\\\/\\\/noticiasmercedinas.com\\\/site\\\/wp-content\\\/uploads\\\/2021\\\/03\\\/156258724_3701148506606918_5658447524198009486_n.jpg\",\"width\":658,\"height\":492},{\"@type\":\"BreadcrumbList\",\"@id\":\"https:\\\/\\\/noticiasmercedinas.com\\\/site\\\/2021\\\/03\\\/05\\\/navarro-podra-verse-en-recreo-el-programa-de-reactivacion-turistica-y-cultural\\\/#breadcrumb\",\"itemListElement\":[{\"@type\":\"ListItem\",\"position\":1,\"name\":\"Portada\",\"item\":\"https:\\\/\\\/noticiasmercedinas.com\\\/site\\\/\"},{\"@type\":\"ListItem\",\"position\":2,\"name\":\"Navarro podr\u00e1 verse en ReCreo, el programa de reactivaci\u00f3n tur\u00edstica y cultural\"}]},{\"@type\":\"WebSite\",\"@id\":\"https:\\\/\\\/noticiasmercedinas.com\\\/site\\\/#website\",\"url\":\"https:\\\/\\\/noticiasmercedinas.com\\\/site\\\/\",\"name\":\"NOTICIASMERCEDINAS.COM\",\"description\":\"Mercedes, Buenos Aires, Argentina\",\"publisher\":{\"@id\":\"https:\\\/\\\/noticiasmercedinas.com\\\/site\\\/#organization\"},\"potentialAction\":[{\"@type\":\"SearchAction\",\"target\":{\"@type\":\"EntryPoint\",\"urlTemplate\":\"https:\\\/\\\/noticiasmercedinas.com\\\/site\\\/?s={search_term_string}\"},\"query-input\":{\"@type\":\"PropertyValueSpecification\",\"valueRequired\":true,\"valueName\":\"search_term_string\"}}],\"inLanguage\":\"es\"},{\"@type\":\"Organization\",\"@id\":\"https:\\\/\\\/noticiasmercedinas.com\\\/site\\\/#organization\",\"name\":\"NOTICIASMERCEDINAS.COM\",\"url\":\"https:\\\/\\\/noticiasmercedinas.com\\\/site\\\/\",\"logo\":{\"@type\":\"ImageObject\",\"inLanguage\":\"es\",\"@id\":\"https:\\\/\\\/noticiasmercedinas.com\\\/site\\\/#\\\/schema\\\/logo\\\/image\\\/\",\"url\":\"https:\\\/\\\/noticiasmercedinas.com\\\/site\\\/wp-content\\\/uploads\\\/2020\\\/06\\\/LOGO-512.jpg\",\"contentUrl\":\"https:\\\/\\\/noticiasmercedinas.com\\\/site\\\/wp-content\\\/uploads\\\/2020\\\/06\\\/LOGO-512.jpg\",\"width\":512,\"height\":512,\"caption\":\"NOTICIASMERCEDINAS.COM\"},\"image\":{\"@id\":\"https:\\\/\\\/noticiasmercedinas.com\\\/site\\\/#\\\/schema\\\/logo\\\/image\\\/\"},\"sameAs\":[\"https:\\\/\\\/www.facebook.com\\\/noticiasmercedinas\\\/\",\"https:\\\/\\\/x.com\\\/notmercedinas\",\"https:\\\/\\\/www.instagram.com\\\/noticiasmercedinas\\\/\"]},{\"@type\":\"Person\",\"@id\":\"https:\\\/\\\/noticiasmercedinas.com\\\/site\\\/#\\\/schema\\\/person\\\/84b59c099c28ff2e8b77d4ceec5d8063\",\"name\":\"NOTICIASMERCEDINAS.COM\",\"image\":{\"@type\":\"ImageObject\",\"inLanguage\":\"es\",\"@id\":\"https:\\\/\\\/secure.gravatar.com\\\/avatar\\\/4dfbf16b4d17945bfb6341b2d19043457132fcf478a5ee04f42e959fd8f5df0a?s=96&d=mm&r=g\",\"url\":\"https:\\\/\\\/secure.gravatar.com\\\/avatar\\\/4dfbf16b4d17945bfb6341b2d19043457132fcf478a5ee04f42e959fd8f5df0a?s=96&d=mm&r=g\",\"contentUrl\":\"https:\\\/\\\/secure.gravatar.com\\\/avatar\\\/4dfbf16b4d17945bfb6341b2d19043457132fcf478a5ee04f42e959fd8f5df0a?s=96&d=mm&r=g\",\"caption\":\"NOTICIASMERCEDINAS.COM\"},\"url\":\"https:\\\/\\\/noticiasmercedinas.com\\\/site\\\/author\\\/anonimo\\\/\"}]}<\/script>\n<!-- \/ Yoast SEO plugin. -->","yoast_head_json":{"title":"Navarro podr\u00e1 verse en ReCreo, el programa de reactivaci\u00f3n tur\u00edstica y cultural","robots":{"index":"index","follow":"follow","max-snippet":"max-snippet:-1","max-image-preview":"max-image-preview:large","max-video-preview":"max-video-preview:-1"},"canonical":"https:\/\/noticiasmercedinas.com\/site\/2021\/03\/05\/navarro-podra-verse-en-recreo-el-programa-de-reactivacion-turistica-y-cultural\/","og_locale":"es_ES","og_type":"article","og_title":"Navarro podr\u00e1 verse en ReCreo, el programa de reactivaci\u00f3n tur\u00edstica y cultural","og_description":"Apunta a potenciar la diversidad de atractivos culturales, hist\u00f3ricos, naturales y comerciales y brindar beneficios para turistas, visitantes, consumidores y consumidoras en los 135 distritos de la provincia de Buenos Aires, donde Navarro podr\u00e1 ofrecer todos sus atractivos, servicios, etc\u00e9tera. La app de ReCreo permitir\u00e1 articular la amplia variedad de propuestas culturales y tur\u00edsticas provinciales, [&hellip;]","og_url":"https:\/\/noticiasmercedinas.com\/site\/2021\/03\/05\/navarro-podra-verse-en-recreo-el-programa-de-reactivacion-turistica-y-cultural\/","og_site_name":"NOTICIASMERCEDINAS.COM","article_publisher":"https:\/\/www.facebook.com\/noticiasmercedinas\/","article_published_time":"2021-03-05T17:40:16+00:00","og_image":[{"width":658,"height":492,"url":"https:\/\/noticiasmercedinas.com\/site\/wp-content\/uploads\/2021\/03\/156258724_3701148506606918_5658447524198009486_n.jpg","type":"image\/jpeg"}],"author":"NOTICIASMERCEDINAS.COM","twitter_card":"summary_large_image","twitter_creator":"@notmercedinas","twitter_site":"@notmercedinas","twitter_misc":{"Escrito por":"NOTICIASMERCEDINAS.COM","Tiempo de lectura":"1 minuto"},"schema":{"@context":"https:\/\/schema.org","@graph":[{"@type":"Article","@id":"https:\/\/noticiasmercedinas.com\/site\/2021\/03\/05\/navarro-podra-verse-en-recreo-el-programa-de-reactivacion-turistica-y-cultural\/#article","isPartOf":{"@id":"https:\/\/noticiasmercedinas.com\/site\/2021\/03\/05\/navarro-podra-verse-en-recreo-el-programa-de-reactivacion-turistica-y-cultural\/"},"author":{"name":"NOTICIASMERCEDINAS.COM","@id":"https:\/\/noticiasmercedinas.com\/site\/#\/schema\/person\/84b59c099c28ff2e8b77d4ceec5d8063"},"headline":"Navarro podr\u00e1 verse en ReCreo, el programa de reactivaci\u00f3n tur\u00edstica y cultural","datePublished":"2021-03-05T17:40:16+00:00","mainEntityOfPage":{"@id":"https:\/\/noticiasmercedinas.com\/site\/2021\/03\/05\/navarro-podra-verse-en-recreo-el-programa-de-reactivacion-turistica-y-cultural\/"},"wordCount":147,"commentCount":0,"publisher":{"@id":"https:\/\/noticiasmercedinas.com\/site\/#organization"},"image":{"@id":"https:\/\/noticiasmercedinas.com\/site\/2021\/03\/05\/navarro-podra-verse-en-recreo-el-programa-de-reactivacion-turistica-y-cultural\/#primaryimage"},"thumbnailUrl":"https:\/\/noticiasmercedinas.com\/site\/wp-content\/uploads\/2021\/03\/156258724_3701148506606918_5658447524198009486_n.jpg","keywords":["navarro","recreo","turismo"],"articleSection":["Regionales"],"inLanguage":"es","potentialAction":[{"@type":"CommentAction","name":"Comment","target":["https:\/\/noticiasmercedinas.com\/site\/2021\/03\/05\/navarro-podra-verse-en-recreo-el-programa-de-reactivacion-turistica-y-cultural\/#respond"]}]},{"@type":"WebPage","@id":"https:\/\/noticiasmercedinas.com\/site\/2021\/03\/05\/navarro-podra-verse-en-recreo-el-programa-de-reactivacion-turistica-y-cultural\/","url":"https:\/\/noticiasmercedinas.com\/site\/2021\/03\/05\/navarro-podra-verse-en-recreo-el-programa-de-reactivacion-turistica-y-cultural\/","name":"Navarro podr\u00e1 verse en ReCreo, el programa de reactivaci\u00f3n tur\u00edstica y cultural","isPartOf":{"@id":"https:\/\/noticiasmercedinas.com\/site\/#website"},"primaryImageOfPage":{"@id":"https:\/\/noticiasmercedinas.com\/site\/2021\/03\/05\/navarro-podra-verse-en-recreo-el-programa-de-reactivacion-turistica-y-cultural\/#primaryimage"},"image":{"@id":"https:\/\/noticiasmercedinas.com\/site\/2021\/03\/05\/navarro-podra-verse-en-recreo-el-programa-de-reactivacion-turistica-y-cultural\/#primaryimage"},"thumbnailUrl":"https:\/\/noticiasmercedinas.com\/site\/wp-content\/uploads\/2021\/03\/156258724_3701148506606918_5658447524198009486_n.jpg","datePublished":"2021-03-05T17:40:16+00:00","breadcrumb":{"@id":"https:\/\/noticiasmercedinas.com\/site\/2021\/03\/05\/navarro-podra-verse-en-recreo-el-programa-de-reactivacion-turistica-y-cultural\/#breadcrumb"},"inLanguage":"es","potentialAction":[{"@type":"ReadAction","target":["https:\/\/noticiasmercedinas.com\/site\/2021\/03\/05\/navarro-podra-verse-en-recreo-el-programa-de-reactivacion-turistica-y-cultural\/"]}]},{"@type":"ImageObject","inLanguage":"es","@id":"https:\/\/noticiasmercedinas.com\/site\/2021\/03\/05\/navarro-podra-verse-en-recreo-el-programa-de-reactivacion-turistica-y-cultural\/#primaryimage","url":"https:\/\/noticiasmercedinas.com\/site\/wp-content\/uploads\/2021\/03\/156258724_3701148506606918_5658447524198009486_n.jpg","contentUrl":"https:\/\/noticiasmercedinas.com\/site\/wp-content\/uploads\/2021\/03\/156258724_3701148506606918_5658447524198009486_n.jpg","width":658,"height":492},{"@type":"BreadcrumbList","@id":"https:\/\/noticiasmercedinas.com\/site\/2021\/03\/05\/navarro-podra-verse-en-recreo-el-programa-de-reactivacion-turistica-y-cultural\/#breadcrumb","itemListElement":[{"@type":"ListItem","position":1,"name":"Portada","item":"https:\/\/noticiasmercedinas.com\/site\/"},{"@type":"ListItem","position":2,"name":"Navarro podr\u00e1 verse en ReCreo, el programa de reactivaci\u00f3n tur\u00edstica y cultural"}]},{"@type":"WebSite","@id":"https:\/\/noticiasmercedinas.com\/site\/#website","url":"https:\/\/noticiasmercedinas.com\/site\/","name":"NOTICIASMERCEDINAS.COM","description":"Mercedes, Buenos Aires, Argentina","publisher":{"@id":"https:\/\/noticiasmercedinas.com\/site\/#organization"},"potentialAction":[{"@type":"SearchAction","target":{"@type":"EntryPoint","urlTemplate":"https:\/\/noticiasmercedinas.com\/site\/?s={search_term_string}"},"query-input":{"@type":"PropertyValueSpecification","valueRequired":true,"valueName":"search_term_string"}}],"inLanguage":"es"},{"@type":"Organization","@id":"https:\/\/noticiasmercedinas.com\/site\/#organization","name":"NOTICIASMERCEDINAS.COM","url":"https:\/\/noticiasmercedinas.com\/site\/","logo":{"@type":"ImageObject","inLanguage":"es","@id":"https:\/\/noticiasmercedinas.com\/site\/#\/schema\/logo\/image\/","url":"https:\/\/noticiasmercedinas.com\/site\/wp-content\/uploads\/2020\/06\/LOGO-512.jpg","contentUrl":"https:\/\/noticiasmercedinas.com\/site\/wp-content\/uploads\/2020\/06\/LOGO-512.jpg","width":512,"height":512,"caption":"NOTICIASMERCEDINAS.COM"},"image":{"@id":"https:\/\/noticiasmercedinas.com\/site\/#\/schema\/logo\/image\/"},"sameAs":["https:\/\/www.facebook.com\/noticiasmercedinas\/","https:\/\/x.com\/notmercedinas","https:\/\/www.instagram.com\/noticiasmercedinas\/"]},{"@type":"Person","@id":"https:\/\/noticiasmercedinas.com\/site\/#\/schema\/person\/84b59c099c28ff2e8b77d4ceec5d8063","name":"NOTICIASMERCEDINAS.COM","image":{"@type":"ImageObject","inLanguage":"es","@id":"https:\/\/secure.gravatar.com\/avatar\/4dfbf16b4d17945bfb6341b2d19043457132fcf478a5ee04f42e959fd8f5df0a?s=96&d=mm&r=g","url":"https:\/\/secure.gravatar.com\/avatar\/4dfbf16b4d17945bfb6341b2d19043457132fcf478a5ee04f42e959fd8f5df0a?s=96&d=mm&r=g","contentUrl":"https:\/\/secure.gravatar.com\/avatar\/4dfbf16b4d17945bfb6341b2d19043457132fcf478a5ee04f42e959fd8f5df0a?s=96&d=mm&r=g","caption":"NOTICIASMERCEDINAS.COM"},"url":"https:\/\/noticiasmercedinas.com\/site\/author\/anonimo\/"}]}},"amp_enabled":true,"_links":{"self":[{"href":"https:\/\/noticiasmercedinas.com\/site\/wp-json\/wp\/v2\/posts\/62781","targetHints":{"allow":["GET"]}}],"collection":[{"href":"https:\/\/noticiasmercedinas.com\/site\/wp-json\/wp\/v2\/posts"}],"about":[{"href":"https:\/\/noticiasmercedinas.com\/site\/wp-json\/wp\/v2\/types\/post"}],"author":[{"embeddable":true,"href":"https:\/\/noticiasmercedinas.com\/site\/wp-json\/wp\/v2\/users\/16"}],"replies":[{"embeddable":true,"href":"https:\/\/noticiasmercedinas.com\/site\/wp-json\/wp\/v2\/comments?post=62781"}],"version-history":[{"count":1,"href":"https:\/\/noticiasmercedinas.com\/site\/wp-json\/wp\/v2\/posts\/62781\/revisions"}],"predecessor-version":[{"id":62783,"href":"https:\/\/noticiasmercedinas.com\/site\/wp-json\/wp\/v2\/posts\/62781\/revisions\/62783"}],"wp:featuredmedia":[{"embeddable":true,"href":"https:\/\/noticiasmercedinas.com\/site\/wp-json\/wp\/v2\/media\/62782"}],"wp:attachment":[{"href":"https:\/\/noticiasmercedinas.com\/site\/wp-json\/wp\/v2\/media?parent=62781"}],"wp:term":[{"taxonomy":"category","embeddable":true,"href":"https:\/\/noticiasmercedinas.com\/site\/wp-json\/wp\/v2\/categories?post=62781"},{"taxonomy":"post_tag","embeddable":true,"href":"https:\/\/noticiasmercedinas.com\/site\/wp-json\/wp\/v2\/tags?post=62781"}],"curies":[{"name":"wp","href":"https:\/\/api.w.org\/{rel}","templated":true}]}}