{"id":6305,"date":"2018-11-07T22:30:26","date_gmt":"2018-11-08T01:30:26","guid":{"rendered":"https:\/\/noticiasmercedinas.com\/site\/?p=6305"},"modified":"2018-11-07T22:30:45","modified_gmt":"2018-11-08T01:30:45","slug":"grupo-payana-se-muestra-en-la-ciudad","status":"publish","type":"post","link":"https:\/\/noticiasmercedinas.com\/site\/2018\/11\/07\/grupo-payana-se-muestra-en-la-ciudad\/","title":{"rendered":"Grupo Payana se muestra en la ciudad"},"content":{"rendered":"<p><img loading=\"lazy\" decoding=\"async\" class=\"alignnone size-large wp-image-6307\" src=\"https:\/\/noticiasmercedinas.com\/site\/wp-content\/uploads\/2018\/11\/e456e971-3858-44a7-a6ed-743bab933ef1-1024x498.jpg\" alt=\"\" width=\"640\" height=\"311\" srcset=\"https:\/\/noticiasmercedinas.com\/site\/wp-content\/uploads\/2018\/11\/e456e971-3858-44a7-a6ed-743bab933ef1-1024x498.jpg 1024w, https:\/\/noticiasmercedinas.com\/site\/wp-content\/uploads\/2018\/11\/e456e971-3858-44a7-a6ed-743bab933ef1-300x146.jpg 300w, https:\/\/noticiasmercedinas.com\/site\/wp-content\/uploads\/2018\/11\/e456e971-3858-44a7-a6ed-743bab933ef1-768x373.jpg 768w, https:\/\/noticiasmercedinas.com\/site\/wp-content\/uploads\/2018\/11\/e456e971-3858-44a7-a6ed-743bab933ef1-640x311.jpg 640w, https:\/\/noticiasmercedinas.com\/site\/wp-content\/uploads\/2018\/11\/e456e971-3858-44a7-a6ed-743bab933ef1.jpg 1280w, https:\/\/noticiasmercedinas.com\/site\/wp-content\/uploads\/2018\/11\/e456e971-3858-44a7-a6ed-743bab933ef1-681x331.jpg 681w\" sizes=\"auto, (max-width: 640px) 100vw, 640px\" \/><\/p>\n<audio class=\"wp-audio-shortcode\" id=\"audio-6305-1\" preload=\"none\" style=\"width: 100%;\" controls=\"controls\"><source type=\"audio\/mpeg\" src=\"https:\/\/noticiasmercedinas.com\/site\/wp-content\/uploads\/2018\/11\/WhatsAppAudio20181106at94.mp3?_=1\" \/><a href=\"https:\/\/noticiasmercedinas.com\/site\/wp-content\/uploads\/2018\/11\/WhatsAppAudio20181106at94.mp3\">https:\/\/noticiasmercedinas.com\/site\/wp-content\/uploads\/2018\/11\/WhatsAppAudio20181106at94.mp3<\/a><\/audio>\n<p>Los integrantes del grupo <strong>Payana<\/strong> est\u00e1n de gira por la zona y en ese marco pasaron por Mercedes, donde estuvieron charlando con referentes del \u00e1rea de Cultura con respecto a la posibilidad de presentarse en la pr\u00f3xima Fiesta del Durazno, de la que est\u00e1n armando la grilla de espect\u00e1culos.<\/p>\n<p>Payana es un grupo ascendente, integrado por cinco cantantes que en el a\u00f1o 2007 se juntaron y llevan varios a\u00f1os recorriendo el camino de la m\u00fasica popular argentina. Visitaron varios festivales, recibieron premios y se consagraron en espacios como la TV nacional.<\/p>\n<p>En su paso por la ciudad, este medio pudo charlar con ellos, quienes son guiados por la productora art\u00edstica y discogr\u00e1fica Bayres Music, dirigida por Gustavo P\u00e9rez. \u201cEstamos conversando sobre la posibilidad de present\u00e1ndonos en la Fiesta del Durazno y d\u00e1ndonos a conocer en las radios y medios locales\u201d, dijeron los integrantes de este grupo de m\u00fasica folcl\u00f3rica latina formado por M\u00f3nica Sanmartano, Rodrigo Vega Vidal, Dante Rodr\u00edguez, Silvina Salinas y Maximiliano Silvera, las cinco piedras de esta \u201cPayana\u201d.<\/p>\n<p>Juntos consiguieron ser Revelaci\u00f3n del Festival de Ayacucho, Ganadores del Pre y Revelaci\u00f3n del Festivales de Marcos Paz; Revelaci\u00f3n con distinci\u00f3n especial en el Festival de Baradero; finalistas de los programas \u201cTalento Argentino\u201d y \u201cSo\u00f1ando por Cantar\u201d transmitidos por Canal 11 y Canal 13 respectivamente, en el a\u00f1o 2015 obtuvieron el 2\u00b0 lugar de los Espect\u00e1culos Callejeros de Cosqu\u00edn.<\/p>\n<p><img loading=\"lazy\" decoding=\"async\" class=\"alignnone size-large wp-image-6310\" src=\"https:\/\/noticiasmercedinas.com\/site\/wp-content\/uploads\/2018\/11\/51e7a90b-0754-49f3-b868-508d3164af52-1024x576.jpg\" alt=\"\" width=\"640\" height=\"360\" srcset=\"https:\/\/noticiasmercedinas.com\/site\/wp-content\/uploads\/2018\/11\/51e7a90b-0754-49f3-b868-508d3164af52-1024x576.jpg 1024w, https:\/\/noticiasmercedinas.com\/site\/wp-content\/uploads\/2018\/11\/51e7a90b-0754-49f3-b868-508d3164af52-300x169.jpg 300w, https:\/\/noticiasmercedinas.com\/site\/wp-content\/uploads\/2018\/11\/51e7a90b-0754-49f3-b868-508d3164af52-768x432.jpg 768w, https:\/\/noticiasmercedinas.com\/site\/wp-content\/uploads\/2018\/11\/51e7a90b-0754-49f3-b868-508d3164af52-640x360.jpg 640w, https:\/\/noticiasmercedinas.com\/site\/wp-content\/uploads\/2018\/11\/51e7a90b-0754-49f3-b868-508d3164af52-681x383.jpg 681w, https:\/\/noticiasmercedinas.com\/site\/wp-content\/uploads\/2018\/11\/51e7a90b-0754-49f3-b868-508d3164af52.jpg 1080w\" sizes=\"auto, (max-width: 640px) 100vw, 640px\" \/><\/p>\n<p>Tienen una propuesta y un estilo musical nuevo, actual, divertido, agradable con el que est\u00e1n present\u00e1ndose por todo el pa\u00eds. Su disco se llama \u201cCreo\u201d y fue grabado en C\u00f3rdoba, en Tecn\u00f3polis y en una sala de Salta. El disco cont\u00f3 con la participaci\u00f3n especial de Juan \u201cEl Colo\u201d Vasconcellos y Juan Fuentes, integrantes de Los Huayra.<\/p>\n<p>\u201cSabemos que esta Fiesta del Durazno es muy importante, por ello nos reunimos con los referentes del \u00e1rea de Cultura que nos dijeron que lo decidir\u00e1n en breve\u201d, indicaron.<\/p>\n<p>Ya hay varias radios locales que est\u00e1n difundiendo su m\u00fasica. Vienen de tocar en el Teatro Astros, en Baradero y recientemente estuvieron en el programa \u201cMorfi\u201d de Telef\u00e9.<\/p>\n<p>Se est\u00e1n promocionando en la ciudad de Mercedes, est\u00e1n presentando su material y se dan a conocer. En el encuentro con este medio dejaron en claro que quieren ir por m\u00e1s en el camino de la m\u00fasica y que tienen con qu\u00e9 hacerlo.<\/p>\n<p><strong>Payana en las Redes Sociales<br \/>\n<\/strong><strong>YouTube: <\/strong><a href=\"http:\/\/www.youtube.com\/PayanaOk\">www.youtube.com\/PayanaOk<\/a><br \/>\n<strong>Instagram:<\/strong> <a href=\"http:\/\/www.instagram.com\/PayanaOk\">www.instagram.com\/PayanaOk<\/a><br \/>\n<strong>Facebook: <\/strong><a href=\"http:\/\/www.facebook.com\/PayanaOk\">www.facebook.com\/PayanaOk<\/a><\/p>\n<p><img loading=\"lazy\" decoding=\"async\" class=\"alignnone size-large wp-image-6308\" src=\"https:\/\/noticiasmercedinas.com\/site\/wp-content\/uploads\/2018\/11\/dab226d5-c049-4b8d-b454-c6aa2b69bcd8-1024x576.jpg\" alt=\"\" width=\"640\" height=\"360\" srcset=\"https:\/\/noticiasmercedinas.com\/site\/wp-content\/uploads\/2018\/11\/dab226d5-c049-4b8d-b454-c6aa2b69bcd8-1024x576.jpg 1024w, https:\/\/noticiasmercedinas.com\/site\/wp-content\/uploads\/2018\/11\/dab226d5-c049-4b8d-b454-c6aa2b69bcd8-300x169.jpg 300w, https:\/\/noticiasmercedinas.com\/site\/wp-content\/uploads\/2018\/11\/dab226d5-c049-4b8d-b454-c6aa2b69bcd8-768x432.jpg 768w, https:\/\/noticiasmercedinas.com\/site\/wp-content\/uploads\/2018\/11\/dab226d5-c049-4b8d-b454-c6aa2b69bcd8-640x360.jpg 640w, https:\/\/noticiasmercedinas.com\/site\/wp-content\/uploads\/2018\/11\/dab226d5-c049-4b8d-b454-c6aa2b69bcd8.jpg 1280w, https:\/\/noticiasmercedinas.com\/site\/wp-content\/uploads\/2018\/11\/dab226d5-c049-4b8d-b454-c6aa2b69bcd8-681x383.jpg 681w\" sizes=\"auto, (max-width: 640px) 100vw, 640px\" \/><\/p>\n","protected":false},"excerpt":{"rendered":"<p>Los integrantes del grupo Payana est\u00e1n de gira por la zona y en ese marco pasaron por Mercedes, donde estuvieron charlando con referentes del \u00e1rea de Cultura con respecto a la posibilidad de presentarse en la pr\u00f3xima Fiesta del Durazno, de la que est\u00e1n armando la grilla de espect\u00e1culos. Payana es un grupo ascendente, integrado [&hellip;]<\/p>\n","protected":false},"author":2,"featured_media":6307,"comment_status":"open","ping_status":"open","sticky":false,"template":"","format":"standard","meta":{"footnotes":""},"categories":[4],"tags":[1996,584,1993,1998,1994,88,1992,1995,1997],"class_list":["post-6305","post","type-post","status-publish","format-standard","has-post-thumbnail","hentry","category-cultura","tag-dante-rodriguez","tag-folclore","tag-latina","tag-maximiliano-silvera","tag-monica-sanmartano","tag-musica","tag-payana","tag-rodrigo-vega-vidal","tag-silvina-salinas"],"yoast_head":"<!-- This site is optimized with the Yoast SEO plugin v27.5 - https:\/\/yoast.com\/product\/yoast-seo-wordpress\/ -->\n<title>Grupo Payana se muestra en la ciudad<\/title>\n<meta name=\"robots\" content=\"index, follow, max-snippet:-1, max-image-preview:large, max-video-preview:-1\" \/>\n<link rel=\"canonical\" href=\"https:\/\/noticiasmercedinas.com\/site\/2018\/11\/07\/grupo-payana-se-muestra-en-la-ciudad\/\" \/>\n<meta property=\"og:locale\" content=\"es_ES\" \/>\n<meta property=\"og:type\" content=\"article\" \/>\n<meta property=\"og:title\" content=\"Grupo Payana se muestra en la ciudad\" \/>\n<meta property=\"og:description\" content=\"Los integrantes del grupo Payana est\u00e1n de gira por la zona y en ese marco pasaron por Mercedes, donde estuvieron charlando con referentes del \u00e1rea de Cultura con respecto a la posibilidad de presentarse en la pr\u00f3xima Fiesta del Durazno, de la que est\u00e1n armando la grilla de espect\u00e1culos. Payana es un grupo ascendente, integrado [&hellip;]\" \/>\n<meta property=\"og:url\" content=\"https:\/\/noticiasmercedinas.com\/site\/2018\/11\/07\/grupo-payana-se-muestra-en-la-ciudad\/\" \/>\n<meta property=\"og:site_name\" content=\"NOTICIASMERCEDINAS.COM\" \/>\n<meta property=\"article:publisher\" content=\"https:\/\/www.facebook.com\/noticiasmercedinas\/\" \/>\n<meta property=\"article:author\" content=\"https:\/\/www.facebook.com\/cristian.falabella\" \/>\n<meta property=\"article:published_time\" content=\"2018-11-08T01:30:26+00:00\" \/>\n<meta property=\"article:modified_time\" content=\"2018-11-08T01:30:45+00:00\" \/>\n<meta property=\"og:image\" content=\"https:\/\/noticiasmercedinas.com\/site\/wp-content\/uploads\/2018\/11\/e456e971-3858-44a7-a6ed-743bab933ef1.jpg\" \/>\n\t<meta property=\"og:image:width\" content=\"1280\" \/>\n\t<meta property=\"og:image:height\" content=\"622\" \/>\n\t<meta property=\"og:image:type\" content=\"image\/jpeg\" \/>\n<meta name=\"author\" content=\"Cristian Falabella NOTICIASMERCEDINAS.COM\" \/>\n<meta name=\"twitter:card\" content=\"summary_large_image\" \/>\n<meta name=\"twitter:creator\" content=\"@https:\/\/twitter.com\/NOTMERCEDINAS\" \/>\n<meta name=\"twitter:site\" content=\"@notmercedinas\" \/>\n<meta name=\"twitter:label1\" content=\"Escrito por\" \/>\n\t<meta name=\"twitter:data1\" content=\"Cristian Falabella NOTICIASMERCEDINAS.COM\" \/>\n\t<meta name=\"twitter:label2\" content=\"Tiempo de lectura\" \/>\n\t<meta name=\"twitter:data2\" content=\"2 minutos\" \/>\n<script type=\"application\/ld+json\" class=\"yoast-schema-graph\">{\"@context\":\"https:\\\/\\\/schema.org\",\"@graph\":[{\"@type\":\"Article\",\"@id\":\"https:\\\/\\\/noticiasmercedinas.com\\\/site\\\/2018\\\/11\\\/07\\\/grupo-payana-se-muestra-en-la-ciudad\\\/#article\",\"isPartOf\":{\"@id\":\"https:\\\/\\\/noticiasmercedinas.com\\\/site\\\/2018\\\/11\\\/07\\\/grupo-payana-se-muestra-en-la-ciudad\\\/\"},\"author\":{\"name\":\"Cristian Falabella NOTICIASMERCEDINAS.COM\",\"@id\":\"https:\\\/\\\/noticiasmercedinas.com\\\/site\\\/#\\\/schema\\\/person\\\/d481a9696a5feaec13a60e2bbd991a6a\"},\"headline\":\"Grupo Payana se muestra en la ciudad\",\"datePublished\":\"2018-11-08T01:30:26+00:00\",\"dateModified\":\"2018-11-08T01:30:45+00:00\",\"mainEntityOfPage\":{\"@id\":\"https:\\\/\\\/noticiasmercedinas.com\\\/site\\\/2018\\\/11\\\/07\\\/grupo-payana-se-muestra-en-la-ciudad\\\/\"},\"wordCount\":457,\"commentCount\":0,\"publisher\":{\"@id\":\"https:\\\/\\\/noticiasmercedinas.com\\\/site\\\/#organization\"},\"image\":{\"@id\":\"https:\\\/\\\/noticiasmercedinas.com\\\/site\\\/2018\\\/11\\\/07\\\/grupo-payana-se-muestra-en-la-ciudad\\\/#primaryimage\"},\"thumbnailUrl\":\"https:\\\/\\\/noticiasmercedinas.com\\\/site\\\/wp-content\\\/uploads\\\/2018\\\/11\\\/e456e971-3858-44a7-a6ed-743bab933ef1.jpg\",\"keywords\":[\"Dante Rodr\u00edguez\",\"folclore\",\"latina\",\"Maximiliano Silvera\",\"M\u00f3nica Sanmartano\",\"musica\",\"payana\",\"Rodrigo Vega Vidal\",\"Silvina Salinas\"],\"articleSection\":[\"Cultura\"],\"inLanguage\":\"es\",\"potentialAction\":[{\"@type\":\"CommentAction\",\"name\":\"Comment\",\"target\":[\"https:\\\/\\\/noticiasmercedinas.com\\\/site\\\/2018\\\/11\\\/07\\\/grupo-payana-se-muestra-en-la-ciudad\\\/#respond\"]}]},{\"@type\":\"WebPage\",\"@id\":\"https:\\\/\\\/noticiasmercedinas.com\\\/site\\\/2018\\\/11\\\/07\\\/grupo-payana-se-muestra-en-la-ciudad\\\/\",\"url\":\"https:\\\/\\\/noticiasmercedinas.com\\\/site\\\/2018\\\/11\\\/07\\\/grupo-payana-se-muestra-en-la-ciudad\\\/\",\"name\":\"Grupo Payana se muestra en la ciudad\",\"isPartOf\":{\"@id\":\"https:\\\/\\\/noticiasmercedinas.com\\\/site\\\/#website\"},\"primaryImageOfPage\":{\"@id\":\"https:\\\/\\\/noticiasmercedinas.com\\\/site\\\/2018\\\/11\\\/07\\\/grupo-payana-se-muestra-en-la-ciudad\\\/#primaryimage\"},\"image\":{\"@id\":\"https:\\\/\\\/noticiasmercedinas.com\\\/site\\\/2018\\\/11\\\/07\\\/grupo-payana-se-muestra-en-la-ciudad\\\/#primaryimage\"},\"thumbnailUrl\":\"https:\\\/\\\/noticiasmercedinas.com\\\/site\\\/wp-content\\\/uploads\\\/2018\\\/11\\\/e456e971-3858-44a7-a6ed-743bab933ef1.jpg\",\"datePublished\":\"2018-11-08T01:30:26+00:00\",\"dateModified\":\"2018-11-08T01:30:45+00:00\",\"breadcrumb\":{\"@id\":\"https:\\\/\\\/noticiasmercedinas.com\\\/site\\\/2018\\\/11\\\/07\\\/grupo-payana-se-muestra-en-la-ciudad\\\/#breadcrumb\"},\"inLanguage\":\"es\",\"potentialAction\":[{\"@type\":\"ReadAction\",\"target\":[\"https:\\\/\\\/noticiasmercedinas.com\\\/site\\\/2018\\\/11\\\/07\\\/grupo-payana-se-muestra-en-la-ciudad\\\/\"]}]},{\"@type\":\"ImageObject\",\"inLanguage\":\"es\",\"@id\":\"https:\\\/\\\/noticiasmercedinas.com\\\/site\\\/2018\\\/11\\\/07\\\/grupo-payana-se-muestra-en-la-ciudad\\\/#primaryimage\",\"url\":\"https:\\\/\\\/noticiasmercedinas.com\\\/site\\\/wp-content\\\/uploads\\\/2018\\\/11\\\/e456e971-3858-44a7-a6ed-743bab933ef1.jpg\",\"contentUrl\":\"https:\\\/\\\/noticiasmercedinas.com\\\/site\\\/wp-content\\\/uploads\\\/2018\\\/11\\\/e456e971-3858-44a7-a6ed-743bab933ef1.jpg\",\"width\":1280,\"height\":622},{\"@type\":\"BreadcrumbList\",\"@id\":\"https:\\\/\\\/noticiasmercedinas.com\\\/site\\\/2018\\\/11\\\/07\\\/grupo-payana-se-muestra-en-la-ciudad\\\/#breadcrumb\",\"itemListElement\":[{\"@type\":\"ListItem\",\"position\":1,\"name\":\"Portada\",\"item\":\"https:\\\/\\\/noticiasmercedinas.com\\\/site\\\/\"},{\"@type\":\"ListItem\",\"position\":2,\"name\":\"Grupo Payana se muestra en la ciudad\"}]},{\"@type\":\"WebSite\",\"@id\":\"https:\\\/\\\/noticiasmercedinas.com\\\/site\\\/#website\",\"url\":\"https:\\\/\\\/noticiasmercedinas.com\\\/site\\\/\",\"name\":\"NOTICIASMERCEDINAS.COM\",\"description\":\"Mercedes, Buenos Aires, Argentina\",\"publisher\":{\"@id\":\"https:\\\/\\\/noticiasmercedinas.com\\\/site\\\/#organization\"},\"potentialAction\":[{\"@type\":\"SearchAction\",\"target\":{\"@type\":\"EntryPoint\",\"urlTemplate\":\"https:\\\/\\\/noticiasmercedinas.com\\\/site\\\/?s={search_term_string}\"},\"query-input\":{\"@type\":\"PropertyValueSpecification\",\"valueRequired\":true,\"valueName\":\"search_term_string\"}}],\"inLanguage\":\"es\"},{\"@type\":\"Organization\",\"@id\":\"https:\\\/\\\/noticiasmercedinas.com\\\/site\\\/#organization\",\"name\":\"NOTICIASMERCEDINAS.COM\",\"url\":\"https:\\\/\\\/noticiasmercedinas.com\\\/site\\\/\",\"logo\":{\"@type\":\"ImageObject\",\"inLanguage\":\"es\",\"@id\":\"https:\\\/\\\/noticiasmercedinas.com\\\/site\\\/#\\\/schema\\\/logo\\\/image\\\/\",\"url\":\"https:\\\/\\\/noticiasmercedinas.com\\\/site\\\/wp-content\\\/uploads\\\/2020\\\/06\\\/LOGO-512.jpg\",\"contentUrl\":\"https:\\\/\\\/noticiasmercedinas.com\\\/site\\\/wp-content\\\/uploads\\\/2020\\\/06\\\/LOGO-512.jpg\",\"width\":512,\"height\":512,\"caption\":\"NOTICIASMERCEDINAS.COM\"},\"image\":{\"@id\":\"https:\\\/\\\/noticiasmercedinas.com\\\/site\\\/#\\\/schema\\\/logo\\\/image\\\/\"},\"sameAs\":[\"https:\\\/\\\/www.facebook.com\\\/noticiasmercedinas\\\/\",\"https:\\\/\\\/x.com\\\/notmercedinas\",\"https:\\\/\\\/www.instagram.com\\\/noticiasmercedinas\\\/\"]},{\"@type\":\"Person\",\"@id\":\"https:\\\/\\\/noticiasmercedinas.com\\\/site\\\/#\\\/schema\\\/person\\\/d481a9696a5feaec13a60e2bbd991a6a\",\"name\":\"Cristian Falabella NOTICIASMERCEDINAS.COM\",\"image\":{\"@type\":\"ImageObject\",\"inLanguage\":\"es\",\"@id\":\"https:\\\/\\\/secure.gravatar.com\\\/avatar\\\/0dbbfc45970cc46bcd0e57766228574ff3511d6eed045b182f536f0f478c1f06?s=96&d=mm&r=g\",\"url\":\"https:\\\/\\\/secure.gravatar.com\\\/avatar\\\/0dbbfc45970cc46bcd0e57766228574ff3511d6eed045b182f536f0f478c1f06?s=96&d=mm&r=g\",\"contentUrl\":\"https:\\\/\\\/secure.gravatar.com\\\/avatar\\\/0dbbfc45970cc46bcd0e57766228574ff3511d6eed045b182f536f0f478c1f06?s=96&d=mm&r=g\",\"caption\":\"Cristian Falabella NOTICIASMERCEDINAS.COM\"},\"description\":\"Periodista, editor de Noticias Mercedinas. Pas\u00f3 por varias redacciones y emprendimientos de prensa, en distintos formatos y \u00e9pocas. Se especializ\u00f3 --y sigue haci\u00e9ndolo-- en comunicaci\u00f3n en la web y en junio de 2006 fund\u00f3 este diario digital.\",\"sameAs\":[\"https:\\\/\\\/noticiasmercedinas.com\",\"https:\\\/\\\/www.facebook.com\\\/cristian.falabella\",\"https:\\\/\\\/www.instagram.com\\\/noticiasmercedinas\\\/\",\"https:\\\/\\\/x.com\\\/https:\\\/\\\/twitter.com\\\/NOTMERCEDINAS\"],\"url\":\"https:\\\/\\\/noticiasmercedinas.com\\\/site\\\/author\\\/as000384\\\/\"}]}<\/script>\n<!-- \/ Yoast SEO plugin. -->","yoast_head_json":{"title":"Grupo Payana se muestra en la ciudad","robots":{"index":"index","follow":"follow","max-snippet":"max-snippet:-1","max-image-preview":"max-image-preview:large","max-video-preview":"max-video-preview:-1"},"canonical":"https:\/\/noticiasmercedinas.com\/site\/2018\/11\/07\/grupo-payana-se-muestra-en-la-ciudad\/","og_locale":"es_ES","og_type":"article","og_title":"Grupo Payana se muestra en la ciudad","og_description":"Los integrantes del grupo Payana est\u00e1n de gira por la zona y en ese marco pasaron por Mercedes, donde estuvieron charlando con referentes del \u00e1rea de Cultura con respecto a la posibilidad de presentarse en la pr\u00f3xima Fiesta del Durazno, de la que est\u00e1n armando la grilla de espect\u00e1culos. Payana es un grupo ascendente, integrado [&hellip;]","og_url":"https:\/\/noticiasmercedinas.com\/site\/2018\/11\/07\/grupo-payana-se-muestra-en-la-ciudad\/","og_site_name":"NOTICIASMERCEDINAS.COM","article_publisher":"https:\/\/www.facebook.com\/noticiasmercedinas\/","article_author":"https:\/\/www.facebook.com\/cristian.falabella","article_published_time":"2018-11-08T01:30:26+00:00","article_modified_time":"2018-11-08T01:30:45+00:00","og_image":[{"width":1280,"height":622,"url":"https:\/\/noticiasmercedinas.com\/site\/wp-content\/uploads\/2018\/11\/e456e971-3858-44a7-a6ed-743bab933ef1.jpg","type":"image\/jpeg"}],"author":"Cristian Falabella NOTICIASMERCEDINAS.COM","twitter_card":"summary_large_image","twitter_creator":"@https:\/\/twitter.com\/NOTMERCEDINAS","twitter_site":"@notmercedinas","twitter_misc":{"Escrito por":"Cristian Falabella NOTICIASMERCEDINAS.COM","Tiempo de lectura":"2 minutos"},"schema":{"@context":"https:\/\/schema.org","@graph":[{"@type":"Article","@id":"https:\/\/noticiasmercedinas.com\/site\/2018\/11\/07\/grupo-payana-se-muestra-en-la-ciudad\/#article","isPartOf":{"@id":"https:\/\/noticiasmercedinas.com\/site\/2018\/11\/07\/grupo-payana-se-muestra-en-la-ciudad\/"},"author":{"name":"Cristian Falabella NOTICIASMERCEDINAS.COM","@id":"https:\/\/noticiasmercedinas.com\/site\/#\/schema\/person\/d481a9696a5feaec13a60e2bbd991a6a"},"headline":"Grupo Payana se muestra en la ciudad","datePublished":"2018-11-08T01:30:26+00:00","dateModified":"2018-11-08T01:30:45+00:00","mainEntityOfPage":{"@id":"https:\/\/noticiasmercedinas.com\/site\/2018\/11\/07\/grupo-payana-se-muestra-en-la-ciudad\/"},"wordCount":457,"commentCount":0,"publisher":{"@id":"https:\/\/noticiasmercedinas.com\/site\/#organization"},"image":{"@id":"https:\/\/noticiasmercedinas.com\/site\/2018\/11\/07\/grupo-payana-se-muestra-en-la-ciudad\/#primaryimage"},"thumbnailUrl":"https:\/\/noticiasmercedinas.com\/site\/wp-content\/uploads\/2018\/11\/e456e971-3858-44a7-a6ed-743bab933ef1.jpg","keywords":["Dante Rodr\u00edguez","folclore","latina","Maximiliano Silvera","M\u00f3nica Sanmartano","musica","payana","Rodrigo Vega Vidal","Silvina Salinas"],"articleSection":["Cultura"],"inLanguage":"es","potentialAction":[{"@type":"CommentAction","name":"Comment","target":["https:\/\/noticiasmercedinas.com\/site\/2018\/11\/07\/grupo-payana-se-muestra-en-la-ciudad\/#respond"]}]},{"@type":"WebPage","@id":"https:\/\/noticiasmercedinas.com\/site\/2018\/11\/07\/grupo-payana-se-muestra-en-la-ciudad\/","url":"https:\/\/noticiasmercedinas.com\/site\/2018\/11\/07\/grupo-payana-se-muestra-en-la-ciudad\/","name":"Grupo Payana se muestra en la ciudad","isPartOf":{"@id":"https:\/\/noticiasmercedinas.com\/site\/#website"},"primaryImageOfPage":{"@id":"https:\/\/noticiasmercedinas.com\/site\/2018\/11\/07\/grupo-payana-se-muestra-en-la-ciudad\/#primaryimage"},"image":{"@id":"https:\/\/noticiasmercedinas.com\/site\/2018\/11\/07\/grupo-payana-se-muestra-en-la-ciudad\/#primaryimage"},"thumbnailUrl":"https:\/\/noticiasmercedinas.com\/site\/wp-content\/uploads\/2018\/11\/e456e971-3858-44a7-a6ed-743bab933ef1.jpg","datePublished":"2018-11-08T01:30:26+00:00","dateModified":"2018-11-08T01:30:45+00:00","breadcrumb":{"@id":"https:\/\/noticiasmercedinas.com\/site\/2018\/11\/07\/grupo-payana-se-muestra-en-la-ciudad\/#breadcrumb"},"inLanguage":"es","potentialAction":[{"@type":"ReadAction","target":["https:\/\/noticiasmercedinas.com\/site\/2018\/11\/07\/grupo-payana-se-muestra-en-la-ciudad\/"]}]},{"@type":"ImageObject","inLanguage":"es","@id":"https:\/\/noticiasmercedinas.com\/site\/2018\/11\/07\/grupo-payana-se-muestra-en-la-ciudad\/#primaryimage","url":"https:\/\/noticiasmercedinas.com\/site\/wp-content\/uploads\/2018\/11\/e456e971-3858-44a7-a6ed-743bab933ef1.jpg","contentUrl":"https:\/\/noticiasmercedinas.com\/site\/wp-content\/uploads\/2018\/11\/e456e971-3858-44a7-a6ed-743bab933ef1.jpg","width":1280,"height":622},{"@type":"BreadcrumbList","@id":"https:\/\/noticiasmercedinas.com\/site\/2018\/11\/07\/grupo-payana-se-muestra-en-la-ciudad\/#breadcrumb","itemListElement":[{"@type":"ListItem","position":1,"name":"Portada","item":"https:\/\/noticiasmercedinas.com\/site\/"},{"@type":"ListItem","position":2,"name":"Grupo Payana se muestra en la ciudad"}]},{"@type":"WebSite","@id":"https:\/\/noticiasmercedinas.com\/site\/#website","url":"https:\/\/noticiasmercedinas.com\/site\/","name":"NOTICIASMERCEDINAS.COM","description":"Mercedes, Buenos Aires, Argentina","publisher":{"@id":"https:\/\/noticiasmercedinas.com\/site\/#organization"},"potentialAction":[{"@type":"SearchAction","target":{"@type":"EntryPoint","urlTemplate":"https:\/\/noticiasmercedinas.com\/site\/?s={search_term_string}"},"query-input":{"@type":"PropertyValueSpecification","valueRequired":true,"valueName":"search_term_string"}}],"inLanguage":"es"},{"@type":"Organization","@id":"https:\/\/noticiasmercedinas.com\/site\/#organization","name":"NOTICIASMERCEDINAS.COM","url":"https:\/\/noticiasmercedinas.com\/site\/","logo":{"@type":"ImageObject","inLanguage":"es","@id":"https:\/\/noticiasmercedinas.com\/site\/#\/schema\/logo\/image\/","url":"https:\/\/noticiasmercedinas.com\/site\/wp-content\/uploads\/2020\/06\/LOGO-512.jpg","contentUrl":"https:\/\/noticiasmercedinas.com\/site\/wp-content\/uploads\/2020\/06\/LOGO-512.jpg","width":512,"height":512,"caption":"NOTICIASMERCEDINAS.COM"},"image":{"@id":"https:\/\/noticiasmercedinas.com\/site\/#\/schema\/logo\/image\/"},"sameAs":["https:\/\/www.facebook.com\/noticiasmercedinas\/","https:\/\/x.com\/notmercedinas","https:\/\/www.instagram.com\/noticiasmercedinas\/"]},{"@type":"Person","@id":"https:\/\/noticiasmercedinas.com\/site\/#\/schema\/person\/d481a9696a5feaec13a60e2bbd991a6a","name":"Cristian Falabella NOTICIASMERCEDINAS.COM","image":{"@type":"ImageObject","inLanguage":"es","@id":"https:\/\/secure.gravatar.com\/avatar\/0dbbfc45970cc46bcd0e57766228574ff3511d6eed045b182f536f0f478c1f06?s=96&d=mm&r=g","url":"https:\/\/secure.gravatar.com\/avatar\/0dbbfc45970cc46bcd0e57766228574ff3511d6eed045b182f536f0f478c1f06?s=96&d=mm&r=g","contentUrl":"https:\/\/secure.gravatar.com\/avatar\/0dbbfc45970cc46bcd0e57766228574ff3511d6eed045b182f536f0f478c1f06?s=96&d=mm&r=g","caption":"Cristian Falabella NOTICIASMERCEDINAS.COM"},"description":"Periodista, editor de Noticias Mercedinas. Pas\u00f3 por varias redacciones y emprendimientos de prensa, en distintos formatos y \u00e9pocas. Se especializ\u00f3 --y sigue haci\u00e9ndolo-- en comunicaci\u00f3n en la web y en junio de 2006 fund\u00f3 este diario digital.","sameAs":["https:\/\/noticiasmercedinas.com","https:\/\/www.facebook.com\/cristian.falabella","https:\/\/www.instagram.com\/noticiasmercedinas\/","https:\/\/x.com\/https:\/\/twitter.com\/NOTMERCEDINAS"],"url":"https:\/\/noticiasmercedinas.com\/site\/author\/as000384\/"}]}},"amp_enabled":true,"_links":{"self":[{"href":"https:\/\/noticiasmercedinas.com\/site\/wp-json\/wp\/v2\/posts\/6305","targetHints":{"allow":["GET"]}}],"collection":[{"href":"https:\/\/noticiasmercedinas.com\/site\/wp-json\/wp\/v2\/posts"}],"about":[{"href":"https:\/\/noticiasmercedinas.com\/site\/wp-json\/wp\/v2\/types\/post"}],"author":[{"embeddable":true,"href":"https:\/\/noticiasmercedinas.com\/site\/wp-json\/wp\/v2\/users\/2"}],"replies":[{"embeddable":true,"href":"https:\/\/noticiasmercedinas.com\/site\/wp-json\/wp\/v2\/comments?post=6305"}],"version-history":[{"count":1,"href":"https:\/\/noticiasmercedinas.com\/site\/wp-json\/wp\/v2\/posts\/6305\/revisions"}],"predecessor-version":[{"id":6311,"href":"https:\/\/noticiasmercedinas.com\/site\/wp-json\/wp\/v2\/posts\/6305\/revisions\/6311"}],"wp:featuredmedia":[{"embeddable":true,"href":"https:\/\/noticiasmercedinas.com\/site\/wp-json\/wp\/v2\/media\/6307"}],"wp:attachment":[{"href":"https:\/\/noticiasmercedinas.com\/site\/wp-json\/wp\/v2\/media?parent=6305"}],"wp:term":[{"taxonomy":"category","embeddable":true,"href":"https:\/\/noticiasmercedinas.com\/site\/wp-json\/wp\/v2\/categories?post=6305"},{"taxonomy":"post_tag","embeddable":true,"href":"https:\/\/noticiasmercedinas.com\/site\/wp-json\/wp\/v2\/tags?post=6305"}],"curies":[{"name":"wp","href":"https:\/\/api.w.org\/{rel}","templated":true}]}}