{"id":63140,"date":"2021-03-10T19:42:10","date_gmt":"2021-03-10T22:42:10","guid":{"rendered":"https:\/\/noticiasmercedinas.com\/site\/2021\/03\/10\/vuelven-el-futbol-y-las-transmisiones-de-fm-la-tribuna\/"},"modified":"2021-03-10T19:46:34","modified_gmt":"2021-03-10T22:46:34","slug":"vuelven-el-futbol-y-las-transmisiones-de-fm-la-tribuna","status":"publish","type":"post","link":"https:\/\/noticiasmercedinas.com\/site\/2021\/03\/10\/vuelven-el-futbol-y-las-transmisiones-de-fm-la-tribuna\/","title":{"rendered":"Vuelven el f\u00fatbol y las transmisiones de FM La Tribuna"},"content":{"rendered":"<p><img loading=\"lazy\" decoding=\"async\" class=\"alignnone size-full wp-image-63138\" src=\"https:\/\/noticiasmercedinas.com\/site\/wp-content\/uploads\/2021\/03\/img-20210310-wa0104-312036074.jpg\" width=\"900\" height=\"900\" srcset=\"https:\/\/noticiasmercedinas.com\/site\/wp-content\/uploads\/2021\/03\/img-20210310-wa0104-312036074.jpg 900w, https:\/\/noticiasmercedinas.com\/site\/wp-content\/uploads\/2021\/03\/img-20210310-wa0104-312036074-300x300.jpg 300w, https:\/\/noticiasmercedinas.com\/site\/wp-content\/uploads\/2021\/03\/img-20210310-wa0104-312036074-150x150.jpg 150w, https:\/\/noticiasmercedinas.com\/site\/wp-content\/uploads\/2021\/03\/img-20210310-wa0104-312036074-768x768.jpg 768w, https:\/\/noticiasmercedinas.com\/site\/wp-content\/uploads\/2021\/03\/img-20210310-wa0104-312036074-640x640.jpg 640w, https:\/\/noticiasmercedinas.com\/site\/wp-content\/uploads\/2021\/03\/img-20210310-wa0104-312036074-681x681.jpg 681w\" sizes=\"auto, (max-width: 900px) 100vw, 900px\" \/><\/p>\n<p>Vuelve el f\u00fatbol, vuelven las transmisiones de FM La Tribuna.<\/p>\n<p>Como desde hace once a\u00f1os, la 103.5 transmitir\u00e1 todos los fines de semana los partidos de la Primera Divisi\u00f3n de la Liga Mercedina de F\u00fatbol. Tras un a\u00f1o de pandemia, vuelve el f\u00fatbol mercedino y la radio dir\u00e1 presente.<br \/>\nEste fin de semana vuelve a jugarse el f\u00fatbol local en forma oficial tras m\u00e1s de un a\u00f1o de espera.<\/p>\n<p>Es que el \u00faltimo partido organizado por la Liga Mercedina que se jug\u00f3 fue el de la segunda final entre Club Mercedes y Los Carteros ocurrido el 25 de noviembre de 2019, cuando el blanquinegro se consagraba bicampe\u00f3n del certamen.<\/p>\n<p>Luego, llegaron las vacaciones, la pretemporada para el Regional Amateur que jugaron precisamente los dos finalistas, compartiendo grupo con Independiente de Chivilcoy y, cuando ya estaba todo listo para dar rienda suelta a una nueva ilusi\u00f3n, lleg\u00f3 el Covid-19 que fren\u00f3 todo. Y cuando parec\u00eda que en enero pod\u00eda volver a rodar la pelota, el rebrote oblig\u00f3 a posponer todo hasta este 13 de marzo, cuando comience la primera fecha.<\/p>\n<p>Por tanto, FM La Tribuna no transmite futbol desde el 7 de marzo pasado, cuando en Chivilcoy, Los Carteros ca\u00edan 3 a 1 ante Independiente, ya que luego se fren\u00f3 todo.<\/p>\n<p>Ahora, con todo listo por parte de la Liga, la Radio del Deporte volver\u00e1 a la cabina del estadio local este domingo 14 a las 16 cuando transmita el partido que reedita aquella final de 2019 entre Mercedes y Los Carteros.<\/p>\n<p>Como siempre el Equipo Garra Charr\u00faa llevar\u00e1 a trav\u00e9s de sus micr\u00f3fonos las alternativas del partido m\u00e1s importante de la fecha y todos los resultados de todas las canchas. Gervasio Rocha, Juan Carlos Chapelco, Nestor Dova, Ariel Musante, Gabriel Bonifaci, Juan Dagnino y Alejandro Fernandez ser\u00e1n las voces que se transformen en los ojos de los oyentes que no podr\u00e1n acceder a ver los partidos producto que se jugar\u00e1 con un m\u00e1ximo de 30 espectadores por club.<\/p>\n<p>Por protocolo, no podr\u00e1 haber una previa muy larga, por lo que minutos antes de las 16, comenzar\u00e1 la primera y tan esperada transmisi\u00f3n del a\u00f1o.<\/p>\n<p>Adem\u00e1s de poder escuchar el partido por la 103.5, tambi\u00e9n se lo puede hacer por la web fmlatribuna.com, por el facebook FM La Tribuna y tambi\u00e9n a trav\u00e9s de la App para Android FM La Tribuna.<\/p>\n","protected":false},"excerpt":{"rendered":"<p>Vuelve el f\u00fatbol, vuelven las transmisiones de FM La Tribuna. Como desde hace once a\u00f1os, la 103.5 transmitir\u00e1 todos los fines de semana los partidos de la Primera Divisi\u00f3n de la Liga Mercedina de F\u00fatbol. Tras un a\u00f1o de pandemia, vuelve el f\u00fatbol mercedino y la radio dir\u00e1 presente. Este fin de semana vuelve a [&hellip;]<\/p>\n","protected":false},"author":16,"featured_media":63139,"comment_status":"open","ping_status":"open","sticky":false,"template":"","format":"standard","meta":{"footnotes":""},"categories":[4210],"tags":[4807,5470,554],"class_list":["post-63140","post","type-post","status-publish","format-standard","has-post-thumbnail","hentry","category-medios","tag-fm","tag-la-tribuna","tag-radio"],"yoast_head":"<!-- This site is optimized with the Yoast SEO plugin v27.5 - https:\/\/yoast.com\/product\/yoast-seo-wordpress\/ -->\n<title>Vuelven el f\u00fatbol y las transmisiones de FM La Tribuna<\/title>\n<meta name=\"robots\" content=\"index, follow, max-snippet:-1, max-image-preview:large, max-video-preview:-1\" \/>\n<link rel=\"canonical\" href=\"https:\/\/noticiasmercedinas.com\/site\/2021\/03\/10\/vuelven-el-futbol-y-las-transmisiones-de-fm-la-tribuna\/\" \/>\n<meta property=\"og:locale\" content=\"es_ES\" \/>\n<meta property=\"og:type\" content=\"article\" \/>\n<meta property=\"og:title\" content=\"Vuelven el f\u00fatbol y las transmisiones de FM La Tribuna\" \/>\n<meta property=\"og:description\" content=\"Vuelve el f\u00fatbol, vuelven las transmisiones de FM La Tribuna. Como desde hace once a\u00f1os, la 103.5 transmitir\u00e1 todos los fines de semana los partidos de la Primera Divisi\u00f3n de la Liga Mercedina de F\u00fatbol. Tras un a\u00f1o de pandemia, vuelve el f\u00fatbol mercedino y la radio dir\u00e1 presente. Este fin de semana vuelve a [&hellip;]\" \/>\n<meta property=\"og:url\" content=\"https:\/\/noticiasmercedinas.com\/site\/2021\/03\/10\/vuelven-el-futbol-y-las-transmisiones-de-fm-la-tribuna\/\" \/>\n<meta property=\"og:site_name\" content=\"NOTICIASMERCEDINAS.COM\" \/>\n<meta property=\"article:publisher\" content=\"https:\/\/www.facebook.com\/noticiasmercedinas\/\" \/>\n<meta property=\"article:published_time\" content=\"2021-03-10T22:42:10+00:00\" \/>\n<meta property=\"article:modified_time\" content=\"2021-03-10T22:46:34+00:00\" \/>\n<meta property=\"og:image\" content=\"https:\/\/noticiasmercedinas.com\/site\/wp-content\/uploads\/2021\/03\/IMG-20210310-WA0104.jpg\" \/>\n\t<meta property=\"og:image:width\" content=\"900\" \/>\n\t<meta property=\"og:image:height\" content=\"900\" \/>\n\t<meta property=\"og:image:type\" content=\"image\/jpeg\" \/>\n<meta name=\"author\" content=\"NOTICIASMERCEDINAS.COM\" \/>\n<meta name=\"twitter:card\" content=\"summary_large_image\" \/>\n<meta name=\"twitter:creator\" content=\"@notmercedinas\" \/>\n<meta name=\"twitter:site\" content=\"@notmercedinas\" \/>\n<meta name=\"twitter:label1\" content=\"Escrito por\" \/>\n\t<meta name=\"twitter:data1\" content=\"NOTICIASMERCEDINAS.COM\" \/>\n\t<meta name=\"twitter:label2\" content=\"Tiempo de lectura\" \/>\n\t<meta name=\"twitter:data2\" content=\"2 minutos\" \/>\n<script type=\"application\/ld+json\" class=\"yoast-schema-graph\">{\"@context\":\"https:\\\/\\\/schema.org\",\"@graph\":[{\"@type\":\"Article\",\"@id\":\"https:\\\/\\\/noticiasmercedinas.com\\\/site\\\/2021\\\/03\\\/10\\\/vuelven-el-futbol-y-las-transmisiones-de-fm-la-tribuna\\\/#article\",\"isPartOf\":{\"@id\":\"https:\\\/\\\/noticiasmercedinas.com\\\/site\\\/2021\\\/03\\\/10\\\/vuelven-el-futbol-y-las-transmisiones-de-fm-la-tribuna\\\/\"},\"author\":{\"name\":\"NOTICIASMERCEDINAS.COM\",\"@id\":\"https:\\\/\\\/noticiasmercedinas.com\\\/site\\\/#\\\/schema\\\/person\\\/84b59c099c28ff2e8b77d4ceec5d8063\"},\"headline\":\"Vuelven el f\u00fatbol y las transmisiones de FM La Tribuna\",\"datePublished\":\"2021-03-10T22:42:10+00:00\",\"dateModified\":\"2021-03-10T22:46:34+00:00\",\"mainEntityOfPage\":{\"@id\":\"https:\\\/\\\/noticiasmercedinas.com\\\/site\\\/2021\\\/03\\\/10\\\/vuelven-el-futbol-y-las-transmisiones-de-fm-la-tribuna\\\/\"},\"wordCount\":416,\"commentCount\":0,\"publisher\":{\"@id\":\"https:\\\/\\\/noticiasmercedinas.com\\\/site\\\/#organization\"},\"image\":{\"@id\":\"https:\\\/\\\/noticiasmercedinas.com\\\/site\\\/2021\\\/03\\\/10\\\/vuelven-el-futbol-y-las-transmisiones-de-fm-la-tribuna\\\/#primaryimage\"},\"thumbnailUrl\":\"https:\\\/\\\/noticiasmercedinas.com\\\/site\\\/wp-content\\\/uploads\\\/2021\\\/03\\\/IMG-20210310-WA0104.jpg\",\"keywords\":[\"fm\",\"la tribuna\",\"radio\"],\"articleSection\":[\"Medios\"],\"inLanguage\":\"es\",\"potentialAction\":[{\"@type\":\"CommentAction\",\"name\":\"Comment\",\"target\":[\"https:\\\/\\\/noticiasmercedinas.com\\\/site\\\/2021\\\/03\\\/10\\\/vuelven-el-futbol-y-las-transmisiones-de-fm-la-tribuna\\\/#respond\"]}]},{\"@type\":\"WebPage\",\"@id\":\"https:\\\/\\\/noticiasmercedinas.com\\\/site\\\/2021\\\/03\\\/10\\\/vuelven-el-futbol-y-las-transmisiones-de-fm-la-tribuna\\\/\",\"url\":\"https:\\\/\\\/noticiasmercedinas.com\\\/site\\\/2021\\\/03\\\/10\\\/vuelven-el-futbol-y-las-transmisiones-de-fm-la-tribuna\\\/\",\"name\":\"Vuelven el f\u00fatbol y las transmisiones de FM La Tribuna\",\"isPartOf\":{\"@id\":\"https:\\\/\\\/noticiasmercedinas.com\\\/site\\\/#website\"},\"primaryImageOfPage\":{\"@id\":\"https:\\\/\\\/noticiasmercedinas.com\\\/site\\\/2021\\\/03\\\/10\\\/vuelven-el-futbol-y-las-transmisiones-de-fm-la-tribuna\\\/#primaryimage\"},\"image\":{\"@id\":\"https:\\\/\\\/noticiasmercedinas.com\\\/site\\\/2021\\\/03\\\/10\\\/vuelven-el-futbol-y-las-transmisiones-de-fm-la-tribuna\\\/#primaryimage\"},\"thumbnailUrl\":\"https:\\\/\\\/noticiasmercedinas.com\\\/site\\\/wp-content\\\/uploads\\\/2021\\\/03\\\/IMG-20210310-WA0104.jpg\",\"datePublished\":\"2021-03-10T22:42:10+00:00\",\"dateModified\":\"2021-03-10T22:46:34+00:00\",\"breadcrumb\":{\"@id\":\"https:\\\/\\\/noticiasmercedinas.com\\\/site\\\/2021\\\/03\\\/10\\\/vuelven-el-futbol-y-las-transmisiones-de-fm-la-tribuna\\\/#breadcrumb\"},\"inLanguage\":\"es\",\"potentialAction\":[{\"@type\":\"ReadAction\",\"target\":[\"https:\\\/\\\/noticiasmercedinas.com\\\/site\\\/2021\\\/03\\\/10\\\/vuelven-el-futbol-y-las-transmisiones-de-fm-la-tribuna\\\/\"]}]},{\"@type\":\"ImageObject\",\"inLanguage\":\"es\",\"@id\":\"https:\\\/\\\/noticiasmercedinas.com\\\/site\\\/2021\\\/03\\\/10\\\/vuelven-el-futbol-y-las-transmisiones-de-fm-la-tribuna\\\/#primaryimage\",\"url\":\"https:\\\/\\\/noticiasmercedinas.com\\\/site\\\/wp-content\\\/uploads\\\/2021\\\/03\\\/IMG-20210310-WA0104.jpg\",\"contentUrl\":\"https:\\\/\\\/noticiasmercedinas.com\\\/site\\\/wp-content\\\/uploads\\\/2021\\\/03\\\/IMG-20210310-WA0104.jpg\",\"width\":900,\"height\":900},{\"@type\":\"BreadcrumbList\",\"@id\":\"https:\\\/\\\/noticiasmercedinas.com\\\/site\\\/2021\\\/03\\\/10\\\/vuelven-el-futbol-y-las-transmisiones-de-fm-la-tribuna\\\/#breadcrumb\",\"itemListElement\":[{\"@type\":\"ListItem\",\"position\":1,\"name\":\"Portada\",\"item\":\"https:\\\/\\\/noticiasmercedinas.com\\\/site\\\/\"},{\"@type\":\"ListItem\",\"position\":2,\"name\":\"Vuelven el f\u00fatbol y las transmisiones de FM La Tribuna\"}]},{\"@type\":\"WebSite\",\"@id\":\"https:\\\/\\\/noticiasmercedinas.com\\\/site\\\/#website\",\"url\":\"https:\\\/\\\/noticiasmercedinas.com\\\/site\\\/\",\"name\":\"NOTICIASMERCEDINAS.COM\",\"description\":\"Mercedes, Buenos Aires, Argentina\",\"publisher\":{\"@id\":\"https:\\\/\\\/noticiasmercedinas.com\\\/site\\\/#organization\"},\"potentialAction\":[{\"@type\":\"SearchAction\",\"target\":{\"@type\":\"EntryPoint\",\"urlTemplate\":\"https:\\\/\\\/noticiasmercedinas.com\\\/site\\\/?s={search_term_string}\"},\"query-input\":{\"@type\":\"PropertyValueSpecification\",\"valueRequired\":true,\"valueName\":\"search_term_string\"}}],\"inLanguage\":\"es\"},{\"@type\":\"Organization\",\"@id\":\"https:\\\/\\\/noticiasmercedinas.com\\\/site\\\/#organization\",\"name\":\"NOTICIASMERCEDINAS.COM\",\"url\":\"https:\\\/\\\/noticiasmercedinas.com\\\/site\\\/\",\"logo\":{\"@type\":\"ImageObject\",\"inLanguage\":\"es\",\"@id\":\"https:\\\/\\\/noticiasmercedinas.com\\\/site\\\/#\\\/schema\\\/logo\\\/image\\\/\",\"url\":\"https:\\\/\\\/noticiasmercedinas.com\\\/site\\\/wp-content\\\/uploads\\\/2020\\\/06\\\/LOGO-512.jpg\",\"contentUrl\":\"https:\\\/\\\/noticiasmercedinas.com\\\/site\\\/wp-content\\\/uploads\\\/2020\\\/06\\\/LOGO-512.jpg\",\"width\":512,\"height\":512,\"caption\":\"NOTICIASMERCEDINAS.COM\"},\"image\":{\"@id\":\"https:\\\/\\\/noticiasmercedinas.com\\\/site\\\/#\\\/schema\\\/logo\\\/image\\\/\"},\"sameAs\":[\"https:\\\/\\\/www.facebook.com\\\/noticiasmercedinas\\\/\",\"https:\\\/\\\/x.com\\\/notmercedinas\",\"https:\\\/\\\/www.instagram.com\\\/noticiasmercedinas\\\/\"]},{\"@type\":\"Person\",\"@id\":\"https:\\\/\\\/noticiasmercedinas.com\\\/site\\\/#\\\/schema\\\/person\\\/84b59c099c28ff2e8b77d4ceec5d8063\",\"name\":\"NOTICIASMERCEDINAS.COM\",\"image\":{\"@type\":\"ImageObject\",\"inLanguage\":\"es\",\"@id\":\"https:\\\/\\\/secure.gravatar.com\\\/avatar\\\/4dfbf16b4d17945bfb6341b2d19043457132fcf478a5ee04f42e959fd8f5df0a?s=96&d=mm&r=g\",\"url\":\"https:\\\/\\\/secure.gravatar.com\\\/avatar\\\/4dfbf16b4d17945bfb6341b2d19043457132fcf478a5ee04f42e959fd8f5df0a?s=96&d=mm&r=g\",\"contentUrl\":\"https:\\\/\\\/secure.gravatar.com\\\/avatar\\\/4dfbf16b4d17945bfb6341b2d19043457132fcf478a5ee04f42e959fd8f5df0a?s=96&d=mm&r=g\",\"caption\":\"NOTICIASMERCEDINAS.COM\"},\"url\":\"https:\\\/\\\/noticiasmercedinas.com\\\/site\\\/author\\\/anonimo\\\/\"}]}<\/script>\n<!-- \/ Yoast SEO plugin. -->","yoast_head_json":{"title":"Vuelven el f\u00fatbol y las transmisiones de FM La Tribuna","robots":{"index":"index","follow":"follow","max-snippet":"max-snippet:-1","max-image-preview":"max-image-preview:large","max-video-preview":"max-video-preview:-1"},"canonical":"https:\/\/noticiasmercedinas.com\/site\/2021\/03\/10\/vuelven-el-futbol-y-las-transmisiones-de-fm-la-tribuna\/","og_locale":"es_ES","og_type":"article","og_title":"Vuelven el f\u00fatbol y las transmisiones de FM La Tribuna","og_description":"Vuelve el f\u00fatbol, vuelven las transmisiones de FM La Tribuna. Como desde hace once a\u00f1os, la 103.5 transmitir\u00e1 todos los fines de semana los partidos de la Primera Divisi\u00f3n de la Liga Mercedina de F\u00fatbol. Tras un a\u00f1o de pandemia, vuelve el f\u00fatbol mercedino y la radio dir\u00e1 presente. Este fin de semana vuelve a [&hellip;]","og_url":"https:\/\/noticiasmercedinas.com\/site\/2021\/03\/10\/vuelven-el-futbol-y-las-transmisiones-de-fm-la-tribuna\/","og_site_name":"NOTICIASMERCEDINAS.COM","article_publisher":"https:\/\/www.facebook.com\/noticiasmercedinas\/","article_published_time":"2021-03-10T22:42:10+00:00","article_modified_time":"2021-03-10T22:46:34+00:00","og_image":[{"width":900,"height":900,"url":"https:\/\/noticiasmercedinas.com\/site\/wp-content\/uploads\/2021\/03\/IMG-20210310-WA0104.jpg","type":"image\/jpeg"}],"author":"NOTICIASMERCEDINAS.COM","twitter_card":"summary_large_image","twitter_creator":"@notmercedinas","twitter_site":"@notmercedinas","twitter_misc":{"Escrito por":"NOTICIASMERCEDINAS.COM","Tiempo de lectura":"2 minutos"},"schema":{"@context":"https:\/\/schema.org","@graph":[{"@type":"Article","@id":"https:\/\/noticiasmercedinas.com\/site\/2021\/03\/10\/vuelven-el-futbol-y-las-transmisiones-de-fm-la-tribuna\/#article","isPartOf":{"@id":"https:\/\/noticiasmercedinas.com\/site\/2021\/03\/10\/vuelven-el-futbol-y-las-transmisiones-de-fm-la-tribuna\/"},"author":{"name":"NOTICIASMERCEDINAS.COM","@id":"https:\/\/noticiasmercedinas.com\/site\/#\/schema\/person\/84b59c099c28ff2e8b77d4ceec5d8063"},"headline":"Vuelven el f\u00fatbol y las transmisiones de FM La Tribuna","datePublished":"2021-03-10T22:42:10+00:00","dateModified":"2021-03-10T22:46:34+00:00","mainEntityOfPage":{"@id":"https:\/\/noticiasmercedinas.com\/site\/2021\/03\/10\/vuelven-el-futbol-y-las-transmisiones-de-fm-la-tribuna\/"},"wordCount":416,"commentCount":0,"publisher":{"@id":"https:\/\/noticiasmercedinas.com\/site\/#organization"},"image":{"@id":"https:\/\/noticiasmercedinas.com\/site\/2021\/03\/10\/vuelven-el-futbol-y-las-transmisiones-de-fm-la-tribuna\/#primaryimage"},"thumbnailUrl":"https:\/\/noticiasmercedinas.com\/site\/wp-content\/uploads\/2021\/03\/IMG-20210310-WA0104.jpg","keywords":["fm","la tribuna","radio"],"articleSection":["Medios"],"inLanguage":"es","potentialAction":[{"@type":"CommentAction","name":"Comment","target":["https:\/\/noticiasmercedinas.com\/site\/2021\/03\/10\/vuelven-el-futbol-y-las-transmisiones-de-fm-la-tribuna\/#respond"]}]},{"@type":"WebPage","@id":"https:\/\/noticiasmercedinas.com\/site\/2021\/03\/10\/vuelven-el-futbol-y-las-transmisiones-de-fm-la-tribuna\/","url":"https:\/\/noticiasmercedinas.com\/site\/2021\/03\/10\/vuelven-el-futbol-y-las-transmisiones-de-fm-la-tribuna\/","name":"Vuelven el f\u00fatbol y las transmisiones de FM La Tribuna","isPartOf":{"@id":"https:\/\/noticiasmercedinas.com\/site\/#website"},"primaryImageOfPage":{"@id":"https:\/\/noticiasmercedinas.com\/site\/2021\/03\/10\/vuelven-el-futbol-y-las-transmisiones-de-fm-la-tribuna\/#primaryimage"},"image":{"@id":"https:\/\/noticiasmercedinas.com\/site\/2021\/03\/10\/vuelven-el-futbol-y-las-transmisiones-de-fm-la-tribuna\/#primaryimage"},"thumbnailUrl":"https:\/\/noticiasmercedinas.com\/site\/wp-content\/uploads\/2021\/03\/IMG-20210310-WA0104.jpg","datePublished":"2021-03-10T22:42:10+00:00","dateModified":"2021-03-10T22:46:34+00:00","breadcrumb":{"@id":"https:\/\/noticiasmercedinas.com\/site\/2021\/03\/10\/vuelven-el-futbol-y-las-transmisiones-de-fm-la-tribuna\/#breadcrumb"},"inLanguage":"es","potentialAction":[{"@type":"ReadAction","target":["https:\/\/noticiasmercedinas.com\/site\/2021\/03\/10\/vuelven-el-futbol-y-las-transmisiones-de-fm-la-tribuna\/"]}]},{"@type":"ImageObject","inLanguage":"es","@id":"https:\/\/noticiasmercedinas.com\/site\/2021\/03\/10\/vuelven-el-futbol-y-las-transmisiones-de-fm-la-tribuna\/#primaryimage","url":"https:\/\/noticiasmercedinas.com\/site\/wp-content\/uploads\/2021\/03\/IMG-20210310-WA0104.jpg","contentUrl":"https:\/\/noticiasmercedinas.com\/site\/wp-content\/uploads\/2021\/03\/IMG-20210310-WA0104.jpg","width":900,"height":900},{"@type":"BreadcrumbList","@id":"https:\/\/noticiasmercedinas.com\/site\/2021\/03\/10\/vuelven-el-futbol-y-las-transmisiones-de-fm-la-tribuna\/#breadcrumb","itemListElement":[{"@type":"ListItem","position":1,"name":"Portada","item":"https:\/\/noticiasmercedinas.com\/site\/"},{"@type":"ListItem","position":2,"name":"Vuelven el f\u00fatbol y las transmisiones de FM La Tribuna"}]},{"@type":"WebSite","@id":"https:\/\/noticiasmercedinas.com\/site\/#website","url":"https:\/\/noticiasmercedinas.com\/site\/","name":"NOTICIASMERCEDINAS.COM","description":"Mercedes, Buenos Aires, Argentina","publisher":{"@id":"https:\/\/noticiasmercedinas.com\/site\/#organization"},"potentialAction":[{"@type":"SearchAction","target":{"@type":"EntryPoint","urlTemplate":"https:\/\/noticiasmercedinas.com\/site\/?s={search_term_string}"},"query-input":{"@type":"PropertyValueSpecification","valueRequired":true,"valueName":"search_term_string"}}],"inLanguage":"es"},{"@type":"Organization","@id":"https:\/\/noticiasmercedinas.com\/site\/#organization","name":"NOTICIASMERCEDINAS.COM","url":"https:\/\/noticiasmercedinas.com\/site\/","logo":{"@type":"ImageObject","inLanguage":"es","@id":"https:\/\/noticiasmercedinas.com\/site\/#\/schema\/logo\/image\/","url":"https:\/\/noticiasmercedinas.com\/site\/wp-content\/uploads\/2020\/06\/LOGO-512.jpg","contentUrl":"https:\/\/noticiasmercedinas.com\/site\/wp-content\/uploads\/2020\/06\/LOGO-512.jpg","width":512,"height":512,"caption":"NOTICIASMERCEDINAS.COM"},"image":{"@id":"https:\/\/noticiasmercedinas.com\/site\/#\/schema\/logo\/image\/"},"sameAs":["https:\/\/www.facebook.com\/noticiasmercedinas\/","https:\/\/x.com\/notmercedinas","https:\/\/www.instagram.com\/noticiasmercedinas\/"]},{"@type":"Person","@id":"https:\/\/noticiasmercedinas.com\/site\/#\/schema\/person\/84b59c099c28ff2e8b77d4ceec5d8063","name":"NOTICIASMERCEDINAS.COM","image":{"@type":"ImageObject","inLanguage":"es","@id":"https:\/\/secure.gravatar.com\/avatar\/4dfbf16b4d17945bfb6341b2d19043457132fcf478a5ee04f42e959fd8f5df0a?s=96&d=mm&r=g","url":"https:\/\/secure.gravatar.com\/avatar\/4dfbf16b4d17945bfb6341b2d19043457132fcf478a5ee04f42e959fd8f5df0a?s=96&d=mm&r=g","contentUrl":"https:\/\/secure.gravatar.com\/avatar\/4dfbf16b4d17945bfb6341b2d19043457132fcf478a5ee04f42e959fd8f5df0a?s=96&d=mm&r=g","caption":"NOTICIASMERCEDINAS.COM"},"url":"https:\/\/noticiasmercedinas.com\/site\/author\/anonimo\/"}]}},"amp_enabled":true,"_links":{"self":[{"href":"https:\/\/noticiasmercedinas.com\/site\/wp-json\/wp\/v2\/posts\/63140","targetHints":{"allow":["GET"]}}],"collection":[{"href":"https:\/\/noticiasmercedinas.com\/site\/wp-json\/wp\/v2\/posts"}],"about":[{"href":"https:\/\/noticiasmercedinas.com\/site\/wp-json\/wp\/v2\/types\/post"}],"author":[{"embeddable":true,"href":"https:\/\/noticiasmercedinas.com\/site\/wp-json\/wp\/v2\/users\/16"}],"replies":[{"embeddable":true,"href":"https:\/\/noticiasmercedinas.com\/site\/wp-json\/wp\/v2\/comments?post=63140"}],"version-history":[{"count":2,"href":"https:\/\/noticiasmercedinas.com\/site\/wp-json\/wp\/v2\/posts\/63140\/revisions"}],"predecessor-version":[{"id":63142,"href":"https:\/\/noticiasmercedinas.com\/site\/wp-json\/wp\/v2\/posts\/63140\/revisions\/63142"}],"wp:featuredmedia":[{"embeddable":true,"href":"https:\/\/noticiasmercedinas.com\/site\/wp-json\/wp\/v2\/media\/63139"}],"wp:attachment":[{"href":"https:\/\/noticiasmercedinas.com\/site\/wp-json\/wp\/v2\/media?parent=63140"}],"wp:term":[{"taxonomy":"category","embeddable":true,"href":"https:\/\/noticiasmercedinas.com\/site\/wp-json\/wp\/v2\/categories?post=63140"},{"taxonomy":"post_tag","embeddable":true,"href":"https:\/\/noticiasmercedinas.com\/site\/wp-json\/wp\/v2\/tags?post=63140"}],"curies":[{"name":"wp","href":"https:\/\/api.w.org\/{rel}","templated":true}]}}