{"id":63251,"date":"2021-03-12T11:13:05","date_gmt":"2021-03-12T14:13:05","guid":{"rendered":"https:\/\/noticiasmercedinas.com\/site\/?p=63251"},"modified":"2021-03-12T11:14:37","modified_gmt":"2021-03-12T14:14:37","slug":"venta-de-campos-un-fuerte-de-campora-propiedades","status":"publish","type":"post","link":"https:\/\/noticiasmercedinas.com\/site\/2021\/03\/12\/venta-de-campos-un-fuerte-de-campora-propiedades\/","title":{"rendered":"Venta de campos, un fuerte de C\u00e1mpora Propiedades"},"content":{"rendered":"<p><img loading=\"lazy\" decoding=\"async\" class=\"alignnone size-large wp-image-63252\" src=\"https:\/\/noticiasmercedinas.com\/site\/wp-content\/uploads\/2021\/03\/camporapropiedades-1024x719.jpg\" alt=\"\" width=\"640\" height=\"449\" srcset=\"https:\/\/noticiasmercedinas.com\/site\/wp-content\/uploads\/2021\/03\/camporapropiedades-1024x719.jpg 1024w, https:\/\/noticiasmercedinas.com\/site\/wp-content\/uploads\/2021\/03\/camporapropiedades-300x211.jpg 300w, https:\/\/noticiasmercedinas.com\/site\/wp-content\/uploads\/2021\/03\/camporapropiedades-768x540.jpg 768w, https:\/\/noticiasmercedinas.com\/site\/wp-content\/uploads\/2021\/03\/camporapropiedades-1536x1079.jpg 1536w, https:\/\/noticiasmercedinas.com\/site\/wp-content\/uploads\/2021\/03\/camporapropiedades-2048x1439.jpg 2048w, https:\/\/noticiasmercedinas.com\/site\/wp-content\/uploads\/2021\/03\/camporapropiedades-640x450.jpg 640w, https:\/\/noticiasmercedinas.com\/site\/wp-content\/uploads\/2021\/03\/camporapropiedades-1280x899.jpg 1280w, https:\/\/noticiasmercedinas.com\/site\/wp-content\/uploads\/2021\/03\/camporapropiedades-681x478.jpg 681w, https:\/\/noticiasmercedinas.com\/site\/wp-content\/uploads\/2021\/03\/camporapropiedades-1362x957.jpg 1362w\" sizes=\"auto, (max-width: 640px) 100vw, 640px\" \/><\/p>\n<p>Con un importante perfil comercial, <strong>C\u00e1mpora Propiedades<\/strong>\u00a0se distingue en la venta de Campos y Estancias, ofreciendo tasaciones para quienes est\u00e9n interesados en la compra venta de tierras rurales para fines agr\u00edcolas, ganaderos u otro uso.<\/p>\n<p>Ahora desde su oficina en Mercedes, el martillero <strong>Mat\u00edas C\u00e1mpora<\/strong>\u00a0(Matr\u00edcula 3885) conoce muy bien el rubro de campos y estancias. Tambi\u00e9n se destaca en la parte urbana brindando el asesoramiento y servicio respectivo.<\/p>\n<p>Con seriedad, prestigio y el mejor asesoramiento, su emprendimiento inmobiliario es <strong>uno de los que m\u00e1s ha crecido en estos \u00faltimos tiempos<\/strong>.<\/p>\n<h3>V\u00edas de contacto<\/h3>\n<p><strong>Calle 23 n\u00famero 524, Mercedes (B)<br \/>\n<\/strong><strong>info@camporapropiedades.com<br \/>\n<\/strong><strong>Tel\u00e9fono 2324-654343<\/strong><\/p>\n<p><span style=\"color: #000080;\"><strong><a style=\"color: #000080;\" href=\"https:\/\/www.camporapropiedades.com\">https:\/\/www.camporapropiedades.com<\/a><\/strong><\/span><\/p>\n<p><span style=\"color: #000080;\"><strong><a style=\"color: #000080;\" href=\"https:\/\/www.facebook.com\/camporaprop\">https:\/\/www.facebook.com\/camporaprop<\/a><\/strong><\/span><\/p>\n","protected":false},"excerpt":{"rendered":"<p>Con un importante perfil comercial, C\u00e1mpora Propiedades\u00a0se distingue en la venta de Campos y Estancias, ofreciendo tasaciones para quienes est\u00e9n interesados en la compra venta de tierras rurales para fines agr\u00edcolas, ganaderos u otro uso. Ahora desde su oficina en Mercedes, el martillero Mat\u00edas C\u00e1mpora\u00a0(Matr\u00edcula 3885) conoce muy bien el rubro de campos y estancias. [&hellip;]<\/p>\n","protected":false},"author":16,"featured_media":63252,"comment_status":"open","ping_status":"open","sticky":false,"template":"","format":"standard","meta":{"footnotes":""},"categories":[74],"tags":[11194,2801,2802,11529,1762],"class_list":["post-63251","post","type-post","status-publish","format-standard","has-post-thumbnail","hentry","category-emprendimientos","tag-campora-propiedades","tag-campos","tag-estancias","tag-matias","tag-matias-campora"],"yoast_head":"<!-- This site is optimized with the Yoast SEO plugin v27.4 - https:\/\/yoast.com\/product\/yoast-seo-wordpress\/ -->\n<title>Venta de campos, un fuerte de C\u00e1mpora Propiedades<\/title>\n<meta name=\"robots\" content=\"index, follow, max-snippet:-1, max-image-preview:large, max-video-preview:-1\" \/>\n<link rel=\"canonical\" href=\"https:\/\/noticiasmercedinas.com\/site\/2021\/03\/12\/venta-de-campos-un-fuerte-de-campora-propiedades\/\" \/>\n<meta property=\"og:locale\" content=\"es_ES\" \/>\n<meta property=\"og:type\" content=\"article\" \/>\n<meta property=\"og:title\" content=\"Venta de campos, un fuerte de C\u00e1mpora Propiedades\" \/>\n<meta property=\"og:description\" content=\"Con un importante perfil comercial, C\u00e1mpora Propiedades\u00a0se distingue en la venta de Campos y Estancias, ofreciendo tasaciones para quienes est\u00e9n interesados en la compra venta de tierras rurales para fines agr\u00edcolas, ganaderos u otro uso. Ahora desde su oficina en Mercedes, el martillero Mat\u00edas C\u00e1mpora\u00a0(Matr\u00edcula 3885) conoce muy bien el rubro de campos y estancias. [&hellip;]\" \/>\n<meta property=\"og:url\" content=\"https:\/\/noticiasmercedinas.com\/site\/2021\/03\/12\/venta-de-campos-un-fuerte-de-campora-propiedades\/\" \/>\n<meta property=\"og:site_name\" content=\"NOTICIASMERCEDINAS.COM\" \/>\n<meta property=\"article:publisher\" content=\"https:\/\/www.facebook.com\/noticiasmercedinas\/\" \/>\n<meta property=\"article:published_time\" content=\"2021-03-12T14:13:05+00:00\" \/>\n<meta property=\"article:modified_time\" content=\"2021-03-12T14:14:37+00:00\" \/>\n<meta property=\"og:image\" content=\"https:\/\/noticiasmercedinas.com\/site\/wp-content\/uploads\/2021\/03\/camporapropiedades-scaled.jpg\" \/>\n\t<meta property=\"og:image:width\" content=\"2560\" \/>\n\t<meta property=\"og:image:height\" content=\"1798\" \/>\n\t<meta property=\"og:image:type\" content=\"image\/jpeg\" \/>\n<meta name=\"author\" content=\"NOTICIASMERCEDINAS.COM\" \/>\n<meta name=\"twitter:card\" content=\"summary_large_image\" \/>\n<meta name=\"twitter:creator\" content=\"@notmercedinas\" \/>\n<meta name=\"twitter:site\" content=\"@notmercedinas\" \/>\n<meta name=\"twitter:label1\" content=\"Escrito por\" \/>\n\t<meta name=\"twitter:data1\" content=\"NOTICIASMERCEDINAS.COM\" \/>\n\t<meta name=\"twitter:label2\" content=\"Tiempo de lectura\" \/>\n\t<meta name=\"twitter:data2\" content=\"1 minuto\" \/>\n<script type=\"application\/ld+json\" class=\"yoast-schema-graph\">{\"@context\":\"https:\\\/\\\/schema.org\",\"@graph\":[{\"@type\":\"Article\",\"@id\":\"https:\\\/\\\/noticiasmercedinas.com\\\/site\\\/2021\\\/03\\\/12\\\/venta-de-campos-un-fuerte-de-campora-propiedades\\\/#article\",\"isPartOf\":{\"@id\":\"https:\\\/\\\/noticiasmercedinas.com\\\/site\\\/2021\\\/03\\\/12\\\/venta-de-campos-un-fuerte-de-campora-propiedades\\\/\"},\"author\":{\"name\":\"NOTICIASMERCEDINAS.COM\",\"@id\":\"https:\\\/\\\/noticiasmercedinas.com\\\/site\\\/#\\\/schema\\\/person\\\/84b59c099c28ff2e8b77d4ceec5d8063\"},\"headline\":\"Venta de campos, un fuerte de C\u00e1mpora Propiedades\",\"datePublished\":\"2021-03-12T14:13:05+00:00\",\"dateModified\":\"2021-03-12T14:14:37+00:00\",\"mainEntityOfPage\":{\"@id\":\"https:\\\/\\\/noticiasmercedinas.com\\\/site\\\/2021\\\/03\\\/12\\\/venta-de-campos-un-fuerte-de-campora-propiedades\\\/\"},\"wordCount\":132,\"commentCount\":0,\"publisher\":{\"@id\":\"https:\\\/\\\/noticiasmercedinas.com\\\/site\\\/#organization\"},\"image\":{\"@id\":\"https:\\\/\\\/noticiasmercedinas.com\\\/site\\\/2021\\\/03\\\/12\\\/venta-de-campos-un-fuerte-de-campora-propiedades\\\/#primaryimage\"},\"thumbnailUrl\":\"https:\\\/\\\/noticiasmercedinas.com\\\/site\\\/wp-content\\\/uploads\\\/2021\\\/03\\\/camporapropiedades-scaled.jpg\",\"keywords\":[\"campora propiedades\",\"campos\",\"estancias\",\"matias\",\"matias campora\"],\"articleSection\":[\"Emprendimientos\"],\"inLanguage\":\"es\",\"potentialAction\":[{\"@type\":\"CommentAction\",\"name\":\"Comment\",\"target\":[\"https:\\\/\\\/noticiasmercedinas.com\\\/site\\\/2021\\\/03\\\/12\\\/venta-de-campos-un-fuerte-de-campora-propiedades\\\/#respond\"]}]},{\"@type\":\"WebPage\",\"@id\":\"https:\\\/\\\/noticiasmercedinas.com\\\/site\\\/2021\\\/03\\\/12\\\/venta-de-campos-un-fuerte-de-campora-propiedades\\\/\",\"url\":\"https:\\\/\\\/noticiasmercedinas.com\\\/site\\\/2021\\\/03\\\/12\\\/venta-de-campos-un-fuerte-de-campora-propiedades\\\/\",\"name\":\"Venta de campos, un fuerte de C\u00e1mpora Propiedades\",\"isPartOf\":{\"@id\":\"https:\\\/\\\/noticiasmercedinas.com\\\/site\\\/#website\"},\"primaryImageOfPage\":{\"@id\":\"https:\\\/\\\/noticiasmercedinas.com\\\/site\\\/2021\\\/03\\\/12\\\/venta-de-campos-un-fuerte-de-campora-propiedades\\\/#primaryimage\"},\"image\":{\"@id\":\"https:\\\/\\\/noticiasmercedinas.com\\\/site\\\/2021\\\/03\\\/12\\\/venta-de-campos-un-fuerte-de-campora-propiedades\\\/#primaryimage\"},\"thumbnailUrl\":\"https:\\\/\\\/noticiasmercedinas.com\\\/site\\\/wp-content\\\/uploads\\\/2021\\\/03\\\/camporapropiedades-scaled.jpg\",\"datePublished\":\"2021-03-12T14:13:05+00:00\",\"dateModified\":\"2021-03-12T14:14:37+00:00\",\"breadcrumb\":{\"@id\":\"https:\\\/\\\/noticiasmercedinas.com\\\/site\\\/2021\\\/03\\\/12\\\/venta-de-campos-un-fuerte-de-campora-propiedades\\\/#breadcrumb\"},\"inLanguage\":\"es\",\"potentialAction\":[{\"@type\":\"ReadAction\",\"target\":[\"https:\\\/\\\/noticiasmercedinas.com\\\/site\\\/2021\\\/03\\\/12\\\/venta-de-campos-un-fuerte-de-campora-propiedades\\\/\"]}]},{\"@type\":\"ImageObject\",\"inLanguage\":\"es\",\"@id\":\"https:\\\/\\\/noticiasmercedinas.com\\\/site\\\/2021\\\/03\\\/12\\\/venta-de-campos-un-fuerte-de-campora-propiedades\\\/#primaryimage\",\"url\":\"https:\\\/\\\/noticiasmercedinas.com\\\/site\\\/wp-content\\\/uploads\\\/2021\\\/03\\\/camporapropiedades-scaled.jpg\",\"contentUrl\":\"https:\\\/\\\/noticiasmercedinas.com\\\/site\\\/wp-content\\\/uploads\\\/2021\\\/03\\\/camporapropiedades-scaled.jpg\",\"width\":2560,\"height\":1798},{\"@type\":\"BreadcrumbList\",\"@id\":\"https:\\\/\\\/noticiasmercedinas.com\\\/site\\\/2021\\\/03\\\/12\\\/venta-de-campos-un-fuerte-de-campora-propiedades\\\/#breadcrumb\",\"itemListElement\":[{\"@type\":\"ListItem\",\"position\":1,\"name\":\"Portada\",\"item\":\"https:\\\/\\\/noticiasmercedinas.com\\\/site\\\/\"},{\"@type\":\"ListItem\",\"position\":2,\"name\":\"Venta de campos, un fuerte de C\u00e1mpora Propiedades\"}]},{\"@type\":\"WebSite\",\"@id\":\"https:\\\/\\\/noticiasmercedinas.com\\\/site\\\/#website\",\"url\":\"https:\\\/\\\/noticiasmercedinas.com\\\/site\\\/\",\"name\":\"NOTICIASMERCEDINAS.COM\",\"description\":\"Mercedes, Buenos Aires, Argentina\",\"publisher\":{\"@id\":\"https:\\\/\\\/noticiasmercedinas.com\\\/site\\\/#organization\"},\"potentialAction\":[{\"@type\":\"SearchAction\",\"target\":{\"@type\":\"EntryPoint\",\"urlTemplate\":\"https:\\\/\\\/noticiasmercedinas.com\\\/site\\\/?s={search_term_string}\"},\"query-input\":{\"@type\":\"PropertyValueSpecification\",\"valueRequired\":true,\"valueName\":\"search_term_string\"}}],\"inLanguage\":\"es\"},{\"@type\":\"Organization\",\"@id\":\"https:\\\/\\\/noticiasmercedinas.com\\\/site\\\/#organization\",\"name\":\"NOTICIASMERCEDINAS.COM\",\"url\":\"https:\\\/\\\/noticiasmercedinas.com\\\/site\\\/\",\"logo\":{\"@type\":\"ImageObject\",\"inLanguage\":\"es\",\"@id\":\"https:\\\/\\\/noticiasmercedinas.com\\\/site\\\/#\\\/schema\\\/logo\\\/image\\\/\",\"url\":\"https:\\\/\\\/noticiasmercedinas.com\\\/site\\\/wp-content\\\/uploads\\\/2020\\\/06\\\/LOGO-512.jpg\",\"contentUrl\":\"https:\\\/\\\/noticiasmercedinas.com\\\/site\\\/wp-content\\\/uploads\\\/2020\\\/06\\\/LOGO-512.jpg\",\"width\":512,\"height\":512,\"caption\":\"NOTICIASMERCEDINAS.COM\"},\"image\":{\"@id\":\"https:\\\/\\\/noticiasmercedinas.com\\\/site\\\/#\\\/schema\\\/logo\\\/image\\\/\"},\"sameAs\":[\"https:\\\/\\\/www.facebook.com\\\/noticiasmercedinas\\\/\",\"https:\\\/\\\/x.com\\\/notmercedinas\",\"https:\\\/\\\/www.instagram.com\\\/noticiasmercedinas\\\/\"]},{\"@type\":\"Person\",\"@id\":\"https:\\\/\\\/noticiasmercedinas.com\\\/site\\\/#\\\/schema\\\/person\\\/84b59c099c28ff2e8b77d4ceec5d8063\",\"name\":\"NOTICIASMERCEDINAS.COM\",\"image\":{\"@type\":\"ImageObject\",\"inLanguage\":\"es\",\"@id\":\"https:\\\/\\\/secure.gravatar.com\\\/avatar\\\/4dfbf16b4d17945bfb6341b2d19043457132fcf478a5ee04f42e959fd8f5df0a?s=96&d=mm&r=g\",\"url\":\"https:\\\/\\\/secure.gravatar.com\\\/avatar\\\/4dfbf16b4d17945bfb6341b2d19043457132fcf478a5ee04f42e959fd8f5df0a?s=96&d=mm&r=g\",\"contentUrl\":\"https:\\\/\\\/secure.gravatar.com\\\/avatar\\\/4dfbf16b4d17945bfb6341b2d19043457132fcf478a5ee04f42e959fd8f5df0a?s=96&d=mm&r=g\",\"caption\":\"NOTICIASMERCEDINAS.COM\"},\"url\":\"https:\\\/\\\/noticiasmercedinas.com\\\/site\\\/author\\\/anonimo\\\/\"}]}<\/script>\n<!-- \/ Yoast SEO plugin. -->","yoast_head_json":{"title":"Venta de campos, un fuerte de C\u00e1mpora Propiedades","robots":{"index":"index","follow":"follow","max-snippet":"max-snippet:-1","max-image-preview":"max-image-preview:large","max-video-preview":"max-video-preview:-1"},"canonical":"https:\/\/noticiasmercedinas.com\/site\/2021\/03\/12\/venta-de-campos-un-fuerte-de-campora-propiedades\/","og_locale":"es_ES","og_type":"article","og_title":"Venta de campos, un fuerte de C\u00e1mpora Propiedades","og_description":"Con un importante perfil comercial, C\u00e1mpora Propiedades\u00a0se distingue en la venta de Campos y Estancias, ofreciendo tasaciones para quienes est\u00e9n interesados en la compra venta de tierras rurales para fines agr\u00edcolas, ganaderos u otro uso. Ahora desde su oficina en Mercedes, el martillero Mat\u00edas C\u00e1mpora\u00a0(Matr\u00edcula 3885) conoce muy bien el rubro de campos y estancias. [&hellip;]","og_url":"https:\/\/noticiasmercedinas.com\/site\/2021\/03\/12\/venta-de-campos-un-fuerte-de-campora-propiedades\/","og_site_name":"NOTICIASMERCEDINAS.COM","article_publisher":"https:\/\/www.facebook.com\/noticiasmercedinas\/","article_published_time":"2021-03-12T14:13:05+00:00","article_modified_time":"2021-03-12T14:14:37+00:00","og_image":[{"width":2560,"height":1798,"url":"https:\/\/noticiasmercedinas.com\/site\/wp-content\/uploads\/2021\/03\/camporapropiedades-scaled.jpg","type":"image\/jpeg"}],"author":"NOTICIASMERCEDINAS.COM","twitter_card":"summary_large_image","twitter_creator":"@notmercedinas","twitter_site":"@notmercedinas","twitter_misc":{"Escrito por":"NOTICIASMERCEDINAS.COM","Tiempo de lectura":"1 minuto"},"schema":{"@context":"https:\/\/schema.org","@graph":[{"@type":"Article","@id":"https:\/\/noticiasmercedinas.com\/site\/2021\/03\/12\/venta-de-campos-un-fuerte-de-campora-propiedades\/#article","isPartOf":{"@id":"https:\/\/noticiasmercedinas.com\/site\/2021\/03\/12\/venta-de-campos-un-fuerte-de-campora-propiedades\/"},"author":{"name":"NOTICIASMERCEDINAS.COM","@id":"https:\/\/noticiasmercedinas.com\/site\/#\/schema\/person\/84b59c099c28ff2e8b77d4ceec5d8063"},"headline":"Venta de campos, un fuerte de C\u00e1mpora Propiedades","datePublished":"2021-03-12T14:13:05+00:00","dateModified":"2021-03-12T14:14:37+00:00","mainEntityOfPage":{"@id":"https:\/\/noticiasmercedinas.com\/site\/2021\/03\/12\/venta-de-campos-un-fuerte-de-campora-propiedades\/"},"wordCount":132,"commentCount":0,"publisher":{"@id":"https:\/\/noticiasmercedinas.com\/site\/#organization"},"image":{"@id":"https:\/\/noticiasmercedinas.com\/site\/2021\/03\/12\/venta-de-campos-un-fuerte-de-campora-propiedades\/#primaryimage"},"thumbnailUrl":"https:\/\/noticiasmercedinas.com\/site\/wp-content\/uploads\/2021\/03\/camporapropiedades-scaled.jpg","keywords":["campora propiedades","campos","estancias","matias","matias campora"],"articleSection":["Emprendimientos"],"inLanguage":"es","potentialAction":[{"@type":"CommentAction","name":"Comment","target":["https:\/\/noticiasmercedinas.com\/site\/2021\/03\/12\/venta-de-campos-un-fuerte-de-campora-propiedades\/#respond"]}]},{"@type":"WebPage","@id":"https:\/\/noticiasmercedinas.com\/site\/2021\/03\/12\/venta-de-campos-un-fuerte-de-campora-propiedades\/","url":"https:\/\/noticiasmercedinas.com\/site\/2021\/03\/12\/venta-de-campos-un-fuerte-de-campora-propiedades\/","name":"Venta de campos, un fuerte de C\u00e1mpora Propiedades","isPartOf":{"@id":"https:\/\/noticiasmercedinas.com\/site\/#website"},"primaryImageOfPage":{"@id":"https:\/\/noticiasmercedinas.com\/site\/2021\/03\/12\/venta-de-campos-un-fuerte-de-campora-propiedades\/#primaryimage"},"image":{"@id":"https:\/\/noticiasmercedinas.com\/site\/2021\/03\/12\/venta-de-campos-un-fuerte-de-campora-propiedades\/#primaryimage"},"thumbnailUrl":"https:\/\/noticiasmercedinas.com\/site\/wp-content\/uploads\/2021\/03\/camporapropiedades-scaled.jpg","datePublished":"2021-03-12T14:13:05+00:00","dateModified":"2021-03-12T14:14:37+00:00","breadcrumb":{"@id":"https:\/\/noticiasmercedinas.com\/site\/2021\/03\/12\/venta-de-campos-un-fuerte-de-campora-propiedades\/#breadcrumb"},"inLanguage":"es","potentialAction":[{"@type":"ReadAction","target":["https:\/\/noticiasmercedinas.com\/site\/2021\/03\/12\/venta-de-campos-un-fuerte-de-campora-propiedades\/"]}]},{"@type":"ImageObject","inLanguage":"es","@id":"https:\/\/noticiasmercedinas.com\/site\/2021\/03\/12\/venta-de-campos-un-fuerte-de-campora-propiedades\/#primaryimage","url":"https:\/\/noticiasmercedinas.com\/site\/wp-content\/uploads\/2021\/03\/camporapropiedades-scaled.jpg","contentUrl":"https:\/\/noticiasmercedinas.com\/site\/wp-content\/uploads\/2021\/03\/camporapropiedades-scaled.jpg","width":2560,"height":1798},{"@type":"BreadcrumbList","@id":"https:\/\/noticiasmercedinas.com\/site\/2021\/03\/12\/venta-de-campos-un-fuerte-de-campora-propiedades\/#breadcrumb","itemListElement":[{"@type":"ListItem","position":1,"name":"Portada","item":"https:\/\/noticiasmercedinas.com\/site\/"},{"@type":"ListItem","position":2,"name":"Venta de campos, un fuerte de C\u00e1mpora Propiedades"}]},{"@type":"WebSite","@id":"https:\/\/noticiasmercedinas.com\/site\/#website","url":"https:\/\/noticiasmercedinas.com\/site\/","name":"NOTICIASMERCEDINAS.COM","description":"Mercedes, Buenos Aires, Argentina","publisher":{"@id":"https:\/\/noticiasmercedinas.com\/site\/#organization"},"potentialAction":[{"@type":"SearchAction","target":{"@type":"EntryPoint","urlTemplate":"https:\/\/noticiasmercedinas.com\/site\/?s={search_term_string}"},"query-input":{"@type":"PropertyValueSpecification","valueRequired":true,"valueName":"search_term_string"}}],"inLanguage":"es"},{"@type":"Organization","@id":"https:\/\/noticiasmercedinas.com\/site\/#organization","name":"NOTICIASMERCEDINAS.COM","url":"https:\/\/noticiasmercedinas.com\/site\/","logo":{"@type":"ImageObject","inLanguage":"es","@id":"https:\/\/noticiasmercedinas.com\/site\/#\/schema\/logo\/image\/","url":"https:\/\/noticiasmercedinas.com\/site\/wp-content\/uploads\/2020\/06\/LOGO-512.jpg","contentUrl":"https:\/\/noticiasmercedinas.com\/site\/wp-content\/uploads\/2020\/06\/LOGO-512.jpg","width":512,"height":512,"caption":"NOTICIASMERCEDINAS.COM"},"image":{"@id":"https:\/\/noticiasmercedinas.com\/site\/#\/schema\/logo\/image\/"},"sameAs":["https:\/\/www.facebook.com\/noticiasmercedinas\/","https:\/\/x.com\/notmercedinas","https:\/\/www.instagram.com\/noticiasmercedinas\/"]},{"@type":"Person","@id":"https:\/\/noticiasmercedinas.com\/site\/#\/schema\/person\/84b59c099c28ff2e8b77d4ceec5d8063","name":"NOTICIASMERCEDINAS.COM","image":{"@type":"ImageObject","inLanguage":"es","@id":"https:\/\/secure.gravatar.com\/avatar\/4dfbf16b4d17945bfb6341b2d19043457132fcf478a5ee04f42e959fd8f5df0a?s=96&d=mm&r=g","url":"https:\/\/secure.gravatar.com\/avatar\/4dfbf16b4d17945bfb6341b2d19043457132fcf478a5ee04f42e959fd8f5df0a?s=96&d=mm&r=g","contentUrl":"https:\/\/secure.gravatar.com\/avatar\/4dfbf16b4d17945bfb6341b2d19043457132fcf478a5ee04f42e959fd8f5df0a?s=96&d=mm&r=g","caption":"NOTICIASMERCEDINAS.COM"},"url":"https:\/\/noticiasmercedinas.com\/site\/author\/anonimo\/"}]}},"amp_enabled":true,"_links":{"self":[{"href":"https:\/\/noticiasmercedinas.com\/site\/wp-json\/wp\/v2\/posts\/63251","targetHints":{"allow":["GET"]}}],"collection":[{"href":"https:\/\/noticiasmercedinas.com\/site\/wp-json\/wp\/v2\/posts"}],"about":[{"href":"https:\/\/noticiasmercedinas.com\/site\/wp-json\/wp\/v2\/types\/post"}],"author":[{"embeddable":true,"href":"https:\/\/noticiasmercedinas.com\/site\/wp-json\/wp\/v2\/users\/16"}],"replies":[{"embeddable":true,"href":"https:\/\/noticiasmercedinas.com\/site\/wp-json\/wp\/v2\/comments?post=63251"}],"version-history":[{"count":2,"href":"https:\/\/noticiasmercedinas.com\/site\/wp-json\/wp\/v2\/posts\/63251\/revisions"}],"predecessor-version":[{"id":63254,"href":"https:\/\/noticiasmercedinas.com\/site\/wp-json\/wp\/v2\/posts\/63251\/revisions\/63254"}],"wp:featuredmedia":[{"embeddable":true,"href":"https:\/\/noticiasmercedinas.com\/site\/wp-json\/wp\/v2\/media\/63252"}],"wp:attachment":[{"href":"https:\/\/noticiasmercedinas.com\/site\/wp-json\/wp\/v2\/media?parent=63251"}],"wp:term":[{"taxonomy":"category","embeddable":true,"href":"https:\/\/noticiasmercedinas.com\/site\/wp-json\/wp\/v2\/categories?post=63251"},{"taxonomy":"post_tag","embeddable":true,"href":"https:\/\/noticiasmercedinas.com\/site\/wp-json\/wp\/v2\/tags?post=63251"}],"curies":[{"name":"wp","href":"https:\/\/api.w.org\/{rel}","templated":true}]}}