{"id":6367,"date":"2018-11-08T17:47:08","date_gmt":"2018-11-08T20:47:08","guid":{"rendered":"https:\/\/noticiasmercedinas.com\/site\/?p=6367"},"modified":"2018-11-08T19:40:44","modified_gmt":"2018-11-08T22:40:44","slug":"virginia-altube-feliz-por-la-repercusion-de-su-disco-se-presentara-en-aefip","status":"publish","type":"post","link":"https:\/\/noticiasmercedinas.com\/site\/2018\/11\/08\/virginia-altube-feliz-por-la-repercusion-de-su-disco-se-presentara-en-aefip\/","title":{"rendered":"Virginia Altube, feliz por la repercusi\u00f3n de su disco, se presentar\u00e1 en AEFIP"},"content":{"rendered":"<p><img loading=\"lazy\" decoding=\"async\" class=\"alignnone size-full wp-image-6368\" src=\"https:\/\/noticiasmercedinas.com\/site\/wp-content\/uploads\/2018\/11\/45743088_10217530507320300_4806077389295583232_n.jpg\" alt=\"\" width=\"720\" height=\"491\" srcset=\"https:\/\/noticiasmercedinas.com\/site\/wp-content\/uploads\/2018\/11\/45743088_10217530507320300_4806077389295583232_n.jpg 720w, https:\/\/noticiasmercedinas.com\/site\/wp-content\/uploads\/2018\/11\/45743088_10217530507320300_4806077389295583232_n-300x205.jpg 300w, https:\/\/noticiasmercedinas.com\/site\/wp-content\/uploads\/2018\/11\/45743088_10217530507320300_4806077389295583232_n-640x436.jpg 640w, https:\/\/noticiasmercedinas.com\/site\/wp-content\/uploads\/2018\/11\/45743088_10217530507320300_4806077389295583232_n-681x464.jpg 681w\" sizes=\"auto, (max-width: 720px) 100vw, 720px\" \/><\/p>\n<p>La cantante <strong>Virginia Altube<\/strong> tras su show en La Dumer prepara un nuevo episodio de su repertorio de boleros con Amalia Guaragna, que tendr\u00e1 lugar en la escuela Normal el 1 de diciembre, pero adem\u00e1s anuncia un cierre de a\u00f1o junto a su grupo de m\u00fasicos en el ciclo de la sede de AEFIP Mercedes en el marco de recitales que organizan Pablo Stasiuk y Claudio Zermoglio.<\/p>\n<p>Ya se anuncia el cierre del ciclo 2018 auspiciado por AEFIP con la presencia de Virginia Altube y sus m\u00fasicos, el venidero 14 de diciembre a las 21 horas en el sal\u00f3n AEFIP de 28 entre 31 y 33, primer piso.<\/p>\n<p>Al respecto, la propia Altube confirm\u00f3 su alegr\u00eda por esta posibilidad de presentarse junto a Dami\u00e1n Tessore (guitarras y voces), Rodrigo Acctis (arm\u00f3nica) y Juan Lopez Courtade (percusi\u00f3n). \u201cNos pone muy contentos esta posibilidad y agradecemos a Pablo y a Claudio, que organizan este ciclo\u201d, dijo y coment\u00f3 que basar\u00e1n su show en m\u00fasica argentina, norte\u00f1a y sure\u00f1a, y canciones de Am\u00e9rica Latina. Adem\u00e1s mostrar\u00e1n algunos temas del disco recientemente lanzado, \u201cBajo esta luz\u201d, que se est\u00e1 vendiendo muy bien en las disquer\u00edas locales La Jungla Musical y Casa Magad\u00e1n, y tambi\u00e9n puede encargarse a trav\u00e9s de Facebook a 200 pesos. \u201cMuchos lo han escuchado y lo recomiendan, otros lo compraron para regalar, estamos muy agradecidos por el apoyo que vamos teniendo\u201d, dijo al respecto Virginia Altube, quien tiene una p\u00e1gina de Facebook y se la puede contactar en <strong><a href=\"https:\/\/www.facebook.com\/altubevirginia\">https:\/\/www.facebook.com\/altubevirginia<\/a><\/strong><\/p>\n<p>\u201cMe gust\u00f3 mucho que nos convoquen. Es un ciclo muy lindo el que llevan adelante en AEFIP, es un espacio muy cuidado\u201d, destac\u00f3 sobre la continuidad que dar\u00e1 con su show a las recientes presentaciones en ese lugar de Cassiana Torres y Adriana Sosa.<\/p>\n<p>Luego de esta presentaci\u00f3n en diciembre, Altube se tomar\u00eda un descanso para retomar en enero con presentaciones en Capilla del Monte, C\u00f3rdoba, junto a Nahuel Roman\u00ed.<\/p>\n","protected":false},"excerpt":{"rendered":"<p>La cantante Virginia Altube tras su show en La Dumer prepara un nuevo episodio de su repertorio de boleros con Amalia Guaragna, que tendr\u00e1 lugar en la escuela Normal el 1 de diciembre, pero adem\u00e1s anuncia un cierre de a\u00f1o junto a su grupo de m\u00fasicos en el ciclo de la sede de AEFIP Mercedes [&hellip;]<\/p>\n","protected":false},"author":2,"featured_media":6368,"comment_status":"open","ping_status":"open","sticky":false,"template":"","format":"standard","meta":{"footnotes":""},"categories":[4],"tags":[355,1775,1266,164],"class_list":["post-6367","post","type-post","status-publish","format-standard","has-post-thumbnail","hentry","category-cultura","tag-aefip","tag-bajo-esa-luz","tag-pablo-stasiuk","tag-virginia-altube"],"yoast_head":"<!-- This site is optimized with the Yoast SEO plugin v27.4 - https:\/\/yoast.com\/product\/yoast-seo-wordpress\/ -->\n<title>Virginia Altube, feliz por la repercusi\u00f3n de su disco, se presentar\u00e1 en AEFIP<\/title>\n<meta name=\"robots\" content=\"index, follow, max-snippet:-1, max-image-preview:large, max-video-preview:-1\" \/>\n<link rel=\"canonical\" href=\"https:\/\/noticiasmercedinas.com\/site\/2018\/11\/08\/virginia-altube-feliz-por-la-repercusion-de-su-disco-se-presentara-en-aefip\/\" \/>\n<meta property=\"og:locale\" content=\"es_ES\" \/>\n<meta property=\"og:type\" content=\"article\" \/>\n<meta property=\"og:title\" content=\"Virginia Altube, feliz por la repercusi\u00f3n de su disco, se presentar\u00e1 en AEFIP\" \/>\n<meta property=\"og:description\" content=\"La cantante Virginia Altube tras su show en La Dumer prepara un nuevo episodio de su repertorio de boleros con Amalia Guaragna, que tendr\u00e1 lugar en la escuela Normal el 1 de diciembre, pero adem\u00e1s anuncia un cierre de a\u00f1o junto a su grupo de m\u00fasicos en el ciclo de la sede de AEFIP Mercedes [&hellip;]\" \/>\n<meta property=\"og:url\" content=\"https:\/\/noticiasmercedinas.com\/site\/2018\/11\/08\/virginia-altube-feliz-por-la-repercusion-de-su-disco-se-presentara-en-aefip\/\" \/>\n<meta property=\"og:site_name\" content=\"NOTICIASMERCEDINAS.COM\" \/>\n<meta property=\"article:publisher\" content=\"https:\/\/www.facebook.com\/noticiasmercedinas\/\" \/>\n<meta property=\"article:author\" content=\"https:\/\/www.facebook.com\/cristian.falabella\" \/>\n<meta property=\"article:published_time\" content=\"2018-11-08T20:47:08+00:00\" \/>\n<meta property=\"article:modified_time\" content=\"2018-11-08T22:40:44+00:00\" \/>\n<meta property=\"og:image\" content=\"https:\/\/noticiasmercedinas.com\/site\/wp-content\/uploads\/2018\/11\/45743088_10217530507320300_4806077389295583232_n.jpg\" \/>\n\t<meta property=\"og:image:width\" content=\"720\" \/>\n\t<meta property=\"og:image:height\" content=\"491\" \/>\n\t<meta property=\"og:image:type\" content=\"image\/jpeg\" \/>\n<meta name=\"author\" content=\"Cristian Falabella NOTICIASMERCEDINAS.COM\" \/>\n<meta name=\"twitter:card\" content=\"summary_large_image\" \/>\n<meta name=\"twitter:creator\" content=\"@https:\/\/twitter.com\/NOTMERCEDINAS\" \/>\n<meta name=\"twitter:site\" content=\"@notmercedinas\" \/>\n<meta name=\"twitter:label1\" content=\"Escrito por\" \/>\n\t<meta name=\"twitter:data1\" content=\"Cristian Falabella NOTICIASMERCEDINAS.COM\" \/>\n\t<meta name=\"twitter:label2\" content=\"Tiempo de lectura\" \/>\n\t<meta name=\"twitter:data2\" content=\"2 minutos\" \/>\n<script type=\"application\/ld+json\" class=\"yoast-schema-graph\">{\"@context\":\"https:\\\/\\\/schema.org\",\"@graph\":[{\"@type\":\"Article\",\"@id\":\"https:\\\/\\\/noticiasmercedinas.com\\\/site\\\/2018\\\/11\\\/08\\\/virginia-altube-feliz-por-la-repercusion-de-su-disco-se-presentara-en-aefip\\\/#article\",\"isPartOf\":{\"@id\":\"https:\\\/\\\/noticiasmercedinas.com\\\/site\\\/2018\\\/11\\\/08\\\/virginia-altube-feliz-por-la-repercusion-de-su-disco-se-presentara-en-aefip\\\/\"},\"author\":{\"name\":\"Cristian Falabella NOTICIASMERCEDINAS.COM\",\"@id\":\"https:\\\/\\\/noticiasmercedinas.com\\\/site\\\/#\\\/schema\\\/person\\\/d481a9696a5feaec13a60e2bbd991a6a\"},\"headline\":\"Virginia Altube, feliz por la repercusi\u00f3n de su disco, se presentar\u00e1 en AEFIP\",\"datePublished\":\"2018-11-08T20:47:08+00:00\",\"dateModified\":\"2018-11-08T22:40:44+00:00\",\"mainEntityOfPage\":{\"@id\":\"https:\\\/\\\/noticiasmercedinas.com\\\/site\\\/2018\\\/11\\\/08\\\/virginia-altube-feliz-por-la-repercusion-de-su-disco-se-presentara-en-aefip\\\/\"},\"wordCount\":352,\"commentCount\":0,\"publisher\":{\"@id\":\"https:\\\/\\\/noticiasmercedinas.com\\\/site\\\/#organization\"},\"image\":{\"@id\":\"https:\\\/\\\/noticiasmercedinas.com\\\/site\\\/2018\\\/11\\\/08\\\/virginia-altube-feliz-por-la-repercusion-de-su-disco-se-presentara-en-aefip\\\/#primaryimage\"},\"thumbnailUrl\":\"https:\\\/\\\/noticiasmercedinas.com\\\/site\\\/wp-content\\\/uploads\\\/2018\\\/11\\\/45743088_10217530507320300_4806077389295583232_n.jpg\",\"keywords\":[\"aefip\",\"bajo esa luz\",\"pablo stasiuk\",\"virginia altube\"],\"articleSection\":[\"Cultura\"],\"inLanguage\":\"es\",\"potentialAction\":[{\"@type\":\"CommentAction\",\"name\":\"Comment\",\"target\":[\"https:\\\/\\\/noticiasmercedinas.com\\\/site\\\/2018\\\/11\\\/08\\\/virginia-altube-feliz-por-la-repercusion-de-su-disco-se-presentara-en-aefip\\\/#respond\"]}]},{\"@type\":\"WebPage\",\"@id\":\"https:\\\/\\\/noticiasmercedinas.com\\\/site\\\/2018\\\/11\\\/08\\\/virginia-altube-feliz-por-la-repercusion-de-su-disco-se-presentara-en-aefip\\\/\",\"url\":\"https:\\\/\\\/noticiasmercedinas.com\\\/site\\\/2018\\\/11\\\/08\\\/virginia-altube-feliz-por-la-repercusion-de-su-disco-se-presentara-en-aefip\\\/\",\"name\":\"Virginia Altube, feliz por la repercusi\u00f3n de su disco, se presentar\u00e1 en AEFIP\",\"isPartOf\":{\"@id\":\"https:\\\/\\\/noticiasmercedinas.com\\\/site\\\/#website\"},\"primaryImageOfPage\":{\"@id\":\"https:\\\/\\\/noticiasmercedinas.com\\\/site\\\/2018\\\/11\\\/08\\\/virginia-altube-feliz-por-la-repercusion-de-su-disco-se-presentara-en-aefip\\\/#primaryimage\"},\"image\":{\"@id\":\"https:\\\/\\\/noticiasmercedinas.com\\\/site\\\/2018\\\/11\\\/08\\\/virginia-altube-feliz-por-la-repercusion-de-su-disco-se-presentara-en-aefip\\\/#primaryimage\"},\"thumbnailUrl\":\"https:\\\/\\\/noticiasmercedinas.com\\\/site\\\/wp-content\\\/uploads\\\/2018\\\/11\\\/45743088_10217530507320300_4806077389295583232_n.jpg\",\"datePublished\":\"2018-11-08T20:47:08+00:00\",\"dateModified\":\"2018-11-08T22:40:44+00:00\",\"breadcrumb\":{\"@id\":\"https:\\\/\\\/noticiasmercedinas.com\\\/site\\\/2018\\\/11\\\/08\\\/virginia-altube-feliz-por-la-repercusion-de-su-disco-se-presentara-en-aefip\\\/#breadcrumb\"},\"inLanguage\":\"es\",\"potentialAction\":[{\"@type\":\"ReadAction\",\"target\":[\"https:\\\/\\\/noticiasmercedinas.com\\\/site\\\/2018\\\/11\\\/08\\\/virginia-altube-feliz-por-la-repercusion-de-su-disco-se-presentara-en-aefip\\\/\"]}]},{\"@type\":\"ImageObject\",\"inLanguage\":\"es\",\"@id\":\"https:\\\/\\\/noticiasmercedinas.com\\\/site\\\/2018\\\/11\\\/08\\\/virginia-altube-feliz-por-la-repercusion-de-su-disco-se-presentara-en-aefip\\\/#primaryimage\",\"url\":\"https:\\\/\\\/noticiasmercedinas.com\\\/site\\\/wp-content\\\/uploads\\\/2018\\\/11\\\/45743088_10217530507320300_4806077389295583232_n.jpg\",\"contentUrl\":\"https:\\\/\\\/noticiasmercedinas.com\\\/site\\\/wp-content\\\/uploads\\\/2018\\\/11\\\/45743088_10217530507320300_4806077389295583232_n.jpg\",\"width\":720,\"height\":491},{\"@type\":\"BreadcrumbList\",\"@id\":\"https:\\\/\\\/noticiasmercedinas.com\\\/site\\\/2018\\\/11\\\/08\\\/virginia-altube-feliz-por-la-repercusion-de-su-disco-se-presentara-en-aefip\\\/#breadcrumb\",\"itemListElement\":[{\"@type\":\"ListItem\",\"position\":1,\"name\":\"Portada\",\"item\":\"https:\\\/\\\/noticiasmercedinas.com\\\/site\\\/\"},{\"@type\":\"ListItem\",\"position\":2,\"name\":\"Virginia Altube, feliz por la repercusi\u00f3n de su disco, se presentar\u00e1 en AEFIP\"}]},{\"@type\":\"WebSite\",\"@id\":\"https:\\\/\\\/noticiasmercedinas.com\\\/site\\\/#website\",\"url\":\"https:\\\/\\\/noticiasmercedinas.com\\\/site\\\/\",\"name\":\"NOTICIASMERCEDINAS.COM\",\"description\":\"Mercedes, Buenos Aires, Argentina\",\"publisher\":{\"@id\":\"https:\\\/\\\/noticiasmercedinas.com\\\/site\\\/#organization\"},\"potentialAction\":[{\"@type\":\"SearchAction\",\"target\":{\"@type\":\"EntryPoint\",\"urlTemplate\":\"https:\\\/\\\/noticiasmercedinas.com\\\/site\\\/?s={search_term_string}\"},\"query-input\":{\"@type\":\"PropertyValueSpecification\",\"valueRequired\":true,\"valueName\":\"search_term_string\"}}],\"inLanguage\":\"es\"},{\"@type\":\"Organization\",\"@id\":\"https:\\\/\\\/noticiasmercedinas.com\\\/site\\\/#organization\",\"name\":\"NOTICIASMERCEDINAS.COM\",\"url\":\"https:\\\/\\\/noticiasmercedinas.com\\\/site\\\/\",\"logo\":{\"@type\":\"ImageObject\",\"inLanguage\":\"es\",\"@id\":\"https:\\\/\\\/noticiasmercedinas.com\\\/site\\\/#\\\/schema\\\/logo\\\/image\\\/\",\"url\":\"https:\\\/\\\/noticiasmercedinas.com\\\/site\\\/wp-content\\\/uploads\\\/2020\\\/06\\\/LOGO-512.jpg\",\"contentUrl\":\"https:\\\/\\\/noticiasmercedinas.com\\\/site\\\/wp-content\\\/uploads\\\/2020\\\/06\\\/LOGO-512.jpg\",\"width\":512,\"height\":512,\"caption\":\"NOTICIASMERCEDINAS.COM\"},\"image\":{\"@id\":\"https:\\\/\\\/noticiasmercedinas.com\\\/site\\\/#\\\/schema\\\/logo\\\/image\\\/\"},\"sameAs\":[\"https:\\\/\\\/www.facebook.com\\\/noticiasmercedinas\\\/\",\"https:\\\/\\\/x.com\\\/notmercedinas\",\"https:\\\/\\\/www.instagram.com\\\/noticiasmercedinas\\\/\"]},{\"@type\":\"Person\",\"@id\":\"https:\\\/\\\/noticiasmercedinas.com\\\/site\\\/#\\\/schema\\\/person\\\/d481a9696a5feaec13a60e2bbd991a6a\",\"name\":\"Cristian Falabella NOTICIASMERCEDINAS.COM\",\"image\":{\"@type\":\"ImageObject\",\"inLanguage\":\"es\",\"@id\":\"https:\\\/\\\/secure.gravatar.com\\\/avatar\\\/0dbbfc45970cc46bcd0e57766228574ff3511d6eed045b182f536f0f478c1f06?s=96&d=mm&r=g\",\"url\":\"https:\\\/\\\/secure.gravatar.com\\\/avatar\\\/0dbbfc45970cc46bcd0e57766228574ff3511d6eed045b182f536f0f478c1f06?s=96&d=mm&r=g\",\"contentUrl\":\"https:\\\/\\\/secure.gravatar.com\\\/avatar\\\/0dbbfc45970cc46bcd0e57766228574ff3511d6eed045b182f536f0f478c1f06?s=96&d=mm&r=g\",\"caption\":\"Cristian Falabella NOTICIASMERCEDINAS.COM\"},\"description\":\"Periodista, editor de Noticias Mercedinas. Pas\u00f3 por varias redacciones y emprendimientos de prensa, en distintos formatos y \u00e9pocas. Se especializ\u00f3 --y sigue haci\u00e9ndolo-- en comunicaci\u00f3n en la web y en junio de 2006 fund\u00f3 este diario digital.\",\"sameAs\":[\"https:\\\/\\\/noticiasmercedinas.com\",\"https:\\\/\\\/www.facebook.com\\\/cristian.falabella\",\"https:\\\/\\\/www.instagram.com\\\/noticiasmercedinas\\\/\",\"https:\\\/\\\/x.com\\\/https:\\\/\\\/twitter.com\\\/NOTMERCEDINAS\"],\"url\":\"https:\\\/\\\/noticiasmercedinas.com\\\/site\\\/author\\\/as000384\\\/\"}]}<\/script>\n<!-- \/ Yoast SEO plugin. -->","yoast_head_json":{"title":"Virginia Altube, feliz por la repercusi\u00f3n de su disco, se presentar\u00e1 en AEFIP","robots":{"index":"index","follow":"follow","max-snippet":"max-snippet:-1","max-image-preview":"max-image-preview:large","max-video-preview":"max-video-preview:-1"},"canonical":"https:\/\/noticiasmercedinas.com\/site\/2018\/11\/08\/virginia-altube-feliz-por-la-repercusion-de-su-disco-se-presentara-en-aefip\/","og_locale":"es_ES","og_type":"article","og_title":"Virginia Altube, feliz por la repercusi\u00f3n de su disco, se presentar\u00e1 en AEFIP","og_description":"La cantante Virginia Altube tras su show en La Dumer prepara un nuevo episodio de su repertorio de boleros con Amalia Guaragna, que tendr\u00e1 lugar en la escuela Normal el 1 de diciembre, pero adem\u00e1s anuncia un cierre de a\u00f1o junto a su grupo de m\u00fasicos en el ciclo de la sede de AEFIP Mercedes [&hellip;]","og_url":"https:\/\/noticiasmercedinas.com\/site\/2018\/11\/08\/virginia-altube-feliz-por-la-repercusion-de-su-disco-se-presentara-en-aefip\/","og_site_name":"NOTICIASMERCEDINAS.COM","article_publisher":"https:\/\/www.facebook.com\/noticiasmercedinas\/","article_author":"https:\/\/www.facebook.com\/cristian.falabella","article_published_time":"2018-11-08T20:47:08+00:00","article_modified_time":"2018-11-08T22:40:44+00:00","og_image":[{"width":720,"height":491,"url":"https:\/\/noticiasmercedinas.com\/site\/wp-content\/uploads\/2018\/11\/45743088_10217530507320300_4806077389295583232_n.jpg","type":"image\/jpeg"}],"author":"Cristian Falabella NOTICIASMERCEDINAS.COM","twitter_card":"summary_large_image","twitter_creator":"@https:\/\/twitter.com\/NOTMERCEDINAS","twitter_site":"@notmercedinas","twitter_misc":{"Escrito por":"Cristian Falabella NOTICIASMERCEDINAS.COM","Tiempo de lectura":"2 minutos"},"schema":{"@context":"https:\/\/schema.org","@graph":[{"@type":"Article","@id":"https:\/\/noticiasmercedinas.com\/site\/2018\/11\/08\/virginia-altube-feliz-por-la-repercusion-de-su-disco-se-presentara-en-aefip\/#article","isPartOf":{"@id":"https:\/\/noticiasmercedinas.com\/site\/2018\/11\/08\/virginia-altube-feliz-por-la-repercusion-de-su-disco-se-presentara-en-aefip\/"},"author":{"name":"Cristian Falabella NOTICIASMERCEDINAS.COM","@id":"https:\/\/noticiasmercedinas.com\/site\/#\/schema\/person\/d481a9696a5feaec13a60e2bbd991a6a"},"headline":"Virginia Altube, feliz por la repercusi\u00f3n de su disco, se presentar\u00e1 en AEFIP","datePublished":"2018-11-08T20:47:08+00:00","dateModified":"2018-11-08T22:40:44+00:00","mainEntityOfPage":{"@id":"https:\/\/noticiasmercedinas.com\/site\/2018\/11\/08\/virginia-altube-feliz-por-la-repercusion-de-su-disco-se-presentara-en-aefip\/"},"wordCount":352,"commentCount":0,"publisher":{"@id":"https:\/\/noticiasmercedinas.com\/site\/#organization"},"image":{"@id":"https:\/\/noticiasmercedinas.com\/site\/2018\/11\/08\/virginia-altube-feliz-por-la-repercusion-de-su-disco-se-presentara-en-aefip\/#primaryimage"},"thumbnailUrl":"https:\/\/noticiasmercedinas.com\/site\/wp-content\/uploads\/2018\/11\/45743088_10217530507320300_4806077389295583232_n.jpg","keywords":["aefip","bajo esa luz","pablo stasiuk","virginia altube"],"articleSection":["Cultura"],"inLanguage":"es","potentialAction":[{"@type":"CommentAction","name":"Comment","target":["https:\/\/noticiasmercedinas.com\/site\/2018\/11\/08\/virginia-altube-feliz-por-la-repercusion-de-su-disco-se-presentara-en-aefip\/#respond"]}]},{"@type":"WebPage","@id":"https:\/\/noticiasmercedinas.com\/site\/2018\/11\/08\/virginia-altube-feliz-por-la-repercusion-de-su-disco-se-presentara-en-aefip\/","url":"https:\/\/noticiasmercedinas.com\/site\/2018\/11\/08\/virginia-altube-feliz-por-la-repercusion-de-su-disco-se-presentara-en-aefip\/","name":"Virginia Altube, feliz por la repercusi\u00f3n de su disco, se presentar\u00e1 en AEFIP","isPartOf":{"@id":"https:\/\/noticiasmercedinas.com\/site\/#website"},"primaryImageOfPage":{"@id":"https:\/\/noticiasmercedinas.com\/site\/2018\/11\/08\/virginia-altube-feliz-por-la-repercusion-de-su-disco-se-presentara-en-aefip\/#primaryimage"},"image":{"@id":"https:\/\/noticiasmercedinas.com\/site\/2018\/11\/08\/virginia-altube-feliz-por-la-repercusion-de-su-disco-se-presentara-en-aefip\/#primaryimage"},"thumbnailUrl":"https:\/\/noticiasmercedinas.com\/site\/wp-content\/uploads\/2018\/11\/45743088_10217530507320300_4806077389295583232_n.jpg","datePublished":"2018-11-08T20:47:08+00:00","dateModified":"2018-11-08T22:40:44+00:00","breadcrumb":{"@id":"https:\/\/noticiasmercedinas.com\/site\/2018\/11\/08\/virginia-altube-feliz-por-la-repercusion-de-su-disco-se-presentara-en-aefip\/#breadcrumb"},"inLanguage":"es","potentialAction":[{"@type":"ReadAction","target":["https:\/\/noticiasmercedinas.com\/site\/2018\/11\/08\/virginia-altube-feliz-por-la-repercusion-de-su-disco-se-presentara-en-aefip\/"]}]},{"@type":"ImageObject","inLanguage":"es","@id":"https:\/\/noticiasmercedinas.com\/site\/2018\/11\/08\/virginia-altube-feliz-por-la-repercusion-de-su-disco-se-presentara-en-aefip\/#primaryimage","url":"https:\/\/noticiasmercedinas.com\/site\/wp-content\/uploads\/2018\/11\/45743088_10217530507320300_4806077389295583232_n.jpg","contentUrl":"https:\/\/noticiasmercedinas.com\/site\/wp-content\/uploads\/2018\/11\/45743088_10217530507320300_4806077389295583232_n.jpg","width":720,"height":491},{"@type":"BreadcrumbList","@id":"https:\/\/noticiasmercedinas.com\/site\/2018\/11\/08\/virginia-altube-feliz-por-la-repercusion-de-su-disco-se-presentara-en-aefip\/#breadcrumb","itemListElement":[{"@type":"ListItem","position":1,"name":"Portada","item":"https:\/\/noticiasmercedinas.com\/site\/"},{"@type":"ListItem","position":2,"name":"Virginia Altube, feliz por la repercusi\u00f3n de su disco, se presentar\u00e1 en AEFIP"}]},{"@type":"WebSite","@id":"https:\/\/noticiasmercedinas.com\/site\/#website","url":"https:\/\/noticiasmercedinas.com\/site\/","name":"NOTICIASMERCEDINAS.COM","description":"Mercedes, Buenos Aires, Argentina","publisher":{"@id":"https:\/\/noticiasmercedinas.com\/site\/#organization"},"potentialAction":[{"@type":"SearchAction","target":{"@type":"EntryPoint","urlTemplate":"https:\/\/noticiasmercedinas.com\/site\/?s={search_term_string}"},"query-input":{"@type":"PropertyValueSpecification","valueRequired":true,"valueName":"search_term_string"}}],"inLanguage":"es"},{"@type":"Organization","@id":"https:\/\/noticiasmercedinas.com\/site\/#organization","name":"NOTICIASMERCEDINAS.COM","url":"https:\/\/noticiasmercedinas.com\/site\/","logo":{"@type":"ImageObject","inLanguage":"es","@id":"https:\/\/noticiasmercedinas.com\/site\/#\/schema\/logo\/image\/","url":"https:\/\/noticiasmercedinas.com\/site\/wp-content\/uploads\/2020\/06\/LOGO-512.jpg","contentUrl":"https:\/\/noticiasmercedinas.com\/site\/wp-content\/uploads\/2020\/06\/LOGO-512.jpg","width":512,"height":512,"caption":"NOTICIASMERCEDINAS.COM"},"image":{"@id":"https:\/\/noticiasmercedinas.com\/site\/#\/schema\/logo\/image\/"},"sameAs":["https:\/\/www.facebook.com\/noticiasmercedinas\/","https:\/\/x.com\/notmercedinas","https:\/\/www.instagram.com\/noticiasmercedinas\/"]},{"@type":"Person","@id":"https:\/\/noticiasmercedinas.com\/site\/#\/schema\/person\/d481a9696a5feaec13a60e2bbd991a6a","name":"Cristian Falabella NOTICIASMERCEDINAS.COM","image":{"@type":"ImageObject","inLanguage":"es","@id":"https:\/\/secure.gravatar.com\/avatar\/0dbbfc45970cc46bcd0e57766228574ff3511d6eed045b182f536f0f478c1f06?s=96&d=mm&r=g","url":"https:\/\/secure.gravatar.com\/avatar\/0dbbfc45970cc46bcd0e57766228574ff3511d6eed045b182f536f0f478c1f06?s=96&d=mm&r=g","contentUrl":"https:\/\/secure.gravatar.com\/avatar\/0dbbfc45970cc46bcd0e57766228574ff3511d6eed045b182f536f0f478c1f06?s=96&d=mm&r=g","caption":"Cristian Falabella NOTICIASMERCEDINAS.COM"},"description":"Periodista, editor de Noticias Mercedinas. Pas\u00f3 por varias redacciones y emprendimientos de prensa, en distintos formatos y \u00e9pocas. Se especializ\u00f3 --y sigue haci\u00e9ndolo-- en comunicaci\u00f3n en la web y en junio de 2006 fund\u00f3 este diario digital.","sameAs":["https:\/\/noticiasmercedinas.com","https:\/\/www.facebook.com\/cristian.falabella","https:\/\/www.instagram.com\/noticiasmercedinas\/","https:\/\/x.com\/https:\/\/twitter.com\/NOTMERCEDINAS"],"url":"https:\/\/noticiasmercedinas.com\/site\/author\/as000384\/"}]}},"amp_enabled":true,"_links":{"self":[{"href":"https:\/\/noticiasmercedinas.com\/site\/wp-json\/wp\/v2\/posts\/6367","targetHints":{"allow":["GET"]}}],"collection":[{"href":"https:\/\/noticiasmercedinas.com\/site\/wp-json\/wp\/v2\/posts"}],"about":[{"href":"https:\/\/noticiasmercedinas.com\/site\/wp-json\/wp\/v2\/types\/post"}],"author":[{"embeddable":true,"href":"https:\/\/noticiasmercedinas.com\/site\/wp-json\/wp\/v2\/users\/2"}],"replies":[{"embeddable":true,"href":"https:\/\/noticiasmercedinas.com\/site\/wp-json\/wp\/v2\/comments?post=6367"}],"version-history":[{"count":2,"href":"https:\/\/noticiasmercedinas.com\/site\/wp-json\/wp\/v2\/posts\/6367\/revisions"}],"predecessor-version":[{"id":6370,"href":"https:\/\/noticiasmercedinas.com\/site\/wp-json\/wp\/v2\/posts\/6367\/revisions\/6370"}],"wp:featuredmedia":[{"embeddable":true,"href":"https:\/\/noticiasmercedinas.com\/site\/wp-json\/wp\/v2\/media\/6368"}],"wp:attachment":[{"href":"https:\/\/noticiasmercedinas.com\/site\/wp-json\/wp\/v2\/media?parent=6367"}],"wp:term":[{"taxonomy":"category","embeddable":true,"href":"https:\/\/noticiasmercedinas.com\/site\/wp-json\/wp\/v2\/categories?post=6367"},{"taxonomy":"post_tag","embeddable":true,"href":"https:\/\/noticiasmercedinas.com\/site\/wp-json\/wp\/v2\/tags?post=6367"}],"curies":[{"name":"wp","href":"https:\/\/api.w.org\/{rel}","templated":true}]}}