{"id":6390,"date":"2018-11-09T08:08:48","date_gmt":"2018-11-09T11:08:48","guid":{"rendered":"https:\/\/noticiasmercedinas.com\/site\/?p=6390"},"modified":"2018-11-09T08:08:48","modified_gmt":"2018-11-09T11:08:48","slug":"tres-dias-de-musica-en-fiesta-del-dia-de-la-tradicion","status":"publish","type":"post","link":"https:\/\/noticiasmercedinas.com\/site\/2018\/11\/09\/tres-dias-de-musica-en-fiesta-del-dia-de-la-tradicion\/","title":{"rendered":"Tres d\u00edas de m\u00fasica en Fiesta del D\u00eda de la Tradici\u00f3n"},"content":{"rendered":"<p><img loading=\"lazy\" decoding=\"async\" class=\"alignnone size-full wp-image-6391\" src=\"https:\/\/noticiasmercedinas.com\/site\/wp-content\/uploads\/2018\/11\/3-4.jpg\" alt=\"\" width=\"911\" height=\"608\" srcset=\"https:\/\/noticiasmercedinas.com\/site\/wp-content\/uploads\/2018\/11\/3-4.jpg 911w, https:\/\/noticiasmercedinas.com\/site\/wp-content\/uploads\/2018\/11\/3-4-300x200.jpg 300w, https:\/\/noticiasmercedinas.com\/site\/wp-content\/uploads\/2018\/11\/3-4-768x513.jpg 768w, https:\/\/noticiasmercedinas.com\/site\/wp-content\/uploads\/2018\/11\/3-4-640x427.jpg 640w, https:\/\/noticiasmercedinas.com\/site\/wp-content\/uploads\/2018\/11\/3-4-681x454.jpg 681w\" sizes=\"auto, (max-width: 911px) 100vw, 911px\" \/><\/p>\n<p style=\"font-weight: 400;\">Por tercer a\u00f1o consecutivo, y afirm\u00e1ndose como una conmemoraci\u00f3n m\u00e1s dentro de la gran agenda festivalera de la ciudad, la Fiesta de La Tradici\u00f3n se har\u00e1 en nuestra ciudad.<\/p>\n<p style=\"font-weight: 400;\">El intendente Juan Ustarroz, junto al secretario de Gobierno,\u00a0 Juan Pablo L\u00f3pez, y los integrantes del grupo Amigos Pe\u00f1eros dieron a conocer las fechas de esta tercera edici\u00f3n. Se desarrollar\u00e1 el viernes 23, s\u00e1bado 24 y domingo 25 de noviembre. Ser\u00e1n tres d\u00edas de fiesta popular, libre y gratuita para todos los vecinos.<\/p>\n<p style=\"font-weight: 400;\">En esta ocasi\u00f3n el emplazamiento se desdoblar\u00e1: la primera jornada se efectuar\u00e1 en el Centro Cultural La Trocha, mientras que las dos fechas restantes se dar\u00e1n cita en el parque Municipal Independencia (sector nuevo) aprovechando que ambos espacios fueron recuperados para todas las familias.<\/p>\n<p style=\"font-weight: 400;\">\u201cYa tuvimos dos fiestas excelentes y vamos por una tercera con el objetivo de que salga mejor a\u00fan, por eso convocamos a toda la comunidad a participar, que se sume y disfrute de esta gran fiesta que vino para quedarse\u201d, remarc\u00f3 el intendente Ustarroz.<\/p>\n<p style=\"font-weight: 400;\">La fiesta contar\u00e1 con el ya acostumbrado desfile gaucho, fog\u00f3n criollo, habr\u00e1 ballet de danzas nativas y una extensa lista de artistas que le dar\u00e1n m\u00fasica y color a cada una de las jornadas. Adem\u00e1s, en esta oportunidad se suman actividades en el campo &#8211; carreras de cuero, destrezas, etc- que le dar\u00e1n un nuevo marco a la ya instaurada celebraci\u00f3n.<\/p>\n<p style=\"font-weight: 400;\">El secretario de Gobierno, Juan Pablo L\u00f3pez Baggio, expres\u00f3: \u201cEs una alegr\u00eda poder contar con la compa\u00f1\u00eda y la organizaci\u00f3n de los Amigos Pe\u00f1eros que tanto esfuerzo ponen durante el a\u00f1o para lograr un evento de tanta calidad y tan destacado\u201d y sostuvo que \u201cdesde Mercedes queremos darle nuestra impronta, con las caracter\u00edsticas que le tiene el Municipio para todos los eventos populares\u201d.<\/p>\n<p><img loading=\"lazy\" decoding=\"async\" class=\"alignnone size-large wp-image-6392\" src=\"https:\/\/noticiasmercedinas.com\/site\/wp-content\/uploads\/2018\/11\/4-1-1024x566.jpg\" alt=\"\" width=\"640\" height=\"354\" srcset=\"https:\/\/noticiasmercedinas.com\/site\/wp-content\/uploads\/2018\/11\/4-1-1024x566.jpg 1024w, https:\/\/noticiasmercedinas.com\/site\/wp-content\/uploads\/2018\/11\/4-1-300x166.jpg 300w, https:\/\/noticiasmercedinas.com\/site\/wp-content\/uploads\/2018\/11\/4-1-768x424.jpg 768w, https:\/\/noticiasmercedinas.com\/site\/wp-content\/uploads\/2018\/11\/4-1-640x354.jpg 640w, https:\/\/noticiasmercedinas.com\/site\/wp-content\/uploads\/2018\/11\/4-1-681x376.jpg 681w, https:\/\/noticiasmercedinas.com\/site\/wp-content\/uploads\/2018\/11\/4-1.jpg 1100w\" sizes=\"auto, (max-width: 640px) 100vw, 640px\" \/><\/p>\n<p style=\"font-weight: 400;\"><strong>Desarrollo<br \/>\n<\/strong>Guillermo Vola, parte integral de la comisi\u00f3n de los Amigos Pe\u00f1eros, dijo: \u201cEstamos muy agradecidos con el Municipio por acompa\u00f1arnos siempre. Esta celebraci\u00f3n naci\u00f3 por el 2016 cuando el se\u00f1or intendente nos brind\u00f3 su fuerte apoyo para poder hacer esta fiesta\u201d.<\/p>\n<p style=\"font-weight: 400;\">Adem\u00e1s, adelant\u00f3 que \u201ceste a\u00f1o vamos a tener actividades en el campo, y con mucho folclore, apoyando a los artistas locales, los ballets y a todos los centros tradicionalistas\u201d. Y recalc\u00f3 \u201cel gran apoyo que reciben todos estos Centros por parte del Dr. Ustarroz, esta es una gesti\u00f3n que colabora y aporta mucho a la tradici\u00f3n, al folclore, las danzas nativas, los m\u00fasicos y sobre todo al gaucho que estaba olvidado\u201d.<\/p>\n<p style=\"font-weight: 400;\">Por su parte, H\u00e9ctor Lovatti, otro integrante de la comisi\u00f3n anticip\u00f3 que \u201cel s\u00e1bado 24 vamos a tener carreras de cuero, destrezas y el domingo 25 haremos el desfile en la Av. 40 como ya lo venimos haciendo, as\u00ed que los esperamos a todos a pasar una jornada muy linda\u201d.<\/p>\n","protected":false},"excerpt":{"rendered":"<p>Por tercer a\u00f1o consecutivo, y afirm\u00e1ndose como una conmemoraci\u00f3n m\u00e1s dentro de la gran agenda festivalera de la ciudad, la Fiesta de La Tradici\u00f3n se har\u00e1 en nuestra ciudad. El intendente Juan Ustarroz, junto al secretario de Gobierno,\u00a0 Juan Pablo L\u00f3pez, y los integrantes del grupo Amigos Pe\u00f1eros dieron a conocer las fechas de esta [&hellip;]<\/p>\n","protected":false},"author":2,"featured_media":6391,"comment_status":"open","ping_status":"open","sticky":false,"template":"","format":"standard","meta":{"footnotes":""},"categories":[4],"tags":[1056,2017,604,88,2016],"class_list":["post-6390","post","type-post","status-publish","format-standard","has-post-thumbnail","hentry","category-cultura","tag-amigos-peneros","tag-desfile","tag-fiesta","tag-musica","tag-tradicion"],"yoast_head":"<!-- This site is optimized with the Yoast SEO plugin v27.5 - https:\/\/yoast.com\/product\/yoast-seo-wordpress\/ -->\n<title>Tres d\u00edas de m\u00fasica en Fiesta del D\u00eda de la Tradici\u00f3n<\/title>\n<meta name=\"robots\" content=\"index, follow, max-snippet:-1, max-image-preview:large, max-video-preview:-1\" \/>\n<link rel=\"canonical\" href=\"https:\/\/noticiasmercedinas.com\/site\/2018\/11\/09\/tres-dias-de-musica-en-fiesta-del-dia-de-la-tradicion\/\" \/>\n<meta property=\"og:locale\" content=\"es_ES\" \/>\n<meta property=\"og:type\" content=\"article\" \/>\n<meta property=\"og:title\" content=\"Tres d\u00edas de m\u00fasica en Fiesta del D\u00eda de la Tradici\u00f3n\" \/>\n<meta property=\"og:description\" content=\"Por tercer a\u00f1o consecutivo, y afirm\u00e1ndose como una conmemoraci\u00f3n m\u00e1s dentro de la gran agenda festivalera de la ciudad, la Fiesta de La Tradici\u00f3n se har\u00e1 en nuestra ciudad. El intendente Juan Ustarroz, junto al secretario de Gobierno,\u00a0 Juan Pablo L\u00f3pez, y los integrantes del grupo Amigos Pe\u00f1eros dieron a conocer las fechas de esta [&hellip;]\" \/>\n<meta property=\"og:url\" content=\"https:\/\/noticiasmercedinas.com\/site\/2018\/11\/09\/tres-dias-de-musica-en-fiesta-del-dia-de-la-tradicion\/\" \/>\n<meta property=\"og:site_name\" content=\"NOTICIASMERCEDINAS.COM\" \/>\n<meta property=\"article:publisher\" content=\"https:\/\/www.facebook.com\/noticiasmercedinas\/\" \/>\n<meta property=\"article:author\" content=\"https:\/\/www.facebook.com\/cristian.falabella\" \/>\n<meta property=\"article:published_time\" content=\"2018-11-09T11:08:48+00:00\" \/>\n<meta property=\"og:image\" content=\"https:\/\/noticiasmercedinas.com\/site\/wp-content\/uploads\/2018\/11\/3-4.jpg\" \/>\n\t<meta property=\"og:image:width\" content=\"911\" \/>\n\t<meta property=\"og:image:height\" content=\"608\" \/>\n\t<meta property=\"og:image:type\" content=\"image\/jpeg\" \/>\n<meta name=\"author\" content=\"Cristian Falabella NOTICIASMERCEDINAS.COM\" \/>\n<meta name=\"twitter:card\" content=\"summary_large_image\" \/>\n<meta name=\"twitter:creator\" content=\"@https:\/\/twitter.com\/NOTMERCEDINAS\" \/>\n<meta name=\"twitter:site\" content=\"@notmercedinas\" \/>\n<meta name=\"twitter:label1\" content=\"Escrito por\" \/>\n\t<meta name=\"twitter:data1\" content=\"Cristian Falabella NOTICIASMERCEDINAS.COM\" \/>\n\t<meta name=\"twitter:label2\" content=\"Tiempo de lectura\" \/>\n\t<meta name=\"twitter:data2\" content=\"2 minutos\" \/>\n<script type=\"application\/ld+json\" class=\"yoast-schema-graph\">{\"@context\":\"https:\\\/\\\/schema.org\",\"@graph\":[{\"@type\":\"Article\",\"@id\":\"https:\\\/\\\/noticiasmercedinas.com\\\/site\\\/2018\\\/11\\\/09\\\/tres-dias-de-musica-en-fiesta-del-dia-de-la-tradicion\\\/#article\",\"isPartOf\":{\"@id\":\"https:\\\/\\\/noticiasmercedinas.com\\\/site\\\/2018\\\/11\\\/09\\\/tres-dias-de-musica-en-fiesta-del-dia-de-la-tradicion\\\/\"},\"author\":{\"name\":\"Cristian Falabella NOTICIASMERCEDINAS.COM\",\"@id\":\"https:\\\/\\\/noticiasmercedinas.com\\\/site\\\/#\\\/schema\\\/person\\\/d481a9696a5feaec13a60e2bbd991a6a\"},\"headline\":\"Tres d\u00edas de m\u00fasica en Fiesta del D\u00eda de la Tradici\u00f3n\",\"datePublished\":\"2018-11-09T11:08:48+00:00\",\"mainEntityOfPage\":{\"@id\":\"https:\\\/\\\/noticiasmercedinas.com\\\/site\\\/2018\\\/11\\\/09\\\/tres-dias-de-musica-en-fiesta-del-dia-de-la-tradicion\\\/\"},\"wordCount\":505,\"commentCount\":0,\"publisher\":{\"@id\":\"https:\\\/\\\/noticiasmercedinas.com\\\/site\\\/#organization\"},\"image\":{\"@id\":\"https:\\\/\\\/noticiasmercedinas.com\\\/site\\\/2018\\\/11\\\/09\\\/tres-dias-de-musica-en-fiesta-del-dia-de-la-tradicion\\\/#primaryimage\"},\"thumbnailUrl\":\"https:\\\/\\\/noticiasmercedinas.com\\\/site\\\/wp-content\\\/uploads\\\/2018\\\/11\\\/3-4.jpg\",\"keywords\":[\"amigos pe\u00f1eros\",\"desfile\",\"fiesta\",\"musica\",\"tradicion\"],\"articleSection\":[\"Cultura\"],\"inLanguage\":\"es\",\"potentialAction\":[{\"@type\":\"CommentAction\",\"name\":\"Comment\",\"target\":[\"https:\\\/\\\/noticiasmercedinas.com\\\/site\\\/2018\\\/11\\\/09\\\/tres-dias-de-musica-en-fiesta-del-dia-de-la-tradicion\\\/#respond\"]}]},{\"@type\":\"WebPage\",\"@id\":\"https:\\\/\\\/noticiasmercedinas.com\\\/site\\\/2018\\\/11\\\/09\\\/tres-dias-de-musica-en-fiesta-del-dia-de-la-tradicion\\\/\",\"url\":\"https:\\\/\\\/noticiasmercedinas.com\\\/site\\\/2018\\\/11\\\/09\\\/tres-dias-de-musica-en-fiesta-del-dia-de-la-tradicion\\\/\",\"name\":\"Tres d\u00edas de m\u00fasica en Fiesta del D\u00eda de la Tradici\u00f3n\",\"isPartOf\":{\"@id\":\"https:\\\/\\\/noticiasmercedinas.com\\\/site\\\/#website\"},\"primaryImageOfPage\":{\"@id\":\"https:\\\/\\\/noticiasmercedinas.com\\\/site\\\/2018\\\/11\\\/09\\\/tres-dias-de-musica-en-fiesta-del-dia-de-la-tradicion\\\/#primaryimage\"},\"image\":{\"@id\":\"https:\\\/\\\/noticiasmercedinas.com\\\/site\\\/2018\\\/11\\\/09\\\/tres-dias-de-musica-en-fiesta-del-dia-de-la-tradicion\\\/#primaryimage\"},\"thumbnailUrl\":\"https:\\\/\\\/noticiasmercedinas.com\\\/site\\\/wp-content\\\/uploads\\\/2018\\\/11\\\/3-4.jpg\",\"datePublished\":\"2018-11-09T11:08:48+00:00\",\"breadcrumb\":{\"@id\":\"https:\\\/\\\/noticiasmercedinas.com\\\/site\\\/2018\\\/11\\\/09\\\/tres-dias-de-musica-en-fiesta-del-dia-de-la-tradicion\\\/#breadcrumb\"},\"inLanguage\":\"es\",\"potentialAction\":[{\"@type\":\"ReadAction\",\"target\":[\"https:\\\/\\\/noticiasmercedinas.com\\\/site\\\/2018\\\/11\\\/09\\\/tres-dias-de-musica-en-fiesta-del-dia-de-la-tradicion\\\/\"]}]},{\"@type\":\"ImageObject\",\"inLanguage\":\"es\",\"@id\":\"https:\\\/\\\/noticiasmercedinas.com\\\/site\\\/2018\\\/11\\\/09\\\/tres-dias-de-musica-en-fiesta-del-dia-de-la-tradicion\\\/#primaryimage\",\"url\":\"https:\\\/\\\/noticiasmercedinas.com\\\/site\\\/wp-content\\\/uploads\\\/2018\\\/11\\\/3-4.jpg\",\"contentUrl\":\"https:\\\/\\\/noticiasmercedinas.com\\\/site\\\/wp-content\\\/uploads\\\/2018\\\/11\\\/3-4.jpg\",\"width\":911,\"height\":608},{\"@type\":\"BreadcrumbList\",\"@id\":\"https:\\\/\\\/noticiasmercedinas.com\\\/site\\\/2018\\\/11\\\/09\\\/tres-dias-de-musica-en-fiesta-del-dia-de-la-tradicion\\\/#breadcrumb\",\"itemListElement\":[{\"@type\":\"ListItem\",\"position\":1,\"name\":\"Portada\",\"item\":\"https:\\\/\\\/noticiasmercedinas.com\\\/site\\\/\"},{\"@type\":\"ListItem\",\"position\":2,\"name\":\"Tres d\u00edas de m\u00fasica en Fiesta del D\u00eda de la Tradici\u00f3n\"}]},{\"@type\":\"WebSite\",\"@id\":\"https:\\\/\\\/noticiasmercedinas.com\\\/site\\\/#website\",\"url\":\"https:\\\/\\\/noticiasmercedinas.com\\\/site\\\/\",\"name\":\"NOTICIASMERCEDINAS.COM\",\"description\":\"Mercedes, Buenos Aires, Argentina\",\"publisher\":{\"@id\":\"https:\\\/\\\/noticiasmercedinas.com\\\/site\\\/#organization\"},\"potentialAction\":[{\"@type\":\"SearchAction\",\"target\":{\"@type\":\"EntryPoint\",\"urlTemplate\":\"https:\\\/\\\/noticiasmercedinas.com\\\/site\\\/?s={search_term_string}\"},\"query-input\":{\"@type\":\"PropertyValueSpecification\",\"valueRequired\":true,\"valueName\":\"search_term_string\"}}],\"inLanguage\":\"es\"},{\"@type\":\"Organization\",\"@id\":\"https:\\\/\\\/noticiasmercedinas.com\\\/site\\\/#organization\",\"name\":\"NOTICIASMERCEDINAS.COM\",\"url\":\"https:\\\/\\\/noticiasmercedinas.com\\\/site\\\/\",\"logo\":{\"@type\":\"ImageObject\",\"inLanguage\":\"es\",\"@id\":\"https:\\\/\\\/noticiasmercedinas.com\\\/site\\\/#\\\/schema\\\/logo\\\/image\\\/\",\"url\":\"https:\\\/\\\/noticiasmercedinas.com\\\/site\\\/wp-content\\\/uploads\\\/2020\\\/06\\\/LOGO-512.jpg\",\"contentUrl\":\"https:\\\/\\\/noticiasmercedinas.com\\\/site\\\/wp-content\\\/uploads\\\/2020\\\/06\\\/LOGO-512.jpg\",\"width\":512,\"height\":512,\"caption\":\"NOTICIASMERCEDINAS.COM\"},\"image\":{\"@id\":\"https:\\\/\\\/noticiasmercedinas.com\\\/site\\\/#\\\/schema\\\/logo\\\/image\\\/\"},\"sameAs\":[\"https:\\\/\\\/www.facebook.com\\\/noticiasmercedinas\\\/\",\"https:\\\/\\\/x.com\\\/notmercedinas\",\"https:\\\/\\\/www.instagram.com\\\/noticiasmercedinas\\\/\"]},{\"@type\":\"Person\",\"@id\":\"https:\\\/\\\/noticiasmercedinas.com\\\/site\\\/#\\\/schema\\\/person\\\/d481a9696a5feaec13a60e2bbd991a6a\",\"name\":\"Cristian Falabella NOTICIASMERCEDINAS.COM\",\"image\":{\"@type\":\"ImageObject\",\"inLanguage\":\"es\",\"@id\":\"https:\\\/\\\/secure.gravatar.com\\\/avatar\\\/0dbbfc45970cc46bcd0e57766228574ff3511d6eed045b182f536f0f478c1f06?s=96&d=mm&r=g\",\"url\":\"https:\\\/\\\/secure.gravatar.com\\\/avatar\\\/0dbbfc45970cc46bcd0e57766228574ff3511d6eed045b182f536f0f478c1f06?s=96&d=mm&r=g\",\"contentUrl\":\"https:\\\/\\\/secure.gravatar.com\\\/avatar\\\/0dbbfc45970cc46bcd0e57766228574ff3511d6eed045b182f536f0f478c1f06?s=96&d=mm&r=g\",\"caption\":\"Cristian Falabella NOTICIASMERCEDINAS.COM\"},\"description\":\"Periodista, editor de Noticias Mercedinas. Pas\u00f3 por varias redacciones y emprendimientos de prensa, en distintos formatos y \u00e9pocas. Se especializ\u00f3 --y sigue haci\u00e9ndolo-- en comunicaci\u00f3n en la web y en junio de 2006 fund\u00f3 este diario digital.\",\"sameAs\":[\"https:\\\/\\\/noticiasmercedinas.com\",\"https:\\\/\\\/www.facebook.com\\\/cristian.falabella\",\"https:\\\/\\\/www.instagram.com\\\/noticiasmercedinas\\\/\",\"https:\\\/\\\/x.com\\\/https:\\\/\\\/twitter.com\\\/NOTMERCEDINAS\"],\"url\":\"https:\\\/\\\/noticiasmercedinas.com\\\/site\\\/author\\\/as000384\\\/\"}]}<\/script>\n<!-- \/ Yoast SEO plugin. -->","yoast_head_json":{"title":"Tres d\u00edas de m\u00fasica en Fiesta del D\u00eda de la Tradici\u00f3n","robots":{"index":"index","follow":"follow","max-snippet":"max-snippet:-1","max-image-preview":"max-image-preview:large","max-video-preview":"max-video-preview:-1"},"canonical":"https:\/\/noticiasmercedinas.com\/site\/2018\/11\/09\/tres-dias-de-musica-en-fiesta-del-dia-de-la-tradicion\/","og_locale":"es_ES","og_type":"article","og_title":"Tres d\u00edas de m\u00fasica en Fiesta del D\u00eda de la Tradici\u00f3n","og_description":"Por tercer a\u00f1o consecutivo, y afirm\u00e1ndose como una conmemoraci\u00f3n m\u00e1s dentro de la gran agenda festivalera de la ciudad, la Fiesta de La Tradici\u00f3n se har\u00e1 en nuestra ciudad. El intendente Juan Ustarroz, junto al secretario de Gobierno,\u00a0 Juan Pablo L\u00f3pez, y los integrantes del grupo Amigos Pe\u00f1eros dieron a conocer las fechas de esta [&hellip;]","og_url":"https:\/\/noticiasmercedinas.com\/site\/2018\/11\/09\/tres-dias-de-musica-en-fiesta-del-dia-de-la-tradicion\/","og_site_name":"NOTICIASMERCEDINAS.COM","article_publisher":"https:\/\/www.facebook.com\/noticiasmercedinas\/","article_author":"https:\/\/www.facebook.com\/cristian.falabella","article_published_time":"2018-11-09T11:08:48+00:00","og_image":[{"width":911,"height":608,"url":"https:\/\/noticiasmercedinas.com\/site\/wp-content\/uploads\/2018\/11\/3-4.jpg","type":"image\/jpeg"}],"author":"Cristian Falabella NOTICIASMERCEDINAS.COM","twitter_card":"summary_large_image","twitter_creator":"@https:\/\/twitter.com\/NOTMERCEDINAS","twitter_site":"@notmercedinas","twitter_misc":{"Escrito por":"Cristian Falabella NOTICIASMERCEDINAS.COM","Tiempo de lectura":"2 minutos"},"schema":{"@context":"https:\/\/schema.org","@graph":[{"@type":"Article","@id":"https:\/\/noticiasmercedinas.com\/site\/2018\/11\/09\/tres-dias-de-musica-en-fiesta-del-dia-de-la-tradicion\/#article","isPartOf":{"@id":"https:\/\/noticiasmercedinas.com\/site\/2018\/11\/09\/tres-dias-de-musica-en-fiesta-del-dia-de-la-tradicion\/"},"author":{"name":"Cristian Falabella NOTICIASMERCEDINAS.COM","@id":"https:\/\/noticiasmercedinas.com\/site\/#\/schema\/person\/d481a9696a5feaec13a60e2bbd991a6a"},"headline":"Tres d\u00edas de m\u00fasica en Fiesta del D\u00eda de la Tradici\u00f3n","datePublished":"2018-11-09T11:08:48+00:00","mainEntityOfPage":{"@id":"https:\/\/noticiasmercedinas.com\/site\/2018\/11\/09\/tres-dias-de-musica-en-fiesta-del-dia-de-la-tradicion\/"},"wordCount":505,"commentCount":0,"publisher":{"@id":"https:\/\/noticiasmercedinas.com\/site\/#organization"},"image":{"@id":"https:\/\/noticiasmercedinas.com\/site\/2018\/11\/09\/tres-dias-de-musica-en-fiesta-del-dia-de-la-tradicion\/#primaryimage"},"thumbnailUrl":"https:\/\/noticiasmercedinas.com\/site\/wp-content\/uploads\/2018\/11\/3-4.jpg","keywords":["amigos pe\u00f1eros","desfile","fiesta","musica","tradicion"],"articleSection":["Cultura"],"inLanguage":"es","potentialAction":[{"@type":"CommentAction","name":"Comment","target":["https:\/\/noticiasmercedinas.com\/site\/2018\/11\/09\/tres-dias-de-musica-en-fiesta-del-dia-de-la-tradicion\/#respond"]}]},{"@type":"WebPage","@id":"https:\/\/noticiasmercedinas.com\/site\/2018\/11\/09\/tres-dias-de-musica-en-fiesta-del-dia-de-la-tradicion\/","url":"https:\/\/noticiasmercedinas.com\/site\/2018\/11\/09\/tres-dias-de-musica-en-fiesta-del-dia-de-la-tradicion\/","name":"Tres d\u00edas de m\u00fasica en Fiesta del D\u00eda de la Tradici\u00f3n","isPartOf":{"@id":"https:\/\/noticiasmercedinas.com\/site\/#website"},"primaryImageOfPage":{"@id":"https:\/\/noticiasmercedinas.com\/site\/2018\/11\/09\/tres-dias-de-musica-en-fiesta-del-dia-de-la-tradicion\/#primaryimage"},"image":{"@id":"https:\/\/noticiasmercedinas.com\/site\/2018\/11\/09\/tres-dias-de-musica-en-fiesta-del-dia-de-la-tradicion\/#primaryimage"},"thumbnailUrl":"https:\/\/noticiasmercedinas.com\/site\/wp-content\/uploads\/2018\/11\/3-4.jpg","datePublished":"2018-11-09T11:08:48+00:00","breadcrumb":{"@id":"https:\/\/noticiasmercedinas.com\/site\/2018\/11\/09\/tres-dias-de-musica-en-fiesta-del-dia-de-la-tradicion\/#breadcrumb"},"inLanguage":"es","potentialAction":[{"@type":"ReadAction","target":["https:\/\/noticiasmercedinas.com\/site\/2018\/11\/09\/tres-dias-de-musica-en-fiesta-del-dia-de-la-tradicion\/"]}]},{"@type":"ImageObject","inLanguage":"es","@id":"https:\/\/noticiasmercedinas.com\/site\/2018\/11\/09\/tres-dias-de-musica-en-fiesta-del-dia-de-la-tradicion\/#primaryimage","url":"https:\/\/noticiasmercedinas.com\/site\/wp-content\/uploads\/2018\/11\/3-4.jpg","contentUrl":"https:\/\/noticiasmercedinas.com\/site\/wp-content\/uploads\/2018\/11\/3-4.jpg","width":911,"height":608},{"@type":"BreadcrumbList","@id":"https:\/\/noticiasmercedinas.com\/site\/2018\/11\/09\/tres-dias-de-musica-en-fiesta-del-dia-de-la-tradicion\/#breadcrumb","itemListElement":[{"@type":"ListItem","position":1,"name":"Portada","item":"https:\/\/noticiasmercedinas.com\/site\/"},{"@type":"ListItem","position":2,"name":"Tres d\u00edas de m\u00fasica en Fiesta del D\u00eda de la Tradici\u00f3n"}]},{"@type":"WebSite","@id":"https:\/\/noticiasmercedinas.com\/site\/#website","url":"https:\/\/noticiasmercedinas.com\/site\/","name":"NOTICIASMERCEDINAS.COM","description":"Mercedes, Buenos Aires, Argentina","publisher":{"@id":"https:\/\/noticiasmercedinas.com\/site\/#organization"},"potentialAction":[{"@type":"SearchAction","target":{"@type":"EntryPoint","urlTemplate":"https:\/\/noticiasmercedinas.com\/site\/?s={search_term_string}"},"query-input":{"@type":"PropertyValueSpecification","valueRequired":true,"valueName":"search_term_string"}}],"inLanguage":"es"},{"@type":"Organization","@id":"https:\/\/noticiasmercedinas.com\/site\/#organization","name":"NOTICIASMERCEDINAS.COM","url":"https:\/\/noticiasmercedinas.com\/site\/","logo":{"@type":"ImageObject","inLanguage":"es","@id":"https:\/\/noticiasmercedinas.com\/site\/#\/schema\/logo\/image\/","url":"https:\/\/noticiasmercedinas.com\/site\/wp-content\/uploads\/2020\/06\/LOGO-512.jpg","contentUrl":"https:\/\/noticiasmercedinas.com\/site\/wp-content\/uploads\/2020\/06\/LOGO-512.jpg","width":512,"height":512,"caption":"NOTICIASMERCEDINAS.COM"},"image":{"@id":"https:\/\/noticiasmercedinas.com\/site\/#\/schema\/logo\/image\/"},"sameAs":["https:\/\/www.facebook.com\/noticiasmercedinas\/","https:\/\/x.com\/notmercedinas","https:\/\/www.instagram.com\/noticiasmercedinas\/"]},{"@type":"Person","@id":"https:\/\/noticiasmercedinas.com\/site\/#\/schema\/person\/d481a9696a5feaec13a60e2bbd991a6a","name":"Cristian Falabella NOTICIASMERCEDINAS.COM","image":{"@type":"ImageObject","inLanguage":"es","@id":"https:\/\/secure.gravatar.com\/avatar\/0dbbfc45970cc46bcd0e57766228574ff3511d6eed045b182f536f0f478c1f06?s=96&d=mm&r=g","url":"https:\/\/secure.gravatar.com\/avatar\/0dbbfc45970cc46bcd0e57766228574ff3511d6eed045b182f536f0f478c1f06?s=96&d=mm&r=g","contentUrl":"https:\/\/secure.gravatar.com\/avatar\/0dbbfc45970cc46bcd0e57766228574ff3511d6eed045b182f536f0f478c1f06?s=96&d=mm&r=g","caption":"Cristian Falabella NOTICIASMERCEDINAS.COM"},"description":"Periodista, editor de Noticias Mercedinas. Pas\u00f3 por varias redacciones y emprendimientos de prensa, en distintos formatos y \u00e9pocas. Se especializ\u00f3 --y sigue haci\u00e9ndolo-- en comunicaci\u00f3n en la web y en junio de 2006 fund\u00f3 este diario digital.","sameAs":["https:\/\/noticiasmercedinas.com","https:\/\/www.facebook.com\/cristian.falabella","https:\/\/www.instagram.com\/noticiasmercedinas\/","https:\/\/x.com\/https:\/\/twitter.com\/NOTMERCEDINAS"],"url":"https:\/\/noticiasmercedinas.com\/site\/author\/as000384\/"}]}},"amp_enabled":true,"_links":{"self":[{"href":"https:\/\/noticiasmercedinas.com\/site\/wp-json\/wp\/v2\/posts\/6390","targetHints":{"allow":["GET"]}}],"collection":[{"href":"https:\/\/noticiasmercedinas.com\/site\/wp-json\/wp\/v2\/posts"}],"about":[{"href":"https:\/\/noticiasmercedinas.com\/site\/wp-json\/wp\/v2\/types\/post"}],"author":[{"embeddable":true,"href":"https:\/\/noticiasmercedinas.com\/site\/wp-json\/wp\/v2\/users\/2"}],"replies":[{"embeddable":true,"href":"https:\/\/noticiasmercedinas.com\/site\/wp-json\/wp\/v2\/comments?post=6390"}],"version-history":[{"count":1,"href":"https:\/\/noticiasmercedinas.com\/site\/wp-json\/wp\/v2\/posts\/6390\/revisions"}],"predecessor-version":[{"id":6393,"href":"https:\/\/noticiasmercedinas.com\/site\/wp-json\/wp\/v2\/posts\/6390\/revisions\/6393"}],"wp:featuredmedia":[{"embeddable":true,"href":"https:\/\/noticiasmercedinas.com\/site\/wp-json\/wp\/v2\/media\/6391"}],"wp:attachment":[{"href":"https:\/\/noticiasmercedinas.com\/site\/wp-json\/wp\/v2\/media?parent=6390"}],"wp:term":[{"taxonomy":"category","embeddable":true,"href":"https:\/\/noticiasmercedinas.com\/site\/wp-json\/wp\/v2\/categories?post=6390"},{"taxonomy":"post_tag","embeddable":true,"href":"https:\/\/noticiasmercedinas.com\/site\/wp-json\/wp\/v2\/tags?post=6390"}],"curies":[{"name":"wp","href":"https:\/\/api.w.org\/{rel}","templated":true}]}}