{"id":64281,"date":"2021-03-27T12:01:35","date_gmt":"2021-03-27T15:01:35","guid":{"rendered":"https:\/\/noticiasmercedinas.com\/site\/?p=64281"},"modified":"2021-03-27T12:25:40","modified_gmt":"2021-03-27T15:25:40","slug":"homenaje-trunco-a-mauricio-capaccio-se-cristaliza-en-video","status":"publish","type":"post","link":"https:\/\/noticiasmercedinas.com\/site\/2021\/03\/27\/homenaje-trunco-a-mauricio-capaccio-se-cristaliza-en-video\/","title":{"rendered":"Homenaje trunco a Mauricio Capaccio se cristaliza en video"},"content":{"rendered":"<p>La iniciativa de un show trunco de homenaje a <strong>Mauricio Capaccio<\/strong>, cuya idea se hab\u00eda gestado y en 2020 en el marco de la pandemia no pudo ser, termin\u00f3 generando un espacio de pe\u00f1a virtual con m\u00fasicos mercedinos que se iban a sumar a ese recital y otros que se fueron convocando. Uno de los hijos de Mauricio, <strong>Pablo Capaccio<\/strong>, que vive en Posadas, sum\u00f3 y motiv\u00f3 a los talentos y los invit\u00f3 a grabar. Por WhatsApp fueron circulando audios e ideas y ahora se da a difusi\u00f3n un video conjunto, a un a\u00f1o del surgimiento de esta pe\u00f1a, llamada \u201cLa Caserita\u201d.<\/p>\n<p>Mauricio Capaccio era un m\u00fasico de culto, a quien muchos recuerdan con gran cari\u00f1o. Supo aglutinar a grandes en torno a este arte en las d\u00e9cadas del 70 y 80. Como folklorista, arreglador musical y cantautor, el mercedino es recordado como un bohemio, sensible y cultor de la amistad. Las tem\u00e1ticas pol\u00edticas y sociales fueron su fuerte y las canciones de protesta y con contenido social lo tuvieron desde siempre junto a varios de sus pares, algunos muy famosos, hasta su pronta partida a los 40 a\u00f1os de edad en 1995.<\/p>\n<p>Hoy su hijo Pablo, que vive en Posadas desde 1994, retoma de alguna manera el estilo de su padre. En tiempos en que las redes y la virtualidad generan otras formas de contacto, cre\u00f3 una pe\u00f1a virtual. \u201cSi bien no estoy f\u00edsicamente en Mercedes, yo segu\u00ed siempre vinculado a la familia y los amigos de la familia, con la m\u00fasica. El a\u00f1o pasado se cumplieron 25 a\u00f1os de que falleci\u00f3 mi viejo, que era m\u00fasico y compositor. Entre sus amigos y familiares se pens\u00f3 en hacer una fecha en el teatro a modo de homenaje pero esta qued\u00f3 trunca por la pandemia. Se hab\u00eda juntado mucha gente y luego de mucho andar en un grupo de WhatsApp que cre\u00f3 <strong>Gladys R\u00edos<\/strong> surgi\u00f3 finalmente este video\u201d, remarca Pablo, en di\u00e1logo con <em>Noticias Mercedinas<\/em>.<\/p>\n<p>Este grupo se hab\u00eda empezado a reunir para planificar una presentaci\u00f3n. Entre ellos estaban <strong>Santiago Su\u00e1rez<\/strong> y <strong>Mu\u00f1eco Minetto<\/strong> (ambos recientemente fallecidos), <strong>Pablo Stasiuk<\/strong>, <strong>Mario Batista<\/strong> y <strong>\u00d1eque Castro<\/strong>, <strong>Toto Ferrero<\/strong>, <strong>Virginia Altube <\/strong>y familiares de Mauricio Capaccio, quienes ser\u00edan parte del homenaje en vivo, entre otros. <strong>\u201cCacho\u201d Pavoni<\/strong> y <strong>Jorge Petrocelli<\/strong> tambi\u00e9n ser\u00edan parte de esas reuniones organizativas de un evento que no pudo hacerse.<\/p>\n<p>\u201cCon la pandemia el grupo estaba conformado, empezaron a circular algunos audios, yo empec\u00e9 a mandar otros y propuse hacer un grupo de WhatsApp con todo lo que estaba fluyendo. Se hab\u00eda logrado un reencuentro con mucha gente y se arm\u00f3 un grupo que fue denominado Pe\u00f1a La Caserita\u201d, recuerda Pablo Capaccio. \u201cDe esta manera se empez\u00f3 a juntar gente, muchos que eran amigos de mi viejo, se sumaron <strong>Osvaldo Valenzuela<\/strong>, <strong>Antonio Suarez<\/strong>\u2026 Fue un espacio de compartir m\u00fasica, expresiones y poemas. Todo el a\u00f1o pasado se fueron sumando cosas. Yo empec\u00e9 a grabar algunas tomas en casa y propuse hacer cosas compartidas, as\u00ed fueron surgiendo algunos videos, empezamos a grabar canciones colaborativas, con <strong>Juani Gorostiaga<\/strong>, de Sachapampa, y con <strong>Guillermo Petrocelli<\/strong>, hijo de Jorge, tambi\u00e9n mercedino pero que vive en Misiones. El me acompa\u00f1\u00f3 en percusi\u00f3n. Tambi\u00e9n grabamos un par de temas con <strong>Laura Ferrero<\/strong>, y varios se han ido sumando. Incluso invit\u00e9 a algunos amigos de aqu\u00ed, hicimos varios videos y grabaciones\u201d, agrega Pablo.<\/p>\n<blockquote><p>\u00abLa pe\u00f1a es un espacio de compartir m\u00fasica, expresiones y poemas. Todo el a\u00f1o pasado se fueron sumando cosas. Yo empec\u00e9 a grabar algunas tomas en casa y propuse hacer cosas compartidas, as\u00ed fueron surgiendo algunos videos, empezamos a grabar canciones colaborativas\u00bb<\/p><\/blockquote>\n<p>\u201cEn esta \u00faltima producci\u00f3n en video, ya que se cumpl\u00eda un a\u00f1o de la pe\u00f1a, propuse la idea de grabar este tema, inspirado en un audio de un cassette que encontramos, en el que hab\u00eda una grabaci\u00f3n de <strong>Jacinto Piedra<\/strong> que vino a Mercedes y cantaron esta canci\u00f3n con mi viejo. Era un audio de principios de los a\u00f1os 90 y me vino la idea de sumarlos a todos\u201d, explica Pablo.<\/p>\n<p>Fue as\u00ed que arm\u00f3 un gui\u00f3n, reparti\u00f3 las voces y se dio una estructura para que cada uno le mande su parte grabada en v\u00eddeo. \u201cY entonces sali\u00f3 esta producci\u00f3n, quiz\u00e1s el video qued\u00f3 con algunos errores pero la idea era que salga para el d\u00eda del aniversario de la pe\u00f1a. Como el resultado es muy lindo decid\u00ed ponerlo en YouTube para que lo viera m\u00e1s gente. En este tiempo de recorrido de la pe\u00f1a virtual muchos se fueron sumando, y tambi\u00e9n lo hizo el compositor <strong>Charly Vera<\/strong>, que tiene <a href=\"https:\/\/noticiasmercedinas.com\/site\/2020\/10\/21\/musicos-locales-tendran-difusion-en-radio-digital-horacio-guarany\/\" target=\"_blank\" rel=\"noopener\"><strong><span style=\"color: #000080;\">un espacio en la radio digital Horacio Guarany<\/span><\/strong><\/a> y est\u00e1 difundiendo a los artistas mercedinos\u201d, comenta.<\/p>\n<p>En este andar de la pe\u00f1a Hubo reuniones por videoconferencia durante 2020, con guitarreadas incluidas y contando con la presencia de <strong>Daniel Capaccio<\/strong> y otros como <strong>Marcelo Mancuello<\/strong>, quienes no residen en la ciudad, gener\u00e1ndose lindos encuentros.<\/p>\n<p>En el video de \u00abDigo La Mazamorra\u00bb participaron reconocidos y grandes m\u00fasicos. \u201cPara m\u00ed la m\u00fasica es una pasi\u00f3n, aunque soy bioqu\u00edmico. Dedico mucho tiempo y amor a ella, m\u00e1s all\u00e1 del amor que le doy a mi familia. Es mi hobby, estoy estudiando edici\u00f3n y mezcla y voy aprendiendo\u201d, dice Pablo Capaccio.<\/p>\n<p>Todas las grabaciones que se utilizan para componerlo se hicieron con celulares y fueron enviadas por WhatsApp desde ciudades como Mercedes, Luj\u00e1n o Capilla del Monte hasta Posadas, donde Pablo Capaccio reside.<\/p>\n<p>La pe\u00f1a tiene unos 40 integrantes, e incluye m\u00fasicos, bailarines de folclore, amigos de la m\u00fasica y promotores de la cultura. \u201cTuvimos un fin de a\u00f1o 2020 y un comienzo de 2021 muy dif\u00edcil con la partida de Santiago Su\u00e1rez primero y de Mu\u00f1eco Minetto despu\u00e9s. Eso fue muy duro, ambos eran muy activos y participativos y los quer\u00edamos mucho. Cost\u00f3 salir, hacer actividad y cuando nos pudimos acomodar fue importante poder hacer este video para levantar la pe\u00f1a, tomar envi\u00f3n y animarse a m\u00e1s\u201d, completa Capaccio.<\/p>\n<p><strong>Ficha t\u00e9cnica<\/strong><\/p>\n<p>\u00abDigo La Mazamorra\u00bb<br \/>\n(Letra: Antonio Esteban Ag\u00fcero &#8211; M\u00fasica: Carlos Oscar Carabajal)<br \/>\nInterpretada por integrantes de la Pe\u00f1a \u00abLa Caserita\u00bb &#8211; Argentina<\/p>\n<p>Virginia Altube (Voz)<br \/>\nOscar \u00abCacho\u00bb Pavoni (Voz)<br \/>\nLaura Ferrero (Voz)<br \/>\nAntonio Suarez (Voz)<br \/>\nPierina Petrocelli (Voz)<br \/>\nRa\u00fal \u00ab\u00d1eque\u00bb Castro (Voz)<br \/>\nJuan Jos\u00e9 \u00abToto\u00bb Ferrero (Voz)<br \/>\nAgust\u00edn Castro (Voz)<br \/>\nDaniel Capaccio (Voz)<br \/>\nGuillermo Petrocelli (Percusi\u00f3n)<br \/>\nPablo Capaccio (Bombo, bajo, charango y voz &#8211; edici\u00f3n de imagen y sonido)<\/p>\n","protected":false},"excerpt":{"rendered":"<p>\u25a0 Grandes artistas y amigos del recordado compositor formaron una pe\u00f1a virtual ante la imposibilidad de concretar un recital. Convocados por uno de sus hijos, dieron forma a varios trabajos y uno de los videos se hace p\u00fablico.<\/p>\n","protected":false},"author":2,"featured_media":64282,"comment_status":"open","ping_status":"open","sticky":false,"template":"","format":"video","meta":{"footnotes":""},"categories":[4],"tags":[5855,11657,7123,10452,11660,584,11659,1719,11658,1269,11661,11655,11663,11207,88,1462,11656,1266,11662,4529,164],"class_list":["post-64281","post","type-post","status-publish","format-video","has-post-thumbnail","hentry","category-cultura","tag-agustin-castro","tag-antonio-suarez","tag-cacho-pavoni","tag-charly-vera","tag-daniel-capaccio","tag-folclore","tag-guillermo-petrocelli","tag-jorge-petrocelli","tag-juani-gorostiaga","tag-laura-ferrero","tag-marcelo-mancuello","tag-mario-batista","tag-mauricio-capaccio","tag-muneco-minetto","tag-musica","tag-neque-castro","tag-osvaldo-valenzuela","tag-pablo-stasiuk","tag-pierina-petrocelli","tag-santiago-suarez","tag-virginia-altube","post_format-post-format-video"],"yoast_head":"<!-- This site is optimized with the Yoast SEO plugin v27.4 - https:\/\/yoast.com\/product\/yoast-seo-wordpress\/ -->\n<title>Homenaje trunco a Mauricio Capaccio se cristaliza en video<\/title>\n<meta name=\"robots\" content=\"index, follow, max-snippet:-1, max-image-preview:large, max-video-preview:-1\" \/>\n<link rel=\"canonical\" href=\"https:\/\/noticiasmercedinas.com\/site\/2021\/03\/27\/homenaje-trunco-a-mauricio-capaccio-se-cristaliza-en-video\/\" \/>\n<meta property=\"og:locale\" content=\"es_ES\" \/>\n<meta property=\"og:type\" content=\"article\" \/>\n<meta property=\"og:title\" content=\"Homenaje trunco a Mauricio Capaccio se cristaliza en video\" \/>\n<meta property=\"og:description\" content=\"\u25a0 Grandes artistas y amigos del recordado compositor formaron una pe\u00f1a virtual ante la imposibilidad de concretar un recital. Convocados por uno de sus hijos, dieron forma a varios trabajos y uno de los videos se hace p\u00fablico.\" \/>\n<meta property=\"og:url\" content=\"https:\/\/noticiasmercedinas.com\/site\/2021\/03\/27\/homenaje-trunco-a-mauricio-capaccio-se-cristaliza-en-video\/\" \/>\n<meta property=\"og:site_name\" content=\"NOTICIASMERCEDINAS.COM\" \/>\n<meta property=\"article:publisher\" content=\"https:\/\/www.facebook.com\/noticiasmercedinas\/\" \/>\n<meta property=\"article:author\" content=\"https:\/\/www.facebook.com\/cristian.falabella\" \/>\n<meta property=\"article:published_time\" content=\"2021-03-27T15:01:35+00:00\" \/>\n<meta property=\"article:modified_time\" content=\"2021-03-27T15:25:40+00:00\" \/>\n<meta property=\"og:image\" content=\"https:\/\/noticiasmercedinas.com\/site\/wp-content\/uploads\/2021\/03\/homenaje.jpg\" \/>\n\t<meta property=\"og:image:width\" content=\"640\" \/>\n\t<meta property=\"og:image:height\" content=\"347\" \/>\n\t<meta property=\"og:image:type\" content=\"image\/jpeg\" \/>\n<meta name=\"author\" content=\"Cristian Falabella NOTICIASMERCEDINAS.COM\" \/>\n<meta name=\"twitter:card\" content=\"summary_large_image\" \/>\n<meta name=\"twitter:creator\" content=\"@https:\/\/twitter.com\/NOTMERCEDINAS\" \/>\n<meta name=\"twitter:site\" content=\"@notmercedinas\" \/>\n<meta name=\"twitter:label1\" content=\"Escrito por\" \/>\n\t<meta name=\"twitter:data1\" content=\"Cristian Falabella NOTICIASMERCEDINAS.COM\" \/>\n\t<meta name=\"twitter:label2\" content=\"Tiempo de lectura\" \/>\n\t<meta name=\"twitter:data2\" content=\"5 minutos\" \/>\n<script type=\"application\/ld+json\" class=\"yoast-schema-graph\">{\"@context\":\"https:\\\/\\\/schema.org\",\"@graph\":[{\"@type\":\"Article\",\"@id\":\"https:\\\/\\\/noticiasmercedinas.com\\\/site\\\/2021\\\/03\\\/27\\\/homenaje-trunco-a-mauricio-capaccio-se-cristaliza-en-video\\\/#article\",\"isPartOf\":{\"@id\":\"https:\\\/\\\/noticiasmercedinas.com\\\/site\\\/2021\\\/03\\\/27\\\/homenaje-trunco-a-mauricio-capaccio-se-cristaliza-en-video\\\/\"},\"author\":{\"name\":\"Cristian Falabella NOTICIASMERCEDINAS.COM\",\"@id\":\"https:\\\/\\\/noticiasmercedinas.com\\\/site\\\/#\\\/schema\\\/person\\\/d481a9696a5feaec13a60e2bbd991a6a\"},\"headline\":\"Homenaje trunco a Mauricio Capaccio se cristaliza en video\",\"datePublished\":\"2021-03-27T15:01:35+00:00\",\"dateModified\":\"2021-03-27T15:25:40+00:00\",\"mainEntityOfPage\":{\"@id\":\"https:\\\/\\\/noticiasmercedinas.com\\\/site\\\/2021\\\/03\\\/27\\\/homenaje-trunco-a-mauricio-capaccio-se-cristaliza-en-video\\\/\"},\"wordCount\":1137,\"commentCount\":0,\"publisher\":{\"@id\":\"https:\\\/\\\/noticiasmercedinas.com\\\/site\\\/#organization\"},\"image\":{\"@id\":\"https:\\\/\\\/noticiasmercedinas.com\\\/site\\\/2021\\\/03\\\/27\\\/homenaje-trunco-a-mauricio-capaccio-se-cristaliza-en-video\\\/#primaryimage\"},\"thumbnailUrl\":\"https:\\\/\\\/noticiasmercedinas.com\\\/site\\\/wp-content\\\/uploads\\\/2021\\\/03\\\/homenaje.jpg\",\"keywords\":[\"Agustin Castro\",\"Antonio Suarez\",\"cacho pavoni\",\"charly vera\",\"Daniel Capaccio\",\"folclore\",\"Guillermo Petrocelli\",\"jorge petrocelli\",\"Juani Gorostiaga\",\"Laura Ferrero\",\"Marcelo Mancuello\",\"Mario Batista\",\"mauricio capaccio\",\"mu\u00f1eco minetto\",\"musica\",\"\u00d1eque Castro\",\"Osvaldo Valenzuela\",\"pablo stasiuk\",\"Pierina Petrocelli\",\"Santiago Suarez\",\"virginia altube\"],\"articleSection\":[\"Cultura\"],\"inLanguage\":\"es\",\"potentialAction\":[{\"@type\":\"CommentAction\",\"name\":\"Comment\",\"target\":[\"https:\\\/\\\/noticiasmercedinas.com\\\/site\\\/2021\\\/03\\\/27\\\/homenaje-trunco-a-mauricio-capaccio-se-cristaliza-en-video\\\/#respond\"]}]},{\"@type\":\"WebPage\",\"@id\":\"https:\\\/\\\/noticiasmercedinas.com\\\/site\\\/2021\\\/03\\\/27\\\/homenaje-trunco-a-mauricio-capaccio-se-cristaliza-en-video\\\/\",\"url\":\"https:\\\/\\\/noticiasmercedinas.com\\\/site\\\/2021\\\/03\\\/27\\\/homenaje-trunco-a-mauricio-capaccio-se-cristaliza-en-video\\\/\",\"name\":\"Homenaje trunco a Mauricio Capaccio se cristaliza en video\",\"isPartOf\":{\"@id\":\"https:\\\/\\\/noticiasmercedinas.com\\\/site\\\/#website\"},\"primaryImageOfPage\":{\"@id\":\"https:\\\/\\\/noticiasmercedinas.com\\\/site\\\/2021\\\/03\\\/27\\\/homenaje-trunco-a-mauricio-capaccio-se-cristaliza-en-video\\\/#primaryimage\"},\"image\":{\"@id\":\"https:\\\/\\\/noticiasmercedinas.com\\\/site\\\/2021\\\/03\\\/27\\\/homenaje-trunco-a-mauricio-capaccio-se-cristaliza-en-video\\\/#primaryimage\"},\"thumbnailUrl\":\"https:\\\/\\\/noticiasmercedinas.com\\\/site\\\/wp-content\\\/uploads\\\/2021\\\/03\\\/homenaje.jpg\",\"datePublished\":\"2021-03-27T15:01:35+00:00\",\"dateModified\":\"2021-03-27T15:25:40+00:00\",\"breadcrumb\":{\"@id\":\"https:\\\/\\\/noticiasmercedinas.com\\\/site\\\/2021\\\/03\\\/27\\\/homenaje-trunco-a-mauricio-capaccio-se-cristaliza-en-video\\\/#breadcrumb\"},\"inLanguage\":\"es\",\"potentialAction\":[{\"@type\":\"ReadAction\",\"target\":[\"https:\\\/\\\/noticiasmercedinas.com\\\/site\\\/2021\\\/03\\\/27\\\/homenaje-trunco-a-mauricio-capaccio-se-cristaliza-en-video\\\/\"]}]},{\"@type\":\"ImageObject\",\"inLanguage\":\"es\",\"@id\":\"https:\\\/\\\/noticiasmercedinas.com\\\/site\\\/2021\\\/03\\\/27\\\/homenaje-trunco-a-mauricio-capaccio-se-cristaliza-en-video\\\/#primaryimage\",\"url\":\"https:\\\/\\\/noticiasmercedinas.com\\\/site\\\/wp-content\\\/uploads\\\/2021\\\/03\\\/homenaje.jpg\",\"contentUrl\":\"https:\\\/\\\/noticiasmercedinas.com\\\/site\\\/wp-content\\\/uploads\\\/2021\\\/03\\\/homenaje.jpg\",\"width\":640,\"height\":347},{\"@type\":\"BreadcrumbList\",\"@id\":\"https:\\\/\\\/noticiasmercedinas.com\\\/site\\\/2021\\\/03\\\/27\\\/homenaje-trunco-a-mauricio-capaccio-se-cristaliza-en-video\\\/#breadcrumb\",\"itemListElement\":[{\"@type\":\"ListItem\",\"position\":1,\"name\":\"Portada\",\"item\":\"https:\\\/\\\/noticiasmercedinas.com\\\/site\\\/\"},{\"@type\":\"ListItem\",\"position\":2,\"name\":\"Homenaje trunco a Mauricio Capaccio se cristaliza en video\"}]},{\"@type\":\"WebSite\",\"@id\":\"https:\\\/\\\/noticiasmercedinas.com\\\/site\\\/#website\",\"url\":\"https:\\\/\\\/noticiasmercedinas.com\\\/site\\\/\",\"name\":\"NOTICIASMERCEDINAS.COM\",\"description\":\"Mercedes, Buenos Aires, Argentina\",\"publisher\":{\"@id\":\"https:\\\/\\\/noticiasmercedinas.com\\\/site\\\/#organization\"},\"potentialAction\":[{\"@type\":\"SearchAction\",\"target\":{\"@type\":\"EntryPoint\",\"urlTemplate\":\"https:\\\/\\\/noticiasmercedinas.com\\\/site\\\/?s={search_term_string}\"},\"query-input\":{\"@type\":\"PropertyValueSpecification\",\"valueRequired\":true,\"valueName\":\"search_term_string\"}}],\"inLanguage\":\"es\"},{\"@type\":\"Organization\",\"@id\":\"https:\\\/\\\/noticiasmercedinas.com\\\/site\\\/#organization\",\"name\":\"NOTICIASMERCEDINAS.COM\",\"url\":\"https:\\\/\\\/noticiasmercedinas.com\\\/site\\\/\",\"logo\":{\"@type\":\"ImageObject\",\"inLanguage\":\"es\",\"@id\":\"https:\\\/\\\/noticiasmercedinas.com\\\/site\\\/#\\\/schema\\\/logo\\\/image\\\/\",\"url\":\"https:\\\/\\\/noticiasmercedinas.com\\\/site\\\/wp-content\\\/uploads\\\/2020\\\/06\\\/LOGO-512.jpg\",\"contentUrl\":\"https:\\\/\\\/noticiasmercedinas.com\\\/site\\\/wp-content\\\/uploads\\\/2020\\\/06\\\/LOGO-512.jpg\",\"width\":512,\"height\":512,\"caption\":\"NOTICIASMERCEDINAS.COM\"},\"image\":{\"@id\":\"https:\\\/\\\/noticiasmercedinas.com\\\/site\\\/#\\\/schema\\\/logo\\\/image\\\/\"},\"sameAs\":[\"https:\\\/\\\/www.facebook.com\\\/noticiasmercedinas\\\/\",\"https:\\\/\\\/x.com\\\/notmercedinas\",\"https:\\\/\\\/www.instagram.com\\\/noticiasmercedinas\\\/\"]},{\"@type\":\"Person\",\"@id\":\"https:\\\/\\\/noticiasmercedinas.com\\\/site\\\/#\\\/schema\\\/person\\\/d481a9696a5feaec13a60e2bbd991a6a\",\"name\":\"Cristian Falabella NOTICIASMERCEDINAS.COM\",\"image\":{\"@type\":\"ImageObject\",\"inLanguage\":\"es\",\"@id\":\"https:\\\/\\\/secure.gravatar.com\\\/avatar\\\/0dbbfc45970cc46bcd0e57766228574ff3511d6eed045b182f536f0f478c1f06?s=96&d=mm&r=g\",\"url\":\"https:\\\/\\\/secure.gravatar.com\\\/avatar\\\/0dbbfc45970cc46bcd0e57766228574ff3511d6eed045b182f536f0f478c1f06?s=96&d=mm&r=g\",\"contentUrl\":\"https:\\\/\\\/secure.gravatar.com\\\/avatar\\\/0dbbfc45970cc46bcd0e57766228574ff3511d6eed045b182f536f0f478c1f06?s=96&d=mm&r=g\",\"caption\":\"Cristian Falabella NOTICIASMERCEDINAS.COM\"},\"description\":\"Periodista, editor de Noticias Mercedinas. Pas\u00f3 por varias redacciones y emprendimientos de prensa, en distintos formatos y \u00e9pocas. Se especializ\u00f3 --y sigue haci\u00e9ndolo-- en comunicaci\u00f3n en la web y en junio de 2006 fund\u00f3 este diario digital.\",\"sameAs\":[\"https:\\\/\\\/noticiasmercedinas.com\",\"https:\\\/\\\/www.facebook.com\\\/cristian.falabella\",\"https:\\\/\\\/www.instagram.com\\\/noticiasmercedinas\\\/\",\"https:\\\/\\\/x.com\\\/https:\\\/\\\/twitter.com\\\/NOTMERCEDINAS\"],\"url\":\"https:\\\/\\\/noticiasmercedinas.com\\\/site\\\/author\\\/as000384\\\/\"}]}<\/script>\n<!-- \/ Yoast SEO plugin. -->","yoast_head_json":{"title":"Homenaje trunco a Mauricio Capaccio se cristaliza en video","robots":{"index":"index","follow":"follow","max-snippet":"max-snippet:-1","max-image-preview":"max-image-preview:large","max-video-preview":"max-video-preview:-1"},"canonical":"https:\/\/noticiasmercedinas.com\/site\/2021\/03\/27\/homenaje-trunco-a-mauricio-capaccio-se-cristaliza-en-video\/","og_locale":"es_ES","og_type":"article","og_title":"Homenaje trunco a Mauricio Capaccio se cristaliza en video","og_description":"\u25a0 Grandes artistas y amigos del recordado compositor formaron una pe\u00f1a virtual ante la imposibilidad de concretar un recital. Convocados por uno de sus hijos, dieron forma a varios trabajos y uno de los videos se hace p\u00fablico.","og_url":"https:\/\/noticiasmercedinas.com\/site\/2021\/03\/27\/homenaje-trunco-a-mauricio-capaccio-se-cristaliza-en-video\/","og_site_name":"NOTICIASMERCEDINAS.COM","article_publisher":"https:\/\/www.facebook.com\/noticiasmercedinas\/","article_author":"https:\/\/www.facebook.com\/cristian.falabella","article_published_time":"2021-03-27T15:01:35+00:00","article_modified_time":"2021-03-27T15:25:40+00:00","og_image":[{"width":640,"height":347,"url":"https:\/\/noticiasmercedinas.com\/site\/wp-content\/uploads\/2021\/03\/homenaje.jpg","type":"image\/jpeg"}],"author":"Cristian Falabella NOTICIASMERCEDINAS.COM","twitter_card":"summary_large_image","twitter_creator":"@https:\/\/twitter.com\/NOTMERCEDINAS","twitter_site":"@notmercedinas","twitter_misc":{"Escrito por":"Cristian Falabella NOTICIASMERCEDINAS.COM","Tiempo de lectura":"5 minutos"},"schema":{"@context":"https:\/\/schema.org","@graph":[{"@type":"Article","@id":"https:\/\/noticiasmercedinas.com\/site\/2021\/03\/27\/homenaje-trunco-a-mauricio-capaccio-se-cristaliza-en-video\/#article","isPartOf":{"@id":"https:\/\/noticiasmercedinas.com\/site\/2021\/03\/27\/homenaje-trunco-a-mauricio-capaccio-se-cristaliza-en-video\/"},"author":{"name":"Cristian Falabella NOTICIASMERCEDINAS.COM","@id":"https:\/\/noticiasmercedinas.com\/site\/#\/schema\/person\/d481a9696a5feaec13a60e2bbd991a6a"},"headline":"Homenaje trunco a Mauricio Capaccio se cristaliza en video","datePublished":"2021-03-27T15:01:35+00:00","dateModified":"2021-03-27T15:25:40+00:00","mainEntityOfPage":{"@id":"https:\/\/noticiasmercedinas.com\/site\/2021\/03\/27\/homenaje-trunco-a-mauricio-capaccio-se-cristaliza-en-video\/"},"wordCount":1137,"commentCount":0,"publisher":{"@id":"https:\/\/noticiasmercedinas.com\/site\/#organization"},"image":{"@id":"https:\/\/noticiasmercedinas.com\/site\/2021\/03\/27\/homenaje-trunco-a-mauricio-capaccio-se-cristaliza-en-video\/#primaryimage"},"thumbnailUrl":"https:\/\/noticiasmercedinas.com\/site\/wp-content\/uploads\/2021\/03\/homenaje.jpg","keywords":["Agustin Castro","Antonio Suarez","cacho pavoni","charly vera","Daniel Capaccio","folclore","Guillermo Petrocelli","jorge petrocelli","Juani Gorostiaga","Laura Ferrero","Marcelo Mancuello","Mario Batista","mauricio capaccio","mu\u00f1eco minetto","musica","\u00d1eque Castro","Osvaldo Valenzuela","pablo stasiuk","Pierina Petrocelli","Santiago Suarez","virginia altube"],"articleSection":["Cultura"],"inLanguage":"es","potentialAction":[{"@type":"CommentAction","name":"Comment","target":["https:\/\/noticiasmercedinas.com\/site\/2021\/03\/27\/homenaje-trunco-a-mauricio-capaccio-se-cristaliza-en-video\/#respond"]}]},{"@type":"WebPage","@id":"https:\/\/noticiasmercedinas.com\/site\/2021\/03\/27\/homenaje-trunco-a-mauricio-capaccio-se-cristaliza-en-video\/","url":"https:\/\/noticiasmercedinas.com\/site\/2021\/03\/27\/homenaje-trunco-a-mauricio-capaccio-se-cristaliza-en-video\/","name":"Homenaje trunco a Mauricio Capaccio se cristaliza en video","isPartOf":{"@id":"https:\/\/noticiasmercedinas.com\/site\/#website"},"primaryImageOfPage":{"@id":"https:\/\/noticiasmercedinas.com\/site\/2021\/03\/27\/homenaje-trunco-a-mauricio-capaccio-se-cristaliza-en-video\/#primaryimage"},"image":{"@id":"https:\/\/noticiasmercedinas.com\/site\/2021\/03\/27\/homenaje-trunco-a-mauricio-capaccio-se-cristaliza-en-video\/#primaryimage"},"thumbnailUrl":"https:\/\/noticiasmercedinas.com\/site\/wp-content\/uploads\/2021\/03\/homenaje.jpg","datePublished":"2021-03-27T15:01:35+00:00","dateModified":"2021-03-27T15:25:40+00:00","breadcrumb":{"@id":"https:\/\/noticiasmercedinas.com\/site\/2021\/03\/27\/homenaje-trunco-a-mauricio-capaccio-se-cristaliza-en-video\/#breadcrumb"},"inLanguage":"es","potentialAction":[{"@type":"ReadAction","target":["https:\/\/noticiasmercedinas.com\/site\/2021\/03\/27\/homenaje-trunco-a-mauricio-capaccio-se-cristaliza-en-video\/"]}]},{"@type":"ImageObject","inLanguage":"es","@id":"https:\/\/noticiasmercedinas.com\/site\/2021\/03\/27\/homenaje-trunco-a-mauricio-capaccio-se-cristaliza-en-video\/#primaryimage","url":"https:\/\/noticiasmercedinas.com\/site\/wp-content\/uploads\/2021\/03\/homenaje.jpg","contentUrl":"https:\/\/noticiasmercedinas.com\/site\/wp-content\/uploads\/2021\/03\/homenaje.jpg","width":640,"height":347},{"@type":"BreadcrumbList","@id":"https:\/\/noticiasmercedinas.com\/site\/2021\/03\/27\/homenaje-trunco-a-mauricio-capaccio-se-cristaliza-en-video\/#breadcrumb","itemListElement":[{"@type":"ListItem","position":1,"name":"Portada","item":"https:\/\/noticiasmercedinas.com\/site\/"},{"@type":"ListItem","position":2,"name":"Homenaje trunco a Mauricio Capaccio se cristaliza en video"}]},{"@type":"WebSite","@id":"https:\/\/noticiasmercedinas.com\/site\/#website","url":"https:\/\/noticiasmercedinas.com\/site\/","name":"NOTICIASMERCEDINAS.COM","description":"Mercedes, Buenos Aires, Argentina","publisher":{"@id":"https:\/\/noticiasmercedinas.com\/site\/#organization"},"potentialAction":[{"@type":"SearchAction","target":{"@type":"EntryPoint","urlTemplate":"https:\/\/noticiasmercedinas.com\/site\/?s={search_term_string}"},"query-input":{"@type":"PropertyValueSpecification","valueRequired":true,"valueName":"search_term_string"}}],"inLanguage":"es"},{"@type":"Organization","@id":"https:\/\/noticiasmercedinas.com\/site\/#organization","name":"NOTICIASMERCEDINAS.COM","url":"https:\/\/noticiasmercedinas.com\/site\/","logo":{"@type":"ImageObject","inLanguage":"es","@id":"https:\/\/noticiasmercedinas.com\/site\/#\/schema\/logo\/image\/","url":"https:\/\/noticiasmercedinas.com\/site\/wp-content\/uploads\/2020\/06\/LOGO-512.jpg","contentUrl":"https:\/\/noticiasmercedinas.com\/site\/wp-content\/uploads\/2020\/06\/LOGO-512.jpg","width":512,"height":512,"caption":"NOTICIASMERCEDINAS.COM"},"image":{"@id":"https:\/\/noticiasmercedinas.com\/site\/#\/schema\/logo\/image\/"},"sameAs":["https:\/\/www.facebook.com\/noticiasmercedinas\/","https:\/\/x.com\/notmercedinas","https:\/\/www.instagram.com\/noticiasmercedinas\/"]},{"@type":"Person","@id":"https:\/\/noticiasmercedinas.com\/site\/#\/schema\/person\/d481a9696a5feaec13a60e2bbd991a6a","name":"Cristian Falabella NOTICIASMERCEDINAS.COM","image":{"@type":"ImageObject","inLanguage":"es","@id":"https:\/\/secure.gravatar.com\/avatar\/0dbbfc45970cc46bcd0e57766228574ff3511d6eed045b182f536f0f478c1f06?s=96&d=mm&r=g","url":"https:\/\/secure.gravatar.com\/avatar\/0dbbfc45970cc46bcd0e57766228574ff3511d6eed045b182f536f0f478c1f06?s=96&d=mm&r=g","contentUrl":"https:\/\/secure.gravatar.com\/avatar\/0dbbfc45970cc46bcd0e57766228574ff3511d6eed045b182f536f0f478c1f06?s=96&d=mm&r=g","caption":"Cristian Falabella NOTICIASMERCEDINAS.COM"},"description":"Periodista, editor de Noticias Mercedinas. Pas\u00f3 por varias redacciones y emprendimientos de prensa, en distintos formatos y \u00e9pocas. Se especializ\u00f3 --y sigue haci\u00e9ndolo-- en comunicaci\u00f3n en la web y en junio de 2006 fund\u00f3 este diario digital.","sameAs":["https:\/\/noticiasmercedinas.com","https:\/\/www.facebook.com\/cristian.falabella","https:\/\/www.instagram.com\/noticiasmercedinas\/","https:\/\/x.com\/https:\/\/twitter.com\/NOTMERCEDINAS"],"url":"https:\/\/noticiasmercedinas.com\/site\/author\/as000384\/"}]}},"amp_enabled":true,"_links":{"self":[{"href":"https:\/\/noticiasmercedinas.com\/site\/wp-json\/wp\/v2\/posts\/64281","targetHints":{"allow":["GET"]}}],"collection":[{"href":"https:\/\/noticiasmercedinas.com\/site\/wp-json\/wp\/v2\/posts"}],"about":[{"href":"https:\/\/noticiasmercedinas.com\/site\/wp-json\/wp\/v2\/types\/post"}],"author":[{"embeddable":true,"href":"https:\/\/noticiasmercedinas.com\/site\/wp-json\/wp\/v2\/users\/2"}],"replies":[{"embeddable":true,"href":"https:\/\/noticiasmercedinas.com\/site\/wp-json\/wp\/v2\/comments?post=64281"}],"version-history":[{"count":5,"href":"https:\/\/noticiasmercedinas.com\/site\/wp-json\/wp\/v2\/posts\/64281\/revisions"}],"predecessor-version":[{"id":64287,"href":"https:\/\/noticiasmercedinas.com\/site\/wp-json\/wp\/v2\/posts\/64281\/revisions\/64287"}],"wp:featuredmedia":[{"embeddable":true,"href":"https:\/\/noticiasmercedinas.com\/site\/wp-json\/wp\/v2\/media\/64282"}],"wp:attachment":[{"href":"https:\/\/noticiasmercedinas.com\/site\/wp-json\/wp\/v2\/media?parent=64281"}],"wp:term":[{"taxonomy":"category","embeddable":true,"href":"https:\/\/noticiasmercedinas.com\/site\/wp-json\/wp\/v2\/categories?post=64281"},{"taxonomy":"post_tag","embeddable":true,"href":"https:\/\/noticiasmercedinas.com\/site\/wp-json\/wp\/v2\/tags?post=64281"}],"curies":[{"name":"wp","href":"https:\/\/api.w.org\/{rel}","templated":true}]}}