{"id":6443,"date":"2018-11-09T16:50:18","date_gmt":"2018-11-09T19:50:18","guid":{"rendered":"https:\/\/noticiasmercedinas.com\/site\/?p=6443"},"modified":"2018-11-09T16:55:47","modified_gmt":"2018-11-09T19:55:47","slug":"farmaceuticos-en-la-plata-seguiremos-defendiendo-la-ley-vigente","status":"publish","type":"post","link":"https:\/\/noticiasmercedinas.com\/site\/2018\/11\/09\/farmaceuticos-en-la-plata-seguiremos-defendiendo-la-ley-vigente\/","title":{"rendered":"Farmac\u00e9uticos en La Plata: \u201cSeguiremos defendiendo la Ley vigente\u201d"},"content":{"rendered":"<p><img loading=\"lazy\" decoding=\"async\" class=\"alignnone size-full wp-image-6444\" src=\"https:\/\/noticiasmercedinas.com\/site\/wp-content\/uploads\/2018\/11\/6b47754d-9c42-4e0d-ab39-9aacb37b8b9a.jpg\" alt=\"\" width=\"552\" height=\"367\" srcset=\"https:\/\/noticiasmercedinas.com\/site\/wp-content\/uploads\/2018\/11\/6b47754d-9c42-4e0d-ab39-9aacb37b8b9a.jpg 552w, https:\/\/noticiasmercedinas.com\/site\/wp-content\/uploads\/2018\/11\/6b47754d-9c42-4e0d-ab39-9aacb37b8b9a-300x199.jpg 300w\" sizes=\"auto, (max-width: 552px) 100vw, 552px\" \/><\/p>\n<p>Los farmac\u00e9uticos de Mercedes siguen unidos y en esta semana se llegaron hasta la ciudad de La Plata en defensa del modelo sanitario de farmacias en la provincia de Buenos Aires.<\/p>\n<p>El mi\u00e9rcoles los farmac\u00e9uticos mercedinos se movilizaron a Plaza Lavalle en defensa de la salud p\u00fablica. Ese d\u00eda se realiz\u00f3 la primera Audiencia P\u00fablica en la Corte Suprema de Justicia sobre el Caso Farmacity. Una semana m\u00e1s tarde, el 14 se realizar\u00e1 una segunda instancia y luego los Jueces de la Corte podr\u00e1n emitir su sentencia para que la cadena de Farmacias ingrese o no al territorio bonaerense.<\/p>\n<p>\u201cCon este primer d\u00eda de audiencia fue muy evidente, al escuchar a los distintos oradores, en que se basa cada defensa. Se puede dar uno cuenta de esto simplemente escuchando las palabras que m\u00e1s repitieron cada uno de ellos\u201d, destac\u00f3 al respecto el farmac\u00e9utico <strong>Carlos Milhomme<\/strong>, titular de la Farmacia Rubiero.<\/p>\n<p>\u201cPor la defensa de la ley vigente se hizo hincapi\u00e9 en el modelo sanitario, en los pacientes, en la accesibilidad al medicamento seguro y como bien social, en la atenci\u00f3n farmac\u00e9utica, en el respeto a la ley y entre otras cosas m\u00e1s, a la responsabilidad profesional y personal que asume el farmac\u00e9utico al ser propietario de la farmacia\u201d, agreg\u00f3.<\/p>\n<p>\u201cMientras tanto, por el lado de la empresa Farmacity se cansaron de mencionar las palabras tales como, mercado, oferta y demanda, consumidores, competencia comercial, bien de consumo, sociedad an\u00f3nima\u2026 Creemos en la Justicia y en la defensa del Modelo Sanitario y seguiremos defendiendo la Ley vigente\u201d, sostuvo Milhomme.<\/p>\n<p><img loading=\"lazy\" decoding=\"async\" class=\"alignnone size-large wp-image-6446\" src=\"https:\/\/noticiasmercedinas.com\/site\/wp-content\/uploads\/2018\/11\/92929c3d-952c-40c4-8892-8250ce60c3cc-576x1024.jpg\" alt=\"\" width=\"576\" height=\"1024\" srcset=\"https:\/\/noticiasmercedinas.com\/site\/wp-content\/uploads\/2018\/11\/92929c3d-952c-40c4-8892-8250ce60c3cc-576x1024.jpg 576w, https:\/\/noticiasmercedinas.com\/site\/wp-content\/uploads\/2018\/11\/92929c3d-952c-40c4-8892-8250ce60c3cc-169x300.jpg 169w, https:\/\/noticiasmercedinas.com\/site\/wp-content\/uploads\/2018\/11\/92929c3d-952c-40c4-8892-8250ce60c3cc-640x1138.jpg 640w, https:\/\/noticiasmercedinas.com\/site\/wp-content\/uploads\/2018\/11\/92929c3d-952c-40c4-8892-8250ce60c3cc-681x1211.jpg 681w, https:\/\/noticiasmercedinas.com\/site\/wp-content\/uploads\/2018\/11\/92929c3d-952c-40c4-8892-8250ce60c3cc.jpg 720w\" sizes=\"auto, (max-width: 576px) 100vw, 576px\" \/><\/p>\n","protected":false},"excerpt":{"rendered":"<p>Los farmac\u00e9uticos de Mercedes siguen unidos y en esta semana se llegaron hasta la ciudad de La Plata en defensa del modelo sanitario de farmacias en la provincia de Buenos Aires. El mi\u00e9rcoles los farmac\u00e9uticos mercedinos se movilizaron a Plaza Lavalle en defensa de la salud p\u00fablica. Ese d\u00eda se realiz\u00f3 la primera Audiencia P\u00fablica [&hellip;]<\/p>\n","protected":false},"author":2,"featured_media":6444,"comment_status":"open","ping_status":"open","sticky":false,"template":"","format":"standard","meta":{"footnotes":""},"categories":[3],"tags":[1511,1916,841,1917,155],"class_list":["post-6443","post","type-post","status-publish","format-standard","has-post-thumbnail","hentry","category-sociedad","tag-carlos-milhomme","tag-colegio-de-farmaceuticos","tag-farmacias","tag-farmacity","tag-la-plata"],"yoast_head":"<!-- This site is optimized with the Yoast SEO plugin v27.5 - https:\/\/yoast.com\/product\/yoast-seo-wordpress\/ -->\n<title>Farmac\u00e9uticos en La Plata: \u201cSeguiremos defendiendo la Ley vigente\u201d<\/title>\n<meta name=\"robots\" content=\"index, follow, max-snippet:-1, max-image-preview:large, max-video-preview:-1\" \/>\n<link rel=\"canonical\" href=\"https:\/\/noticiasmercedinas.com\/site\/2018\/11\/09\/farmaceuticos-en-la-plata-seguiremos-defendiendo-la-ley-vigente\/\" \/>\n<meta property=\"og:locale\" content=\"es_ES\" \/>\n<meta property=\"og:type\" content=\"article\" \/>\n<meta property=\"og:title\" content=\"Farmac\u00e9uticos en La Plata: \u201cSeguiremos defendiendo la Ley vigente\u201d\" \/>\n<meta property=\"og:description\" content=\"Los farmac\u00e9uticos de Mercedes siguen unidos y en esta semana se llegaron hasta la ciudad de La Plata en defensa del modelo sanitario de farmacias en la provincia de Buenos Aires. El mi\u00e9rcoles los farmac\u00e9uticos mercedinos se movilizaron a Plaza Lavalle en defensa de la salud p\u00fablica. Ese d\u00eda se realiz\u00f3 la primera Audiencia P\u00fablica [&hellip;]\" \/>\n<meta property=\"og:url\" content=\"https:\/\/noticiasmercedinas.com\/site\/2018\/11\/09\/farmaceuticos-en-la-plata-seguiremos-defendiendo-la-ley-vigente\/\" \/>\n<meta property=\"og:site_name\" content=\"NOTICIASMERCEDINAS.COM\" \/>\n<meta property=\"article:publisher\" content=\"https:\/\/www.facebook.com\/noticiasmercedinas\/\" \/>\n<meta property=\"article:author\" content=\"https:\/\/www.facebook.com\/cristian.falabella\" \/>\n<meta property=\"article:published_time\" content=\"2018-11-09T19:50:18+00:00\" \/>\n<meta property=\"article:modified_time\" content=\"2018-11-09T19:55:47+00:00\" \/>\n<meta property=\"og:image\" content=\"https:\/\/noticiasmercedinas.com\/site\/wp-content\/uploads\/2018\/11\/6b47754d-9c42-4e0d-ab39-9aacb37b8b9a.jpg\" \/>\n\t<meta property=\"og:image:width\" content=\"552\" \/>\n\t<meta property=\"og:image:height\" content=\"367\" \/>\n\t<meta property=\"og:image:type\" content=\"image\/jpeg\" \/>\n<meta name=\"author\" content=\"Cristian Falabella NOTICIASMERCEDINAS.COM\" \/>\n<meta name=\"twitter:card\" content=\"summary_large_image\" \/>\n<meta name=\"twitter:creator\" content=\"@https:\/\/twitter.com\/NOTMERCEDINAS\" \/>\n<meta name=\"twitter:site\" content=\"@notmercedinas\" \/>\n<meta name=\"twitter:label1\" content=\"Escrito por\" \/>\n\t<meta name=\"twitter:data1\" content=\"Cristian Falabella NOTICIASMERCEDINAS.COM\" \/>\n\t<meta name=\"twitter:label2\" content=\"Tiempo de lectura\" \/>\n\t<meta name=\"twitter:data2\" content=\"1 minuto\" \/>\n<script type=\"application\/ld+json\" class=\"yoast-schema-graph\">{\"@context\":\"https:\\\/\\\/schema.org\",\"@graph\":[{\"@type\":\"Article\",\"@id\":\"https:\\\/\\\/noticiasmercedinas.com\\\/site\\\/2018\\\/11\\\/09\\\/farmaceuticos-en-la-plata-seguiremos-defendiendo-la-ley-vigente\\\/#article\",\"isPartOf\":{\"@id\":\"https:\\\/\\\/noticiasmercedinas.com\\\/site\\\/2018\\\/11\\\/09\\\/farmaceuticos-en-la-plata-seguiremos-defendiendo-la-ley-vigente\\\/\"},\"author\":{\"name\":\"Cristian Falabella NOTICIASMERCEDINAS.COM\",\"@id\":\"https:\\\/\\\/noticiasmercedinas.com\\\/site\\\/#\\\/schema\\\/person\\\/d481a9696a5feaec13a60e2bbd991a6a\"},\"headline\":\"Farmac\u00e9uticos en La Plata: \u201cSeguiremos defendiendo la Ley vigente\u201d\",\"datePublished\":\"2018-11-09T19:50:18+00:00\",\"dateModified\":\"2018-11-09T19:55:47+00:00\",\"mainEntityOfPage\":{\"@id\":\"https:\\\/\\\/noticiasmercedinas.com\\\/site\\\/2018\\\/11\\\/09\\\/farmaceuticos-en-la-plata-seguiremos-defendiendo-la-ley-vigente\\\/\"},\"wordCount\":282,\"commentCount\":0,\"publisher\":{\"@id\":\"https:\\\/\\\/noticiasmercedinas.com\\\/site\\\/#organization\"},\"image\":{\"@id\":\"https:\\\/\\\/noticiasmercedinas.com\\\/site\\\/2018\\\/11\\\/09\\\/farmaceuticos-en-la-plata-seguiremos-defendiendo-la-ley-vigente\\\/#primaryimage\"},\"thumbnailUrl\":\"https:\\\/\\\/noticiasmercedinas.com\\\/site\\\/wp-content\\\/uploads\\\/2018\\\/11\\\/6b47754d-9c42-4e0d-ab39-9aacb37b8b9a.jpg\",\"keywords\":[\"carlos milhomme\",\"colegio de farmaceuticos\",\"farmacias\",\"farmacity\",\"la plata\"],\"articleSection\":[\"Sociedad\"],\"inLanguage\":\"es\",\"potentialAction\":[{\"@type\":\"CommentAction\",\"name\":\"Comment\",\"target\":[\"https:\\\/\\\/noticiasmercedinas.com\\\/site\\\/2018\\\/11\\\/09\\\/farmaceuticos-en-la-plata-seguiremos-defendiendo-la-ley-vigente\\\/#respond\"]}]},{\"@type\":\"WebPage\",\"@id\":\"https:\\\/\\\/noticiasmercedinas.com\\\/site\\\/2018\\\/11\\\/09\\\/farmaceuticos-en-la-plata-seguiremos-defendiendo-la-ley-vigente\\\/\",\"url\":\"https:\\\/\\\/noticiasmercedinas.com\\\/site\\\/2018\\\/11\\\/09\\\/farmaceuticos-en-la-plata-seguiremos-defendiendo-la-ley-vigente\\\/\",\"name\":\"Farmac\u00e9uticos en La Plata: \u201cSeguiremos defendiendo la Ley vigente\u201d\",\"isPartOf\":{\"@id\":\"https:\\\/\\\/noticiasmercedinas.com\\\/site\\\/#website\"},\"primaryImageOfPage\":{\"@id\":\"https:\\\/\\\/noticiasmercedinas.com\\\/site\\\/2018\\\/11\\\/09\\\/farmaceuticos-en-la-plata-seguiremos-defendiendo-la-ley-vigente\\\/#primaryimage\"},\"image\":{\"@id\":\"https:\\\/\\\/noticiasmercedinas.com\\\/site\\\/2018\\\/11\\\/09\\\/farmaceuticos-en-la-plata-seguiremos-defendiendo-la-ley-vigente\\\/#primaryimage\"},\"thumbnailUrl\":\"https:\\\/\\\/noticiasmercedinas.com\\\/site\\\/wp-content\\\/uploads\\\/2018\\\/11\\\/6b47754d-9c42-4e0d-ab39-9aacb37b8b9a.jpg\",\"datePublished\":\"2018-11-09T19:50:18+00:00\",\"dateModified\":\"2018-11-09T19:55:47+00:00\",\"breadcrumb\":{\"@id\":\"https:\\\/\\\/noticiasmercedinas.com\\\/site\\\/2018\\\/11\\\/09\\\/farmaceuticos-en-la-plata-seguiremos-defendiendo-la-ley-vigente\\\/#breadcrumb\"},\"inLanguage\":\"es\",\"potentialAction\":[{\"@type\":\"ReadAction\",\"target\":[\"https:\\\/\\\/noticiasmercedinas.com\\\/site\\\/2018\\\/11\\\/09\\\/farmaceuticos-en-la-plata-seguiremos-defendiendo-la-ley-vigente\\\/\"]}]},{\"@type\":\"ImageObject\",\"inLanguage\":\"es\",\"@id\":\"https:\\\/\\\/noticiasmercedinas.com\\\/site\\\/2018\\\/11\\\/09\\\/farmaceuticos-en-la-plata-seguiremos-defendiendo-la-ley-vigente\\\/#primaryimage\",\"url\":\"https:\\\/\\\/noticiasmercedinas.com\\\/site\\\/wp-content\\\/uploads\\\/2018\\\/11\\\/6b47754d-9c42-4e0d-ab39-9aacb37b8b9a.jpg\",\"contentUrl\":\"https:\\\/\\\/noticiasmercedinas.com\\\/site\\\/wp-content\\\/uploads\\\/2018\\\/11\\\/6b47754d-9c42-4e0d-ab39-9aacb37b8b9a.jpg\",\"width\":552,\"height\":367},{\"@type\":\"BreadcrumbList\",\"@id\":\"https:\\\/\\\/noticiasmercedinas.com\\\/site\\\/2018\\\/11\\\/09\\\/farmaceuticos-en-la-plata-seguiremos-defendiendo-la-ley-vigente\\\/#breadcrumb\",\"itemListElement\":[{\"@type\":\"ListItem\",\"position\":1,\"name\":\"Portada\",\"item\":\"https:\\\/\\\/noticiasmercedinas.com\\\/site\\\/\"},{\"@type\":\"ListItem\",\"position\":2,\"name\":\"Farmac\u00e9uticos en La Plata: \u201cSeguiremos defendiendo la Ley vigente\u201d\"}]},{\"@type\":\"WebSite\",\"@id\":\"https:\\\/\\\/noticiasmercedinas.com\\\/site\\\/#website\",\"url\":\"https:\\\/\\\/noticiasmercedinas.com\\\/site\\\/\",\"name\":\"NOTICIASMERCEDINAS.COM\",\"description\":\"Mercedes, Buenos Aires, Argentina\",\"publisher\":{\"@id\":\"https:\\\/\\\/noticiasmercedinas.com\\\/site\\\/#organization\"},\"potentialAction\":[{\"@type\":\"SearchAction\",\"target\":{\"@type\":\"EntryPoint\",\"urlTemplate\":\"https:\\\/\\\/noticiasmercedinas.com\\\/site\\\/?s={search_term_string}\"},\"query-input\":{\"@type\":\"PropertyValueSpecification\",\"valueRequired\":true,\"valueName\":\"search_term_string\"}}],\"inLanguage\":\"es\"},{\"@type\":\"Organization\",\"@id\":\"https:\\\/\\\/noticiasmercedinas.com\\\/site\\\/#organization\",\"name\":\"NOTICIASMERCEDINAS.COM\",\"url\":\"https:\\\/\\\/noticiasmercedinas.com\\\/site\\\/\",\"logo\":{\"@type\":\"ImageObject\",\"inLanguage\":\"es\",\"@id\":\"https:\\\/\\\/noticiasmercedinas.com\\\/site\\\/#\\\/schema\\\/logo\\\/image\\\/\",\"url\":\"https:\\\/\\\/noticiasmercedinas.com\\\/site\\\/wp-content\\\/uploads\\\/2020\\\/06\\\/LOGO-512.jpg\",\"contentUrl\":\"https:\\\/\\\/noticiasmercedinas.com\\\/site\\\/wp-content\\\/uploads\\\/2020\\\/06\\\/LOGO-512.jpg\",\"width\":512,\"height\":512,\"caption\":\"NOTICIASMERCEDINAS.COM\"},\"image\":{\"@id\":\"https:\\\/\\\/noticiasmercedinas.com\\\/site\\\/#\\\/schema\\\/logo\\\/image\\\/\"},\"sameAs\":[\"https:\\\/\\\/www.facebook.com\\\/noticiasmercedinas\\\/\",\"https:\\\/\\\/x.com\\\/notmercedinas\",\"https:\\\/\\\/www.instagram.com\\\/noticiasmercedinas\\\/\"]},{\"@type\":\"Person\",\"@id\":\"https:\\\/\\\/noticiasmercedinas.com\\\/site\\\/#\\\/schema\\\/person\\\/d481a9696a5feaec13a60e2bbd991a6a\",\"name\":\"Cristian Falabella NOTICIASMERCEDINAS.COM\",\"image\":{\"@type\":\"ImageObject\",\"inLanguage\":\"es\",\"@id\":\"https:\\\/\\\/secure.gravatar.com\\\/avatar\\\/0dbbfc45970cc46bcd0e57766228574ff3511d6eed045b182f536f0f478c1f06?s=96&d=mm&r=g\",\"url\":\"https:\\\/\\\/secure.gravatar.com\\\/avatar\\\/0dbbfc45970cc46bcd0e57766228574ff3511d6eed045b182f536f0f478c1f06?s=96&d=mm&r=g\",\"contentUrl\":\"https:\\\/\\\/secure.gravatar.com\\\/avatar\\\/0dbbfc45970cc46bcd0e57766228574ff3511d6eed045b182f536f0f478c1f06?s=96&d=mm&r=g\",\"caption\":\"Cristian Falabella NOTICIASMERCEDINAS.COM\"},\"description\":\"Periodista, editor de Noticias Mercedinas. Pas\u00f3 por varias redacciones y emprendimientos de prensa, en distintos formatos y \u00e9pocas. Se especializ\u00f3 --y sigue haci\u00e9ndolo-- en comunicaci\u00f3n en la web y en junio de 2006 fund\u00f3 este diario digital.\",\"sameAs\":[\"https:\\\/\\\/noticiasmercedinas.com\",\"https:\\\/\\\/www.facebook.com\\\/cristian.falabella\",\"https:\\\/\\\/www.instagram.com\\\/noticiasmercedinas\\\/\",\"https:\\\/\\\/x.com\\\/https:\\\/\\\/twitter.com\\\/NOTMERCEDINAS\"],\"url\":\"https:\\\/\\\/noticiasmercedinas.com\\\/site\\\/author\\\/as000384\\\/\"}]}<\/script>\n<!-- \/ Yoast SEO plugin. -->","yoast_head_json":{"title":"Farmac\u00e9uticos en La Plata: \u201cSeguiremos defendiendo la Ley vigente\u201d","robots":{"index":"index","follow":"follow","max-snippet":"max-snippet:-1","max-image-preview":"max-image-preview:large","max-video-preview":"max-video-preview:-1"},"canonical":"https:\/\/noticiasmercedinas.com\/site\/2018\/11\/09\/farmaceuticos-en-la-plata-seguiremos-defendiendo-la-ley-vigente\/","og_locale":"es_ES","og_type":"article","og_title":"Farmac\u00e9uticos en La Plata: \u201cSeguiremos defendiendo la Ley vigente\u201d","og_description":"Los farmac\u00e9uticos de Mercedes siguen unidos y en esta semana se llegaron hasta la ciudad de La Plata en defensa del modelo sanitario de farmacias en la provincia de Buenos Aires. El mi\u00e9rcoles los farmac\u00e9uticos mercedinos se movilizaron a Plaza Lavalle en defensa de la salud p\u00fablica. Ese d\u00eda se realiz\u00f3 la primera Audiencia P\u00fablica [&hellip;]","og_url":"https:\/\/noticiasmercedinas.com\/site\/2018\/11\/09\/farmaceuticos-en-la-plata-seguiremos-defendiendo-la-ley-vigente\/","og_site_name":"NOTICIASMERCEDINAS.COM","article_publisher":"https:\/\/www.facebook.com\/noticiasmercedinas\/","article_author":"https:\/\/www.facebook.com\/cristian.falabella","article_published_time":"2018-11-09T19:50:18+00:00","article_modified_time":"2018-11-09T19:55:47+00:00","og_image":[{"width":552,"height":367,"url":"https:\/\/noticiasmercedinas.com\/site\/wp-content\/uploads\/2018\/11\/6b47754d-9c42-4e0d-ab39-9aacb37b8b9a.jpg","type":"image\/jpeg"}],"author":"Cristian Falabella NOTICIASMERCEDINAS.COM","twitter_card":"summary_large_image","twitter_creator":"@https:\/\/twitter.com\/NOTMERCEDINAS","twitter_site":"@notmercedinas","twitter_misc":{"Escrito por":"Cristian Falabella NOTICIASMERCEDINAS.COM","Tiempo de lectura":"1 minuto"},"schema":{"@context":"https:\/\/schema.org","@graph":[{"@type":"Article","@id":"https:\/\/noticiasmercedinas.com\/site\/2018\/11\/09\/farmaceuticos-en-la-plata-seguiremos-defendiendo-la-ley-vigente\/#article","isPartOf":{"@id":"https:\/\/noticiasmercedinas.com\/site\/2018\/11\/09\/farmaceuticos-en-la-plata-seguiremos-defendiendo-la-ley-vigente\/"},"author":{"name":"Cristian Falabella NOTICIASMERCEDINAS.COM","@id":"https:\/\/noticiasmercedinas.com\/site\/#\/schema\/person\/d481a9696a5feaec13a60e2bbd991a6a"},"headline":"Farmac\u00e9uticos en La Plata: \u201cSeguiremos defendiendo la Ley vigente\u201d","datePublished":"2018-11-09T19:50:18+00:00","dateModified":"2018-11-09T19:55:47+00:00","mainEntityOfPage":{"@id":"https:\/\/noticiasmercedinas.com\/site\/2018\/11\/09\/farmaceuticos-en-la-plata-seguiremos-defendiendo-la-ley-vigente\/"},"wordCount":282,"commentCount":0,"publisher":{"@id":"https:\/\/noticiasmercedinas.com\/site\/#organization"},"image":{"@id":"https:\/\/noticiasmercedinas.com\/site\/2018\/11\/09\/farmaceuticos-en-la-plata-seguiremos-defendiendo-la-ley-vigente\/#primaryimage"},"thumbnailUrl":"https:\/\/noticiasmercedinas.com\/site\/wp-content\/uploads\/2018\/11\/6b47754d-9c42-4e0d-ab39-9aacb37b8b9a.jpg","keywords":["carlos milhomme","colegio de farmaceuticos","farmacias","farmacity","la plata"],"articleSection":["Sociedad"],"inLanguage":"es","potentialAction":[{"@type":"CommentAction","name":"Comment","target":["https:\/\/noticiasmercedinas.com\/site\/2018\/11\/09\/farmaceuticos-en-la-plata-seguiremos-defendiendo-la-ley-vigente\/#respond"]}]},{"@type":"WebPage","@id":"https:\/\/noticiasmercedinas.com\/site\/2018\/11\/09\/farmaceuticos-en-la-plata-seguiremos-defendiendo-la-ley-vigente\/","url":"https:\/\/noticiasmercedinas.com\/site\/2018\/11\/09\/farmaceuticos-en-la-plata-seguiremos-defendiendo-la-ley-vigente\/","name":"Farmac\u00e9uticos en La Plata: \u201cSeguiremos defendiendo la Ley vigente\u201d","isPartOf":{"@id":"https:\/\/noticiasmercedinas.com\/site\/#website"},"primaryImageOfPage":{"@id":"https:\/\/noticiasmercedinas.com\/site\/2018\/11\/09\/farmaceuticos-en-la-plata-seguiremos-defendiendo-la-ley-vigente\/#primaryimage"},"image":{"@id":"https:\/\/noticiasmercedinas.com\/site\/2018\/11\/09\/farmaceuticos-en-la-plata-seguiremos-defendiendo-la-ley-vigente\/#primaryimage"},"thumbnailUrl":"https:\/\/noticiasmercedinas.com\/site\/wp-content\/uploads\/2018\/11\/6b47754d-9c42-4e0d-ab39-9aacb37b8b9a.jpg","datePublished":"2018-11-09T19:50:18+00:00","dateModified":"2018-11-09T19:55:47+00:00","breadcrumb":{"@id":"https:\/\/noticiasmercedinas.com\/site\/2018\/11\/09\/farmaceuticos-en-la-plata-seguiremos-defendiendo-la-ley-vigente\/#breadcrumb"},"inLanguage":"es","potentialAction":[{"@type":"ReadAction","target":["https:\/\/noticiasmercedinas.com\/site\/2018\/11\/09\/farmaceuticos-en-la-plata-seguiremos-defendiendo-la-ley-vigente\/"]}]},{"@type":"ImageObject","inLanguage":"es","@id":"https:\/\/noticiasmercedinas.com\/site\/2018\/11\/09\/farmaceuticos-en-la-plata-seguiremos-defendiendo-la-ley-vigente\/#primaryimage","url":"https:\/\/noticiasmercedinas.com\/site\/wp-content\/uploads\/2018\/11\/6b47754d-9c42-4e0d-ab39-9aacb37b8b9a.jpg","contentUrl":"https:\/\/noticiasmercedinas.com\/site\/wp-content\/uploads\/2018\/11\/6b47754d-9c42-4e0d-ab39-9aacb37b8b9a.jpg","width":552,"height":367},{"@type":"BreadcrumbList","@id":"https:\/\/noticiasmercedinas.com\/site\/2018\/11\/09\/farmaceuticos-en-la-plata-seguiremos-defendiendo-la-ley-vigente\/#breadcrumb","itemListElement":[{"@type":"ListItem","position":1,"name":"Portada","item":"https:\/\/noticiasmercedinas.com\/site\/"},{"@type":"ListItem","position":2,"name":"Farmac\u00e9uticos en La Plata: \u201cSeguiremos defendiendo la Ley vigente\u201d"}]},{"@type":"WebSite","@id":"https:\/\/noticiasmercedinas.com\/site\/#website","url":"https:\/\/noticiasmercedinas.com\/site\/","name":"NOTICIASMERCEDINAS.COM","description":"Mercedes, Buenos Aires, Argentina","publisher":{"@id":"https:\/\/noticiasmercedinas.com\/site\/#organization"},"potentialAction":[{"@type":"SearchAction","target":{"@type":"EntryPoint","urlTemplate":"https:\/\/noticiasmercedinas.com\/site\/?s={search_term_string}"},"query-input":{"@type":"PropertyValueSpecification","valueRequired":true,"valueName":"search_term_string"}}],"inLanguage":"es"},{"@type":"Organization","@id":"https:\/\/noticiasmercedinas.com\/site\/#organization","name":"NOTICIASMERCEDINAS.COM","url":"https:\/\/noticiasmercedinas.com\/site\/","logo":{"@type":"ImageObject","inLanguage":"es","@id":"https:\/\/noticiasmercedinas.com\/site\/#\/schema\/logo\/image\/","url":"https:\/\/noticiasmercedinas.com\/site\/wp-content\/uploads\/2020\/06\/LOGO-512.jpg","contentUrl":"https:\/\/noticiasmercedinas.com\/site\/wp-content\/uploads\/2020\/06\/LOGO-512.jpg","width":512,"height":512,"caption":"NOTICIASMERCEDINAS.COM"},"image":{"@id":"https:\/\/noticiasmercedinas.com\/site\/#\/schema\/logo\/image\/"},"sameAs":["https:\/\/www.facebook.com\/noticiasmercedinas\/","https:\/\/x.com\/notmercedinas","https:\/\/www.instagram.com\/noticiasmercedinas\/"]},{"@type":"Person","@id":"https:\/\/noticiasmercedinas.com\/site\/#\/schema\/person\/d481a9696a5feaec13a60e2bbd991a6a","name":"Cristian Falabella NOTICIASMERCEDINAS.COM","image":{"@type":"ImageObject","inLanguage":"es","@id":"https:\/\/secure.gravatar.com\/avatar\/0dbbfc45970cc46bcd0e57766228574ff3511d6eed045b182f536f0f478c1f06?s=96&d=mm&r=g","url":"https:\/\/secure.gravatar.com\/avatar\/0dbbfc45970cc46bcd0e57766228574ff3511d6eed045b182f536f0f478c1f06?s=96&d=mm&r=g","contentUrl":"https:\/\/secure.gravatar.com\/avatar\/0dbbfc45970cc46bcd0e57766228574ff3511d6eed045b182f536f0f478c1f06?s=96&d=mm&r=g","caption":"Cristian Falabella NOTICIASMERCEDINAS.COM"},"description":"Periodista, editor de Noticias Mercedinas. Pas\u00f3 por varias redacciones y emprendimientos de prensa, en distintos formatos y \u00e9pocas. Se especializ\u00f3 --y sigue haci\u00e9ndolo-- en comunicaci\u00f3n en la web y en junio de 2006 fund\u00f3 este diario digital.","sameAs":["https:\/\/noticiasmercedinas.com","https:\/\/www.facebook.com\/cristian.falabella","https:\/\/www.instagram.com\/noticiasmercedinas\/","https:\/\/x.com\/https:\/\/twitter.com\/NOTMERCEDINAS"],"url":"https:\/\/noticiasmercedinas.com\/site\/author\/as000384\/"}]}},"amp_enabled":true,"_links":{"self":[{"href":"https:\/\/noticiasmercedinas.com\/site\/wp-json\/wp\/v2\/posts\/6443","targetHints":{"allow":["GET"]}}],"collection":[{"href":"https:\/\/noticiasmercedinas.com\/site\/wp-json\/wp\/v2\/posts"}],"about":[{"href":"https:\/\/noticiasmercedinas.com\/site\/wp-json\/wp\/v2\/types\/post"}],"author":[{"embeddable":true,"href":"https:\/\/noticiasmercedinas.com\/site\/wp-json\/wp\/v2\/users\/2"}],"replies":[{"embeddable":true,"href":"https:\/\/noticiasmercedinas.com\/site\/wp-json\/wp\/v2\/comments?post=6443"}],"version-history":[{"count":2,"href":"https:\/\/noticiasmercedinas.com\/site\/wp-json\/wp\/v2\/posts\/6443\/revisions"}],"predecessor-version":[{"id":6447,"href":"https:\/\/noticiasmercedinas.com\/site\/wp-json\/wp\/v2\/posts\/6443\/revisions\/6447"}],"wp:featuredmedia":[{"embeddable":true,"href":"https:\/\/noticiasmercedinas.com\/site\/wp-json\/wp\/v2\/media\/6444"}],"wp:attachment":[{"href":"https:\/\/noticiasmercedinas.com\/site\/wp-json\/wp\/v2\/media?parent=6443"}],"wp:term":[{"taxonomy":"category","embeddable":true,"href":"https:\/\/noticiasmercedinas.com\/site\/wp-json\/wp\/v2\/categories?post=6443"},{"taxonomy":"post_tag","embeddable":true,"href":"https:\/\/noticiasmercedinas.com\/site\/wp-json\/wp\/v2\/tags?post=6443"}],"curies":[{"name":"wp","href":"https:\/\/api.w.org\/{rel}","templated":true}]}}