{"id":64649,"date":"2021-04-02T09:39:39","date_gmt":"2021-04-02T12:39:39","guid":{"rendered":"https:\/\/noticiasmercedinas.com\/site\/?p=64649"},"modified":"2021-04-02T09:39:39","modified_gmt":"2021-04-02T12:39:39","slug":"chivilcoy-recibira-335-millones-en-el-marco-del-programa-preimba","status":"publish","type":"post","link":"https:\/\/noticiasmercedinas.com\/site\/2021\/04\/02\/chivilcoy-recibira-335-millones-en-el-marco-del-programa-preimba\/","title":{"rendered":"Chivilcoy recibir\u00e1 33,5 millones en el marco del Programa PREIMBA"},"content":{"rendered":"<p><img loading=\"lazy\" decoding=\"async\" class=\"alignnone size-full wp-image-64650\" src=\"https:\/\/noticiasmercedinas.com\/site\/wp-content\/uploads\/2021\/04\/chivilcoy-14.jpg\" alt=\"\" width=\"1024\" height=\"683\" srcset=\"https:\/\/noticiasmercedinas.com\/site\/wp-content\/uploads\/2021\/04\/chivilcoy-14.jpg 1024w, https:\/\/noticiasmercedinas.com\/site\/wp-content\/uploads\/2021\/04\/chivilcoy-14-300x200.jpg 300w, https:\/\/noticiasmercedinas.com\/site\/wp-content\/uploads\/2021\/04\/chivilcoy-14-768x512.jpg 768w, https:\/\/noticiasmercedinas.com\/site\/wp-content\/uploads\/2021\/04\/chivilcoy-14-1022x683.jpg 1022w, https:\/\/noticiasmercedinas.com\/site\/wp-content\/uploads\/2021\/04\/chivilcoy-14-640x427.jpg 640w, https:\/\/noticiasmercedinas.com\/site\/wp-content\/uploads\/2021\/04\/chivilcoy-14-681x454.jpg 681w\" sizes=\"auto, (max-width: 1024px) 100vw, 1024px\" \/><\/p>\n<p>A trav\u00e9s de una ley que aprob\u00f3 el Congreso de la Naci\u00f3n en el 2020, por un proyecto presentado por el diputado nacional de Juntos por el Cambio Cristian Ritondo, se repartir\u00e1n 5 mil millones de pesos entre todos los municipios de la provincia de Buenos Aires para obras de infraestructura.<\/p>\n<p>Los fondos llegar\u00e1n en el marco del Programa de Emergencia de Infraestructura Municipal de la provincia de Buenos Aires (PREIMBA). En el caso de Chivilcoy ser\u00e1n $33.567.500 para la realizaci\u00f3n de 15 cuadras de cord\u00f3n cuneta y asfalto.<\/p>\n<p>\u201cEstas cuadras incluyen la calle B\u00e1ncora desde la segunda circunvalaci\u00f3n hasta la Guardia del Hospital y el regreso por la calle Ameghino, hasta la avenida Lisandro de La Torre; m\u00e1s las calles Boquer\u00f3n y Soler, entre Juana Manso e Italia\u201d, se\u00f1al\u00f3 el intendente Guillermo Britos.<\/p>\n<blockquote><p>\u00abLes pedimos que a los que solamente comentan que, a un a\u00f1o y cuatro meses de la gesti\u00f3n del Frente de Todos tanto a nivel provincial como nacional, gestionen alguna obra en beneficio de los chivilcoyanos\u00bb, dijo Britos<\/p><\/blockquote>\n<p>\u201cSon obras para toda la provincia, que agradecemos pero que tienen origen claro y concreto. No hubo ninguna otra gesti\u00f3n m\u00e1s que la llevada adelante por el secretario de Obras y Servicios P\u00fablicos y yo\u201d, afirm\u00f3 Britos.<\/p>\n<p>\u201cLos dem\u00e1s son tan s\u00f3lo \u201ccomentaristas\u201d de la noticia, por eso les pedimos que a los que solamente comentan que, a un a\u00f1o y cuatro meses de la gesti\u00f3n del Frente de Todos tanto a nivel provincial como nacional, gestionen alguna obra en beneficio de los chivilcoyanos\u201d, finaliz\u00f3 el jefe comunal.<\/p>\n","protected":false},"excerpt":{"rendered":"<p>A trav\u00e9s de una ley que aprob\u00f3 el Congreso de la Naci\u00f3n en el 2020, por un proyecto presentado por el diputado nacional de Juntos por el Cambio Cristian Ritondo, se repartir\u00e1n 5 mil millones de pesos entre todos los municipios de la provincia de Buenos Aires para obras de infraestructura. Los fondos llegar\u00e1n en [&hellip;]<\/p>\n","protected":false},"author":16,"featured_media":64650,"comment_status":"open","ping_status":"open","sticky":false,"template":"","format":"standard","meta":{"footnotes":""},"categories":[139],"tags":[203,837,36],"class_list":["post-64649","post","type-post","status-publish","format-standard","has-post-thumbnail","hentry","category-regionales","tag-chivilcoy","tag-guillermo-britos","tag-obras"],"yoast_head":"<!-- This site is optimized with the Yoast SEO plugin v27.4 - https:\/\/yoast.com\/product\/yoast-seo-wordpress\/ -->\n<title>Chivilcoy recibir\u00e1 33,5 millones en el marco del Programa PREIMBA<\/title>\n<meta name=\"robots\" content=\"index, follow, max-snippet:-1, max-image-preview:large, max-video-preview:-1\" \/>\n<link rel=\"canonical\" href=\"https:\/\/noticiasmercedinas.com\/site\/2021\/04\/02\/chivilcoy-recibira-335-millones-en-el-marco-del-programa-preimba\/\" \/>\n<meta property=\"og:locale\" content=\"es_ES\" \/>\n<meta property=\"og:type\" content=\"article\" \/>\n<meta property=\"og:title\" content=\"Chivilcoy recibir\u00e1 33,5 millones en el marco del Programa PREIMBA\" \/>\n<meta property=\"og:description\" content=\"A trav\u00e9s de una ley que aprob\u00f3 el Congreso de la Naci\u00f3n en el 2020, por un proyecto presentado por el diputado nacional de Juntos por el Cambio Cristian Ritondo, se repartir\u00e1n 5 mil millones de pesos entre todos los municipios de la provincia de Buenos Aires para obras de infraestructura. Los fondos llegar\u00e1n en [&hellip;]\" \/>\n<meta property=\"og:url\" content=\"https:\/\/noticiasmercedinas.com\/site\/2021\/04\/02\/chivilcoy-recibira-335-millones-en-el-marco-del-programa-preimba\/\" \/>\n<meta property=\"og:site_name\" content=\"NOTICIASMERCEDINAS.COM\" \/>\n<meta property=\"article:publisher\" content=\"https:\/\/www.facebook.com\/noticiasmercedinas\/\" \/>\n<meta property=\"article:published_time\" content=\"2021-04-02T12:39:39+00:00\" \/>\n<meta property=\"og:image\" content=\"https:\/\/noticiasmercedinas.com\/site\/wp-content\/uploads\/2021\/04\/chivilcoy-14.jpg\" \/>\n\t<meta property=\"og:image:width\" content=\"1024\" \/>\n\t<meta property=\"og:image:height\" content=\"683\" \/>\n\t<meta property=\"og:image:type\" content=\"image\/jpeg\" \/>\n<meta name=\"author\" content=\"NOTICIASMERCEDINAS.COM\" \/>\n<meta name=\"twitter:card\" content=\"summary_large_image\" \/>\n<meta name=\"twitter:creator\" content=\"@notmercedinas\" \/>\n<meta name=\"twitter:site\" content=\"@notmercedinas\" \/>\n<meta name=\"twitter:label1\" content=\"Escrito por\" \/>\n\t<meta name=\"twitter:data1\" content=\"NOTICIASMERCEDINAS.COM\" \/>\n\t<meta name=\"twitter:label2\" content=\"Tiempo de lectura\" \/>\n\t<meta name=\"twitter:data2\" content=\"2 minutos\" \/>\n<script type=\"application\/ld+json\" class=\"yoast-schema-graph\">{\"@context\":\"https:\\\/\\\/schema.org\",\"@graph\":[{\"@type\":\"Article\",\"@id\":\"https:\\\/\\\/noticiasmercedinas.com\\\/site\\\/2021\\\/04\\\/02\\\/chivilcoy-recibira-335-millones-en-el-marco-del-programa-preimba\\\/#article\",\"isPartOf\":{\"@id\":\"https:\\\/\\\/noticiasmercedinas.com\\\/site\\\/2021\\\/04\\\/02\\\/chivilcoy-recibira-335-millones-en-el-marco-del-programa-preimba\\\/\"},\"author\":{\"name\":\"NOTICIASMERCEDINAS.COM\",\"@id\":\"https:\\\/\\\/noticiasmercedinas.com\\\/site\\\/#\\\/schema\\\/person\\\/84b59c099c28ff2e8b77d4ceec5d8063\"},\"headline\":\"Chivilcoy recibir\u00e1 33,5 millones en el marco del Programa PREIMBA\",\"datePublished\":\"2021-04-02T12:39:39+00:00\",\"mainEntityOfPage\":{\"@id\":\"https:\\\/\\\/noticiasmercedinas.com\\\/site\\\/2021\\\/04\\\/02\\\/chivilcoy-recibira-335-millones-en-el-marco-del-programa-preimba\\\/\"},\"wordCount\":286,\"commentCount\":0,\"publisher\":{\"@id\":\"https:\\\/\\\/noticiasmercedinas.com\\\/site\\\/#organization\"},\"image\":{\"@id\":\"https:\\\/\\\/noticiasmercedinas.com\\\/site\\\/2021\\\/04\\\/02\\\/chivilcoy-recibira-335-millones-en-el-marco-del-programa-preimba\\\/#primaryimage\"},\"thumbnailUrl\":\"https:\\\/\\\/noticiasmercedinas.com\\\/site\\\/wp-content\\\/uploads\\\/2021\\\/04\\\/chivilcoy-14.jpg\",\"keywords\":[\"chivilcoy\",\"Guillermo Britos\",\"obras\"],\"articleSection\":[\"Regionales\"],\"inLanguage\":\"es\",\"potentialAction\":[{\"@type\":\"CommentAction\",\"name\":\"Comment\",\"target\":[\"https:\\\/\\\/noticiasmercedinas.com\\\/site\\\/2021\\\/04\\\/02\\\/chivilcoy-recibira-335-millones-en-el-marco-del-programa-preimba\\\/#respond\"]}]},{\"@type\":\"WebPage\",\"@id\":\"https:\\\/\\\/noticiasmercedinas.com\\\/site\\\/2021\\\/04\\\/02\\\/chivilcoy-recibira-335-millones-en-el-marco-del-programa-preimba\\\/\",\"url\":\"https:\\\/\\\/noticiasmercedinas.com\\\/site\\\/2021\\\/04\\\/02\\\/chivilcoy-recibira-335-millones-en-el-marco-del-programa-preimba\\\/\",\"name\":\"Chivilcoy recibir\u00e1 33,5 millones en el marco del Programa PREIMBA\",\"isPartOf\":{\"@id\":\"https:\\\/\\\/noticiasmercedinas.com\\\/site\\\/#website\"},\"primaryImageOfPage\":{\"@id\":\"https:\\\/\\\/noticiasmercedinas.com\\\/site\\\/2021\\\/04\\\/02\\\/chivilcoy-recibira-335-millones-en-el-marco-del-programa-preimba\\\/#primaryimage\"},\"image\":{\"@id\":\"https:\\\/\\\/noticiasmercedinas.com\\\/site\\\/2021\\\/04\\\/02\\\/chivilcoy-recibira-335-millones-en-el-marco-del-programa-preimba\\\/#primaryimage\"},\"thumbnailUrl\":\"https:\\\/\\\/noticiasmercedinas.com\\\/site\\\/wp-content\\\/uploads\\\/2021\\\/04\\\/chivilcoy-14.jpg\",\"datePublished\":\"2021-04-02T12:39:39+00:00\",\"breadcrumb\":{\"@id\":\"https:\\\/\\\/noticiasmercedinas.com\\\/site\\\/2021\\\/04\\\/02\\\/chivilcoy-recibira-335-millones-en-el-marco-del-programa-preimba\\\/#breadcrumb\"},\"inLanguage\":\"es\",\"potentialAction\":[{\"@type\":\"ReadAction\",\"target\":[\"https:\\\/\\\/noticiasmercedinas.com\\\/site\\\/2021\\\/04\\\/02\\\/chivilcoy-recibira-335-millones-en-el-marco-del-programa-preimba\\\/\"]}]},{\"@type\":\"ImageObject\",\"inLanguage\":\"es\",\"@id\":\"https:\\\/\\\/noticiasmercedinas.com\\\/site\\\/2021\\\/04\\\/02\\\/chivilcoy-recibira-335-millones-en-el-marco-del-programa-preimba\\\/#primaryimage\",\"url\":\"https:\\\/\\\/noticiasmercedinas.com\\\/site\\\/wp-content\\\/uploads\\\/2021\\\/04\\\/chivilcoy-14.jpg\",\"contentUrl\":\"https:\\\/\\\/noticiasmercedinas.com\\\/site\\\/wp-content\\\/uploads\\\/2021\\\/04\\\/chivilcoy-14.jpg\",\"width\":1024,\"height\":683},{\"@type\":\"BreadcrumbList\",\"@id\":\"https:\\\/\\\/noticiasmercedinas.com\\\/site\\\/2021\\\/04\\\/02\\\/chivilcoy-recibira-335-millones-en-el-marco-del-programa-preimba\\\/#breadcrumb\",\"itemListElement\":[{\"@type\":\"ListItem\",\"position\":1,\"name\":\"Portada\",\"item\":\"https:\\\/\\\/noticiasmercedinas.com\\\/site\\\/\"},{\"@type\":\"ListItem\",\"position\":2,\"name\":\"Chivilcoy recibir\u00e1 33,5 millones en el marco del Programa PREIMBA\"}]},{\"@type\":\"WebSite\",\"@id\":\"https:\\\/\\\/noticiasmercedinas.com\\\/site\\\/#website\",\"url\":\"https:\\\/\\\/noticiasmercedinas.com\\\/site\\\/\",\"name\":\"NOTICIASMERCEDINAS.COM\",\"description\":\"Mercedes, Buenos Aires, Argentina\",\"publisher\":{\"@id\":\"https:\\\/\\\/noticiasmercedinas.com\\\/site\\\/#organization\"},\"potentialAction\":[{\"@type\":\"SearchAction\",\"target\":{\"@type\":\"EntryPoint\",\"urlTemplate\":\"https:\\\/\\\/noticiasmercedinas.com\\\/site\\\/?s={search_term_string}\"},\"query-input\":{\"@type\":\"PropertyValueSpecification\",\"valueRequired\":true,\"valueName\":\"search_term_string\"}}],\"inLanguage\":\"es\"},{\"@type\":\"Organization\",\"@id\":\"https:\\\/\\\/noticiasmercedinas.com\\\/site\\\/#organization\",\"name\":\"NOTICIASMERCEDINAS.COM\",\"url\":\"https:\\\/\\\/noticiasmercedinas.com\\\/site\\\/\",\"logo\":{\"@type\":\"ImageObject\",\"inLanguage\":\"es\",\"@id\":\"https:\\\/\\\/noticiasmercedinas.com\\\/site\\\/#\\\/schema\\\/logo\\\/image\\\/\",\"url\":\"https:\\\/\\\/noticiasmercedinas.com\\\/site\\\/wp-content\\\/uploads\\\/2020\\\/06\\\/LOGO-512.jpg\",\"contentUrl\":\"https:\\\/\\\/noticiasmercedinas.com\\\/site\\\/wp-content\\\/uploads\\\/2020\\\/06\\\/LOGO-512.jpg\",\"width\":512,\"height\":512,\"caption\":\"NOTICIASMERCEDINAS.COM\"},\"image\":{\"@id\":\"https:\\\/\\\/noticiasmercedinas.com\\\/site\\\/#\\\/schema\\\/logo\\\/image\\\/\"},\"sameAs\":[\"https:\\\/\\\/www.facebook.com\\\/noticiasmercedinas\\\/\",\"https:\\\/\\\/x.com\\\/notmercedinas\",\"https:\\\/\\\/www.instagram.com\\\/noticiasmercedinas\\\/\"]},{\"@type\":\"Person\",\"@id\":\"https:\\\/\\\/noticiasmercedinas.com\\\/site\\\/#\\\/schema\\\/person\\\/84b59c099c28ff2e8b77d4ceec5d8063\",\"name\":\"NOTICIASMERCEDINAS.COM\",\"image\":{\"@type\":\"ImageObject\",\"inLanguage\":\"es\",\"@id\":\"https:\\\/\\\/secure.gravatar.com\\\/avatar\\\/4dfbf16b4d17945bfb6341b2d19043457132fcf478a5ee04f42e959fd8f5df0a?s=96&d=mm&r=g\",\"url\":\"https:\\\/\\\/secure.gravatar.com\\\/avatar\\\/4dfbf16b4d17945bfb6341b2d19043457132fcf478a5ee04f42e959fd8f5df0a?s=96&d=mm&r=g\",\"contentUrl\":\"https:\\\/\\\/secure.gravatar.com\\\/avatar\\\/4dfbf16b4d17945bfb6341b2d19043457132fcf478a5ee04f42e959fd8f5df0a?s=96&d=mm&r=g\",\"caption\":\"NOTICIASMERCEDINAS.COM\"},\"url\":\"https:\\\/\\\/noticiasmercedinas.com\\\/site\\\/author\\\/anonimo\\\/\"}]}<\/script>\n<!-- \/ Yoast SEO plugin. -->","yoast_head_json":{"title":"Chivilcoy recibir\u00e1 33,5 millones en el marco del Programa PREIMBA","robots":{"index":"index","follow":"follow","max-snippet":"max-snippet:-1","max-image-preview":"max-image-preview:large","max-video-preview":"max-video-preview:-1"},"canonical":"https:\/\/noticiasmercedinas.com\/site\/2021\/04\/02\/chivilcoy-recibira-335-millones-en-el-marco-del-programa-preimba\/","og_locale":"es_ES","og_type":"article","og_title":"Chivilcoy recibir\u00e1 33,5 millones en el marco del Programa PREIMBA","og_description":"A trav\u00e9s de una ley que aprob\u00f3 el Congreso de la Naci\u00f3n en el 2020, por un proyecto presentado por el diputado nacional de Juntos por el Cambio Cristian Ritondo, se repartir\u00e1n 5 mil millones de pesos entre todos los municipios de la provincia de Buenos Aires para obras de infraestructura. Los fondos llegar\u00e1n en [&hellip;]","og_url":"https:\/\/noticiasmercedinas.com\/site\/2021\/04\/02\/chivilcoy-recibira-335-millones-en-el-marco-del-programa-preimba\/","og_site_name":"NOTICIASMERCEDINAS.COM","article_publisher":"https:\/\/www.facebook.com\/noticiasmercedinas\/","article_published_time":"2021-04-02T12:39:39+00:00","og_image":[{"width":1024,"height":683,"url":"https:\/\/noticiasmercedinas.com\/site\/wp-content\/uploads\/2021\/04\/chivilcoy-14.jpg","type":"image\/jpeg"}],"author":"NOTICIASMERCEDINAS.COM","twitter_card":"summary_large_image","twitter_creator":"@notmercedinas","twitter_site":"@notmercedinas","twitter_misc":{"Escrito por":"NOTICIASMERCEDINAS.COM","Tiempo de lectura":"2 minutos"},"schema":{"@context":"https:\/\/schema.org","@graph":[{"@type":"Article","@id":"https:\/\/noticiasmercedinas.com\/site\/2021\/04\/02\/chivilcoy-recibira-335-millones-en-el-marco-del-programa-preimba\/#article","isPartOf":{"@id":"https:\/\/noticiasmercedinas.com\/site\/2021\/04\/02\/chivilcoy-recibira-335-millones-en-el-marco-del-programa-preimba\/"},"author":{"name":"NOTICIASMERCEDINAS.COM","@id":"https:\/\/noticiasmercedinas.com\/site\/#\/schema\/person\/84b59c099c28ff2e8b77d4ceec5d8063"},"headline":"Chivilcoy recibir\u00e1 33,5 millones en el marco del Programa PREIMBA","datePublished":"2021-04-02T12:39:39+00:00","mainEntityOfPage":{"@id":"https:\/\/noticiasmercedinas.com\/site\/2021\/04\/02\/chivilcoy-recibira-335-millones-en-el-marco-del-programa-preimba\/"},"wordCount":286,"commentCount":0,"publisher":{"@id":"https:\/\/noticiasmercedinas.com\/site\/#organization"},"image":{"@id":"https:\/\/noticiasmercedinas.com\/site\/2021\/04\/02\/chivilcoy-recibira-335-millones-en-el-marco-del-programa-preimba\/#primaryimage"},"thumbnailUrl":"https:\/\/noticiasmercedinas.com\/site\/wp-content\/uploads\/2021\/04\/chivilcoy-14.jpg","keywords":["chivilcoy","Guillermo Britos","obras"],"articleSection":["Regionales"],"inLanguage":"es","potentialAction":[{"@type":"CommentAction","name":"Comment","target":["https:\/\/noticiasmercedinas.com\/site\/2021\/04\/02\/chivilcoy-recibira-335-millones-en-el-marco-del-programa-preimba\/#respond"]}]},{"@type":"WebPage","@id":"https:\/\/noticiasmercedinas.com\/site\/2021\/04\/02\/chivilcoy-recibira-335-millones-en-el-marco-del-programa-preimba\/","url":"https:\/\/noticiasmercedinas.com\/site\/2021\/04\/02\/chivilcoy-recibira-335-millones-en-el-marco-del-programa-preimba\/","name":"Chivilcoy recibir\u00e1 33,5 millones en el marco del Programa PREIMBA","isPartOf":{"@id":"https:\/\/noticiasmercedinas.com\/site\/#website"},"primaryImageOfPage":{"@id":"https:\/\/noticiasmercedinas.com\/site\/2021\/04\/02\/chivilcoy-recibira-335-millones-en-el-marco-del-programa-preimba\/#primaryimage"},"image":{"@id":"https:\/\/noticiasmercedinas.com\/site\/2021\/04\/02\/chivilcoy-recibira-335-millones-en-el-marco-del-programa-preimba\/#primaryimage"},"thumbnailUrl":"https:\/\/noticiasmercedinas.com\/site\/wp-content\/uploads\/2021\/04\/chivilcoy-14.jpg","datePublished":"2021-04-02T12:39:39+00:00","breadcrumb":{"@id":"https:\/\/noticiasmercedinas.com\/site\/2021\/04\/02\/chivilcoy-recibira-335-millones-en-el-marco-del-programa-preimba\/#breadcrumb"},"inLanguage":"es","potentialAction":[{"@type":"ReadAction","target":["https:\/\/noticiasmercedinas.com\/site\/2021\/04\/02\/chivilcoy-recibira-335-millones-en-el-marco-del-programa-preimba\/"]}]},{"@type":"ImageObject","inLanguage":"es","@id":"https:\/\/noticiasmercedinas.com\/site\/2021\/04\/02\/chivilcoy-recibira-335-millones-en-el-marco-del-programa-preimba\/#primaryimage","url":"https:\/\/noticiasmercedinas.com\/site\/wp-content\/uploads\/2021\/04\/chivilcoy-14.jpg","contentUrl":"https:\/\/noticiasmercedinas.com\/site\/wp-content\/uploads\/2021\/04\/chivilcoy-14.jpg","width":1024,"height":683},{"@type":"BreadcrumbList","@id":"https:\/\/noticiasmercedinas.com\/site\/2021\/04\/02\/chivilcoy-recibira-335-millones-en-el-marco-del-programa-preimba\/#breadcrumb","itemListElement":[{"@type":"ListItem","position":1,"name":"Portada","item":"https:\/\/noticiasmercedinas.com\/site\/"},{"@type":"ListItem","position":2,"name":"Chivilcoy recibir\u00e1 33,5 millones en el marco del Programa PREIMBA"}]},{"@type":"WebSite","@id":"https:\/\/noticiasmercedinas.com\/site\/#website","url":"https:\/\/noticiasmercedinas.com\/site\/","name":"NOTICIASMERCEDINAS.COM","description":"Mercedes, Buenos Aires, Argentina","publisher":{"@id":"https:\/\/noticiasmercedinas.com\/site\/#organization"},"potentialAction":[{"@type":"SearchAction","target":{"@type":"EntryPoint","urlTemplate":"https:\/\/noticiasmercedinas.com\/site\/?s={search_term_string}"},"query-input":{"@type":"PropertyValueSpecification","valueRequired":true,"valueName":"search_term_string"}}],"inLanguage":"es"},{"@type":"Organization","@id":"https:\/\/noticiasmercedinas.com\/site\/#organization","name":"NOTICIASMERCEDINAS.COM","url":"https:\/\/noticiasmercedinas.com\/site\/","logo":{"@type":"ImageObject","inLanguage":"es","@id":"https:\/\/noticiasmercedinas.com\/site\/#\/schema\/logo\/image\/","url":"https:\/\/noticiasmercedinas.com\/site\/wp-content\/uploads\/2020\/06\/LOGO-512.jpg","contentUrl":"https:\/\/noticiasmercedinas.com\/site\/wp-content\/uploads\/2020\/06\/LOGO-512.jpg","width":512,"height":512,"caption":"NOTICIASMERCEDINAS.COM"},"image":{"@id":"https:\/\/noticiasmercedinas.com\/site\/#\/schema\/logo\/image\/"},"sameAs":["https:\/\/www.facebook.com\/noticiasmercedinas\/","https:\/\/x.com\/notmercedinas","https:\/\/www.instagram.com\/noticiasmercedinas\/"]},{"@type":"Person","@id":"https:\/\/noticiasmercedinas.com\/site\/#\/schema\/person\/84b59c099c28ff2e8b77d4ceec5d8063","name":"NOTICIASMERCEDINAS.COM","image":{"@type":"ImageObject","inLanguage":"es","@id":"https:\/\/secure.gravatar.com\/avatar\/4dfbf16b4d17945bfb6341b2d19043457132fcf478a5ee04f42e959fd8f5df0a?s=96&d=mm&r=g","url":"https:\/\/secure.gravatar.com\/avatar\/4dfbf16b4d17945bfb6341b2d19043457132fcf478a5ee04f42e959fd8f5df0a?s=96&d=mm&r=g","contentUrl":"https:\/\/secure.gravatar.com\/avatar\/4dfbf16b4d17945bfb6341b2d19043457132fcf478a5ee04f42e959fd8f5df0a?s=96&d=mm&r=g","caption":"NOTICIASMERCEDINAS.COM"},"url":"https:\/\/noticiasmercedinas.com\/site\/author\/anonimo\/"}]}},"amp_enabled":true,"_links":{"self":[{"href":"https:\/\/noticiasmercedinas.com\/site\/wp-json\/wp\/v2\/posts\/64649","targetHints":{"allow":["GET"]}}],"collection":[{"href":"https:\/\/noticiasmercedinas.com\/site\/wp-json\/wp\/v2\/posts"}],"about":[{"href":"https:\/\/noticiasmercedinas.com\/site\/wp-json\/wp\/v2\/types\/post"}],"author":[{"embeddable":true,"href":"https:\/\/noticiasmercedinas.com\/site\/wp-json\/wp\/v2\/users\/16"}],"replies":[{"embeddable":true,"href":"https:\/\/noticiasmercedinas.com\/site\/wp-json\/wp\/v2\/comments?post=64649"}],"version-history":[{"count":1,"href":"https:\/\/noticiasmercedinas.com\/site\/wp-json\/wp\/v2\/posts\/64649\/revisions"}],"predecessor-version":[{"id":64651,"href":"https:\/\/noticiasmercedinas.com\/site\/wp-json\/wp\/v2\/posts\/64649\/revisions\/64651"}],"wp:featuredmedia":[{"embeddable":true,"href":"https:\/\/noticiasmercedinas.com\/site\/wp-json\/wp\/v2\/media\/64650"}],"wp:attachment":[{"href":"https:\/\/noticiasmercedinas.com\/site\/wp-json\/wp\/v2\/media?parent=64649"}],"wp:term":[{"taxonomy":"category","embeddable":true,"href":"https:\/\/noticiasmercedinas.com\/site\/wp-json\/wp\/v2\/categories?post=64649"},{"taxonomy":"post_tag","embeddable":true,"href":"https:\/\/noticiasmercedinas.com\/site\/wp-json\/wp\/v2\/tags?post=64649"}],"curies":[{"name":"wp","href":"https:\/\/api.w.org\/{rel}","templated":true}]}}