{"id":64865,"date":"2021-04-05T21:08:46","date_gmt":"2021-04-06T00:08:46","guid":{"rendered":"https:\/\/noticiasmercedinas.com\/site\/?p=64865"},"modified":"2021-04-05T21:08:46","modified_gmt":"2021-04-06T00:08:46","slug":"convenio-con-sindicatos-de-trabajadores-para-promocionar-el-turismo","status":"publish","type":"post","link":"https:\/\/noticiasmercedinas.com\/site\/2021\/04\/05\/convenio-con-sindicatos-de-trabajadores-para-promocionar-el-turismo\/","title":{"rendered":"Convenio con sindicatos de trabajadores para promocionar el turismo"},"content":{"rendered":"<p><img loading=\"lazy\" decoding=\"async\" class=\"alignnone size-full wp-image-64866\" src=\"https:\/\/noticiasmercedinas.com\/site\/wp-content\/uploads\/2021\/04\/EyOy2isXEAABSzl.jpg\" alt=\"\" width=\"680\" height=\"413\" srcset=\"https:\/\/noticiasmercedinas.com\/site\/wp-content\/uploads\/2021\/04\/EyOy2isXEAABSzl.jpg 680w, https:\/\/noticiasmercedinas.com\/site\/wp-content\/uploads\/2021\/04\/EyOy2isXEAABSzl-300x182.jpg 300w, https:\/\/noticiasmercedinas.com\/site\/wp-content\/uploads\/2021\/04\/EyOy2isXEAABSzl-640x389.jpg 640w\" sizes=\"auto, (max-width: 680px) 100vw, 680px\" \/><\/p>\n<p>El intendente Juan Ustarroz recibi\u00f3 a los diputados nacionales Walter Correa y Vanesa Siley, a Daniel Catalano de ATE Capital y adjunto de la CTA y al referente de AEFIP Mercedes Juan Mart\u00edn Andr\u00e9s. Se procedi\u00f3 a la firma de un convenio entre el Municipio y sindicatos de trabajadores con el fin de promocionar el turismo en Mercedes. Habr\u00e1 descuentos y promociones a quienes visiten la ciudad proviniendo desde CABA y Provincia de Buenos Aires.<\/p>\n<p>\u201cEstoy muy agradecido a todos los que nos acompa\u00f1an hoy, donde lo que estamos haciendo es generar un convenio donde se les har\u00e1 un descuento a cada uno de los afiliados de los diferentes gremios para poder visitar la ciudad\u201d, destac\u00f3 el intendente Juan Ignacio Ustarroz.<\/p>\n<p>Estuvieron presentes, el intendente Ustarroz, Daniel \u201cTito\u201d Catalano, Secretario General de ATE Capital y Adjunto de la CTA, Walter Correa, Diputado Nacional por Frente De Todos y Sec. Gral. Federaci\u00f3n del Cuero (FATICA), del Sindicato de Obreros Curtidores R.A, Vanesa Siley, diputada nacional por el Frente de Todos, Secretaria General de la Federaci\u00f3n de Sindicatos de Trabajadores Judiciales (FE-SITRAJU), Juan Mart\u00edn Andr\u00e9s por parte de la Mesa Sindical y el director de Turismo, Mart\u00edn Boragno.<\/p>\n<p>\u201cVamos a firmar un convenio para promover el turismo, mismo que entendemos es una forma de generar trabajo adem\u00e1s de ser una forma de esparcimiento y recreaci\u00f3n de nuestros vecinos\u201d y agreg\u00f3 \u201cseguimos con la l\u00f3gica de fortalecer el v\u00ednculo institucional con los sindicatos entendiendo a estos como una de las herramientas centrales para fortalecer y mejorar al Estado\u201d.<\/p>\n<p>\u201cEste convenio no s\u00f3lo se queda en la fase del turismo sino tambi\u00e9n de la cooperaci\u00f3n, coordinaci\u00f3n y solidaridad entre el Municipio y los diferentes sindicatos con los fines de generar mesas de trabajo para poder repensar, trabajar y generar un Estado -en este caso municipal- m\u00e1s eficiente y transformador, sobre la base de la mirada de los trabajadores y trabajadoras\u201d asegur\u00f3 el intendente Ustarroz y agreg\u00f3 \u201cen esa interacci\u00f3n tambi\u00e9n buscamos generar y proyectar un municipio mejor para todos\u201d.<\/p>\n<p>Por su parte, <strong>Daniel \u201cTito\u201d Catalano<\/strong>, Secretario General de ATE Capital y Adjunto de la CTA, expres\u00f3 \u201cpara nosotros es important\u00edsimo poder generar instancias en donde los trabajadores p\u00fablicos puedan venir a municipios de la provincia de Buenos Aires y adem\u00e1s estimular la econom\u00eda regional\u201d y a\u00f1adi\u00f3 \u201cen Mercedes te encontras con un Municipio que tiene mucha presencia en la comunidad, donde lo ves en todo el desarrollo econ\u00f3mico, social, cultural, que invita venir todos los fines de semana\u201d.<\/p>\n<p>\u201cQueremos colaborar en este momento donde entendemos que tenemos que estar hermanados, juntos y afianzar todos estos lazos sociales, econ\u00f3micos y culturales para poder sacar al pa\u00eds adelante\u201d, afirm\u00f3 Catalano.<\/p>\n<p><strong>Walter Correa<\/strong>, Diputado Nacional por Frente De Todos y Secretario General de la Federaci\u00f3n del Cuero (FATICA), del Sindicato de Obreros Curtidores, dijo: \u201cLos trabajadores del cuero interactuamos constantemente con el intendente Ustarroz, y en este caso entendemos que es muy importante el turismo local. Poder compartirlo con el resto de los trabajadores de la provincia de Buenos Aires no s\u00f3lo es importante, sino que significa afianzar los lazos entre un municipio presente, un intendente que acciona para los trabajadores, donde poder desarrollar esto es sumamente significativo\u201d.<\/p>\n<p><strong>Vanesa Siley<\/strong>, diputada nacional por el Frente de Todos, Secretaria General de la Federaci\u00f3n de Sindicatos de Trabajadores Judiciales (FE-SITRAJU) indic\u00f3: \u201cEs muy importante lo que hemos firmado porque podemos direccionar el turismo de nuestros trabajadores y trabajadoras hacia esta ciudad, que puedan acercarse y conocer Mercedes, sus productos, historia, a nivel cultural y todo lo hermoso que puede brindar, para que esto pueda generar empleo y mueva la econom\u00eda local que es una de las cosas que el intendente Ustarroz siempre apunta\u201d.<\/p>\n<p>\u201cTodo lo que sirva para recorrer ese camino lo vamos a seguir profundizando y trabajando\u201d, remarc\u00f3 Siley.<\/p>\n<p><strong>Juan Mart\u00edn Andr\u00e9s<\/strong>, por parte de la Mesa Sindical, expuso: \u201cEstamos orgullosos de participar de este tipo de eventos donde los trabajadores somos beneficiados y tenidos en cuenta. Siempre hay una mirada del intendente Ustarroz hacia nosotros en un sentido de inclusi\u00f3n y esta es una prueba m\u00e1s de ello\u201d.<\/p>\n<p><iframe loading=\"lazy\" title=\"Firma de convenio con sindicatos para promover el Turismo Mercedino\" width=\"640\" height=\"360\" src=\"https:\/\/www.youtube.com\/embed\/7Givc1p5e_c?feature=oembed\" frameborder=\"0\" allow=\"accelerometer; autoplay; clipboard-write; encrypted-media; gyroscope; picture-in-picture; web-share\" referrerpolicy=\"strict-origin-when-cross-origin\" allowfullscreen><\/iframe><\/p>\n","protected":false},"excerpt":{"rendered":"<p>\u25a0 Habr\u00e1 descuentos y promociones a quienes visiten la ciudad proviniendo desde CABA y Provincia. Participaron Walter Correa, Vanesa Siley, Daniel Catalano y Juan Mart\u00edn Andr\u00e9s.<\/p>\n","protected":false},"author":16,"featured_media":64866,"comment_status":"open","ping_status":"open","sticky":false,"template":"","format":"standard","meta":{"footnotes":""},"categories":[16],"tags":[3684,353,327,33,51,11714],"class_list":["post-64865","post","type-post","status-publish","format-standard","has-post-thumbnail","hentry","category-politica","tag-daniel-catalano","tag-juan-martin-andres","tag-martin-boragno","tag-turismo","tag-vanesa-siley","tag-walter-correa"],"yoast_head":"<!-- This site is optimized with the Yoast SEO plugin v27.5 - https:\/\/yoast.com\/product\/yoast-seo-wordpress\/ -->\n<title>Convenio con sindicatos de trabajadores para promocionar el turismo<\/title>\n<meta name=\"robots\" content=\"index, follow, max-snippet:-1, max-image-preview:large, max-video-preview:-1\" \/>\n<link rel=\"canonical\" href=\"https:\/\/noticiasmercedinas.com\/site\/2021\/04\/05\/convenio-con-sindicatos-de-trabajadores-para-promocionar-el-turismo\/\" \/>\n<meta property=\"og:locale\" content=\"es_ES\" \/>\n<meta property=\"og:type\" content=\"article\" \/>\n<meta property=\"og:title\" content=\"Convenio con sindicatos de trabajadores para promocionar el turismo\" \/>\n<meta property=\"og:description\" content=\"\u25a0 Habr\u00e1 descuentos y promociones a quienes visiten la ciudad proviniendo desde CABA y Provincia. Participaron Walter Correa, Vanesa Siley, Daniel Catalano y Juan Mart\u00edn Andr\u00e9s.\" \/>\n<meta property=\"og:url\" content=\"https:\/\/noticiasmercedinas.com\/site\/2021\/04\/05\/convenio-con-sindicatos-de-trabajadores-para-promocionar-el-turismo\/\" \/>\n<meta property=\"og:site_name\" content=\"NOTICIASMERCEDINAS.COM\" \/>\n<meta property=\"article:publisher\" content=\"https:\/\/www.facebook.com\/noticiasmercedinas\/\" \/>\n<meta property=\"article:published_time\" content=\"2021-04-06T00:08:46+00:00\" \/>\n<meta property=\"og:image\" content=\"https:\/\/noticiasmercedinas.com\/site\/wp-content\/uploads\/2021\/04\/EyOy2isXEAABSzl.jpg\" \/>\n\t<meta property=\"og:image:width\" content=\"680\" \/>\n\t<meta property=\"og:image:height\" content=\"413\" \/>\n\t<meta property=\"og:image:type\" content=\"image\/jpeg\" \/>\n<meta name=\"author\" content=\"NOTICIASMERCEDINAS.COM\" \/>\n<meta name=\"twitter:card\" content=\"summary_large_image\" \/>\n<meta name=\"twitter:creator\" content=\"@notmercedinas\" \/>\n<meta name=\"twitter:site\" content=\"@notmercedinas\" \/>\n<meta name=\"twitter:label1\" content=\"Escrito por\" \/>\n\t<meta name=\"twitter:data1\" content=\"NOTICIASMERCEDINAS.COM\" \/>\n\t<meta name=\"twitter:label2\" content=\"Tiempo de lectura\" \/>\n\t<meta name=\"twitter:data2\" content=\"4 minutos\" \/>\n<script type=\"application\/ld+json\" class=\"yoast-schema-graph\">{\"@context\":\"https:\\\/\\\/schema.org\",\"@graph\":[{\"@type\":\"Article\",\"@id\":\"https:\\\/\\\/noticiasmercedinas.com\\\/site\\\/2021\\\/04\\\/05\\\/convenio-con-sindicatos-de-trabajadores-para-promocionar-el-turismo\\\/#article\",\"isPartOf\":{\"@id\":\"https:\\\/\\\/noticiasmercedinas.com\\\/site\\\/2021\\\/04\\\/05\\\/convenio-con-sindicatos-de-trabajadores-para-promocionar-el-turismo\\\/\"},\"author\":{\"name\":\"NOTICIASMERCEDINAS.COM\",\"@id\":\"https:\\\/\\\/noticiasmercedinas.com\\\/site\\\/#\\\/schema\\\/person\\\/84b59c099c28ff2e8b77d4ceec5d8063\"},\"headline\":\"Convenio con sindicatos de trabajadores para promocionar el turismo\",\"datePublished\":\"2021-04-06T00:08:46+00:00\",\"mainEntityOfPage\":{\"@id\":\"https:\\\/\\\/noticiasmercedinas.com\\\/site\\\/2021\\\/04\\\/05\\\/convenio-con-sindicatos-de-trabajadores-para-promocionar-el-turismo\\\/\"},\"wordCount\":736,\"commentCount\":0,\"publisher\":{\"@id\":\"https:\\\/\\\/noticiasmercedinas.com\\\/site\\\/#organization\"},\"image\":{\"@id\":\"https:\\\/\\\/noticiasmercedinas.com\\\/site\\\/2021\\\/04\\\/05\\\/convenio-con-sindicatos-de-trabajadores-para-promocionar-el-turismo\\\/#primaryimage\"},\"thumbnailUrl\":\"https:\\\/\\\/noticiasmercedinas.com\\\/site\\\/wp-content\\\/uploads\\\/2021\\\/04\\\/EyOy2isXEAABSzl.jpg\",\"keywords\":[\"daniel catalano\",\"juan martin andres\",\"martin boragno\",\"turismo\",\"vanesa siley\",\"Walter Correa\"],\"articleSection\":[\"Politica\"],\"inLanguage\":\"es\",\"potentialAction\":[{\"@type\":\"CommentAction\",\"name\":\"Comment\",\"target\":[\"https:\\\/\\\/noticiasmercedinas.com\\\/site\\\/2021\\\/04\\\/05\\\/convenio-con-sindicatos-de-trabajadores-para-promocionar-el-turismo\\\/#respond\"]}]},{\"@type\":\"WebPage\",\"@id\":\"https:\\\/\\\/noticiasmercedinas.com\\\/site\\\/2021\\\/04\\\/05\\\/convenio-con-sindicatos-de-trabajadores-para-promocionar-el-turismo\\\/\",\"url\":\"https:\\\/\\\/noticiasmercedinas.com\\\/site\\\/2021\\\/04\\\/05\\\/convenio-con-sindicatos-de-trabajadores-para-promocionar-el-turismo\\\/\",\"name\":\"Convenio con sindicatos de trabajadores para promocionar el turismo\",\"isPartOf\":{\"@id\":\"https:\\\/\\\/noticiasmercedinas.com\\\/site\\\/#website\"},\"primaryImageOfPage\":{\"@id\":\"https:\\\/\\\/noticiasmercedinas.com\\\/site\\\/2021\\\/04\\\/05\\\/convenio-con-sindicatos-de-trabajadores-para-promocionar-el-turismo\\\/#primaryimage\"},\"image\":{\"@id\":\"https:\\\/\\\/noticiasmercedinas.com\\\/site\\\/2021\\\/04\\\/05\\\/convenio-con-sindicatos-de-trabajadores-para-promocionar-el-turismo\\\/#primaryimage\"},\"thumbnailUrl\":\"https:\\\/\\\/noticiasmercedinas.com\\\/site\\\/wp-content\\\/uploads\\\/2021\\\/04\\\/EyOy2isXEAABSzl.jpg\",\"datePublished\":\"2021-04-06T00:08:46+00:00\",\"breadcrumb\":{\"@id\":\"https:\\\/\\\/noticiasmercedinas.com\\\/site\\\/2021\\\/04\\\/05\\\/convenio-con-sindicatos-de-trabajadores-para-promocionar-el-turismo\\\/#breadcrumb\"},\"inLanguage\":\"es\",\"potentialAction\":[{\"@type\":\"ReadAction\",\"target\":[\"https:\\\/\\\/noticiasmercedinas.com\\\/site\\\/2021\\\/04\\\/05\\\/convenio-con-sindicatos-de-trabajadores-para-promocionar-el-turismo\\\/\"]}]},{\"@type\":\"ImageObject\",\"inLanguage\":\"es\",\"@id\":\"https:\\\/\\\/noticiasmercedinas.com\\\/site\\\/2021\\\/04\\\/05\\\/convenio-con-sindicatos-de-trabajadores-para-promocionar-el-turismo\\\/#primaryimage\",\"url\":\"https:\\\/\\\/noticiasmercedinas.com\\\/site\\\/wp-content\\\/uploads\\\/2021\\\/04\\\/EyOy2isXEAABSzl.jpg\",\"contentUrl\":\"https:\\\/\\\/noticiasmercedinas.com\\\/site\\\/wp-content\\\/uploads\\\/2021\\\/04\\\/EyOy2isXEAABSzl.jpg\",\"width\":680,\"height\":413},{\"@type\":\"BreadcrumbList\",\"@id\":\"https:\\\/\\\/noticiasmercedinas.com\\\/site\\\/2021\\\/04\\\/05\\\/convenio-con-sindicatos-de-trabajadores-para-promocionar-el-turismo\\\/#breadcrumb\",\"itemListElement\":[{\"@type\":\"ListItem\",\"position\":1,\"name\":\"Portada\",\"item\":\"https:\\\/\\\/noticiasmercedinas.com\\\/site\\\/\"},{\"@type\":\"ListItem\",\"position\":2,\"name\":\"Convenio con sindicatos de trabajadores para promocionar el turismo\"}]},{\"@type\":\"WebSite\",\"@id\":\"https:\\\/\\\/noticiasmercedinas.com\\\/site\\\/#website\",\"url\":\"https:\\\/\\\/noticiasmercedinas.com\\\/site\\\/\",\"name\":\"NOTICIASMERCEDINAS.COM\",\"description\":\"Mercedes, Buenos Aires, Argentina\",\"publisher\":{\"@id\":\"https:\\\/\\\/noticiasmercedinas.com\\\/site\\\/#organization\"},\"potentialAction\":[{\"@type\":\"SearchAction\",\"target\":{\"@type\":\"EntryPoint\",\"urlTemplate\":\"https:\\\/\\\/noticiasmercedinas.com\\\/site\\\/?s={search_term_string}\"},\"query-input\":{\"@type\":\"PropertyValueSpecification\",\"valueRequired\":true,\"valueName\":\"search_term_string\"}}],\"inLanguage\":\"es\"},{\"@type\":\"Organization\",\"@id\":\"https:\\\/\\\/noticiasmercedinas.com\\\/site\\\/#organization\",\"name\":\"NOTICIASMERCEDINAS.COM\",\"url\":\"https:\\\/\\\/noticiasmercedinas.com\\\/site\\\/\",\"logo\":{\"@type\":\"ImageObject\",\"inLanguage\":\"es\",\"@id\":\"https:\\\/\\\/noticiasmercedinas.com\\\/site\\\/#\\\/schema\\\/logo\\\/image\\\/\",\"url\":\"https:\\\/\\\/noticiasmercedinas.com\\\/site\\\/wp-content\\\/uploads\\\/2020\\\/06\\\/LOGO-512.jpg\",\"contentUrl\":\"https:\\\/\\\/noticiasmercedinas.com\\\/site\\\/wp-content\\\/uploads\\\/2020\\\/06\\\/LOGO-512.jpg\",\"width\":512,\"height\":512,\"caption\":\"NOTICIASMERCEDINAS.COM\"},\"image\":{\"@id\":\"https:\\\/\\\/noticiasmercedinas.com\\\/site\\\/#\\\/schema\\\/logo\\\/image\\\/\"},\"sameAs\":[\"https:\\\/\\\/www.facebook.com\\\/noticiasmercedinas\\\/\",\"https:\\\/\\\/x.com\\\/notmercedinas\",\"https:\\\/\\\/www.instagram.com\\\/noticiasmercedinas\\\/\"]},{\"@type\":\"Person\",\"@id\":\"https:\\\/\\\/noticiasmercedinas.com\\\/site\\\/#\\\/schema\\\/person\\\/84b59c099c28ff2e8b77d4ceec5d8063\",\"name\":\"NOTICIASMERCEDINAS.COM\",\"image\":{\"@type\":\"ImageObject\",\"inLanguage\":\"es\",\"@id\":\"https:\\\/\\\/secure.gravatar.com\\\/avatar\\\/4dfbf16b4d17945bfb6341b2d19043457132fcf478a5ee04f42e959fd8f5df0a?s=96&d=mm&r=g\",\"url\":\"https:\\\/\\\/secure.gravatar.com\\\/avatar\\\/4dfbf16b4d17945bfb6341b2d19043457132fcf478a5ee04f42e959fd8f5df0a?s=96&d=mm&r=g\",\"contentUrl\":\"https:\\\/\\\/secure.gravatar.com\\\/avatar\\\/4dfbf16b4d17945bfb6341b2d19043457132fcf478a5ee04f42e959fd8f5df0a?s=96&d=mm&r=g\",\"caption\":\"NOTICIASMERCEDINAS.COM\"},\"url\":\"https:\\\/\\\/noticiasmercedinas.com\\\/site\\\/author\\\/anonimo\\\/\"}]}<\/script>\n<!-- \/ Yoast SEO plugin. -->","yoast_head_json":{"title":"Convenio con sindicatos de trabajadores para promocionar el turismo","robots":{"index":"index","follow":"follow","max-snippet":"max-snippet:-1","max-image-preview":"max-image-preview:large","max-video-preview":"max-video-preview:-1"},"canonical":"https:\/\/noticiasmercedinas.com\/site\/2021\/04\/05\/convenio-con-sindicatos-de-trabajadores-para-promocionar-el-turismo\/","og_locale":"es_ES","og_type":"article","og_title":"Convenio con sindicatos de trabajadores para promocionar el turismo","og_description":"\u25a0 Habr\u00e1 descuentos y promociones a quienes visiten la ciudad proviniendo desde CABA y Provincia. Participaron Walter Correa, Vanesa Siley, Daniel Catalano y Juan Mart\u00edn Andr\u00e9s.","og_url":"https:\/\/noticiasmercedinas.com\/site\/2021\/04\/05\/convenio-con-sindicatos-de-trabajadores-para-promocionar-el-turismo\/","og_site_name":"NOTICIASMERCEDINAS.COM","article_publisher":"https:\/\/www.facebook.com\/noticiasmercedinas\/","article_published_time":"2021-04-06T00:08:46+00:00","og_image":[{"width":680,"height":413,"url":"https:\/\/noticiasmercedinas.com\/site\/wp-content\/uploads\/2021\/04\/EyOy2isXEAABSzl.jpg","type":"image\/jpeg"}],"author":"NOTICIASMERCEDINAS.COM","twitter_card":"summary_large_image","twitter_creator":"@notmercedinas","twitter_site":"@notmercedinas","twitter_misc":{"Escrito por":"NOTICIASMERCEDINAS.COM","Tiempo de lectura":"4 minutos"},"schema":{"@context":"https:\/\/schema.org","@graph":[{"@type":"Article","@id":"https:\/\/noticiasmercedinas.com\/site\/2021\/04\/05\/convenio-con-sindicatos-de-trabajadores-para-promocionar-el-turismo\/#article","isPartOf":{"@id":"https:\/\/noticiasmercedinas.com\/site\/2021\/04\/05\/convenio-con-sindicatos-de-trabajadores-para-promocionar-el-turismo\/"},"author":{"name":"NOTICIASMERCEDINAS.COM","@id":"https:\/\/noticiasmercedinas.com\/site\/#\/schema\/person\/84b59c099c28ff2e8b77d4ceec5d8063"},"headline":"Convenio con sindicatos de trabajadores para promocionar el turismo","datePublished":"2021-04-06T00:08:46+00:00","mainEntityOfPage":{"@id":"https:\/\/noticiasmercedinas.com\/site\/2021\/04\/05\/convenio-con-sindicatos-de-trabajadores-para-promocionar-el-turismo\/"},"wordCount":736,"commentCount":0,"publisher":{"@id":"https:\/\/noticiasmercedinas.com\/site\/#organization"},"image":{"@id":"https:\/\/noticiasmercedinas.com\/site\/2021\/04\/05\/convenio-con-sindicatos-de-trabajadores-para-promocionar-el-turismo\/#primaryimage"},"thumbnailUrl":"https:\/\/noticiasmercedinas.com\/site\/wp-content\/uploads\/2021\/04\/EyOy2isXEAABSzl.jpg","keywords":["daniel catalano","juan martin andres","martin boragno","turismo","vanesa siley","Walter Correa"],"articleSection":["Politica"],"inLanguage":"es","potentialAction":[{"@type":"CommentAction","name":"Comment","target":["https:\/\/noticiasmercedinas.com\/site\/2021\/04\/05\/convenio-con-sindicatos-de-trabajadores-para-promocionar-el-turismo\/#respond"]}]},{"@type":"WebPage","@id":"https:\/\/noticiasmercedinas.com\/site\/2021\/04\/05\/convenio-con-sindicatos-de-trabajadores-para-promocionar-el-turismo\/","url":"https:\/\/noticiasmercedinas.com\/site\/2021\/04\/05\/convenio-con-sindicatos-de-trabajadores-para-promocionar-el-turismo\/","name":"Convenio con sindicatos de trabajadores para promocionar el turismo","isPartOf":{"@id":"https:\/\/noticiasmercedinas.com\/site\/#website"},"primaryImageOfPage":{"@id":"https:\/\/noticiasmercedinas.com\/site\/2021\/04\/05\/convenio-con-sindicatos-de-trabajadores-para-promocionar-el-turismo\/#primaryimage"},"image":{"@id":"https:\/\/noticiasmercedinas.com\/site\/2021\/04\/05\/convenio-con-sindicatos-de-trabajadores-para-promocionar-el-turismo\/#primaryimage"},"thumbnailUrl":"https:\/\/noticiasmercedinas.com\/site\/wp-content\/uploads\/2021\/04\/EyOy2isXEAABSzl.jpg","datePublished":"2021-04-06T00:08:46+00:00","breadcrumb":{"@id":"https:\/\/noticiasmercedinas.com\/site\/2021\/04\/05\/convenio-con-sindicatos-de-trabajadores-para-promocionar-el-turismo\/#breadcrumb"},"inLanguage":"es","potentialAction":[{"@type":"ReadAction","target":["https:\/\/noticiasmercedinas.com\/site\/2021\/04\/05\/convenio-con-sindicatos-de-trabajadores-para-promocionar-el-turismo\/"]}]},{"@type":"ImageObject","inLanguage":"es","@id":"https:\/\/noticiasmercedinas.com\/site\/2021\/04\/05\/convenio-con-sindicatos-de-trabajadores-para-promocionar-el-turismo\/#primaryimage","url":"https:\/\/noticiasmercedinas.com\/site\/wp-content\/uploads\/2021\/04\/EyOy2isXEAABSzl.jpg","contentUrl":"https:\/\/noticiasmercedinas.com\/site\/wp-content\/uploads\/2021\/04\/EyOy2isXEAABSzl.jpg","width":680,"height":413},{"@type":"BreadcrumbList","@id":"https:\/\/noticiasmercedinas.com\/site\/2021\/04\/05\/convenio-con-sindicatos-de-trabajadores-para-promocionar-el-turismo\/#breadcrumb","itemListElement":[{"@type":"ListItem","position":1,"name":"Portada","item":"https:\/\/noticiasmercedinas.com\/site\/"},{"@type":"ListItem","position":2,"name":"Convenio con sindicatos de trabajadores para promocionar el turismo"}]},{"@type":"WebSite","@id":"https:\/\/noticiasmercedinas.com\/site\/#website","url":"https:\/\/noticiasmercedinas.com\/site\/","name":"NOTICIASMERCEDINAS.COM","description":"Mercedes, Buenos Aires, Argentina","publisher":{"@id":"https:\/\/noticiasmercedinas.com\/site\/#organization"},"potentialAction":[{"@type":"SearchAction","target":{"@type":"EntryPoint","urlTemplate":"https:\/\/noticiasmercedinas.com\/site\/?s={search_term_string}"},"query-input":{"@type":"PropertyValueSpecification","valueRequired":true,"valueName":"search_term_string"}}],"inLanguage":"es"},{"@type":"Organization","@id":"https:\/\/noticiasmercedinas.com\/site\/#organization","name":"NOTICIASMERCEDINAS.COM","url":"https:\/\/noticiasmercedinas.com\/site\/","logo":{"@type":"ImageObject","inLanguage":"es","@id":"https:\/\/noticiasmercedinas.com\/site\/#\/schema\/logo\/image\/","url":"https:\/\/noticiasmercedinas.com\/site\/wp-content\/uploads\/2020\/06\/LOGO-512.jpg","contentUrl":"https:\/\/noticiasmercedinas.com\/site\/wp-content\/uploads\/2020\/06\/LOGO-512.jpg","width":512,"height":512,"caption":"NOTICIASMERCEDINAS.COM"},"image":{"@id":"https:\/\/noticiasmercedinas.com\/site\/#\/schema\/logo\/image\/"},"sameAs":["https:\/\/www.facebook.com\/noticiasmercedinas\/","https:\/\/x.com\/notmercedinas","https:\/\/www.instagram.com\/noticiasmercedinas\/"]},{"@type":"Person","@id":"https:\/\/noticiasmercedinas.com\/site\/#\/schema\/person\/84b59c099c28ff2e8b77d4ceec5d8063","name":"NOTICIASMERCEDINAS.COM","image":{"@type":"ImageObject","inLanguage":"es","@id":"https:\/\/secure.gravatar.com\/avatar\/4dfbf16b4d17945bfb6341b2d19043457132fcf478a5ee04f42e959fd8f5df0a?s=96&d=mm&r=g","url":"https:\/\/secure.gravatar.com\/avatar\/4dfbf16b4d17945bfb6341b2d19043457132fcf478a5ee04f42e959fd8f5df0a?s=96&d=mm&r=g","contentUrl":"https:\/\/secure.gravatar.com\/avatar\/4dfbf16b4d17945bfb6341b2d19043457132fcf478a5ee04f42e959fd8f5df0a?s=96&d=mm&r=g","caption":"NOTICIASMERCEDINAS.COM"},"url":"https:\/\/noticiasmercedinas.com\/site\/author\/anonimo\/"}]}},"amp_enabled":true,"_links":{"self":[{"href":"https:\/\/noticiasmercedinas.com\/site\/wp-json\/wp\/v2\/posts\/64865","targetHints":{"allow":["GET"]}}],"collection":[{"href":"https:\/\/noticiasmercedinas.com\/site\/wp-json\/wp\/v2\/posts"}],"about":[{"href":"https:\/\/noticiasmercedinas.com\/site\/wp-json\/wp\/v2\/types\/post"}],"author":[{"embeddable":true,"href":"https:\/\/noticiasmercedinas.com\/site\/wp-json\/wp\/v2\/users\/16"}],"replies":[{"embeddable":true,"href":"https:\/\/noticiasmercedinas.com\/site\/wp-json\/wp\/v2\/comments?post=64865"}],"version-history":[{"count":1,"href":"https:\/\/noticiasmercedinas.com\/site\/wp-json\/wp\/v2\/posts\/64865\/revisions"}],"predecessor-version":[{"id":64867,"href":"https:\/\/noticiasmercedinas.com\/site\/wp-json\/wp\/v2\/posts\/64865\/revisions\/64867"}],"wp:featuredmedia":[{"embeddable":true,"href":"https:\/\/noticiasmercedinas.com\/site\/wp-json\/wp\/v2\/media\/64866"}],"wp:attachment":[{"href":"https:\/\/noticiasmercedinas.com\/site\/wp-json\/wp\/v2\/media?parent=64865"}],"wp:term":[{"taxonomy":"category","embeddable":true,"href":"https:\/\/noticiasmercedinas.com\/site\/wp-json\/wp\/v2\/categories?post=64865"},{"taxonomy":"post_tag","embeddable":true,"href":"https:\/\/noticiasmercedinas.com\/site\/wp-json\/wp\/v2\/tags?post=64865"}],"curies":[{"name":"wp","href":"https:\/\/api.w.org\/{rel}","templated":true}]}}