{"id":64904,"date":"2021-04-06T14:26:15","date_gmt":"2021-04-06T17:26:15","guid":{"rendered":"https:\/\/noticiasmercedinas.com\/site\/?p=64904"},"modified":"2021-04-06T14:26:15","modified_gmt":"2021-04-06T17:26:15","slug":"aprender-a-comer-correctamente-con-una-dieta-equilibrada","status":"publish","type":"post","link":"https:\/\/noticiasmercedinas.com\/site\/2021\/04\/06\/aprender-a-comer-correctamente-con-una-dieta-equilibrada\/","title":{"rendered":"Aprender a comer correctamente con una dieta equilibrada"},"content":{"rendered":"<p><img loading=\"lazy\" decoding=\"async\" class=\"alignnone size-full wp-image-64905\" src=\"https:\/\/noticiasmercedinas.com\/site\/wp-content\/uploads\/2021\/04\/dieta.jpg\" alt=\"\" width=\"642\" height=\"409\" srcset=\"https:\/\/noticiasmercedinas.com\/site\/wp-content\/uploads\/2021\/04\/dieta.jpg 642w, https:\/\/noticiasmercedinas.com\/site\/wp-content\/uploads\/2021\/04\/dieta-300x191.jpg 300w, https:\/\/noticiasmercedinas.com\/site\/wp-content\/uploads\/2021\/04\/dieta-640x408.jpg 640w\" sizes=\"auto, (max-width: 642px) 100vw, 642px\" \/><\/p>\n<p><span style=\"font-weight: 400;\">En palabras de un nutricionista: comer es una cosa y<\/span><i><span style=\"font-weight: 400;\"> alimentarse<\/span><\/i><span style=\"font-weight: 400;\">, otra completamente diferente. Alimentarnos es vital para la calidad de nuestra vida y una de las experiencias m\u00e1s placenteras de las que podemos disfrutar. No obstante, para tener una buena alimentaci\u00f3n se debe cumplir con varios factores, que a veces pueden parecernos tediosos o que desconocemos.<\/span><\/p>\n<p><span style=\"font-weight: 400;\">La alimentaci\u00f3n nutritiva es esencialmente la misma para todos pero ajust\u00e1ndola a las necesidades f\u00edsicas de cada individuo. Dicho esto, \u00bfc\u00f3mo sabemos si no estamos alimentando equilibradamente?, o dicho de otra forma \u00bfC\u00f3mo se puede comer correctamente con una dieta equilibrada?<\/span><\/p>\n<p><b>\u00bfQu\u00e9 es una dieta equilibrada?\u00a0<\/b><\/p>\n<p><span style=\"font-weight: 400;\">Primero que todo, una dieta equilibrada es aquella que contiene todos los nutrientes y cantidades necesarias para que nuestro organismo tenga cubiertas todas nuestras necesidades sin ninguna falencia.<\/span><\/p>\n<p><span style=\"font-weight: 400;\">Para que esto ocurra, nuestra alimentaci\u00f3n debe de tener prote\u00ednas, vitaminas y minerales, y otros nutrientes que nos suministran energ\u00eda y calor\u00edas. Ahora bien, ning\u00fan alimento contiene todos estos elementos necesarios, as\u00ed que es fundamental tener una buena combinaci\u00f3n de varios alimentos para as\u00ed cumplir con el objetivo.<\/span><\/p>\n<p><span style=\"font-weight: 400;\">De igual manera se debe de conocer la cantidad de nutrientes que aporta cada alimento, permitiendo de esta forma adaptar la dieta a las necesidades de cada quien y poder lograr una nutrici\u00f3n completa. Visita paginas como\u00a0<\/span><span style=\"color: #000080;\"><a style=\"color: #000080;\" href=\"https:\/\/opinionesespana.es\/\"><b>OpinionesEspa\u00f1a<\/b><\/a><\/span><b>\u00a0que<\/b><span style=\"font-weight: 400;\">\u00a0te pueden ayudar a encontrar los mejores sitios donde adquirir tus alimentos.<\/span><\/p>\n<p><b>Elementos de una dieta equilibrada\u00a0<\/b><\/p>\n<p><b>La clave est\u00e1 en la variedad de alimentos:<\/b><span style=\"font-weight: 400;\"> Al consumir una variedad de alimentos, podremos obtener todos los nutrientes que necesita nuestro cuerpo. Estos alimentos deben incluir todos los grupos presentes en la pir\u00e1mide alimentaria que va desde los cereales, frutas y hortalizas, hasta los aceites, carnes y l\u00e1cteos.<\/span><\/p>\n<p><span style=\"font-weight: 400;\">Algunos nutricionistas recomiendan ingerir 30 alimentos diferentes, con una cantidad determinada al d\u00eda en la semana. Adem\u00e1s, se debe evitar consumir alimentos cargados en calor\u00edas como dulces, comida r\u00e1pida, y refrescos. Esto elimina por completo la llamada \u201ccomida chatarra\u201d, sin embargo no te impide disfrutar de comida para llevar o \u201ctake away food\u201d.<\/span><\/p>\n<p><span style=\"font-weight: 400;\">Aunque el concepto de \u201ctake away food\u201d est\u00e1 un poco relacionado con la comida chatarra, se trata simplemente de comida que se sirve para comer en casa. Muchos restaurantes ofrecen delivery de sus bien preparados y nutritivos men\u00fas. Puedes encontrar opciones saludables revisando varios <\/span><span style=\"color: #000080;\"><a style=\"color: #000080;\" href=\"https:\/\/opinionesespana.es\/blog\/tipos-de-comida-a-domicilio-pedir-online\"><b>tipos de comida<\/b><\/a><\/span><span style=\"font-weight: 400;\"> take away para elegir..<\/span><\/p>\n<p><b>Las frutas y verduras no deben de faltar<\/b><\/p>\n<p><span style=\"font-weight: 400;\">Estas deben de ser la base de nuestra alimentaci\u00f3n. Toda dieta debe incluir grandes porciones de alimentos de origen vegetal. Como cereales, frutas, verduras, hortalizas y legumbres. Estas se deben de consumir todos los d\u00edas y en el caso de las legumbres, por lo menos dos veces por semana.<\/span><\/p>\n<p><span style=\"font-weight: 400;\">Esta clase de alimentos tiene la mayor\u00eda de los minerales y vitaminas hidrosolubles. Pero no traen consigo grasa, ni colesterol, as\u00ed que se debe de solventar esta falencia con el consumo de aceite de oliva, pescados u otras grasas de origen animal.<\/span><\/p>\n<p><b>Porciones adecuadas de los alimentos\u00a0<\/b><\/p>\n<p><span style=\"font-weight: 400;\">Si la variedad en alimentos es fundamental las porciones adecuadas no tienen menor importancia. Escoger las raciones adecuadas es un paso m\u00e1s a la buena salud alimentaria.<\/span><\/p>\n<p><span style=\"font-weight: 400;\">Seg\u00fan <\/span><strong><span style=\"color: #000080;\"><a style=\"color: #000080;\" href=\"https:\/\/www.semfyc.es\/wp-content\/uploads\/2017\/02\/Manual_Ponente_Nutricion.pdf\">las sugerencias<\/a><\/span><\/strong><span style=\"font-weight: 400;\"> de la <\/span><b>Sociedad Espa\u00f1ola de medicina de Familia y Comunitaria <\/b><span style=\"font-weight: 400;\">se debe de tener de tres a cuatro raciones a la semana de pescados y mariscos, lo mismo en cuanto a carnes magras y huevo. De tres a siete raciones de frutos secos, de dos a cuatro de leche, yogur y quesos.<\/span><\/p>\n<p><span style=\"font-weight: 400;\">En cuanto a las verduras, frutas y hortalizas, tres raciones al d\u00eda y de cuatro a seis raciones al d\u00eda de pan, cereales, patatas, arroz y pastas. Adem\u00e1s, del consumo de ocho raciones de agua al d\u00eda y al menos 30 minutos de actividad f\u00edsica diariamente.<\/span><\/p>\n<p><b>Consumo con moderaci\u00f3n\u00a0<\/b><\/p>\n<p><span style=\"font-weight: 400;\">La obesidad es un problema serio a nivel mundial y para evitarla, el consumo moderado de los alimentos juega un papel elemental. La dieta debe de aportarnos las energ\u00edas necesarias y no inconvenientes como el exceso de peso, presi\u00f3n arterial elevada, enfermedades cardiovasculares o diabetes.<\/span><\/p>\n<p><b>M\u00e9todo de las cinco comidas\u00a0<\/b><\/p>\n<p><span style=\"font-weight: 400;\">Este es uno de los m\u00e9todos de reparto alimenticio m\u00e1s esparcidos y usados. Consiste en ingerir cinco comidas al d\u00eda, que incluyen desayuno, tentempi\u00e9, comida, merienda y cena. Pero <\/span><span style=\"color: #000080;\"><strong><a style=\"color: #000080;\" href=\"https:\/\/www.elespanol.com\/cocinillas\/recetas\/saludables\/20180723\/comidas-dia-realmente-mejor-opcion\/1001298920097_30.html\">no es infalible<\/a><\/strong><\/span><span style=\"font-weight: 400;\"> y depende mucho de las necesidades nutricionales, costumbres alimentarias y f\u00edsicas y de la persona. Lo mejor es informarte sobre el mejor m\u00e9todo y men\u00fa nutricional para tu cuerpo y agenda.<\/span><\/p>\n<p><b>Otros consejos para una alimentaci\u00f3n correcta\u00a0<\/b><\/p>\n<ul>\n<li style=\"font-weight: 400;\" aria-level=\"1\"><span style=\"font-weight: 400;\">El consumo de sal y alimentos salados debe de ser bajo. Utiliza otras alternativas para condimentar tus alimentos como cebolla, ajo u or\u00e9gano.<\/span><\/li>\n<li style=\"font-weight: 400;\" aria-level=\"1\"><span style=\"font-weight: 400;\">Hidr\u00e1tate correctamente todos los d\u00edas. Para esto debes consumir al menos dos litros de agua diariamente, esto es vital para el correcto funcionamiento de nuestro organismo y acelera nuestro metabolismo.<\/span><\/li>\n<li style=\"font-weight: 400;\" aria-level=\"1\"><span style=\"font-weight: 400;\">Evita el consumo de alcohol o por lo menos que sea moderado.<\/span><\/li>\n<\/ul>\n<p><b>Conclusi\u00f3n<\/b><\/p>\n<p><span style=\"font-weight: 400;\">Una dieta equilibrada y la cantidad necesaria de actividad f\u00edsica que requiere nuestro cuerpo nos brindara buena salud. Un hecho que nuestro cuerpo y mente agradecer\u00e1n y por el que vale la pena hacer los sacrificios.<\/span><\/p>\n","protected":false},"excerpt":{"rendered":"<p>En palabras de un nutricionista: comer es una cosa y alimentarse, otra completamente diferente. Alimentarnos es vital para la calidad de nuestra vida y una de las experiencias m\u00e1s placenteras de las que podemos disfrutar. No obstante, para tener una buena alimentaci\u00f3n se debe cumplir con varios factores, que a veces pueden parecernos tediosos o [&hellip;]<\/p>\n","protected":false},"author":16,"featured_media":64905,"comment_status":"open","ping_status":"open","sticky":false,"template":"","format":"standard","meta":{"footnotes":""},"categories":[8992],"tags":[3465,3464,11718,4704],"class_list":["post-64904","post","type-post","status-publish","format-standard","has-post-thumbnail","hentry","category-bienestar","tag-alimentacion","tag-dieta","tag-equilibrio","tag-nutricion"],"yoast_head":"<!-- This site is optimized with the Yoast SEO plugin v27.5 - https:\/\/yoast.com\/product\/yoast-seo-wordpress\/ -->\n<title>Aprender a comer correctamente con una dieta equilibrada<\/title>\n<meta name=\"robots\" content=\"index, follow, max-snippet:-1, max-image-preview:large, max-video-preview:-1\" \/>\n<link rel=\"canonical\" href=\"https:\/\/noticiasmercedinas.com\/site\/2021\/04\/06\/aprender-a-comer-correctamente-con-una-dieta-equilibrada\/\" \/>\n<meta property=\"og:locale\" content=\"es_ES\" \/>\n<meta property=\"og:type\" content=\"article\" \/>\n<meta property=\"og:title\" content=\"Aprender a comer correctamente con una dieta equilibrada\" \/>\n<meta property=\"og:description\" content=\"En palabras de un nutricionista: comer es una cosa y alimentarse, otra completamente diferente. Alimentarnos es vital para la calidad de nuestra vida y una de las experiencias m\u00e1s placenteras de las que podemos disfrutar. No obstante, para tener una buena alimentaci\u00f3n se debe cumplir con varios factores, que a veces pueden parecernos tediosos o [&hellip;]\" \/>\n<meta property=\"og:url\" content=\"https:\/\/noticiasmercedinas.com\/site\/2021\/04\/06\/aprender-a-comer-correctamente-con-una-dieta-equilibrada\/\" \/>\n<meta property=\"og:site_name\" content=\"NOTICIASMERCEDINAS.COM\" \/>\n<meta property=\"article:publisher\" content=\"https:\/\/www.facebook.com\/noticiasmercedinas\/\" \/>\n<meta property=\"article:published_time\" content=\"2021-04-06T17:26:15+00:00\" \/>\n<meta property=\"og:image\" content=\"https:\/\/noticiasmercedinas.com\/site\/wp-content\/uploads\/2021\/04\/dieta.jpg\" \/>\n\t<meta property=\"og:image:width\" content=\"642\" \/>\n\t<meta property=\"og:image:height\" content=\"409\" \/>\n\t<meta property=\"og:image:type\" content=\"image\/jpeg\" \/>\n<meta name=\"author\" content=\"NOTICIASMERCEDINAS.COM\" \/>\n<meta name=\"twitter:card\" content=\"summary_large_image\" \/>\n<meta name=\"twitter:creator\" content=\"@notmercedinas\" \/>\n<meta name=\"twitter:site\" content=\"@notmercedinas\" \/>\n<meta name=\"twitter:label1\" content=\"Escrito por\" \/>\n\t<meta name=\"twitter:data1\" content=\"NOTICIASMERCEDINAS.COM\" \/>\n\t<meta name=\"twitter:label2\" content=\"Tiempo de lectura\" \/>\n\t<meta name=\"twitter:data2\" content=\"4 minutos\" \/>\n<script type=\"application\/ld+json\" class=\"yoast-schema-graph\">{\"@context\":\"https:\\\/\\\/schema.org\",\"@graph\":[{\"@type\":\"Article\",\"@id\":\"https:\\\/\\\/noticiasmercedinas.com\\\/site\\\/2021\\\/04\\\/06\\\/aprender-a-comer-correctamente-con-una-dieta-equilibrada\\\/#article\",\"isPartOf\":{\"@id\":\"https:\\\/\\\/noticiasmercedinas.com\\\/site\\\/2021\\\/04\\\/06\\\/aprender-a-comer-correctamente-con-una-dieta-equilibrada\\\/\"},\"author\":{\"name\":\"NOTICIASMERCEDINAS.COM\",\"@id\":\"https:\\\/\\\/noticiasmercedinas.com\\\/site\\\/#\\\/schema\\\/person\\\/84b59c099c28ff2e8b77d4ceec5d8063\"},\"headline\":\"Aprender a comer correctamente con una dieta equilibrada\",\"datePublished\":\"2021-04-06T17:26:15+00:00\",\"mainEntityOfPage\":{\"@id\":\"https:\\\/\\\/noticiasmercedinas.com\\\/site\\\/2021\\\/04\\\/06\\\/aprender-a-comer-correctamente-con-una-dieta-equilibrada\\\/\"},\"wordCount\":899,\"commentCount\":0,\"publisher\":{\"@id\":\"https:\\\/\\\/noticiasmercedinas.com\\\/site\\\/#organization\"},\"image\":{\"@id\":\"https:\\\/\\\/noticiasmercedinas.com\\\/site\\\/2021\\\/04\\\/06\\\/aprender-a-comer-correctamente-con-una-dieta-equilibrada\\\/#primaryimage\"},\"thumbnailUrl\":\"https:\\\/\\\/noticiasmercedinas.com\\\/site\\\/wp-content\\\/uploads\\\/2021\\\/04\\\/dieta.jpg\",\"keywords\":[\"alimentacion\",\"dieta\",\"equilibrio\",\"nutrici\u00f3n\"],\"articleSection\":[\"Bienestar\"],\"inLanguage\":\"es\",\"potentialAction\":[{\"@type\":\"CommentAction\",\"name\":\"Comment\",\"target\":[\"https:\\\/\\\/noticiasmercedinas.com\\\/site\\\/2021\\\/04\\\/06\\\/aprender-a-comer-correctamente-con-una-dieta-equilibrada\\\/#respond\"]}]},{\"@type\":\"WebPage\",\"@id\":\"https:\\\/\\\/noticiasmercedinas.com\\\/site\\\/2021\\\/04\\\/06\\\/aprender-a-comer-correctamente-con-una-dieta-equilibrada\\\/\",\"url\":\"https:\\\/\\\/noticiasmercedinas.com\\\/site\\\/2021\\\/04\\\/06\\\/aprender-a-comer-correctamente-con-una-dieta-equilibrada\\\/\",\"name\":\"Aprender a comer correctamente con una dieta equilibrada\",\"isPartOf\":{\"@id\":\"https:\\\/\\\/noticiasmercedinas.com\\\/site\\\/#website\"},\"primaryImageOfPage\":{\"@id\":\"https:\\\/\\\/noticiasmercedinas.com\\\/site\\\/2021\\\/04\\\/06\\\/aprender-a-comer-correctamente-con-una-dieta-equilibrada\\\/#primaryimage\"},\"image\":{\"@id\":\"https:\\\/\\\/noticiasmercedinas.com\\\/site\\\/2021\\\/04\\\/06\\\/aprender-a-comer-correctamente-con-una-dieta-equilibrada\\\/#primaryimage\"},\"thumbnailUrl\":\"https:\\\/\\\/noticiasmercedinas.com\\\/site\\\/wp-content\\\/uploads\\\/2021\\\/04\\\/dieta.jpg\",\"datePublished\":\"2021-04-06T17:26:15+00:00\",\"breadcrumb\":{\"@id\":\"https:\\\/\\\/noticiasmercedinas.com\\\/site\\\/2021\\\/04\\\/06\\\/aprender-a-comer-correctamente-con-una-dieta-equilibrada\\\/#breadcrumb\"},\"inLanguage\":\"es\",\"potentialAction\":[{\"@type\":\"ReadAction\",\"target\":[\"https:\\\/\\\/noticiasmercedinas.com\\\/site\\\/2021\\\/04\\\/06\\\/aprender-a-comer-correctamente-con-una-dieta-equilibrada\\\/\"]}]},{\"@type\":\"ImageObject\",\"inLanguage\":\"es\",\"@id\":\"https:\\\/\\\/noticiasmercedinas.com\\\/site\\\/2021\\\/04\\\/06\\\/aprender-a-comer-correctamente-con-una-dieta-equilibrada\\\/#primaryimage\",\"url\":\"https:\\\/\\\/noticiasmercedinas.com\\\/site\\\/wp-content\\\/uploads\\\/2021\\\/04\\\/dieta.jpg\",\"contentUrl\":\"https:\\\/\\\/noticiasmercedinas.com\\\/site\\\/wp-content\\\/uploads\\\/2021\\\/04\\\/dieta.jpg\",\"width\":642,\"height\":409},{\"@type\":\"BreadcrumbList\",\"@id\":\"https:\\\/\\\/noticiasmercedinas.com\\\/site\\\/2021\\\/04\\\/06\\\/aprender-a-comer-correctamente-con-una-dieta-equilibrada\\\/#breadcrumb\",\"itemListElement\":[{\"@type\":\"ListItem\",\"position\":1,\"name\":\"Portada\",\"item\":\"https:\\\/\\\/noticiasmercedinas.com\\\/site\\\/\"},{\"@type\":\"ListItem\",\"position\":2,\"name\":\"Aprender a comer correctamente con una dieta equilibrada\"}]},{\"@type\":\"WebSite\",\"@id\":\"https:\\\/\\\/noticiasmercedinas.com\\\/site\\\/#website\",\"url\":\"https:\\\/\\\/noticiasmercedinas.com\\\/site\\\/\",\"name\":\"NOTICIASMERCEDINAS.COM\",\"description\":\"Mercedes, Buenos Aires, Argentina\",\"publisher\":{\"@id\":\"https:\\\/\\\/noticiasmercedinas.com\\\/site\\\/#organization\"},\"potentialAction\":[{\"@type\":\"SearchAction\",\"target\":{\"@type\":\"EntryPoint\",\"urlTemplate\":\"https:\\\/\\\/noticiasmercedinas.com\\\/site\\\/?s={search_term_string}\"},\"query-input\":{\"@type\":\"PropertyValueSpecification\",\"valueRequired\":true,\"valueName\":\"search_term_string\"}}],\"inLanguage\":\"es\"},{\"@type\":\"Organization\",\"@id\":\"https:\\\/\\\/noticiasmercedinas.com\\\/site\\\/#organization\",\"name\":\"NOTICIASMERCEDINAS.COM\",\"url\":\"https:\\\/\\\/noticiasmercedinas.com\\\/site\\\/\",\"logo\":{\"@type\":\"ImageObject\",\"inLanguage\":\"es\",\"@id\":\"https:\\\/\\\/noticiasmercedinas.com\\\/site\\\/#\\\/schema\\\/logo\\\/image\\\/\",\"url\":\"https:\\\/\\\/noticiasmercedinas.com\\\/site\\\/wp-content\\\/uploads\\\/2020\\\/06\\\/LOGO-512.jpg\",\"contentUrl\":\"https:\\\/\\\/noticiasmercedinas.com\\\/site\\\/wp-content\\\/uploads\\\/2020\\\/06\\\/LOGO-512.jpg\",\"width\":512,\"height\":512,\"caption\":\"NOTICIASMERCEDINAS.COM\"},\"image\":{\"@id\":\"https:\\\/\\\/noticiasmercedinas.com\\\/site\\\/#\\\/schema\\\/logo\\\/image\\\/\"},\"sameAs\":[\"https:\\\/\\\/www.facebook.com\\\/noticiasmercedinas\\\/\",\"https:\\\/\\\/x.com\\\/notmercedinas\",\"https:\\\/\\\/www.instagram.com\\\/noticiasmercedinas\\\/\"]},{\"@type\":\"Person\",\"@id\":\"https:\\\/\\\/noticiasmercedinas.com\\\/site\\\/#\\\/schema\\\/person\\\/84b59c099c28ff2e8b77d4ceec5d8063\",\"name\":\"NOTICIASMERCEDINAS.COM\",\"image\":{\"@type\":\"ImageObject\",\"inLanguage\":\"es\",\"@id\":\"https:\\\/\\\/secure.gravatar.com\\\/avatar\\\/4dfbf16b4d17945bfb6341b2d19043457132fcf478a5ee04f42e959fd8f5df0a?s=96&d=mm&r=g\",\"url\":\"https:\\\/\\\/secure.gravatar.com\\\/avatar\\\/4dfbf16b4d17945bfb6341b2d19043457132fcf478a5ee04f42e959fd8f5df0a?s=96&d=mm&r=g\",\"contentUrl\":\"https:\\\/\\\/secure.gravatar.com\\\/avatar\\\/4dfbf16b4d17945bfb6341b2d19043457132fcf478a5ee04f42e959fd8f5df0a?s=96&d=mm&r=g\",\"caption\":\"NOTICIASMERCEDINAS.COM\"},\"url\":\"https:\\\/\\\/noticiasmercedinas.com\\\/site\\\/author\\\/anonimo\\\/\"}]}<\/script>\n<!-- \/ Yoast SEO plugin. -->","yoast_head_json":{"title":"Aprender a comer correctamente con una dieta equilibrada","robots":{"index":"index","follow":"follow","max-snippet":"max-snippet:-1","max-image-preview":"max-image-preview:large","max-video-preview":"max-video-preview:-1"},"canonical":"https:\/\/noticiasmercedinas.com\/site\/2021\/04\/06\/aprender-a-comer-correctamente-con-una-dieta-equilibrada\/","og_locale":"es_ES","og_type":"article","og_title":"Aprender a comer correctamente con una dieta equilibrada","og_description":"En palabras de un nutricionista: comer es una cosa y alimentarse, otra completamente diferente. Alimentarnos es vital para la calidad de nuestra vida y una de las experiencias m\u00e1s placenteras de las que podemos disfrutar. No obstante, para tener una buena alimentaci\u00f3n se debe cumplir con varios factores, que a veces pueden parecernos tediosos o [&hellip;]","og_url":"https:\/\/noticiasmercedinas.com\/site\/2021\/04\/06\/aprender-a-comer-correctamente-con-una-dieta-equilibrada\/","og_site_name":"NOTICIASMERCEDINAS.COM","article_publisher":"https:\/\/www.facebook.com\/noticiasmercedinas\/","article_published_time":"2021-04-06T17:26:15+00:00","og_image":[{"width":642,"height":409,"url":"https:\/\/noticiasmercedinas.com\/site\/wp-content\/uploads\/2021\/04\/dieta.jpg","type":"image\/jpeg"}],"author":"NOTICIASMERCEDINAS.COM","twitter_card":"summary_large_image","twitter_creator":"@notmercedinas","twitter_site":"@notmercedinas","twitter_misc":{"Escrito por":"NOTICIASMERCEDINAS.COM","Tiempo de lectura":"4 minutos"},"schema":{"@context":"https:\/\/schema.org","@graph":[{"@type":"Article","@id":"https:\/\/noticiasmercedinas.com\/site\/2021\/04\/06\/aprender-a-comer-correctamente-con-una-dieta-equilibrada\/#article","isPartOf":{"@id":"https:\/\/noticiasmercedinas.com\/site\/2021\/04\/06\/aprender-a-comer-correctamente-con-una-dieta-equilibrada\/"},"author":{"name":"NOTICIASMERCEDINAS.COM","@id":"https:\/\/noticiasmercedinas.com\/site\/#\/schema\/person\/84b59c099c28ff2e8b77d4ceec5d8063"},"headline":"Aprender a comer correctamente con una dieta equilibrada","datePublished":"2021-04-06T17:26:15+00:00","mainEntityOfPage":{"@id":"https:\/\/noticiasmercedinas.com\/site\/2021\/04\/06\/aprender-a-comer-correctamente-con-una-dieta-equilibrada\/"},"wordCount":899,"commentCount":0,"publisher":{"@id":"https:\/\/noticiasmercedinas.com\/site\/#organization"},"image":{"@id":"https:\/\/noticiasmercedinas.com\/site\/2021\/04\/06\/aprender-a-comer-correctamente-con-una-dieta-equilibrada\/#primaryimage"},"thumbnailUrl":"https:\/\/noticiasmercedinas.com\/site\/wp-content\/uploads\/2021\/04\/dieta.jpg","keywords":["alimentacion","dieta","equilibrio","nutrici\u00f3n"],"articleSection":["Bienestar"],"inLanguage":"es","potentialAction":[{"@type":"CommentAction","name":"Comment","target":["https:\/\/noticiasmercedinas.com\/site\/2021\/04\/06\/aprender-a-comer-correctamente-con-una-dieta-equilibrada\/#respond"]}]},{"@type":"WebPage","@id":"https:\/\/noticiasmercedinas.com\/site\/2021\/04\/06\/aprender-a-comer-correctamente-con-una-dieta-equilibrada\/","url":"https:\/\/noticiasmercedinas.com\/site\/2021\/04\/06\/aprender-a-comer-correctamente-con-una-dieta-equilibrada\/","name":"Aprender a comer correctamente con una dieta equilibrada","isPartOf":{"@id":"https:\/\/noticiasmercedinas.com\/site\/#website"},"primaryImageOfPage":{"@id":"https:\/\/noticiasmercedinas.com\/site\/2021\/04\/06\/aprender-a-comer-correctamente-con-una-dieta-equilibrada\/#primaryimage"},"image":{"@id":"https:\/\/noticiasmercedinas.com\/site\/2021\/04\/06\/aprender-a-comer-correctamente-con-una-dieta-equilibrada\/#primaryimage"},"thumbnailUrl":"https:\/\/noticiasmercedinas.com\/site\/wp-content\/uploads\/2021\/04\/dieta.jpg","datePublished":"2021-04-06T17:26:15+00:00","breadcrumb":{"@id":"https:\/\/noticiasmercedinas.com\/site\/2021\/04\/06\/aprender-a-comer-correctamente-con-una-dieta-equilibrada\/#breadcrumb"},"inLanguage":"es","potentialAction":[{"@type":"ReadAction","target":["https:\/\/noticiasmercedinas.com\/site\/2021\/04\/06\/aprender-a-comer-correctamente-con-una-dieta-equilibrada\/"]}]},{"@type":"ImageObject","inLanguage":"es","@id":"https:\/\/noticiasmercedinas.com\/site\/2021\/04\/06\/aprender-a-comer-correctamente-con-una-dieta-equilibrada\/#primaryimage","url":"https:\/\/noticiasmercedinas.com\/site\/wp-content\/uploads\/2021\/04\/dieta.jpg","contentUrl":"https:\/\/noticiasmercedinas.com\/site\/wp-content\/uploads\/2021\/04\/dieta.jpg","width":642,"height":409},{"@type":"BreadcrumbList","@id":"https:\/\/noticiasmercedinas.com\/site\/2021\/04\/06\/aprender-a-comer-correctamente-con-una-dieta-equilibrada\/#breadcrumb","itemListElement":[{"@type":"ListItem","position":1,"name":"Portada","item":"https:\/\/noticiasmercedinas.com\/site\/"},{"@type":"ListItem","position":2,"name":"Aprender a comer correctamente con una dieta equilibrada"}]},{"@type":"WebSite","@id":"https:\/\/noticiasmercedinas.com\/site\/#website","url":"https:\/\/noticiasmercedinas.com\/site\/","name":"NOTICIASMERCEDINAS.COM","description":"Mercedes, Buenos Aires, Argentina","publisher":{"@id":"https:\/\/noticiasmercedinas.com\/site\/#organization"},"potentialAction":[{"@type":"SearchAction","target":{"@type":"EntryPoint","urlTemplate":"https:\/\/noticiasmercedinas.com\/site\/?s={search_term_string}"},"query-input":{"@type":"PropertyValueSpecification","valueRequired":true,"valueName":"search_term_string"}}],"inLanguage":"es"},{"@type":"Organization","@id":"https:\/\/noticiasmercedinas.com\/site\/#organization","name":"NOTICIASMERCEDINAS.COM","url":"https:\/\/noticiasmercedinas.com\/site\/","logo":{"@type":"ImageObject","inLanguage":"es","@id":"https:\/\/noticiasmercedinas.com\/site\/#\/schema\/logo\/image\/","url":"https:\/\/noticiasmercedinas.com\/site\/wp-content\/uploads\/2020\/06\/LOGO-512.jpg","contentUrl":"https:\/\/noticiasmercedinas.com\/site\/wp-content\/uploads\/2020\/06\/LOGO-512.jpg","width":512,"height":512,"caption":"NOTICIASMERCEDINAS.COM"},"image":{"@id":"https:\/\/noticiasmercedinas.com\/site\/#\/schema\/logo\/image\/"},"sameAs":["https:\/\/www.facebook.com\/noticiasmercedinas\/","https:\/\/x.com\/notmercedinas","https:\/\/www.instagram.com\/noticiasmercedinas\/"]},{"@type":"Person","@id":"https:\/\/noticiasmercedinas.com\/site\/#\/schema\/person\/84b59c099c28ff2e8b77d4ceec5d8063","name":"NOTICIASMERCEDINAS.COM","image":{"@type":"ImageObject","inLanguage":"es","@id":"https:\/\/secure.gravatar.com\/avatar\/4dfbf16b4d17945bfb6341b2d19043457132fcf478a5ee04f42e959fd8f5df0a?s=96&d=mm&r=g","url":"https:\/\/secure.gravatar.com\/avatar\/4dfbf16b4d17945bfb6341b2d19043457132fcf478a5ee04f42e959fd8f5df0a?s=96&d=mm&r=g","contentUrl":"https:\/\/secure.gravatar.com\/avatar\/4dfbf16b4d17945bfb6341b2d19043457132fcf478a5ee04f42e959fd8f5df0a?s=96&d=mm&r=g","caption":"NOTICIASMERCEDINAS.COM"},"url":"https:\/\/noticiasmercedinas.com\/site\/author\/anonimo\/"}]}},"amp_enabled":true,"_links":{"self":[{"href":"https:\/\/noticiasmercedinas.com\/site\/wp-json\/wp\/v2\/posts\/64904","targetHints":{"allow":["GET"]}}],"collection":[{"href":"https:\/\/noticiasmercedinas.com\/site\/wp-json\/wp\/v2\/posts"}],"about":[{"href":"https:\/\/noticiasmercedinas.com\/site\/wp-json\/wp\/v2\/types\/post"}],"author":[{"embeddable":true,"href":"https:\/\/noticiasmercedinas.com\/site\/wp-json\/wp\/v2\/users\/16"}],"replies":[{"embeddable":true,"href":"https:\/\/noticiasmercedinas.com\/site\/wp-json\/wp\/v2\/comments?post=64904"}],"version-history":[{"count":1,"href":"https:\/\/noticiasmercedinas.com\/site\/wp-json\/wp\/v2\/posts\/64904\/revisions"}],"predecessor-version":[{"id":64906,"href":"https:\/\/noticiasmercedinas.com\/site\/wp-json\/wp\/v2\/posts\/64904\/revisions\/64906"}],"wp:featuredmedia":[{"embeddable":true,"href":"https:\/\/noticiasmercedinas.com\/site\/wp-json\/wp\/v2\/media\/64905"}],"wp:attachment":[{"href":"https:\/\/noticiasmercedinas.com\/site\/wp-json\/wp\/v2\/media?parent=64904"}],"wp:term":[{"taxonomy":"category","embeddable":true,"href":"https:\/\/noticiasmercedinas.com\/site\/wp-json\/wp\/v2\/categories?post=64904"},{"taxonomy":"post_tag","embeddable":true,"href":"https:\/\/noticiasmercedinas.com\/site\/wp-json\/wp\/v2\/tags?post=64904"}],"curies":[{"name":"wp","href":"https:\/\/api.w.org\/{rel}","templated":true}]}}