{"id":65278,"date":"2021-04-11T15:46:41","date_gmt":"2021-04-11T18:46:41","guid":{"rendered":"https:\/\/noticiasmercedinas.com\/site\/?p=65278"},"modified":"2021-04-11T17:31:35","modified_gmt":"2021-04-11T20:31:35","slug":"flandria-no-pudo-con-deportivo-merlo","status":"publish","type":"post","link":"https:\/\/noticiasmercedinas.com\/site\/2021\/04\/11\/flandria-no-pudo-con-deportivo-merlo\/","title":{"rendered":"Flandria no pudo con Deportivo Merlo"},"content":{"rendered":"<p><img loading=\"lazy\" decoding=\"async\" class=\"alignnone size-full wp-image-65279\" src=\"https:\/\/noticiasmercedinas.com\/site\/wp-content\/uploads\/2021\/04\/flandria.jpg\" alt=\"\" width=\"640\" height=\"427\" srcset=\"https:\/\/noticiasmercedinas.com\/site\/wp-content\/uploads\/2021\/04\/flandria.jpg 640w, https:\/\/noticiasmercedinas.com\/site\/wp-content\/uploads\/2021\/04\/flandria-300x200.jpg 300w\" sizes=\"auto, (max-width: 640px) 100vw, 640px\" \/><\/p>\n<p>Esta tarde por la sexta fecha de la Primera B, en el Carlos V de J\u00e1uregui, Flandria tuvo la visita del Deportivo Merlo en el marco de un encuentro importante para ambos. El \u201cCharro\u201d tuvo las mejores oportunidades en el inicio del juego y lo capitaliz\u00f3 con el 1-0.<\/p>\n<p>Gol que lleg\u00f3 desde el punto penal, a los 22\u2019 el arquero Germ\u00e1n Yacaruso le cometi\u00f3 falta a Mor\u00e1n y Paj\u00f3n cambi\u00f3 la oportunidad por gol. Con el resultado en contra el \u201cCanario\u201d se preocup\u00f3 por hacer valer su local\u00eda e inclin\u00f3 la cancha, sin poder tener destino de red en la soleada tarde.<\/p>\n<p>El arranque del complemento tuvo al equipo del \u201cLobo\u201d Montenegro concentrado, con una llegada por derecha de Nouet y centro al \u00e1rea para la definici\u00f3n de Guerreiro que puso el 1 a 1 en 2\u2019. El partido ofreci\u00f3 m\u00e1s, destac\u00e1ndose el saque de arco de Tursi para el buen gol de Romeo a los 15\u2019, volviendo a ganar Merlo.<\/p>\n<p>Sin rendirse, a partir de una pelota de Lugo y habilitaci\u00f3n de Ib\u00e1\u00f1ez el ingresado Gordillo estamp\u00f3 el 2 a 2 en 24\u2019. En medio de un partidazo en 32\u2019 una bocha parada mostr\u00f3 algunas desinteligencias en el local, el que no perdon\u00f3 fue otra vez Romero para el 3 a 2 a favor de Merlo. Que qued\u00f3 tercero, Defensores Unidos es el puntero. Por la pr\u00f3xima fecha, la s\u00e9ptima, Flandria quedar\u00e1 libre y en la octava jornada visitar\u00e1 a Ca\u00f1uelas.<\/p>\n<p><strong>Flandria 2:<\/strong> Yacaruso, Camacho, Henry, Puch, Lugo, L\u00f3pez Quinteros, Nouet, Gonz\u00e1lez, Guerreiro, Tisera e Ib\u00e1\u00f1ez. <strong>DT:<\/strong> Montenegro. <strong>Relevos:<\/strong> Espeleta, Bavone y Ford.<br \/>\n<strong>Deportivo Merlo 3:<\/strong> Tursi, De Luca, Gauna, Motroni, Ojeda, Aguirre, Mor\u00e1n, Paj\u00f3n Romero, Ben\u00edtez y Avallay. <strong>DT:<\/strong> D\u2019Angelo. <strong>Relevos:<\/strong> Acevedo, Godoy y Colzera.<br \/>\n<strong>Gol en el PT:<\/strong> A los 22\u2019 Paj\u00f3n para Merlo.<br \/>\n<strong>Goles en el ST:<\/strong> A los 2\u2019 Guerreiro para Flandria, 15\u2019 y 43\u2019 Romero para Merlo y a los 24\u2019 Gordillo para Flandria.<br \/>\n<strong>Cambios:<\/strong> Cabral por Henry, Gordillo por Tisera, Altoaguirre por Nouet y F. Nouet por Guerreiro en Flandria. Seltzer por Avallay, Ben\u00edtez por Mor\u00e1n, Tinari por Paj\u00f3n y Pompei por Romero en Merlo.<br \/>\n<strong>Arbitro:<\/strong> Gonaldi.<br \/>\n<strong>Expulsado:<\/strong> A los 45\u2019 Gonz\u00e1lez en Flandria.<\/p>\n","protected":false},"excerpt":{"rendered":"<p>\u25a0 Cay\u00f3 3 a 2 en el Carlos V consiguiendo empatar el partido en dos oportunidades. El \u201cCanario\u201d dej\u00f3 la punta del certamen donde ahora lidera  Defensores Unidos. En la pr\u00f3xima fecha los de Montenegro quedar\u00e1n libres.<\/p>\n","protected":false},"author":16,"featured_media":65279,"comment_status":"open","ping_status":"open","sticky":false,"template":"","format":"standard","meta":{"footnotes":""},"categories":[5],"tags":[283,6453],"class_list":["post-65278","post","type-post","status-publish","format-standard","has-post-thumbnail","hentry","category-deportes","tag-flandria","tag-primera-b"],"yoast_head":"<!-- This site is optimized with the Yoast SEO plugin v27.4 - https:\/\/yoast.com\/product\/yoast-seo-wordpress\/ -->\n<title>Flandria no pudo con Deportivo Merlo<\/title>\n<meta name=\"robots\" content=\"index, follow, max-snippet:-1, max-image-preview:large, max-video-preview:-1\" \/>\n<link rel=\"canonical\" href=\"https:\/\/noticiasmercedinas.com\/site\/2021\/04\/11\/flandria-no-pudo-con-deportivo-merlo\/\" \/>\n<meta property=\"og:locale\" content=\"es_ES\" \/>\n<meta property=\"og:type\" content=\"article\" \/>\n<meta property=\"og:title\" content=\"Flandria no pudo con Deportivo Merlo\" \/>\n<meta property=\"og:description\" content=\"\u25a0 Cay\u00f3 3 a 2 en el Carlos V consiguiendo empatar el partido en dos oportunidades. El \u201cCanario\u201d dej\u00f3 la punta del certamen donde ahora lidera Defensores Unidos. En la pr\u00f3xima fecha los de Montenegro quedar\u00e1n libres.\" \/>\n<meta property=\"og:url\" content=\"https:\/\/noticiasmercedinas.com\/site\/2021\/04\/11\/flandria-no-pudo-con-deportivo-merlo\/\" \/>\n<meta property=\"og:site_name\" content=\"NOTICIASMERCEDINAS.COM\" \/>\n<meta property=\"article:publisher\" content=\"https:\/\/www.facebook.com\/noticiasmercedinas\/\" \/>\n<meta property=\"article:published_time\" content=\"2021-04-11T18:46:41+00:00\" \/>\n<meta property=\"article:modified_time\" content=\"2021-04-11T20:31:35+00:00\" \/>\n<meta property=\"og:image\" content=\"https:\/\/noticiasmercedinas.com\/site\/wp-content\/uploads\/2021\/04\/flandria.jpg\" \/>\n\t<meta property=\"og:image:width\" content=\"640\" \/>\n\t<meta property=\"og:image:height\" content=\"427\" \/>\n\t<meta property=\"og:image:type\" content=\"image\/jpeg\" \/>\n<meta name=\"author\" content=\"NOTICIASMERCEDINAS.COM\" \/>\n<meta name=\"twitter:card\" content=\"summary_large_image\" \/>\n<meta name=\"twitter:creator\" content=\"@notmercedinas\" \/>\n<meta name=\"twitter:site\" content=\"@notmercedinas\" \/>\n<meta name=\"twitter:label1\" content=\"Escrito por\" \/>\n\t<meta name=\"twitter:data1\" content=\"NOTICIASMERCEDINAS.COM\" \/>\n\t<meta name=\"twitter:label2\" content=\"Tiempo de lectura\" \/>\n\t<meta name=\"twitter:data2\" content=\"2 minutos\" \/>\n<script type=\"application\/ld+json\" class=\"yoast-schema-graph\">{\"@context\":\"https:\\\/\\\/schema.org\",\"@graph\":[{\"@type\":\"Article\",\"@id\":\"https:\\\/\\\/noticiasmercedinas.com\\\/site\\\/2021\\\/04\\\/11\\\/flandria-no-pudo-con-deportivo-merlo\\\/#article\",\"isPartOf\":{\"@id\":\"https:\\\/\\\/noticiasmercedinas.com\\\/site\\\/2021\\\/04\\\/11\\\/flandria-no-pudo-con-deportivo-merlo\\\/\"},\"author\":{\"name\":\"NOTICIASMERCEDINAS.COM\",\"@id\":\"https:\\\/\\\/noticiasmercedinas.com\\\/site\\\/#\\\/schema\\\/person\\\/84b59c099c28ff2e8b77d4ceec5d8063\"},\"headline\":\"Flandria no pudo con Deportivo Merlo\",\"datePublished\":\"2021-04-11T18:46:41+00:00\",\"dateModified\":\"2021-04-11T20:31:35+00:00\",\"mainEntityOfPage\":{\"@id\":\"https:\\\/\\\/noticiasmercedinas.com\\\/site\\\/2021\\\/04\\\/11\\\/flandria-no-pudo-con-deportivo-merlo\\\/\"},\"wordCount\":374,\"commentCount\":0,\"publisher\":{\"@id\":\"https:\\\/\\\/noticiasmercedinas.com\\\/site\\\/#organization\"},\"image\":{\"@id\":\"https:\\\/\\\/noticiasmercedinas.com\\\/site\\\/2021\\\/04\\\/11\\\/flandria-no-pudo-con-deportivo-merlo\\\/#primaryimage\"},\"thumbnailUrl\":\"https:\\\/\\\/noticiasmercedinas.com\\\/site\\\/wp-content\\\/uploads\\\/2021\\\/04\\\/flandria.jpg\",\"keywords\":[\"flandria\",\"Primera B\"],\"articleSection\":[\"Deportes\"],\"inLanguage\":\"es\",\"potentialAction\":[{\"@type\":\"CommentAction\",\"name\":\"Comment\",\"target\":[\"https:\\\/\\\/noticiasmercedinas.com\\\/site\\\/2021\\\/04\\\/11\\\/flandria-no-pudo-con-deportivo-merlo\\\/#respond\"]}]},{\"@type\":\"WebPage\",\"@id\":\"https:\\\/\\\/noticiasmercedinas.com\\\/site\\\/2021\\\/04\\\/11\\\/flandria-no-pudo-con-deportivo-merlo\\\/\",\"url\":\"https:\\\/\\\/noticiasmercedinas.com\\\/site\\\/2021\\\/04\\\/11\\\/flandria-no-pudo-con-deportivo-merlo\\\/\",\"name\":\"Flandria no pudo con Deportivo Merlo\",\"isPartOf\":{\"@id\":\"https:\\\/\\\/noticiasmercedinas.com\\\/site\\\/#website\"},\"primaryImageOfPage\":{\"@id\":\"https:\\\/\\\/noticiasmercedinas.com\\\/site\\\/2021\\\/04\\\/11\\\/flandria-no-pudo-con-deportivo-merlo\\\/#primaryimage\"},\"image\":{\"@id\":\"https:\\\/\\\/noticiasmercedinas.com\\\/site\\\/2021\\\/04\\\/11\\\/flandria-no-pudo-con-deportivo-merlo\\\/#primaryimage\"},\"thumbnailUrl\":\"https:\\\/\\\/noticiasmercedinas.com\\\/site\\\/wp-content\\\/uploads\\\/2021\\\/04\\\/flandria.jpg\",\"datePublished\":\"2021-04-11T18:46:41+00:00\",\"dateModified\":\"2021-04-11T20:31:35+00:00\",\"breadcrumb\":{\"@id\":\"https:\\\/\\\/noticiasmercedinas.com\\\/site\\\/2021\\\/04\\\/11\\\/flandria-no-pudo-con-deportivo-merlo\\\/#breadcrumb\"},\"inLanguage\":\"es\",\"potentialAction\":[{\"@type\":\"ReadAction\",\"target\":[\"https:\\\/\\\/noticiasmercedinas.com\\\/site\\\/2021\\\/04\\\/11\\\/flandria-no-pudo-con-deportivo-merlo\\\/\"]}]},{\"@type\":\"ImageObject\",\"inLanguage\":\"es\",\"@id\":\"https:\\\/\\\/noticiasmercedinas.com\\\/site\\\/2021\\\/04\\\/11\\\/flandria-no-pudo-con-deportivo-merlo\\\/#primaryimage\",\"url\":\"https:\\\/\\\/noticiasmercedinas.com\\\/site\\\/wp-content\\\/uploads\\\/2021\\\/04\\\/flandria.jpg\",\"contentUrl\":\"https:\\\/\\\/noticiasmercedinas.com\\\/site\\\/wp-content\\\/uploads\\\/2021\\\/04\\\/flandria.jpg\",\"width\":640,\"height\":427},{\"@type\":\"BreadcrumbList\",\"@id\":\"https:\\\/\\\/noticiasmercedinas.com\\\/site\\\/2021\\\/04\\\/11\\\/flandria-no-pudo-con-deportivo-merlo\\\/#breadcrumb\",\"itemListElement\":[{\"@type\":\"ListItem\",\"position\":1,\"name\":\"Portada\",\"item\":\"https:\\\/\\\/noticiasmercedinas.com\\\/site\\\/\"},{\"@type\":\"ListItem\",\"position\":2,\"name\":\"Flandria no pudo con Deportivo Merlo\"}]},{\"@type\":\"WebSite\",\"@id\":\"https:\\\/\\\/noticiasmercedinas.com\\\/site\\\/#website\",\"url\":\"https:\\\/\\\/noticiasmercedinas.com\\\/site\\\/\",\"name\":\"NOTICIASMERCEDINAS.COM\",\"description\":\"Mercedes, Buenos Aires, Argentina\",\"publisher\":{\"@id\":\"https:\\\/\\\/noticiasmercedinas.com\\\/site\\\/#organization\"},\"potentialAction\":[{\"@type\":\"SearchAction\",\"target\":{\"@type\":\"EntryPoint\",\"urlTemplate\":\"https:\\\/\\\/noticiasmercedinas.com\\\/site\\\/?s={search_term_string}\"},\"query-input\":{\"@type\":\"PropertyValueSpecification\",\"valueRequired\":true,\"valueName\":\"search_term_string\"}}],\"inLanguage\":\"es\"},{\"@type\":\"Organization\",\"@id\":\"https:\\\/\\\/noticiasmercedinas.com\\\/site\\\/#organization\",\"name\":\"NOTICIASMERCEDINAS.COM\",\"url\":\"https:\\\/\\\/noticiasmercedinas.com\\\/site\\\/\",\"logo\":{\"@type\":\"ImageObject\",\"inLanguage\":\"es\",\"@id\":\"https:\\\/\\\/noticiasmercedinas.com\\\/site\\\/#\\\/schema\\\/logo\\\/image\\\/\",\"url\":\"https:\\\/\\\/noticiasmercedinas.com\\\/site\\\/wp-content\\\/uploads\\\/2020\\\/06\\\/LOGO-512.jpg\",\"contentUrl\":\"https:\\\/\\\/noticiasmercedinas.com\\\/site\\\/wp-content\\\/uploads\\\/2020\\\/06\\\/LOGO-512.jpg\",\"width\":512,\"height\":512,\"caption\":\"NOTICIASMERCEDINAS.COM\"},\"image\":{\"@id\":\"https:\\\/\\\/noticiasmercedinas.com\\\/site\\\/#\\\/schema\\\/logo\\\/image\\\/\"},\"sameAs\":[\"https:\\\/\\\/www.facebook.com\\\/noticiasmercedinas\\\/\",\"https:\\\/\\\/x.com\\\/notmercedinas\",\"https:\\\/\\\/www.instagram.com\\\/noticiasmercedinas\\\/\"]},{\"@type\":\"Person\",\"@id\":\"https:\\\/\\\/noticiasmercedinas.com\\\/site\\\/#\\\/schema\\\/person\\\/84b59c099c28ff2e8b77d4ceec5d8063\",\"name\":\"NOTICIASMERCEDINAS.COM\",\"image\":{\"@type\":\"ImageObject\",\"inLanguage\":\"es\",\"@id\":\"https:\\\/\\\/secure.gravatar.com\\\/avatar\\\/4dfbf16b4d17945bfb6341b2d19043457132fcf478a5ee04f42e959fd8f5df0a?s=96&d=mm&r=g\",\"url\":\"https:\\\/\\\/secure.gravatar.com\\\/avatar\\\/4dfbf16b4d17945bfb6341b2d19043457132fcf478a5ee04f42e959fd8f5df0a?s=96&d=mm&r=g\",\"contentUrl\":\"https:\\\/\\\/secure.gravatar.com\\\/avatar\\\/4dfbf16b4d17945bfb6341b2d19043457132fcf478a5ee04f42e959fd8f5df0a?s=96&d=mm&r=g\",\"caption\":\"NOTICIASMERCEDINAS.COM\"},\"url\":\"https:\\\/\\\/noticiasmercedinas.com\\\/site\\\/author\\\/anonimo\\\/\"}]}<\/script>\n<!-- \/ Yoast SEO plugin. -->","yoast_head_json":{"title":"Flandria no pudo con Deportivo Merlo","robots":{"index":"index","follow":"follow","max-snippet":"max-snippet:-1","max-image-preview":"max-image-preview:large","max-video-preview":"max-video-preview:-1"},"canonical":"https:\/\/noticiasmercedinas.com\/site\/2021\/04\/11\/flandria-no-pudo-con-deportivo-merlo\/","og_locale":"es_ES","og_type":"article","og_title":"Flandria no pudo con Deportivo Merlo","og_description":"\u25a0 Cay\u00f3 3 a 2 en el Carlos V consiguiendo empatar el partido en dos oportunidades. El \u201cCanario\u201d dej\u00f3 la punta del certamen donde ahora lidera Defensores Unidos. En la pr\u00f3xima fecha los de Montenegro quedar\u00e1n libres.","og_url":"https:\/\/noticiasmercedinas.com\/site\/2021\/04\/11\/flandria-no-pudo-con-deportivo-merlo\/","og_site_name":"NOTICIASMERCEDINAS.COM","article_publisher":"https:\/\/www.facebook.com\/noticiasmercedinas\/","article_published_time":"2021-04-11T18:46:41+00:00","article_modified_time":"2021-04-11T20:31:35+00:00","og_image":[{"width":640,"height":427,"url":"https:\/\/noticiasmercedinas.com\/site\/wp-content\/uploads\/2021\/04\/flandria.jpg","type":"image\/jpeg"}],"author":"NOTICIASMERCEDINAS.COM","twitter_card":"summary_large_image","twitter_creator":"@notmercedinas","twitter_site":"@notmercedinas","twitter_misc":{"Escrito por":"NOTICIASMERCEDINAS.COM","Tiempo de lectura":"2 minutos"},"schema":{"@context":"https:\/\/schema.org","@graph":[{"@type":"Article","@id":"https:\/\/noticiasmercedinas.com\/site\/2021\/04\/11\/flandria-no-pudo-con-deportivo-merlo\/#article","isPartOf":{"@id":"https:\/\/noticiasmercedinas.com\/site\/2021\/04\/11\/flandria-no-pudo-con-deportivo-merlo\/"},"author":{"name":"NOTICIASMERCEDINAS.COM","@id":"https:\/\/noticiasmercedinas.com\/site\/#\/schema\/person\/84b59c099c28ff2e8b77d4ceec5d8063"},"headline":"Flandria no pudo con Deportivo Merlo","datePublished":"2021-04-11T18:46:41+00:00","dateModified":"2021-04-11T20:31:35+00:00","mainEntityOfPage":{"@id":"https:\/\/noticiasmercedinas.com\/site\/2021\/04\/11\/flandria-no-pudo-con-deportivo-merlo\/"},"wordCount":374,"commentCount":0,"publisher":{"@id":"https:\/\/noticiasmercedinas.com\/site\/#organization"},"image":{"@id":"https:\/\/noticiasmercedinas.com\/site\/2021\/04\/11\/flandria-no-pudo-con-deportivo-merlo\/#primaryimage"},"thumbnailUrl":"https:\/\/noticiasmercedinas.com\/site\/wp-content\/uploads\/2021\/04\/flandria.jpg","keywords":["flandria","Primera B"],"articleSection":["Deportes"],"inLanguage":"es","potentialAction":[{"@type":"CommentAction","name":"Comment","target":["https:\/\/noticiasmercedinas.com\/site\/2021\/04\/11\/flandria-no-pudo-con-deportivo-merlo\/#respond"]}]},{"@type":"WebPage","@id":"https:\/\/noticiasmercedinas.com\/site\/2021\/04\/11\/flandria-no-pudo-con-deportivo-merlo\/","url":"https:\/\/noticiasmercedinas.com\/site\/2021\/04\/11\/flandria-no-pudo-con-deportivo-merlo\/","name":"Flandria no pudo con Deportivo Merlo","isPartOf":{"@id":"https:\/\/noticiasmercedinas.com\/site\/#website"},"primaryImageOfPage":{"@id":"https:\/\/noticiasmercedinas.com\/site\/2021\/04\/11\/flandria-no-pudo-con-deportivo-merlo\/#primaryimage"},"image":{"@id":"https:\/\/noticiasmercedinas.com\/site\/2021\/04\/11\/flandria-no-pudo-con-deportivo-merlo\/#primaryimage"},"thumbnailUrl":"https:\/\/noticiasmercedinas.com\/site\/wp-content\/uploads\/2021\/04\/flandria.jpg","datePublished":"2021-04-11T18:46:41+00:00","dateModified":"2021-04-11T20:31:35+00:00","breadcrumb":{"@id":"https:\/\/noticiasmercedinas.com\/site\/2021\/04\/11\/flandria-no-pudo-con-deportivo-merlo\/#breadcrumb"},"inLanguage":"es","potentialAction":[{"@type":"ReadAction","target":["https:\/\/noticiasmercedinas.com\/site\/2021\/04\/11\/flandria-no-pudo-con-deportivo-merlo\/"]}]},{"@type":"ImageObject","inLanguage":"es","@id":"https:\/\/noticiasmercedinas.com\/site\/2021\/04\/11\/flandria-no-pudo-con-deportivo-merlo\/#primaryimage","url":"https:\/\/noticiasmercedinas.com\/site\/wp-content\/uploads\/2021\/04\/flandria.jpg","contentUrl":"https:\/\/noticiasmercedinas.com\/site\/wp-content\/uploads\/2021\/04\/flandria.jpg","width":640,"height":427},{"@type":"BreadcrumbList","@id":"https:\/\/noticiasmercedinas.com\/site\/2021\/04\/11\/flandria-no-pudo-con-deportivo-merlo\/#breadcrumb","itemListElement":[{"@type":"ListItem","position":1,"name":"Portada","item":"https:\/\/noticiasmercedinas.com\/site\/"},{"@type":"ListItem","position":2,"name":"Flandria no pudo con Deportivo Merlo"}]},{"@type":"WebSite","@id":"https:\/\/noticiasmercedinas.com\/site\/#website","url":"https:\/\/noticiasmercedinas.com\/site\/","name":"NOTICIASMERCEDINAS.COM","description":"Mercedes, Buenos Aires, Argentina","publisher":{"@id":"https:\/\/noticiasmercedinas.com\/site\/#organization"},"potentialAction":[{"@type":"SearchAction","target":{"@type":"EntryPoint","urlTemplate":"https:\/\/noticiasmercedinas.com\/site\/?s={search_term_string}"},"query-input":{"@type":"PropertyValueSpecification","valueRequired":true,"valueName":"search_term_string"}}],"inLanguage":"es"},{"@type":"Organization","@id":"https:\/\/noticiasmercedinas.com\/site\/#organization","name":"NOTICIASMERCEDINAS.COM","url":"https:\/\/noticiasmercedinas.com\/site\/","logo":{"@type":"ImageObject","inLanguage":"es","@id":"https:\/\/noticiasmercedinas.com\/site\/#\/schema\/logo\/image\/","url":"https:\/\/noticiasmercedinas.com\/site\/wp-content\/uploads\/2020\/06\/LOGO-512.jpg","contentUrl":"https:\/\/noticiasmercedinas.com\/site\/wp-content\/uploads\/2020\/06\/LOGO-512.jpg","width":512,"height":512,"caption":"NOTICIASMERCEDINAS.COM"},"image":{"@id":"https:\/\/noticiasmercedinas.com\/site\/#\/schema\/logo\/image\/"},"sameAs":["https:\/\/www.facebook.com\/noticiasmercedinas\/","https:\/\/x.com\/notmercedinas","https:\/\/www.instagram.com\/noticiasmercedinas\/"]},{"@type":"Person","@id":"https:\/\/noticiasmercedinas.com\/site\/#\/schema\/person\/84b59c099c28ff2e8b77d4ceec5d8063","name":"NOTICIASMERCEDINAS.COM","image":{"@type":"ImageObject","inLanguage":"es","@id":"https:\/\/secure.gravatar.com\/avatar\/4dfbf16b4d17945bfb6341b2d19043457132fcf478a5ee04f42e959fd8f5df0a?s=96&d=mm&r=g","url":"https:\/\/secure.gravatar.com\/avatar\/4dfbf16b4d17945bfb6341b2d19043457132fcf478a5ee04f42e959fd8f5df0a?s=96&d=mm&r=g","contentUrl":"https:\/\/secure.gravatar.com\/avatar\/4dfbf16b4d17945bfb6341b2d19043457132fcf478a5ee04f42e959fd8f5df0a?s=96&d=mm&r=g","caption":"NOTICIASMERCEDINAS.COM"},"url":"https:\/\/noticiasmercedinas.com\/site\/author\/anonimo\/"}]}},"amp_enabled":true,"_links":{"self":[{"href":"https:\/\/noticiasmercedinas.com\/site\/wp-json\/wp\/v2\/posts\/65278","targetHints":{"allow":["GET"]}}],"collection":[{"href":"https:\/\/noticiasmercedinas.com\/site\/wp-json\/wp\/v2\/posts"}],"about":[{"href":"https:\/\/noticiasmercedinas.com\/site\/wp-json\/wp\/v2\/types\/post"}],"author":[{"embeddable":true,"href":"https:\/\/noticiasmercedinas.com\/site\/wp-json\/wp\/v2\/users\/16"}],"replies":[{"embeddable":true,"href":"https:\/\/noticiasmercedinas.com\/site\/wp-json\/wp\/v2\/comments?post=65278"}],"version-history":[{"count":3,"href":"https:\/\/noticiasmercedinas.com\/site\/wp-json\/wp\/v2\/posts\/65278\/revisions"}],"predecessor-version":[{"id":65285,"href":"https:\/\/noticiasmercedinas.com\/site\/wp-json\/wp\/v2\/posts\/65278\/revisions\/65285"}],"wp:featuredmedia":[{"embeddable":true,"href":"https:\/\/noticiasmercedinas.com\/site\/wp-json\/wp\/v2\/media\/65279"}],"wp:attachment":[{"href":"https:\/\/noticiasmercedinas.com\/site\/wp-json\/wp\/v2\/media?parent=65278"}],"wp:term":[{"taxonomy":"category","embeddable":true,"href":"https:\/\/noticiasmercedinas.com\/site\/wp-json\/wp\/v2\/categories?post=65278"},{"taxonomy":"post_tag","embeddable":true,"href":"https:\/\/noticiasmercedinas.com\/site\/wp-json\/wp\/v2\/tags?post=65278"}],"curies":[{"name":"wp","href":"https:\/\/api.w.org\/{rel}","templated":true}]}}