{"id":657,"date":"2018-08-30T10:57:16","date_gmt":"2018-08-30T13:57:16","guid":{"rendered":"http:\/\/noticiasmercedinas.com\/site\/?p=657"},"modified":"2018-08-30T11:00:12","modified_gmt":"2018-08-30T14:00:12","slug":"miguel-palma-dara-charla-en-mercedes-y-llama-a-generar-una-cultura-de-prevencion","status":"publish","type":"post","link":"https:\/\/noticiasmercedinas.com\/site\/2018\/08\/30\/miguel-palma-dara-charla-en-mercedes-y-llama-a-generar-una-cultura-de-prevencion\/","title":{"rendered":"Miguel Palma dar\u00e1 charla en Mercedes y llama a generar \u201cuna cultura de prevenci\u00f3n\u201d"},"content":{"rendered":"<p><strong>El cient\u00edfico invita a los j\u00f3venes a sumarse. Dar\u00e1 una conferencia magistral \u201cLa Tierra, un planeta en soledad\u201d (Una aproximaci\u00f3n a la realidad de los Sistemas Terrestres). El 26 de septiembre a las 19 horas en el Concejo Deliberante.<\/strong><\/p>\n<p><img loading=\"lazy\" decoding=\"async\" class=\"aligncenter size-full wp-image-658\" src=\"http:\/\/noticiasmercedinas.com\/site\/wp-content\/uploads\/2018\/08\/miguel_palma.jpg\" alt=\"\" width=\"647\" height=\"354\" srcset=\"https:\/\/noticiasmercedinas.com\/site\/wp-content\/uploads\/2018\/08\/miguel_palma.jpg 647w, https:\/\/noticiasmercedinas.com\/site\/wp-content\/uploads\/2018\/08\/miguel_palma-300x164.jpg 300w, https:\/\/noticiasmercedinas.com\/site\/wp-content\/uploads\/2018\/08\/miguel_palma-640x350.jpg 640w\" sizes=\"auto, (max-width: 647px) 100vw, 647px\" \/><\/p>\n<audio class=\"wp-audio-shortcode\" id=\"audio-657-1\" preload=\"none\" style=\"width: 100%;\" controls=\"controls\"><source type=\"audio\/mpeg\" src=\"http:\/\/noticiasmercedinas.com\/site\/wp-content\/uploads\/2018\/08\/miguel_palma.mp3?_=1\" \/><a href=\"http:\/\/noticiasmercedinas.com\/site\/wp-content\/uploads\/2018\/08\/miguel_palma.mp3\">http:\/\/noticiasmercedinas.com\/site\/wp-content\/uploads\/2018\/08\/miguel_palma.mp3<\/a><\/audio>\n<p>A poco de dar una charla en su ciudad natal, Mercedes, la misma que presenta en varios lugares del mundo y que se llama \u201cLa Tierra, un planeta en soledad\u201d (Una aproximaci\u00f3n a la realidad de los Sistemas Terrestres), el doctor Miguel Palma llam\u00f3 a crear de manera urgente una \u201ccultura de prevenci\u00f3n\u201d invitando especialmente a las j\u00f3venes generaciones a trabajar en un cambio que haga posible la continuidad de la vida en el planeta ante el alto grado de da\u00f1o que se le ha hecho.<\/p>\n<p>Palma dar\u00e1 su charla magistral en Mercedes el 26 de septiembre de 2018 a las 19 horas en el Concejo Deliberante, Primer Piso de la Municipalidad de Mercedes, calle 29 entre 26 y 28.<\/p>\n<p>En este siglo XXI nuestro planeta enfrenta uno de los cambios m\u00e1s grandes a nivel cient\u00edfico, ambiental, y econ\u00f3mico en toda la historia de la humanidad. Existe una transformaci\u00f3n que conlleva una profunda crisis y conflicto. Entender este Conflicto supone que se tiene previamente una justa percepci\u00f3n de las funciones fundamentales del sistema natural, con el prop\u00f3sito de ver en qu\u00e9 medida pueden ser modificadas o acentuadas. \u201cTenemos que crear un nuevo nivel de conciencia que pueda aportar las herramientas y soluciones innovadoras para enfrentarlos, entendiendo a la raza como un \u201cstatus\u201d de g\u00e9nero, a los efectos de evitar la ruptura del equilibrio natural que puede llevar a la \u201cGran Cat\u00e1strofe\u201d que es nada m\u00e1s ni nada menos que el Colapso de los Sistemas&#8230; o el Apocalipsis tan anunciado\u201d, sostiene Palma, quienes PhD en Ciencias Naturales, MSc en Geolog\u00eda, Experto en Gesti\u00f3n Integral del Riesgo. Posee m\u00e1s de 35 a\u00f1os de experiencia en el \u00e1mbito internacional. Ha sido Acad\u00e9mico con el Grado de Profesor en la UNLP y UNSL, Director de Proyectos de Investigaci\u00f3n en el CONICET de Argentina y ex Asesor de la NASA.<\/p>\n<p>\u201cPara m\u00ed es altamente auspicioso poder presentarme en mi ciudad natal y dar a conocer mas de 40 a\u00f1os de experiencia en esta tem\u00e1tica de la gesti\u00f3n de riesgos naturales y fundamentalmente para poner en pre aviso a la ciudadan\u00eda y participantes de lo que se viene en funci\u00f3n del panorama en que se encuentra el planeta Tierra en el siglo XXI\u201d, sostuvo en la previa de esta charla, desde Ecuador, donde reside.<\/p>\n<p>\u201cHemos avanzando sin poder dar una soluci\u00f3n a la gran problem\u00e1tica que tiene el mundo que es el gran impacto que ha producido el hombre en el sistema terrestre y las consecuencias que trae aparejado y se hace evidente en el cambio clim\u00e1tico, en el efecto invernadero y toda la afectaci\u00f3n que hemos realizado sobre los sistemas terrestres\u201d, expuso Palma.<\/p>\n<p>Y sobre el panorama que podr\u00e1 o\u00edrse en la charla, que es de participaci\u00f3n libre, Palma indic\u00f3: \u201cEste panorama tiende a ser apocal\u00edptico realmente cuando yo presente los datos que manejo y que son escalofriantes sobre la intervenci\u00f3n del hombre sobre el planeta y los resultados de esa intervenci\u00f3n, con lo cual llegaremos a entender que se hace necesario e inmediato crear una cultura de prevenci\u00f3n sobre la ciudadan\u00eda y tratar de generar un cambio en los dogmas de desarrollo. Esta frase que quiz\u00e1s sea ut\u00f3pica tendr\u00eda que ser una meta para la civilizaci\u00f3n en estos pr\u00f3ximos 50 a\u00f1os porque el cambio de temperatura global, el cambio clim\u00e1tico, la afectaci\u00f3n sobre la atm\u00f3sfera, sobre la bi\u00f3sfera, que ha desarrollado el hombre fundamentalmente sobre el siglo XX va a traer consecuencias catastr\u00f3ficas para el desarrollo de la civilizaci\u00f3n durante el futuro pr\u00f3ximo, es decir los \u00faltimos 50 a\u00f1os de este siglo\u201d.<\/p>\n<p><strong>\u201cInvolucrar a los j\u00f3venes\u201d<br \/>\n<\/strong>Palma se plantea involucrar a los j\u00f3venes en esta discusi\u00f3n. \u201cMi idea para el futuro en Mercedes es poder involucrar en este movimiento que estamos tratando de generar desde diferentes organizaciones a toda la juventud para que ellos puedan en un futuro pr\u00f3ximo remediar o mitigar en parte todo el da\u00f1o que le hemos hecho a los ecosistemas terrestres. Por eso es necesario tratar de repetir este tipo de eventos en las diferentes escuelas y colegios de Mercedes porque es ah\u00ed donde est\u00e1 la materia prima que en el futuro va a poder resolver situaciones que nuestra generaci\u00f3n no ha podido solucionar. Esta primera conferencia que daremos en el municipio yo tengo el deseo de que se pueda repetir a diferentes niveles en los colegios para ir generando una cultura de prevenci\u00f3n, que es el objetivo final de este encuentro del 26 de septiembre\u201d, complet\u00f3 Palma.<\/p>\n<p>La charla abierta a modo de conferencia magistral que dar\u00e1 es auspiciada por la Municipalidad de Mercedes, el Honorable Concejo Deliberante, NOTICIASMERCEDINAS.COM, Risk &amp; Safety C\u00eda Ltda., Cancambria Energy Corp y SOS H\u00e1bitat.<\/p>\n<p><img loading=\"lazy\" decoding=\"async\" class=\"alignnone size-full wp-image-660\" src=\"http:\/\/noticiasmercedinas.com\/site\/wp-content\/uploads\/2018\/08\/originala.jpg\" alt=\"\" width=\"512\" height=\"683\" srcset=\"https:\/\/noticiasmercedinas.com\/site\/wp-content\/uploads\/2018\/08\/originala.jpg 512w, https:\/\/noticiasmercedinas.com\/site\/wp-content\/uploads\/2018\/08\/originala-225x300.jpg 225w\" sizes=\"auto, (max-width: 512px) 100vw, 512px\" \/><\/p>\n","protected":false},"excerpt":{"rendered":"<p>El cient\u00edfico invita a los j\u00f3venes a sumarse. Dar\u00e1 una conferencia magistral \u201cLa Tierra, un planeta en soledad\u201d (Una aproximaci\u00f3n a la realidad de los Sistemas Terrestres). El 26 de septiembre a las 19 horas en el Concejo Deliberante. A poco de dar una charla en su ciudad natal, Mercedes, la misma que presenta en [&hellip;]<\/p>\n","protected":false},"author":2,"featured_media":658,"comment_status":"open","ping_status":"open","sticky":false,"template":"","format":"standard","meta":{"footnotes":""},"categories":[3],"tags":[303,307,306,301,23,300,304,302,305],"class_list":["post-657","post","type-post","status-publish","format-standard","has-post-thumbnail","hentry","category-sociedad","tag-biosfera","tag-cambio-climatico","tag-conferencia-magistral","tag-la-tierra","tag-mercedes","tag-miguel-palma","tag-ocaso","tag-planeta","tag-sistemas"],"yoast_head":"<!-- This site is optimized with the Yoast SEO plugin v27.4 - https:\/\/yoast.com\/product\/yoast-seo-wordpress\/ -->\n<title>Miguel Palma dar\u00e1 charla en Mercedes y llama a generar \u201cuna cultura de prevenci\u00f3n\u201d<\/title>\n<meta name=\"robots\" content=\"index, follow, max-snippet:-1, max-image-preview:large, max-video-preview:-1\" \/>\n<link rel=\"canonical\" href=\"https:\/\/noticiasmercedinas.com\/site\/2018\/08\/30\/miguel-palma-dara-charla-en-mercedes-y-llama-a-generar-una-cultura-de-prevencion\/\" \/>\n<meta property=\"og:locale\" content=\"es_ES\" \/>\n<meta property=\"og:type\" content=\"article\" \/>\n<meta property=\"og:title\" content=\"Miguel Palma dar\u00e1 charla en Mercedes y llama a generar \u201cuna cultura de prevenci\u00f3n\u201d\" \/>\n<meta property=\"og:description\" content=\"El cient\u00edfico invita a los j\u00f3venes a sumarse. Dar\u00e1 una conferencia magistral \u201cLa Tierra, un planeta en soledad\u201d (Una aproximaci\u00f3n a la realidad de los Sistemas Terrestres). El 26 de septiembre a las 19 horas en el Concejo Deliberante. A poco de dar una charla en su ciudad natal, Mercedes, la misma que presenta en [&hellip;]\" \/>\n<meta property=\"og:url\" content=\"https:\/\/noticiasmercedinas.com\/site\/2018\/08\/30\/miguel-palma-dara-charla-en-mercedes-y-llama-a-generar-una-cultura-de-prevencion\/\" \/>\n<meta property=\"og:site_name\" content=\"NOTICIASMERCEDINAS.COM\" \/>\n<meta property=\"article:publisher\" content=\"https:\/\/www.facebook.com\/noticiasmercedinas\/\" \/>\n<meta property=\"article:author\" content=\"https:\/\/www.facebook.com\/cristian.falabella\" \/>\n<meta property=\"article:published_time\" content=\"2018-08-30T13:57:16+00:00\" \/>\n<meta property=\"article:modified_time\" content=\"2018-08-30T14:00:12+00:00\" \/>\n<meta property=\"og:image\" content=\"https:\/\/noticiasmercedinas.com\/site\/wp-content\/uploads\/2018\/08\/miguel_palma.jpg\" \/>\n\t<meta property=\"og:image:width\" content=\"647\" \/>\n\t<meta property=\"og:image:height\" content=\"354\" \/>\n\t<meta property=\"og:image:type\" content=\"image\/jpeg\" \/>\n<meta name=\"author\" content=\"Cristian Falabella NOTICIASMERCEDINAS.COM\" \/>\n<meta name=\"twitter:card\" content=\"summary_large_image\" \/>\n<meta name=\"twitter:creator\" content=\"@https:\/\/twitter.com\/NOTMERCEDINAS\" \/>\n<meta name=\"twitter:site\" content=\"@notmercedinas\" \/>\n<meta name=\"twitter:label1\" content=\"Escrito por\" \/>\n\t<meta name=\"twitter:data1\" content=\"Cristian Falabella NOTICIASMERCEDINAS.COM\" \/>\n\t<meta name=\"twitter:label2\" content=\"Tiempo de lectura\" \/>\n\t<meta name=\"twitter:data2\" content=\"4 minutos\" \/>\n<script type=\"application\/ld+json\" class=\"yoast-schema-graph\">{\"@context\":\"https:\\\/\\\/schema.org\",\"@graph\":[{\"@type\":\"Article\",\"@id\":\"https:\\\/\\\/noticiasmercedinas.com\\\/site\\\/2018\\\/08\\\/30\\\/miguel-palma-dara-charla-en-mercedes-y-llama-a-generar-una-cultura-de-prevencion\\\/#article\",\"isPartOf\":{\"@id\":\"https:\\\/\\\/noticiasmercedinas.com\\\/site\\\/2018\\\/08\\\/30\\\/miguel-palma-dara-charla-en-mercedes-y-llama-a-generar-una-cultura-de-prevencion\\\/\"},\"author\":{\"name\":\"Cristian Falabella NOTICIASMERCEDINAS.COM\",\"@id\":\"https:\\\/\\\/noticiasmercedinas.com\\\/site\\\/#\\\/schema\\\/person\\\/d481a9696a5feaec13a60e2bbd991a6a\"},\"headline\":\"Miguel Palma dar\u00e1 charla en Mercedes y llama a generar \u201cuna cultura de prevenci\u00f3n\u201d\",\"datePublished\":\"2018-08-30T13:57:16+00:00\",\"dateModified\":\"2018-08-30T14:00:12+00:00\",\"mainEntityOfPage\":{\"@id\":\"https:\\\/\\\/noticiasmercedinas.com\\\/site\\\/2018\\\/08\\\/30\\\/miguel-palma-dara-charla-en-mercedes-y-llama-a-generar-una-cultura-de-prevencion\\\/\"},\"wordCount\":886,\"commentCount\":0,\"publisher\":{\"@id\":\"https:\\\/\\\/noticiasmercedinas.com\\\/site\\\/#organization\"},\"image\":{\"@id\":\"https:\\\/\\\/noticiasmercedinas.com\\\/site\\\/2018\\\/08\\\/30\\\/miguel-palma-dara-charla-en-mercedes-y-llama-a-generar-una-cultura-de-prevencion\\\/#primaryimage\"},\"thumbnailUrl\":\"https:\\\/\\\/noticiasmercedinas.com\\\/site\\\/wp-content\\\/uploads\\\/2018\\\/08\\\/miguel_palma.jpg\",\"keywords\":[\"biosfera\",\"cambio climatico\",\"conferencia magistral\",\"la tierra\",\"mercedes\",\"miguel palma\",\"ocaso\",\"planeta\",\"sistemas\"],\"articleSection\":[\"Sociedad\"],\"inLanguage\":\"es\",\"potentialAction\":[{\"@type\":\"CommentAction\",\"name\":\"Comment\",\"target\":[\"https:\\\/\\\/noticiasmercedinas.com\\\/site\\\/2018\\\/08\\\/30\\\/miguel-palma-dara-charla-en-mercedes-y-llama-a-generar-una-cultura-de-prevencion\\\/#respond\"]}]},{\"@type\":\"WebPage\",\"@id\":\"https:\\\/\\\/noticiasmercedinas.com\\\/site\\\/2018\\\/08\\\/30\\\/miguel-palma-dara-charla-en-mercedes-y-llama-a-generar-una-cultura-de-prevencion\\\/\",\"url\":\"https:\\\/\\\/noticiasmercedinas.com\\\/site\\\/2018\\\/08\\\/30\\\/miguel-palma-dara-charla-en-mercedes-y-llama-a-generar-una-cultura-de-prevencion\\\/\",\"name\":\"Miguel Palma dar\u00e1 charla en Mercedes y llama a generar \u201cuna cultura de prevenci\u00f3n\u201d\",\"isPartOf\":{\"@id\":\"https:\\\/\\\/noticiasmercedinas.com\\\/site\\\/#website\"},\"primaryImageOfPage\":{\"@id\":\"https:\\\/\\\/noticiasmercedinas.com\\\/site\\\/2018\\\/08\\\/30\\\/miguel-palma-dara-charla-en-mercedes-y-llama-a-generar-una-cultura-de-prevencion\\\/#primaryimage\"},\"image\":{\"@id\":\"https:\\\/\\\/noticiasmercedinas.com\\\/site\\\/2018\\\/08\\\/30\\\/miguel-palma-dara-charla-en-mercedes-y-llama-a-generar-una-cultura-de-prevencion\\\/#primaryimage\"},\"thumbnailUrl\":\"https:\\\/\\\/noticiasmercedinas.com\\\/site\\\/wp-content\\\/uploads\\\/2018\\\/08\\\/miguel_palma.jpg\",\"datePublished\":\"2018-08-30T13:57:16+00:00\",\"dateModified\":\"2018-08-30T14:00:12+00:00\",\"breadcrumb\":{\"@id\":\"https:\\\/\\\/noticiasmercedinas.com\\\/site\\\/2018\\\/08\\\/30\\\/miguel-palma-dara-charla-en-mercedes-y-llama-a-generar-una-cultura-de-prevencion\\\/#breadcrumb\"},\"inLanguage\":\"es\",\"potentialAction\":[{\"@type\":\"ReadAction\",\"target\":[\"https:\\\/\\\/noticiasmercedinas.com\\\/site\\\/2018\\\/08\\\/30\\\/miguel-palma-dara-charla-en-mercedes-y-llama-a-generar-una-cultura-de-prevencion\\\/\"]}]},{\"@type\":\"ImageObject\",\"inLanguage\":\"es\",\"@id\":\"https:\\\/\\\/noticiasmercedinas.com\\\/site\\\/2018\\\/08\\\/30\\\/miguel-palma-dara-charla-en-mercedes-y-llama-a-generar-una-cultura-de-prevencion\\\/#primaryimage\",\"url\":\"https:\\\/\\\/noticiasmercedinas.com\\\/site\\\/wp-content\\\/uploads\\\/2018\\\/08\\\/miguel_palma.jpg\",\"contentUrl\":\"https:\\\/\\\/noticiasmercedinas.com\\\/site\\\/wp-content\\\/uploads\\\/2018\\\/08\\\/miguel_palma.jpg\",\"width\":647,\"height\":354},{\"@type\":\"BreadcrumbList\",\"@id\":\"https:\\\/\\\/noticiasmercedinas.com\\\/site\\\/2018\\\/08\\\/30\\\/miguel-palma-dara-charla-en-mercedes-y-llama-a-generar-una-cultura-de-prevencion\\\/#breadcrumb\",\"itemListElement\":[{\"@type\":\"ListItem\",\"position\":1,\"name\":\"Portada\",\"item\":\"https:\\\/\\\/noticiasmercedinas.com\\\/site\\\/\"},{\"@type\":\"ListItem\",\"position\":2,\"name\":\"Miguel Palma dar\u00e1 charla en Mercedes y llama a generar \u201cuna cultura de prevenci\u00f3n\u201d\"}]},{\"@type\":\"WebSite\",\"@id\":\"https:\\\/\\\/noticiasmercedinas.com\\\/site\\\/#website\",\"url\":\"https:\\\/\\\/noticiasmercedinas.com\\\/site\\\/\",\"name\":\"NOTICIASMERCEDINAS.COM\",\"description\":\"Mercedes, Buenos Aires, Argentina\",\"publisher\":{\"@id\":\"https:\\\/\\\/noticiasmercedinas.com\\\/site\\\/#organization\"},\"potentialAction\":[{\"@type\":\"SearchAction\",\"target\":{\"@type\":\"EntryPoint\",\"urlTemplate\":\"https:\\\/\\\/noticiasmercedinas.com\\\/site\\\/?s={search_term_string}\"},\"query-input\":{\"@type\":\"PropertyValueSpecification\",\"valueRequired\":true,\"valueName\":\"search_term_string\"}}],\"inLanguage\":\"es\"},{\"@type\":\"Organization\",\"@id\":\"https:\\\/\\\/noticiasmercedinas.com\\\/site\\\/#organization\",\"name\":\"NOTICIASMERCEDINAS.COM\",\"url\":\"https:\\\/\\\/noticiasmercedinas.com\\\/site\\\/\",\"logo\":{\"@type\":\"ImageObject\",\"inLanguage\":\"es\",\"@id\":\"https:\\\/\\\/noticiasmercedinas.com\\\/site\\\/#\\\/schema\\\/logo\\\/image\\\/\",\"url\":\"https:\\\/\\\/noticiasmercedinas.com\\\/site\\\/wp-content\\\/uploads\\\/2020\\\/06\\\/LOGO-512.jpg\",\"contentUrl\":\"https:\\\/\\\/noticiasmercedinas.com\\\/site\\\/wp-content\\\/uploads\\\/2020\\\/06\\\/LOGO-512.jpg\",\"width\":512,\"height\":512,\"caption\":\"NOTICIASMERCEDINAS.COM\"},\"image\":{\"@id\":\"https:\\\/\\\/noticiasmercedinas.com\\\/site\\\/#\\\/schema\\\/logo\\\/image\\\/\"},\"sameAs\":[\"https:\\\/\\\/www.facebook.com\\\/noticiasmercedinas\\\/\",\"https:\\\/\\\/x.com\\\/notmercedinas\",\"https:\\\/\\\/www.instagram.com\\\/noticiasmercedinas\\\/\"]},{\"@type\":\"Person\",\"@id\":\"https:\\\/\\\/noticiasmercedinas.com\\\/site\\\/#\\\/schema\\\/person\\\/d481a9696a5feaec13a60e2bbd991a6a\",\"name\":\"Cristian Falabella NOTICIASMERCEDINAS.COM\",\"image\":{\"@type\":\"ImageObject\",\"inLanguage\":\"es\",\"@id\":\"https:\\\/\\\/secure.gravatar.com\\\/avatar\\\/0dbbfc45970cc46bcd0e57766228574ff3511d6eed045b182f536f0f478c1f06?s=96&d=mm&r=g\",\"url\":\"https:\\\/\\\/secure.gravatar.com\\\/avatar\\\/0dbbfc45970cc46bcd0e57766228574ff3511d6eed045b182f536f0f478c1f06?s=96&d=mm&r=g\",\"contentUrl\":\"https:\\\/\\\/secure.gravatar.com\\\/avatar\\\/0dbbfc45970cc46bcd0e57766228574ff3511d6eed045b182f536f0f478c1f06?s=96&d=mm&r=g\",\"caption\":\"Cristian Falabella NOTICIASMERCEDINAS.COM\"},\"description\":\"Periodista, editor de Noticias Mercedinas. Pas\u00f3 por varias redacciones y emprendimientos de prensa, en distintos formatos y \u00e9pocas. Se especializ\u00f3 --y sigue haci\u00e9ndolo-- en comunicaci\u00f3n en la web y en junio de 2006 fund\u00f3 este diario digital.\",\"sameAs\":[\"https:\\\/\\\/noticiasmercedinas.com\",\"https:\\\/\\\/www.facebook.com\\\/cristian.falabella\",\"https:\\\/\\\/www.instagram.com\\\/noticiasmercedinas\\\/\",\"https:\\\/\\\/x.com\\\/https:\\\/\\\/twitter.com\\\/NOTMERCEDINAS\"],\"url\":\"https:\\\/\\\/noticiasmercedinas.com\\\/site\\\/author\\\/as000384\\\/\"}]}<\/script>\n<!-- \/ Yoast SEO plugin. -->","yoast_head_json":{"title":"Miguel Palma dar\u00e1 charla en Mercedes y llama a generar \u201cuna cultura de prevenci\u00f3n\u201d","robots":{"index":"index","follow":"follow","max-snippet":"max-snippet:-1","max-image-preview":"max-image-preview:large","max-video-preview":"max-video-preview:-1"},"canonical":"https:\/\/noticiasmercedinas.com\/site\/2018\/08\/30\/miguel-palma-dara-charla-en-mercedes-y-llama-a-generar-una-cultura-de-prevencion\/","og_locale":"es_ES","og_type":"article","og_title":"Miguel Palma dar\u00e1 charla en Mercedes y llama a generar \u201cuna cultura de prevenci\u00f3n\u201d","og_description":"El cient\u00edfico invita a los j\u00f3venes a sumarse. Dar\u00e1 una conferencia magistral \u201cLa Tierra, un planeta en soledad\u201d (Una aproximaci\u00f3n a la realidad de los Sistemas Terrestres). El 26 de septiembre a las 19 horas en el Concejo Deliberante. A poco de dar una charla en su ciudad natal, Mercedes, la misma que presenta en [&hellip;]","og_url":"https:\/\/noticiasmercedinas.com\/site\/2018\/08\/30\/miguel-palma-dara-charla-en-mercedes-y-llama-a-generar-una-cultura-de-prevencion\/","og_site_name":"NOTICIASMERCEDINAS.COM","article_publisher":"https:\/\/www.facebook.com\/noticiasmercedinas\/","article_author":"https:\/\/www.facebook.com\/cristian.falabella","article_published_time":"2018-08-30T13:57:16+00:00","article_modified_time":"2018-08-30T14:00:12+00:00","og_image":[{"width":647,"height":354,"url":"https:\/\/noticiasmercedinas.com\/site\/wp-content\/uploads\/2018\/08\/miguel_palma.jpg","type":"image\/jpeg"}],"author":"Cristian Falabella NOTICIASMERCEDINAS.COM","twitter_card":"summary_large_image","twitter_creator":"@https:\/\/twitter.com\/NOTMERCEDINAS","twitter_site":"@notmercedinas","twitter_misc":{"Escrito por":"Cristian Falabella NOTICIASMERCEDINAS.COM","Tiempo de lectura":"4 minutos"},"schema":{"@context":"https:\/\/schema.org","@graph":[{"@type":"Article","@id":"https:\/\/noticiasmercedinas.com\/site\/2018\/08\/30\/miguel-palma-dara-charla-en-mercedes-y-llama-a-generar-una-cultura-de-prevencion\/#article","isPartOf":{"@id":"https:\/\/noticiasmercedinas.com\/site\/2018\/08\/30\/miguel-palma-dara-charla-en-mercedes-y-llama-a-generar-una-cultura-de-prevencion\/"},"author":{"name":"Cristian Falabella NOTICIASMERCEDINAS.COM","@id":"https:\/\/noticiasmercedinas.com\/site\/#\/schema\/person\/d481a9696a5feaec13a60e2bbd991a6a"},"headline":"Miguel Palma dar\u00e1 charla en Mercedes y llama a generar \u201cuna cultura de prevenci\u00f3n\u201d","datePublished":"2018-08-30T13:57:16+00:00","dateModified":"2018-08-30T14:00:12+00:00","mainEntityOfPage":{"@id":"https:\/\/noticiasmercedinas.com\/site\/2018\/08\/30\/miguel-palma-dara-charla-en-mercedes-y-llama-a-generar-una-cultura-de-prevencion\/"},"wordCount":886,"commentCount":0,"publisher":{"@id":"https:\/\/noticiasmercedinas.com\/site\/#organization"},"image":{"@id":"https:\/\/noticiasmercedinas.com\/site\/2018\/08\/30\/miguel-palma-dara-charla-en-mercedes-y-llama-a-generar-una-cultura-de-prevencion\/#primaryimage"},"thumbnailUrl":"https:\/\/noticiasmercedinas.com\/site\/wp-content\/uploads\/2018\/08\/miguel_palma.jpg","keywords":["biosfera","cambio climatico","conferencia magistral","la tierra","mercedes","miguel palma","ocaso","planeta","sistemas"],"articleSection":["Sociedad"],"inLanguage":"es","potentialAction":[{"@type":"CommentAction","name":"Comment","target":["https:\/\/noticiasmercedinas.com\/site\/2018\/08\/30\/miguel-palma-dara-charla-en-mercedes-y-llama-a-generar-una-cultura-de-prevencion\/#respond"]}]},{"@type":"WebPage","@id":"https:\/\/noticiasmercedinas.com\/site\/2018\/08\/30\/miguel-palma-dara-charla-en-mercedes-y-llama-a-generar-una-cultura-de-prevencion\/","url":"https:\/\/noticiasmercedinas.com\/site\/2018\/08\/30\/miguel-palma-dara-charla-en-mercedes-y-llama-a-generar-una-cultura-de-prevencion\/","name":"Miguel Palma dar\u00e1 charla en Mercedes y llama a generar \u201cuna cultura de prevenci\u00f3n\u201d","isPartOf":{"@id":"https:\/\/noticiasmercedinas.com\/site\/#website"},"primaryImageOfPage":{"@id":"https:\/\/noticiasmercedinas.com\/site\/2018\/08\/30\/miguel-palma-dara-charla-en-mercedes-y-llama-a-generar-una-cultura-de-prevencion\/#primaryimage"},"image":{"@id":"https:\/\/noticiasmercedinas.com\/site\/2018\/08\/30\/miguel-palma-dara-charla-en-mercedes-y-llama-a-generar-una-cultura-de-prevencion\/#primaryimage"},"thumbnailUrl":"https:\/\/noticiasmercedinas.com\/site\/wp-content\/uploads\/2018\/08\/miguel_palma.jpg","datePublished":"2018-08-30T13:57:16+00:00","dateModified":"2018-08-30T14:00:12+00:00","breadcrumb":{"@id":"https:\/\/noticiasmercedinas.com\/site\/2018\/08\/30\/miguel-palma-dara-charla-en-mercedes-y-llama-a-generar-una-cultura-de-prevencion\/#breadcrumb"},"inLanguage":"es","potentialAction":[{"@type":"ReadAction","target":["https:\/\/noticiasmercedinas.com\/site\/2018\/08\/30\/miguel-palma-dara-charla-en-mercedes-y-llama-a-generar-una-cultura-de-prevencion\/"]}]},{"@type":"ImageObject","inLanguage":"es","@id":"https:\/\/noticiasmercedinas.com\/site\/2018\/08\/30\/miguel-palma-dara-charla-en-mercedes-y-llama-a-generar-una-cultura-de-prevencion\/#primaryimage","url":"https:\/\/noticiasmercedinas.com\/site\/wp-content\/uploads\/2018\/08\/miguel_palma.jpg","contentUrl":"https:\/\/noticiasmercedinas.com\/site\/wp-content\/uploads\/2018\/08\/miguel_palma.jpg","width":647,"height":354},{"@type":"BreadcrumbList","@id":"https:\/\/noticiasmercedinas.com\/site\/2018\/08\/30\/miguel-palma-dara-charla-en-mercedes-y-llama-a-generar-una-cultura-de-prevencion\/#breadcrumb","itemListElement":[{"@type":"ListItem","position":1,"name":"Portada","item":"https:\/\/noticiasmercedinas.com\/site\/"},{"@type":"ListItem","position":2,"name":"Miguel Palma dar\u00e1 charla en Mercedes y llama a generar \u201cuna cultura de prevenci\u00f3n\u201d"}]},{"@type":"WebSite","@id":"https:\/\/noticiasmercedinas.com\/site\/#website","url":"https:\/\/noticiasmercedinas.com\/site\/","name":"NOTICIASMERCEDINAS.COM","description":"Mercedes, Buenos Aires, Argentina","publisher":{"@id":"https:\/\/noticiasmercedinas.com\/site\/#organization"},"potentialAction":[{"@type":"SearchAction","target":{"@type":"EntryPoint","urlTemplate":"https:\/\/noticiasmercedinas.com\/site\/?s={search_term_string}"},"query-input":{"@type":"PropertyValueSpecification","valueRequired":true,"valueName":"search_term_string"}}],"inLanguage":"es"},{"@type":"Organization","@id":"https:\/\/noticiasmercedinas.com\/site\/#organization","name":"NOTICIASMERCEDINAS.COM","url":"https:\/\/noticiasmercedinas.com\/site\/","logo":{"@type":"ImageObject","inLanguage":"es","@id":"https:\/\/noticiasmercedinas.com\/site\/#\/schema\/logo\/image\/","url":"https:\/\/noticiasmercedinas.com\/site\/wp-content\/uploads\/2020\/06\/LOGO-512.jpg","contentUrl":"https:\/\/noticiasmercedinas.com\/site\/wp-content\/uploads\/2020\/06\/LOGO-512.jpg","width":512,"height":512,"caption":"NOTICIASMERCEDINAS.COM"},"image":{"@id":"https:\/\/noticiasmercedinas.com\/site\/#\/schema\/logo\/image\/"},"sameAs":["https:\/\/www.facebook.com\/noticiasmercedinas\/","https:\/\/x.com\/notmercedinas","https:\/\/www.instagram.com\/noticiasmercedinas\/"]},{"@type":"Person","@id":"https:\/\/noticiasmercedinas.com\/site\/#\/schema\/person\/d481a9696a5feaec13a60e2bbd991a6a","name":"Cristian Falabella NOTICIASMERCEDINAS.COM","image":{"@type":"ImageObject","inLanguage":"es","@id":"https:\/\/secure.gravatar.com\/avatar\/0dbbfc45970cc46bcd0e57766228574ff3511d6eed045b182f536f0f478c1f06?s=96&d=mm&r=g","url":"https:\/\/secure.gravatar.com\/avatar\/0dbbfc45970cc46bcd0e57766228574ff3511d6eed045b182f536f0f478c1f06?s=96&d=mm&r=g","contentUrl":"https:\/\/secure.gravatar.com\/avatar\/0dbbfc45970cc46bcd0e57766228574ff3511d6eed045b182f536f0f478c1f06?s=96&d=mm&r=g","caption":"Cristian Falabella NOTICIASMERCEDINAS.COM"},"description":"Periodista, editor de Noticias Mercedinas. Pas\u00f3 por varias redacciones y emprendimientos de prensa, en distintos formatos y \u00e9pocas. Se especializ\u00f3 --y sigue haci\u00e9ndolo-- en comunicaci\u00f3n en la web y en junio de 2006 fund\u00f3 este diario digital.","sameAs":["https:\/\/noticiasmercedinas.com","https:\/\/www.facebook.com\/cristian.falabella","https:\/\/www.instagram.com\/noticiasmercedinas\/","https:\/\/x.com\/https:\/\/twitter.com\/NOTMERCEDINAS"],"url":"https:\/\/noticiasmercedinas.com\/site\/author\/as000384\/"}]}},"amp_enabled":true,"_links":{"self":[{"href":"https:\/\/noticiasmercedinas.com\/site\/wp-json\/wp\/v2\/posts\/657","targetHints":{"allow":["GET"]}}],"collection":[{"href":"https:\/\/noticiasmercedinas.com\/site\/wp-json\/wp\/v2\/posts"}],"about":[{"href":"https:\/\/noticiasmercedinas.com\/site\/wp-json\/wp\/v2\/types\/post"}],"author":[{"embeddable":true,"href":"https:\/\/noticiasmercedinas.com\/site\/wp-json\/wp\/v2\/users\/2"}],"replies":[{"embeddable":true,"href":"https:\/\/noticiasmercedinas.com\/site\/wp-json\/wp\/v2\/comments?post=657"}],"version-history":[{"count":2,"href":"https:\/\/noticiasmercedinas.com\/site\/wp-json\/wp\/v2\/posts\/657\/revisions"}],"predecessor-version":[{"id":662,"href":"https:\/\/noticiasmercedinas.com\/site\/wp-json\/wp\/v2\/posts\/657\/revisions\/662"}],"wp:featuredmedia":[{"embeddable":true,"href":"https:\/\/noticiasmercedinas.com\/site\/wp-json\/wp\/v2\/media\/658"}],"wp:attachment":[{"href":"https:\/\/noticiasmercedinas.com\/site\/wp-json\/wp\/v2\/media?parent=657"}],"wp:term":[{"taxonomy":"category","embeddable":true,"href":"https:\/\/noticiasmercedinas.com\/site\/wp-json\/wp\/v2\/categories?post=657"},{"taxonomy":"post_tag","embeddable":true,"href":"https:\/\/noticiasmercedinas.com\/site\/wp-json\/wp\/v2\/tags?post=657"}],"curies":[{"name":"wp","href":"https:\/\/api.w.org\/{rel}","templated":true}]}}