{"id":65868,"date":"2021-04-19T21:27:02","date_gmt":"2021-04-20T00:27:02","guid":{"rendered":"https:\/\/noticiasmercedinas.com\/site\/?p=65868"},"modified":"2021-04-19T21:27:02","modified_gmt":"2021-04-20T00:27:02","slug":"mesa-sindical-por-la-salud-pide-la-solidaridad-de-todos","status":"publish","type":"post","link":"https:\/\/noticiasmercedinas.com\/site\/2021\/04\/19\/mesa-sindical-por-la-salud-pide-la-solidaridad-de-todos\/","title":{"rendered":"Mesa Sindical, por la salud, pide la solidaridad de todos"},"content":{"rendered":"<p><img loading=\"lazy\" decoding=\"async\" class=\"alignnone size-large wp-image-65869\" src=\"https:\/\/noticiasmercedinas.com\/site\/wp-content\/uploads\/2021\/04\/Integrantes-de-la-MSM-1024x543.jpeg\" alt=\"\" width=\"640\" height=\"339\" srcset=\"https:\/\/noticiasmercedinas.com\/site\/wp-content\/uploads\/2021\/04\/Integrantes-de-la-MSM-1024x543.jpeg 1024w, https:\/\/noticiasmercedinas.com\/site\/wp-content\/uploads\/2021\/04\/Integrantes-de-la-MSM-300x160.jpeg 300w, https:\/\/noticiasmercedinas.com\/site\/wp-content\/uploads\/2021\/04\/Integrantes-de-la-MSM-768x407.jpeg 768w, https:\/\/noticiasmercedinas.com\/site\/wp-content\/uploads\/2021\/04\/Integrantes-de-la-MSM-640x340.jpeg 640w, https:\/\/noticiasmercedinas.com\/site\/wp-content\/uploads\/2021\/04\/Integrantes-de-la-MSM-681x361.jpeg 681w, https:\/\/noticiasmercedinas.com\/site\/wp-content\/uploads\/2021\/04\/Integrantes-de-la-MSM.jpeg 1280w\" sizes=\"auto, (max-width: 640px) 100vw, 640px\" \/><\/p>\n<p>La Mesa Sindical Mercedes emiti\u00f3 un comunicado en el cual se expresa por \u201cla situaci\u00f3n producida por la Pandemia COVID 19 que afecta a la poblaci\u00f3n mundial y en ese marco a nuestro pa\u00eds\u201d.<\/p>\n<p>En el mencionado documento, desde la agrupaci\u00f3n de representantes gremiales sostienen que \u201clos trabajadores\/as de manera organizada queremos expresar que mayoritariamente en nuestros \u00e1mbitos laborales ejercemos seguimiento y control de la situaci\u00f3n del cumplimiento de los protocolos vigentes y de la provisi\u00f3n de los elementos de protecci\u00f3n personal que deben tener cada una de las actividades que afectan a nuestros gremios\u201d.<\/p>\n<p>\u201cEn ese marco podemos aseverar que los lugares de trabajo est\u00e1n ampliamente protegidos por las debidas burbujas y disposiciones generales que son de cumplimiento. Destacando tambi\u00e9n que m\u00e1s de una actividad se encuentra protegida por protocolos espec\u00edficos del sector\u201d manifiestan los integrantes de la MSM.<\/p>\n<p>Asimismo, recomiendan a \u201clos y las trabajadoras que continuemos extremando los recaudos, que limitemos nuestra exposici\u00f3n tanto en \u00e1mbitos sociales como familiares, ya que est\u00e1 comprobado que mayoritariamente la expansi\u00f3n de los contagios tiene origen fuera del servicio habitual de las actividades laborales que cumplen con los protocolos necesarios\u201d.<\/p>\n<p>Del mismo modo impulsan \u201cun llamamiento a la sociedad mercedina para que contin\u00faen manteniendo el cumplimiento de las normas que emite el gobierno nacional, provincial y\/o municipal en pos de la salud p\u00fablica que es el bien m\u00e1s preciado que tenemos y repudiamos todo tipo de incumplimiento de la norma y fundamentalmente toda especulaci\u00f3n de car\u00e1cter pol\u00edtico partidario que se haga sobre esta cuesti\u00f3n\u201d, seg\u00fan indican.<\/p>\n<p>Al finalizar el comunicado desde la Mesa Sindical exponen que \u201cla salud de la sociedad, hoy depende de la solidaridad y el compromiso de tod@s\u201d.<\/p>\n<p><img loading=\"lazy\" decoding=\"async\" class=\"alignnone size-large wp-image-65870\" src=\"https:\/\/noticiasmercedinas.com\/site\/wp-content\/uploads\/2021\/04\/Comunicado-MSM-724x1024.jpg\" alt=\"\" width=\"640\" height=\"905\" srcset=\"https:\/\/noticiasmercedinas.com\/site\/wp-content\/uploads\/2021\/04\/Comunicado-MSM-724x1024.jpg 724w, https:\/\/noticiasmercedinas.com\/site\/wp-content\/uploads\/2021\/04\/Comunicado-MSM-212x300.jpg 212w, https:\/\/noticiasmercedinas.com\/site\/wp-content\/uploads\/2021\/04\/Comunicado-MSM-768x1086.jpg 768w, https:\/\/noticiasmercedinas.com\/site\/wp-content\/uploads\/2021\/04\/Comunicado-MSM-1086x1536.jpg 1086w, https:\/\/noticiasmercedinas.com\/site\/wp-content\/uploads\/2021\/04\/Comunicado-MSM-1448x2048.jpg 1448w, https:\/\/noticiasmercedinas.com\/site\/wp-content\/uploads\/2021\/04\/Comunicado-MSM-640x905.jpg 640w, https:\/\/noticiasmercedinas.com\/site\/wp-content\/uploads\/2021\/04\/Comunicado-MSM-1280x1810.jpg 1280w, https:\/\/noticiasmercedinas.com\/site\/wp-content\/uploads\/2021\/04\/Comunicado-MSM-681x963.jpg 681w, https:\/\/noticiasmercedinas.com\/site\/wp-content\/uploads\/2021\/04\/Comunicado-MSM-1362x1926.jpg 1362w, https:\/\/noticiasmercedinas.com\/site\/wp-content\/uploads\/2021\/04\/Comunicado-MSM.jpg 1654w\" sizes=\"auto, (max-width: 640px) 100vw, 640px\" \/><\/p>\n","protected":false},"excerpt":{"rendered":"<p>\u25a0 Los gremios impulsan \u00abun llamamiento a la sociedad mercedina para que contin\u00faen manteniendo el cumplimiento de las normas que emite el gobierno nacional, provincial y\/o municipal\u00bb<\/p>\n","protected":false},"author":16,"featured_media":65869,"comment_status":"open","ping_status":"open","sticky":false,"template":"","format":"standard","meta":{"footnotes":""},"categories":[16],"tags":[1201,8663],"class_list":["post-65868","post","type-post","status-publish","format-standard","has-post-thumbnail","hentry","category-politica","tag-mesa-sindical-mercedes","tag-pandemia"],"yoast_head":"<!-- This site is optimized with the Yoast SEO plugin v27.4 - https:\/\/yoast.com\/product\/yoast-seo-wordpress\/ -->\n<title>Mesa Sindical, por la salud, pide la solidaridad de todos<\/title>\n<meta name=\"robots\" content=\"index, follow, max-snippet:-1, max-image-preview:large, max-video-preview:-1\" \/>\n<link rel=\"canonical\" href=\"https:\/\/noticiasmercedinas.com\/site\/2021\/04\/19\/mesa-sindical-por-la-salud-pide-la-solidaridad-de-todos\/\" \/>\n<meta property=\"og:locale\" content=\"es_ES\" \/>\n<meta property=\"og:type\" content=\"article\" \/>\n<meta property=\"og:title\" content=\"Mesa Sindical, por la salud, pide la solidaridad de todos\" \/>\n<meta property=\"og:description\" content=\"\u25a0 Los gremios impulsan &quot;un llamamiento a la sociedad mercedina para que contin\u00faen manteniendo el cumplimiento de las normas que emite el gobierno nacional, provincial y\/o municipal&quot;\" \/>\n<meta property=\"og:url\" content=\"https:\/\/noticiasmercedinas.com\/site\/2021\/04\/19\/mesa-sindical-por-la-salud-pide-la-solidaridad-de-todos\/\" \/>\n<meta property=\"og:site_name\" content=\"NOTICIASMERCEDINAS.COM\" \/>\n<meta property=\"article:publisher\" content=\"https:\/\/www.facebook.com\/noticiasmercedinas\/\" \/>\n<meta property=\"article:published_time\" content=\"2021-04-20T00:27:02+00:00\" \/>\n<meta property=\"og:image\" content=\"https:\/\/noticiasmercedinas.com\/site\/wp-content\/uploads\/2021\/04\/Integrantes-de-la-MSM.jpeg\" \/>\n\t<meta property=\"og:image:width\" content=\"1280\" \/>\n\t<meta property=\"og:image:height\" content=\"679\" \/>\n\t<meta property=\"og:image:type\" content=\"image\/jpeg\" \/>\n<meta name=\"author\" content=\"NOTICIASMERCEDINAS.COM\" \/>\n<meta name=\"twitter:card\" content=\"summary_large_image\" \/>\n<meta name=\"twitter:creator\" content=\"@notmercedinas\" \/>\n<meta name=\"twitter:site\" content=\"@notmercedinas\" \/>\n<meta name=\"twitter:label1\" content=\"Escrito por\" \/>\n\t<meta name=\"twitter:data1\" content=\"NOTICIASMERCEDINAS.COM\" \/>\n\t<meta name=\"twitter:label2\" content=\"Tiempo de lectura\" \/>\n\t<meta name=\"twitter:data2\" content=\"2 minutos\" \/>\n<script type=\"application\/ld+json\" class=\"yoast-schema-graph\">{\"@context\":\"https:\\\/\\\/schema.org\",\"@graph\":[{\"@type\":\"Article\",\"@id\":\"https:\\\/\\\/noticiasmercedinas.com\\\/site\\\/2021\\\/04\\\/19\\\/mesa-sindical-por-la-salud-pide-la-solidaridad-de-todos\\\/#article\",\"isPartOf\":{\"@id\":\"https:\\\/\\\/noticiasmercedinas.com\\\/site\\\/2021\\\/04\\\/19\\\/mesa-sindical-por-la-salud-pide-la-solidaridad-de-todos\\\/\"},\"author\":{\"name\":\"NOTICIASMERCEDINAS.COM\",\"@id\":\"https:\\\/\\\/noticiasmercedinas.com\\\/site\\\/#\\\/schema\\\/person\\\/84b59c099c28ff2e8b77d4ceec5d8063\"},\"headline\":\"Mesa Sindical, por la salud, pide la solidaridad de todos\",\"datePublished\":\"2021-04-20T00:27:02+00:00\",\"mainEntityOfPage\":{\"@id\":\"https:\\\/\\\/noticiasmercedinas.com\\\/site\\\/2021\\\/04\\\/19\\\/mesa-sindical-por-la-salud-pide-la-solidaridad-de-todos\\\/\"},\"wordCount\":313,\"commentCount\":0,\"publisher\":{\"@id\":\"https:\\\/\\\/noticiasmercedinas.com\\\/site\\\/#organization\"},\"image\":{\"@id\":\"https:\\\/\\\/noticiasmercedinas.com\\\/site\\\/2021\\\/04\\\/19\\\/mesa-sindical-por-la-salud-pide-la-solidaridad-de-todos\\\/#primaryimage\"},\"thumbnailUrl\":\"https:\\\/\\\/noticiasmercedinas.com\\\/site\\\/wp-content\\\/uploads\\\/2021\\\/04\\\/Integrantes-de-la-MSM.jpeg\",\"keywords\":[\"Mesa Sindical Mercedes\",\"pandemia\"],\"articleSection\":[\"Politica\"],\"inLanguage\":\"es\",\"potentialAction\":[{\"@type\":\"CommentAction\",\"name\":\"Comment\",\"target\":[\"https:\\\/\\\/noticiasmercedinas.com\\\/site\\\/2021\\\/04\\\/19\\\/mesa-sindical-por-la-salud-pide-la-solidaridad-de-todos\\\/#respond\"]}]},{\"@type\":\"WebPage\",\"@id\":\"https:\\\/\\\/noticiasmercedinas.com\\\/site\\\/2021\\\/04\\\/19\\\/mesa-sindical-por-la-salud-pide-la-solidaridad-de-todos\\\/\",\"url\":\"https:\\\/\\\/noticiasmercedinas.com\\\/site\\\/2021\\\/04\\\/19\\\/mesa-sindical-por-la-salud-pide-la-solidaridad-de-todos\\\/\",\"name\":\"Mesa Sindical, por la salud, pide la solidaridad de todos\",\"isPartOf\":{\"@id\":\"https:\\\/\\\/noticiasmercedinas.com\\\/site\\\/#website\"},\"primaryImageOfPage\":{\"@id\":\"https:\\\/\\\/noticiasmercedinas.com\\\/site\\\/2021\\\/04\\\/19\\\/mesa-sindical-por-la-salud-pide-la-solidaridad-de-todos\\\/#primaryimage\"},\"image\":{\"@id\":\"https:\\\/\\\/noticiasmercedinas.com\\\/site\\\/2021\\\/04\\\/19\\\/mesa-sindical-por-la-salud-pide-la-solidaridad-de-todos\\\/#primaryimage\"},\"thumbnailUrl\":\"https:\\\/\\\/noticiasmercedinas.com\\\/site\\\/wp-content\\\/uploads\\\/2021\\\/04\\\/Integrantes-de-la-MSM.jpeg\",\"datePublished\":\"2021-04-20T00:27:02+00:00\",\"breadcrumb\":{\"@id\":\"https:\\\/\\\/noticiasmercedinas.com\\\/site\\\/2021\\\/04\\\/19\\\/mesa-sindical-por-la-salud-pide-la-solidaridad-de-todos\\\/#breadcrumb\"},\"inLanguage\":\"es\",\"potentialAction\":[{\"@type\":\"ReadAction\",\"target\":[\"https:\\\/\\\/noticiasmercedinas.com\\\/site\\\/2021\\\/04\\\/19\\\/mesa-sindical-por-la-salud-pide-la-solidaridad-de-todos\\\/\"]}]},{\"@type\":\"ImageObject\",\"inLanguage\":\"es\",\"@id\":\"https:\\\/\\\/noticiasmercedinas.com\\\/site\\\/2021\\\/04\\\/19\\\/mesa-sindical-por-la-salud-pide-la-solidaridad-de-todos\\\/#primaryimage\",\"url\":\"https:\\\/\\\/noticiasmercedinas.com\\\/site\\\/wp-content\\\/uploads\\\/2021\\\/04\\\/Integrantes-de-la-MSM.jpeg\",\"contentUrl\":\"https:\\\/\\\/noticiasmercedinas.com\\\/site\\\/wp-content\\\/uploads\\\/2021\\\/04\\\/Integrantes-de-la-MSM.jpeg\",\"width\":1280,\"height\":679},{\"@type\":\"BreadcrumbList\",\"@id\":\"https:\\\/\\\/noticiasmercedinas.com\\\/site\\\/2021\\\/04\\\/19\\\/mesa-sindical-por-la-salud-pide-la-solidaridad-de-todos\\\/#breadcrumb\",\"itemListElement\":[{\"@type\":\"ListItem\",\"position\":1,\"name\":\"Portada\",\"item\":\"https:\\\/\\\/noticiasmercedinas.com\\\/site\\\/\"},{\"@type\":\"ListItem\",\"position\":2,\"name\":\"Mesa Sindical, por la salud, pide la solidaridad de todos\"}]},{\"@type\":\"WebSite\",\"@id\":\"https:\\\/\\\/noticiasmercedinas.com\\\/site\\\/#website\",\"url\":\"https:\\\/\\\/noticiasmercedinas.com\\\/site\\\/\",\"name\":\"NOTICIASMERCEDINAS.COM\",\"description\":\"Mercedes, Buenos Aires, Argentina\",\"publisher\":{\"@id\":\"https:\\\/\\\/noticiasmercedinas.com\\\/site\\\/#organization\"},\"potentialAction\":[{\"@type\":\"SearchAction\",\"target\":{\"@type\":\"EntryPoint\",\"urlTemplate\":\"https:\\\/\\\/noticiasmercedinas.com\\\/site\\\/?s={search_term_string}\"},\"query-input\":{\"@type\":\"PropertyValueSpecification\",\"valueRequired\":true,\"valueName\":\"search_term_string\"}}],\"inLanguage\":\"es\"},{\"@type\":\"Organization\",\"@id\":\"https:\\\/\\\/noticiasmercedinas.com\\\/site\\\/#organization\",\"name\":\"NOTICIASMERCEDINAS.COM\",\"url\":\"https:\\\/\\\/noticiasmercedinas.com\\\/site\\\/\",\"logo\":{\"@type\":\"ImageObject\",\"inLanguage\":\"es\",\"@id\":\"https:\\\/\\\/noticiasmercedinas.com\\\/site\\\/#\\\/schema\\\/logo\\\/image\\\/\",\"url\":\"https:\\\/\\\/noticiasmercedinas.com\\\/site\\\/wp-content\\\/uploads\\\/2020\\\/06\\\/LOGO-512.jpg\",\"contentUrl\":\"https:\\\/\\\/noticiasmercedinas.com\\\/site\\\/wp-content\\\/uploads\\\/2020\\\/06\\\/LOGO-512.jpg\",\"width\":512,\"height\":512,\"caption\":\"NOTICIASMERCEDINAS.COM\"},\"image\":{\"@id\":\"https:\\\/\\\/noticiasmercedinas.com\\\/site\\\/#\\\/schema\\\/logo\\\/image\\\/\"},\"sameAs\":[\"https:\\\/\\\/www.facebook.com\\\/noticiasmercedinas\\\/\",\"https:\\\/\\\/x.com\\\/notmercedinas\",\"https:\\\/\\\/www.instagram.com\\\/noticiasmercedinas\\\/\"]},{\"@type\":\"Person\",\"@id\":\"https:\\\/\\\/noticiasmercedinas.com\\\/site\\\/#\\\/schema\\\/person\\\/84b59c099c28ff2e8b77d4ceec5d8063\",\"name\":\"NOTICIASMERCEDINAS.COM\",\"image\":{\"@type\":\"ImageObject\",\"inLanguage\":\"es\",\"@id\":\"https:\\\/\\\/secure.gravatar.com\\\/avatar\\\/4dfbf16b4d17945bfb6341b2d19043457132fcf478a5ee04f42e959fd8f5df0a?s=96&d=mm&r=g\",\"url\":\"https:\\\/\\\/secure.gravatar.com\\\/avatar\\\/4dfbf16b4d17945bfb6341b2d19043457132fcf478a5ee04f42e959fd8f5df0a?s=96&d=mm&r=g\",\"contentUrl\":\"https:\\\/\\\/secure.gravatar.com\\\/avatar\\\/4dfbf16b4d17945bfb6341b2d19043457132fcf478a5ee04f42e959fd8f5df0a?s=96&d=mm&r=g\",\"caption\":\"NOTICIASMERCEDINAS.COM\"},\"url\":\"https:\\\/\\\/noticiasmercedinas.com\\\/site\\\/author\\\/anonimo\\\/\"}]}<\/script>\n<!-- \/ Yoast SEO plugin. -->","yoast_head_json":{"title":"Mesa Sindical, por la salud, pide la solidaridad de todos","robots":{"index":"index","follow":"follow","max-snippet":"max-snippet:-1","max-image-preview":"max-image-preview:large","max-video-preview":"max-video-preview:-1"},"canonical":"https:\/\/noticiasmercedinas.com\/site\/2021\/04\/19\/mesa-sindical-por-la-salud-pide-la-solidaridad-de-todos\/","og_locale":"es_ES","og_type":"article","og_title":"Mesa Sindical, por la salud, pide la solidaridad de todos","og_description":"\u25a0 Los gremios impulsan \"un llamamiento a la sociedad mercedina para que contin\u00faen manteniendo el cumplimiento de las normas que emite el gobierno nacional, provincial y\/o municipal\"","og_url":"https:\/\/noticiasmercedinas.com\/site\/2021\/04\/19\/mesa-sindical-por-la-salud-pide-la-solidaridad-de-todos\/","og_site_name":"NOTICIASMERCEDINAS.COM","article_publisher":"https:\/\/www.facebook.com\/noticiasmercedinas\/","article_published_time":"2021-04-20T00:27:02+00:00","og_image":[{"width":1280,"height":679,"url":"https:\/\/noticiasmercedinas.com\/site\/wp-content\/uploads\/2021\/04\/Integrantes-de-la-MSM.jpeg","type":"image\/jpeg"}],"author":"NOTICIASMERCEDINAS.COM","twitter_card":"summary_large_image","twitter_creator":"@notmercedinas","twitter_site":"@notmercedinas","twitter_misc":{"Escrito por":"NOTICIASMERCEDINAS.COM","Tiempo de lectura":"2 minutos"},"schema":{"@context":"https:\/\/schema.org","@graph":[{"@type":"Article","@id":"https:\/\/noticiasmercedinas.com\/site\/2021\/04\/19\/mesa-sindical-por-la-salud-pide-la-solidaridad-de-todos\/#article","isPartOf":{"@id":"https:\/\/noticiasmercedinas.com\/site\/2021\/04\/19\/mesa-sindical-por-la-salud-pide-la-solidaridad-de-todos\/"},"author":{"name":"NOTICIASMERCEDINAS.COM","@id":"https:\/\/noticiasmercedinas.com\/site\/#\/schema\/person\/84b59c099c28ff2e8b77d4ceec5d8063"},"headline":"Mesa Sindical, por la salud, pide la solidaridad de todos","datePublished":"2021-04-20T00:27:02+00:00","mainEntityOfPage":{"@id":"https:\/\/noticiasmercedinas.com\/site\/2021\/04\/19\/mesa-sindical-por-la-salud-pide-la-solidaridad-de-todos\/"},"wordCount":313,"commentCount":0,"publisher":{"@id":"https:\/\/noticiasmercedinas.com\/site\/#organization"},"image":{"@id":"https:\/\/noticiasmercedinas.com\/site\/2021\/04\/19\/mesa-sindical-por-la-salud-pide-la-solidaridad-de-todos\/#primaryimage"},"thumbnailUrl":"https:\/\/noticiasmercedinas.com\/site\/wp-content\/uploads\/2021\/04\/Integrantes-de-la-MSM.jpeg","keywords":["Mesa Sindical Mercedes","pandemia"],"articleSection":["Politica"],"inLanguage":"es","potentialAction":[{"@type":"CommentAction","name":"Comment","target":["https:\/\/noticiasmercedinas.com\/site\/2021\/04\/19\/mesa-sindical-por-la-salud-pide-la-solidaridad-de-todos\/#respond"]}]},{"@type":"WebPage","@id":"https:\/\/noticiasmercedinas.com\/site\/2021\/04\/19\/mesa-sindical-por-la-salud-pide-la-solidaridad-de-todos\/","url":"https:\/\/noticiasmercedinas.com\/site\/2021\/04\/19\/mesa-sindical-por-la-salud-pide-la-solidaridad-de-todos\/","name":"Mesa Sindical, por la salud, pide la solidaridad de todos","isPartOf":{"@id":"https:\/\/noticiasmercedinas.com\/site\/#website"},"primaryImageOfPage":{"@id":"https:\/\/noticiasmercedinas.com\/site\/2021\/04\/19\/mesa-sindical-por-la-salud-pide-la-solidaridad-de-todos\/#primaryimage"},"image":{"@id":"https:\/\/noticiasmercedinas.com\/site\/2021\/04\/19\/mesa-sindical-por-la-salud-pide-la-solidaridad-de-todos\/#primaryimage"},"thumbnailUrl":"https:\/\/noticiasmercedinas.com\/site\/wp-content\/uploads\/2021\/04\/Integrantes-de-la-MSM.jpeg","datePublished":"2021-04-20T00:27:02+00:00","breadcrumb":{"@id":"https:\/\/noticiasmercedinas.com\/site\/2021\/04\/19\/mesa-sindical-por-la-salud-pide-la-solidaridad-de-todos\/#breadcrumb"},"inLanguage":"es","potentialAction":[{"@type":"ReadAction","target":["https:\/\/noticiasmercedinas.com\/site\/2021\/04\/19\/mesa-sindical-por-la-salud-pide-la-solidaridad-de-todos\/"]}]},{"@type":"ImageObject","inLanguage":"es","@id":"https:\/\/noticiasmercedinas.com\/site\/2021\/04\/19\/mesa-sindical-por-la-salud-pide-la-solidaridad-de-todos\/#primaryimage","url":"https:\/\/noticiasmercedinas.com\/site\/wp-content\/uploads\/2021\/04\/Integrantes-de-la-MSM.jpeg","contentUrl":"https:\/\/noticiasmercedinas.com\/site\/wp-content\/uploads\/2021\/04\/Integrantes-de-la-MSM.jpeg","width":1280,"height":679},{"@type":"BreadcrumbList","@id":"https:\/\/noticiasmercedinas.com\/site\/2021\/04\/19\/mesa-sindical-por-la-salud-pide-la-solidaridad-de-todos\/#breadcrumb","itemListElement":[{"@type":"ListItem","position":1,"name":"Portada","item":"https:\/\/noticiasmercedinas.com\/site\/"},{"@type":"ListItem","position":2,"name":"Mesa Sindical, por la salud, pide la solidaridad de todos"}]},{"@type":"WebSite","@id":"https:\/\/noticiasmercedinas.com\/site\/#website","url":"https:\/\/noticiasmercedinas.com\/site\/","name":"NOTICIASMERCEDINAS.COM","description":"Mercedes, Buenos Aires, Argentina","publisher":{"@id":"https:\/\/noticiasmercedinas.com\/site\/#organization"},"potentialAction":[{"@type":"SearchAction","target":{"@type":"EntryPoint","urlTemplate":"https:\/\/noticiasmercedinas.com\/site\/?s={search_term_string}"},"query-input":{"@type":"PropertyValueSpecification","valueRequired":true,"valueName":"search_term_string"}}],"inLanguage":"es"},{"@type":"Organization","@id":"https:\/\/noticiasmercedinas.com\/site\/#organization","name":"NOTICIASMERCEDINAS.COM","url":"https:\/\/noticiasmercedinas.com\/site\/","logo":{"@type":"ImageObject","inLanguage":"es","@id":"https:\/\/noticiasmercedinas.com\/site\/#\/schema\/logo\/image\/","url":"https:\/\/noticiasmercedinas.com\/site\/wp-content\/uploads\/2020\/06\/LOGO-512.jpg","contentUrl":"https:\/\/noticiasmercedinas.com\/site\/wp-content\/uploads\/2020\/06\/LOGO-512.jpg","width":512,"height":512,"caption":"NOTICIASMERCEDINAS.COM"},"image":{"@id":"https:\/\/noticiasmercedinas.com\/site\/#\/schema\/logo\/image\/"},"sameAs":["https:\/\/www.facebook.com\/noticiasmercedinas\/","https:\/\/x.com\/notmercedinas","https:\/\/www.instagram.com\/noticiasmercedinas\/"]},{"@type":"Person","@id":"https:\/\/noticiasmercedinas.com\/site\/#\/schema\/person\/84b59c099c28ff2e8b77d4ceec5d8063","name":"NOTICIASMERCEDINAS.COM","image":{"@type":"ImageObject","inLanguage":"es","@id":"https:\/\/secure.gravatar.com\/avatar\/4dfbf16b4d17945bfb6341b2d19043457132fcf478a5ee04f42e959fd8f5df0a?s=96&d=mm&r=g","url":"https:\/\/secure.gravatar.com\/avatar\/4dfbf16b4d17945bfb6341b2d19043457132fcf478a5ee04f42e959fd8f5df0a?s=96&d=mm&r=g","contentUrl":"https:\/\/secure.gravatar.com\/avatar\/4dfbf16b4d17945bfb6341b2d19043457132fcf478a5ee04f42e959fd8f5df0a?s=96&d=mm&r=g","caption":"NOTICIASMERCEDINAS.COM"},"url":"https:\/\/noticiasmercedinas.com\/site\/author\/anonimo\/"}]}},"amp_enabled":true,"_links":{"self":[{"href":"https:\/\/noticiasmercedinas.com\/site\/wp-json\/wp\/v2\/posts\/65868","targetHints":{"allow":["GET"]}}],"collection":[{"href":"https:\/\/noticiasmercedinas.com\/site\/wp-json\/wp\/v2\/posts"}],"about":[{"href":"https:\/\/noticiasmercedinas.com\/site\/wp-json\/wp\/v2\/types\/post"}],"author":[{"embeddable":true,"href":"https:\/\/noticiasmercedinas.com\/site\/wp-json\/wp\/v2\/users\/16"}],"replies":[{"embeddable":true,"href":"https:\/\/noticiasmercedinas.com\/site\/wp-json\/wp\/v2\/comments?post=65868"}],"version-history":[{"count":1,"href":"https:\/\/noticiasmercedinas.com\/site\/wp-json\/wp\/v2\/posts\/65868\/revisions"}],"predecessor-version":[{"id":65871,"href":"https:\/\/noticiasmercedinas.com\/site\/wp-json\/wp\/v2\/posts\/65868\/revisions\/65871"}],"wp:featuredmedia":[{"embeddable":true,"href":"https:\/\/noticiasmercedinas.com\/site\/wp-json\/wp\/v2\/media\/65869"}],"wp:attachment":[{"href":"https:\/\/noticiasmercedinas.com\/site\/wp-json\/wp\/v2\/media?parent=65868"}],"wp:term":[{"taxonomy":"category","embeddable":true,"href":"https:\/\/noticiasmercedinas.com\/site\/wp-json\/wp\/v2\/categories?post=65868"},{"taxonomy":"post_tag","embeddable":true,"href":"https:\/\/noticiasmercedinas.com\/site\/wp-json\/wp\/v2\/tags?post=65868"}],"curies":[{"name":"wp","href":"https:\/\/api.w.org\/{rel}","templated":true}]}}